{"id":185944,"date":"2023-11-06T06:33:37","date_gmt":"2023-11-06T10:33:37","guid":{"rendered":"https:\/\/www.eldiario.net\/portal\/?p=185944"},"modified":"2023-11-06T06:33:37","modified_gmt":"2023-11-06T10:33:37","slug":"asesinan-a-presentador-de-radio-en-filipinas-mientras-transmitia","status":"publish","type":"post","link":"https:\/\/www.eldiario.net\/portal\/2023\/11\/06\/asesinan-a-presentador-de-radio-en-filipinas-mientras-transmitia\/","title":{"rendered":"Asesinan a presentador de radio  en Filipinas mientras transmit\u00eda"},"content":{"rendered":"<p>Un presentador de radio muri\u00f3 baleado ayer en su emisora del sur de Filipinas, en un llamativo ataque que fue presenciado por la gente que segu\u00eda el programa en vivo a trav\u00e9s de Facebook.<br \/>\nEl hombre armado fingi\u00f3 ser un oyente para entrar en la emisora instalada en la vivienda del reportero de noticias Juan Jumalon, en la localidad de Calamba, en la provincia de Misamis Occidental, seg\u00fan la Polic\u00eda. Entonces le dispar\u00f3 dos veces durante un programa matinal en vivo.<br \/>\nEl agresor se llev\u00f3 el collar de oro de la v\u00edctima, antes de huir con otra persona que esperaba fuera de la casa de Jumalon en una motocicleta, sostiene la polic\u00eda. Hab\u00eda una investigaci\u00f3n en marcha para identificar al agresor y establecer si el ataque estaba relacionado con el trabajo del periodista.<br \/>\nFilipinas est\u00e1 considerado desde hace mucho como uno de los lugares m\u00e1s peligrosos del mundo para los periodistas.<br \/>\nEl presidente de Filipinas, Ferdinand Marcos Jr., conden\u00f3 con firmeza el asesinato y dijo que hab\u00eda ordenado a la polic\u00eda nacional a localizar, detener y procesar a los asesinos.<br \/>\n\u201cNo se tolerar\u00e1n ataques contra los periodistas en nuestra democracia y los que amenazan la libertad de prensa enfrentar\u00e1n todas las consecuencias de sus acciones\u201d, afirm\u00f3 Marcos en un comunicado.<br \/>\nEl Sindicato Nacional de Periodistas de Filipinas, un organismo que supervisa la libertad de prensa, dijo que Jumalon era el 199 no periodista asesinado en el pa\u00eds desde 1986, cuando se reinstaur\u00f3 la democracia tras un alzamiento popular que derroc\u00f3 al dictador Ferdinand Marcos, el padre del actual presidente, y oblig\u00f3 al dictador y a su familia a exiliarse a Estados Unidos.<br \/>\n\u201cEl ataque es a\u00fan m\u00e1s condenable porque ocurri\u00f3 en la propia casa de Jumalon, que tambi\u00e9n serv\u00eda de emisora de radio\u201d, dijo el sindicato.<br \/>\nUn video del ataque mostraba a Jumalon, de 57 a\u00f1os y que llevaba gafas, se detuvo y mir\u00f3 hacia arriba a algo que no aparec\u00eda en c\u00e1mara, antes de que se oyeran dos disparos. Entonces el periodista cay\u00f3 hacia atr\u00e1s en su silla, ensangrentado, mientras sonaba m\u00fasica de fondo. Su muerte se certific\u00f3 camino al hospital.<br \/>\nEl agresor no aparec\u00eda en el video en Facebook, pero la polic\u00eda dijo que estaba comprobando si las c\u00e1maras de seguridad en la vivienda y de los vecinos hab\u00edan grabado algo.<br \/>\nEn 2009, miembros de un influyente clan pol\u00edtico y sus asociados mataron a 58 personas, incluidos 32 trabajadores de medios, en un brutal ataque de estilo de ejecuci\u00f3n en la provincia sure\u00f1a de Maguindanao. Fue el ataque m\u00e1s mortal contra periodistas en la historia reciente.<br \/>\nAunque el asesinato masivo se vincul\u00f3 despu\u00e9s con una violenta rivalidad electoral habitual en muchas zonas rurales, tambi\u00e9n reflejaba las amenazas que enfrentan los periodistas en Filipinas. La abundancia de armas sin licencia y ej\u00e9rcitos privados controlados por clanes poderosos y la debilidad de las fuerzas de seguridad en zonas rurales, son parte de los riesgos de seguridad para los reporteros en el empobrecido pa\u00eds del sureste asi\u00e1tico. (Infobae\/Ap)<\/p>\n","protected":false},"excerpt":{"rendered":"<p>Un presentador de radio muri\u00f3 baleado ayer en su emisora del sur de Filipinas, en un llamativo ataque que fue presenciado por la gente que segu\u00eda el programa en vivo a trav\u00e9s de Facebook. El hombre armado fingi\u00f3 ser un oyente para entrar en la emisora instalada en la vivienda del reportero de noticias Juan [&hellip;]<\/p>\n","protected":false},"author":1,"featured_media":0,"comment_status":"closed","ping_status":"open","sticky":false,"template":"","format":"standard","meta":{"_acf_changed":false,"footnotes":""},"categories":[3],"tags":[],"class_list":["post-185944","post","type-post","status-publish","format-standard","category-internacional"],"acf":{"antetitulo":""},"yoast_head":"<!-- This site is optimized with the Yoast SEO plugin v28.4 - https:\/\/yoast.com\/product\/yoast-seo-wordpress\/ -->\n<title>Asesinan a presentador de radio en Filipinas mientras transmit\u00eda - El Diario - Bolivia<\/title>\n<meta name=\"robots\" content=\"index, follow, max-snippet:-1, max-image-preview:large, max-video-preview:-1\" \/>\n<link rel=\"canonical\" href=\"https:\/\/www.eldiario.net\/portal\/2023\/11\/06\/asesinan-a-presentador-de-radio-en-filipinas-mientras-transmitia\/\" \/>\n<meta property=\"og:locale\" content=\"es_ES\" \/>\n<meta property=\"og:type\" content=\"article\" \/>\n<meta property=\"og:title\" content=\"Asesinan a presentador de radio en Filipinas mientras transmit\u00eda - El Diario - Bolivia\" \/>\n<meta property=\"og:description\" content=\"Un presentador de radio muri\u00f3 baleado ayer en su emisora del sur de Filipinas, en un llamativo ataque que fue presenciado por la gente que segu\u00eda el programa en vivo a trav\u00e9s de Facebook. El hombre armado fingi\u00f3 ser un oyente para entrar en la emisora instalada en la vivienda del reportero de noticias Juan [&hellip;]\" \/>\n<meta property=\"og:url\" content=\"https:\/\/www.eldiario.net\/portal\/2023\/11\/06\/asesinan-a-presentador-de-radio-en-filipinas-mientras-transmitia\/\" \/>\n<meta property=\"og:site_name\" content=\"El Diario - Bolivia\" \/>\n<meta property=\"article:publisher\" content=\"https:\/\/www.facebook.com\/eldiario.bolivia\/\" \/>\n<meta property=\"article:published_time\" content=\"2023-11-06T10:33:37+00:00\" \/>\n<meta name=\"author\" content=\"Jeanette\" \/>\n<meta name=\"twitter:card\" content=\"summary_large_image\" \/>\n<meta name=\"twitter:creator\" content=\"@eldiario_net\" \/>\n<meta name=\"twitter:site\" content=\"@eldiario_net\" \/>\n<meta name=\"twitter:label1\" content=\"Escrito por\" \/>\n\t<meta name=\"twitter:data1\" content=\"Jeanette\" \/>\n\t<meta name=\"twitter:label2\" content=\"Tiempo de lectura\" \/>\n\t<meta name=\"twitter:data2\" content=\"3 minutos\" \/>\n<script type=\"application\/ld+json\" class=\"yoast-schema-graph\">{\"@context\":\"https:\\\/\\\/schema.org\",\"@graph\":[{\"@type\":\"Article\",\"@id\":\"https:\\\/\\\/www.eldiario.net\\\/portal\\\/2023\\\/11\\\/06\\\/asesinan-a-presentador-de-radio-en-filipinas-mientras-transmitia\\\/#article\",\"isPartOf\":{\"@id\":\"https:\\\/\\\/www.eldiario.net\\\/portal\\\/2023\\\/11\\\/06\\\/asesinan-a-presentador-de-radio-en-filipinas-mientras-transmitia\\\/\"},\"author\":{\"name\":\"Jeanette\",\"@id\":\"https:\\\/\\\/www.eldiario.net\\\/portal\\\/#\\\/schema\\\/person\\\/f46445640444750d7d753ccd04ae01b7\"},\"headline\":\"Asesinan a presentador de radio en Filipinas mientras transmit\u00eda\",\"datePublished\":\"2023-11-06T10:33:37+00:00\",\"mainEntityOfPage\":{\"@id\":\"https:\\\/\\\/www.eldiario.net\\\/portal\\\/2023\\\/11\\\/06\\\/asesinan-a-presentador-de-radio-en-filipinas-mientras-transmitia\\\/\"},\"wordCount\":538,\"publisher\":{\"@id\":\"https:\\\/\\\/www.eldiario.net\\\/portal\\\/#organization\"},\"articleSection\":[\"Internacional\"],\"inLanguage\":\"es\"},{\"@type\":\"WebPage\",\"@id\":\"https:\\\/\\\/www.eldiario.net\\\/portal\\\/2023\\\/11\\\/06\\\/asesinan-a-presentador-de-radio-en-filipinas-mientras-transmitia\\\/\",\"url\":\"https:\\\/\\\/www.eldiario.net\\\/portal\\\/2023\\\/11\\\/06\\\/asesinan-a-presentador-de-radio-en-filipinas-mientras-transmitia\\\/\",\"name\":\"Asesinan a presentador de radio en Filipinas mientras transmit\u00eda - El Diario - Bolivia\",\"isPartOf\":{\"@id\":\"https:\\\/\\\/www.eldiario.net\\\/portal\\\/#website\"},\"datePublished\":\"2023-11-06T10:33:37+00:00\",\"breadcrumb\":{\"@id\":\"https:\\\/\\\/www.eldiario.net\\\/portal\\\/2023\\\/11\\\/06\\\/asesinan-a-presentador-de-radio-en-filipinas-mientras-transmitia\\\/#breadcrumb\"},\"inLanguage\":\"es\",\"potentialAction\":[{\"@type\":\"ReadAction\",\"target\":[\"https:\\\/\\\/www.eldiario.net\\\/portal\\\/2023\\\/11\\\/06\\\/asesinan-a-presentador-de-radio-en-filipinas-mientras-transmitia\\\/\"]}]},{\"@type\":\"BreadcrumbList\",\"@id\":\"https:\\\/\\\/www.eldiario.net\\\/portal\\\/2023\\\/11\\\/06\\\/asesinan-a-presentador-de-radio-en-filipinas-mientras-transmitia\\\/#breadcrumb\",\"itemListElement\":[{\"@type\":\"ListItem\",\"position\":1,\"name\":\"Portada\",\"item\":\"https:\\\/\\\/www.eldiario.net\\\/portal\\\/\"},{\"@type\":\"ListItem\",\"position\":2,\"name\":\"Asesinan a presentador de radio en Filipinas mientras transmit\u00eda\"}]},{\"@type\":\"WebSite\",\"@id\":\"https:\\\/\\\/www.eldiario.net\\\/portal\\\/#website\",\"url\":\"https:\\\/\\\/www.eldiario.net\\\/portal\\\/\",\"name\":\"El Diario - Decano de la prensa nacional\",\"description\":\"El Diario - Decano de la prensa nacional\",\"publisher\":{\"@id\":\"https:\\\/\\\/www.eldiario.net\\\/portal\\\/#organization\"},\"potentialAction\":[{\"@type\":\"SearchAction\",\"target\":{\"@type\":\"EntryPoint\",\"urlTemplate\":\"https:\\\/\\\/www.eldiario.net\\\/portal\\\/?s={search_term_string}\"},\"query-input\":{\"@type\":\"PropertyValueSpecification\",\"valueRequired\":true,\"valueName\":\"search_term_string\"}}],\"inLanguage\":\"es\"},{\"@type\":\"Organization\",\"@id\":\"https:\\\/\\\/www.eldiario.net\\\/portal\\\/#organization\",\"name\":\"El Diario - Decano de la prensa nacional\",\"url\":\"https:\\\/\\\/www.eldiario.net\\\/portal\\\/\",\"logo\":{\"@type\":\"ImageObject\",\"inLanguage\":\"es\",\"@id\":\"https:\\\/\\\/www.eldiario.net\\\/portal\\\/#\\\/schema\\\/logo\\\/image\\\/\",\"url\":\"https:\\\/\\\/www.eldiario.net\\\/portal\\\/wp-content\\\/uploads\\\/2023\\\/07\\\/logo_ED.jpg\",\"contentUrl\":\"https:\\\/\\\/www.eldiario.net\\\/portal\\\/wp-content\\\/uploads\\\/2023\\\/07\\\/logo_ED.jpg\",\"width\":272,\"height\":52,\"caption\":\"El Diario - Decano de la prensa nacional\"},\"image\":{\"@id\":\"https:\\\/\\\/www.eldiario.net\\\/portal\\\/#\\\/schema\\\/logo\\\/image\\\/\"},\"sameAs\":[\"https:\\\/\\\/www.facebook.com\\\/eldiario.bolivia\\\/\",\"https:\\\/\\\/x.com\\\/eldiario_net\"]},{\"@type\":\"Person\",\"@id\":\"https:\\\/\\\/www.eldiario.net\\\/portal\\\/#\\\/schema\\\/person\\\/f46445640444750d7d753ccd04ae01b7\",\"name\":\"Jeanette\",\"image\":{\"@type\":\"ImageObject\",\"inLanguage\":\"es\",\"@id\":\"https:\\\/\\\/secure.gravatar.com\\\/avatar\\\/3ea2118a5f7dad2b7138b1187a6b7ee55f160b9968b66013c3a3ef39dd7e5798?s=96&d=mm&r=g\",\"url\":\"https:\\\/\\\/secure.gravatar.com\\\/avatar\\\/3ea2118a5f7dad2b7138b1187a6b7ee55f160b9968b66013c3a3ef39dd7e5798?s=96&d=mm&r=g\",\"contentUrl\":\"https:\\\/\\\/secure.gravatar.com\\\/avatar\\\/3ea2118a5f7dad2b7138b1187a6b7ee55f160b9968b66013c3a3ef39dd7e5798?s=96&d=mm&r=g\",\"caption\":\"Jeanette\"},\"sameAs\":[\"https:\\\/\\\/www.eldiario.net\\\/portal\"],\"url\":\"https:\\\/\\\/www.eldiario.net\\\/portal\\\/author\\\/jeanette\\\/\"}]}<\/script>\n<!-- \/ Yoast SEO plugin. -->","yoast_head_json":{"title":"Asesinan a presentador de radio en Filipinas mientras transmit\u00eda - El Diario - Bolivia","robots":{"index":"index","follow":"follow","max-snippet":"max-snippet:-1","max-image-preview":"max-image-preview:large","max-video-preview":"max-video-preview:-1"},"canonical":"https:\/\/www.eldiario.net\/portal\/2023\/11\/06\/asesinan-a-presentador-de-radio-en-filipinas-mientras-transmitia\/","og_locale":"es_ES","og_type":"article","og_title":"Asesinan a presentador de radio en Filipinas mientras transmit\u00eda - El Diario - Bolivia","og_description":"Un presentador de radio muri\u00f3 baleado ayer en su emisora del sur de Filipinas, en un llamativo ataque que fue presenciado por la gente que segu\u00eda el programa en vivo a trav\u00e9s de Facebook. El hombre armado fingi\u00f3 ser un oyente para entrar en la emisora instalada en la vivienda del reportero de noticias Juan [&hellip;]","og_url":"https:\/\/www.eldiario.net\/portal\/2023\/11\/06\/asesinan-a-presentador-de-radio-en-filipinas-mientras-transmitia\/","og_site_name":"El Diario - Bolivia","article_publisher":"https:\/\/www.facebook.com\/eldiario.bolivia\/","article_published_time":"2023-11-06T10:33:37+00:00","author":"Jeanette","twitter_card":"summary_large_image","twitter_creator":"@eldiario_net","twitter_site":"@eldiario_net","twitter_misc":{"Escrito por":"Jeanette","Tiempo de lectura":"3 minutos"},"schema":{"@context":"https:\/\/schema.org","@graph":[{"@type":"Article","@id":"https:\/\/www.eldiario.net\/portal\/2023\/11\/06\/asesinan-a-presentador-de-radio-en-filipinas-mientras-transmitia\/#article","isPartOf":{"@id":"https:\/\/www.eldiario.net\/portal\/2023\/11\/06\/asesinan-a-presentador-de-radio-en-filipinas-mientras-transmitia\/"},"author":{"name":"Jeanette","@id":"https:\/\/www.eldiario.net\/portal\/#\/schema\/person\/f46445640444750d7d753ccd04ae01b7"},"headline":"Asesinan a presentador de radio en Filipinas mientras transmit\u00eda","datePublished":"2023-11-06T10:33:37+00:00","mainEntityOfPage":{"@id":"https:\/\/www.eldiario.net\/portal\/2023\/11\/06\/asesinan-a-presentador-de-radio-en-filipinas-mientras-transmitia\/"},"wordCount":538,"publisher":{"@id":"https:\/\/www.eldiario.net\/portal\/#organization"},"articleSection":["Internacional"],"inLanguage":"es"},{"@type":"WebPage","@id":"https:\/\/www.eldiario.net\/portal\/2023\/11\/06\/asesinan-a-presentador-de-radio-en-filipinas-mientras-transmitia\/","url":"https:\/\/www.eldiario.net\/portal\/2023\/11\/06\/asesinan-a-presentador-de-radio-en-filipinas-mientras-transmitia\/","name":"Asesinan a presentador de radio en Filipinas mientras transmit\u00eda - El Diario - Bolivia","isPartOf":{"@id":"https:\/\/www.eldiario.net\/portal\/#website"},"datePublished":"2023-11-06T10:33:37+00:00","breadcrumb":{"@id":"https:\/\/www.eldiario.net\/portal\/2023\/11\/06\/asesinan-a-presentador-de-radio-en-filipinas-mientras-transmitia\/#breadcrumb"},"inLanguage":"es","potentialAction":[{"@type":"ReadAction","target":["https:\/\/www.eldiario.net\/portal\/2023\/11\/06\/asesinan-a-presentador-de-radio-en-filipinas-mientras-transmitia\/"]}]},{"@type":"BreadcrumbList","@id":"https:\/\/www.eldiario.net\/portal\/2023\/11\/06\/asesinan-a-presentador-de-radio-en-filipinas-mientras-transmitia\/#breadcrumb","itemListElement":[{"@type":"ListItem","position":1,"name":"Portada","item":"https:\/\/www.eldiario.net\/portal\/"},{"@type":"ListItem","position":2,"name":"Asesinan a presentador de radio en Filipinas mientras transmit\u00eda"}]},{"@type":"WebSite","@id":"https:\/\/www.eldiario.net\/portal\/#website","url":"https:\/\/www.eldiario.net\/portal\/","name":"El Diario - Decano de la prensa nacional","description":"El Diario - Decano de la prensa nacional","publisher":{"@id":"https:\/\/www.eldiario.net\/portal\/#organization"},"potentialAction":[{"@type":"SearchAction","target":{"@type":"EntryPoint","urlTemplate":"https:\/\/www.eldiario.net\/portal\/?s={search_term_string}"},"query-input":{"@type":"PropertyValueSpecification","valueRequired":true,"valueName":"search_term_string"}}],"inLanguage":"es"},{"@type":"Organization","@id":"https:\/\/www.eldiario.net\/portal\/#organization","name":"El Diario - Decano de la prensa nacional","url":"https:\/\/www.eldiario.net\/portal\/","logo":{"@type":"ImageObject","inLanguage":"es","@id":"https:\/\/www.eldiario.net\/portal\/#\/schema\/logo\/image\/","url":"https:\/\/www.eldiario.net\/portal\/wp-content\/uploads\/2023\/07\/logo_ED.jpg","contentUrl":"https:\/\/www.eldiario.net\/portal\/wp-content\/uploads\/2023\/07\/logo_ED.jpg","width":272,"height":52,"caption":"El Diario - Decano de la prensa nacional"},"image":{"@id":"https:\/\/www.eldiario.net\/portal\/#\/schema\/logo\/image\/"},"sameAs":["https:\/\/www.facebook.com\/eldiario.bolivia\/","https:\/\/x.com\/eldiario_net"]},{"@type":"Person","@id":"https:\/\/www.eldiario.net\/portal\/#\/schema\/person\/f46445640444750d7d753ccd04ae01b7","name":"Jeanette","image":{"@type":"ImageObject","inLanguage":"es","@id":"https:\/\/secure.gravatar.com\/avatar\/3ea2118a5f7dad2b7138b1187a6b7ee55f160b9968b66013c3a3ef39dd7e5798?s=96&d=mm&r=g","url":"https:\/\/secure.gravatar.com\/avatar\/3ea2118a5f7dad2b7138b1187a6b7ee55f160b9968b66013c3a3ef39dd7e5798?s=96&d=mm&r=g","contentUrl":"https:\/\/secure.gravatar.com\/avatar\/3ea2118a5f7dad2b7138b1187a6b7ee55f160b9968b66013c3a3ef39dd7e5798?s=96&d=mm&r=g","caption":"Jeanette"},"sameAs":["https:\/\/www.eldiario.net\/portal"],"url":"https:\/\/www.eldiario.net\/portal\/author\/jeanette\/"}]}},"_links":{"self":[{"href":"https:\/\/www.eldiario.net\/portal\/wp-json\/wp\/v2\/posts\/185944","targetHints":{"allow":["GET"]}}],"collection":[{"href":"https:\/\/www.eldiario.net\/portal\/wp-json\/wp\/v2\/posts"}],"about":[{"href":"https:\/\/www.eldiario.net\/portal\/wp-json\/wp\/v2\/types\/post"}],"author":[{"embeddable":true,"href":"https:\/\/www.eldiario.net\/portal\/wp-json\/wp\/v2\/users\/1"}],"replies":[{"embeddable":true,"href":"https:\/\/www.eldiario.net\/portal\/wp-json\/wp\/v2\/comments?post=185944"}],"version-history":[{"count":0,"href":"https:\/\/www.eldiario.net\/portal\/wp-json\/wp\/v2\/posts\/185944\/revisions"}],"wp:attachment":[{"href":"https:\/\/www.eldiario.net\/portal\/wp-json\/wp\/v2\/media?parent=185944"}],"wp:term":[{"taxonomy":"category","embeddable":true,"href":"https:\/\/www.eldiario.net\/portal\/wp-json\/wp\/v2\/categories?post=185944"},{"taxonomy":"post_tag","embeddable":true,"href":"https:\/\/www.eldiario.net\/portal\/wp-json\/wp\/v2\/tags?post=185944"}],"curies":[{"name":"wp","href":"https:\/\/api.w.org\/{rel}","templated":true}]}}