{"id":185941,"date":"2023-11-06T06:32:58","date_gmt":"2023-11-06T10:32:58","guid":{"rendered":"https:\/\/www.eldiario.net\/portal\/?p=185941"},"modified":"2023-11-06T06:32:58","modified_gmt":"2023-11-06T10:32:58","slug":"musef-portatil-llega-a-cobija-y-el-porvenir","status":"publish","type":"post","link":"https:\/\/www.eldiario.net\/portal\/2023\/11\/06\/musef-portatil-llega-a-cobija-y-el-porvenir\/","title":{"rendered":"Musef port\u00e1til llega a Cobija y El Porvenir"},"content":{"rendered":"<p>Muestras de diversas colecciones del Museo Nacional de Etnograf\u00eda y Folklore (Musef) llegan por primera vez a los municipios de Cobija y El Porvenir, a partir de hoy 6 hasta el 10 de noviembre en su versi\u00f3n port\u00e1til, denominada \u201cMusef m\u00e1s cerca de ti\u201d gracias al apoyo del Banco Interamericano de Desarrollo (BID).<br \/>\nSon ya nueve a\u00f1os en los que la versi\u00f3n port\u00e1til del Musef, recorre por distintos municipios y escuelas del pa\u00eds. Hasta la fecha se han visitado 81 locaciones, llegando a casi 63.000 personas que disfrutaron de las 5 colecciones de bienes culturales que se exponen en 10 carpas.<br \/>\nSeg\u00fan el comunicado del Museo, el objetivo de estas visitas itinerantes es promover un di\u00e1logo intercultural e intracultural, apoyando as\u00ed, a la revitalizaci\u00f3n de las culturas de las diversas naciones y pueblos originarios de Bolivia. Como parte de su compromiso con la cultura, como catalizador y elemento importante del desarrollo, el BID se suma a este primer viaje del museo port\u00e1til al departamento de Pando.<br \/>\nDesde este lunes, 6 de noviembre, \u201cMusef m\u00e1s cerca de ti\u201d estar\u00e1 en Cobija, instalado en el Parque Pi\u00f1ata. La inauguraci\u00f3n se realizar\u00e1 a horas 17:30 y el museo permanecer\u00e1 instalado hasta el mi\u00e9rcoles 8. El jueves 9 se trasladar\u00e1 a la plaza central del municipio de El Porvenir, donde permanecer\u00e1 hasta el viernes 10. Los horarios de atenci\u00f3n, agrupados en tres segmentos, est\u00e1n dispuestos de la siguiente manera: De 08:00 a 12:00, de 14:00 a 18:00 y de 19:00 a 21:00.<br \/>\nMUESTRA<br \/>\n\u201cMusef m\u00e1s cerca de ti\u201d expone bienes culturales en dos formatos: fotograf\u00edas en grandes dimensiones y reproducciones de bienes en 3D. En las carpas desplegadas en cada ocasi\u00f3n se llevan las muestras de las colecciones \u201cTejiendo la vida\u201d de textiles, \u201cMoldeando la vida\u201d de cer\u00e1micas, \u201cEl Poder de las plumas\u201d de la colecci\u00f3n de arte plumario y la colecci\u00f3n \u201cM\u00e1scaras\u201d. Asimismo, se ha logrado innovar en la impresi\u00f3n en 3D de vasijas ceremoniales, art\u00edculos l\u00edticos y otros con los que estudiantes y visitantes de todas las edades pueden interactuar de manera activa.<br \/>\nTambi\u00e9n se contar\u00e1 con la presentaci\u00f3n de diferentes piezas audiovisuales sobre cadenas operatorias de los bienes culturales, una muestra de las Memorias Animadas Musef, piezas animadas enfocadas al rescate de leyendas de origen de la tradici\u00f3n oral de diferentes naciones originarias de Bolivia y adicionalmente, una colecci\u00f3n fotogr\u00e1fica cuyo montaje ha sido posible gracias al apoyo del BID, dedicado al Patrimonio Natural Amaz\u00f3nico del pa\u00eds.<\/p>\n","protected":false},"excerpt":{"rendered":"<p>Muestras de diversas colecciones del Museo Nacional de Etnograf\u00eda y Folklore (Musef) llegan por primera vez a los municipios de Cobija y El Porvenir, a partir de hoy 6 hasta el 10 de noviembre en su versi\u00f3n port\u00e1til, denominada \u201cMusef m\u00e1s cerca de ti\u201d gracias al apoyo del Banco Interamericano de Desarrollo (BID). Son ya [&hellip;]<\/p>\n","protected":false},"author":1,"featured_media":185942,"comment_status":"closed","ping_status":"open","sticky":false,"template":"","format":"standard","meta":{"_acf_changed":false,"footnotes":""},"categories":[8],"tags":[],"class_list":["post-185941","post","type-post","status-publish","format-standard","has-post-thumbnail","category-cultural"],"acf":{"antetitulo":""},"yoast_head":"<!-- This site is optimized with the Yoast SEO plugin v28.3 - https:\/\/yoast.com\/product\/yoast-seo-wordpress\/ -->\n<title>Musef port\u00e1til llega a Cobija y El Porvenir - El Diario - Bolivia<\/title>\n<meta name=\"robots\" content=\"index, follow, max-snippet:-1, max-image-preview:large, max-video-preview:-1\" \/>\n<link rel=\"canonical\" href=\"https:\/\/www.eldiario.net\/portal\/2023\/11\/06\/musef-portatil-llega-a-cobija-y-el-porvenir\/\" \/>\n<meta property=\"og:locale\" content=\"es_ES\" \/>\n<meta property=\"og:type\" content=\"article\" \/>\n<meta property=\"og:title\" content=\"Musef port\u00e1til llega a Cobija y El Porvenir - El Diario - Bolivia\" \/>\n<meta property=\"og:description\" content=\"Muestras de diversas colecciones del Museo Nacional de Etnograf\u00eda y Folklore (Musef) llegan por primera vez a los municipios de Cobija y El Porvenir, a partir de hoy 6 hasta el 10 de noviembre en su versi\u00f3n port\u00e1til, denominada \u201cMusef m\u00e1s cerca de ti\u201d gracias al apoyo del Banco Interamericano de Desarrollo (BID). Son ya [&hellip;]\" \/>\n<meta property=\"og:url\" content=\"https:\/\/www.eldiario.net\/portal\/2023\/11\/06\/musef-portatil-llega-a-cobija-y-el-porvenir\/\" \/>\n<meta property=\"og:site_name\" content=\"El Diario - Bolivia\" \/>\n<meta property=\"article:publisher\" content=\"https:\/\/www.facebook.com\/eldiario.bolivia\/\" \/>\n<meta property=\"article:published_time\" content=\"2023-11-06T10:32:58+00:00\" \/>\n<meta property=\"og:image\" content=\"https:\/\/www.eldiario.net\/portal\/wp-content\/uploads\/2023\/11\/PORTATIL.jpeg\" \/>\n\t<meta property=\"og:image:width\" content=\"1600\" \/>\n\t<meta property=\"og:image:height\" content=\"1200\" \/>\n\t<meta property=\"og:image:type\" content=\"image\/jpeg\" \/>\n<meta name=\"author\" content=\"Jeanette\" \/>\n<meta name=\"twitter:card\" content=\"summary_large_image\" \/>\n<meta name=\"twitter:creator\" content=\"@eldiario_net\" \/>\n<meta name=\"twitter:site\" content=\"@eldiario_net\" \/>\n<meta name=\"twitter:label1\" content=\"Escrito por\" \/>\n\t<meta name=\"twitter:data1\" content=\"Jeanette\" \/>\n\t<meta name=\"twitter:label2\" content=\"Tiempo de lectura\" \/>\n\t<meta name=\"twitter:data2\" content=\"2 minutos\" \/>\n<script type=\"application\/ld+json\" class=\"yoast-schema-graph\">{\"@context\":\"https:\\\/\\\/schema.org\",\"@graph\":[{\"@type\":\"Article\",\"@id\":\"https:\\\/\\\/www.eldiario.net\\\/portal\\\/2023\\\/11\\\/06\\\/musef-portatil-llega-a-cobija-y-el-porvenir\\\/#article\",\"isPartOf\":{\"@id\":\"https:\\\/\\\/www.eldiario.net\\\/portal\\\/2023\\\/11\\\/06\\\/musef-portatil-llega-a-cobija-y-el-porvenir\\\/\"},\"author\":{\"name\":\"Jeanette\",\"@id\":\"https:\\\/\\\/www.eldiario.net\\\/portal\\\/#\\\/schema\\\/person\\\/f46445640444750d7d753ccd04ae01b7\"},\"headline\":\"Musef port\u00e1til llega a Cobija y El Porvenir\",\"datePublished\":\"2023-11-06T10:32:58+00:00\",\"mainEntityOfPage\":{\"@id\":\"https:\\\/\\\/www.eldiario.net\\\/portal\\\/2023\\\/11\\\/06\\\/musef-portatil-llega-a-cobija-y-el-porvenir\\\/\"},\"wordCount\":433,\"publisher\":{\"@id\":\"https:\\\/\\\/www.eldiario.net\\\/portal\\\/#organization\"},\"image\":{\"@id\":\"https:\\\/\\\/www.eldiario.net\\\/portal\\\/2023\\\/11\\\/06\\\/musef-portatil-llega-a-cobija-y-el-porvenir\\\/#primaryimage\"},\"thumbnailUrl\":\"https:\\\/\\\/www.eldiario.net\\\/portal\\\/wp-content\\\/uploads\\\/2023\\\/11\\\/PORTATIL.jpeg\",\"articleSection\":[\"Cultural\"],\"inLanguage\":\"es\"},{\"@type\":\"WebPage\",\"@id\":\"https:\\\/\\\/www.eldiario.net\\\/portal\\\/2023\\\/11\\\/06\\\/musef-portatil-llega-a-cobija-y-el-porvenir\\\/\",\"url\":\"https:\\\/\\\/www.eldiario.net\\\/portal\\\/2023\\\/11\\\/06\\\/musef-portatil-llega-a-cobija-y-el-porvenir\\\/\",\"name\":\"Musef port\u00e1til llega a Cobija y El Porvenir - El Diario - Bolivia\",\"isPartOf\":{\"@id\":\"https:\\\/\\\/www.eldiario.net\\\/portal\\\/#website\"},\"primaryImageOfPage\":{\"@id\":\"https:\\\/\\\/www.eldiario.net\\\/portal\\\/2023\\\/11\\\/06\\\/musef-portatil-llega-a-cobija-y-el-porvenir\\\/#primaryimage\"},\"image\":{\"@id\":\"https:\\\/\\\/www.eldiario.net\\\/portal\\\/2023\\\/11\\\/06\\\/musef-portatil-llega-a-cobija-y-el-porvenir\\\/#primaryimage\"},\"thumbnailUrl\":\"https:\\\/\\\/www.eldiario.net\\\/portal\\\/wp-content\\\/uploads\\\/2023\\\/11\\\/PORTATIL.jpeg\",\"datePublished\":\"2023-11-06T10:32:58+00:00\",\"breadcrumb\":{\"@id\":\"https:\\\/\\\/www.eldiario.net\\\/portal\\\/2023\\\/11\\\/06\\\/musef-portatil-llega-a-cobija-y-el-porvenir\\\/#breadcrumb\"},\"inLanguage\":\"es\",\"potentialAction\":[{\"@type\":\"ReadAction\",\"target\":[\"https:\\\/\\\/www.eldiario.net\\\/portal\\\/2023\\\/11\\\/06\\\/musef-portatil-llega-a-cobija-y-el-porvenir\\\/\"]}]},{\"@type\":\"ImageObject\",\"inLanguage\":\"es\",\"@id\":\"https:\\\/\\\/www.eldiario.net\\\/portal\\\/2023\\\/11\\\/06\\\/musef-portatil-llega-a-cobija-y-el-porvenir\\\/#primaryimage\",\"url\":\"https:\\\/\\\/www.eldiario.net\\\/portal\\\/wp-content\\\/uploads\\\/2023\\\/11\\\/PORTATIL.jpeg\",\"contentUrl\":\"https:\\\/\\\/www.eldiario.net\\\/portal\\\/wp-content\\\/uploads\\\/2023\\\/11\\\/PORTATIL.jpeg\",\"width\":1600,\"height\":1200,\"caption\":\"ESTUDIANTES APRECIANDO LA MUESTRA DEL MUSEF PORT\u00c1TIL, EN UNA ANTERIOR VERSI\u00d3N.\"},{\"@type\":\"BreadcrumbList\",\"@id\":\"https:\\\/\\\/www.eldiario.net\\\/portal\\\/2023\\\/11\\\/06\\\/musef-portatil-llega-a-cobija-y-el-porvenir\\\/#breadcrumb\",\"itemListElement\":[{\"@type\":\"ListItem\",\"position\":1,\"name\":\"Portada\",\"item\":\"https:\\\/\\\/www.eldiario.net\\\/portal\\\/\"},{\"@type\":\"ListItem\",\"position\":2,\"name\":\"Musef port\u00e1til llega a Cobija y El Porvenir\"}]},{\"@type\":\"WebSite\",\"@id\":\"https:\\\/\\\/www.eldiario.net\\\/portal\\\/#website\",\"url\":\"https:\\\/\\\/www.eldiario.net\\\/portal\\\/\",\"name\":\"El Diario - Decano de la prensa nacional\",\"description\":\"El Diario - Decano de la prensa nacional\",\"publisher\":{\"@id\":\"https:\\\/\\\/www.eldiario.net\\\/portal\\\/#organization\"},\"potentialAction\":[{\"@type\":\"SearchAction\",\"target\":{\"@type\":\"EntryPoint\",\"urlTemplate\":\"https:\\\/\\\/www.eldiario.net\\\/portal\\\/?s={search_term_string}\"},\"query-input\":{\"@type\":\"PropertyValueSpecification\",\"valueRequired\":true,\"valueName\":\"search_term_string\"}}],\"inLanguage\":\"es\"},{\"@type\":\"Organization\",\"@id\":\"https:\\\/\\\/www.eldiario.net\\\/portal\\\/#organization\",\"name\":\"El Diario - Decano de la prensa nacional\",\"url\":\"https:\\\/\\\/www.eldiario.net\\\/portal\\\/\",\"logo\":{\"@type\":\"ImageObject\",\"inLanguage\":\"es\",\"@id\":\"https:\\\/\\\/www.eldiario.net\\\/portal\\\/#\\\/schema\\\/logo\\\/image\\\/\",\"url\":\"https:\\\/\\\/www.eldiario.net\\\/portal\\\/wp-content\\\/uploads\\\/2023\\\/07\\\/logo_ED.jpg\",\"contentUrl\":\"https:\\\/\\\/www.eldiario.net\\\/portal\\\/wp-content\\\/uploads\\\/2023\\\/07\\\/logo_ED.jpg\",\"width\":272,\"height\":52,\"caption\":\"El Diario - Decano de la prensa nacional\"},\"image\":{\"@id\":\"https:\\\/\\\/www.eldiario.net\\\/portal\\\/#\\\/schema\\\/logo\\\/image\\\/\"},\"sameAs\":[\"https:\\\/\\\/www.facebook.com\\\/eldiario.bolivia\\\/\",\"https:\\\/\\\/x.com\\\/eldiario_net\"]},{\"@type\":\"Person\",\"@id\":\"https:\\\/\\\/www.eldiario.net\\\/portal\\\/#\\\/schema\\\/person\\\/f46445640444750d7d753ccd04ae01b7\",\"name\":\"Jeanette\",\"image\":{\"@type\":\"ImageObject\",\"inLanguage\":\"es\",\"@id\":\"https:\\\/\\\/secure.gravatar.com\\\/avatar\\\/3ea2118a5f7dad2b7138b1187a6b7ee55f160b9968b66013c3a3ef39dd7e5798?s=96&d=mm&r=g\",\"url\":\"https:\\\/\\\/secure.gravatar.com\\\/avatar\\\/3ea2118a5f7dad2b7138b1187a6b7ee55f160b9968b66013c3a3ef39dd7e5798?s=96&d=mm&r=g\",\"contentUrl\":\"https:\\\/\\\/secure.gravatar.com\\\/avatar\\\/3ea2118a5f7dad2b7138b1187a6b7ee55f160b9968b66013c3a3ef39dd7e5798?s=96&d=mm&r=g\",\"caption\":\"Jeanette\"},\"sameAs\":[\"https:\\\/\\\/www.eldiario.net\\\/portal\"],\"url\":\"https:\\\/\\\/www.eldiario.net\\\/portal\\\/author\\\/jeanette\\\/\"}]}<\/script>\n<!-- \/ Yoast SEO plugin. -->","yoast_head_json":{"title":"Musef port\u00e1til llega a Cobija y El Porvenir - El Diario - Bolivia","robots":{"index":"index","follow":"follow","max-snippet":"max-snippet:-1","max-image-preview":"max-image-preview:large","max-video-preview":"max-video-preview:-1"},"canonical":"https:\/\/www.eldiario.net\/portal\/2023\/11\/06\/musef-portatil-llega-a-cobija-y-el-porvenir\/","og_locale":"es_ES","og_type":"article","og_title":"Musef port\u00e1til llega a Cobija y El Porvenir - El Diario - Bolivia","og_description":"Muestras de diversas colecciones del Museo Nacional de Etnograf\u00eda y Folklore (Musef) llegan por primera vez a los municipios de Cobija y El Porvenir, a partir de hoy 6 hasta el 10 de noviembre en su versi\u00f3n port\u00e1til, denominada \u201cMusef m\u00e1s cerca de ti\u201d gracias al apoyo del Banco Interamericano de Desarrollo (BID). Son ya [&hellip;]","og_url":"https:\/\/www.eldiario.net\/portal\/2023\/11\/06\/musef-portatil-llega-a-cobija-y-el-porvenir\/","og_site_name":"El Diario - Bolivia","article_publisher":"https:\/\/www.facebook.com\/eldiario.bolivia\/","article_published_time":"2023-11-06T10:32:58+00:00","og_image":[{"width":1600,"height":1200,"url":"https:\/\/www.eldiario.net\/portal\/wp-content\/uploads\/2023\/11\/PORTATIL.jpeg","type":"image\/jpeg"}],"author":"Jeanette","twitter_card":"summary_large_image","twitter_creator":"@eldiario_net","twitter_site":"@eldiario_net","twitter_misc":{"Escrito por":"Jeanette","Tiempo de lectura":"2 minutos"},"schema":{"@context":"https:\/\/schema.org","@graph":[{"@type":"Article","@id":"https:\/\/www.eldiario.net\/portal\/2023\/11\/06\/musef-portatil-llega-a-cobija-y-el-porvenir\/#article","isPartOf":{"@id":"https:\/\/www.eldiario.net\/portal\/2023\/11\/06\/musef-portatil-llega-a-cobija-y-el-porvenir\/"},"author":{"name":"Jeanette","@id":"https:\/\/www.eldiario.net\/portal\/#\/schema\/person\/f46445640444750d7d753ccd04ae01b7"},"headline":"Musef port\u00e1til llega a Cobija y El Porvenir","datePublished":"2023-11-06T10:32:58+00:00","mainEntityOfPage":{"@id":"https:\/\/www.eldiario.net\/portal\/2023\/11\/06\/musef-portatil-llega-a-cobija-y-el-porvenir\/"},"wordCount":433,"publisher":{"@id":"https:\/\/www.eldiario.net\/portal\/#organization"},"image":{"@id":"https:\/\/www.eldiario.net\/portal\/2023\/11\/06\/musef-portatil-llega-a-cobija-y-el-porvenir\/#primaryimage"},"thumbnailUrl":"https:\/\/www.eldiario.net\/portal\/wp-content\/uploads\/2023\/11\/PORTATIL.jpeg","articleSection":["Cultural"],"inLanguage":"es"},{"@type":"WebPage","@id":"https:\/\/www.eldiario.net\/portal\/2023\/11\/06\/musef-portatil-llega-a-cobija-y-el-porvenir\/","url":"https:\/\/www.eldiario.net\/portal\/2023\/11\/06\/musef-portatil-llega-a-cobija-y-el-porvenir\/","name":"Musef port\u00e1til llega a Cobija y El Porvenir - El Diario - Bolivia","isPartOf":{"@id":"https:\/\/www.eldiario.net\/portal\/#website"},"primaryImageOfPage":{"@id":"https:\/\/www.eldiario.net\/portal\/2023\/11\/06\/musef-portatil-llega-a-cobija-y-el-porvenir\/#primaryimage"},"image":{"@id":"https:\/\/www.eldiario.net\/portal\/2023\/11\/06\/musef-portatil-llega-a-cobija-y-el-porvenir\/#primaryimage"},"thumbnailUrl":"https:\/\/www.eldiario.net\/portal\/wp-content\/uploads\/2023\/11\/PORTATIL.jpeg","datePublished":"2023-11-06T10:32:58+00:00","breadcrumb":{"@id":"https:\/\/www.eldiario.net\/portal\/2023\/11\/06\/musef-portatil-llega-a-cobija-y-el-porvenir\/#breadcrumb"},"inLanguage":"es","potentialAction":[{"@type":"ReadAction","target":["https:\/\/www.eldiario.net\/portal\/2023\/11\/06\/musef-portatil-llega-a-cobija-y-el-porvenir\/"]}]},{"@type":"ImageObject","inLanguage":"es","@id":"https:\/\/www.eldiario.net\/portal\/2023\/11\/06\/musef-portatil-llega-a-cobija-y-el-porvenir\/#primaryimage","url":"https:\/\/www.eldiario.net\/portal\/wp-content\/uploads\/2023\/11\/PORTATIL.jpeg","contentUrl":"https:\/\/www.eldiario.net\/portal\/wp-content\/uploads\/2023\/11\/PORTATIL.jpeg","width":1600,"height":1200,"caption":"ESTUDIANTES APRECIANDO LA MUESTRA DEL MUSEF PORT\u00c1TIL, EN UNA ANTERIOR VERSI\u00d3N."},{"@type":"BreadcrumbList","@id":"https:\/\/www.eldiario.net\/portal\/2023\/11\/06\/musef-portatil-llega-a-cobija-y-el-porvenir\/#breadcrumb","itemListElement":[{"@type":"ListItem","position":1,"name":"Portada","item":"https:\/\/www.eldiario.net\/portal\/"},{"@type":"ListItem","position":2,"name":"Musef port\u00e1til llega a Cobija y El Porvenir"}]},{"@type":"WebSite","@id":"https:\/\/www.eldiario.net\/portal\/#website","url":"https:\/\/www.eldiario.net\/portal\/","name":"El Diario - Decano de la prensa nacional","description":"El Diario - Decano de la prensa nacional","publisher":{"@id":"https:\/\/www.eldiario.net\/portal\/#organization"},"potentialAction":[{"@type":"SearchAction","target":{"@type":"EntryPoint","urlTemplate":"https:\/\/www.eldiario.net\/portal\/?s={search_term_string}"},"query-input":{"@type":"PropertyValueSpecification","valueRequired":true,"valueName":"search_term_string"}}],"inLanguage":"es"},{"@type":"Organization","@id":"https:\/\/www.eldiario.net\/portal\/#organization","name":"El Diario - Decano de la prensa nacional","url":"https:\/\/www.eldiario.net\/portal\/","logo":{"@type":"ImageObject","inLanguage":"es","@id":"https:\/\/www.eldiario.net\/portal\/#\/schema\/logo\/image\/","url":"https:\/\/www.eldiario.net\/portal\/wp-content\/uploads\/2023\/07\/logo_ED.jpg","contentUrl":"https:\/\/www.eldiario.net\/portal\/wp-content\/uploads\/2023\/07\/logo_ED.jpg","width":272,"height":52,"caption":"El Diario - Decano de la prensa nacional"},"image":{"@id":"https:\/\/www.eldiario.net\/portal\/#\/schema\/logo\/image\/"},"sameAs":["https:\/\/www.facebook.com\/eldiario.bolivia\/","https:\/\/x.com\/eldiario_net"]},{"@type":"Person","@id":"https:\/\/www.eldiario.net\/portal\/#\/schema\/person\/f46445640444750d7d753ccd04ae01b7","name":"Jeanette","image":{"@type":"ImageObject","inLanguage":"es","@id":"https:\/\/secure.gravatar.com\/avatar\/3ea2118a5f7dad2b7138b1187a6b7ee55f160b9968b66013c3a3ef39dd7e5798?s=96&d=mm&r=g","url":"https:\/\/secure.gravatar.com\/avatar\/3ea2118a5f7dad2b7138b1187a6b7ee55f160b9968b66013c3a3ef39dd7e5798?s=96&d=mm&r=g","contentUrl":"https:\/\/secure.gravatar.com\/avatar\/3ea2118a5f7dad2b7138b1187a6b7ee55f160b9968b66013c3a3ef39dd7e5798?s=96&d=mm&r=g","caption":"Jeanette"},"sameAs":["https:\/\/www.eldiario.net\/portal"],"url":"https:\/\/www.eldiario.net\/portal\/author\/jeanette\/"}]}},"_links":{"self":[{"href":"https:\/\/www.eldiario.net\/portal\/wp-json\/wp\/v2\/posts\/185941","targetHints":{"allow":["GET"]}}],"collection":[{"href":"https:\/\/www.eldiario.net\/portal\/wp-json\/wp\/v2\/posts"}],"about":[{"href":"https:\/\/www.eldiario.net\/portal\/wp-json\/wp\/v2\/types\/post"}],"author":[{"embeddable":true,"href":"https:\/\/www.eldiario.net\/portal\/wp-json\/wp\/v2\/users\/1"}],"replies":[{"embeddable":true,"href":"https:\/\/www.eldiario.net\/portal\/wp-json\/wp\/v2\/comments?post=185941"}],"version-history":[{"count":0,"href":"https:\/\/www.eldiario.net\/portal\/wp-json\/wp\/v2\/posts\/185941\/revisions"}],"wp:featuredmedia":[{"embeddable":true,"href":"https:\/\/www.eldiario.net\/portal\/wp-json\/wp\/v2\/media\/185942"}],"wp:attachment":[{"href":"https:\/\/www.eldiario.net\/portal\/wp-json\/wp\/v2\/media?parent=185941"}],"wp:term":[{"taxonomy":"category","embeddable":true,"href":"https:\/\/www.eldiario.net\/portal\/wp-json\/wp\/v2\/categories?post=185941"},{"taxonomy":"post_tag","embeddable":true,"href":"https:\/\/www.eldiario.net\/portal\/wp-json\/wp\/v2\/tags?post=185941"}],"curies":[{"name":"wp","href":"https:\/\/api.w.org\/{rel}","templated":true}]}}