{"id":185933,"date":"2023-11-06T06:30:11","date_gmt":"2023-11-06T10:30:11","guid":{"rendered":"https:\/\/www.eldiario.net\/portal\/?p=185933"},"modified":"2023-11-06T06:30:11","modified_gmt":"2023-11-06T10:30:11","slug":"maquinaria-con-tecnologia-de-punta-trabaja-en-mineria","status":"publish","type":"post","link":"https:\/\/www.eldiario.net\/portal\/2023\/11\/06\/maquinaria-con-tecnologia-de-punta-trabaja-en-mineria\/","title":{"rendered":"Maquinaria con tecnolog\u00eda  de punta trabaja en miner\u00eda"},"content":{"rendered":"<p>Los departamentos de La Paz, Oruro y Potos\u00ed se han caracterizado por la explotaci\u00f3n de minerales y exportaci\u00f3n como materia prima, en ese sentido y con el fin de mejorar la productividad que conlleva este rubro se ha desarrollado maquinaria espec\u00edfica para este prop\u00f3sito, que ahorra la cantidad de horas de trabajo y optimiza el uso de combustible.<br \/>\nEn el mercado nacional pueden encontrar marcas muy reconocidas a nivel internacional, como Jhon Dere, Caterpillar, JCB, entre otras. Maquinaria que llega incorporado con lo \u00faltimo en tecnolog\u00eda para facilitar los trabajos en la miner\u00eda.<br \/>\nJCB es una de las m\u00e1s reconocidas en el mundo en la venta de retroexcavadoras, manipuladores telesc\u00f3picos Loadal y maquinaria en general. Con 20 a\u00f1os en el pa\u00eds, tiene m\u00e1s de 25 f\u00e1bricas que producen m\u00e1s de 300 modelos de m\u00e1quinas en los rubros de: industria, agricultura, agropecuaria, construcci\u00f3n y miner\u00eda.<br \/>\n\u201cLa empresa Gerona Power SVF Bolivia abri\u00f3 una nueva sucursal en El Alto y lo hace de la mano de JCB, marca brit\u00e1nica que es el tercer fabricante m\u00e1s grande del mundo en maquinaria amarilla. Ciudad que tiene la particularidad de enfocarse en la productividad y se constituye en un centro estrat\u00e9gico para dar mayor cobertura en La Paz, Oruro y Potos\u00ed, (regiones que se caracterizan por ser mineros)\u201d, sostuvo el Gerente General de la empresa Gerona, Gast\u00f3n Flores.<br \/>\nLa ciudad de El Alto es atractiva para los emprendimientos nacionales, debido a su cercan\u00eda con los puertos y otras regiones del pa\u00eds. Las inversiones llegan de la mano de muchas empresas, en especial automotrices, y las industrias no se quedan atr\u00e1s. La urbe alte\u00f1a tiene una Ley de Promoci\u00f3n Econ\u00f3mica, norma que viene de la gesti\u00f3n de Jos\u00e9 Luis Paredes, pero a la fecha no se aplica en su magnitud.<\/p>\n<p>Maquinaria<br \/>\nEl modelo de la excavadora JS305 de treinta toneladas, que \u201cen la pr\u00e1ctica tiene 33 toneladas porque es un equipo m\u00e1s robusto construido para actividades mineras de alta exigencia, trae consigo un cucharon que esta reforzado para cumplir a cabalidad con las caracter\u00edsticas del trabajo minero y con un bajo consumo de combustible\u201d, explic\u00f3 Flores.<br \/>\nEn la oportunidad, se cont\u00f3 con la presencia del Embajador de Inglaterra, Richard Porter; el Gerente de JCB en Latinoam\u00e9rica, Leandro Farina; el Gerente General de Gerona en Bolivia, Gast\u00f3n Flores, y ejecutivos del \u00e1rea comercial, que hicieron una presentaci\u00f3n de las caracter\u00edsticas de la excavadora a clientes e invitados especiales.<br \/>\n\u201cEstoy contento de estar en la presentaci\u00f3n del showroom de JCB, una empresa brit\u00e1nica muy importante no s\u00f3lo en Europa sino en el mundo. La apertura de esta nueva sucursal en La Paz se suma a la de Santa Cruz, con una marca muy confiable y de calidad desde su fabricaci\u00f3n. Considerando que la miner\u00eda es una actividad muy importante para Bolivia nosotros queremos apoyar a las empresas en sus actividades\u201d, destac\u00f3 el Embajador de Inglaterra, Richard Porter.<\/p>\n","protected":false},"excerpt":{"rendered":"<p>Los departamentos de La Paz, Oruro y Potos\u00ed se han caracterizado por la explotaci\u00f3n de minerales y exportaci\u00f3n como materia prima, en ese sentido y con el fin de mejorar la productividad que conlleva este rubro se ha desarrollado maquinaria espec\u00edfica para este prop\u00f3sito, que ahorra la cantidad de horas de trabajo y optimiza el [&hellip;]<\/p>\n","protected":false},"author":1,"featured_media":185934,"comment_status":"closed","ping_status":"open","sticky":false,"template":"","format":"standard","meta":{"_acf_changed":false,"footnotes":""},"categories":[7],"tags":[],"class_list":["post-185933","post","type-post","status-publish","format-standard","has-post-thumbnail","category-economia"],"acf":{"antetitulo":""},"yoast_head":"<!-- This site is optimized with the Yoast SEO plugin v28.3 - https:\/\/yoast.com\/product\/yoast-seo-wordpress\/ -->\n<title>Maquinaria con tecnolog\u00eda de punta trabaja en miner\u00eda - El Diario - Bolivia<\/title>\n<meta name=\"robots\" content=\"index, follow, max-snippet:-1, max-image-preview:large, max-video-preview:-1\" \/>\n<link rel=\"canonical\" href=\"https:\/\/www.eldiario.net\/portal\/2023\/11\/06\/maquinaria-con-tecnologia-de-punta-trabaja-en-mineria\/\" \/>\n<meta property=\"og:locale\" content=\"es_ES\" \/>\n<meta property=\"og:type\" content=\"article\" \/>\n<meta property=\"og:title\" content=\"Maquinaria con tecnolog\u00eda de punta trabaja en miner\u00eda - El Diario - Bolivia\" \/>\n<meta property=\"og:description\" content=\"Los departamentos de La Paz, Oruro y Potos\u00ed se han caracterizado por la explotaci\u00f3n de minerales y exportaci\u00f3n como materia prima, en ese sentido y con el fin de mejorar la productividad que conlleva este rubro se ha desarrollado maquinaria espec\u00edfica para este prop\u00f3sito, que ahorra la cantidad de horas de trabajo y optimiza el [&hellip;]\" \/>\n<meta property=\"og:url\" content=\"https:\/\/www.eldiario.net\/portal\/2023\/11\/06\/maquinaria-con-tecnologia-de-punta-trabaja-en-mineria\/\" \/>\n<meta property=\"og:site_name\" content=\"El Diario - Bolivia\" \/>\n<meta property=\"article:publisher\" content=\"https:\/\/www.facebook.com\/eldiario.bolivia\/\" \/>\n<meta property=\"article:published_time\" content=\"2023-11-06T10:30:11+00:00\" \/>\n<meta property=\"og:image\" content=\"https:\/\/www.eldiario.net\/portal\/wp-content\/uploads\/2023\/11\/maquinas.jpg\" \/>\n\t<meta property=\"og:image:width\" content=\"1600\" \/>\n\t<meta property=\"og:image:height\" content=\"1200\" \/>\n\t<meta property=\"og:image:type\" content=\"image\/jpeg\" \/>\n<meta name=\"author\" content=\"Jeanette\" \/>\n<meta name=\"twitter:card\" content=\"summary_large_image\" \/>\n<meta name=\"twitter:creator\" content=\"@eldiario_net\" \/>\n<meta name=\"twitter:site\" content=\"@eldiario_net\" \/>\n<meta name=\"twitter:label1\" content=\"Escrito por\" \/>\n\t<meta name=\"twitter:data1\" content=\"Jeanette\" \/>\n\t<meta name=\"twitter:label2\" content=\"Tiempo de lectura\" \/>\n\t<meta name=\"twitter:data2\" content=\"3 minutos\" \/>\n<script type=\"application\/ld+json\" class=\"yoast-schema-graph\">{\"@context\":\"https:\\\/\\\/schema.org\",\"@graph\":[{\"@type\":\"Article\",\"@id\":\"https:\\\/\\\/www.eldiario.net\\\/portal\\\/2023\\\/11\\\/06\\\/maquinaria-con-tecnologia-de-punta-trabaja-en-mineria\\\/#article\",\"isPartOf\":{\"@id\":\"https:\\\/\\\/www.eldiario.net\\\/portal\\\/2023\\\/11\\\/06\\\/maquinaria-con-tecnologia-de-punta-trabaja-en-mineria\\\/\"},\"author\":{\"name\":\"Jeanette\",\"@id\":\"https:\\\/\\\/www.eldiario.net\\\/portal\\\/#\\\/schema\\\/person\\\/f46445640444750d7d753ccd04ae01b7\"},\"headline\":\"Maquinaria con tecnolog\u00eda de punta trabaja en miner\u00eda\",\"datePublished\":\"2023-11-06T10:30:11+00:00\",\"mainEntityOfPage\":{\"@id\":\"https:\\\/\\\/www.eldiario.net\\\/portal\\\/2023\\\/11\\\/06\\\/maquinaria-con-tecnologia-de-punta-trabaja-en-mineria\\\/\"},\"wordCount\":524,\"publisher\":{\"@id\":\"https:\\\/\\\/www.eldiario.net\\\/portal\\\/#organization\"},\"image\":{\"@id\":\"https:\\\/\\\/www.eldiario.net\\\/portal\\\/2023\\\/11\\\/06\\\/maquinaria-con-tecnologia-de-punta-trabaja-en-mineria\\\/#primaryimage\"},\"thumbnailUrl\":\"https:\\\/\\\/www.eldiario.net\\\/portal\\\/wp-content\\\/uploads\\\/2023\\\/11\\\/maquinas.jpg\",\"articleSection\":[\"Econom\u00eda\"],\"inLanguage\":\"es\"},{\"@type\":\"WebPage\",\"@id\":\"https:\\\/\\\/www.eldiario.net\\\/portal\\\/2023\\\/11\\\/06\\\/maquinaria-con-tecnologia-de-punta-trabaja-en-mineria\\\/\",\"url\":\"https:\\\/\\\/www.eldiario.net\\\/portal\\\/2023\\\/11\\\/06\\\/maquinaria-con-tecnologia-de-punta-trabaja-en-mineria\\\/\",\"name\":\"Maquinaria con tecnolog\u00eda de punta trabaja en miner\u00eda - El Diario - Bolivia\",\"isPartOf\":{\"@id\":\"https:\\\/\\\/www.eldiario.net\\\/portal\\\/#website\"},\"primaryImageOfPage\":{\"@id\":\"https:\\\/\\\/www.eldiario.net\\\/portal\\\/2023\\\/11\\\/06\\\/maquinaria-con-tecnologia-de-punta-trabaja-en-mineria\\\/#primaryimage\"},\"image\":{\"@id\":\"https:\\\/\\\/www.eldiario.net\\\/portal\\\/2023\\\/11\\\/06\\\/maquinaria-con-tecnologia-de-punta-trabaja-en-mineria\\\/#primaryimage\"},\"thumbnailUrl\":\"https:\\\/\\\/www.eldiario.net\\\/portal\\\/wp-content\\\/uploads\\\/2023\\\/11\\\/maquinas.jpg\",\"datePublished\":\"2023-11-06T10:30:11+00:00\",\"breadcrumb\":{\"@id\":\"https:\\\/\\\/www.eldiario.net\\\/portal\\\/2023\\\/11\\\/06\\\/maquinaria-con-tecnologia-de-punta-trabaja-en-mineria\\\/#breadcrumb\"},\"inLanguage\":\"es\",\"potentialAction\":[{\"@type\":\"ReadAction\",\"target\":[\"https:\\\/\\\/www.eldiario.net\\\/portal\\\/2023\\\/11\\\/06\\\/maquinaria-con-tecnologia-de-punta-trabaja-en-mineria\\\/\"]}]},{\"@type\":\"ImageObject\",\"inLanguage\":\"es\",\"@id\":\"https:\\\/\\\/www.eldiario.net\\\/portal\\\/2023\\\/11\\\/06\\\/maquinaria-con-tecnologia-de-punta-trabaja-en-mineria\\\/#primaryimage\",\"url\":\"https:\\\/\\\/www.eldiario.net\\\/portal\\\/wp-content\\\/uploads\\\/2023\\\/11\\\/maquinas.jpg\",\"contentUrl\":\"https:\\\/\\\/www.eldiario.net\\\/portal\\\/wp-content\\\/uploads\\\/2023\\\/11\\\/maquinas.jpg\",\"width\":1600,\"height\":1200,\"caption\":\"Representantes de la empresa y el Embajador de Gran Breta\u00f1a.\"},{\"@type\":\"BreadcrumbList\",\"@id\":\"https:\\\/\\\/www.eldiario.net\\\/portal\\\/2023\\\/11\\\/06\\\/maquinaria-con-tecnologia-de-punta-trabaja-en-mineria\\\/#breadcrumb\",\"itemListElement\":[{\"@type\":\"ListItem\",\"position\":1,\"name\":\"Portada\",\"item\":\"https:\\\/\\\/www.eldiario.net\\\/portal\\\/\"},{\"@type\":\"ListItem\",\"position\":2,\"name\":\"Maquinaria con tecnolog\u00eda de punta trabaja en miner\u00eda\"}]},{\"@type\":\"WebSite\",\"@id\":\"https:\\\/\\\/www.eldiario.net\\\/portal\\\/#website\",\"url\":\"https:\\\/\\\/www.eldiario.net\\\/portal\\\/\",\"name\":\"El Diario - Decano de la prensa nacional\",\"description\":\"El Diario - Decano de la prensa nacional\",\"publisher\":{\"@id\":\"https:\\\/\\\/www.eldiario.net\\\/portal\\\/#organization\"},\"potentialAction\":[{\"@type\":\"SearchAction\",\"target\":{\"@type\":\"EntryPoint\",\"urlTemplate\":\"https:\\\/\\\/www.eldiario.net\\\/portal\\\/?s={search_term_string}\"},\"query-input\":{\"@type\":\"PropertyValueSpecification\",\"valueRequired\":true,\"valueName\":\"search_term_string\"}}],\"inLanguage\":\"es\"},{\"@type\":\"Organization\",\"@id\":\"https:\\\/\\\/www.eldiario.net\\\/portal\\\/#organization\",\"name\":\"El Diario - Decano de la prensa nacional\",\"url\":\"https:\\\/\\\/www.eldiario.net\\\/portal\\\/\",\"logo\":{\"@type\":\"ImageObject\",\"inLanguage\":\"es\",\"@id\":\"https:\\\/\\\/www.eldiario.net\\\/portal\\\/#\\\/schema\\\/logo\\\/image\\\/\",\"url\":\"https:\\\/\\\/www.eldiario.net\\\/portal\\\/wp-content\\\/uploads\\\/2023\\\/07\\\/logo_ED.jpg\",\"contentUrl\":\"https:\\\/\\\/www.eldiario.net\\\/portal\\\/wp-content\\\/uploads\\\/2023\\\/07\\\/logo_ED.jpg\",\"width\":272,\"height\":52,\"caption\":\"El Diario - Decano de la prensa nacional\"},\"image\":{\"@id\":\"https:\\\/\\\/www.eldiario.net\\\/portal\\\/#\\\/schema\\\/logo\\\/image\\\/\"},\"sameAs\":[\"https:\\\/\\\/www.facebook.com\\\/eldiario.bolivia\\\/\",\"https:\\\/\\\/x.com\\\/eldiario_net\"]},{\"@type\":\"Person\",\"@id\":\"https:\\\/\\\/www.eldiario.net\\\/portal\\\/#\\\/schema\\\/person\\\/f46445640444750d7d753ccd04ae01b7\",\"name\":\"Jeanette\",\"image\":{\"@type\":\"ImageObject\",\"inLanguage\":\"es\",\"@id\":\"https:\\\/\\\/secure.gravatar.com\\\/avatar\\\/3ea2118a5f7dad2b7138b1187a6b7ee55f160b9968b66013c3a3ef39dd7e5798?s=96&d=mm&r=g\",\"url\":\"https:\\\/\\\/secure.gravatar.com\\\/avatar\\\/3ea2118a5f7dad2b7138b1187a6b7ee55f160b9968b66013c3a3ef39dd7e5798?s=96&d=mm&r=g\",\"contentUrl\":\"https:\\\/\\\/secure.gravatar.com\\\/avatar\\\/3ea2118a5f7dad2b7138b1187a6b7ee55f160b9968b66013c3a3ef39dd7e5798?s=96&d=mm&r=g\",\"caption\":\"Jeanette\"},\"sameAs\":[\"https:\\\/\\\/www.eldiario.net\\\/portal\"],\"url\":\"https:\\\/\\\/www.eldiario.net\\\/portal\\\/author\\\/jeanette\\\/\"}]}<\/script>\n<!-- \/ Yoast SEO plugin. -->","yoast_head_json":{"title":"Maquinaria con tecnolog\u00eda de punta trabaja en miner\u00eda - El Diario - Bolivia","robots":{"index":"index","follow":"follow","max-snippet":"max-snippet:-1","max-image-preview":"max-image-preview:large","max-video-preview":"max-video-preview:-1"},"canonical":"https:\/\/www.eldiario.net\/portal\/2023\/11\/06\/maquinaria-con-tecnologia-de-punta-trabaja-en-mineria\/","og_locale":"es_ES","og_type":"article","og_title":"Maquinaria con tecnolog\u00eda de punta trabaja en miner\u00eda - El Diario - Bolivia","og_description":"Los departamentos de La Paz, Oruro y Potos\u00ed se han caracterizado por la explotaci\u00f3n de minerales y exportaci\u00f3n como materia prima, en ese sentido y con el fin de mejorar la productividad que conlleva este rubro se ha desarrollado maquinaria espec\u00edfica para este prop\u00f3sito, que ahorra la cantidad de horas de trabajo y optimiza el [&hellip;]","og_url":"https:\/\/www.eldiario.net\/portal\/2023\/11\/06\/maquinaria-con-tecnologia-de-punta-trabaja-en-mineria\/","og_site_name":"El Diario - Bolivia","article_publisher":"https:\/\/www.facebook.com\/eldiario.bolivia\/","article_published_time":"2023-11-06T10:30:11+00:00","og_image":[{"width":1600,"height":1200,"url":"https:\/\/www.eldiario.net\/portal\/wp-content\/uploads\/2023\/11\/maquinas.jpg","type":"image\/jpeg"}],"author":"Jeanette","twitter_card":"summary_large_image","twitter_creator":"@eldiario_net","twitter_site":"@eldiario_net","twitter_misc":{"Escrito por":"Jeanette","Tiempo de lectura":"3 minutos"},"schema":{"@context":"https:\/\/schema.org","@graph":[{"@type":"Article","@id":"https:\/\/www.eldiario.net\/portal\/2023\/11\/06\/maquinaria-con-tecnologia-de-punta-trabaja-en-mineria\/#article","isPartOf":{"@id":"https:\/\/www.eldiario.net\/portal\/2023\/11\/06\/maquinaria-con-tecnologia-de-punta-trabaja-en-mineria\/"},"author":{"name":"Jeanette","@id":"https:\/\/www.eldiario.net\/portal\/#\/schema\/person\/f46445640444750d7d753ccd04ae01b7"},"headline":"Maquinaria con tecnolog\u00eda de punta trabaja en miner\u00eda","datePublished":"2023-11-06T10:30:11+00:00","mainEntityOfPage":{"@id":"https:\/\/www.eldiario.net\/portal\/2023\/11\/06\/maquinaria-con-tecnologia-de-punta-trabaja-en-mineria\/"},"wordCount":524,"publisher":{"@id":"https:\/\/www.eldiario.net\/portal\/#organization"},"image":{"@id":"https:\/\/www.eldiario.net\/portal\/2023\/11\/06\/maquinaria-con-tecnologia-de-punta-trabaja-en-mineria\/#primaryimage"},"thumbnailUrl":"https:\/\/www.eldiario.net\/portal\/wp-content\/uploads\/2023\/11\/maquinas.jpg","articleSection":["Econom\u00eda"],"inLanguage":"es"},{"@type":"WebPage","@id":"https:\/\/www.eldiario.net\/portal\/2023\/11\/06\/maquinaria-con-tecnologia-de-punta-trabaja-en-mineria\/","url":"https:\/\/www.eldiario.net\/portal\/2023\/11\/06\/maquinaria-con-tecnologia-de-punta-trabaja-en-mineria\/","name":"Maquinaria con tecnolog\u00eda de punta trabaja en miner\u00eda - El Diario - Bolivia","isPartOf":{"@id":"https:\/\/www.eldiario.net\/portal\/#website"},"primaryImageOfPage":{"@id":"https:\/\/www.eldiario.net\/portal\/2023\/11\/06\/maquinaria-con-tecnologia-de-punta-trabaja-en-mineria\/#primaryimage"},"image":{"@id":"https:\/\/www.eldiario.net\/portal\/2023\/11\/06\/maquinaria-con-tecnologia-de-punta-trabaja-en-mineria\/#primaryimage"},"thumbnailUrl":"https:\/\/www.eldiario.net\/portal\/wp-content\/uploads\/2023\/11\/maquinas.jpg","datePublished":"2023-11-06T10:30:11+00:00","breadcrumb":{"@id":"https:\/\/www.eldiario.net\/portal\/2023\/11\/06\/maquinaria-con-tecnologia-de-punta-trabaja-en-mineria\/#breadcrumb"},"inLanguage":"es","potentialAction":[{"@type":"ReadAction","target":["https:\/\/www.eldiario.net\/portal\/2023\/11\/06\/maquinaria-con-tecnologia-de-punta-trabaja-en-mineria\/"]}]},{"@type":"ImageObject","inLanguage":"es","@id":"https:\/\/www.eldiario.net\/portal\/2023\/11\/06\/maquinaria-con-tecnologia-de-punta-trabaja-en-mineria\/#primaryimage","url":"https:\/\/www.eldiario.net\/portal\/wp-content\/uploads\/2023\/11\/maquinas.jpg","contentUrl":"https:\/\/www.eldiario.net\/portal\/wp-content\/uploads\/2023\/11\/maquinas.jpg","width":1600,"height":1200,"caption":"Representantes de la empresa y el Embajador de Gran Breta\u00f1a."},{"@type":"BreadcrumbList","@id":"https:\/\/www.eldiario.net\/portal\/2023\/11\/06\/maquinaria-con-tecnologia-de-punta-trabaja-en-mineria\/#breadcrumb","itemListElement":[{"@type":"ListItem","position":1,"name":"Portada","item":"https:\/\/www.eldiario.net\/portal\/"},{"@type":"ListItem","position":2,"name":"Maquinaria con tecnolog\u00eda de punta trabaja en miner\u00eda"}]},{"@type":"WebSite","@id":"https:\/\/www.eldiario.net\/portal\/#website","url":"https:\/\/www.eldiario.net\/portal\/","name":"El Diario - Decano de la prensa nacional","description":"El Diario - Decano de la prensa nacional","publisher":{"@id":"https:\/\/www.eldiario.net\/portal\/#organization"},"potentialAction":[{"@type":"SearchAction","target":{"@type":"EntryPoint","urlTemplate":"https:\/\/www.eldiario.net\/portal\/?s={search_term_string}"},"query-input":{"@type":"PropertyValueSpecification","valueRequired":true,"valueName":"search_term_string"}}],"inLanguage":"es"},{"@type":"Organization","@id":"https:\/\/www.eldiario.net\/portal\/#organization","name":"El Diario - Decano de la prensa nacional","url":"https:\/\/www.eldiario.net\/portal\/","logo":{"@type":"ImageObject","inLanguage":"es","@id":"https:\/\/www.eldiario.net\/portal\/#\/schema\/logo\/image\/","url":"https:\/\/www.eldiario.net\/portal\/wp-content\/uploads\/2023\/07\/logo_ED.jpg","contentUrl":"https:\/\/www.eldiario.net\/portal\/wp-content\/uploads\/2023\/07\/logo_ED.jpg","width":272,"height":52,"caption":"El Diario - Decano de la prensa nacional"},"image":{"@id":"https:\/\/www.eldiario.net\/portal\/#\/schema\/logo\/image\/"},"sameAs":["https:\/\/www.facebook.com\/eldiario.bolivia\/","https:\/\/x.com\/eldiario_net"]},{"@type":"Person","@id":"https:\/\/www.eldiario.net\/portal\/#\/schema\/person\/f46445640444750d7d753ccd04ae01b7","name":"Jeanette","image":{"@type":"ImageObject","inLanguage":"es","@id":"https:\/\/secure.gravatar.com\/avatar\/3ea2118a5f7dad2b7138b1187a6b7ee55f160b9968b66013c3a3ef39dd7e5798?s=96&d=mm&r=g","url":"https:\/\/secure.gravatar.com\/avatar\/3ea2118a5f7dad2b7138b1187a6b7ee55f160b9968b66013c3a3ef39dd7e5798?s=96&d=mm&r=g","contentUrl":"https:\/\/secure.gravatar.com\/avatar\/3ea2118a5f7dad2b7138b1187a6b7ee55f160b9968b66013c3a3ef39dd7e5798?s=96&d=mm&r=g","caption":"Jeanette"},"sameAs":["https:\/\/www.eldiario.net\/portal"],"url":"https:\/\/www.eldiario.net\/portal\/author\/jeanette\/"}]}},"_links":{"self":[{"href":"https:\/\/www.eldiario.net\/portal\/wp-json\/wp\/v2\/posts\/185933","targetHints":{"allow":["GET"]}}],"collection":[{"href":"https:\/\/www.eldiario.net\/portal\/wp-json\/wp\/v2\/posts"}],"about":[{"href":"https:\/\/www.eldiario.net\/portal\/wp-json\/wp\/v2\/types\/post"}],"author":[{"embeddable":true,"href":"https:\/\/www.eldiario.net\/portal\/wp-json\/wp\/v2\/users\/1"}],"replies":[{"embeddable":true,"href":"https:\/\/www.eldiario.net\/portal\/wp-json\/wp\/v2\/comments?post=185933"}],"version-history":[{"count":0,"href":"https:\/\/www.eldiario.net\/portal\/wp-json\/wp\/v2\/posts\/185933\/revisions"}],"wp:featuredmedia":[{"embeddable":true,"href":"https:\/\/www.eldiario.net\/portal\/wp-json\/wp\/v2\/media\/185934"}],"wp:attachment":[{"href":"https:\/\/www.eldiario.net\/portal\/wp-json\/wp\/v2\/media?parent=185933"}],"wp:term":[{"taxonomy":"category","embeddable":true,"href":"https:\/\/www.eldiario.net\/portal\/wp-json\/wp\/v2\/categories?post=185933"},{"taxonomy":"post_tag","embeddable":true,"href":"https:\/\/www.eldiario.net\/portal\/wp-json\/wp\/v2\/tags?post=185933"}],"curies":[{"name":"wp","href":"https:\/\/api.w.org\/{rel}","templated":true}]}}