{"id":185569,"date":"2023-11-04T06:55:28","date_gmt":"2023-11-04T10:55:28","guid":{"rendered":"https:\/\/www.eldiario.net\/portal\/?p=185569"},"modified":"2023-11-04T06:55:28","modified_gmt":"2023-11-04T10:55:28","slug":"deuda-publica-sube-y-bordea-el-90-del-pib","status":"publish","type":"post","link":"https:\/\/www.eldiario.net\/portal\/2023\/11\/04\/deuda-publica-sube-y-bordea-el-90-del-pib\/","title":{"rendered":"Deuda p\u00fablica sube y bordea el 90% del PIB"},"content":{"rendered":"<p>A pesar de que el Gobierno asegura que la deuda externa es manejable, y est\u00e1n en 30% respecto al Producto Interno Bruto (PIB), por ello presiona en la Asamblea para aumentar los cr\u00e9ditos externos y lo cierto es que la deuda p\u00fablica bordea el 90%.<br \/>\nLa deuda p\u00fablica de Bolivia a septiembre de 2023 alcanza a 35.594 millones de d\u00f3lares, sumando interna y externa, sin contar con los pr\u00e9stamos de las empresas p\u00fablicas que ascienden a m\u00e1s de 6.000 millones.<br \/>\nLa interna alcanza a 18.407 millones de d\u00f3lares, mientras la externa est\u00e1 en 17.186 millones, de acuerdo a los datos que presenta el analista econ\u00f3mico Joshua Bellott S\u00e1enz en su cuenta de X (Twitter) @joshuabellott, en la que se\u00f1ala tambi\u00e9n que si se suman todas las obligaciones del Gobierno, la deuda p\u00fablica bordea el 92% con respecto al PIB.<br \/>\nYa en anteriores post de X (antes Twitter), Bellott dijo que la \u201csituaci\u00f3n de liquidez del Gobierno es aguda, no tiene recursos. Debemos reducir los gastos del Gobierno sin generar desempleo. Pidamos a los privados que se encarguen de la importaci\u00f3n de di\u00e9sel, sin cobrar arancel e impuestos. No MAS Despilfarro!!!\u201d.<br \/>\nEl Gobierno niega que haya una crisis econ\u00f3mica, pero la realidad muestra que su modelo econ\u00f3mico caduc\u00f3 y su aplicaci\u00f3n profundiza la crisis. La escasez de d\u00f3lares se agudiza y esto se refleja en la exigencia de algunas petroleras por los servicios prestados a Yacimientos Petrol\u00edferos Fiscales Bolivianos (YPFB).<br \/>\n\u201cEl \u00faltimo dato de la deuda externa incluye el saldo por desembolsar de la misma. El total de la deuda p\u00fablica suma 35.594 millones de d\u00f3lares. Si a este monto se le adiciona los 6 mil millones de d\u00f3lares de pr\u00e9stamo a las empresas p\u00fablicas, se tiene un monto de 41.594 millones de d\u00f3lares. Lo que significa el 92% del Producto Interno Bruto\u201d, escribi\u00f3 Bellott en su cuenta de X.<br \/>\nPero en un medio de comunicaci\u00f3n, el presidente del Colegio de Economistas de Tarija, Fernando Romero, anticip\u00f3 que la cifra llegaba a m\u00e1s del 90%, tomando en cuenta los Derechos Especiales de Giro (DEGs) del Fondo Monetario Internacional (FMI) y otras obligaciones.<br \/>\nPara el economista, el aumento de la deuda p\u00fablica \u201crefleja la incapacidad de nuestra econom\u00eda de generar valor, y la apropiaci\u00f3n exacerbada de riqueza de todos los bolivianos por parte del Gobierno, no s\u00f3lo la riqueza nuestra, sino tambi\u00e9n de nuestros hijos y nietos. Pedimos un nuevo modelo econ\u00f3mico \u00a1urgente!\u201d.<br \/>\nEl economista Gonzalo Ch\u00e1vez plante\u00f3 varias sugerencias para mejorar en algo, el panorama econ\u00f3mico del pa\u00eds y lo primero fue reducir el gasto p\u00fablico, liberar las exportaciones, mejorar el clima de inversiones y ajustar el modelo a la nueva realidad.<br \/>\nA prop\u00f3sito de la deuda de YPFB con Shell, el economista y exdirector del Banco Central de Bolivia (BCB), Gabriel Espinoza Y. escribi\u00f3 en su cuenta de X (Twitter) @g_espinoza: \u201c#Bolivia. No solo que no pagamos a los proveedores de di\u00e9sel y gasolina que importamos, sino que tampoco le pagamos a quienes operan los campos de gas que exportamos. El problema es doble y alguien (Arce, Montenegro, Rojas o Dorgathen) deber\u00eda explicar por qu\u00e9 no se paga ni a proveedores de combustibles ni a operadores. El responsable, hasta ahora, ha causado solo en el caso de Shell, un da\u00f1o econ\u00f3mico al Estado por casi 500 mil d\u00f3lares\u201d.<br \/>\nA ese contexto, se debe sumar la escasez de d\u00f3lares, que pone a Bolivia en la lista de los pa\u00edses que est\u00e1n al borde de la quiebra, y no tanto por el alza de las tasas de inter\u00e9s, que tambi\u00e9n la aleja de la posibilidad de adquirir nuevos pr\u00e9stamos.<\/p>\n","protected":false},"excerpt":{"rendered":"<p>A pesar de que el Gobierno asegura que la deuda externa es manejable, y est\u00e1n en 30% respecto al Producto Interno Bruto (PIB), por ello presiona en la Asamblea para aumentar los cr\u00e9ditos externos y lo cierto es que la deuda p\u00fablica bordea el 90%. La deuda p\u00fablica de Bolivia a septiembre de 2023 alcanza [&hellip;]<\/p>\n","protected":false},"author":1,"featured_media":185570,"comment_status":"closed","ping_status":"open","sticky":false,"template":"","format":"standard","meta":{"_acf_changed":false,"footnotes":""},"categories":[7],"tags":[],"class_list":["post-185569","post","type-post","status-publish","format-standard","has-post-thumbnail","category-economia"],"acf":{"antetitulo":""},"yoast_head":"<!-- This site is optimized with the Yoast SEO plugin v28.3 - https:\/\/yoast.com\/product\/yoast-seo-wordpress\/ -->\n<title>Deuda p\u00fablica sube y bordea el 90% del PIB - El Diario - Bolivia<\/title>\n<meta name=\"robots\" content=\"index, follow, max-snippet:-1, max-image-preview:large, max-video-preview:-1\" \/>\n<link rel=\"canonical\" href=\"https:\/\/www.eldiario.net\/portal\/2023\/11\/04\/deuda-publica-sube-y-bordea-el-90-del-pib\/\" \/>\n<meta property=\"og:locale\" content=\"es_ES\" \/>\n<meta property=\"og:type\" content=\"article\" \/>\n<meta property=\"og:title\" content=\"Deuda p\u00fablica sube y bordea el 90% del PIB - El Diario - Bolivia\" \/>\n<meta property=\"og:description\" content=\"A pesar de que el Gobierno asegura que la deuda externa es manejable, y est\u00e1n en 30% respecto al Producto Interno Bruto (PIB), por ello presiona en la Asamblea para aumentar los cr\u00e9ditos externos y lo cierto es que la deuda p\u00fablica bordea el 90%. La deuda p\u00fablica de Bolivia a septiembre de 2023 alcanza [&hellip;]\" \/>\n<meta property=\"og:url\" content=\"https:\/\/www.eldiario.net\/portal\/2023\/11\/04\/deuda-publica-sube-y-bordea-el-90-del-pib\/\" \/>\n<meta property=\"og:site_name\" content=\"El Diario - Bolivia\" \/>\n<meta property=\"article:publisher\" content=\"https:\/\/www.facebook.com\/eldiario.bolivia\/\" \/>\n<meta property=\"article:published_time\" content=\"2023-11-04T10:55:28+00:00\" \/>\n<meta property=\"og:image\" content=\"https:\/\/www.eldiario.net\/portal\/wp-content\/uploads\/2023\/11\/deuda.jpg\" \/>\n\t<meta property=\"og:image:width\" content=\"360\" \/>\n\t<meta property=\"og:image:height\" content=\"290\" \/>\n\t<meta property=\"og:image:type\" content=\"image\/jpeg\" \/>\n<meta name=\"author\" content=\"Jeanette\" \/>\n<meta name=\"twitter:card\" content=\"summary_large_image\" \/>\n<meta name=\"twitter:creator\" content=\"@eldiario_net\" \/>\n<meta name=\"twitter:site\" content=\"@eldiario_net\" \/>\n<meta name=\"twitter:label1\" content=\"Escrito por\" \/>\n\t<meta name=\"twitter:data1\" content=\"Jeanette\" \/>\n\t<meta name=\"twitter:label2\" content=\"Tiempo de lectura\" \/>\n\t<meta name=\"twitter:data2\" content=\"3 minutos\" \/>\n<script type=\"application\/ld+json\" class=\"yoast-schema-graph\">{\"@context\":\"https:\\\/\\\/schema.org\",\"@graph\":[{\"@type\":\"Article\",\"@id\":\"https:\\\/\\\/www.eldiario.net\\\/portal\\\/2023\\\/11\\\/04\\\/deuda-publica-sube-y-bordea-el-90-del-pib\\\/#article\",\"isPartOf\":{\"@id\":\"https:\\\/\\\/www.eldiario.net\\\/portal\\\/2023\\\/11\\\/04\\\/deuda-publica-sube-y-bordea-el-90-del-pib\\\/\"},\"author\":{\"name\":\"Jeanette\",\"@id\":\"https:\\\/\\\/www.eldiario.net\\\/portal\\\/#\\\/schema\\\/person\\\/f46445640444750d7d753ccd04ae01b7\"},\"headline\":\"Deuda p\u00fablica sube y bordea el 90% del PIB\",\"datePublished\":\"2023-11-04T10:55:28+00:00\",\"mainEntityOfPage\":{\"@id\":\"https:\\\/\\\/www.eldiario.net\\\/portal\\\/2023\\\/11\\\/04\\\/deuda-publica-sube-y-bordea-el-90-del-pib\\\/\"},\"wordCount\":645,\"publisher\":{\"@id\":\"https:\\\/\\\/www.eldiario.net\\\/portal\\\/#organization\"},\"image\":{\"@id\":\"https:\\\/\\\/www.eldiario.net\\\/portal\\\/2023\\\/11\\\/04\\\/deuda-publica-sube-y-bordea-el-90-del-pib\\\/#primaryimage\"},\"thumbnailUrl\":\"https:\\\/\\\/www.eldiario.net\\\/portal\\\/wp-content\\\/uploads\\\/2023\\\/11\\\/deuda.jpg\",\"articleSection\":[\"Econom\u00eda\"],\"inLanguage\":\"es\"},{\"@type\":\"WebPage\",\"@id\":\"https:\\\/\\\/www.eldiario.net\\\/portal\\\/2023\\\/11\\\/04\\\/deuda-publica-sube-y-bordea-el-90-del-pib\\\/\",\"url\":\"https:\\\/\\\/www.eldiario.net\\\/portal\\\/2023\\\/11\\\/04\\\/deuda-publica-sube-y-bordea-el-90-del-pib\\\/\",\"name\":\"Deuda p\u00fablica sube y bordea el 90% del PIB - El Diario - Bolivia\",\"isPartOf\":{\"@id\":\"https:\\\/\\\/www.eldiario.net\\\/portal\\\/#website\"},\"primaryImageOfPage\":{\"@id\":\"https:\\\/\\\/www.eldiario.net\\\/portal\\\/2023\\\/11\\\/04\\\/deuda-publica-sube-y-bordea-el-90-del-pib\\\/#primaryimage\"},\"image\":{\"@id\":\"https:\\\/\\\/www.eldiario.net\\\/portal\\\/2023\\\/11\\\/04\\\/deuda-publica-sube-y-bordea-el-90-del-pib\\\/#primaryimage\"},\"thumbnailUrl\":\"https:\\\/\\\/www.eldiario.net\\\/portal\\\/wp-content\\\/uploads\\\/2023\\\/11\\\/deuda.jpg\",\"datePublished\":\"2023-11-04T10:55:28+00:00\",\"breadcrumb\":{\"@id\":\"https:\\\/\\\/www.eldiario.net\\\/portal\\\/2023\\\/11\\\/04\\\/deuda-publica-sube-y-bordea-el-90-del-pib\\\/#breadcrumb\"},\"inLanguage\":\"es\",\"potentialAction\":[{\"@type\":\"ReadAction\",\"target\":[\"https:\\\/\\\/www.eldiario.net\\\/portal\\\/2023\\\/11\\\/04\\\/deuda-publica-sube-y-bordea-el-90-del-pib\\\/\"]}]},{\"@type\":\"ImageObject\",\"inLanguage\":\"es\",\"@id\":\"https:\\\/\\\/www.eldiario.net\\\/portal\\\/2023\\\/11\\\/04\\\/deuda-publica-sube-y-bordea-el-90-del-pib\\\/#primaryimage\",\"url\":\"https:\\\/\\\/www.eldiario.net\\\/portal\\\/wp-content\\\/uploads\\\/2023\\\/11\\\/deuda.jpg\",\"contentUrl\":\"https:\\\/\\\/www.eldiario.net\\\/portal\\\/wp-content\\\/uploads\\\/2023\\\/11\\\/deuda.jpg\",\"width\":360,\"height\":290},{\"@type\":\"BreadcrumbList\",\"@id\":\"https:\\\/\\\/www.eldiario.net\\\/portal\\\/2023\\\/11\\\/04\\\/deuda-publica-sube-y-bordea-el-90-del-pib\\\/#breadcrumb\",\"itemListElement\":[{\"@type\":\"ListItem\",\"position\":1,\"name\":\"Portada\",\"item\":\"https:\\\/\\\/www.eldiario.net\\\/portal\\\/\"},{\"@type\":\"ListItem\",\"position\":2,\"name\":\"Deuda p\u00fablica sube y bordea el 90% del PIB\"}]},{\"@type\":\"WebSite\",\"@id\":\"https:\\\/\\\/www.eldiario.net\\\/portal\\\/#website\",\"url\":\"https:\\\/\\\/www.eldiario.net\\\/portal\\\/\",\"name\":\"El Diario - Decano de la prensa nacional\",\"description\":\"El Diario - Decano de la prensa nacional\",\"publisher\":{\"@id\":\"https:\\\/\\\/www.eldiario.net\\\/portal\\\/#organization\"},\"potentialAction\":[{\"@type\":\"SearchAction\",\"target\":{\"@type\":\"EntryPoint\",\"urlTemplate\":\"https:\\\/\\\/www.eldiario.net\\\/portal\\\/?s={search_term_string}\"},\"query-input\":{\"@type\":\"PropertyValueSpecification\",\"valueRequired\":true,\"valueName\":\"search_term_string\"}}],\"inLanguage\":\"es\"},{\"@type\":\"Organization\",\"@id\":\"https:\\\/\\\/www.eldiario.net\\\/portal\\\/#organization\",\"name\":\"El Diario - Decano de la prensa nacional\",\"url\":\"https:\\\/\\\/www.eldiario.net\\\/portal\\\/\",\"logo\":{\"@type\":\"ImageObject\",\"inLanguage\":\"es\",\"@id\":\"https:\\\/\\\/www.eldiario.net\\\/portal\\\/#\\\/schema\\\/logo\\\/image\\\/\",\"url\":\"https:\\\/\\\/www.eldiario.net\\\/portal\\\/wp-content\\\/uploads\\\/2023\\\/07\\\/logo_ED.jpg\",\"contentUrl\":\"https:\\\/\\\/www.eldiario.net\\\/portal\\\/wp-content\\\/uploads\\\/2023\\\/07\\\/logo_ED.jpg\",\"width\":272,\"height\":52,\"caption\":\"El Diario - Decano de la prensa nacional\"},\"image\":{\"@id\":\"https:\\\/\\\/www.eldiario.net\\\/portal\\\/#\\\/schema\\\/logo\\\/image\\\/\"},\"sameAs\":[\"https:\\\/\\\/www.facebook.com\\\/eldiario.bolivia\\\/\",\"https:\\\/\\\/x.com\\\/eldiario_net\"]},{\"@type\":\"Person\",\"@id\":\"https:\\\/\\\/www.eldiario.net\\\/portal\\\/#\\\/schema\\\/person\\\/f46445640444750d7d753ccd04ae01b7\",\"name\":\"Jeanette\",\"image\":{\"@type\":\"ImageObject\",\"inLanguage\":\"es\",\"@id\":\"https:\\\/\\\/secure.gravatar.com\\\/avatar\\\/3ea2118a5f7dad2b7138b1187a6b7ee55f160b9968b66013c3a3ef39dd7e5798?s=96&d=mm&r=g\",\"url\":\"https:\\\/\\\/secure.gravatar.com\\\/avatar\\\/3ea2118a5f7dad2b7138b1187a6b7ee55f160b9968b66013c3a3ef39dd7e5798?s=96&d=mm&r=g\",\"contentUrl\":\"https:\\\/\\\/secure.gravatar.com\\\/avatar\\\/3ea2118a5f7dad2b7138b1187a6b7ee55f160b9968b66013c3a3ef39dd7e5798?s=96&d=mm&r=g\",\"caption\":\"Jeanette\"},\"sameAs\":[\"https:\\\/\\\/www.eldiario.net\\\/portal\"],\"url\":\"https:\\\/\\\/www.eldiario.net\\\/portal\\\/author\\\/jeanette\\\/\"}]}<\/script>\n<!-- \/ Yoast SEO plugin. -->","yoast_head_json":{"title":"Deuda p\u00fablica sube y bordea el 90% del PIB - El Diario - Bolivia","robots":{"index":"index","follow":"follow","max-snippet":"max-snippet:-1","max-image-preview":"max-image-preview:large","max-video-preview":"max-video-preview:-1"},"canonical":"https:\/\/www.eldiario.net\/portal\/2023\/11\/04\/deuda-publica-sube-y-bordea-el-90-del-pib\/","og_locale":"es_ES","og_type":"article","og_title":"Deuda p\u00fablica sube y bordea el 90% del PIB - El Diario - Bolivia","og_description":"A pesar de que el Gobierno asegura que la deuda externa es manejable, y est\u00e1n en 30% respecto al Producto Interno Bruto (PIB), por ello presiona en la Asamblea para aumentar los cr\u00e9ditos externos y lo cierto es que la deuda p\u00fablica bordea el 90%. La deuda p\u00fablica de Bolivia a septiembre de 2023 alcanza [&hellip;]","og_url":"https:\/\/www.eldiario.net\/portal\/2023\/11\/04\/deuda-publica-sube-y-bordea-el-90-del-pib\/","og_site_name":"El Diario - Bolivia","article_publisher":"https:\/\/www.facebook.com\/eldiario.bolivia\/","article_published_time":"2023-11-04T10:55:28+00:00","og_image":[{"width":360,"height":290,"url":"https:\/\/www.eldiario.net\/portal\/wp-content\/uploads\/2023\/11\/deuda.jpg","type":"image\/jpeg"}],"author":"Jeanette","twitter_card":"summary_large_image","twitter_creator":"@eldiario_net","twitter_site":"@eldiario_net","twitter_misc":{"Escrito por":"Jeanette","Tiempo de lectura":"3 minutos"},"schema":{"@context":"https:\/\/schema.org","@graph":[{"@type":"Article","@id":"https:\/\/www.eldiario.net\/portal\/2023\/11\/04\/deuda-publica-sube-y-bordea-el-90-del-pib\/#article","isPartOf":{"@id":"https:\/\/www.eldiario.net\/portal\/2023\/11\/04\/deuda-publica-sube-y-bordea-el-90-del-pib\/"},"author":{"name":"Jeanette","@id":"https:\/\/www.eldiario.net\/portal\/#\/schema\/person\/f46445640444750d7d753ccd04ae01b7"},"headline":"Deuda p\u00fablica sube y bordea el 90% del PIB","datePublished":"2023-11-04T10:55:28+00:00","mainEntityOfPage":{"@id":"https:\/\/www.eldiario.net\/portal\/2023\/11\/04\/deuda-publica-sube-y-bordea-el-90-del-pib\/"},"wordCount":645,"publisher":{"@id":"https:\/\/www.eldiario.net\/portal\/#organization"},"image":{"@id":"https:\/\/www.eldiario.net\/portal\/2023\/11\/04\/deuda-publica-sube-y-bordea-el-90-del-pib\/#primaryimage"},"thumbnailUrl":"https:\/\/www.eldiario.net\/portal\/wp-content\/uploads\/2023\/11\/deuda.jpg","articleSection":["Econom\u00eda"],"inLanguage":"es"},{"@type":"WebPage","@id":"https:\/\/www.eldiario.net\/portal\/2023\/11\/04\/deuda-publica-sube-y-bordea-el-90-del-pib\/","url":"https:\/\/www.eldiario.net\/portal\/2023\/11\/04\/deuda-publica-sube-y-bordea-el-90-del-pib\/","name":"Deuda p\u00fablica sube y bordea el 90% del PIB - El Diario - Bolivia","isPartOf":{"@id":"https:\/\/www.eldiario.net\/portal\/#website"},"primaryImageOfPage":{"@id":"https:\/\/www.eldiario.net\/portal\/2023\/11\/04\/deuda-publica-sube-y-bordea-el-90-del-pib\/#primaryimage"},"image":{"@id":"https:\/\/www.eldiario.net\/portal\/2023\/11\/04\/deuda-publica-sube-y-bordea-el-90-del-pib\/#primaryimage"},"thumbnailUrl":"https:\/\/www.eldiario.net\/portal\/wp-content\/uploads\/2023\/11\/deuda.jpg","datePublished":"2023-11-04T10:55:28+00:00","breadcrumb":{"@id":"https:\/\/www.eldiario.net\/portal\/2023\/11\/04\/deuda-publica-sube-y-bordea-el-90-del-pib\/#breadcrumb"},"inLanguage":"es","potentialAction":[{"@type":"ReadAction","target":["https:\/\/www.eldiario.net\/portal\/2023\/11\/04\/deuda-publica-sube-y-bordea-el-90-del-pib\/"]}]},{"@type":"ImageObject","inLanguage":"es","@id":"https:\/\/www.eldiario.net\/portal\/2023\/11\/04\/deuda-publica-sube-y-bordea-el-90-del-pib\/#primaryimage","url":"https:\/\/www.eldiario.net\/portal\/wp-content\/uploads\/2023\/11\/deuda.jpg","contentUrl":"https:\/\/www.eldiario.net\/portal\/wp-content\/uploads\/2023\/11\/deuda.jpg","width":360,"height":290},{"@type":"BreadcrumbList","@id":"https:\/\/www.eldiario.net\/portal\/2023\/11\/04\/deuda-publica-sube-y-bordea-el-90-del-pib\/#breadcrumb","itemListElement":[{"@type":"ListItem","position":1,"name":"Portada","item":"https:\/\/www.eldiario.net\/portal\/"},{"@type":"ListItem","position":2,"name":"Deuda p\u00fablica sube y bordea el 90% del PIB"}]},{"@type":"WebSite","@id":"https:\/\/www.eldiario.net\/portal\/#website","url":"https:\/\/www.eldiario.net\/portal\/","name":"El Diario - Decano de la prensa nacional","description":"El Diario - Decano de la prensa nacional","publisher":{"@id":"https:\/\/www.eldiario.net\/portal\/#organization"},"potentialAction":[{"@type":"SearchAction","target":{"@type":"EntryPoint","urlTemplate":"https:\/\/www.eldiario.net\/portal\/?s={search_term_string}"},"query-input":{"@type":"PropertyValueSpecification","valueRequired":true,"valueName":"search_term_string"}}],"inLanguage":"es"},{"@type":"Organization","@id":"https:\/\/www.eldiario.net\/portal\/#organization","name":"El Diario - Decano de la prensa nacional","url":"https:\/\/www.eldiario.net\/portal\/","logo":{"@type":"ImageObject","inLanguage":"es","@id":"https:\/\/www.eldiario.net\/portal\/#\/schema\/logo\/image\/","url":"https:\/\/www.eldiario.net\/portal\/wp-content\/uploads\/2023\/07\/logo_ED.jpg","contentUrl":"https:\/\/www.eldiario.net\/portal\/wp-content\/uploads\/2023\/07\/logo_ED.jpg","width":272,"height":52,"caption":"El Diario - Decano de la prensa nacional"},"image":{"@id":"https:\/\/www.eldiario.net\/portal\/#\/schema\/logo\/image\/"},"sameAs":["https:\/\/www.facebook.com\/eldiario.bolivia\/","https:\/\/x.com\/eldiario_net"]},{"@type":"Person","@id":"https:\/\/www.eldiario.net\/portal\/#\/schema\/person\/f46445640444750d7d753ccd04ae01b7","name":"Jeanette","image":{"@type":"ImageObject","inLanguage":"es","@id":"https:\/\/secure.gravatar.com\/avatar\/3ea2118a5f7dad2b7138b1187a6b7ee55f160b9968b66013c3a3ef39dd7e5798?s=96&d=mm&r=g","url":"https:\/\/secure.gravatar.com\/avatar\/3ea2118a5f7dad2b7138b1187a6b7ee55f160b9968b66013c3a3ef39dd7e5798?s=96&d=mm&r=g","contentUrl":"https:\/\/secure.gravatar.com\/avatar\/3ea2118a5f7dad2b7138b1187a6b7ee55f160b9968b66013c3a3ef39dd7e5798?s=96&d=mm&r=g","caption":"Jeanette"},"sameAs":["https:\/\/www.eldiario.net\/portal"],"url":"https:\/\/www.eldiario.net\/portal\/author\/jeanette\/"}]}},"_links":{"self":[{"href":"https:\/\/www.eldiario.net\/portal\/wp-json\/wp\/v2\/posts\/185569","targetHints":{"allow":["GET"]}}],"collection":[{"href":"https:\/\/www.eldiario.net\/portal\/wp-json\/wp\/v2\/posts"}],"about":[{"href":"https:\/\/www.eldiario.net\/portal\/wp-json\/wp\/v2\/types\/post"}],"author":[{"embeddable":true,"href":"https:\/\/www.eldiario.net\/portal\/wp-json\/wp\/v2\/users\/1"}],"replies":[{"embeddable":true,"href":"https:\/\/www.eldiario.net\/portal\/wp-json\/wp\/v2\/comments?post=185569"}],"version-history":[{"count":0,"href":"https:\/\/www.eldiario.net\/portal\/wp-json\/wp\/v2\/posts\/185569\/revisions"}],"wp:featuredmedia":[{"embeddable":true,"href":"https:\/\/www.eldiario.net\/portal\/wp-json\/wp\/v2\/media\/185570"}],"wp:attachment":[{"href":"https:\/\/www.eldiario.net\/portal\/wp-json\/wp\/v2\/media?parent=185569"}],"wp:term":[{"taxonomy":"category","embeddable":true,"href":"https:\/\/www.eldiario.net\/portal\/wp-json\/wp\/v2\/categories?post=185569"},{"taxonomy":"post_tag","embeddable":true,"href":"https:\/\/www.eldiario.net\/portal\/wp-json\/wp\/v2\/tags?post=185569"}],"curies":[{"name":"wp","href":"https:\/\/api.w.org\/{rel}","templated":true}]}}