{"id":185565,"date":"2023-11-04T06:53:53","date_gmt":"2023-11-04T10:53:53","guid":{"rendered":"https:\/\/www.eldiario.net\/portal\/?p=185565"},"modified":"2023-11-04T06:53:53","modified_gmt":"2023-11-04T10:53:53","slug":"shell-reclama-deuda-de-us-30-millones-a-ypfb","status":"publish","type":"post","link":"https:\/\/www.eldiario.net\/portal\/2023\/11\/04\/shell-reclama-deuda-de-us-30-millones-a-ypfb\/","title":{"rendered":"Shell reclama deuda de  $us 30 millones a YPFB"},"content":{"rendered":"<p>La petrolera Shell reclama deuda de 30 millones a Yacimientos Petrol\u00edferos Fiscales Bolivianos (YPFB). La transnacional envi\u00f3 una carta notariada a la estatal petrolera en donde la conmina a cancelar la obligaci\u00f3n, que alcanza a 30 millones de d\u00f3lares, m\u00e1s intereses.<br \/>\nLa sucursal boliviana de la transnacional brit\u00e1nica Shell reclama a Yacimientos Petrol\u00edferos Fiscales Bolivianos la suma de 29.574.358,88 d\u00f3lares americanos por los hidrocarburos entregados entre enero y julio de 2023, de acuerdo al contrato de operaciones firmado luego de las nacionalizaciones de 2006.<br \/>\nEl monto se est\u00edpula en una carta oficial filtrada a los medios de comunicaci\u00f3n y hecha p\u00fablica por la periodista cruce\u00f1a Maggy Talavera, donde la petrolera Shell, titular entre otros campos del megacampo Caipipendi, en Tarija, donde se encuentran los pozos de Margarita, que siguen siendo el principal proveedor del contrato de exportaci\u00f3n con Argentina.<br \/>\nSeg\u00fan la misiva, YPFB adeuda a Shell 29.574.358,88 d\u00f3lares americanos a los que se sumar\u00edan casi medio mill\u00f3n m\u00e1s en concepto de intereses de demora. Shell advierte, adem\u00e1s, de la posibilidad de quedar liberado de las obligaciones del contrato, y reitera que el pago debe ser en d\u00f3lares y no en otros conceptos, algo que parece estar en el centro del problema.<br \/>\nEn cualquier caso, no es la primera vez que Shell y YPFB se ven las caras, pues en junio de 2021 ya presentaron una reclamaci\u00f3n por el incumplimiento de contrato de operaciones por 26 millones de d\u00f3lares y que est\u00e1 en tribunales. En junio de 2022, Shell Bolivia Corporation transfiri\u00f3 a Yacimientos Petrol\u00edferos Fiscales Bolivianos (YPFB) sus operaciones y activos de los campos Los Suris y Escondido, ubicados en Tarija, seg\u00fan Cabildeo Digital.<br \/>\nDesde 2020, la matriz de Shell viene trabajando en una nueva estrategia para acercarse a la emisi\u00f3n 0 en 2050, lo que implica avanzar en proyectos verdes como el del hidr\u00f3geno, no necesariamente renovables, pero adem\u00e1s, el 25 de octubre se adoptaron decisiones a nivel global que afectan al personal, pero sobre todo, a enfocarse en proyectos de mayor margen de beneficio, manteniendo estable la producci\u00f3n de petr\u00f3leo y aumentando la de gas natural con diferentes t\u00e9cnicas. En ese sentido, varios analistas advierten de que Bolivia no ofrece esas garant\u00edas, se\u00f1ala la p\u00e1gina.<\/p>\n<p>&nbsp;<\/p>\n","protected":false},"excerpt":{"rendered":"<p>La petrolera Shell reclama deuda de 30 millones a Yacimientos Petrol\u00edferos Fiscales Bolivianos (YPFB). La transnacional envi\u00f3 una carta notariada a la estatal petrolera en donde la conmina a cancelar la obligaci\u00f3n, que alcanza a 30 millones de d\u00f3lares, m\u00e1s intereses. La sucursal boliviana de la transnacional brit\u00e1nica Shell reclama a Yacimientos Petrol\u00edferos Fiscales Bolivianos [&hellip;]<\/p>\n","protected":false},"author":1,"featured_media":0,"comment_status":"closed","ping_status":"open","sticky":false,"template":"","format":"standard","meta":{"_acf_changed":false,"footnotes":""},"categories":[7],"tags":[],"class_list":["post-185565","post","type-post","status-publish","format-standard","category-economia"],"acf":{"antetitulo":""},"yoast_head":"<!-- This site is optimized with the Yoast SEO plugin v28.4 - https:\/\/yoast.com\/product\/yoast-seo-wordpress\/ -->\n<title>Shell reclama deuda de $us 30 millones a YPFB - El Diario - Bolivia<\/title>\n<meta name=\"robots\" content=\"index, follow, max-snippet:-1, max-image-preview:large, max-video-preview:-1\" \/>\n<link rel=\"canonical\" href=\"https:\/\/www.eldiario.net\/portal\/2023\/11\/04\/shell-reclama-deuda-de-us-30-millones-a-ypfb\/\" \/>\n<meta property=\"og:locale\" content=\"es_ES\" \/>\n<meta property=\"og:type\" content=\"article\" \/>\n<meta property=\"og:title\" content=\"Shell reclama deuda de $us 30 millones a YPFB - El Diario - Bolivia\" \/>\n<meta property=\"og:description\" content=\"La petrolera Shell reclama deuda de 30 millones a Yacimientos Petrol\u00edferos Fiscales Bolivianos (YPFB). La transnacional envi\u00f3 una carta notariada a la estatal petrolera en donde la conmina a cancelar la obligaci\u00f3n, que alcanza a 30 millones de d\u00f3lares, m\u00e1s intereses. La sucursal boliviana de la transnacional brit\u00e1nica Shell reclama a Yacimientos Petrol\u00edferos Fiscales Bolivianos [&hellip;]\" \/>\n<meta property=\"og:url\" content=\"https:\/\/www.eldiario.net\/portal\/2023\/11\/04\/shell-reclama-deuda-de-us-30-millones-a-ypfb\/\" \/>\n<meta property=\"og:site_name\" content=\"El Diario - Bolivia\" \/>\n<meta property=\"article:publisher\" content=\"https:\/\/www.facebook.com\/eldiario.bolivia\/\" \/>\n<meta property=\"article:published_time\" content=\"2023-11-04T10:53:53+00:00\" \/>\n<meta name=\"author\" content=\"Jeanette\" \/>\n<meta name=\"twitter:card\" content=\"summary_large_image\" \/>\n<meta name=\"twitter:creator\" content=\"@eldiario_net\" \/>\n<meta name=\"twitter:site\" content=\"@eldiario_net\" \/>\n<meta name=\"twitter:label1\" content=\"Escrito por\" \/>\n\t<meta name=\"twitter:data1\" content=\"Jeanette\" \/>\n\t<meta name=\"twitter:label2\" content=\"Tiempo de lectura\" \/>\n\t<meta name=\"twitter:data2\" content=\"2 minutos\" \/>\n<script type=\"application\/ld+json\" class=\"yoast-schema-graph\">{\"@context\":\"https:\\\/\\\/schema.org\",\"@graph\":[{\"@type\":\"Article\",\"@id\":\"https:\\\/\\\/www.eldiario.net\\\/portal\\\/2023\\\/11\\\/04\\\/shell-reclama-deuda-de-us-30-millones-a-ypfb\\\/#article\",\"isPartOf\":{\"@id\":\"https:\\\/\\\/www.eldiario.net\\\/portal\\\/2023\\\/11\\\/04\\\/shell-reclama-deuda-de-us-30-millones-a-ypfb\\\/\"},\"author\":{\"name\":\"Jeanette\",\"@id\":\"https:\\\/\\\/www.eldiario.net\\\/portal\\\/#\\\/schema\\\/person\\\/f46445640444750d7d753ccd04ae01b7\"},\"headline\":\"Shell reclama deuda de $us 30 millones a YPFB\",\"datePublished\":\"2023-11-04T10:53:53+00:00\",\"mainEntityOfPage\":{\"@id\":\"https:\\\/\\\/www.eldiario.net\\\/portal\\\/2023\\\/11\\\/04\\\/shell-reclama-deuda-de-us-30-millones-a-ypfb\\\/\"},\"wordCount\":395,\"publisher\":{\"@id\":\"https:\\\/\\\/www.eldiario.net\\\/portal\\\/#organization\"},\"articleSection\":[\"Econom\u00eda\"],\"inLanguage\":\"es\"},{\"@type\":\"WebPage\",\"@id\":\"https:\\\/\\\/www.eldiario.net\\\/portal\\\/2023\\\/11\\\/04\\\/shell-reclama-deuda-de-us-30-millones-a-ypfb\\\/\",\"url\":\"https:\\\/\\\/www.eldiario.net\\\/portal\\\/2023\\\/11\\\/04\\\/shell-reclama-deuda-de-us-30-millones-a-ypfb\\\/\",\"name\":\"Shell reclama deuda de $us 30 millones a YPFB - El Diario - Bolivia\",\"isPartOf\":{\"@id\":\"https:\\\/\\\/www.eldiario.net\\\/portal\\\/#website\"},\"datePublished\":\"2023-11-04T10:53:53+00:00\",\"breadcrumb\":{\"@id\":\"https:\\\/\\\/www.eldiario.net\\\/portal\\\/2023\\\/11\\\/04\\\/shell-reclama-deuda-de-us-30-millones-a-ypfb\\\/#breadcrumb\"},\"inLanguage\":\"es\",\"potentialAction\":[{\"@type\":\"ReadAction\",\"target\":[\"https:\\\/\\\/www.eldiario.net\\\/portal\\\/2023\\\/11\\\/04\\\/shell-reclama-deuda-de-us-30-millones-a-ypfb\\\/\"]}]},{\"@type\":\"BreadcrumbList\",\"@id\":\"https:\\\/\\\/www.eldiario.net\\\/portal\\\/2023\\\/11\\\/04\\\/shell-reclama-deuda-de-us-30-millones-a-ypfb\\\/#breadcrumb\",\"itemListElement\":[{\"@type\":\"ListItem\",\"position\":1,\"name\":\"Portada\",\"item\":\"https:\\\/\\\/www.eldiario.net\\\/portal\\\/\"},{\"@type\":\"ListItem\",\"position\":2,\"name\":\"Shell reclama deuda de $us 30 millones a YPFB\"}]},{\"@type\":\"WebSite\",\"@id\":\"https:\\\/\\\/www.eldiario.net\\\/portal\\\/#website\",\"url\":\"https:\\\/\\\/www.eldiario.net\\\/portal\\\/\",\"name\":\"El Diario - Decano de la prensa nacional\",\"description\":\"El Diario - Decano de la prensa nacional\",\"publisher\":{\"@id\":\"https:\\\/\\\/www.eldiario.net\\\/portal\\\/#organization\"},\"potentialAction\":[{\"@type\":\"SearchAction\",\"target\":{\"@type\":\"EntryPoint\",\"urlTemplate\":\"https:\\\/\\\/www.eldiario.net\\\/portal\\\/?s={search_term_string}\"},\"query-input\":{\"@type\":\"PropertyValueSpecification\",\"valueRequired\":true,\"valueName\":\"search_term_string\"}}],\"inLanguage\":\"es\"},{\"@type\":\"Organization\",\"@id\":\"https:\\\/\\\/www.eldiario.net\\\/portal\\\/#organization\",\"name\":\"El Diario - Decano de la prensa nacional\",\"url\":\"https:\\\/\\\/www.eldiario.net\\\/portal\\\/\",\"logo\":{\"@type\":\"ImageObject\",\"inLanguage\":\"es\",\"@id\":\"https:\\\/\\\/www.eldiario.net\\\/portal\\\/#\\\/schema\\\/logo\\\/image\\\/\",\"url\":\"https:\\\/\\\/www.eldiario.net\\\/portal\\\/wp-content\\\/uploads\\\/2023\\\/07\\\/logo_ED.jpg\",\"contentUrl\":\"https:\\\/\\\/www.eldiario.net\\\/portal\\\/wp-content\\\/uploads\\\/2023\\\/07\\\/logo_ED.jpg\",\"width\":272,\"height\":52,\"caption\":\"El Diario - Decano de la prensa nacional\"},\"image\":{\"@id\":\"https:\\\/\\\/www.eldiario.net\\\/portal\\\/#\\\/schema\\\/logo\\\/image\\\/\"},\"sameAs\":[\"https:\\\/\\\/www.facebook.com\\\/eldiario.bolivia\\\/\",\"https:\\\/\\\/x.com\\\/eldiario_net\"]},{\"@type\":\"Person\",\"@id\":\"https:\\\/\\\/www.eldiario.net\\\/portal\\\/#\\\/schema\\\/person\\\/f46445640444750d7d753ccd04ae01b7\",\"name\":\"Jeanette\",\"image\":{\"@type\":\"ImageObject\",\"inLanguage\":\"es\",\"@id\":\"https:\\\/\\\/secure.gravatar.com\\\/avatar\\\/3ea2118a5f7dad2b7138b1187a6b7ee55f160b9968b66013c3a3ef39dd7e5798?s=96&d=mm&r=g\",\"url\":\"https:\\\/\\\/secure.gravatar.com\\\/avatar\\\/3ea2118a5f7dad2b7138b1187a6b7ee55f160b9968b66013c3a3ef39dd7e5798?s=96&d=mm&r=g\",\"contentUrl\":\"https:\\\/\\\/secure.gravatar.com\\\/avatar\\\/3ea2118a5f7dad2b7138b1187a6b7ee55f160b9968b66013c3a3ef39dd7e5798?s=96&d=mm&r=g\",\"caption\":\"Jeanette\"},\"sameAs\":[\"https:\\\/\\\/www.eldiario.net\\\/portal\"],\"url\":\"https:\\\/\\\/www.eldiario.net\\\/portal\\\/author\\\/jeanette\\\/\"}]}<\/script>\n<!-- \/ Yoast SEO plugin. -->","yoast_head_json":{"title":"Shell reclama deuda de $us 30 millones a YPFB - El Diario - Bolivia","robots":{"index":"index","follow":"follow","max-snippet":"max-snippet:-1","max-image-preview":"max-image-preview:large","max-video-preview":"max-video-preview:-1"},"canonical":"https:\/\/www.eldiario.net\/portal\/2023\/11\/04\/shell-reclama-deuda-de-us-30-millones-a-ypfb\/","og_locale":"es_ES","og_type":"article","og_title":"Shell reclama deuda de $us 30 millones a YPFB - El Diario - Bolivia","og_description":"La petrolera Shell reclama deuda de 30 millones a Yacimientos Petrol\u00edferos Fiscales Bolivianos (YPFB). La transnacional envi\u00f3 una carta notariada a la estatal petrolera en donde la conmina a cancelar la obligaci\u00f3n, que alcanza a 30 millones de d\u00f3lares, m\u00e1s intereses. La sucursal boliviana de la transnacional brit\u00e1nica Shell reclama a Yacimientos Petrol\u00edferos Fiscales Bolivianos [&hellip;]","og_url":"https:\/\/www.eldiario.net\/portal\/2023\/11\/04\/shell-reclama-deuda-de-us-30-millones-a-ypfb\/","og_site_name":"El Diario - Bolivia","article_publisher":"https:\/\/www.facebook.com\/eldiario.bolivia\/","article_published_time":"2023-11-04T10:53:53+00:00","author":"Jeanette","twitter_card":"summary_large_image","twitter_creator":"@eldiario_net","twitter_site":"@eldiario_net","twitter_misc":{"Escrito por":"Jeanette","Tiempo de lectura":"2 minutos"},"schema":{"@context":"https:\/\/schema.org","@graph":[{"@type":"Article","@id":"https:\/\/www.eldiario.net\/portal\/2023\/11\/04\/shell-reclama-deuda-de-us-30-millones-a-ypfb\/#article","isPartOf":{"@id":"https:\/\/www.eldiario.net\/portal\/2023\/11\/04\/shell-reclama-deuda-de-us-30-millones-a-ypfb\/"},"author":{"name":"Jeanette","@id":"https:\/\/www.eldiario.net\/portal\/#\/schema\/person\/f46445640444750d7d753ccd04ae01b7"},"headline":"Shell reclama deuda de $us 30 millones a YPFB","datePublished":"2023-11-04T10:53:53+00:00","mainEntityOfPage":{"@id":"https:\/\/www.eldiario.net\/portal\/2023\/11\/04\/shell-reclama-deuda-de-us-30-millones-a-ypfb\/"},"wordCount":395,"publisher":{"@id":"https:\/\/www.eldiario.net\/portal\/#organization"},"articleSection":["Econom\u00eda"],"inLanguage":"es"},{"@type":"WebPage","@id":"https:\/\/www.eldiario.net\/portal\/2023\/11\/04\/shell-reclama-deuda-de-us-30-millones-a-ypfb\/","url":"https:\/\/www.eldiario.net\/portal\/2023\/11\/04\/shell-reclama-deuda-de-us-30-millones-a-ypfb\/","name":"Shell reclama deuda de $us 30 millones a YPFB - El Diario - Bolivia","isPartOf":{"@id":"https:\/\/www.eldiario.net\/portal\/#website"},"datePublished":"2023-11-04T10:53:53+00:00","breadcrumb":{"@id":"https:\/\/www.eldiario.net\/portal\/2023\/11\/04\/shell-reclama-deuda-de-us-30-millones-a-ypfb\/#breadcrumb"},"inLanguage":"es","potentialAction":[{"@type":"ReadAction","target":["https:\/\/www.eldiario.net\/portal\/2023\/11\/04\/shell-reclama-deuda-de-us-30-millones-a-ypfb\/"]}]},{"@type":"BreadcrumbList","@id":"https:\/\/www.eldiario.net\/portal\/2023\/11\/04\/shell-reclama-deuda-de-us-30-millones-a-ypfb\/#breadcrumb","itemListElement":[{"@type":"ListItem","position":1,"name":"Portada","item":"https:\/\/www.eldiario.net\/portal\/"},{"@type":"ListItem","position":2,"name":"Shell reclama deuda de $us 30 millones a YPFB"}]},{"@type":"WebSite","@id":"https:\/\/www.eldiario.net\/portal\/#website","url":"https:\/\/www.eldiario.net\/portal\/","name":"El Diario - Decano de la prensa nacional","description":"El Diario - Decano de la prensa nacional","publisher":{"@id":"https:\/\/www.eldiario.net\/portal\/#organization"},"potentialAction":[{"@type":"SearchAction","target":{"@type":"EntryPoint","urlTemplate":"https:\/\/www.eldiario.net\/portal\/?s={search_term_string}"},"query-input":{"@type":"PropertyValueSpecification","valueRequired":true,"valueName":"search_term_string"}}],"inLanguage":"es"},{"@type":"Organization","@id":"https:\/\/www.eldiario.net\/portal\/#organization","name":"El Diario - Decano de la prensa nacional","url":"https:\/\/www.eldiario.net\/portal\/","logo":{"@type":"ImageObject","inLanguage":"es","@id":"https:\/\/www.eldiario.net\/portal\/#\/schema\/logo\/image\/","url":"https:\/\/www.eldiario.net\/portal\/wp-content\/uploads\/2023\/07\/logo_ED.jpg","contentUrl":"https:\/\/www.eldiario.net\/portal\/wp-content\/uploads\/2023\/07\/logo_ED.jpg","width":272,"height":52,"caption":"El Diario - Decano de la prensa nacional"},"image":{"@id":"https:\/\/www.eldiario.net\/portal\/#\/schema\/logo\/image\/"},"sameAs":["https:\/\/www.facebook.com\/eldiario.bolivia\/","https:\/\/x.com\/eldiario_net"]},{"@type":"Person","@id":"https:\/\/www.eldiario.net\/portal\/#\/schema\/person\/f46445640444750d7d753ccd04ae01b7","name":"Jeanette","image":{"@type":"ImageObject","inLanguage":"es","@id":"https:\/\/secure.gravatar.com\/avatar\/3ea2118a5f7dad2b7138b1187a6b7ee55f160b9968b66013c3a3ef39dd7e5798?s=96&d=mm&r=g","url":"https:\/\/secure.gravatar.com\/avatar\/3ea2118a5f7dad2b7138b1187a6b7ee55f160b9968b66013c3a3ef39dd7e5798?s=96&d=mm&r=g","contentUrl":"https:\/\/secure.gravatar.com\/avatar\/3ea2118a5f7dad2b7138b1187a6b7ee55f160b9968b66013c3a3ef39dd7e5798?s=96&d=mm&r=g","caption":"Jeanette"},"sameAs":["https:\/\/www.eldiario.net\/portal"],"url":"https:\/\/www.eldiario.net\/portal\/author\/jeanette\/"}]}},"_links":{"self":[{"href":"https:\/\/www.eldiario.net\/portal\/wp-json\/wp\/v2\/posts\/185565","targetHints":{"allow":["GET"]}}],"collection":[{"href":"https:\/\/www.eldiario.net\/portal\/wp-json\/wp\/v2\/posts"}],"about":[{"href":"https:\/\/www.eldiario.net\/portal\/wp-json\/wp\/v2\/types\/post"}],"author":[{"embeddable":true,"href":"https:\/\/www.eldiario.net\/portal\/wp-json\/wp\/v2\/users\/1"}],"replies":[{"embeddable":true,"href":"https:\/\/www.eldiario.net\/portal\/wp-json\/wp\/v2\/comments?post=185565"}],"version-history":[{"count":0,"href":"https:\/\/www.eldiario.net\/portal\/wp-json\/wp\/v2\/posts\/185565\/revisions"}],"wp:attachment":[{"href":"https:\/\/www.eldiario.net\/portal\/wp-json\/wp\/v2\/media?parent=185565"}],"wp:term":[{"taxonomy":"category","embeddable":true,"href":"https:\/\/www.eldiario.net\/portal\/wp-json\/wp\/v2\/categories?post=185565"},{"taxonomy":"post_tag","embeddable":true,"href":"https:\/\/www.eldiario.net\/portal\/wp-json\/wp\/v2\/tags?post=185565"}],"curies":[{"name":"wp","href":"https:\/\/api.w.org\/{rel}","templated":true}]}}