{"id":185560,"date":"2023-11-04T06:51:12","date_gmt":"2023-11-04T10:51:12","guid":{"rendered":"https:\/\/www.eldiario.net\/portal\/?p=185560"},"modified":"2023-11-04T06:51:12","modified_gmt":"2023-11-04T10:51:12","slug":"en-santa-cruz-inician-destruccion-de-cigarrillos-ilegales","status":"publish","type":"post","link":"https:\/\/www.eldiario.net\/portal\/2023\/11\/04\/en-santa-cruz-inician-destruccion-de-cigarrillos-ilegales\/","title":{"rendered":"En Santa Cruz inician  destrucci\u00f3n de cigarrillos ilegales"},"content":{"rendered":"<p>El personal de la Administraci\u00f3n de Aduana Interior Santa Cruz inici\u00f3 con la destrucci\u00f3n directa de 36 toneladas de cigarrillos ilegales provenientes de Paraguay, equivalente a 1,3 millones de bolivianos. El Gerente Regional de Santa Cruz, Jos\u00e9 Luis Mollinedo, remarc\u00f3 que esta mercanc\u00eda fue comisada en 15 operativos, ya que por normativa es catalogada como prohibida.<br \/>\nEsos operativos estuvieron liderizados por t\u00e9cnicos de la Unidad de Control Operativo Aduanero (UCOA), quienes detectaron tres toneladas de cigarrillos escondidos entre bultos y compartimientos de diferentes buses interdepartamentales, cuando intentaban burlar controles de los Puntos de Inspecci\u00f3n Aduanera (PIA) Abap\u00f3 y Pail\u00f3n.<br \/>\nEl resto de la mercanc\u00eda, es decir, 33 toneladas fueron comisados el 30 de agosto tras el allanamiento a una finca localizada en la localidad de Cuevo, provincia Cordillera\u2013Santa Cruz, donde hallaron tres camiones con 22.532.000 cigarrillos (unidad) ilegales. Este operativo fue encabezado por un equipo de la Fiscal\u00eda Departamental, la Aduana Nacional, Viceministerio de Lucha Contra el Contrabando, polic\u00edas y militares, se\u00f1ala una nota de prensa de la entidad fiscalizadora.<br \/>\n\u201cEste tipo de il\u00edcitos atenta contra la econom\u00eda del Estado, tambi\u00e9n pone en riesgo la salud p\u00fablica, ya que no se tiene certeza de la composici\u00f3n de la mercanc\u00eda, por tanto, no es considerada apta para consumo humano\u201d, explic\u00f3 Mollinedo.<br \/>\nProcedimiento<br \/>\nUna vez acopiados las cajetillas de cigarrillos, los mismos son inutilizados por una trituradora conforme normativa. La destrucci\u00f3n es directa garantizando que sus componentes no sean objeto de comercializaci\u00f3n, finalmente una vez trituradas las cajetillas, las mismas son entregadas a la empresa encargada de concluir la destrucci\u00f3n.<br \/>\n\u201cAclarar a la poblaci\u00f3n que este tipo de mercanc\u00eda requiere autorizaciones y certificaciones sanitarias previas, a efecto de poder garantizar su consumo dentro del mercado boliviano\u201d, dijo Mollinedo.<br \/>\nEl Art. 9 del Decreto Supremo N\u00ba 29376, proh\u00edbe la fabricaci\u00f3n, venta e importaci\u00f3n de productos de tabaco que no muestren la informaci\u00f3n exigida, es decir, frases de advertencia proporcionadas anualmente por el Ministerio de Salud y Deportes.<br \/>\nPara que esta mercanc\u00eda sea legal, cada cajetilla desde su impresi\u00f3n original en el extranjero debe incluir datos como el pa\u00eds de fabricaci\u00f3n, nombre del productor, importador y el N\u00famero de Identificaci\u00f3n Tributaria \u2013 NIT.<\/p>\n<p>Datos Bolivia<br \/>\nEntre el 1 de enero al 21 de octubre 2023, la Aduana Nacional concret\u00f3 13.680 operativos de control en todo el pa\u00eds. Incaut\u00e1ndose mercanc\u00eda de contrabando valorado en m\u00e1s de 531 millones de bolivianos.<br \/>\nEspec\u00edficamente, en el departamento de Santa Cruz se comis\u00f3 el valor de 104 millones de bolivianos en 1.977 operativos de control.<br \/>\nPIE DE FOTO<br \/>\nCigarrillos decomisados son destruidos por personal de aduana. Foto Aduana<\/p>\n","protected":false},"excerpt":{"rendered":"<p>El personal de la Administraci\u00f3n de Aduana Interior Santa Cruz inici\u00f3 con la destrucci\u00f3n directa de 36 toneladas de cigarrillos ilegales provenientes de Paraguay, equivalente a 1,3 millones de bolivianos. El Gerente Regional de Santa Cruz, Jos\u00e9 Luis Mollinedo, remarc\u00f3 que esta mercanc\u00eda fue comisada en 15 operativos, ya que por normativa es catalogada como [&hellip;]<\/p>\n","protected":false},"author":1,"featured_media":0,"comment_status":"closed","ping_status":"open","sticky":false,"template":"","format":"standard","meta":{"_acf_changed":false,"footnotes":""},"categories":[7],"tags":[],"class_list":["post-185560","post","type-post","status-publish","format-standard","category-economia"],"acf":{"antetitulo":""},"yoast_head":"<!-- This site is optimized with the Yoast SEO plugin v28.4 - https:\/\/yoast.com\/product\/yoast-seo-wordpress\/ -->\n<title>En Santa Cruz inician destrucci\u00f3n de cigarrillos ilegales - El Diario - Bolivia<\/title>\n<meta name=\"robots\" content=\"index, follow, max-snippet:-1, max-image-preview:large, max-video-preview:-1\" \/>\n<link rel=\"canonical\" href=\"https:\/\/www.eldiario.net\/portal\/2023\/11\/04\/en-santa-cruz-inician-destruccion-de-cigarrillos-ilegales\/\" \/>\n<meta property=\"og:locale\" content=\"es_ES\" \/>\n<meta property=\"og:type\" content=\"article\" \/>\n<meta property=\"og:title\" content=\"En Santa Cruz inician destrucci\u00f3n de cigarrillos ilegales - El Diario - Bolivia\" \/>\n<meta property=\"og:description\" content=\"El personal de la Administraci\u00f3n de Aduana Interior Santa Cruz inici\u00f3 con la destrucci\u00f3n directa de 36 toneladas de cigarrillos ilegales provenientes de Paraguay, equivalente a 1,3 millones de bolivianos. El Gerente Regional de Santa Cruz, Jos\u00e9 Luis Mollinedo, remarc\u00f3 que esta mercanc\u00eda fue comisada en 15 operativos, ya que por normativa es catalogada como [&hellip;]\" \/>\n<meta property=\"og:url\" content=\"https:\/\/www.eldiario.net\/portal\/2023\/11\/04\/en-santa-cruz-inician-destruccion-de-cigarrillos-ilegales\/\" \/>\n<meta property=\"og:site_name\" content=\"El Diario - Bolivia\" \/>\n<meta property=\"article:publisher\" content=\"https:\/\/www.facebook.com\/eldiario.bolivia\/\" \/>\n<meta property=\"article:published_time\" content=\"2023-11-04T10:51:12+00:00\" \/>\n<meta name=\"author\" content=\"Jeanette\" \/>\n<meta name=\"twitter:card\" content=\"summary_large_image\" \/>\n<meta name=\"twitter:creator\" content=\"@eldiario_net\" \/>\n<meta name=\"twitter:site\" content=\"@eldiario_net\" \/>\n<meta name=\"twitter:label1\" content=\"Escrito por\" \/>\n\t<meta name=\"twitter:data1\" content=\"Jeanette\" \/>\n\t<meta name=\"twitter:label2\" content=\"Tiempo de lectura\" \/>\n\t<meta name=\"twitter:data2\" content=\"2 minutos\" \/>\n<script type=\"application\/ld+json\" class=\"yoast-schema-graph\">{\"@context\":\"https:\\\/\\\/schema.org\",\"@graph\":[{\"@type\":\"Article\",\"@id\":\"https:\\\/\\\/www.eldiario.net\\\/portal\\\/2023\\\/11\\\/04\\\/en-santa-cruz-inician-destruccion-de-cigarrillos-ilegales\\\/#article\",\"isPartOf\":{\"@id\":\"https:\\\/\\\/www.eldiario.net\\\/portal\\\/2023\\\/11\\\/04\\\/en-santa-cruz-inician-destruccion-de-cigarrillos-ilegales\\\/\"},\"author\":{\"name\":\"Jeanette\",\"@id\":\"https:\\\/\\\/www.eldiario.net\\\/portal\\\/#\\\/schema\\\/person\\\/f46445640444750d7d753ccd04ae01b7\"},\"headline\":\"En Santa Cruz inician destrucci\u00f3n de cigarrillos ilegales\",\"datePublished\":\"2023-11-04T10:51:12+00:00\",\"mainEntityOfPage\":{\"@id\":\"https:\\\/\\\/www.eldiario.net\\\/portal\\\/2023\\\/11\\\/04\\\/en-santa-cruz-inician-destruccion-de-cigarrillos-ilegales\\\/\"},\"wordCount\":459,\"publisher\":{\"@id\":\"https:\\\/\\\/www.eldiario.net\\\/portal\\\/#organization\"},\"articleSection\":[\"Econom\u00eda\"],\"inLanguage\":\"es\"},{\"@type\":\"WebPage\",\"@id\":\"https:\\\/\\\/www.eldiario.net\\\/portal\\\/2023\\\/11\\\/04\\\/en-santa-cruz-inician-destruccion-de-cigarrillos-ilegales\\\/\",\"url\":\"https:\\\/\\\/www.eldiario.net\\\/portal\\\/2023\\\/11\\\/04\\\/en-santa-cruz-inician-destruccion-de-cigarrillos-ilegales\\\/\",\"name\":\"En Santa Cruz inician destrucci\u00f3n de cigarrillos ilegales - El Diario - Bolivia\",\"isPartOf\":{\"@id\":\"https:\\\/\\\/www.eldiario.net\\\/portal\\\/#website\"},\"datePublished\":\"2023-11-04T10:51:12+00:00\",\"breadcrumb\":{\"@id\":\"https:\\\/\\\/www.eldiario.net\\\/portal\\\/2023\\\/11\\\/04\\\/en-santa-cruz-inician-destruccion-de-cigarrillos-ilegales\\\/#breadcrumb\"},\"inLanguage\":\"es\",\"potentialAction\":[{\"@type\":\"ReadAction\",\"target\":[\"https:\\\/\\\/www.eldiario.net\\\/portal\\\/2023\\\/11\\\/04\\\/en-santa-cruz-inician-destruccion-de-cigarrillos-ilegales\\\/\"]}]},{\"@type\":\"BreadcrumbList\",\"@id\":\"https:\\\/\\\/www.eldiario.net\\\/portal\\\/2023\\\/11\\\/04\\\/en-santa-cruz-inician-destruccion-de-cigarrillos-ilegales\\\/#breadcrumb\",\"itemListElement\":[{\"@type\":\"ListItem\",\"position\":1,\"name\":\"Portada\",\"item\":\"https:\\\/\\\/www.eldiario.net\\\/portal\\\/\"},{\"@type\":\"ListItem\",\"position\":2,\"name\":\"En Santa Cruz inician destrucci\u00f3n de cigarrillos ilegales\"}]},{\"@type\":\"WebSite\",\"@id\":\"https:\\\/\\\/www.eldiario.net\\\/portal\\\/#website\",\"url\":\"https:\\\/\\\/www.eldiario.net\\\/portal\\\/\",\"name\":\"El Diario - Decano de la prensa nacional\",\"description\":\"El Diario - Decano de la prensa nacional\",\"publisher\":{\"@id\":\"https:\\\/\\\/www.eldiario.net\\\/portal\\\/#organization\"},\"potentialAction\":[{\"@type\":\"SearchAction\",\"target\":{\"@type\":\"EntryPoint\",\"urlTemplate\":\"https:\\\/\\\/www.eldiario.net\\\/portal\\\/?s={search_term_string}\"},\"query-input\":{\"@type\":\"PropertyValueSpecification\",\"valueRequired\":true,\"valueName\":\"search_term_string\"}}],\"inLanguage\":\"es\"},{\"@type\":\"Organization\",\"@id\":\"https:\\\/\\\/www.eldiario.net\\\/portal\\\/#organization\",\"name\":\"El Diario - Decano de la prensa nacional\",\"url\":\"https:\\\/\\\/www.eldiario.net\\\/portal\\\/\",\"logo\":{\"@type\":\"ImageObject\",\"inLanguage\":\"es\",\"@id\":\"https:\\\/\\\/www.eldiario.net\\\/portal\\\/#\\\/schema\\\/logo\\\/image\\\/\",\"url\":\"https:\\\/\\\/www.eldiario.net\\\/portal\\\/wp-content\\\/uploads\\\/2023\\\/07\\\/logo_ED.jpg\",\"contentUrl\":\"https:\\\/\\\/www.eldiario.net\\\/portal\\\/wp-content\\\/uploads\\\/2023\\\/07\\\/logo_ED.jpg\",\"width\":272,\"height\":52,\"caption\":\"El Diario - Decano de la prensa nacional\"},\"image\":{\"@id\":\"https:\\\/\\\/www.eldiario.net\\\/portal\\\/#\\\/schema\\\/logo\\\/image\\\/\"},\"sameAs\":[\"https:\\\/\\\/www.facebook.com\\\/eldiario.bolivia\\\/\",\"https:\\\/\\\/x.com\\\/eldiario_net\"]},{\"@type\":\"Person\",\"@id\":\"https:\\\/\\\/www.eldiario.net\\\/portal\\\/#\\\/schema\\\/person\\\/f46445640444750d7d753ccd04ae01b7\",\"name\":\"Jeanette\",\"image\":{\"@type\":\"ImageObject\",\"inLanguage\":\"es\",\"@id\":\"https:\\\/\\\/secure.gravatar.com\\\/avatar\\\/3ea2118a5f7dad2b7138b1187a6b7ee55f160b9968b66013c3a3ef39dd7e5798?s=96&d=mm&r=g\",\"url\":\"https:\\\/\\\/secure.gravatar.com\\\/avatar\\\/3ea2118a5f7dad2b7138b1187a6b7ee55f160b9968b66013c3a3ef39dd7e5798?s=96&d=mm&r=g\",\"contentUrl\":\"https:\\\/\\\/secure.gravatar.com\\\/avatar\\\/3ea2118a5f7dad2b7138b1187a6b7ee55f160b9968b66013c3a3ef39dd7e5798?s=96&d=mm&r=g\",\"caption\":\"Jeanette\"},\"sameAs\":[\"https:\\\/\\\/www.eldiario.net\\\/portal\"],\"url\":\"https:\\\/\\\/www.eldiario.net\\\/portal\\\/author\\\/jeanette\\\/\"}]}<\/script>\n<!-- \/ Yoast SEO plugin. -->","yoast_head_json":{"title":"En Santa Cruz inician destrucci\u00f3n de cigarrillos ilegales - El Diario - Bolivia","robots":{"index":"index","follow":"follow","max-snippet":"max-snippet:-1","max-image-preview":"max-image-preview:large","max-video-preview":"max-video-preview:-1"},"canonical":"https:\/\/www.eldiario.net\/portal\/2023\/11\/04\/en-santa-cruz-inician-destruccion-de-cigarrillos-ilegales\/","og_locale":"es_ES","og_type":"article","og_title":"En Santa Cruz inician destrucci\u00f3n de cigarrillos ilegales - El Diario - Bolivia","og_description":"El personal de la Administraci\u00f3n de Aduana Interior Santa Cruz inici\u00f3 con la destrucci\u00f3n directa de 36 toneladas de cigarrillos ilegales provenientes de Paraguay, equivalente a 1,3 millones de bolivianos. El Gerente Regional de Santa Cruz, Jos\u00e9 Luis Mollinedo, remarc\u00f3 que esta mercanc\u00eda fue comisada en 15 operativos, ya que por normativa es catalogada como [&hellip;]","og_url":"https:\/\/www.eldiario.net\/portal\/2023\/11\/04\/en-santa-cruz-inician-destruccion-de-cigarrillos-ilegales\/","og_site_name":"El Diario - Bolivia","article_publisher":"https:\/\/www.facebook.com\/eldiario.bolivia\/","article_published_time":"2023-11-04T10:51:12+00:00","author":"Jeanette","twitter_card":"summary_large_image","twitter_creator":"@eldiario_net","twitter_site":"@eldiario_net","twitter_misc":{"Escrito por":"Jeanette","Tiempo de lectura":"2 minutos"},"schema":{"@context":"https:\/\/schema.org","@graph":[{"@type":"Article","@id":"https:\/\/www.eldiario.net\/portal\/2023\/11\/04\/en-santa-cruz-inician-destruccion-de-cigarrillos-ilegales\/#article","isPartOf":{"@id":"https:\/\/www.eldiario.net\/portal\/2023\/11\/04\/en-santa-cruz-inician-destruccion-de-cigarrillos-ilegales\/"},"author":{"name":"Jeanette","@id":"https:\/\/www.eldiario.net\/portal\/#\/schema\/person\/f46445640444750d7d753ccd04ae01b7"},"headline":"En Santa Cruz inician destrucci\u00f3n de cigarrillos ilegales","datePublished":"2023-11-04T10:51:12+00:00","mainEntityOfPage":{"@id":"https:\/\/www.eldiario.net\/portal\/2023\/11\/04\/en-santa-cruz-inician-destruccion-de-cigarrillos-ilegales\/"},"wordCount":459,"publisher":{"@id":"https:\/\/www.eldiario.net\/portal\/#organization"},"articleSection":["Econom\u00eda"],"inLanguage":"es"},{"@type":"WebPage","@id":"https:\/\/www.eldiario.net\/portal\/2023\/11\/04\/en-santa-cruz-inician-destruccion-de-cigarrillos-ilegales\/","url":"https:\/\/www.eldiario.net\/portal\/2023\/11\/04\/en-santa-cruz-inician-destruccion-de-cigarrillos-ilegales\/","name":"En Santa Cruz inician destrucci\u00f3n de cigarrillos ilegales - El Diario - Bolivia","isPartOf":{"@id":"https:\/\/www.eldiario.net\/portal\/#website"},"datePublished":"2023-11-04T10:51:12+00:00","breadcrumb":{"@id":"https:\/\/www.eldiario.net\/portal\/2023\/11\/04\/en-santa-cruz-inician-destruccion-de-cigarrillos-ilegales\/#breadcrumb"},"inLanguage":"es","potentialAction":[{"@type":"ReadAction","target":["https:\/\/www.eldiario.net\/portal\/2023\/11\/04\/en-santa-cruz-inician-destruccion-de-cigarrillos-ilegales\/"]}]},{"@type":"BreadcrumbList","@id":"https:\/\/www.eldiario.net\/portal\/2023\/11\/04\/en-santa-cruz-inician-destruccion-de-cigarrillos-ilegales\/#breadcrumb","itemListElement":[{"@type":"ListItem","position":1,"name":"Portada","item":"https:\/\/www.eldiario.net\/portal\/"},{"@type":"ListItem","position":2,"name":"En Santa Cruz inician destrucci\u00f3n de cigarrillos ilegales"}]},{"@type":"WebSite","@id":"https:\/\/www.eldiario.net\/portal\/#website","url":"https:\/\/www.eldiario.net\/portal\/","name":"El Diario - Decano de la prensa nacional","description":"El Diario - Decano de la prensa nacional","publisher":{"@id":"https:\/\/www.eldiario.net\/portal\/#organization"},"potentialAction":[{"@type":"SearchAction","target":{"@type":"EntryPoint","urlTemplate":"https:\/\/www.eldiario.net\/portal\/?s={search_term_string}"},"query-input":{"@type":"PropertyValueSpecification","valueRequired":true,"valueName":"search_term_string"}}],"inLanguage":"es"},{"@type":"Organization","@id":"https:\/\/www.eldiario.net\/portal\/#organization","name":"El Diario - Decano de la prensa nacional","url":"https:\/\/www.eldiario.net\/portal\/","logo":{"@type":"ImageObject","inLanguage":"es","@id":"https:\/\/www.eldiario.net\/portal\/#\/schema\/logo\/image\/","url":"https:\/\/www.eldiario.net\/portal\/wp-content\/uploads\/2023\/07\/logo_ED.jpg","contentUrl":"https:\/\/www.eldiario.net\/portal\/wp-content\/uploads\/2023\/07\/logo_ED.jpg","width":272,"height":52,"caption":"El Diario - Decano de la prensa nacional"},"image":{"@id":"https:\/\/www.eldiario.net\/portal\/#\/schema\/logo\/image\/"},"sameAs":["https:\/\/www.facebook.com\/eldiario.bolivia\/","https:\/\/x.com\/eldiario_net"]},{"@type":"Person","@id":"https:\/\/www.eldiario.net\/portal\/#\/schema\/person\/f46445640444750d7d753ccd04ae01b7","name":"Jeanette","image":{"@type":"ImageObject","inLanguage":"es","@id":"https:\/\/secure.gravatar.com\/avatar\/3ea2118a5f7dad2b7138b1187a6b7ee55f160b9968b66013c3a3ef39dd7e5798?s=96&d=mm&r=g","url":"https:\/\/secure.gravatar.com\/avatar\/3ea2118a5f7dad2b7138b1187a6b7ee55f160b9968b66013c3a3ef39dd7e5798?s=96&d=mm&r=g","contentUrl":"https:\/\/secure.gravatar.com\/avatar\/3ea2118a5f7dad2b7138b1187a6b7ee55f160b9968b66013c3a3ef39dd7e5798?s=96&d=mm&r=g","caption":"Jeanette"},"sameAs":["https:\/\/www.eldiario.net\/portal"],"url":"https:\/\/www.eldiario.net\/portal\/author\/jeanette\/"}]}},"_links":{"self":[{"href":"https:\/\/www.eldiario.net\/portal\/wp-json\/wp\/v2\/posts\/185560","targetHints":{"allow":["GET"]}}],"collection":[{"href":"https:\/\/www.eldiario.net\/portal\/wp-json\/wp\/v2\/posts"}],"about":[{"href":"https:\/\/www.eldiario.net\/portal\/wp-json\/wp\/v2\/types\/post"}],"author":[{"embeddable":true,"href":"https:\/\/www.eldiario.net\/portal\/wp-json\/wp\/v2\/users\/1"}],"replies":[{"embeddable":true,"href":"https:\/\/www.eldiario.net\/portal\/wp-json\/wp\/v2\/comments?post=185560"}],"version-history":[{"count":0,"href":"https:\/\/www.eldiario.net\/portal\/wp-json\/wp\/v2\/posts\/185560\/revisions"}],"wp:attachment":[{"href":"https:\/\/www.eldiario.net\/portal\/wp-json\/wp\/v2\/media?parent=185560"}],"wp:term":[{"taxonomy":"category","embeddable":true,"href":"https:\/\/www.eldiario.net\/portal\/wp-json\/wp\/v2\/categories?post=185560"},{"taxonomy":"post_tag","embeddable":true,"href":"https:\/\/www.eldiario.net\/portal\/wp-json\/wp\/v2\/tags?post=185560"}],"curies":[{"name":"wp","href":"https:\/\/api.w.org\/{rel}","templated":true}]}}