{"id":185554,"date":"2023-11-04T06:48:36","date_gmt":"2023-11-04T10:48:36","guid":{"rendered":"https:\/\/www.eldiario.net\/portal\/?p=185554"},"modified":"2023-11-04T06:48:36","modified_gmt":"2023-11-04T10:48:36","slug":"onu-alerta-que-mujeres-y-ninas-son-secuestradas-y-forzadas-a-casarse","status":"publish","type":"post","link":"https:\/\/www.eldiario.net\/portal\/2023\/11\/04\/onu-alerta-que-mujeres-y-ninas-son-secuestradas-y-forzadas-a-casarse\/","title":{"rendered":"ONU alerta que mujeres y ni\u00f1as son  secuestradas y forzadas a casarse"},"content":{"rendered":"<p>La ONU alert\u00f3 ayer que mujeres y ni\u00f1as son secuestradas, forzadas a casarse y retenidas contra su voluntad en condiciones inhumanas y degradantes, similares a la esclavitud en zonas controladas por los paramilitares Fuerzas de Apoyo R\u00e1pido (RSF) en Sud\u00e1n.<br \/>\nLa portavoz del Alto Comisionado de las Naciones Unidas para los Derechos Humanos, Liz Throssell, indic\u00f3 en un comunicado que los indicios apuntan a que al menos una veintena de mujeres est\u00e1n siendo sometidas a estas violaciones, de las cuales muchas son retenidas para solicitar rescates a cambio de su puesta en libertad.<br \/>\nAdvirtieron tambi\u00e9n que algunos testigos dijeron haber presenciado a mujeres y ni\u00f1as encadenadas. \u00abLas denuncias iniciales surgieron al principio del conflicto en la zona de Jartum, que permaneci\u00f3 en gran medida bajo el control de las Fuerzas de Apoyo R\u00e1pido.<br \/>\nEstos estremecedores informes, afirm\u00f3 que se producen en medio de un persistente aumento de los casos de violencia sexual en el pa\u00eds desde que estallaron los combates entre las Fuerzas Armadas y las RSF hace seis meses. Seg\u00fan los documentos, al menos 105 personas fueron objetivo de este tipo de trato desde el inicio de los combates en abril de 2023.<br \/>\nHasta el 2 de noviembre se hab\u00edan registrado informes que recogen m\u00e1s de 50 incidentes de violencia sexual relacionados con estos enfrentamientos, que afectaron al menos a un centenar de personas, entre ellas 86 mujeres, un hombre y 18 ni\u00f1os.<br \/>\nAl menos el 70 por ciento de los incidentes confirmados de violencia sexual registrados, 37 incidentes en total se atribuyen a hombres con uniformes de la RSF, ocho a hombres armados afiliados a la RSF, dos a hombres con uniforme no identificado y uno a las Fuerzas Armadas de Sud\u00e1n. En el resto de los casos se trataba de hombres a\u00fan no identificados, tal como especific\u00f3.<br \/>\nEn este sentido, reiter\u00f3 el llamamiento a las partes a condenar estos actos viles y emitir con car\u00e1cter urgente instrucciones claras a sus subordinados, exigiendo tolerancia cero con la violencia sexual. \u00abTambi\u00e9n deben garantizar que las mujeres y ni\u00f1as secuestradas son liberadas sin demora y que reciben el apoyo necesario, incluida atenci\u00f3n m\u00e9dica y psicosocial\u00bb. (Europa Press)<\/p>\n","protected":false},"excerpt":{"rendered":"<p>La ONU alert\u00f3 ayer que mujeres y ni\u00f1as son secuestradas, forzadas a casarse y retenidas contra su voluntad en condiciones inhumanas y degradantes, similares a la esclavitud en zonas controladas por los paramilitares Fuerzas de Apoyo R\u00e1pido (RSF) en Sud\u00e1n. La portavoz del Alto Comisionado de las Naciones Unidas para los Derechos Humanos, Liz Throssell, [&hellip;]<\/p>\n","protected":false},"author":1,"featured_media":185555,"comment_status":"closed","ping_status":"open","sticky":false,"template":"","format":"standard","meta":{"_acf_changed":false,"footnotes":""},"categories":[3],"tags":[],"class_list":["post-185554","post","type-post","status-publish","format-standard","has-post-thumbnail","category-internacional"],"acf":{"antetitulo":""},"yoast_head":"<!-- This site is optimized with the Yoast SEO plugin v28.4 - https:\/\/yoast.com\/product\/yoast-seo-wordpress\/ -->\n<title>ONU alerta que mujeres y ni\u00f1as son secuestradas y forzadas a casarse - El Diario - Bolivia<\/title>\n<meta name=\"robots\" content=\"index, follow, max-snippet:-1, max-image-preview:large, max-video-preview:-1\" \/>\n<link rel=\"canonical\" href=\"https:\/\/www.eldiario.net\/portal\/2023\/11\/04\/onu-alerta-que-mujeres-y-ninas-son-secuestradas-y-forzadas-a-casarse\/\" \/>\n<meta property=\"og:locale\" content=\"es_ES\" \/>\n<meta property=\"og:type\" content=\"article\" \/>\n<meta property=\"og:title\" content=\"ONU alerta que mujeres y ni\u00f1as son secuestradas y forzadas a casarse - El Diario - Bolivia\" \/>\n<meta property=\"og:description\" content=\"La ONU alert\u00f3 ayer que mujeres y ni\u00f1as son secuestradas, forzadas a casarse y retenidas contra su voluntad en condiciones inhumanas y degradantes, similares a la esclavitud en zonas controladas por los paramilitares Fuerzas de Apoyo R\u00e1pido (RSF) en Sud\u00e1n. La portavoz del Alto Comisionado de las Naciones Unidas para los Derechos Humanos, Liz Throssell, [&hellip;]\" \/>\n<meta property=\"og:url\" content=\"https:\/\/www.eldiario.net\/portal\/2023\/11\/04\/onu-alerta-que-mujeres-y-ninas-son-secuestradas-y-forzadas-a-casarse\/\" \/>\n<meta property=\"og:site_name\" content=\"El Diario - Bolivia\" \/>\n<meta property=\"article:publisher\" content=\"https:\/\/www.facebook.com\/eldiario.bolivia\/\" \/>\n<meta property=\"article:published_time\" content=\"2023-11-04T10:48:36+00:00\" \/>\n<meta property=\"og:image\" content=\"https:\/\/www.eldiario.net\/portal\/wp-content\/uploads\/2023\/11\/MUJERES.jpg\" \/>\n\t<meta property=\"og:image:width\" content=\"1200\" \/>\n\t<meta property=\"og:image:height\" content=\"800\" \/>\n\t<meta property=\"og:image:type\" content=\"image\/jpeg\" \/>\n<meta name=\"author\" content=\"Jeanette\" \/>\n<meta name=\"twitter:card\" content=\"summary_large_image\" \/>\n<meta name=\"twitter:creator\" content=\"@eldiario_net\" \/>\n<meta name=\"twitter:site\" content=\"@eldiario_net\" \/>\n<meta name=\"twitter:label1\" content=\"Escrito por\" \/>\n\t<meta name=\"twitter:data1\" content=\"Jeanette\" \/>\n\t<meta name=\"twitter:label2\" content=\"Tiempo de lectura\" \/>\n\t<meta name=\"twitter:data2\" content=\"2 minutos\" \/>\n<script type=\"application\/ld+json\" class=\"yoast-schema-graph\">{\"@context\":\"https:\\\/\\\/schema.org\",\"@graph\":[{\"@type\":\"Article\",\"@id\":\"https:\\\/\\\/www.eldiario.net\\\/portal\\\/2023\\\/11\\\/04\\\/onu-alerta-que-mujeres-y-ninas-son-secuestradas-y-forzadas-a-casarse\\\/#article\",\"isPartOf\":{\"@id\":\"https:\\\/\\\/www.eldiario.net\\\/portal\\\/2023\\\/11\\\/04\\\/onu-alerta-que-mujeres-y-ninas-son-secuestradas-y-forzadas-a-casarse\\\/\"},\"author\":{\"name\":\"Jeanette\",\"@id\":\"https:\\\/\\\/www.eldiario.net\\\/portal\\\/#\\\/schema\\\/person\\\/f46445640444750d7d753ccd04ae01b7\"},\"headline\":\"ONU alerta que mujeres y ni\u00f1as son secuestradas y forzadas a casarse\",\"datePublished\":\"2023-11-04T10:48:36+00:00\",\"mainEntityOfPage\":{\"@id\":\"https:\\\/\\\/www.eldiario.net\\\/portal\\\/2023\\\/11\\\/04\\\/onu-alerta-que-mujeres-y-ninas-son-secuestradas-y-forzadas-a-casarse\\\/\"},\"wordCount\":381,\"publisher\":{\"@id\":\"https:\\\/\\\/www.eldiario.net\\\/portal\\\/#organization\"},\"image\":{\"@id\":\"https:\\\/\\\/www.eldiario.net\\\/portal\\\/2023\\\/11\\\/04\\\/onu-alerta-que-mujeres-y-ninas-son-secuestradas-y-forzadas-a-casarse\\\/#primaryimage\"},\"thumbnailUrl\":\"https:\\\/\\\/www.eldiario.net\\\/portal\\\/wp-content\\\/uploads\\\/2023\\\/11\\\/MUJERES.jpg\",\"articleSection\":[\"Internacional\"],\"inLanguage\":\"es\"},{\"@type\":\"WebPage\",\"@id\":\"https:\\\/\\\/www.eldiario.net\\\/portal\\\/2023\\\/11\\\/04\\\/onu-alerta-que-mujeres-y-ninas-son-secuestradas-y-forzadas-a-casarse\\\/\",\"url\":\"https:\\\/\\\/www.eldiario.net\\\/portal\\\/2023\\\/11\\\/04\\\/onu-alerta-que-mujeres-y-ninas-son-secuestradas-y-forzadas-a-casarse\\\/\",\"name\":\"ONU alerta que mujeres y ni\u00f1as son secuestradas y forzadas a casarse - El Diario - Bolivia\",\"isPartOf\":{\"@id\":\"https:\\\/\\\/www.eldiario.net\\\/portal\\\/#website\"},\"primaryImageOfPage\":{\"@id\":\"https:\\\/\\\/www.eldiario.net\\\/portal\\\/2023\\\/11\\\/04\\\/onu-alerta-que-mujeres-y-ninas-son-secuestradas-y-forzadas-a-casarse\\\/#primaryimage\"},\"image\":{\"@id\":\"https:\\\/\\\/www.eldiario.net\\\/portal\\\/2023\\\/11\\\/04\\\/onu-alerta-que-mujeres-y-ninas-son-secuestradas-y-forzadas-a-casarse\\\/#primaryimage\"},\"thumbnailUrl\":\"https:\\\/\\\/www.eldiario.net\\\/portal\\\/wp-content\\\/uploads\\\/2023\\\/11\\\/MUJERES.jpg\",\"datePublished\":\"2023-11-04T10:48:36+00:00\",\"breadcrumb\":{\"@id\":\"https:\\\/\\\/www.eldiario.net\\\/portal\\\/2023\\\/11\\\/04\\\/onu-alerta-que-mujeres-y-ninas-son-secuestradas-y-forzadas-a-casarse\\\/#breadcrumb\"},\"inLanguage\":\"es\",\"potentialAction\":[{\"@type\":\"ReadAction\",\"target\":[\"https:\\\/\\\/www.eldiario.net\\\/portal\\\/2023\\\/11\\\/04\\\/onu-alerta-que-mujeres-y-ninas-son-secuestradas-y-forzadas-a-casarse\\\/\"]}]},{\"@type\":\"ImageObject\",\"inLanguage\":\"es\",\"@id\":\"https:\\\/\\\/www.eldiario.net\\\/portal\\\/2023\\\/11\\\/04\\\/onu-alerta-que-mujeres-y-ninas-son-secuestradas-y-forzadas-a-casarse\\\/#primaryimage\",\"url\":\"https:\\\/\\\/www.eldiario.net\\\/portal\\\/wp-content\\\/uploads\\\/2023\\\/11\\\/MUJERES.jpg\",\"contentUrl\":\"https:\\\/\\\/www.eldiario.net\\\/portal\\\/wp-content\\\/uploads\\\/2023\\\/11\\\/MUJERES.jpg\",\"width\":1200,\"height\":800,\"caption\":\"M\u00c1S DE UNA VEINTENA DE MUJERES SON SOMETIDAS A VEJ\u00c1MENES. Europa Press\"},{\"@type\":\"BreadcrumbList\",\"@id\":\"https:\\\/\\\/www.eldiario.net\\\/portal\\\/2023\\\/11\\\/04\\\/onu-alerta-que-mujeres-y-ninas-son-secuestradas-y-forzadas-a-casarse\\\/#breadcrumb\",\"itemListElement\":[{\"@type\":\"ListItem\",\"position\":1,\"name\":\"Portada\",\"item\":\"https:\\\/\\\/www.eldiario.net\\\/portal\\\/\"},{\"@type\":\"ListItem\",\"position\":2,\"name\":\"ONU alerta que mujeres y ni\u00f1as son secuestradas y forzadas a casarse\"}]},{\"@type\":\"WebSite\",\"@id\":\"https:\\\/\\\/www.eldiario.net\\\/portal\\\/#website\",\"url\":\"https:\\\/\\\/www.eldiario.net\\\/portal\\\/\",\"name\":\"El Diario - Decano de la prensa nacional\",\"description\":\"El Diario - Decano de la prensa nacional\",\"publisher\":{\"@id\":\"https:\\\/\\\/www.eldiario.net\\\/portal\\\/#organization\"},\"potentialAction\":[{\"@type\":\"SearchAction\",\"target\":{\"@type\":\"EntryPoint\",\"urlTemplate\":\"https:\\\/\\\/www.eldiario.net\\\/portal\\\/?s={search_term_string}\"},\"query-input\":{\"@type\":\"PropertyValueSpecification\",\"valueRequired\":true,\"valueName\":\"search_term_string\"}}],\"inLanguage\":\"es\"},{\"@type\":\"Organization\",\"@id\":\"https:\\\/\\\/www.eldiario.net\\\/portal\\\/#organization\",\"name\":\"El Diario - Decano de la prensa nacional\",\"url\":\"https:\\\/\\\/www.eldiario.net\\\/portal\\\/\",\"logo\":{\"@type\":\"ImageObject\",\"inLanguage\":\"es\",\"@id\":\"https:\\\/\\\/www.eldiario.net\\\/portal\\\/#\\\/schema\\\/logo\\\/image\\\/\",\"url\":\"https:\\\/\\\/www.eldiario.net\\\/portal\\\/wp-content\\\/uploads\\\/2023\\\/07\\\/logo_ED.jpg\",\"contentUrl\":\"https:\\\/\\\/www.eldiario.net\\\/portal\\\/wp-content\\\/uploads\\\/2023\\\/07\\\/logo_ED.jpg\",\"width\":272,\"height\":52,\"caption\":\"El Diario - Decano de la prensa nacional\"},\"image\":{\"@id\":\"https:\\\/\\\/www.eldiario.net\\\/portal\\\/#\\\/schema\\\/logo\\\/image\\\/\"},\"sameAs\":[\"https:\\\/\\\/www.facebook.com\\\/eldiario.bolivia\\\/\",\"https:\\\/\\\/x.com\\\/eldiario_net\"]},{\"@type\":\"Person\",\"@id\":\"https:\\\/\\\/www.eldiario.net\\\/portal\\\/#\\\/schema\\\/person\\\/f46445640444750d7d753ccd04ae01b7\",\"name\":\"Jeanette\",\"image\":{\"@type\":\"ImageObject\",\"inLanguage\":\"es\",\"@id\":\"https:\\\/\\\/secure.gravatar.com\\\/avatar\\\/3ea2118a5f7dad2b7138b1187a6b7ee55f160b9968b66013c3a3ef39dd7e5798?s=96&d=mm&r=g\",\"url\":\"https:\\\/\\\/secure.gravatar.com\\\/avatar\\\/3ea2118a5f7dad2b7138b1187a6b7ee55f160b9968b66013c3a3ef39dd7e5798?s=96&d=mm&r=g\",\"contentUrl\":\"https:\\\/\\\/secure.gravatar.com\\\/avatar\\\/3ea2118a5f7dad2b7138b1187a6b7ee55f160b9968b66013c3a3ef39dd7e5798?s=96&d=mm&r=g\",\"caption\":\"Jeanette\"},\"sameAs\":[\"https:\\\/\\\/www.eldiario.net\\\/portal\"],\"url\":\"https:\\\/\\\/www.eldiario.net\\\/portal\\\/author\\\/jeanette\\\/\"}]}<\/script>\n<!-- \/ Yoast SEO plugin. -->","yoast_head_json":{"title":"ONU alerta que mujeres y ni\u00f1as son secuestradas y forzadas a casarse - El Diario - Bolivia","robots":{"index":"index","follow":"follow","max-snippet":"max-snippet:-1","max-image-preview":"max-image-preview:large","max-video-preview":"max-video-preview:-1"},"canonical":"https:\/\/www.eldiario.net\/portal\/2023\/11\/04\/onu-alerta-que-mujeres-y-ninas-son-secuestradas-y-forzadas-a-casarse\/","og_locale":"es_ES","og_type":"article","og_title":"ONU alerta que mujeres y ni\u00f1as son secuestradas y forzadas a casarse - El Diario - Bolivia","og_description":"La ONU alert\u00f3 ayer que mujeres y ni\u00f1as son secuestradas, forzadas a casarse y retenidas contra su voluntad en condiciones inhumanas y degradantes, similares a la esclavitud en zonas controladas por los paramilitares Fuerzas de Apoyo R\u00e1pido (RSF) en Sud\u00e1n. La portavoz del Alto Comisionado de las Naciones Unidas para los Derechos Humanos, Liz Throssell, [&hellip;]","og_url":"https:\/\/www.eldiario.net\/portal\/2023\/11\/04\/onu-alerta-que-mujeres-y-ninas-son-secuestradas-y-forzadas-a-casarse\/","og_site_name":"El Diario - Bolivia","article_publisher":"https:\/\/www.facebook.com\/eldiario.bolivia\/","article_published_time":"2023-11-04T10:48:36+00:00","og_image":[{"width":1200,"height":800,"url":"https:\/\/www.eldiario.net\/portal\/wp-content\/uploads\/2023\/11\/MUJERES.jpg","type":"image\/jpeg"}],"author":"Jeanette","twitter_card":"summary_large_image","twitter_creator":"@eldiario_net","twitter_site":"@eldiario_net","twitter_misc":{"Escrito por":"Jeanette","Tiempo de lectura":"2 minutos"},"schema":{"@context":"https:\/\/schema.org","@graph":[{"@type":"Article","@id":"https:\/\/www.eldiario.net\/portal\/2023\/11\/04\/onu-alerta-que-mujeres-y-ninas-son-secuestradas-y-forzadas-a-casarse\/#article","isPartOf":{"@id":"https:\/\/www.eldiario.net\/portal\/2023\/11\/04\/onu-alerta-que-mujeres-y-ninas-son-secuestradas-y-forzadas-a-casarse\/"},"author":{"name":"Jeanette","@id":"https:\/\/www.eldiario.net\/portal\/#\/schema\/person\/f46445640444750d7d753ccd04ae01b7"},"headline":"ONU alerta que mujeres y ni\u00f1as son secuestradas y forzadas a casarse","datePublished":"2023-11-04T10:48:36+00:00","mainEntityOfPage":{"@id":"https:\/\/www.eldiario.net\/portal\/2023\/11\/04\/onu-alerta-que-mujeres-y-ninas-son-secuestradas-y-forzadas-a-casarse\/"},"wordCount":381,"publisher":{"@id":"https:\/\/www.eldiario.net\/portal\/#organization"},"image":{"@id":"https:\/\/www.eldiario.net\/portal\/2023\/11\/04\/onu-alerta-que-mujeres-y-ninas-son-secuestradas-y-forzadas-a-casarse\/#primaryimage"},"thumbnailUrl":"https:\/\/www.eldiario.net\/portal\/wp-content\/uploads\/2023\/11\/MUJERES.jpg","articleSection":["Internacional"],"inLanguage":"es"},{"@type":"WebPage","@id":"https:\/\/www.eldiario.net\/portal\/2023\/11\/04\/onu-alerta-que-mujeres-y-ninas-son-secuestradas-y-forzadas-a-casarse\/","url":"https:\/\/www.eldiario.net\/portal\/2023\/11\/04\/onu-alerta-que-mujeres-y-ninas-son-secuestradas-y-forzadas-a-casarse\/","name":"ONU alerta que mujeres y ni\u00f1as son secuestradas y forzadas a casarse - El Diario - Bolivia","isPartOf":{"@id":"https:\/\/www.eldiario.net\/portal\/#website"},"primaryImageOfPage":{"@id":"https:\/\/www.eldiario.net\/portal\/2023\/11\/04\/onu-alerta-que-mujeres-y-ninas-son-secuestradas-y-forzadas-a-casarse\/#primaryimage"},"image":{"@id":"https:\/\/www.eldiario.net\/portal\/2023\/11\/04\/onu-alerta-que-mujeres-y-ninas-son-secuestradas-y-forzadas-a-casarse\/#primaryimage"},"thumbnailUrl":"https:\/\/www.eldiario.net\/portal\/wp-content\/uploads\/2023\/11\/MUJERES.jpg","datePublished":"2023-11-04T10:48:36+00:00","breadcrumb":{"@id":"https:\/\/www.eldiario.net\/portal\/2023\/11\/04\/onu-alerta-que-mujeres-y-ninas-son-secuestradas-y-forzadas-a-casarse\/#breadcrumb"},"inLanguage":"es","potentialAction":[{"@type":"ReadAction","target":["https:\/\/www.eldiario.net\/portal\/2023\/11\/04\/onu-alerta-que-mujeres-y-ninas-son-secuestradas-y-forzadas-a-casarse\/"]}]},{"@type":"ImageObject","inLanguage":"es","@id":"https:\/\/www.eldiario.net\/portal\/2023\/11\/04\/onu-alerta-que-mujeres-y-ninas-son-secuestradas-y-forzadas-a-casarse\/#primaryimage","url":"https:\/\/www.eldiario.net\/portal\/wp-content\/uploads\/2023\/11\/MUJERES.jpg","contentUrl":"https:\/\/www.eldiario.net\/portal\/wp-content\/uploads\/2023\/11\/MUJERES.jpg","width":1200,"height":800,"caption":"M\u00c1S DE UNA VEINTENA DE MUJERES SON SOMETIDAS A VEJ\u00c1MENES. Europa Press"},{"@type":"BreadcrumbList","@id":"https:\/\/www.eldiario.net\/portal\/2023\/11\/04\/onu-alerta-que-mujeres-y-ninas-son-secuestradas-y-forzadas-a-casarse\/#breadcrumb","itemListElement":[{"@type":"ListItem","position":1,"name":"Portada","item":"https:\/\/www.eldiario.net\/portal\/"},{"@type":"ListItem","position":2,"name":"ONU alerta que mujeres y ni\u00f1as son secuestradas y forzadas a casarse"}]},{"@type":"WebSite","@id":"https:\/\/www.eldiario.net\/portal\/#website","url":"https:\/\/www.eldiario.net\/portal\/","name":"El Diario - Decano de la prensa nacional","description":"El Diario - Decano de la prensa nacional","publisher":{"@id":"https:\/\/www.eldiario.net\/portal\/#organization"},"potentialAction":[{"@type":"SearchAction","target":{"@type":"EntryPoint","urlTemplate":"https:\/\/www.eldiario.net\/portal\/?s={search_term_string}"},"query-input":{"@type":"PropertyValueSpecification","valueRequired":true,"valueName":"search_term_string"}}],"inLanguage":"es"},{"@type":"Organization","@id":"https:\/\/www.eldiario.net\/portal\/#organization","name":"El Diario - Decano de la prensa nacional","url":"https:\/\/www.eldiario.net\/portal\/","logo":{"@type":"ImageObject","inLanguage":"es","@id":"https:\/\/www.eldiario.net\/portal\/#\/schema\/logo\/image\/","url":"https:\/\/www.eldiario.net\/portal\/wp-content\/uploads\/2023\/07\/logo_ED.jpg","contentUrl":"https:\/\/www.eldiario.net\/portal\/wp-content\/uploads\/2023\/07\/logo_ED.jpg","width":272,"height":52,"caption":"El Diario - Decano de la prensa nacional"},"image":{"@id":"https:\/\/www.eldiario.net\/portal\/#\/schema\/logo\/image\/"},"sameAs":["https:\/\/www.facebook.com\/eldiario.bolivia\/","https:\/\/x.com\/eldiario_net"]},{"@type":"Person","@id":"https:\/\/www.eldiario.net\/portal\/#\/schema\/person\/f46445640444750d7d753ccd04ae01b7","name":"Jeanette","image":{"@type":"ImageObject","inLanguage":"es","@id":"https:\/\/secure.gravatar.com\/avatar\/3ea2118a5f7dad2b7138b1187a6b7ee55f160b9968b66013c3a3ef39dd7e5798?s=96&d=mm&r=g","url":"https:\/\/secure.gravatar.com\/avatar\/3ea2118a5f7dad2b7138b1187a6b7ee55f160b9968b66013c3a3ef39dd7e5798?s=96&d=mm&r=g","contentUrl":"https:\/\/secure.gravatar.com\/avatar\/3ea2118a5f7dad2b7138b1187a6b7ee55f160b9968b66013c3a3ef39dd7e5798?s=96&d=mm&r=g","caption":"Jeanette"},"sameAs":["https:\/\/www.eldiario.net\/portal"],"url":"https:\/\/www.eldiario.net\/portal\/author\/jeanette\/"}]}},"_links":{"self":[{"href":"https:\/\/www.eldiario.net\/portal\/wp-json\/wp\/v2\/posts\/185554","targetHints":{"allow":["GET"]}}],"collection":[{"href":"https:\/\/www.eldiario.net\/portal\/wp-json\/wp\/v2\/posts"}],"about":[{"href":"https:\/\/www.eldiario.net\/portal\/wp-json\/wp\/v2\/types\/post"}],"author":[{"embeddable":true,"href":"https:\/\/www.eldiario.net\/portal\/wp-json\/wp\/v2\/users\/1"}],"replies":[{"embeddable":true,"href":"https:\/\/www.eldiario.net\/portal\/wp-json\/wp\/v2\/comments?post=185554"}],"version-history":[{"count":0,"href":"https:\/\/www.eldiario.net\/portal\/wp-json\/wp\/v2\/posts\/185554\/revisions"}],"wp:featuredmedia":[{"embeddable":true,"href":"https:\/\/www.eldiario.net\/portal\/wp-json\/wp\/v2\/media\/185555"}],"wp:attachment":[{"href":"https:\/\/www.eldiario.net\/portal\/wp-json\/wp\/v2\/media?parent=185554"}],"wp:term":[{"taxonomy":"category","embeddable":true,"href":"https:\/\/www.eldiario.net\/portal\/wp-json\/wp\/v2\/categories?post=185554"},{"taxonomy":"post_tag","embeddable":true,"href":"https:\/\/www.eldiario.net\/portal\/wp-json\/wp\/v2\/tags?post=185554"}],"curies":[{"name":"wp","href":"https:\/\/api.w.org\/{rel}","templated":true}]}}