{"id":185547,"date":"2023-11-04T06:44:54","date_gmt":"2023-11-04T10:44:54","guid":{"rendered":"https:\/\/www.eldiario.net\/portal\/?p=185547"},"modified":"2023-11-04T06:44:54","modified_gmt":"2023-11-04T10:44:54","slug":"suben-a-mas-de-9-250-palestinos-fallecidos-por-ataques-de-israel","status":"publish","type":"post","link":"https:\/\/www.eldiario.net\/portal\/2023\/11\/04\/suben-a-mas-de-9-250-palestinos-fallecidos-por-ataques-de-israel\/","title":{"rendered":"Suben a m\u00e1s de 9.250 palestinos  fallecidos por ataques de Israel"},"content":{"rendered":"<p>El n\u00famero de palestinos muertos a causa de la ofensiva del Ej\u00e9rcito de Israel contra la Franja de Gaza tras los ataques ejecutados el 7 de octubre por el Movimiento de Resistencia Isl\u00e1mica (Ham\u00e1s) ascendieron a m\u00e1s de 9.250, seg\u00fan indicaron las autoridades del enclave palestino, controlado por el grupo islamista.<br \/>\nEl Ministerio de Sanidad gazat\u00ed se\u00f1al\u00f3 en un mensaje que hasta ahora se confirm\u00f3 la muerte de 9.257 personas, entre ellos 3.826 ni\u00f1os, mientras que 23.516 resultaron heridos. \u00abLa ocupaci\u00f3n israel\u00ed cometi\u00f3 16 masacres durante las \u00faltimas 24 horas, con 196 m\u00e1rtires\u00bb, especific\u00f3.<br \/>\nAsimismo, apunt\u00f3 que hasta ahora recibi\u00f3 informes sobre 2.100 personas desaparecidas, incluidos 1.200 ni\u00f1os que a\u00fan est\u00e1n bajo los escombros, a tiempo de manifestar que el Ej\u00e9rcito de Israel, atac\u00f3 de forma deliberada 102 instituciones sanitarias, por lo que 16 hospitales y 32 centros de atenci\u00f3n primaria est\u00e1n fuera de servicio, tanto por los bombardeos como por la falta de combustible.<br \/>\n\u00abLa ocupaci\u00f3n israel\u00ed impide de forma deliberada que los heridos en hospitales en el norte de la Franja de Gaza puedan salir para recibir tratamiento en Egipto, debido al corte de carreteras entre el norte y el sur de la Franja\u00bb, denunci\u00f3.<br \/>\nEn este sentido, alert\u00f3 \u201cque cortar la electricidad a las salas del hospital afectar\u00e1 la capacidad de los equipos m\u00e9dicos para supervisar los signos vitales de los pacientes hospitalizados e intervenir de forma adecuada, lo que tendr\u00e1 graves consecuencias para las vidas de heridos y enfermos\u00bb, manifest\u00f3, antes de pedir a todas las instituciones internacionales que intervengan urgentemente para entregar combustible a estos centros.<br \/>\n\u00abPedimos a todas las partes relevantes que garanticen un paso seguro a la entrega urgente de suministros m\u00e9dicos, combustible y delegaciones m\u00e9dicas para salvar a miles de enfermos y heridos\u00bb, dijo el ministerio, que mostr\u00f3 su agradecimiento a la decisi\u00f3n positiva de Egipto de autorizar la salida de decenas de heridos y sus acompa\u00f1antes durante los \u00faltimos tres d\u00edas a trav\u00e9s del paso de Raf\u00e1, en la frontera con Gaza.<br \/>\n\u00abReiteramos la necesidad de esfuerzos concertados para la salida cuanto antes de cientos de heridos graves y cientos de casos complejos para que no perdamos a m\u00e1s gente por la falta de tratamiento en los hospitales de la Franja de Gaza\u00bb, afirm\u00f3.<br \/>\nIsrael lanz\u00f3 una ofensiva militar que incluye desde hace d\u00edas operaciones terrestres en respuesta a los ataques ejecutados el 7 de octubre por Ham\u00e1s, que dejaron cerca de 1.400 muertos y m\u00e1s de 240 secuestrados, seg\u00fan los balances facilitados por las autoridades israel\u00edes. Asimismo, m\u00e1s de 140 palestinos murieron en operaciones de las fuerzas israel\u00edes y ataques de colonos en Cisjordania. (Europa Press)<\/p>\n","protected":false},"excerpt":{"rendered":"<p>El n\u00famero de palestinos muertos a causa de la ofensiva del Ej\u00e9rcito de Israel contra la Franja de Gaza tras los ataques ejecutados el 7 de octubre por el Movimiento de Resistencia Isl\u00e1mica (Ham\u00e1s) ascendieron a m\u00e1s de 9.250, seg\u00fan indicaron las autoridades del enclave palestino, controlado por el grupo islamista. El Ministerio de Sanidad [&hellip;]<\/p>\n","protected":false},"author":1,"featured_media":185548,"comment_status":"closed","ping_status":"open","sticky":false,"template":"","format":"standard","meta":{"_acf_changed":false,"footnotes":""},"categories":[3],"tags":[],"class_list":["post-185547","post","type-post","status-publish","format-standard","has-post-thumbnail","category-internacional"],"acf":{"antetitulo":""},"yoast_head":"<!-- This site is optimized with the Yoast SEO plugin v28.4 - https:\/\/yoast.com\/product\/yoast-seo-wordpress\/ -->\n<title>Suben a m\u00e1s de 9.250 palestinos fallecidos por ataques de Israel - El Diario - Bolivia<\/title>\n<meta name=\"robots\" content=\"index, follow, max-snippet:-1, max-image-preview:large, max-video-preview:-1\" \/>\n<link rel=\"canonical\" href=\"https:\/\/www.eldiario.net\/portal\/2023\/11\/04\/suben-a-mas-de-9-250-palestinos-fallecidos-por-ataques-de-israel\/\" \/>\n<meta property=\"og:locale\" content=\"es_ES\" \/>\n<meta property=\"og:type\" content=\"article\" \/>\n<meta property=\"og:title\" content=\"Suben a m\u00e1s de 9.250 palestinos fallecidos por ataques de Israel - El Diario - Bolivia\" \/>\n<meta property=\"og:description\" content=\"El n\u00famero de palestinos muertos a causa de la ofensiva del Ej\u00e9rcito de Israel contra la Franja de Gaza tras los ataques ejecutados el 7 de octubre por el Movimiento de Resistencia Isl\u00e1mica (Ham\u00e1s) ascendieron a m\u00e1s de 9.250, seg\u00fan indicaron las autoridades del enclave palestino, controlado por el grupo islamista. El Ministerio de Sanidad [&hellip;]\" \/>\n<meta property=\"og:url\" content=\"https:\/\/www.eldiario.net\/portal\/2023\/11\/04\/suben-a-mas-de-9-250-palestinos-fallecidos-por-ataques-de-israel\/\" \/>\n<meta property=\"og:site_name\" content=\"El Diario - Bolivia\" \/>\n<meta property=\"article:publisher\" content=\"https:\/\/www.facebook.com\/eldiario.bolivia\/\" \/>\n<meta property=\"article:published_time\" content=\"2023-11-04T10:44:54+00:00\" \/>\n<meta property=\"og:image\" content=\"https:\/\/www.eldiario.net\/portal\/wp-content\/uploads\/2023\/11\/BOMBA.webp\" \/>\n\t<meta property=\"og:image:width\" content=\"1024\" \/>\n\t<meta property=\"og:image:height\" content=\"694\" \/>\n\t<meta property=\"og:image:type\" content=\"image\/webp\" \/>\n<meta name=\"author\" content=\"Jeanette\" \/>\n<meta name=\"twitter:card\" content=\"summary_large_image\" \/>\n<meta name=\"twitter:creator\" content=\"@eldiario_net\" \/>\n<meta name=\"twitter:site\" content=\"@eldiario_net\" \/>\n<meta name=\"twitter:label1\" content=\"Escrito por\" \/>\n\t<meta name=\"twitter:data1\" content=\"Jeanette\" \/>\n\t<meta name=\"twitter:label2\" content=\"Tiempo de lectura\" \/>\n\t<meta name=\"twitter:data2\" content=\"2 minutos\" \/>\n<script type=\"application\/ld+json\" class=\"yoast-schema-graph\">{\"@context\":\"https:\\\/\\\/schema.org\",\"@graph\":[{\"@type\":\"Article\",\"@id\":\"https:\\\/\\\/www.eldiario.net\\\/portal\\\/2023\\\/11\\\/04\\\/suben-a-mas-de-9-250-palestinos-fallecidos-por-ataques-de-israel\\\/#article\",\"isPartOf\":{\"@id\":\"https:\\\/\\\/www.eldiario.net\\\/portal\\\/2023\\\/11\\\/04\\\/suben-a-mas-de-9-250-palestinos-fallecidos-por-ataques-de-israel\\\/\"},\"author\":{\"name\":\"Jeanette\",\"@id\":\"https:\\\/\\\/www.eldiario.net\\\/portal\\\/#\\\/schema\\\/person\\\/f46445640444750d7d753ccd04ae01b7\"},\"headline\":\"Suben a m\u00e1s de 9.250 palestinos fallecidos por ataques de Israel\",\"datePublished\":\"2023-11-04T10:44:54+00:00\",\"mainEntityOfPage\":{\"@id\":\"https:\\\/\\\/www.eldiario.net\\\/portal\\\/2023\\\/11\\\/04\\\/suben-a-mas-de-9-250-palestinos-fallecidos-por-ataques-de-israel\\\/\"},\"wordCount\":462,\"publisher\":{\"@id\":\"https:\\\/\\\/www.eldiario.net\\\/portal\\\/#organization\"},\"image\":{\"@id\":\"https:\\\/\\\/www.eldiario.net\\\/portal\\\/2023\\\/11\\\/04\\\/suben-a-mas-de-9-250-palestinos-fallecidos-por-ataques-de-israel\\\/#primaryimage\"},\"thumbnailUrl\":\"https:\\\/\\\/www.eldiario.net\\\/portal\\\/wp-content\\\/uploads\\\/2023\\\/11\\\/BOMBA.webp\",\"articleSection\":[\"Internacional\"],\"inLanguage\":\"es\"},{\"@type\":\"WebPage\",\"@id\":\"https:\\\/\\\/www.eldiario.net\\\/portal\\\/2023\\\/11\\\/04\\\/suben-a-mas-de-9-250-palestinos-fallecidos-por-ataques-de-israel\\\/\",\"url\":\"https:\\\/\\\/www.eldiario.net\\\/portal\\\/2023\\\/11\\\/04\\\/suben-a-mas-de-9-250-palestinos-fallecidos-por-ataques-de-israel\\\/\",\"name\":\"Suben a m\u00e1s de 9.250 palestinos fallecidos por ataques de Israel - El Diario - Bolivia\",\"isPartOf\":{\"@id\":\"https:\\\/\\\/www.eldiario.net\\\/portal\\\/#website\"},\"primaryImageOfPage\":{\"@id\":\"https:\\\/\\\/www.eldiario.net\\\/portal\\\/2023\\\/11\\\/04\\\/suben-a-mas-de-9-250-palestinos-fallecidos-por-ataques-de-israel\\\/#primaryimage\"},\"image\":{\"@id\":\"https:\\\/\\\/www.eldiario.net\\\/portal\\\/2023\\\/11\\\/04\\\/suben-a-mas-de-9-250-palestinos-fallecidos-por-ataques-de-israel\\\/#primaryimage\"},\"thumbnailUrl\":\"https:\\\/\\\/www.eldiario.net\\\/portal\\\/wp-content\\\/uploads\\\/2023\\\/11\\\/BOMBA.webp\",\"datePublished\":\"2023-11-04T10:44:54+00:00\",\"breadcrumb\":{\"@id\":\"https:\\\/\\\/www.eldiario.net\\\/portal\\\/2023\\\/11\\\/04\\\/suben-a-mas-de-9-250-palestinos-fallecidos-por-ataques-de-israel\\\/#breadcrumb\"},\"inLanguage\":\"es\",\"potentialAction\":[{\"@type\":\"ReadAction\",\"target\":[\"https:\\\/\\\/www.eldiario.net\\\/portal\\\/2023\\\/11\\\/04\\\/suben-a-mas-de-9-250-palestinos-fallecidos-por-ataques-de-israel\\\/\"]}]},{\"@type\":\"ImageObject\",\"inLanguage\":\"es\",\"@id\":\"https:\\\/\\\/www.eldiario.net\\\/portal\\\/2023\\\/11\\\/04\\\/suben-a-mas-de-9-250-palestinos-fallecidos-por-ataques-de-israel\\\/#primaryimage\",\"url\":\"https:\\\/\\\/www.eldiario.net\\\/portal\\\/wp-content\\\/uploads\\\/2023\\\/11\\\/BOMBA.webp\",\"contentUrl\":\"https:\\\/\\\/www.eldiario.net\\\/portal\\\/wp-content\\\/uploads\\\/2023\\\/11\\\/BOMBA.webp\",\"width\":1024,\"height\":694,\"caption\":\"LOS BOMBARDEOS DEJAN MILES DE FALLECIDOS QUE TODAV\u00cdA PUEDEN IR SUBIeNDO. CNN en espa\u00f1ol\"},{\"@type\":\"BreadcrumbList\",\"@id\":\"https:\\\/\\\/www.eldiario.net\\\/portal\\\/2023\\\/11\\\/04\\\/suben-a-mas-de-9-250-palestinos-fallecidos-por-ataques-de-israel\\\/#breadcrumb\",\"itemListElement\":[{\"@type\":\"ListItem\",\"position\":1,\"name\":\"Portada\",\"item\":\"https:\\\/\\\/www.eldiario.net\\\/portal\\\/\"},{\"@type\":\"ListItem\",\"position\":2,\"name\":\"Suben a m\u00e1s de 9.250 palestinos fallecidos por ataques de Israel\"}]},{\"@type\":\"WebSite\",\"@id\":\"https:\\\/\\\/www.eldiario.net\\\/portal\\\/#website\",\"url\":\"https:\\\/\\\/www.eldiario.net\\\/portal\\\/\",\"name\":\"El Diario - Decano de la prensa nacional\",\"description\":\"El Diario - Decano de la prensa nacional\",\"publisher\":{\"@id\":\"https:\\\/\\\/www.eldiario.net\\\/portal\\\/#organization\"},\"potentialAction\":[{\"@type\":\"SearchAction\",\"target\":{\"@type\":\"EntryPoint\",\"urlTemplate\":\"https:\\\/\\\/www.eldiario.net\\\/portal\\\/?s={search_term_string}\"},\"query-input\":{\"@type\":\"PropertyValueSpecification\",\"valueRequired\":true,\"valueName\":\"search_term_string\"}}],\"inLanguage\":\"es\"},{\"@type\":\"Organization\",\"@id\":\"https:\\\/\\\/www.eldiario.net\\\/portal\\\/#organization\",\"name\":\"El Diario - Decano de la prensa nacional\",\"url\":\"https:\\\/\\\/www.eldiario.net\\\/portal\\\/\",\"logo\":{\"@type\":\"ImageObject\",\"inLanguage\":\"es\",\"@id\":\"https:\\\/\\\/www.eldiario.net\\\/portal\\\/#\\\/schema\\\/logo\\\/image\\\/\",\"url\":\"https:\\\/\\\/www.eldiario.net\\\/portal\\\/wp-content\\\/uploads\\\/2023\\\/07\\\/logo_ED.jpg\",\"contentUrl\":\"https:\\\/\\\/www.eldiario.net\\\/portal\\\/wp-content\\\/uploads\\\/2023\\\/07\\\/logo_ED.jpg\",\"width\":272,\"height\":52,\"caption\":\"El Diario - Decano de la prensa nacional\"},\"image\":{\"@id\":\"https:\\\/\\\/www.eldiario.net\\\/portal\\\/#\\\/schema\\\/logo\\\/image\\\/\"},\"sameAs\":[\"https:\\\/\\\/www.facebook.com\\\/eldiario.bolivia\\\/\",\"https:\\\/\\\/x.com\\\/eldiario_net\"]},{\"@type\":\"Person\",\"@id\":\"https:\\\/\\\/www.eldiario.net\\\/portal\\\/#\\\/schema\\\/person\\\/f46445640444750d7d753ccd04ae01b7\",\"name\":\"Jeanette\",\"image\":{\"@type\":\"ImageObject\",\"inLanguage\":\"es\",\"@id\":\"https:\\\/\\\/secure.gravatar.com\\\/avatar\\\/3ea2118a5f7dad2b7138b1187a6b7ee55f160b9968b66013c3a3ef39dd7e5798?s=96&d=mm&r=g\",\"url\":\"https:\\\/\\\/secure.gravatar.com\\\/avatar\\\/3ea2118a5f7dad2b7138b1187a6b7ee55f160b9968b66013c3a3ef39dd7e5798?s=96&d=mm&r=g\",\"contentUrl\":\"https:\\\/\\\/secure.gravatar.com\\\/avatar\\\/3ea2118a5f7dad2b7138b1187a6b7ee55f160b9968b66013c3a3ef39dd7e5798?s=96&d=mm&r=g\",\"caption\":\"Jeanette\"},\"sameAs\":[\"https:\\\/\\\/www.eldiario.net\\\/portal\"],\"url\":\"https:\\\/\\\/www.eldiario.net\\\/portal\\\/author\\\/jeanette\\\/\"}]}<\/script>\n<!-- \/ Yoast SEO plugin. -->","yoast_head_json":{"title":"Suben a m\u00e1s de 9.250 palestinos fallecidos por ataques de Israel - El Diario - Bolivia","robots":{"index":"index","follow":"follow","max-snippet":"max-snippet:-1","max-image-preview":"max-image-preview:large","max-video-preview":"max-video-preview:-1"},"canonical":"https:\/\/www.eldiario.net\/portal\/2023\/11\/04\/suben-a-mas-de-9-250-palestinos-fallecidos-por-ataques-de-israel\/","og_locale":"es_ES","og_type":"article","og_title":"Suben a m\u00e1s de 9.250 palestinos fallecidos por ataques de Israel - El Diario - Bolivia","og_description":"El n\u00famero de palestinos muertos a causa de la ofensiva del Ej\u00e9rcito de Israel contra la Franja de Gaza tras los ataques ejecutados el 7 de octubre por el Movimiento de Resistencia Isl\u00e1mica (Ham\u00e1s) ascendieron a m\u00e1s de 9.250, seg\u00fan indicaron las autoridades del enclave palestino, controlado por el grupo islamista. El Ministerio de Sanidad [&hellip;]","og_url":"https:\/\/www.eldiario.net\/portal\/2023\/11\/04\/suben-a-mas-de-9-250-palestinos-fallecidos-por-ataques-de-israel\/","og_site_name":"El Diario - Bolivia","article_publisher":"https:\/\/www.facebook.com\/eldiario.bolivia\/","article_published_time":"2023-11-04T10:44:54+00:00","og_image":[{"width":1024,"height":694,"url":"https:\/\/www.eldiario.net\/portal\/wp-content\/uploads\/2023\/11\/BOMBA.webp","type":"image\/webp"}],"author":"Jeanette","twitter_card":"summary_large_image","twitter_creator":"@eldiario_net","twitter_site":"@eldiario_net","twitter_misc":{"Escrito por":"Jeanette","Tiempo de lectura":"2 minutos"},"schema":{"@context":"https:\/\/schema.org","@graph":[{"@type":"Article","@id":"https:\/\/www.eldiario.net\/portal\/2023\/11\/04\/suben-a-mas-de-9-250-palestinos-fallecidos-por-ataques-de-israel\/#article","isPartOf":{"@id":"https:\/\/www.eldiario.net\/portal\/2023\/11\/04\/suben-a-mas-de-9-250-palestinos-fallecidos-por-ataques-de-israel\/"},"author":{"name":"Jeanette","@id":"https:\/\/www.eldiario.net\/portal\/#\/schema\/person\/f46445640444750d7d753ccd04ae01b7"},"headline":"Suben a m\u00e1s de 9.250 palestinos fallecidos por ataques de Israel","datePublished":"2023-11-04T10:44:54+00:00","mainEntityOfPage":{"@id":"https:\/\/www.eldiario.net\/portal\/2023\/11\/04\/suben-a-mas-de-9-250-palestinos-fallecidos-por-ataques-de-israel\/"},"wordCount":462,"publisher":{"@id":"https:\/\/www.eldiario.net\/portal\/#organization"},"image":{"@id":"https:\/\/www.eldiario.net\/portal\/2023\/11\/04\/suben-a-mas-de-9-250-palestinos-fallecidos-por-ataques-de-israel\/#primaryimage"},"thumbnailUrl":"https:\/\/www.eldiario.net\/portal\/wp-content\/uploads\/2023\/11\/BOMBA.webp","articleSection":["Internacional"],"inLanguage":"es"},{"@type":"WebPage","@id":"https:\/\/www.eldiario.net\/portal\/2023\/11\/04\/suben-a-mas-de-9-250-palestinos-fallecidos-por-ataques-de-israel\/","url":"https:\/\/www.eldiario.net\/portal\/2023\/11\/04\/suben-a-mas-de-9-250-palestinos-fallecidos-por-ataques-de-israel\/","name":"Suben a m\u00e1s de 9.250 palestinos fallecidos por ataques de Israel - El Diario - Bolivia","isPartOf":{"@id":"https:\/\/www.eldiario.net\/portal\/#website"},"primaryImageOfPage":{"@id":"https:\/\/www.eldiario.net\/portal\/2023\/11\/04\/suben-a-mas-de-9-250-palestinos-fallecidos-por-ataques-de-israel\/#primaryimage"},"image":{"@id":"https:\/\/www.eldiario.net\/portal\/2023\/11\/04\/suben-a-mas-de-9-250-palestinos-fallecidos-por-ataques-de-israel\/#primaryimage"},"thumbnailUrl":"https:\/\/www.eldiario.net\/portal\/wp-content\/uploads\/2023\/11\/BOMBA.webp","datePublished":"2023-11-04T10:44:54+00:00","breadcrumb":{"@id":"https:\/\/www.eldiario.net\/portal\/2023\/11\/04\/suben-a-mas-de-9-250-palestinos-fallecidos-por-ataques-de-israel\/#breadcrumb"},"inLanguage":"es","potentialAction":[{"@type":"ReadAction","target":["https:\/\/www.eldiario.net\/portal\/2023\/11\/04\/suben-a-mas-de-9-250-palestinos-fallecidos-por-ataques-de-israel\/"]}]},{"@type":"ImageObject","inLanguage":"es","@id":"https:\/\/www.eldiario.net\/portal\/2023\/11\/04\/suben-a-mas-de-9-250-palestinos-fallecidos-por-ataques-de-israel\/#primaryimage","url":"https:\/\/www.eldiario.net\/portal\/wp-content\/uploads\/2023\/11\/BOMBA.webp","contentUrl":"https:\/\/www.eldiario.net\/portal\/wp-content\/uploads\/2023\/11\/BOMBA.webp","width":1024,"height":694,"caption":"LOS BOMBARDEOS DEJAN MILES DE FALLECIDOS QUE TODAV\u00cdA PUEDEN IR SUBIeNDO. CNN en espa\u00f1ol"},{"@type":"BreadcrumbList","@id":"https:\/\/www.eldiario.net\/portal\/2023\/11\/04\/suben-a-mas-de-9-250-palestinos-fallecidos-por-ataques-de-israel\/#breadcrumb","itemListElement":[{"@type":"ListItem","position":1,"name":"Portada","item":"https:\/\/www.eldiario.net\/portal\/"},{"@type":"ListItem","position":2,"name":"Suben a m\u00e1s de 9.250 palestinos fallecidos por ataques de Israel"}]},{"@type":"WebSite","@id":"https:\/\/www.eldiario.net\/portal\/#website","url":"https:\/\/www.eldiario.net\/portal\/","name":"El Diario - Decano de la prensa nacional","description":"El Diario - Decano de la prensa nacional","publisher":{"@id":"https:\/\/www.eldiario.net\/portal\/#organization"},"potentialAction":[{"@type":"SearchAction","target":{"@type":"EntryPoint","urlTemplate":"https:\/\/www.eldiario.net\/portal\/?s={search_term_string}"},"query-input":{"@type":"PropertyValueSpecification","valueRequired":true,"valueName":"search_term_string"}}],"inLanguage":"es"},{"@type":"Organization","@id":"https:\/\/www.eldiario.net\/portal\/#organization","name":"El Diario - Decano de la prensa nacional","url":"https:\/\/www.eldiario.net\/portal\/","logo":{"@type":"ImageObject","inLanguage":"es","@id":"https:\/\/www.eldiario.net\/portal\/#\/schema\/logo\/image\/","url":"https:\/\/www.eldiario.net\/portal\/wp-content\/uploads\/2023\/07\/logo_ED.jpg","contentUrl":"https:\/\/www.eldiario.net\/portal\/wp-content\/uploads\/2023\/07\/logo_ED.jpg","width":272,"height":52,"caption":"El Diario - Decano de la prensa nacional"},"image":{"@id":"https:\/\/www.eldiario.net\/portal\/#\/schema\/logo\/image\/"},"sameAs":["https:\/\/www.facebook.com\/eldiario.bolivia\/","https:\/\/x.com\/eldiario_net"]},{"@type":"Person","@id":"https:\/\/www.eldiario.net\/portal\/#\/schema\/person\/f46445640444750d7d753ccd04ae01b7","name":"Jeanette","image":{"@type":"ImageObject","inLanguage":"es","@id":"https:\/\/secure.gravatar.com\/avatar\/3ea2118a5f7dad2b7138b1187a6b7ee55f160b9968b66013c3a3ef39dd7e5798?s=96&d=mm&r=g","url":"https:\/\/secure.gravatar.com\/avatar\/3ea2118a5f7dad2b7138b1187a6b7ee55f160b9968b66013c3a3ef39dd7e5798?s=96&d=mm&r=g","contentUrl":"https:\/\/secure.gravatar.com\/avatar\/3ea2118a5f7dad2b7138b1187a6b7ee55f160b9968b66013c3a3ef39dd7e5798?s=96&d=mm&r=g","caption":"Jeanette"},"sameAs":["https:\/\/www.eldiario.net\/portal"],"url":"https:\/\/www.eldiario.net\/portal\/author\/jeanette\/"}]}},"_links":{"self":[{"href":"https:\/\/www.eldiario.net\/portal\/wp-json\/wp\/v2\/posts\/185547","targetHints":{"allow":["GET"]}}],"collection":[{"href":"https:\/\/www.eldiario.net\/portal\/wp-json\/wp\/v2\/posts"}],"about":[{"href":"https:\/\/www.eldiario.net\/portal\/wp-json\/wp\/v2\/types\/post"}],"author":[{"embeddable":true,"href":"https:\/\/www.eldiario.net\/portal\/wp-json\/wp\/v2\/users\/1"}],"replies":[{"embeddable":true,"href":"https:\/\/www.eldiario.net\/portal\/wp-json\/wp\/v2\/comments?post=185547"}],"version-history":[{"count":0,"href":"https:\/\/www.eldiario.net\/portal\/wp-json\/wp\/v2\/posts\/185547\/revisions"}],"wp:featuredmedia":[{"embeddable":true,"href":"https:\/\/www.eldiario.net\/portal\/wp-json\/wp\/v2\/media\/185548"}],"wp:attachment":[{"href":"https:\/\/www.eldiario.net\/portal\/wp-json\/wp\/v2\/media?parent=185547"}],"wp:term":[{"taxonomy":"category","embeddable":true,"href":"https:\/\/www.eldiario.net\/portal\/wp-json\/wp\/v2\/categories?post=185547"},{"taxonomy":"post_tag","embeddable":true,"href":"https:\/\/www.eldiario.net\/portal\/wp-json\/wp\/v2\/tags?post=185547"}],"curies":[{"name":"wp","href":"https:\/\/api.w.org\/{rel}","templated":true}]}}