{"id":185541,"date":"2023-11-04T06:42:20","date_gmt":"2023-11-04T10:42:20","guid":{"rendered":"https:\/\/www.eldiario.net\/portal\/?p=185541"},"modified":"2023-11-04T06:42:20","modified_gmt":"2023-11-04T10:42:20","slug":"arcistas-toman-control-de-camara-de-diputados","status":"publish","type":"post","link":"https:\/\/www.eldiario.net\/portal\/2023\/11\/04\/arcistas-toman-control-de-camara-de-diputados\/","title":{"rendered":"Arcistas toman control de C\u00e1mara de Diputados"},"content":{"rendered":"<p>Tras una sesi\u00f3n marcada por la divisi\u00f3n interna en las tres fuerzas pol\u00edticas, el diputado potosino, Israel Huaytari, del ala \u201carcista\u201d en el Movimiento al Socialismo (MAS) fue elegido como nuevo presidente de la C\u00e1mara de Diputados para la legislatura 2023-2024; mientras que en el Senado los bloques no defin\u00edan sus candidatos para la renovaci\u00f3n de la directiva.<br \/>\nEn la C\u00e1mara Baja, el resto de la directiva est\u00e1 compuesto por la diputada Ver\u00f3nica Chalco (MAS) en la primera vicepresidencia; la diputada Luisa Nayar (CC) en la segunda vicepresidencia; asimismo, la diputada Rosario Garc\u00eda (MAS) ocupa la primera secretar\u00eda; el diputado Juan Jos\u00e9 Huanca (MAS) en la segunda secretar\u00eda; Jos\u00e9 Maldonado Gemio (CC) en la tercera secretar\u00eda; y Mar\u00eda Ren\u00e9 \u00c1lvarez (Creemos) en la cuarta secretar\u00eda.<br \/>\nEl cargo de la cuarta secretar\u00eda tuvo que ser definido entre los asamble\u00edstas postulados por las dos facciones de Creemos, donde la diputada \u00c1lvarez se impuso a su colega Jos\u00e9 Carlos Guti\u00e9rrez en la modalidad de voto electr\u00f3nico.<br \/>\nPosteriormente, el nuevo presidente de la C\u00e1mara de Diputados, Israel Huaytari, pidi\u00f3 a los legisladores del Movimiento al Socialismo (MAS), del ala \u201cevista\u201d, no obstaculizar su gesti\u00f3n y apoyar los diferentes proyectos de ley que buscan beneficiar al pa\u00eds.<br \/>\nEn su primer discurso, el legislador potosino dijo que espera que en esta nueva legislatura 2023-2024 el resto de sus colegas del MAS puedan apoyar a la gesti\u00f3n del presidente Luis Arce.<br \/>\nRecord\u00f3 que en los 14 a\u00f1os que gobern\u00f3 Evo Morales brind\u00f3 su apoyo, al igual que su regi\u00f3n, pero en la actualidad cuestion\u00f3 que haya ocurrido lo mismo con los \u201cevistas\u201d en la administraci\u00f3n de Arce.<\/p>\n<p>SIN DIFINICI\u00d3N DE<br \/>\nCANDIDATOS<br \/>\nEn la C\u00e1mara de Senadores la conformaci\u00f3n de la nueva directiva tuvo dificultades, los bloques del MAS no defin\u00edan a sus candidatos. El a\u00fan presidente Andr\u00f3nico Rodr\u00edguez puso a disposici\u00f3n la suya y ret\u00f3 a sus colegas a ponerse de acuerdo como bancada.<br \/>\nLos senadores volvieron a sesionar despu\u00e9s de casi ocho horas de cuarto intermedio. Pasadas las 22:20 de ayer reinstal\u00f3 su sesi\u00f3n en busca de elegir a la nueva directiva.<br \/>\nLuego de una hora de sesi\u00f3n, se dispuso un nuevo cuarto intermedio cerca de la media noche, debido a que la bancada del MAS no logr\u00f3 acordar cu\u00e1les ser\u00e1n sus candidatos para la renovaci\u00f3n de la directiva de la C\u00e1mara Alta.<\/p>\n<div id='gallery-1' class='gallery galleryid-185541 gallery-columns-3 gallery-size-medium'><figure class='gallery-item'>\n\t\t\t<div class='gallery-icon landscape'>\n\t\t\t\t<a href='https:\/\/www.eldiario.net\/portal\/presidente-de-la-camara-de-diputados-israel-huaytari\/'><img loading=\"lazy\" decoding=\"async\" width=\"300\" height=\"226\" src=\"https:\/\/www.eldiario.net\/portal\/wp-content\/uploads\/2023\/11\/P-1-10-cm-x-10-scaled-1-300x226.jpg\" class=\"attachment-medium size-medium\" alt=\"\" aria-describedby=\"gallery-1-185542\" srcset=\"https:\/\/www.eldiario.net\/portal\/wp-content\/uploads\/2023\/11\/P-1-10-cm-x-10-scaled-1-300x226.jpg 300w, https:\/\/www.eldiario.net\/portal\/wp-content\/uploads\/2023\/11\/P-1-10-cm-x-10-scaled-1-1024x772.jpg 1024w, https:\/\/www.eldiario.net\/portal\/wp-content\/uploads\/2023\/11\/P-1-10-cm-x-10-scaled-1-768x579.jpg 768w, https:\/\/www.eldiario.net\/portal\/wp-content\/uploads\/2023\/11\/P-1-10-cm-x-10-scaled-1-1536x1159.jpg 1536w, https:\/\/www.eldiario.net\/portal\/wp-content\/uploads\/2023\/11\/P-1-10-cm-x-10-scaled-1-2048x1545.jpg 2048w, https:\/\/www.eldiario.net\/portal\/wp-content\/uploads\/2023\/11\/P-1-10-cm-x-10-scaled-1-696x525.jpg 696w, https:\/\/www.eldiario.net\/portal\/wp-content\/uploads\/2023\/11\/P-1-10-cm-x-10-scaled-1-1068x806.jpg 1068w, https:\/\/www.eldiario.net\/portal\/wp-content\/uploads\/2023\/11\/P-1-10-cm-x-10-scaled-1-1920x1448.jpg 1920w\" sizes=\"auto, (max-width: 300px) 100vw, 300px\" \/><\/a>\n\t\t\t<\/div>\n\t\t\t\t<figcaption class='wp-caption-text gallery-caption' id='gallery-1-185542'>\n\t\t\t\tNuevo presidente de la C\u00e1mara de Diputados, Israel Huaytari. APG\n\t\t\t\t<\/figcaption><\/figure><figure class='gallery-item'>\n\t\t\t<div class='gallery-icon landscape'>\n\t\t\t\t<a href='https:\/\/www.eldiario.net\/portal\/senado-no-logran-elegir-a-sus-presidentes-en-primera-votacion\/'><img loading=\"lazy\" decoding=\"async\" width=\"300\" height=\"190\" src=\"https:\/\/www.eldiario.net\/portal\/wp-content\/uploads\/2023\/11\/P-2-10-cm-x-10-scaled-1-300x190.jpg\" class=\"attachment-medium size-medium\" alt=\"\" aria-describedby=\"gallery-1-185543\" srcset=\"https:\/\/www.eldiario.net\/portal\/wp-content\/uploads\/2023\/11\/P-2-10-cm-x-10-scaled-1-300x190.jpg 300w, https:\/\/www.eldiario.net\/portal\/wp-content\/uploads\/2023\/11\/P-2-10-cm-x-10-scaled-1-1024x650.jpg 1024w, https:\/\/www.eldiario.net\/portal\/wp-content\/uploads\/2023\/11\/P-2-10-cm-x-10-scaled-1-768x488.jpg 768w, https:\/\/www.eldiario.net\/portal\/wp-content\/uploads\/2023\/11\/P-2-10-cm-x-10-scaled-1-1536x975.jpg 1536w, https:\/\/www.eldiario.net\/portal\/wp-content\/uploads\/2023\/11\/P-2-10-cm-x-10-scaled-1-2048x1300.jpg 2048w, https:\/\/www.eldiario.net\/portal\/wp-content\/uploads\/2023\/11\/P-2-10-cm-x-10-scaled-1-696x442.jpg 696w, https:\/\/www.eldiario.net\/portal\/wp-content\/uploads\/2023\/11\/P-2-10-cm-x-10-scaled-1-1068x678.jpg 1068w, https:\/\/www.eldiario.net\/portal\/wp-content\/uploads\/2023\/11\/P-2-10-cm-x-10-scaled-1-1920x1219.jpg 1920w\" sizes=\"auto, (max-width: 300px) 100vw, 300px\" \/><\/a>\n\t\t\t<\/div>\n\t\t\t\t<figcaption class='wp-caption-text gallery-caption' id='gallery-1-185543'>\n\t\t\t\tEn la C\u00e1mara de Senadores hubo dificultades para elegir al nuevo presidente.  APG\n\t\t\t\t<\/figcaption><\/figure>\n\t\t<\/div>\n\n<p>&nbsp;<\/p>\n<p>&nbsp;<\/p>\n","protected":false},"excerpt":{"rendered":"<p>Tras una sesi\u00f3n marcada por la divisi\u00f3n interna en las tres fuerzas pol\u00edticas, el diputado potosino, Israel Huaytari, del ala \u201carcista\u201d en el Movimiento al Socialismo (MAS) fue elegido como nuevo presidente de la C\u00e1mara de Diputados para la legislatura 2023-2024; mientras que en el Senado los bloques no defin\u00edan sus candidatos para la renovaci\u00f3n [&hellip;]<\/p>\n","protected":false},"author":1,"featured_media":185542,"comment_status":"closed","ping_status":"open","sticky":false,"template":"","format":"standard","meta":{"_acf_changed":false,"footnotes":""},"categories":[17],"tags":[],"class_list":["post-185541","post","type-post","status-publish","format-standard","has-post-thumbnail","category-principal"],"acf":{"antetitulo":""},"yoast_head":"<!-- This site is optimized with the Yoast SEO plugin v28.4 - https:\/\/yoast.com\/product\/yoast-seo-wordpress\/ -->\n<title>Arcistas toman control de C\u00e1mara de Diputados - El Diario - Bolivia<\/title>\n<meta name=\"robots\" content=\"index, follow, max-snippet:-1, max-image-preview:large, max-video-preview:-1\" \/>\n<link rel=\"canonical\" href=\"https:\/\/www.eldiario.net\/portal\/2023\/11\/04\/arcistas-toman-control-de-camara-de-diputados\/\" \/>\n<meta property=\"og:locale\" content=\"es_ES\" \/>\n<meta property=\"og:type\" content=\"article\" \/>\n<meta property=\"og:title\" content=\"Arcistas toman control de C\u00e1mara de Diputados - El Diario - Bolivia\" \/>\n<meta property=\"og:description\" content=\"Tras una sesi\u00f3n marcada por la divisi\u00f3n interna en las tres fuerzas pol\u00edticas, el diputado potosino, Israel Huaytari, del ala \u201carcista\u201d en el Movimiento al Socialismo (MAS) fue elegido como nuevo presidente de la C\u00e1mara de Diputados para la legislatura 2023-2024; mientras que en el Senado los bloques no defin\u00edan sus candidatos para la renovaci\u00f3n [&hellip;]\" \/>\n<meta property=\"og:url\" content=\"https:\/\/www.eldiario.net\/portal\/2023\/11\/04\/arcistas-toman-control-de-camara-de-diputados\/\" \/>\n<meta property=\"og:site_name\" content=\"El Diario - Bolivia\" \/>\n<meta property=\"article:publisher\" content=\"https:\/\/www.facebook.com\/eldiario.bolivia\/\" \/>\n<meta property=\"article:published_time\" content=\"2023-11-04T10:42:20+00:00\" \/>\n<meta property=\"og:image\" content=\"https:\/\/www.eldiario.net\/portal\/wp-content\/uploads\/2023\/11\/P-1-10-cm-x-10-scaled-1.jpg\" \/>\n\t<meta property=\"og:image:width\" content=\"2560\" \/>\n\t<meta property=\"og:image:height\" content=\"1931\" \/>\n\t<meta property=\"og:image:type\" content=\"image\/jpeg\" \/>\n<meta name=\"author\" content=\"Jeanette\" \/>\n<meta name=\"twitter:card\" content=\"summary_large_image\" \/>\n<meta name=\"twitter:creator\" content=\"@eldiario_net\" \/>\n<meta name=\"twitter:site\" content=\"@eldiario_net\" \/>\n<meta name=\"twitter:label1\" content=\"Escrito por\" \/>\n\t<meta name=\"twitter:data1\" content=\"Jeanette\" \/>\n\t<meta name=\"twitter:label2\" content=\"Tiempo de lectura\" \/>\n\t<meta name=\"twitter:data2\" content=\"2 minutos\" \/>\n<script type=\"application\/ld+json\" class=\"yoast-schema-graph\">{\"@context\":\"https:\\\/\\\/schema.org\",\"@graph\":[{\"@type\":\"Article\",\"@id\":\"https:\\\/\\\/www.eldiario.net\\\/portal\\\/2023\\\/11\\\/04\\\/arcistas-toman-control-de-camara-de-diputados\\\/#article\",\"isPartOf\":{\"@id\":\"https:\\\/\\\/www.eldiario.net\\\/portal\\\/2023\\\/11\\\/04\\\/arcistas-toman-control-de-camara-de-diputados\\\/\"},\"author\":{\"name\":\"Jeanette\",\"@id\":\"https:\\\/\\\/www.eldiario.net\\\/portal\\\/#\\\/schema\\\/person\\\/f46445640444750d7d753ccd04ae01b7\"},\"headline\":\"Arcistas toman control de C\u00e1mara de Diputados\",\"datePublished\":\"2023-11-04T10:42:20+00:00\",\"mainEntityOfPage\":{\"@id\":\"https:\\\/\\\/www.eldiario.net\\\/portal\\\/2023\\\/11\\\/04\\\/arcistas-toman-control-de-camara-de-diputados\\\/\"},\"wordCount\":439,\"publisher\":{\"@id\":\"https:\\\/\\\/www.eldiario.net\\\/portal\\\/#organization\"},\"image\":{\"@id\":\"https:\\\/\\\/www.eldiario.net\\\/portal\\\/2023\\\/11\\\/04\\\/arcistas-toman-control-de-camara-de-diputados\\\/#primaryimage\"},\"thumbnailUrl\":\"https:\\\/\\\/www.eldiario.net\\\/portal\\\/wp-content\\\/uploads\\\/2023\\\/11\\\/P-1-10-cm-x-10-scaled-1.jpg\",\"articleSection\":[\"Principal\"],\"inLanguage\":\"es\"},{\"@type\":\"WebPage\",\"@id\":\"https:\\\/\\\/www.eldiario.net\\\/portal\\\/2023\\\/11\\\/04\\\/arcistas-toman-control-de-camara-de-diputados\\\/\",\"url\":\"https:\\\/\\\/www.eldiario.net\\\/portal\\\/2023\\\/11\\\/04\\\/arcistas-toman-control-de-camara-de-diputados\\\/\",\"name\":\"Arcistas toman control de C\u00e1mara de Diputados - El Diario - Bolivia\",\"isPartOf\":{\"@id\":\"https:\\\/\\\/www.eldiario.net\\\/portal\\\/#website\"},\"primaryImageOfPage\":{\"@id\":\"https:\\\/\\\/www.eldiario.net\\\/portal\\\/2023\\\/11\\\/04\\\/arcistas-toman-control-de-camara-de-diputados\\\/#primaryimage\"},\"image\":{\"@id\":\"https:\\\/\\\/www.eldiario.net\\\/portal\\\/2023\\\/11\\\/04\\\/arcistas-toman-control-de-camara-de-diputados\\\/#primaryimage\"},\"thumbnailUrl\":\"https:\\\/\\\/www.eldiario.net\\\/portal\\\/wp-content\\\/uploads\\\/2023\\\/11\\\/P-1-10-cm-x-10-scaled-1.jpg\",\"datePublished\":\"2023-11-04T10:42:20+00:00\",\"breadcrumb\":{\"@id\":\"https:\\\/\\\/www.eldiario.net\\\/portal\\\/2023\\\/11\\\/04\\\/arcistas-toman-control-de-camara-de-diputados\\\/#breadcrumb\"},\"inLanguage\":\"es\",\"potentialAction\":[{\"@type\":\"ReadAction\",\"target\":[\"https:\\\/\\\/www.eldiario.net\\\/portal\\\/2023\\\/11\\\/04\\\/arcistas-toman-control-de-camara-de-diputados\\\/\"]}]},{\"@type\":\"ImageObject\",\"inLanguage\":\"es\",\"@id\":\"https:\\\/\\\/www.eldiario.net\\\/portal\\\/2023\\\/11\\\/04\\\/arcistas-toman-control-de-camara-de-diputados\\\/#primaryimage\",\"url\":\"https:\\\/\\\/www.eldiario.net\\\/portal\\\/wp-content\\\/uploads\\\/2023\\\/11\\\/P-1-10-cm-x-10-scaled-1.jpg\",\"contentUrl\":\"https:\\\/\\\/www.eldiario.net\\\/portal\\\/wp-content\\\/uploads\\\/2023\\\/11\\\/P-1-10-cm-x-10-scaled-1.jpg\",\"width\":2560,\"height\":1931,\"caption\":\"Nuevo presidente de la C\u00e1mara de Diputados, Israel Huaytari. APG\"},{\"@type\":\"BreadcrumbList\",\"@id\":\"https:\\\/\\\/www.eldiario.net\\\/portal\\\/2023\\\/11\\\/04\\\/arcistas-toman-control-de-camara-de-diputados\\\/#breadcrumb\",\"itemListElement\":[{\"@type\":\"ListItem\",\"position\":1,\"name\":\"Portada\",\"item\":\"https:\\\/\\\/www.eldiario.net\\\/portal\\\/\"},{\"@type\":\"ListItem\",\"position\":2,\"name\":\"Arcistas toman control de C\u00e1mara de Diputados\"}]},{\"@type\":\"WebSite\",\"@id\":\"https:\\\/\\\/www.eldiario.net\\\/portal\\\/#website\",\"url\":\"https:\\\/\\\/www.eldiario.net\\\/portal\\\/\",\"name\":\"El Diario - Decano de la prensa nacional\",\"description\":\"El Diario - Decano de la prensa nacional\",\"publisher\":{\"@id\":\"https:\\\/\\\/www.eldiario.net\\\/portal\\\/#organization\"},\"potentialAction\":[{\"@type\":\"SearchAction\",\"target\":{\"@type\":\"EntryPoint\",\"urlTemplate\":\"https:\\\/\\\/www.eldiario.net\\\/portal\\\/?s={search_term_string}\"},\"query-input\":{\"@type\":\"PropertyValueSpecification\",\"valueRequired\":true,\"valueName\":\"search_term_string\"}}],\"inLanguage\":\"es\"},{\"@type\":\"Organization\",\"@id\":\"https:\\\/\\\/www.eldiario.net\\\/portal\\\/#organization\",\"name\":\"El Diario - Decano de la prensa nacional\",\"url\":\"https:\\\/\\\/www.eldiario.net\\\/portal\\\/\",\"logo\":{\"@type\":\"ImageObject\",\"inLanguage\":\"es\",\"@id\":\"https:\\\/\\\/www.eldiario.net\\\/portal\\\/#\\\/schema\\\/logo\\\/image\\\/\",\"url\":\"https:\\\/\\\/www.eldiario.net\\\/portal\\\/wp-content\\\/uploads\\\/2023\\\/07\\\/logo_ED.jpg\",\"contentUrl\":\"https:\\\/\\\/www.eldiario.net\\\/portal\\\/wp-content\\\/uploads\\\/2023\\\/07\\\/logo_ED.jpg\",\"width\":272,\"height\":52,\"caption\":\"El Diario - Decano de la prensa nacional\"},\"image\":{\"@id\":\"https:\\\/\\\/www.eldiario.net\\\/portal\\\/#\\\/schema\\\/logo\\\/image\\\/\"},\"sameAs\":[\"https:\\\/\\\/www.facebook.com\\\/eldiario.bolivia\\\/\",\"https:\\\/\\\/x.com\\\/eldiario_net\"]},{\"@type\":\"Person\",\"@id\":\"https:\\\/\\\/www.eldiario.net\\\/portal\\\/#\\\/schema\\\/person\\\/f46445640444750d7d753ccd04ae01b7\",\"name\":\"Jeanette\",\"image\":{\"@type\":\"ImageObject\",\"inLanguage\":\"es\",\"@id\":\"https:\\\/\\\/secure.gravatar.com\\\/avatar\\\/3ea2118a5f7dad2b7138b1187a6b7ee55f160b9968b66013c3a3ef39dd7e5798?s=96&d=mm&r=g\",\"url\":\"https:\\\/\\\/secure.gravatar.com\\\/avatar\\\/3ea2118a5f7dad2b7138b1187a6b7ee55f160b9968b66013c3a3ef39dd7e5798?s=96&d=mm&r=g\",\"contentUrl\":\"https:\\\/\\\/secure.gravatar.com\\\/avatar\\\/3ea2118a5f7dad2b7138b1187a6b7ee55f160b9968b66013c3a3ef39dd7e5798?s=96&d=mm&r=g\",\"caption\":\"Jeanette\"},\"sameAs\":[\"https:\\\/\\\/www.eldiario.net\\\/portal\"],\"url\":\"https:\\\/\\\/www.eldiario.net\\\/portal\\\/author\\\/jeanette\\\/\"}]}<\/script>\n<!-- \/ Yoast SEO plugin. -->","yoast_head_json":{"title":"Arcistas toman control de C\u00e1mara de Diputados - El Diario - Bolivia","robots":{"index":"index","follow":"follow","max-snippet":"max-snippet:-1","max-image-preview":"max-image-preview:large","max-video-preview":"max-video-preview:-1"},"canonical":"https:\/\/www.eldiario.net\/portal\/2023\/11\/04\/arcistas-toman-control-de-camara-de-diputados\/","og_locale":"es_ES","og_type":"article","og_title":"Arcistas toman control de C\u00e1mara de Diputados - El Diario - Bolivia","og_description":"Tras una sesi\u00f3n marcada por la divisi\u00f3n interna en las tres fuerzas pol\u00edticas, el diputado potosino, Israel Huaytari, del ala \u201carcista\u201d en el Movimiento al Socialismo (MAS) fue elegido como nuevo presidente de la C\u00e1mara de Diputados para la legislatura 2023-2024; mientras que en el Senado los bloques no defin\u00edan sus candidatos para la renovaci\u00f3n [&hellip;]","og_url":"https:\/\/www.eldiario.net\/portal\/2023\/11\/04\/arcistas-toman-control-de-camara-de-diputados\/","og_site_name":"El Diario - Bolivia","article_publisher":"https:\/\/www.facebook.com\/eldiario.bolivia\/","article_published_time":"2023-11-04T10:42:20+00:00","og_image":[{"width":2560,"height":1931,"url":"https:\/\/www.eldiario.net\/portal\/wp-content\/uploads\/2023\/11\/P-1-10-cm-x-10-scaled-1.jpg","type":"image\/jpeg"}],"author":"Jeanette","twitter_card":"summary_large_image","twitter_creator":"@eldiario_net","twitter_site":"@eldiario_net","twitter_misc":{"Escrito por":"Jeanette","Tiempo de lectura":"2 minutos"},"schema":{"@context":"https:\/\/schema.org","@graph":[{"@type":"Article","@id":"https:\/\/www.eldiario.net\/portal\/2023\/11\/04\/arcistas-toman-control-de-camara-de-diputados\/#article","isPartOf":{"@id":"https:\/\/www.eldiario.net\/portal\/2023\/11\/04\/arcistas-toman-control-de-camara-de-diputados\/"},"author":{"name":"Jeanette","@id":"https:\/\/www.eldiario.net\/portal\/#\/schema\/person\/f46445640444750d7d753ccd04ae01b7"},"headline":"Arcistas toman control de C\u00e1mara de Diputados","datePublished":"2023-11-04T10:42:20+00:00","mainEntityOfPage":{"@id":"https:\/\/www.eldiario.net\/portal\/2023\/11\/04\/arcistas-toman-control-de-camara-de-diputados\/"},"wordCount":439,"publisher":{"@id":"https:\/\/www.eldiario.net\/portal\/#organization"},"image":{"@id":"https:\/\/www.eldiario.net\/portal\/2023\/11\/04\/arcistas-toman-control-de-camara-de-diputados\/#primaryimage"},"thumbnailUrl":"https:\/\/www.eldiario.net\/portal\/wp-content\/uploads\/2023\/11\/P-1-10-cm-x-10-scaled-1.jpg","articleSection":["Principal"],"inLanguage":"es"},{"@type":"WebPage","@id":"https:\/\/www.eldiario.net\/portal\/2023\/11\/04\/arcistas-toman-control-de-camara-de-diputados\/","url":"https:\/\/www.eldiario.net\/portal\/2023\/11\/04\/arcistas-toman-control-de-camara-de-diputados\/","name":"Arcistas toman control de C\u00e1mara de Diputados - El Diario - Bolivia","isPartOf":{"@id":"https:\/\/www.eldiario.net\/portal\/#website"},"primaryImageOfPage":{"@id":"https:\/\/www.eldiario.net\/portal\/2023\/11\/04\/arcistas-toman-control-de-camara-de-diputados\/#primaryimage"},"image":{"@id":"https:\/\/www.eldiario.net\/portal\/2023\/11\/04\/arcistas-toman-control-de-camara-de-diputados\/#primaryimage"},"thumbnailUrl":"https:\/\/www.eldiario.net\/portal\/wp-content\/uploads\/2023\/11\/P-1-10-cm-x-10-scaled-1.jpg","datePublished":"2023-11-04T10:42:20+00:00","breadcrumb":{"@id":"https:\/\/www.eldiario.net\/portal\/2023\/11\/04\/arcistas-toman-control-de-camara-de-diputados\/#breadcrumb"},"inLanguage":"es","potentialAction":[{"@type":"ReadAction","target":["https:\/\/www.eldiario.net\/portal\/2023\/11\/04\/arcistas-toman-control-de-camara-de-diputados\/"]}]},{"@type":"ImageObject","inLanguage":"es","@id":"https:\/\/www.eldiario.net\/portal\/2023\/11\/04\/arcistas-toman-control-de-camara-de-diputados\/#primaryimage","url":"https:\/\/www.eldiario.net\/portal\/wp-content\/uploads\/2023\/11\/P-1-10-cm-x-10-scaled-1.jpg","contentUrl":"https:\/\/www.eldiario.net\/portal\/wp-content\/uploads\/2023\/11\/P-1-10-cm-x-10-scaled-1.jpg","width":2560,"height":1931,"caption":"Nuevo presidente de la C\u00e1mara de Diputados, Israel Huaytari. APG"},{"@type":"BreadcrumbList","@id":"https:\/\/www.eldiario.net\/portal\/2023\/11\/04\/arcistas-toman-control-de-camara-de-diputados\/#breadcrumb","itemListElement":[{"@type":"ListItem","position":1,"name":"Portada","item":"https:\/\/www.eldiario.net\/portal\/"},{"@type":"ListItem","position":2,"name":"Arcistas toman control de C\u00e1mara de Diputados"}]},{"@type":"WebSite","@id":"https:\/\/www.eldiario.net\/portal\/#website","url":"https:\/\/www.eldiario.net\/portal\/","name":"El Diario - Decano de la prensa nacional","description":"El Diario - Decano de la prensa nacional","publisher":{"@id":"https:\/\/www.eldiario.net\/portal\/#organization"},"potentialAction":[{"@type":"SearchAction","target":{"@type":"EntryPoint","urlTemplate":"https:\/\/www.eldiario.net\/portal\/?s={search_term_string}"},"query-input":{"@type":"PropertyValueSpecification","valueRequired":true,"valueName":"search_term_string"}}],"inLanguage":"es"},{"@type":"Organization","@id":"https:\/\/www.eldiario.net\/portal\/#organization","name":"El Diario - Decano de la prensa nacional","url":"https:\/\/www.eldiario.net\/portal\/","logo":{"@type":"ImageObject","inLanguage":"es","@id":"https:\/\/www.eldiario.net\/portal\/#\/schema\/logo\/image\/","url":"https:\/\/www.eldiario.net\/portal\/wp-content\/uploads\/2023\/07\/logo_ED.jpg","contentUrl":"https:\/\/www.eldiario.net\/portal\/wp-content\/uploads\/2023\/07\/logo_ED.jpg","width":272,"height":52,"caption":"El Diario - Decano de la prensa nacional"},"image":{"@id":"https:\/\/www.eldiario.net\/portal\/#\/schema\/logo\/image\/"},"sameAs":["https:\/\/www.facebook.com\/eldiario.bolivia\/","https:\/\/x.com\/eldiario_net"]},{"@type":"Person","@id":"https:\/\/www.eldiario.net\/portal\/#\/schema\/person\/f46445640444750d7d753ccd04ae01b7","name":"Jeanette","image":{"@type":"ImageObject","inLanguage":"es","@id":"https:\/\/secure.gravatar.com\/avatar\/3ea2118a5f7dad2b7138b1187a6b7ee55f160b9968b66013c3a3ef39dd7e5798?s=96&d=mm&r=g","url":"https:\/\/secure.gravatar.com\/avatar\/3ea2118a5f7dad2b7138b1187a6b7ee55f160b9968b66013c3a3ef39dd7e5798?s=96&d=mm&r=g","contentUrl":"https:\/\/secure.gravatar.com\/avatar\/3ea2118a5f7dad2b7138b1187a6b7ee55f160b9968b66013c3a3ef39dd7e5798?s=96&d=mm&r=g","caption":"Jeanette"},"sameAs":["https:\/\/www.eldiario.net\/portal"],"url":"https:\/\/www.eldiario.net\/portal\/author\/jeanette\/"}]}},"_links":{"self":[{"href":"https:\/\/www.eldiario.net\/portal\/wp-json\/wp\/v2\/posts\/185541","targetHints":{"allow":["GET"]}}],"collection":[{"href":"https:\/\/www.eldiario.net\/portal\/wp-json\/wp\/v2\/posts"}],"about":[{"href":"https:\/\/www.eldiario.net\/portal\/wp-json\/wp\/v2\/types\/post"}],"author":[{"embeddable":true,"href":"https:\/\/www.eldiario.net\/portal\/wp-json\/wp\/v2\/users\/1"}],"replies":[{"embeddable":true,"href":"https:\/\/www.eldiario.net\/portal\/wp-json\/wp\/v2\/comments?post=185541"}],"version-history":[{"count":0,"href":"https:\/\/www.eldiario.net\/portal\/wp-json\/wp\/v2\/posts\/185541\/revisions"}],"wp:featuredmedia":[{"embeddable":true,"href":"https:\/\/www.eldiario.net\/portal\/wp-json\/wp\/v2\/media\/185542"}],"wp:attachment":[{"href":"https:\/\/www.eldiario.net\/portal\/wp-json\/wp\/v2\/media?parent=185541"}],"wp:term":[{"taxonomy":"category","embeddable":true,"href":"https:\/\/www.eldiario.net\/portal\/wp-json\/wp\/v2\/categories?post=185541"},{"taxonomy":"post_tag","embeddable":true,"href":"https:\/\/www.eldiario.net\/portal\/wp-json\/wp\/v2\/tags?post=185541"}],"curies":[{"name":"wp","href":"https:\/\/api.w.org\/{rel}","templated":true}]}}