{"id":185538,"date":"2023-11-04T06:39:56","date_gmt":"2023-11-04T10:39:56","guid":{"rendered":"https:\/\/www.eldiario.net\/portal\/?p=185538"},"modified":"2023-11-04T06:39:56","modified_gmt":"2023-11-04T10:39:56","slug":"bolivia-pierde-posibilidad-de-cooperacion-tecnologica","status":"publish","type":"post","link":"https:\/\/www.eldiario.net\/portal\/2023\/11\/04\/bolivia-pierde-posibilidad-de-cooperacion-tecnologica\/","title":{"rendered":"Bolivia pierde posibilidad de cooperaci\u00f3n tecnol\u00f3gica"},"content":{"rendered":"<p>Luego de que el Gobierno decidiera romper relaciones diplom\u00e1ticas con Israel, expertos aseguraron que con esa medida se desahucia la posibilidad de gestionar cooperaci\u00f3n en tecnolog\u00eda, educaci\u00f3n, agricultura y medicina.<br \/>\n\u201cCreo que es un error de c\u00e1lculo boliviano el rompimiento en la relaci\u00f3n entre Bolivia e Israel\u201d, sostuvo Roxana Forteza, experta en temas internacionales, tras asegurar que, con esta medida, Bolivia pierde la posibilidad de contar con la tecnolog\u00eda avanzada israel\u00ed para paliar la sequ\u00eda, pa\u00eds experto en el manejo de agua en el desierto. Adem\u00e1s, record\u00f3 que el 33% de los premios Nobel son jud\u00edos que aportaron principalmente en la medicina.<br \/>\nJavier Vizcarra, el experto y diplom\u00e1tico de carrera, coincidi\u00f3 con su colega y resalt\u00f3 que Bolivia ya no contar\u00e1 con la posibilidad de cooperaci\u00f3n en educaci\u00f3n, agricultura y medicina.<br \/>\n\u201cCon un pa\u00eds como Israel se puede esperar la posibilidad de tener cooperaci\u00f3n en distintos \u00e1mbitos. No se puede cerrar los ojos ante una realidad; es decir, Israel es un pa\u00eds sumamente avanzado en ciencia, agricultura y educaci\u00f3n\u201d, sostuvo el diplom\u00e1tico de carrera.<br \/>\nAlgo que Israel, seg\u00fan Vizcarra, ya ofreci\u00f3 a Bolivia fue \u201cimportantes posibilidades de apoyo no solo de transferencia de tecnolog\u00eda, sino en otros aspectos\u201d, pero ahora \u201ctodo se evapora\u201d. (ANF)<\/p>\n","protected":false},"excerpt":{"rendered":"<p>Luego de que el Gobierno decidiera romper relaciones diplom\u00e1ticas con Israel, expertos aseguraron que con esa medida se desahucia la posibilidad de gestionar cooperaci\u00f3n en tecnolog\u00eda, educaci\u00f3n, agricultura y medicina. \u201cCreo que es un error de c\u00e1lculo boliviano el rompimiento en la relaci\u00f3n entre Bolivia e Israel\u201d, sostuvo Roxana Forteza, experta en temas internacionales, tras [&hellip;]<\/p>\n","protected":false},"author":1,"featured_media":185539,"comment_status":"closed","ping_status":"open","sticky":false,"template":"","format":"standard","meta":{"_acf_changed":false,"footnotes":""},"categories":[15],"tags":[],"class_list":["post-185538","post","type-post","status-publish","format-standard","has-post-thumbnail","category-portada"],"acf":{"antetitulo":""},"yoast_head":"<!-- This site is optimized with the Yoast SEO plugin v28.4 - https:\/\/yoast.com\/product\/yoast-seo-wordpress\/ -->\n<title>Bolivia pierde posibilidad de cooperaci\u00f3n tecnol\u00f3gica - El Diario - Bolivia<\/title>\n<meta name=\"robots\" content=\"index, follow, max-snippet:-1, max-image-preview:large, max-video-preview:-1\" \/>\n<link rel=\"canonical\" href=\"https:\/\/www.eldiario.net\/portal\/2023\/11\/04\/bolivia-pierde-posibilidad-de-cooperacion-tecnologica\/\" \/>\n<meta property=\"og:locale\" content=\"es_ES\" \/>\n<meta property=\"og:type\" content=\"article\" \/>\n<meta property=\"og:title\" content=\"Bolivia pierde posibilidad de cooperaci\u00f3n tecnol\u00f3gica - El Diario - Bolivia\" \/>\n<meta property=\"og:description\" content=\"Luego de que el Gobierno decidiera romper relaciones diplom\u00e1ticas con Israel, expertos aseguraron que con esa medida se desahucia la posibilidad de gestionar cooperaci\u00f3n en tecnolog\u00eda, educaci\u00f3n, agricultura y medicina. \u201cCreo que es un error de c\u00e1lculo boliviano el rompimiento en la relaci\u00f3n entre Bolivia e Israel\u201d, sostuvo Roxana Forteza, experta en temas internacionales, tras [&hellip;]\" \/>\n<meta property=\"og:url\" content=\"https:\/\/www.eldiario.net\/portal\/2023\/11\/04\/bolivia-pierde-posibilidad-de-cooperacion-tecnologica\/\" \/>\n<meta property=\"og:site_name\" content=\"El Diario - Bolivia\" \/>\n<meta property=\"article:publisher\" content=\"https:\/\/www.facebook.com\/eldiario.bolivia\/\" \/>\n<meta property=\"article:published_time\" content=\"2023-11-04T10:39:56+00:00\" \/>\n<meta property=\"og:image\" content=\"https:\/\/www.eldiario.net\/portal\/wp-content\/uploads\/2023\/11\/P-3-10-cm-x-7-1.jpg\" \/>\n\t<meta property=\"og:image:width\" content=\"600\" \/>\n\t<meta property=\"og:image:height\" content=\"338\" \/>\n\t<meta property=\"og:image:type\" content=\"image\/jpeg\" \/>\n<meta name=\"author\" content=\"Jeanette\" \/>\n<meta name=\"twitter:card\" content=\"summary_large_image\" \/>\n<meta name=\"twitter:creator\" content=\"@eldiario_net\" \/>\n<meta name=\"twitter:site\" content=\"@eldiario_net\" \/>\n<meta name=\"twitter:label1\" content=\"Escrito por\" \/>\n\t<meta name=\"twitter:data1\" content=\"Jeanette\" \/>\n\t<meta name=\"twitter:label2\" content=\"Tiempo de lectura\" \/>\n\t<meta name=\"twitter:data2\" content=\"1 minuto\" \/>\n<script type=\"application\/ld+json\" class=\"yoast-schema-graph\">{\"@context\":\"https:\\\/\\\/schema.org\",\"@graph\":[{\"@type\":\"Article\",\"@id\":\"https:\\\/\\\/www.eldiario.net\\\/portal\\\/2023\\\/11\\\/04\\\/bolivia-pierde-posibilidad-de-cooperacion-tecnologica\\\/#article\",\"isPartOf\":{\"@id\":\"https:\\\/\\\/www.eldiario.net\\\/portal\\\/2023\\\/11\\\/04\\\/bolivia-pierde-posibilidad-de-cooperacion-tecnologica\\\/\"},\"author\":{\"name\":\"Jeanette\",\"@id\":\"https:\\\/\\\/www.eldiario.net\\\/portal\\\/#\\\/schema\\\/person\\\/f46445640444750d7d753ccd04ae01b7\"},\"headline\":\"Bolivia pierde posibilidad de cooperaci\u00f3n tecnol\u00f3gica\",\"datePublished\":\"2023-11-04T10:39:56+00:00\",\"mainEntityOfPage\":{\"@id\":\"https:\\\/\\\/www.eldiario.net\\\/portal\\\/2023\\\/11\\\/04\\\/bolivia-pierde-posibilidad-de-cooperacion-tecnologica\\\/\"},\"wordCount\":232,\"publisher\":{\"@id\":\"https:\\\/\\\/www.eldiario.net\\\/portal\\\/#organization\"},\"image\":{\"@id\":\"https:\\\/\\\/www.eldiario.net\\\/portal\\\/2023\\\/11\\\/04\\\/bolivia-pierde-posibilidad-de-cooperacion-tecnologica\\\/#primaryimage\"},\"thumbnailUrl\":\"https:\\\/\\\/www.eldiario.net\\\/portal\\\/wp-content\\\/uploads\\\/2023\\\/11\\\/P-3-10-cm-x-7-1.jpg\",\"articleSection\":[\"Portada\"],\"inLanguage\":\"es\"},{\"@type\":\"WebPage\",\"@id\":\"https:\\\/\\\/www.eldiario.net\\\/portal\\\/2023\\\/11\\\/04\\\/bolivia-pierde-posibilidad-de-cooperacion-tecnologica\\\/\",\"url\":\"https:\\\/\\\/www.eldiario.net\\\/portal\\\/2023\\\/11\\\/04\\\/bolivia-pierde-posibilidad-de-cooperacion-tecnologica\\\/\",\"name\":\"Bolivia pierde posibilidad de cooperaci\u00f3n tecnol\u00f3gica - El Diario - Bolivia\",\"isPartOf\":{\"@id\":\"https:\\\/\\\/www.eldiario.net\\\/portal\\\/#website\"},\"primaryImageOfPage\":{\"@id\":\"https:\\\/\\\/www.eldiario.net\\\/portal\\\/2023\\\/11\\\/04\\\/bolivia-pierde-posibilidad-de-cooperacion-tecnologica\\\/#primaryimage\"},\"image\":{\"@id\":\"https:\\\/\\\/www.eldiario.net\\\/portal\\\/2023\\\/11\\\/04\\\/bolivia-pierde-posibilidad-de-cooperacion-tecnologica\\\/#primaryimage\"},\"thumbnailUrl\":\"https:\\\/\\\/www.eldiario.net\\\/portal\\\/wp-content\\\/uploads\\\/2023\\\/11\\\/P-3-10-cm-x-7-1.jpg\",\"datePublished\":\"2023-11-04T10:39:56+00:00\",\"breadcrumb\":{\"@id\":\"https:\\\/\\\/www.eldiario.net\\\/portal\\\/2023\\\/11\\\/04\\\/bolivia-pierde-posibilidad-de-cooperacion-tecnologica\\\/#breadcrumb\"},\"inLanguage\":\"es\",\"potentialAction\":[{\"@type\":\"ReadAction\",\"target\":[\"https:\\\/\\\/www.eldiario.net\\\/portal\\\/2023\\\/11\\\/04\\\/bolivia-pierde-posibilidad-de-cooperacion-tecnologica\\\/\"]}]},{\"@type\":\"ImageObject\",\"inLanguage\":\"es\",\"@id\":\"https:\\\/\\\/www.eldiario.net\\\/portal\\\/2023\\\/11\\\/04\\\/bolivia-pierde-posibilidad-de-cooperacion-tecnologica\\\/#primaryimage\",\"url\":\"https:\\\/\\\/www.eldiario.net\\\/portal\\\/wp-content\\\/uploads\\\/2023\\\/11\\\/P-3-10-cm-x-7-1.jpg\",\"contentUrl\":\"https:\\\/\\\/www.eldiario.net\\\/portal\\\/wp-content\\\/uploads\\\/2023\\\/11\\\/P-3-10-cm-x-7-1.jpg\",\"width\":600,\"height\":338,\"caption\":\"Experta sostiene que se desahucia la posibilidad de gestionar cooperaci\u00f3n en tecnolog\u00eda, educaci\u00f3n, agricultura y medicina. ANF\"},{\"@type\":\"BreadcrumbList\",\"@id\":\"https:\\\/\\\/www.eldiario.net\\\/portal\\\/2023\\\/11\\\/04\\\/bolivia-pierde-posibilidad-de-cooperacion-tecnologica\\\/#breadcrumb\",\"itemListElement\":[{\"@type\":\"ListItem\",\"position\":1,\"name\":\"Portada\",\"item\":\"https:\\\/\\\/www.eldiario.net\\\/portal\\\/\"},{\"@type\":\"ListItem\",\"position\":2,\"name\":\"Bolivia pierde posibilidad de cooperaci\u00f3n tecnol\u00f3gica\"}]},{\"@type\":\"WebSite\",\"@id\":\"https:\\\/\\\/www.eldiario.net\\\/portal\\\/#website\",\"url\":\"https:\\\/\\\/www.eldiario.net\\\/portal\\\/\",\"name\":\"El Diario - Decano de la prensa nacional\",\"description\":\"El Diario - Decano de la prensa nacional\",\"publisher\":{\"@id\":\"https:\\\/\\\/www.eldiario.net\\\/portal\\\/#organization\"},\"potentialAction\":[{\"@type\":\"SearchAction\",\"target\":{\"@type\":\"EntryPoint\",\"urlTemplate\":\"https:\\\/\\\/www.eldiario.net\\\/portal\\\/?s={search_term_string}\"},\"query-input\":{\"@type\":\"PropertyValueSpecification\",\"valueRequired\":true,\"valueName\":\"search_term_string\"}}],\"inLanguage\":\"es\"},{\"@type\":\"Organization\",\"@id\":\"https:\\\/\\\/www.eldiario.net\\\/portal\\\/#organization\",\"name\":\"El Diario - Decano de la prensa nacional\",\"url\":\"https:\\\/\\\/www.eldiario.net\\\/portal\\\/\",\"logo\":{\"@type\":\"ImageObject\",\"inLanguage\":\"es\",\"@id\":\"https:\\\/\\\/www.eldiario.net\\\/portal\\\/#\\\/schema\\\/logo\\\/image\\\/\",\"url\":\"https:\\\/\\\/www.eldiario.net\\\/portal\\\/wp-content\\\/uploads\\\/2023\\\/07\\\/logo_ED.jpg\",\"contentUrl\":\"https:\\\/\\\/www.eldiario.net\\\/portal\\\/wp-content\\\/uploads\\\/2023\\\/07\\\/logo_ED.jpg\",\"width\":272,\"height\":52,\"caption\":\"El Diario - Decano de la prensa nacional\"},\"image\":{\"@id\":\"https:\\\/\\\/www.eldiario.net\\\/portal\\\/#\\\/schema\\\/logo\\\/image\\\/\"},\"sameAs\":[\"https:\\\/\\\/www.facebook.com\\\/eldiario.bolivia\\\/\",\"https:\\\/\\\/x.com\\\/eldiario_net\"]},{\"@type\":\"Person\",\"@id\":\"https:\\\/\\\/www.eldiario.net\\\/portal\\\/#\\\/schema\\\/person\\\/f46445640444750d7d753ccd04ae01b7\",\"name\":\"Jeanette\",\"image\":{\"@type\":\"ImageObject\",\"inLanguage\":\"es\",\"@id\":\"https:\\\/\\\/secure.gravatar.com\\\/avatar\\\/3ea2118a5f7dad2b7138b1187a6b7ee55f160b9968b66013c3a3ef39dd7e5798?s=96&d=mm&r=g\",\"url\":\"https:\\\/\\\/secure.gravatar.com\\\/avatar\\\/3ea2118a5f7dad2b7138b1187a6b7ee55f160b9968b66013c3a3ef39dd7e5798?s=96&d=mm&r=g\",\"contentUrl\":\"https:\\\/\\\/secure.gravatar.com\\\/avatar\\\/3ea2118a5f7dad2b7138b1187a6b7ee55f160b9968b66013c3a3ef39dd7e5798?s=96&d=mm&r=g\",\"caption\":\"Jeanette\"},\"sameAs\":[\"https:\\\/\\\/www.eldiario.net\\\/portal\"],\"url\":\"https:\\\/\\\/www.eldiario.net\\\/portal\\\/author\\\/jeanette\\\/\"}]}<\/script>\n<!-- \/ Yoast SEO plugin. -->","yoast_head_json":{"title":"Bolivia pierde posibilidad de cooperaci\u00f3n tecnol\u00f3gica - El Diario - Bolivia","robots":{"index":"index","follow":"follow","max-snippet":"max-snippet:-1","max-image-preview":"max-image-preview:large","max-video-preview":"max-video-preview:-1"},"canonical":"https:\/\/www.eldiario.net\/portal\/2023\/11\/04\/bolivia-pierde-posibilidad-de-cooperacion-tecnologica\/","og_locale":"es_ES","og_type":"article","og_title":"Bolivia pierde posibilidad de cooperaci\u00f3n tecnol\u00f3gica - El Diario - Bolivia","og_description":"Luego de que el Gobierno decidiera romper relaciones diplom\u00e1ticas con Israel, expertos aseguraron que con esa medida se desahucia la posibilidad de gestionar cooperaci\u00f3n en tecnolog\u00eda, educaci\u00f3n, agricultura y medicina. \u201cCreo que es un error de c\u00e1lculo boliviano el rompimiento en la relaci\u00f3n entre Bolivia e Israel\u201d, sostuvo Roxana Forteza, experta en temas internacionales, tras [&hellip;]","og_url":"https:\/\/www.eldiario.net\/portal\/2023\/11\/04\/bolivia-pierde-posibilidad-de-cooperacion-tecnologica\/","og_site_name":"El Diario - Bolivia","article_publisher":"https:\/\/www.facebook.com\/eldiario.bolivia\/","article_published_time":"2023-11-04T10:39:56+00:00","og_image":[{"width":600,"height":338,"url":"https:\/\/www.eldiario.net\/portal\/wp-content\/uploads\/2023\/11\/P-3-10-cm-x-7-1.jpg","type":"image\/jpeg"}],"author":"Jeanette","twitter_card":"summary_large_image","twitter_creator":"@eldiario_net","twitter_site":"@eldiario_net","twitter_misc":{"Escrito por":"Jeanette","Tiempo de lectura":"1 minuto"},"schema":{"@context":"https:\/\/schema.org","@graph":[{"@type":"Article","@id":"https:\/\/www.eldiario.net\/portal\/2023\/11\/04\/bolivia-pierde-posibilidad-de-cooperacion-tecnologica\/#article","isPartOf":{"@id":"https:\/\/www.eldiario.net\/portal\/2023\/11\/04\/bolivia-pierde-posibilidad-de-cooperacion-tecnologica\/"},"author":{"name":"Jeanette","@id":"https:\/\/www.eldiario.net\/portal\/#\/schema\/person\/f46445640444750d7d753ccd04ae01b7"},"headline":"Bolivia pierde posibilidad de cooperaci\u00f3n tecnol\u00f3gica","datePublished":"2023-11-04T10:39:56+00:00","mainEntityOfPage":{"@id":"https:\/\/www.eldiario.net\/portal\/2023\/11\/04\/bolivia-pierde-posibilidad-de-cooperacion-tecnologica\/"},"wordCount":232,"publisher":{"@id":"https:\/\/www.eldiario.net\/portal\/#organization"},"image":{"@id":"https:\/\/www.eldiario.net\/portal\/2023\/11\/04\/bolivia-pierde-posibilidad-de-cooperacion-tecnologica\/#primaryimage"},"thumbnailUrl":"https:\/\/www.eldiario.net\/portal\/wp-content\/uploads\/2023\/11\/P-3-10-cm-x-7-1.jpg","articleSection":["Portada"],"inLanguage":"es"},{"@type":"WebPage","@id":"https:\/\/www.eldiario.net\/portal\/2023\/11\/04\/bolivia-pierde-posibilidad-de-cooperacion-tecnologica\/","url":"https:\/\/www.eldiario.net\/portal\/2023\/11\/04\/bolivia-pierde-posibilidad-de-cooperacion-tecnologica\/","name":"Bolivia pierde posibilidad de cooperaci\u00f3n tecnol\u00f3gica - El Diario - Bolivia","isPartOf":{"@id":"https:\/\/www.eldiario.net\/portal\/#website"},"primaryImageOfPage":{"@id":"https:\/\/www.eldiario.net\/portal\/2023\/11\/04\/bolivia-pierde-posibilidad-de-cooperacion-tecnologica\/#primaryimage"},"image":{"@id":"https:\/\/www.eldiario.net\/portal\/2023\/11\/04\/bolivia-pierde-posibilidad-de-cooperacion-tecnologica\/#primaryimage"},"thumbnailUrl":"https:\/\/www.eldiario.net\/portal\/wp-content\/uploads\/2023\/11\/P-3-10-cm-x-7-1.jpg","datePublished":"2023-11-04T10:39:56+00:00","breadcrumb":{"@id":"https:\/\/www.eldiario.net\/portal\/2023\/11\/04\/bolivia-pierde-posibilidad-de-cooperacion-tecnologica\/#breadcrumb"},"inLanguage":"es","potentialAction":[{"@type":"ReadAction","target":["https:\/\/www.eldiario.net\/portal\/2023\/11\/04\/bolivia-pierde-posibilidad-de-cooperacion-tecnologica\/"]}]},{"@type":"ImageObject","inLanguage":"es","@id":"https:\/\/www.eldiario.net\/portal\/2023\/11\/04\/bolivia-pierde-posibilidad-de-cooperacion-tecnologica\/#primaryimage","url":"https:\/\/www.eldiario.net\/portal\/wp-content\/uploads\/2023\/11\/P-3-10-cm-x-7-1.jpg","contentUrl":"https:\/\/www.eldiario.net\/portal\/wp-content\/uploads\/2023\/11\/P-3-10-cm-x-7-1.jpg","width":600,"height":338,"caption":"Experta sostiene que se desahucia la posibilidad de gestionar cooperaci\u00f3n en tecnolog\u00eda, educaci\u00f3n, agricultura y medicina. ANF"},{"@type":"BreadcrumbList","@id":"https:\/\/www.eldiario.net\/portal\/2023\/11\/04\/bolivia-pierde-posibilidad-de-cooperacion-tecnologica\/#breadcrumb","itemListElement":[{"@type":"ListItem","position":1,"name":"Portada","item":"https:\/\/www.eldiario.net\/portal\/"},{"@type":"ListItem","position":2,"name":"Bolivia pierde posibilidad de cooperaci\u00f3n tecnol\u00f3gica"}]},{"@type":"WebSite","@id":"https:\/\/www.eldiario.net\/portal\/#website","url":"https:\/\/www.eldiario.net\/portal\/","name":"El Diario - Decano de la prensa nacional","description":"El Diario - Decano de la prensa nacional","publisher":{"@id":"https:\/\/www.eldiario.net\/portal\/#organization"},"potentialAction":[{"@type":"SearchAction","target":{"@type":"EntryPoint","urlTemplate":"https:\/\/www.eldiario.net\/portal\/?s={search_term_string}"},"query-input":{"@type":"PropertyValueSpecification","valueRequired":true,"valueName":"search_term_string"}}],"inLanguage":"es"},{"@type":"Organization","@id":"https:\/\/www.eldiario.net\/portal\/#organization","name":"El Diario - Decano de la prensa nacional","url":"https:\/\/www.eldiario.net\/portal\/","logo":{"@type":"ImageObject","inLanguage":"es","@id":"https:\/\/www.eldiario.net\/portal\/#\/schema\/logo\/image\/","url":"https:\/\/www.eldiario.net\/portal\/wp-content\/uploads\/2023\/07\/logo_ED.jpg","contentUrl":"https:\/\/www.eldiario.net\/portal\/wp-content\/uploads\/2023\/07\/logo_ED.jpg","width":272,"height":52,"caption":"El Diario - Decano de la prensa nacional"},"image":{"@id":"https:\/\/www.eldiario.net\/portal\/#\/schema\/logo\/image\/"},"sameAs":["https:\/\/www.facebook.com\/eldiario.bolivia\/","https:\/\/x.com\/eldiario_net"]},{"@type":"Person","@id":"https:\/\/www.eldiario.net\/portal\/#\/schema\/person\/f46445640444750d7d753ccd04ae01b7","name":"Jeanette","image":{"@type":"ImageObject","inLanguage":"es","@id":"https:\/\/secure.gravatar.com\/avatar\/3ea2118a5f7dad2b7138b1187a6b7ee55f160b9968b66013c3a3ef39dd7e5798?s=96&d=mm&r=g","url":"https:\/\/secure.gravatar.com\/avatar\/3ea2118a5f7dad2b7138b1187a6b7ee55f160b9968b66013c3a3ef39dd7e5798?s=96&d=mm&r=g","contentUrl":"https:\/\/secure.gravatar.com\/avatar\/3ea2118a5f7dad2b7138b1187a6b7ee55f160b9968b66013c3a3ef39dd7e5798?s=96&d=mm&r=g","caption":"Jeanette"},"sameAs":["https:\/\/www.eldiario.net\/portal"],"url":"https:\/\/www.eldiario.net\/portal\/author\/jeanette\/"}]}},"_links":{"self":[{"href":"https:\/\/www.eldiario.net\/portal\/wp-json\/wp\/v2\/posts\/185538","targetHints":{"allow":["GET"]}}],"collection":[{"href":"https:\/\/www.eldiario.net\/portal\/wp-json\/wp\/v2\/posts"}],"about":[{"href":"https:\/\/www.eldiario.net\/portal\/wp-json\/wp\/v2\/types\/post"}],"author":[{"embeddable":true,"href":"https:\/\/www.eldiario.net\/portal\/wp-json\/wp\/v2\/users\/1"}],"replies":[{"embeddable":true,"href":"https:\/\/www.eldiario.net\/portal\/wp-json\/wp\/v2\/comments?post=185538"}],"version-history":[{"count":0,"href":"https:\/\/www.eldiario.net\/portal\/wp-json\/wp\/v2\/posts\/185538\/revisions"}],"wp:featuredmedia":[{"embeddable":true,"href":"https:\/\/www.eldiario.net\/portal\/wp-json\/wp\/v2\/media\/185539"}],"wp:attachment":[{"href":"https:\/\/www.eldiario.net\/portal\/wp-json\/wp\/v2\/media?parent=185538"}],"wp:term":[{"taxonomy":"category","embeddable":true,"href":"https:\/\/www.eldiario.net\/portal\/wp-json\/wp\/v2\/categories?post=185538"},{"taxonomy":"post_tag","embeddable":true,"href":"https:\/\/www.eldiario.net\/portal\/wp-json\/wp\/v2\/tags?post=185538"}],"curies":[{"name":"wp","href":"https:\/\/api.w.org\/{rel}","templated":true}]}}