{"id":185535,"date":"2023-11-04T06:37:53","date_gmt":"2023-11-04T10:37:53","guid":{"rendered":"https:\/\/www.eldiario.net\/portal\/?p=185535"},"modified":"2023-11-04T06:37:53","modified_gmt":"2023-11-04T10:37:53","slug":"rusia-lanza-38-drones-contra-diferentes-regiones-de-ucrania","status":"publish","type":"post","link":"https:\/\/www.eldiario.net\/portal\/2023\/11\/04\/rusia-lanza-38-drones-contra-diferentes-regiones-de-ucrania\/","title":{"rendered":"Rusia lanza 38 drones contra diferentes regiones de Ucrania"},"content":{"rendered":"<p class=\"v1MsoNormal\">Las fuerzas rusas sorprendieron la madrugada de ayer a Ucrania con el lanzamiento contra varias regiones del este, el sur, el centro y el oeste del pa\u00eds de un total de 38 drones kamikaze Shahed, en el mayor ataque con estos aparatos desde el pasado 30 de septiembre.<\/p>\n<p class=\"v1MsoNormal\">De los casi cuarenta drones disparados por Rusia anoche, las defensas a\u00e9reas ucranianas s\u00f3lo pudieron derribar 24, lo que representa un porcentaje mucho m\u00e1s bajo del habitual.<\/p>\n<p class=\"v1MsoNormal\">En el citado ataque del 30 de septiembre, Rusia lanz\u00f3 un total de 40 shaheds, de los que 30 fueron derribados por Ucrania.<\/p>\n<p class=\"v1MsoNormal\">Seg\u00fan escribi\u00f3 en su canal de Telegram el analista militar ucraniano Alexander Kovalenko, el bajo porcentaje de drones derribados en el ataque de anoche se debe, en parte, a que fueron lanzados con una trayectoria distinta a la elegida en otras ocasiones.<\/p>\n<p class=\"v1MsoNormal\">Otro factor, explic\u00f3 el experto, es que buena parte de los drones de anoche iban dirigidos contra zonas menos protegidas contra los ataques a\u00e9reos.<\/p>\n<p class=\"v1MsoNormal\">\n<p class=\"v1MsoNormal\">DA\u00d1OS EN EDIFICIOS CIVILES<\/p>\n<p class=\"v1MsoNormal\">La ciudad m\u00e1s castigada ha sido la urbe de J\u00e1rkiv, en el noreste del pa\u00eds.<\/p>\n<p class=\"v1MsoNormal\">Seg\u00fan la polic\u00eda de la regi\u00f3n, al menos diez drones impactaron en infraestructuras civiles, como un centro educativo y varios edificios residenciales y administrativos.<\/p>\n<p class=\"v1MsoNormal\">En Odesa, en el sur de Ucrania, el jefe de la administraci\u00f3n militar, Oleg Kiper, ha informado de \u00abun impacto\u00bb sobre una infraestructura no especificada.<\/p>\n<p class=\"v1MsoNormal\">No obstante, las defensas ucranianas derribaron dos de los drones lanzados, seg\u00fan Kiper.<\/p>\n<p class=\"v1MsoNormal\">Alcanzadas 5 \u00abinfraestructuras cr\u00edticas\u00bb en Le\u00f3polis<\/p>\n<p class=\"v1MsoNormal\">En Le\u00f3polis, en el oeste de Ucrania, los drones impactaron en 5 \u00abinfraestructuras cr\u00edticas\u00bb, seg\u00fan el jefe de la administraci\u00f3n militar de la zona, Maksim Kozitski.<\/p>\n<p class=\"v1MsoNormal\">Kozitski ha se\u00f1alado en su cuenta de Facebook que al menos 11 de los 16 drones lanzados contra esta regi\u00f3n, una de las m\u00e1s alejadas del frente, fueron interceptados.<\/p>\n<p class=\"v1MsoNormal\">Tambi\u00e9n se ha informado de explosiones en Dnipropetrovsk (centro) y Jmelnitski (oeste).<\/p>\n<p class=\"v1MsoNormal\">Adem\u00e1s de derribar 24 Shaheds, las defensas ucranianas han interceptado un misil Kh-59.<\/p>\n<p class=\"v1MsoNormal\">En un mensaje publicado tras el ataque, el presidente Volod\u00edmir Zelenski ha insistido en la necesidad de que Ucrania refuerce sus defensas a\u00e9reas, especialmente de cara al invierno.<\/p>\n<p class=\"v1MsoNormal\">Seg\u00fan dijo Zelenski, las fuerzas rusas \u00abtratar\u00e1n de hacer m\u00e1s da\u00f1o\u00bb conforme se acerque el invierno.<\/p>\n<p class=\"v1MsoNormal\">Ucrania teme una reedici\u00f3n de la intensa campa\u00f1a de bombardeos contra centrales el\u00e9ctricas y t\u00e9rmicas que en oto\u00f1o de 2022 y durante el pasado invierno dej\u00f3 sin luz y calefacci\u00f3n a millones de ucranianos durante semanas. (Efe)<\/p>\n","protected":false},"excerpt":{"rendered":"<p>Las fuerzas rusas sorprendieron la madrugada de ayer a Ucrania con el lanzamiento contra varias regiones del este, el sur, el centro y el oeste del pa\u00eds de un total de 38 drones kamikaze Shahed, en el mayor ataque con estos aparatos desde el pasado 30 de septiembre. De los casi cuarenta drones disparados por [&hellip;]<\/p>\n","protected":false},"author":1,"featured_media":185536,"comment_status":"closed","ping_status":"open","sticky":false,"template":"","format":"standard","meta":{"_acf_changed":false,"footnotes":""},"categories":[15],"tags":[],"class_list":["post-185535","post","type-post","status-publish","format-standard","has-post-thumbnail","category-portada"],"acf":{"antetitulo":""},"yoast_head":"<!-- This site is optimized with the Yoast SEO plugin v28.4 - https:\/\/yoast.com\/product\/yoast-seo-wordpress\/ -->\n<title>Rusia lanza 38 drones contra diferentes regiones de Ucrania - El Diario - Bolivia<\/title>\n<meta name=\"robots\" content=\"index, follow, max-snippet:-1, max-image-preview:large, max-video-preview:-1\" \/>\n<link rel=\"canonical\" href=\"https:\/\/www.eldiario.net\/portal\/2023\/11\/04\/rusia-lanza-38-drones-contra-diferentes-regiones-de-ucrania\/\" \/>\n<meta property=\"og:locale\" content=\"es_ES\" \/>\n<meta property=\"og:type\" content=\"article\" \/>\n<meta property=\"og:title\" content=\"Rusia lanza 38 drones contra diferentes regiones de Ucrania - El Diario - Bolivia\" \/>\n<meta property=\"og:description\" content=\"Las fuerzas rusas sorprendieron la madrugada de ayer a Ucrania con el lanzamiento contra varias regiones del este, el sur, el centro y el oeste del pa\u00eds de un total de 38 drones kamikaze Shahed, en el mayor ataque con estos aparatos desde el pasado 30 de septiembre. De los casi cuarenta drones disparados por [&hellip;]\" \/>\n<meta property=\"og:url\" content=\"https:\/\/www.eldiario.net\/portal\/2023\/11\/04\/rusia-lanza-38-drones-contra-diferentes-regiones-de-ucrania\/\" \/>\n<meta property=\"og:site_name\" content=\"El Diario - Bolivia\" \/>\n<meta property=\"article:publisher\" content=\"https:\/\/www.facebook.com\/eldiario.bolivia\/\" \/>\n<meta property=\"article:published_time\" content=\"2023-11-04T10:37:53+00:00\" \/>\n<meta property=\"og:image\" content=\"https:\/\/www.eldiario.net\/portal\/wp-content\/uploads\/2023\/11\/Rusia-drones-Efe.jpg\" \/>\n\t<meta property=\"og:image:width\" content=\"900\" \/>\n\t<meta property=\"og:image:height\" content=\"600\" \/>\n\t<meta property=\"og:image:type\" content=\"image\/jpeg\" \/>\n<meta name=\"author\" content=\"Jeanette\" \/>\n<meta name=\"twitter:card\" content=\"summary_large_image\" \/>\n<meta name=\"twitter:creator\" content=\"@eldiario_net\" \/>\n<meta name=\"twitter:site\" content=\"@eldiario_net\" \/>\n<meta name=\"twitter:label1\" content=\"Escrito por\" \/>\n\t<meta name=\"twitter:data1\" content=\"Jeanette\" \/>\n\t<meta name=\"twitter:label2\" content=\"Tiempo de lectura\" \/>\n\t<meta name=\"twitter:data2\" content=\"2 minutos\" \/>\n<script type=\"application\/ld+json\" class=\"yoast-schema-graph\">{\"@context\":\"https:\\\/\\\/schema.org\",\"@graph\":[{\"@type\":\"Article\",\"@id\":\"https:\\\/\\\/www.eldiario.net\\\/portal\\\/2023\\\/11\\\/04\\\/rusia-lanza-38-drones-contra-diferentes-regiones-de-ucrania\\\/#article\",\"isPartOf\":{\"@id\":\"https:\\\/\\\/www.eldiario.net\\\/portal\\\/2023\\\/11\\\/04\\\/rusia-lanza-38-drones-contra-diferentes-regiones-de-ucrania\\\/\"},\"author\":{\"name\":\"Jeanette\",\"@id\":\"https:\\\/\\\/www.eldiario.net\\\/portal\\\/#\\\/schema\\\/person\\\/f46445640444750d7d753ccd04ae01b7\"},\"headline\":\"Rusia lanza 38 drones contra diferentes regiones de Ucrania\",\"datePublished\":\"2023-11-04T10:37:53+00:00\",\"mainEntityOfPage\":{\"@id\":\"https:\\\/\\\/www.eldiario.net\\\/portal\\\/2023\\\/11\\\/04\\\/rusia-lanza-38-drones-contra-diferentes-regiones-de-ucrania\\\/\"},\"wordCount\":446,\"publisher\":{\"@id\":\"https:\\\/\\\/www.eldiario.net\\\/portal\\\/#organization\"},\"image\":{\"@id\":\"https:\\\/\\\/www.eldiario.net\\\/portal\\\/2023\\\/11\\\/04\\\/rusia-lanza-38-drones-contra-diferentes-regiones-de-ucrania\\\/#primaryimage\"},\"thumbnailUrl\":\"https:\\\/\\\/www.eldiario.net\\\/portal\\\/wp-content\\\/uploads\\\/2023\\\/11\\\/Rusia-drones-Efe.jpg\",\"articleSection\":[\"Portada\"],\"inLanguage\":\"es\"},{\"@type\":\"WebPage\",\"@id\":\"https:\\\/\\\/www.eldiario.net\\\/portal\\\/2023\\\/11\\\/04\\\/rusia-lanza-38-drones-contra-diferentes-regiones-de-ucrania\\\/\",\"url\":\"https:\\\/\\\/www.eldiario.net\\\/portal\\\/2023\\\/11\\\/04\\\/rusia-lanza-38-drones-contra-diferentes-regiones-de-ucrania\\\/\",\"name\":\"Rusia lanza 38 drones contra diferentes regiones de Ucrania - El Diario - Bolivia\",\"isPartOf\":{\"@id\":\"https:\\\/\\\/www.eldiario.net\\\/portal\\\/#website\"},\"primaryImageOfPage\":{\"@id\":\"https:\\\/\\\/www.eldiario.net\\\/portal\\\/2023\\\/11\\\/04\\\/rusia-lanza-38-drones-contra-diferentes-regiones-de-ucrania\\\/#primaryimage\"},\"image\":{\"@id\":\"https:\\\/\\\/www.eldiario.net\\\/portal\\\/2023\\\/11\\\/04\\\/rusia-lanza-38-drones-contra-diferentes-regiones-de-ucrania\\\/#primaryimage\"},\"thumbnailUrl\":\"https:\\\/\\\/www.eldiario.net\\\/portal\\\/wp-content\\\/uploads\\\/2023\\\/11\\\/Rusia-drones-Efe.jpg\",\"datePublished\":\"2023-11-04T10:37:53+00:00\",\"breadcrumb\":{\"@id\":\"https:\\\/\\\/www.eldiario.net\\\/portal\\\/2023\\\/11\\\/04\\\/rusia-lanza-38-drones-contra-diferentes-regiones-de-ucrania\\\/#breadcrumb\"},\"inLanguage\":\"es\",\"potentialAction\":[{\"@type\":\"ReadAction\",\"target\":[\"https:\\\/\\\/www.eldiario.net\\\/portal\\\/2023\\\/11\\\/04\\\/rusia-lanza-38-drones-contra-diferentes-regiones-de-ucrania\\\/\"]}]},{\"@type\":\"ImageObject\",\"inLanguage\":\"es\",\"@id\":\"https:\\\/\\\/www.eldiario.net\\\/portal\\\/2023\\\/11\\\/04\\\/rusia-lanza-38-drones-contra-diferentes-regiones-de-ucrania\\\/#primaryimage\",\"url\":\"https:\\\/\\\/www.eldiario.net\\\/portal\\\/wp-content\\\/uploads\\\/2023\\\/11\\\/Rusia-drones-Efe.jpg\",\"contentUrl\":\"https:\\\/\\\/www.eldiario.net\\\/portal\\\/wp-content\\\/uploads\\\/2023\\\/11\\\/Rusia-drones-Efe.jpg\",\"width\":900,\"height\":600,\"caption\":\"Personal de emergencia trabaja en el lugar de un ataque con drones en J\u00e1rkiv, noreste de Ucrania, este viernes, 3 de noviembre. CREDITO: EFE\\\/EPA\"},{\"@type\":\"BreadcrumbList\",\"@id\":\"https:\\\/\\\/www.eldiario.net\\\/portal\\\/2023\\\/11\\\/04\\\/rusia-lanza-38-drones-contra-diferentes-regiones-de-ucrania\\\/#breadcrumb\",\"itemListElement\":[{\"@type\":\"ListItem\",\"position\":1,\"name\":\"Portada\",\"item\":\"https:\\\/\\\/www.eldiario.net\\\/portal\\\/\"},{\"@type\":\"ListItem\",\"position\":2,\"name\":\"Rusia lanza 38 drones contra diferentes regiones de Ucrania\"}]},{\"@type\":\"WebSite\",\"@id\":\"https:\\\/\\\/www.eldiario.net\\\/portal\\\/#website\",\"url\":\"https:\\\/\\\/www.eldiario.net\\\/portal\\\/\",\"name\":\"El Diario - Decano de la prensa nacional\",\"description\":\"El Diario - Decano de la prensa nacional\",\"publisher\":{\"@id\":\"https:\\\/\\\/www.eldiario.net\\\/portal\\\/#organization\"},\"potentialAction\":[{\"@type\":\"SearchAction\",\"target\":{\"@type\":\"EntryPoint\",\"urlTemplate\":\"https:\\\/\\\/www.eldiario.net\\\/portal\\\/?s={search_term_string}\"},\"query-input\":{\"@type\":\"PropertyValueSpecification\",\"valueRequired\":true,\"valueName\":\"search_term_string\"}}],\"inLanguage\":\"es\"},{\"@type\":\"Organization\",\"@id\":\"https:\\\/\\\/www.eldiario.net\\\/portal\\\/#organization\",\"name\":\"El Diario - Decano de la prensa nacional\",\"url\":\"https:\\\/\\\/www.eldiario.net\\\/portal\\\/\",\"logo\":{\"@type\":\"ImageObject\",\"inLanguage\":\"es\",\"@id\":\"https:\\\/\\\/www.eldiario.net\\\/portal\\\/#\\\/schema\\\/logo\\\/image\\\/\",\"url\":\"https:\\\/\\\/www.eldiario.net\\\/portal\\\/wp-content\\\/uploads\\\/2023\\\/07\\\/logo_ED.jpg\",\"contentUrl\":\"https:\\\/\\\/www.eldiario.net\\\/portal\\\/wp-content\\\/uploads\\\/2023\\\/07\\\/logo_ED.jpg\",\"width\":272,\"height\":52,\"caption\":\"El Diario - Decano de la prensa nacional\"},\"image\":{\"@id\":\"https:\\\/\\\/www.eldiario.net\\\/portal\\\/#\\\/schema\\\/logo\\\/image\\\/\"},\"sameAs\":[\"https:\\\/\\\/www.facebook.com\\\/eldiario.bolivia\\\/\",\"https:\\\/\\\/x.com\\\/eldiario_net\"]},{\"@type\":\"Person\",\"@id\":\"https:\\\/\\\/www.eldiario.net\\\/portal\\\/#\\\/schema\\\/person\\\/f46445640444750d7d753ccd04ae01b7\",\"name\":\"Jeanette\",\"image\":{\"@type\":\"ImageObject\",\"inLanguage\":\"es\",\"@id\":\"https:\\\/\\\/secure.gravatar.com\\\/avatar\\\/3ea2118a5f7dad2b7138b1187a6b7ee55f160b9968b66013c3a3ef39dd7e5798?s=96&d=mm&r=g\",\"url\":\"https:\\\/\\\/secure.gravatar.com\\\/avatar\\\/3ea2118a5f7dad2b7138b1187a6b7ee55f160b9968b66013c3a3ef39dd7e5798?s=96&d=mm&r=g\",\"contentUrl\":\"https:\\\/\\\/secure.gravatar.com\\\/avatar\\\/3ea2118a5f7dad2b7138b1187a6b7ee55f160b9968b66013c3a3ef39dd7e5798?s=96&d=mm&r=g\",\"caption\":\"Jeanette\"},\"sameAs\":[\"https:\\\/\\\/www.eldiario.net\\\/portal\"],\"url\":\"https:\\\/\\\/www.eldiario.net\\\/portal\\\/author\\\/jeanette\\\/\"}]}<\/script>\n<!-- \/ Yoast SEO plugin. -->","yoast_head_json":{"title":"Rusia lanza 38 drones contra diferentes regiones de Ucrania - El Diario - Bolivia","robots":{"index":"index","follow":"follow","max-snippet":"max-snippet:-1","max-image-preview":"max-image-preview:large","max-video-preview":"max-video-preview:-1"},"canonical":"https:\/\/www.eldiario.net\/portal\/2023\/11\/04\/rusia-lanza-38-drones-contra-diferentes-regiones-de-ucrania\/","og_locale":"es_ES","og_type":"article","og_title":"Rusia lanza 38 drones contra diferentes regiones de Ucrania - El Diario - Bolivia","og_description":"Las fuerzas rusas sorprendieron la madrugada de ayer a Ucrania con el lanzamiento contra varias regiones del este, el sur, el centro y el oeste del pa\u00eds de un total de 38 drones kamikaze Shahed, en el mayor ataque con estos aparatos desde el pasado 30 de septiembre. De los casi cuarenta drones disparados por [&hellip;]","og_url":"https:\/\/www.eldiario.net\/portal\/2023\/11\/04\/rusia-lanza-38-drones-contra-diferentes-regiones-de-ucrania\/","og_site_name":"El Diario - Bolivia","article_publisher":"https:\/\/www.facebook.com\/eldiario.bolivia\/","article_published_time":"2023-11-04T10:37:53+00:00","og_image":[{"width":900,"height":600,"url":"https:\/\/www.eldiario.net\/portal\/wp-content\/uploads\/2023\/11\/Rusia-drones-Efe.jpg","type":"image\/jpeg"}],"author":"Jeanette","twitter_card":"summary_large_image","twitter_creator":"@eldiario_net","twitter_site":"@eldiario_net","twitter_misc":{"Escrito por":"Jeanette","Tiempo de lectura":"2 minutos"},"schema":{"@context":"https:\/\/schema.org","@graph":[{"@type":"Article","@id":"https:\/\/www.eldiario.net\/portal\/2023\/11\/04\/rusia-lanza-38-drones-contra-diferentes-regiones-de-ucrania\/#article","isPartOf":{"@id":"https:\/\/www.eldiario.net\/portal\/2023\/11\/04\/rusia-lanza-38-drones-contra-diferentes-regiones-de-ucrania\/"},"author":{"name":"Jeanette","@id":"https:\/\/www.eldiario.net\/portal\/#\/schema\/person\/f46445640444750d7d753ccd04ae01b7"},"headline":"Rusia lanza 38 drones contra diferentes regiones de Ucrania","datePublished":"2023-11-04T10:37:53+00:00","mainEntityOfPage":{"@id":"https:\/\/www.eldiario.net\/portal\/2023\/11\/04\/rusia-lanza-38-drones-contra-diferentes-regiones-de-ucrania\/"},"wordCount":446,"publisher":{"@id":"https:\/\/www.eldiario.net\/portal\/#organization"},"image":{"@id":"https:\/\/www.eldiario.net\/portal\/2023\/11\/04\/rusia-lanza-38-drones-contra-diferentes-regiones-de-ucrania\/#primaryimage"},"thumbnailUrl":"https:\/\/www.eldiario.net\/portal\/wp-content\/uploads\/2023\/11\/Rusia-drones-Efe.jpg","articleSection":["Portada"],"inLanguage":"es"},{"@type":"WebPage","@id":"https:\/\/www.eldiario.net\/portal\/2023\/11\/04\/rusia-lanza-38-drones-contra-diferentes-regiones-de-ucrania\/","url":"https:\/\/www.eldiario.net\/portal\/2023\/11\/04\/rusia-lanza-38-drones-contra-diferentes-regiones-de-ucrania\/","name":"Rusia lanza 38 drones contra diferentes regiones de Ucrania - El Diario - Bolivia","isPartOf":{"@id":"https:\/\/www.eldiario.net\/portal\/#website"},"primaryImageOfPage":{"@id":"https:\/\/www.eldiario.net\/portal\/2023\/11\/04\/rusia-lanza-38-drones-contra-diferentes-regiones-de-ucrania\/#primaryimage"},"image":{"@id":"https:\/\/www.eldiario.net\/portal\/2023\/11\/04\/rusia-lanza-38-drones-contra-diferentes-regiones-de-ucrania\/#primaryimage"},"thumbnailUrl":"https:\/\/www.eldiario.net\/portal\/wp-content\/uploads\/2023\/11\/Rusia-drones-Efe.jpg","datePublished":"2023-11-04T10:37:53+00:00","breadcrumb":{"@id":"https:\/\/www.eldiario.net\/portal\/2023\/11\/04\/rusia-lanza-38-drones-contra-diferentes-regiones-de-ucrania\/#breadcrumb"},"inLanguage":"es","potentialAction":[{"@type":"ReadAction","target":["https:\/\/www.eldiario.net\/portal\/2023\/11\/04\/rusia-lanza-38-drones-contra-diferentes-regiones-de-ucrania\/"]}]},{"@type":"ImageObject","inLanguage":"es","@id":"https:\/\/www.eldiario.net\/portal\/2023\/11\/04\/rusia-lanza-38-drones-contra-diferentes-regiones-de-ucrania\/#primaryimage","url":"https:\/\/www.eldiario.net\/portal\/wp-content\/uploads\/2023\/11\/Rusia-drones-Efe.jpg","contentUrl":"https:\/\/www.eldiario.net\/portal\/wp-content\/uploads\/2023\/11\/Rusia-drones-Efe.jpg","width":900,"height":600,"caption":"Personal de emergencia trabaja en el lugar de un ataque con drones en J\u00e1rkiv, noreste de Ucrania, este viernes, 3 de noviembre. CREDITO: EFE\/EPA"},{"@type":"BreadcrumbList","@id":"https:\/\/www.eldiario.net\/portal\/2023\/11\/04\/rusia-lanza-38-drones-contra-diferentes-regiones-de-ucrania\/#breadcrumb","itemListElement":[{"@type":"ListItem","position":1,"name":"Portada","item":"https:\/\/www.eldiario.net\/portal\/"},{"@type":"ListItem","position":2,"name":"Rusia lanza 38 drones contra diferentes regiones de Ucrania"}]},{"@type":"WebSite","@id":"https:\/\/www.eldiario.net\/portal\/#website","url":"https:\/\/www.eldiario.net\/portal\/","name":"El Diario - Decano de la prensa nacional","description":"El Diario - Decano de la prensa nacional","publisher":{"@id":"https:\/\/www.eldiario.net\/portal\/#organization"},"potentialAction":[{"@type":"SearchAction","target":{"@type":"EntryPoint","urlTemplate":"https:\/\/www.eldiario.net\/portal\/?s={search_term_string}"},"query-input":{"@type":"PropertyValueSpecification","valueRequired":true,"valueName":"search_term_string"}}],"inLanguage":"es"},{"@type":"Organization","@id":"https:\/\/www.eldiario.net\/portal\/#organization","name":"El Diario - Decano de la prensa nacional","url":"https:\/\/www.eldiario.net\/portal\/","logo":{"@type":"ImageObject","inLanguage":"es","@id":"https:\/\/www.eldiario.net\/portal\/#\/schema\/logo\/image\/","url":"https:\/\/www.eldiario.net\/portal\/wp-content\/uploads\/2023\/07\/logo_ED.jpg","contentUrl":"https:\/\/www.eldiario.net\/portal\/wp-content\/uploads\/2023\/07\/logo_ED.jpg","width":272,"height":52,"caption":"El Diario - Decano de la prensa nacional"},"image":{"@id":"https:\/\/www.eldiario.net\/portal\/#\/schema\/logo\/image\/"},"sameAs":["https:\/\/www.facebook.com\/eldiario.bolivia\/","https:\/\/x.com\/eldiario_net"]},{"@type":"Person","@id":"https:\/\/www.eldiario.net\/portal\/#\/schema\/person\/f46445640444750d7d753ccd04ae01b7","name":"Jeanette","image":{"@type":"ImageObject","inLanguage":"es","@id":"https:\/\/secure.gravatar.com\/avatar\/3ea2118a5f7dad2b7138b1187a6b7ee55f160b9968b66013c3a3ef39dd7e5798?s=96&d=mm&r=g","url":"https:\/\/secure.gravatar.com\/avatar\/3ea2118a5f7dad2b7138b1187a6b7ee55f160b9968b66013c3a3ef39dd7e5798?s=96&d=mm&r=g","contentUrl":"https:\/\/secure.gravatar.com\/avatar\/3ea2118a5f7dad2b7138b1187a6b7ee55f160b9968b66013c3a3ef39dd7e5798?s=96&d=mm&r=g","caption":"Jeanette"},"sameAs":["https:\/\/www.eldiario.net\/portal"],"url":"https:\/\/www.eldiario.net\/portal\/author\/jeanette\/"}]}},"_links":{"self":[{"href":"https:\/\/www.eldiario.net\/portal\/wp-json\/wp\/v2\/posts\/185535","targetHints":{"allow":["GET"]}}],"collection":[{"href":"https:\/\/www.eldiario.net\/portal\/wp-json\/wp\/v2\/posts"}],"about":[{"href":"https:\/\/www.eldiario.net\/portal\/wp-json\/wp\/v2\/types\/post"}],"author":[{"embeddable":true,"href":"https:\/\/www.eldiario.net\/portal\/wp-json\/wp\/v2\/users\/1"}],"replies":[{"embeddable":true,"href":"https:\/\/www.eldiario.net\/portal\/wp-json\/wp\/v2\/comments?post=185535"}],"version-history":[{"count":0,"href":"https:\/\/www.eldiario.net\/portal\/wp-json\/wp\/v2\/posts\/185535\/revisions"}],"wp:featuredmedia":[{"embeddable":true,"href":"https:\/\/www.eldiario.net\/portal\/wp-json\/wp\/v2\/media\/185536"}],"wp:attachment":[{"href":"https:\/\/www.eldiario.net\/portal\/wp-json\/wp\/v2\/media?parent=185535"}],"wp:term":[{"taxonomy":"category","embeddable":true,"href":"https:\/\/www.eldiario.net\/portal\/wp-json\/wp\/v2\/categories?post=185535"},{"taxonomy":"post_tag","embeddable":true,"href":"https:\/\/www.eldiario.net\/portal\/wp-json\/wp\/v2\/tags?post=185535"}],"curies":[{"name":"wp","href":"https:\/\/api.w.org\/{rel}","templated":true}]}}