{"id":185522,"date":"2023-11-03T07:03:18","date_gmt":"2023-11-03T11:03:18","guid":{"rendered":"https:\/\/www.eldiario.net\/portal\/?p=185522"},"modified":"2023-11-03T07:03:18","modified_gmt":"2023-11-03T11:03:18","slug":"las-plantas-y-su-desarrollo","status":"publish","type":"post","link":"https:\/\/www.eldiario.net\/portal\/2023\/11\/03\/las-plantas-y-su-desarrollo\/","title":{"rendered":"Las plantas y su desarrollo"},"content":{"rendered":"<p><strong>Por: Equipo editor<\/strong><\/p>\n<p>&nbsp;<\/p>\n<p>El desarrollo es el conjunto de eventos que contribuye a la progresiva elaboraci\u00f3n del cuerpo de la planta y que la capacita para obtener alimento, reproducirse y adaptarse plenamente a su ambiente.<\/p>\n<p>&nbsp;<\/p>\n<p>El concepto de desarrollo comprende tres procesos principales: crecimiento, diferenciaci\u00f3n y envejecimiento (senescencia) y muerte.<\/p>\n<p>&nbsp;<\/p>\n<ul>\n<li><strong>El crecimiento.<\/strong> Es el aumento irreversible de las dimensiones del organismo, que involucra, un aumento de la masa celular y formaci\u00f3n de nuevas estructuras en las c\u00e9lulas de la planta. El crecimiento se efect\u00faa por aumento en las dimensiones de las c\u00e9lulas como por la divisi\u00f3n de estas.<\/li>\n<\/ul>\n<p>&nbsp;<\/p>\n<ul>\n<li><strong>La diferenciaci\u00f3n.<\/strong> Cuando el organismo se desarrolla, las c\u00e9lulas formadas en los meristemos apicales o en el cambium vascular, en un principio son casi id\u00e9nticas, pero r\u00e1pidamente inician su especializaci\u00f3n. Tambi\u00e9n la planta entera se diferencia gradualmente y forma sus hojas, tallos, ra\u00edces, flores y frutos.<\/li>\n<\/ul>\n<p>&nbsp;<\/p>\n<ul>\n<li><strong>El envejecimiento y muerte de las c\u00e9lulas de los \u00f3rganos o de toda la planta.<\/strong> Es una parte del desarrollo, por ejemplo, las c\u00e9lulas que forman vasos y traqueidas, mueren y se vac\u00edan facilitando el transporte del agua. De forma similar el envejecimiento y la ca\u00edda de las hojas antes de las heladas en el oto\u00f1o, en regiones de clima templado y fr\u00edo, o antes de la sequ\u00eda en regiones con periodos prolongados sin lluvia, es un fen\u00f3meno normal en la vida de las plantas, pero muy importante para la sobrevivencia de estas.<\/li>\n<\/ul>\n<p>&nbsp;<\/p>\n<p><strong>Patrones de crecimiento<\/strong><\/p>\n<p>&nbsp;<\/p>\n<p>El patr\u00f3n de crecimiento tiene base gen\u00e9tica, por tanto todas las c\u00e9lulas de la planta descienden de la misma c\u00e9lula (el cigoto), por lo que en general, heredan los mismos genes. Sin embargo, las c\u00e9lulas de distintos tejidos del cuerpo de la planta en desarrollo emplean subconjuntos de genes de modo selectivo y se diferencian en tipos especializados.<\/p>\n<p>&nbsp;<\/p>\n<p>Las divisiones celulares mit\u00f3ticas que aumentan el n\u00famero de c\u00e9lulas se producen solo en los meristemos. Algunas c\u00e9lulas meristem\u00e1ticas nunca se diferencian, contin\u00faan dividi\u00e9ndose y fabricando m\u00e1s c\u00e9lulas nuevas. Otras, constituyen la base para el desarrollo. Las plantas se dividen, se alargan o se ensanchan en ciertas direcciones y su composici\u00f3n y funcionamiento se vuelve distinto como resultado de la expresi\u00f3n g\u00e9nica selectiva. Generan ra\u00edces, tallos, hojas y otras partes del cuerpo multicelular que difieren en tama\u00f1o, forma, ubicaci\u00f3n y funci\u00f3n.<\/p>\n<p>&nbsp;<\/p>\n<p>Las c\u00e9lulas j\u00f3venes aumentan de tama\u00f1o conforme la planta capta agua. La presi\u00f3n de l\u00edquido crece en contra de la pared primaria, a\u00fan suave. La pared y la c\u00e9lula se expanden bajo presi\u00f3n, de manera similar a un globo suave que se infla.<\/p>\n<p>&nbsp;<\/p>\n<p>El crecimiento y desarrollo de la planta se inician con la transcripci\u00f3n y translaci\u00f3n selectiva de genes. En ciertos momentos y en determinados tejidos, se transcriben genes para hormonas (reguladores de crecimiento) y otras mol\u00e9culas de se\u00f1alizaci\u00f3n. Las hormonas vegetales, auxina y citoquinina, participan en el ciclo celular, la auxina estimula la replicaci\u00f3n del ADN, mientras que la citoquinina inicia los eventos de la mitosis.<\/p>\n<p>&nbsp;<\/p>\n<p>Las mol\u00e9culas de se\u00f1alizaci\u00f3n interaccionan y controlan lo que ocurre en distintos tejidos. Las se\u00f1ales del entorno (sobre todo la disponibilidad de agua, las horas de oscuridad y de luz, la gravedad y la temperatura) tambi\u00e9n dirigen el crecimiento y desarrollo de las plantas.<\/p>\n<p>&nbsp;<\/p>\n<p><strong>Proceso de desarrollo de una planta<\/strong><\/p>\n<p>&nbsp;<\/p>\n<p>Cuando la semilla sale de su estado latente, germina y se transforma en una pl\u00e1ntula en crecimiento. Para que el embri\u00f3n comience a desarrollarse, la latencia de la semilla debe ser interrumpida por la acci\u00f3n de factores f\u00edsicos, como la exposici\u00f3n a la luz, la abrasi\u00f3n mec\u00e1nica de la testa, el fuego o el lavado de los inhibidores del crecimiento por el agua. A medida que la semilla germina, primero absorbe agua, lo que desencadena una serie de reacciones bioqu\u00edmicas que movilizan las reservas de grasas, polisac\u00e1ridos y prote\u00ednas. Los fotorreceptores y las hormonas regulan el desarrollo de la pl\u00e1ntula.<\/p>\n<p>&nbsp;<\/p>\n<p>Durante la germinaci\u00f3n de la cebada y otras semillas de cereales, el embri\u00f3n segrega giberelinas, una hormona que promueve la liberaci\u00f3n de enzimas que digieren prote\u00ednas y el almid\u00f3n almacenado en el endospermo. Las giberelinas son utilizadas en la industria de la cerveza para aumentar la germinaci\u00f3n de la cebada y la degradaci\u00f3n del endosperma, produciendo az\u00facar que es fermentada a alcohol et\u00edlico.<\/p>\n<p>&nbsp;<\/p>\n<p>Despu\u00e9s que la planta alcanza una edad o tama\u00f1o apropiado, se produce el fen\u00f3meno de floraci\u00f3n y la formaci\u00f3n de frutos. La floraci\u00f3n en algunas plantas es controlada por la longitud de la noche. Es probable que una hormona viaje desde un \u00f3rgano receptor como una hoja hacia la yema donde se formar\u00e1 una flor. Cuando la flor se forma, las hormonas desempe\u00f1an otros papeles, como el crecimiento del tubo pol\u00ednico a trav\u00e9s del estilo de un pistilo, para producir la fertilizaci\u00f3n. Luego se desarrolla un fruto que madura bajo control hormonal. Las auxinas, giberelinas y el etileno regulan la formaci\u00f3n de un fruto.<\/p>\n<p>&nbsp;<\/p>\n<p>Por \u00faltimo todas las plantas envejecen y mueren. La muerte, sigue a los cambios del envejecimiento controlados por hormonas como el etileno. Las hojas antes de comenzar el per\u00edodo de sequ\u00eda, por interacci\u00f3n de hormonas como la auxina y el etileno envejecen y caen. El envejecimiento y muerte de plantas como el agave y algunas leguminosas anuales, se debe a un incremento del \u00e1cido abscisico durante la floraci\u00f3n.<\/p>\n<div id='gallery-1' class='gallery galleryid-185522 gallery-columns-3 gallery-size-medium'><figure class='gallery-item'>\n\t\t\t<div class='gallery-icon landscape'>\n\t\t\t\t<a href='https:\/\/www.eldiario.net\/portal\/bio-efectos-que-producen-las-citoquininas-en-las-plantas\/'><img loading=\"lazy\" decoding=\"async\" width=\"300\" height=\"203\" src=\"https:\/\/www.eldiario.net\/portal\/wp-content\/uploads\/2023\/11\/Bio-Efectos-que-producen-las-citoquininas-en-las-plantas-300x203.png\" class=\"attachment-medium size-medium\" alt=\"\" srcset=\"https:\/\/www.eldiario.net\/portal\/wp-content\/uploads\/2023\/11\/Bio-Efectos-que-producen-las-citoquininas-en-las-plantas-300x203.png 300w, https:\/\/www.eldiario.net\/portal\/wp-content\/uploads\/2023\/11\/Bio-Efectos-que-producen-las-citoquininas-en-las-plantas-1024x691.png 1024w, https:\/\/www.eldiario.net\/portal\/wp-content\/uploads\/2023\/11\/Bio-Efectos-que-producen-las-citoquininas-en-las-plantas-768x518.png 768w, https:\/\/www.eldiario.net\/portal\/wp-content\/uploads\/2023\/11\/Bio-Efectos-que-producen-las-citoquininas-en-las-plantas-1536x1037.png 1536w, https:\/\/www.eldiario.net\/portal\/wp-content\/uploads\/2023\/11\/Bio-Efectos-que-producen-las-citoquininas-en-las-plantas-696x470.png 696w, https:\/\/www.eldiario.net\/portal\/wp-content\/uploads\/2023\/11\/Bio-Efectos-que-producen-las-citoquininas-en-las-plantas-1068x721.png 1068w, https:\/\/www.eldiario.net\/portal\/wp-content\/uploads\/2023\/11\/Bio-Efectos-que-producen-las-citoquininas-en-las-plantas.png 1600w\" sizes=\"auto, (max-width: 300px) 100vw, 300px\" \/><\/a>\n\t\t\t<\/div><\/figure><figure class='gallery-item'>\n\t\t\t<div class='gallery-icon landscape'>\n\t\t\t\t<a href='https:\/\/www.eldiario.net\/portal\/bio-ejemplo-2\/'><img loading=\"lazy\" decoding=\"async\" width=\"300\" height=\"167\" src=\"https:\/\/www.eldiario.net\/portal\/wp-content\/uploads\/2023\/11\/Bio-Ejemplo-300x167.jpg\" class=\"attachment-medium size-medium\" alt=\"\" srcset=\"https:\/\/www.eldiario.net\/portal\/wp-content\/uploads\/2023\/11\/Bio-Ejemplo-300x167.jpg 300w, https:\/\/www.eldiario.net\/portal\/wp-content\/uploads\/2023\/11\/Bio-Ejemplo.jpg 474w\" sizes=\"auto, (max-width: 300px) 100vw, 300px\" \/><\/a>\n\t\t\t<\/div><\/figure>\n\t\t<\/div>\n\n","protected":false},"excerpt":{"rendered":"<p>Por: Equipo editor &nbsp; El desarrollo es el conjunto de eventos que contribuye a la progresiva elaboraci\u00f3n del cuerpo de la planta y que la capacita para obtener alimento, reproducirse y adaptarse plenamente a su ambiente. &nbsp; El concepto de desarrollo comprende tres procesos principales: crecimiento, diferenciaci\u00f3n y envejecimiento (senescencia) y muerte. &nbsp; El crecimiento. [&hellip;]<\/p>\n","protected":false},"author":1,"featured_media":185524,"comment_status":"closed","ping_status":"open","sticky":false,"template":"","format":"standard","meta":{"_acf_changed":false,"footnotes":""},"categories":[43],"tags":[],"class_list":["post-185522","post","type-post","status-publish","format-standard","has-post-thumbnail","category-nuevos-horizontes"],"acf":{"antetitulo":""},"yoast_head":"<!-- This site is optimized with the Yoast SEO plugin v28.4 - https:\/\/yoast.com\/product\/yoast-seo-wordpress\/ -->\n<title>Las plantas y su desarrollo - El Diario - Bolivia<\/title>\n<meta name=\"robots\" content=\"index, follow, max-snippet:-1, max-image-preview:large, max-video-preview:-1\" \/>\n<link rel=\"canonical\" href=\"https:\/\/www.eldiario.net\/portal\/2023\/11\/03\/las-plantas-y-su-desarrollo\/\" \/>\n<meta property=\"og:locale\" content=\"es_ES\" \/>\n<meta property=\"og:type\" content=\"article\" \/>\n<meta property=\"og:title\" content=\"Las plantas y su desarrollo - El Diario - Bolivia\" \/>\n<meta property=\"og:description\" content=\"Por: Equipo editor &nbsp; El desarrollo es el conjunto de eventos que contribuye a la progresiva elaboraci\u00f3n del cuerpo de la planta y que la capacita para obtener alimento, reproducirse y adaptarse plenamente a su ambiente. &nbsp; El concepto de desarrollo comprende tres procesos principales: crecimiento, diferenciaci\u00f3n y envejecimiento (senescencia) y muerte. &nbsp; El crecimiento. [&hellip;]\" \/>\n<meta property=\"og:url\" content=\"https:\/\/www.eldiario.net\/portal\/2023\/11\/03\/las-plantas-y-su-desarrollo\/\" \/>\n<meta property=\"og:site_name\" content=\"El Diario - Bolivia\" \/>\n<meta property=\"article:publisher\" content=\"https:\/\/www.facebook.com\/eldiario.bolivia\/\" \/>\n<meta property=\"article:published_time\" content=\"2023-11-03T11:03:18+00:00\" \/>\n<meta property=\"og:image\" content=\"https:\/\/www.eldiario.net\/portal\/wp-content\/uploads\/2023\/11\/Bio-Ejemplo.jpg\" \/>\n\t<meta property=\"og:image:width\" content=\"474\" \/>\n\t<meta property=\"og:image:height\" content=\"264\" \/>\n\t<meta property=\"og:image:type\" content=\"image\/jpeg\" \/>\n<meta name=\"author\" content=\"Jeanette\" \/>\n<meta name=\"twitter:card\" content=\"summary_large_image\" \/>\n<meta name=\"twitter:creator\" content=\"@eldiario_net\" \/>\n<meta name=\"twitter:site\" content=\"@eldiario_net\" \/>\n<meta name=\"twitter:label1\" content=\"Escrito por\" \/>\n\t<meta name=\"twitter:data1\" content=\"Jeanette\" \/>\n\t<meta name=\"twitter:label2\" content=\"Tiempo de lectura\" \/>\n\t<meta name=\"twitter:data2\" content=\"5 minutos\" \/>\n<script type=\"application\/ld+json\" class=\"yoast-schema-graph\">{\"@context\":\"https:\\\/\\\/schema.org\",\"@graph\":[{\"@type\":\"Article\",\"@id\":\"https:\\\/\\\/www.eldiario.net\\\/portal\\\/2023\\\/11\\\/03\\\/las-plantas-y-su-desarrollo\\\/#article\",\"isPartOf\":{\"@id\":\"https:\\\/\\\/www.eldiario.net\\\/portal\\\/2023\\\/11\\\/03\\\/las-plantas-y-su-desarrollo\\\/\"},\"author\":{\"name\":\"Jeanette\",\"@id\":\"https:\\\/\\\/www.eldiario.net\\\/portal\\\/#\\\/schema\\\/person\\\/f46445640444750d7d753ccd04ae01b7\"},\"headline\":\"Las plantas y su desarrollo\",\"datePublished\":\"2023-11-03T11:03:18+00:00\",\"mainEntityOfPage\":{\"@id\":\"https:\\\/\\\/www.eldiario.net\\\/portal\\\/2023\\\/11\\\/03\\\/las-plantas-y-su-desarrollo\\\/\"},\"wordCount\":994,\"publisher\":{\"@id\":\"https:\\\/\\\/www.eldiario.net\\\/portal\\\/#organization\"},\"image\":{\"@id\":\"https:\\\/\\\/www.eldiario.net\\\/portal\\\/2023\\\/11\\\/03\\\/las-plantas-y-su-desarrollo\\\/#primaryimage\"},\"thumbnailUrl\":\"https:\\\/\\\/www.eldiario.net\\\/portal\\\/wp-content\\\/uploads\\\/2023\\\/11\\\/Bio-Ejemplo.jpg\",\"articleSection\":[\"Nuevos Horizontes\"],\"inLanguage\":\"es\"},{\"@type\":\"WebPage\",\"@id\":\"https:\\\/\\\/www.eldiario.net\\\/portal\\\/2023\\\/11\\\/03\\\/las-plantas-y-su-desarrollo\\\/\",\"url\":\"https:\\\/\\\/www.eldiario.net\\\/portal\\\/2023\\\/11\\\/03\\\/las-plantas-y-su-desarrollo\\\/\",\"name\":\"Las plantas y su desarrollo - El Diario - Bolivia\",\"isPartOf\":{\"@id\":\"https:\\\/\\\/www.eldiario.net\\\/portal\\\/#website\"},\"primaryImageOfPage\":{\"@id\":\"https:\\\/\\\/www.eldiario.net\\\/portal\\\/2023\\\/11\\\/03\\\/las-plantas-y-su-desarrollo\\\/#primaryimage\"},\"image\":{\"@id\":\"https:\\\/\\\/www.eldiario.net\\\/portal\\\/2023\\\/11\\\/03\\\/las-plantas-y-su-desarrollo\\\/#primaryimage\"},\"thumbnailUrl\":\"https:\\\/\\\/www.eldiario.net\\\/portal\\\/wp-content\\\/uploads\\\/2023\\\/11\\\/Bio-Ejemplo.jpg\",\"datePublished\":\"2023-11-03T11:03:18+00:00\",\"breadcrumb\":{\"@id\":\"https:\\\/\\\/www.eldiario.net\\\/portal\\\/2023\\\/11\\\/03\\\/las-plantas-y-su-desarrollo\\\/#breadcrumb\"},\"inLanguage\":\"es\",\"potentialAction\":[{\"@type\":\"ReadAction\",\"target\":[\"https:\\\/\\\/www.eldiario.net\\\/portal\\\/2023\\\/11\\\/03\\\/las-plantas-y-su-desarrollo\\\/\"]}]},{\"@type\":\"ImageObject\",\"inLanguage\":\"es\",\"@id\":\"https:\\\/\\\/www.eldiario.net\\\/portal\\\/2023\\\/11\\\/03\\\/las-plantas-y-su-desarrollo\\\/#primaryimage\",\"url\":\"https:\\\/\\\/www.eldiario.net\\\/portal\\\/wp-content\\\/uploads\\\/2023\\\/11\\\/Bio-Ejemplo.jpg\",\"contentUrl\":\"https:\\\/\\\/www.eldiario.net\\\/portal\\\/wp-content\\\/uploads\\\/2023\\\/11\\\/Bio-Ejemplo.jpg\",\"width\":474,\"height\":264},{\"@type\":\"BreadcrumbList\",\"@id\":\"https:\\\/\\\/www.eldiario.net\\\/portal\\\/2023\\\/11\\\/03\\\/las-plantas-y-su-desarrollo\\\/#breadcrumb\",\"itemListElement\":[{\"@type\":\"ListItem\",\"position\":1,\"name\":\"Portada\",\"item\":\"https:\\\/\\\/www.eldiario.net\\\/portal\\\/\"},{\"@type\":\"ListItem\",\"position\":2,\"name\":\"Las plantas y su desarrollo\"}]},{\"@type\":\"WebSite\",\"@id\":\"https:\\\/\\\/www.eldiario.net\\\/portal\\\/#website\",\"url\":\"https:\\\/\\\/www.eldiario.net\\\/portal\\\/\",\"name\":\"El Diario - Decano de la prensa nacional\",\"description\":\"El Diario - Decano de la prensa nacional\",\"publisher\":{\"@id\":\"https:\\\/\\\/www.eldiario.net\\\/portal\\\/#organization\"},\"potentialAction\":[{\"@type\":\"SearchAction\",\"target\":{\"@type\":\"EntryPoint\",\"urlTemplate\":\"https:\\\/\\\/www.eldiario.net\\\/portal\\\/?s={search_term_string}\"},\"query-input\":{\"@type\":\"PropertyValueSpecification\",\"valueRequired\":true,\"valueName\":\"search_term_string\"}}],\"inLanguage\":\"es\"},{\"@type\":\"Organization\",\"@id\":\"https:\\\/\\\/www.eldiario.net\\\/portal\\\/#organization\",\"name\":\"El Diario - Decano de la prensa nacional\",\"url\":\"https:\\\/\\\/www.eldiario.net\\\/portal\\\/\",\"logo\":{\"@type\":\"ImageObject\",\"inLanguage\":\"es\",\"@id\":\"https:\\\/\\\/www.eldiario.net\\\/portal\\\/#\\\/schema\\\/logo\\\/image\\\/\",\"url\":\"https:\\\/\\\/www.eldiario.net\\\/portal\\\/wp-content\\\/uploads\\\/2023\\\/07\\\/logo_ED.jpg\",\"contentUrl\":\"https:\\\/\\\/www.eldiario.net\\\/portal\\\/wp-content\\\/uploads\\\/2023\\\/07\\\/logo_ED.jpg\",\"width\":272,\"height\":52,\"caption\":\"El Diario - Decano de la prensa nacional\"},\"image\":{\"@id\":\"https:\\\/\\\/www.eldiario.net\\\/portal\\\/#\\\/schema\\\/logo\\\/image\\\/\"},\"sameAs\":[\"https:\\\/\\\/www.facebook.com\\\/eldiario.bolivia\\\/\",\"https:\\\/\\\/x.com\\\/eldiario_net\"]},{\"@type\":\"Person\",\"@id\":\"https:\\\/\\\/www.eldiario.net\\\/portal\\\/#\\\/schema\\\/person\\\/f46445640444750d7d753ccd04ae01b7\",\"name\":\"Jeanette\",\"image\":{\"@type\":\"ImageObject\",\"inLanguage\":\"es\",\"@id\":\"https:\\\/\\\/secure.gravatar.com\\\/avatar\\\/3ea2118a5f7dad2b7138b1187a6b7ee55f160b9968b66013c3a3ef39dd7e5798?s=96&d=mm&r=g\",\"url\":\"https:\\\/\\\/secure.gravatar.com\\\/avatar\\\/3ea2118a5f7dad2b7138b1187a6b7ee55f160b9968b66013c3a3ef39dd7e5798?s=96&d=mm&r=g\",\"contentUrl\":\"https:\\\/\\\/secure.gravatar.com\\\/avatar\\\/3ea2118a5f7dad2b7138b1187a6b7ee55f160b9968b66013c3a3ef39dd7e5798?s=96&d=mm&r=g\",\"caption\":\"Jeanette\"},\"sameAs\":[\"https:\\\/\\\/www.eldiario.net\\\/portal\"],\"url\":\"https:\\\/\\\/www.eldiario.net\\\/portal\\\/author\\\/jeanette\\\/\"}]}<\/script>\n<!-- \/ Yoast SEO plugin. -->","yoast_head_json":{"title":"Las plantas y su desarrollo - El Diario - Bolivia","robots":{"index":"index","follow":"follow","max-snippet":"max-snippet:-1","max-image-preview":"max-image-preview:large","max-video-preview":"max-video-preview:-1"},"canonical":"https:\/\/www.eldiario.net\/portal\/2023\/11\/03\/las-plantas-y-su-desarrollo\/","og_locale":"es_ES","og_type":"article","og_title":"Las plantas y su desarrollo - El Diario - Bolivia","og_description":"Por: Equipo editor &nbsp; El desarrollo es el conjunto de eventos que contribuye a la progresiva elaboraci\u00f3n del cuerpo de la planta y que la capacita para obtener alimento, reproducirse y adaptarse plenamente a su ambiente. &nbsp; El concepto de desarrollo comprende tres procesos principales: crecimiento, diferenciaci\u00f3n y envejecimiento (senescencia) y muerte. &nbsp; El crecimiento. [&hellip;]","og_url":"https:\/\/www.eldiario.net\/portal\/2023\/11\/03\/las-plantas-y-su-desarrollo\/","og_site_name":"El Diario - Bolivia","article_publisher":"https:\/\/www.facebook.com\/eldiario.bolivia\/","article_published_time":"2023-11-03T11:03:18+00:00","og_image":[{"width":474,"height":264,"url":"https:\/\/www.eldiario.net\/portal\/wp-content\/uploads\/2023\/11\/Bio-Ejemplo.jpg","type":"image\/jpeg"}],"author":"Jeanette","twitter_card":"summary_large_image","twitter_creator":"@eldiario_net","twitter_site":"@eldiario_net","twitter_misc":{"Escrito por":"Jeanette","Tiempo de lectura":"5 minutos"},"schema":{"@context":"https:\/\/schema.org","@graph":[{"@type":"Article","@id":"https:\/\/www.eldiario.net\/portal\/2023\/11\/03\/las-plantas-y-su-desarrollo\/#article","isPartOf":{"@id":"https:\/\/www.eldiario.net\/portal\/2023\/11\/03\/las-plantas-y-su-desarrollo\/"},"author":{"name":"Jeanette","@id":"https:\/\/www.eldiario.net\/portal\/#\/schema\/person\/f46445640444750d7d753ccd04ae01b7"},"headline":"Las plantas y su desarrollo","datePublished":"2023-11-03T11:03:18+00:00","mainEntityOfPage":{"@id":"https:\/\/www.eldiario.net\/portal\/2023\/11\/03\/las-plantas-y-su-desarrollo\/"},"wordCount":994,"publisher":{"@id":"https:\/\/www.eldiario.net\/portal\/#organization"},"image":{"@id":"https:\/\/www.eldiario.net\/portal\/2023\/11\/03\/las-plantas-y-su-desarrollo\/#primaryimage"},"thumbnailUrl":"https:\/\/www.eldiario.net\/portal\/wp-content\/uploads\/2023\/11\/Bio-Ejemplo.jpg","articleSection":["Nuevos Horizontes"],"inLanguage":"es"},{"@type":"WebPage","@id":"https:\/\/www.eldiario.net\/portal\/2023\/11\/03\/las-plantas-y-su-desarrollo\/","url":"https:\/\/www.eldiario.net\/portal\/2023\/11\/03\/las-plantas-y-su-desarrollo\/","name":"Las plantas y su desarrollo - El Diario - Bolivia","isPartOf":{"@id":"https:\/\/www.eldiario.net\/portal\/#website"},"primaryImageOfPage":{"@id":"https:\/\/www.eldiario.net\/portal\/2023\/11\/03\/las-plantas-y-su-desarrollo\/#primaryimage"},"image":{"@id":"https:\/\/www.eldiario.net\/portal\/2023\/11\/03\/las-plantas-y-su-desarrollo\/#primaryimage"},"thumbnailUrl":"https:\/\/www.eldiario.net\/portal\/wp-content\/uploads\/2023\/11\/Bio-Ejemplo.jpg","datePublished":"2023-11-03T11:03:18+00:00","breadcrumb":{"@id":"https:\/\/www.eldiario.net\/portal\/2023\/11\/03\/las-plantas-y-su-desarrollo\/#breadcrumb"},"inLanguage":"es","potentialAction":[{"@type":"ReadAction","target":["https:\/\/www.eldiario.net\/portal\/2023\/11\/03\/las-plantas-y-su-desarrollo\/"]}]},{"@type":"ImageObject","inLanguage":"es","@id":"https:\/\/www.eldiario.net\/portal\/2023\/11\/03\/las-plantas-y-su-desarrollo\/#primaryimage","url":"https:\/\/www.eldiario.net\/portal\/wp-content\/uploads\/2023\/11\/Bio-Ejemplo.jpg","contentUrl":"https:\/\/www.eldiario.net\/portal\/wp-content\/uploads\/2023\/11\/Bio-Ejemplo.jpg","width":474,"height":264},{"@type":"BreadcrumbList","@id":"https:\/\/www.eldiario.net\/portal\/2023\/11\/03\/las-plantas-y-su-desarrollo\/#breadcrumb","itemListElement":[{"@type":"ListItem","position":1,"name":"Portada","item":"https:\/\/www.eldiario.net\/portal\/"},{"@type":"ListItem","position":2,"name":"Las plantas y su desarrollo"}]},{"@type":"WebSite","@id":"https:\/\/www.eldiario.net\/portal\/#website","url":"https:\/\/www.eldiario.net\/portal\/","name":"El Diario - Decano de la prensa nacional","description":"El Diario - Decano de la prensa nacional","publisher":{"@id":"https:\/\/www.eldiario.net\/portal\/#organization"},"potentialAction":[{"@type":"SearchAction","target":{"@type":"EntryPoint","urlTemplate":"https:\/\/www.eldiario.net\/portal\/?s={search_term_string}"},"query-input":{"@type":"PropertyValueSpecification","valueRequired":true,"valueName":"search_term_string"}}],"inLanguage":"es"},{"@type":"Organization","@id":"https:\/\/www.eldiario.net\/portal\/#organization","name":"El Diario - Decano de la prensa nacional","url":"https:\/\/www.eldiario.net\/portal\/","logo":{"@type":"ImageObject","inLanguage":"es","@id":"https:\/\/www.eldiario.net\/portal\/#\/schema\/logo\/image\/","url":"https:\/\/www.eldiario.net\/portal\/wp-content\/uploads\/2023\/07\/logo_ED.jpg","contentUrl":"https:\/\/www.eldiario.net\/portal\/wp-content\/uploads\/2023\/07\/logo_ED.jpg","width":272,"height":52,"caption":"El Diario - Decano de la prensa nacional"},"image":{"@id":"https:\/\/www.eldiario.net\/portal\/#\/schema\/logo\/image\/"},"sameAs":["https:\/\/www.facebook.com\/eldiario.bolivia\/","https:\/\/x.com\/eldiario_net"]},{"@type":"Person","@id":"https:\/\/www.eldiario.net\/portal\/#\/schema\/person\/f46445640444750d7d753ccd04ae01b7","name":"Jeanette","image":{"@type":"ImageObject","inLanguage":"es","@id":"https:\/\/secure.gravatar.com\/avatar\/3ea2118a5f7dad2b7138b1187a6b7ee55f160b9968b66013c3a3ef39dd7e5798?s=96&d=mm&r=g","url":"https:\/\/secure.gravatar.com\/avatar\/3ea2118a5f7dad2b7138b1187a6b7ee55f160b9968b66013c3a3ef39dd7e5798?s=96&d=mm&r=g","contentUrl":"https:\/\/secure.gravatar.com\/avatar\/3ea2118a5f7dad2b7138b1187a6b7ee55f160b9968b66013c3a3ef39dd7e5798?s=96&d=mm&r=g","caption":"Jeanette"},"sameAs":["https:\/\/www.eldiario.net\/portal"],"url":"https:\/\/www.eldiario.net\/portal\/author\/jeanette\/"}]}},"_links":{"self":[{"href":"https:\/\/www.eldiario.net\/portal\/wp-json\/wp\/v2\/posts\/185522","targetHints":{"allow":["GET"]}}],"collection":[{"href":"https:\/\/www.eldiario.net\/portal\/wp-json\/wp\/v2\/posts"}],"about":[{"href":"https:\/\/www.eldiario.net\/portal\/wp-json\/wp\/v2\/types\/post"}],"author":[{"embeddable":true,"href":"https:\/\/www.eldiario.net\/portal\/wp-json\/wp\/v2\/users\/1"}],"replies":[{"embeddable":true,"href":"https:\/\/www.eldiario.net\/portal\/wp-json\/wp\/v2\/comments?post=185522"}],"version-history":[{"count":0,"href":"https:\/\/www.eldiario.net\/portal\/wp-json\/wp\/v2\/posts\/185522\/revisions"}],"wp:featuredmedia":[{"embeddable":true,"href":"https:\/\/www.eldiario.net\/portal\/wp-json\/wp\/v2\/media\/185524"}],"wp:attachment":[{"href":"https:\/\/www.eldiario.net\/portal\/wp-json\/wp\/v2\/media?parent=185522"}],"wp:term":[{"taxonomy":"category","embeddable":true,"href":"https:\/\/www.eldiario.net\/portal\/wp-json\/wp\/v2\/categories?post=185522"},{"taxonomy":"post_tag","embeddable":true,"href":"https:\/\/www.eldiario.net\/portal\/wp-json\/wp\/v2\/tags?post=185522"}],"curies":[{"name":"wp","href":"https:\/\/api.w.org\/{rel}","templated":true}]}}