{"id":185518,"date":"2023-11-03T07:02:15","date_gmt":"2023-11-03T11:02:15","guid":{"rendered":"https:\/\/www.eldiario.net\/portal\/?p=185518"},"modified":"2023-11-03T07:02:15","modified_gmt":"2023-11-03T11:02:15","slug":"la-conjuncion","status":"publish","type":"post","link":"https:\/\/www.eldiario.net\/portal\/2023\/11\/03\/la-conjuncion\/","title":{"rendered":"La conjunci\u00f3n"},"content":{"rendered":"<p><strong>Por equipo editor<\/strong><\/p>\n<p>&nbsp;<\/p>\n<p>Las\u00a0conjunciones\u00a0establecen relaciones entre palabras u oraciones. Pueden ser coordinantes, si unen dos elementos de igual valor, o\u00a0subordinantes, si establecen una relaci\u00f3n de dependencia o jerarqu\u00eda entre ellos.<\/p>\n<p>&nbsp;<\/p>\n<p>En este apartado encontrar\u00e1s una clasificaci\u00f3n por significado de las conjunciones y locuciones conjuntivas que existen en espa\u00f1ol. En la secci\u00f3n de ejercicios puedes practicar lo que has aprendido y afianzar as\u00ed tus conocimientos.<\/p>\n<p>&nbsp;<\/p>\n<p><strong>Ejemplos:<\/strong><\/p>\n<p>&nbsp;<\/p>\n<p>Juan est\u00e1 de vacaciones,\u00a0pero\u00a0su hermano se ha quedado en casa.<\/p>\n<p>Como\u00a0le encanta la playa, ha pasado las vacaciones en Copacabana.<\/p>\n<p>Sale a caminar de noche porque\u00a0quiere ver la luna.<\/p>\n<p>&nbsp;<\/p>\n<p><strong>Conjunciones coordinantes<\/strong><\/p>\n<p>&nbsp;<\/p>\n<p>Las conjunciones coordinantes vinculan elementos de igual valor que pueden ser palabras u oraciones completas.<\/p>\n<p>&nbsp;<\/p>\n<p>Seg\u00fan la interpretaci\u00f3n que se haga de los elementos coordinados, las conjunciones coordinantes se subdividen a su vez en diferentes grupos.<\/p>\n<p>&nbsp;<\/p>\n<ul>\n<li><strong>Conjunciones copulativas:<\/strong> indican adici\u00f3n o agregaci\u00f3n. Las conjunciones copulativas en espa\u00f1ol son:\u00a0y\u00a0(e\u00a0delante de\u00a0i- o\u00a0hi-);\u00a0ni; tanto; como; as\u00ed como; igual que; lo mismo que; no solo, sino tambi\u00e9n, etc.<\/li>\n<\/ul>\n<p>&nbsp;<\/p>\n<p><strong>Ejemplo:<\/strong><\/p>\n<p>Cristina es de Europa y\u00a0su marido de \u00c1frica.<\/p>\n<p>&nbsp;<\/p>\n<ul>\n<li><strong>Conjunciones adversativas:<\/strong> contraponen ideas o hacen una correcci\u00f3n o matizaci\u00f3n. Las conjunciones adversativas en espa\u00f1ol son:\u00a0pero, mas, sino (que).<\/li>\n<\/ul>\n<p>&nbsp;<\/p>\n<p><strong>Ejemplo:<\/strong><\/p>\n<p>&nbsp;<\/p>\n<p>Cristina est\u00e1 de vacaciones,\u00a0(pero\/mas)\u00a0su marido se ha quedado en casa.<\/p>\n<p>El marido de Cristina no est\u00e1 de vacaciones\u00a0(pero\/mas) ella s\u00ed.<\/p>\n<p><strong>* <u>Pero<\/u>\u00a0puede seguir a una oraci\u00f3n afirmativa o negativa.<\/strong><\/p>\n<p>&nbsp;<\/p>\n<p>El marido de Cristina\u00a0no\u00a0est\u00e1 de vacaciones\u00a0sino\u00a0en casa.<\/p>\n<p>El marido de Cristina\u00a0no\u00a0est\u00e1 de vacaciones\u00a0sino que\u00a0se ha quedado en casa.<\/p>\n<p><strong>* <u>Sino<\/u>\u00a0debe ir siempre despu\u00e9s de una oraci\u00f3n negativa.<\/strong><\/p>\n<p>&nbsp;<\/p>\n<ul>\n<li><strong>Conjunciones disyuntivas y distributivas:<\/strong> indican alternancia o elecci\u00f3n. La conjunci\u00f3n disyuntiva en espa\u00f1ol por excelencia es:\u00a0o\u00a0(u\u00a0delante de\u00a0o-,\u00a0ho-). Las distributivas se utilizan en pares: o\u2026 o\u2026;\u00a0bien\u2026, bien\u2026; ya\u2026, ya\u2026; ora\u2026, ora\u2026; sea\u2026, sea\u2026; fuera\u2026, fuera\u2026<\/li>\n<\/ul>\n<p>&nbsp;<\/p>\n<p><strong>Ejemplo:<\/strong><\/p>\n<p>&nbsp;<\/p>\n<p>Mart\u00edn pasea por la plaza por las ma\u00f1anas\u00a0o\u00a0por las noches.<\/p>\n<p>&nbsp;<\/p>\n<p>&nbsp;<\/p>\n<p>&nbsp;<\/p>\n<p>&nbsp;<\/p>\n<p>&nbsp;<\/p>\n<p><strong>Conjunciones coordinantes<\/strong><\/p>\n<table width=\"631\">\n<tbody>\n<tr>\n<td width=\"102\"><strong>Tipo<\/strong><\/td>\n<td width=\"208\"><strong>Conjunciones<\/strong><\/td>\n<td width=\"321\"><strong>Ejemplos<\/strong><\/td>\n<\/tr>\n<tr>\n<td width=\"102\"><strong>Copulativas<\/strong><\/td>\n<td width=\"208\">\u00fc\u00a0 y (e, delante de\u00a0i, hi)<\/p>\n<p>\u00fc\u00a0 ni<\/p>\n<p>\u00fc\u00a0 ni\u2026 ni\u2026<\/p>\n<p>\u00fc\u00a0 no solo\u2026 sino tambi\u00e9n\u2026<\/p>\n<p>\u00fc\u00a0 tanto\u2026 como\u2026<\/p>\n<p>\u00fc\u00a0 as\u00ed como\u2026<\/p>\n<p>\u00fc\u00a0 igual\u2026 que\u2026<\/p>\n<p>\u00fc\u00a0 lo mismo\u2026 que\u2026<\/td>\n<td width=\"321\">\u00fc\u00a0 Alberto estudia psicolog\u00eda\u00a0y\u00a0yo derecho.<\/p>\n<p>\u00fc\u00a0 Este a\u00f1o viajar\u00e9 a Noruega\u00a0e\u00a0Islandia.<\/p>\n<p>\u00fc\u00a0 Ni\u00a0brill\u00f3 el sol\u00a0ni\u00a0hizo calor.<\/p>\n<p>\u00fc\u00a0 Ella es\u00a0no solo\u00a0una buena madre\u00a0sino tambi\u00e9n\u00a0una buena amiga.<\/p>\n<p>\u00fc\u00a0 Tanto\u00a0este libro\u00a0como\u00a0este otro te pueden servir de ayuda.<\/p>\n<p>\u00fc\u00a0 Me gustan las palomitas saladas,\u00a0as\u00ed como\u00a0las dulces.<\/td>\n<\/tr>\n<tr>\n<td width=\"102\"><strong>Adversativas<\/strong><\/td>\n<td width=\"208\">\u00fc\u00a0 pero<\/p>\n<p>\u00fc\u00a0 mas<\/p>\n<p>\u00fc\u00a0 empero<\/p>\n<p>\u00fc\u00a0 sino<\/p>\n<p>\u00fc\u00a0 mientras que<\/td>\n<td width=\"321\">\u00fc\u00a0 Sus palabras son muy convincentes,\u00a0pero\u00a0yo no conf\u00edo en \u00e9l.<\/p>\n<p>\u00fc\u00a0 El d\u00eda amaneci\u00f3 soleado,\u00a0mas\u00a0con mucho viento.<\/p>\n<p>\u00fc\u00a0 Esta\u00a0no\u00a0es la llave correcta,\u00a0sino\u00a0esta otra.<\/p>\n<p>\u00fc\u00a0 Cristina est\u00e1 de vacaciones,\u00a0mientras que\u00a0su marido est\u00e1 en casa.<\/td>\n<\/tr>\n<tr>\n<td width=\"102\"><strong>Disyuntivas y distributivas<\/strong><\/td>\n<td width=\"208\">\u00fc\u00a0 (u, delante de\u00a0o, ho)<\/p>\n<p>\u00fc\u00a0 o\u2026, o\u2026<\/p>\n<p>\u00fc\u00a0 bien\u2026, o bien\u2026<\/p>\n<p>\u00fc\u00a0 bien\u2026, bien\u2026<\/p>\n<p>\u00fc\u00a0 ya\u2026, ya\u2026<\/p>\n<p>\u00fc\u00a0 ora\u2026, ora\u2026<\/p>\n<p>\u00fc\u00a0 sea\u2026, sea\u2026<\/p>\n<p>\u00fc\u00a0 fuera\u2026, fuera\u2026<\/td>\n<td width=\"321\">\u00fc\u00a0 Trabaja m\u00e1s horas\u00a0o\u00a0gasta menos dinero.<\/p>\n<p>\u00fc\u00a0 O nos damos prisa,\u00a0o\u00a0perderemos el tren.<\/p>\n<p>\u00fc\u00a0 Bien\u00a0trabajas m\u00e1s horas,\u00a0bien\u00a0gastas menos dinero.<\/p>\n<p>\u00fc\u00a0 Sea\u00a0lunes,\u00a0sea\u00a0s\u00e1bado, Alberto siempre duerme once horas.<\/td>\n<\/tr>\n<\/tbody>\n<\/table>\n<div id='gallery-1' class='gallery galleryid-185518 gallery-columns-3 gallery-size-medium'><figure class='gallery-item'>\n\t\t\t<div class='gallery-icon landscape'>\n\t\t\t\t<a href='https:\/\/www.eldiario.net\/portal\/len-la-conjuncion\/'><img loading=\"lazy\" decoding=\"async\" width=\"300\" height=\"212\" src=\"https:\/\/www.eldiario.net\/portal\/wp-content\/uploads\/2023\/11\/Len-La-conjuncion-300x212.jpg\" class=\"attachment-medium size-medium\" alt=\"\" srcset=\"https:\/\/www.eldiario.net\/portal\/wp-content\/uploads\/2023\/11\/Len-La-conjuncion-300x212.jpg 300w, https:\/\/www.eldiario.net\/portal\/wp-content\/uploads\/2023\/11\/Len-La-conjuncion-1024x724.jpg 1024w, https:\/\/www.eldiario.net\/portal\/wp-content\/uploads\/2023\/11\/Len-La-conjuncion-768x543.jpg 768w, https:\/\/www.eldiario.net\/portal\/wp-content\/uploads\/2023\/11\/Len-La-conjuncion-696x492.jpg 696w, https:\/\/www.eldiario.net\/portal\/wp-content\/uploads\/2023\/11\/Len-La-conjuncion-1068x755.jpg 1068w, https:\/\/www.eldiario.net\/portal\/wp-content\/uploads\/2023\/11\/Len-La-conjuncion.jpg 1536w\" sizes=\"auto, (max-width: 300px) 100vw, 300px\" \/><\/a>\n\t\t\t<\/div><\/figure><figure class='gallery-item'>\n\t\t\t<div class='gallery-icon landscape'>\n\t\t\t\t<a href='https:\/\/www.eldiario.net\/portal\/len-suborninantes-vs-cordinantes\/'><img loading=\"lazy\" decoding=\"async\" width=\"300\" height=\"230\" src=\"https:\/\/www.eldiario.net\/portal\/wp-content\/uploads\/2023\/11\/Len-Suborninantes-Vs-Cordinantes-300x230.jpg\" class=\"attachment-medium size-medium\" alt=\"\" srcset=\"https:\/\/www.eldiario.net\/portal\/wp-content\/uploads\/2023\/11\/Len-Suborninantes-Vs-Cordinantes-300x230.jpg 300w, https:\/\/www.eldiario.net\/portal\/wp-content\/uploads\/2023\/11\/Len-Suborninantes-Vs-Cordinantes-1024x786.jpg 1024w, https:\/\/www.eldiario.net\/portal\/wp-content\/uploads\/2023\/11\/Len-Suborninantes-Vs-Cordinantes-768x589.jpg 768w, https:\/\/www.eldiario.net\/portal\/wp-content\/uploads\/2023\/11\/Len-Suborninantes-Vs-Cordinantes-696x534.jpg 696w, https:\/\/www.eldiario.net\/portal\/wp-content\/uploads\/2023\/11\/Len-Suborninantes-Vs-Cordinantes-1068x820.jpg 1068w, https:\/\/www.eldiario.net\/portal\/wp-content\/uploads\/2023\/11\/Len-Suborninantes-Vs-Cordinantes.jpg 1500w\" sizes=\"auto, (max-width: 300px) 100vw, 300px\" \/><\/a>\n\t\t\t<\/div><\/figure>\n\t\t<\/div>\n\n","protected":false},"excerpt":{"rendered":"<p>Por equipo editor &nbsp; Las\u00a0conjunciones\u00a0establecen relaciones entre palabras u oraciones. Pueden ser coordinantes, si unen dos elementos de igual valor, o\u00a0subordinantes, si establecen una relaci\u00f3n de dependencia o jerarqu\u00eda entre ellos. &nbsp; En este apartado encontrar\u00e1s una clasificaci\u00f3n por significado de las conjunciones y locuciones conjuntivas que existen en espa\u00f1ol. En la secci\u00f3n de ejercicios [&hellip;]<\/p>\n","protected":false},"author":1,"featured_media":185520,"comment_status":"closed","ping_status":"open","sticky":false,"template":"","format":"standard","meta":{"_acf_changed":false,"footnotes":""},"categories":[43],"tags":[],"class_list":["post-185518","post","type-post","status-publish","format-standard","has-post-thumbnail","category-nuevos-horizontes"],"acf":{"antetitulo":""},"yoast_head":"<!-- This site is optimized with the Yoast SEO plugin v28.4 - https:\/\/yoast.com\/product\/yoast-seo-wordpress\/ -->\n<title>La conjunci\u00f3n - El Diario - Bolivia<\/title>\n<meta name=\"robots\" content=\"index, follow, max-snippet:-1, max-image-preview:large, max-video-preview:-1\" \/>\n<link rel=\"canonical\" href=\"https:\/\/www.eldiario.net\/portal\/2023\/11\/03\/la-conjuncion\/\" \/>\n<meta property=\"og:locale\" content=\"es_ES\" \/>\n<meta property=\"og:type\" content=\"article\" \/>\n<meta property=\"og:title\" content=\"La conjunci\u00f3n - El Diario - Bolivia\" \/>\n<meta property=\"og:description\" content=\"Por equipo editor &nbsp; Las\u00a0conjunciones\u00a0establecen relaciones entre palabras u oraciones. Pueden ser coordinantes, si unen dos elementos de igual valor, o\u00a0subordinantes, si establecen una relaci\u00f3n de dependencia o jerarqu\u00eda entre ellos. &nbsp; En este apartado encontrar\u00e1s una clasificaci\u00f3n por significado de las conjunciones y locuciones conjuntivas que existen en espa\u00f1ol. En la secci\u00f3n de ejercicios [&hellip;]\" \/>\n<meta property=\"og:url\" content=\"https:\/\/www.eldiario.net\/portal\/2023\/11\/03\/la-conjuncion\/\" \/>\n<meta property=\"og:site_name\" content=\"El Diario - Bolivia\" \/>\n<meta property=\"article:publisher\" content=\"https:\/\/www.facebook.com\/eldiario.bolivia\/\" \/>\n<meta property=\"article:published_time\" content=\"2023-11-03T11:02:15+00:00\" \/>\n<meta property=\"og:image\" content=\"https:\/\/www.eldiario.net\/portal\/wp-content\/uploads\/2023\/11\/Len-Suborninantes-Vs-Cordinantes.jpg\" \/>\n\t<meta property=\"og:image:width\" content=\"1500\" \/>\n\t<meta property=\"og:image:height\" content=\"1151\" \/>\n\t<meta property=\"og:image:type\" content=\"image\/jpeg\" \/>\n<meta name=\"author\" content=\"Jeanette\" \/>\n<meta name=\"twitter:card\" content=\"summary_large_image\" \/>\n<meta name=\"twitter:creator\" content=\"@eldiario_net\" \/>\n<meta name=\"twitter:site\" content=\"@eldiario_net\" \/>\n<meta name=\"twitter:label1\" content=\"Escrito por\" \/>\n\t<meta name=\"twitter:data1\" content=\"Jeanette\" \/>\n\t<meta name=\"twitter:label2\" content=\"Tiempo de lectura\" \/>\n\t<meta name=\"twitter:data2\" content=\"3 minutos\" \/>\n<script type=\"application\/ld+json\" class=\"yoast-schema-graph\">{\"@context\":\"https:\\\/\\\/schema.org\",\"@graph\":[{\"@type\":\"Article\",\"@id\":\"https:\\\/\\\/www.eldiario.net\\\/portal\\\/2023\\\/11\\\/03\\\/la-conjuncion\\\/#article\",\"isPartOf\":{\"@id\":\"https:\\\/\\\/www.eldiario.net\\\/portal\\\/2023\\\/11\\\/03\\\/la-conjuncion\\\/\"},\"author\":{\"name\":\"Jeanette\",\"@id\":\"https:\\\/\\\/www.eldiario.net\\\/portal\\\/#\\\/schema\\\/person\\\/f46445640444750d7d753ccd04ae01b7\"},\"headline\":\"La conjunci\u00f3n\",\"datePublished\":\"2023-11-03T11:02:15+00:00\",\"mainEntityOfPage\":{\"@id\":\"https:\\\/\\\/www.eldiario.net\\\/portal\\\/2023\\\/11\\\/03\\\/la-conjuncion\\\/\"},\"wordCount\":567,\"publisher\":{\"@id\":\"https:\\\/\\\/www.eldiario.net\\\/portal\\\/#organization\"},\"image\":{\"@id\":\"https:\\\/\\\/www.eldiario.net\\\/portal\\\/2023\\\/11\\\/03\\\/la-conjuncion\\\/#primaryimage\"},\"thumbnailUrl\":\"https:\\\/\\\/www.eldiario.net\\\/portal\\\/wp-content\\\/uploads\\\/2023\\\/11\\\/Len-Suborninantes-Vs-Cordinantes.jpg\",\"articleSection\":[\"Nuevos Horizontes\"],\"inLanguage\":\"es\"},{\"@type\":\"WebPage\",\"@id\":\"https:\\\/\\\/www.eldiario.net\\\/portal\\\/2023\\\/11\\\/03\\\/la-conjuncion\\\/\",\"url\":\"https:\\\/\\\/www.eldiario.net\\\/portal\\\/2023\\\/11\\\/03\\\/la-conjuncion\\\/\",\"name\":\"La conjunci\u00f3n - El Diario - Bolivia\",\"isPartOf\":{\"@id\":\"https:\\\/\\\/www.eldiario.net\\\/portal\\\/#website\"},\"primaryImageOfPage\":{\"@id\":\"https:\\\/\\\/www.eldiario.net\\\/portal\\\/2023\\\/11\\\/03\\\/la-conjuncion\\\/#primaryimage\"},\"image\":{\"@id\":\"https:\\\/\\\/www.eldiario.net\\\/portal\\\/2023\\\/11\\\/03\\\/la-conjuncion\\\/#primaryimage\"},\"thumbnailUrl\":\"https:\\\/\\\/www.eldiario.net\\\/portal\\\/wp-content\\\/uploads\\\/2023\\\/11\\\/Len-Suborninantes-Vs-Cordinantes.jpg\",\"datePublished\":\"2023-11-03T11:02:15+00:00\",\"breadcrumb\":{\"@id\":\"https:\\\/\\\/www.eldiario.net\\\/portal\\\/2023\\\/11\\\/03\\\/la-conjuncion\\\/#breadcrumb\"},\"inLanguage\":\"es\",\"potentialAction\":[{\"@type\":\"ReadAction\",\"target\":[\"https:\\\/\\\/www.eldiario.net\\\/portal\\\/2023\\\/11\\\/03\\\/la-conjuncion\\\/\"]}]},{\"@type\":\"ImageObject\",\"inLanguage\":\"es\",\"@id\":\"https:\\\/\\\/www.eldiario.net\\\/portal\\\/2023\\\/11\\\/03\\\/la-conjuncion\\\/#primaryimage\",\"url\":\"https:\\\/\\\/www.eldiario.net\\\/portal\\\/wp-content\\\/uploads\\\/2023\\\/11\\\/Len-Suborninantes-Vs-Cordinantes.jpg\",\"contentUrl\":\"https:\\\/\\\/www.eldiario.net\\\/portal\\\/wp-content\\\/uploads\\\/2023\\\/11\\\/Len-Suborninantes-Vs-Cordinantes.jpg\",\"width\":1500,\"height\":1151},{\"@type\":\"BreadcrumbList\",\"@id\":\"https:\\\/\\\/www.eldiario.net\\\/portal\\\/2023\\\/11\\\/03\\\/la-conjuncion\\\/#breadcrumb\",\"itemListElement\":[{\"@type\":\"ListItem\",\"position\":1,\"name\":\"Portada\",\"item\":\"https:\\\/\\\/www.eldiario.net\\\/portal\\\/\"},{\"@type\":\"ListItem\",\"position\":2,\"name\":\"La conjunci\u00f3n\"}]},{\"@type\":\"WebSite\",\"@id\":\"https:\\\/\\\/www.eldiario.net\\\/portal\\\/#website\",\"url\":\"https:\\\/\\\/www.eldiario.net\\\/portal\\\/\",\"name\":\"El Diario - Decano de la prensa nacional\",\"description\":\"El Diario - Decano de la prensa nacional\",\"publisher\":{\"@id\":\"https:\\\/\\\/www.eldiario.net\\\/portal\\\/#organization\"},\"potentialAction\":[{\"@type\":\"SearchAction\",\"target\":{\"@type\":\"EntryPoint\",\"urlTemplate\":\"https:\\\/\\\/www.eldiario.net\\\/portal\\\/?s={search_term_string}\"},\"query-input\":{\"@type\":\"PropertyValueSpecification\",\"valueRequired\":true,\"valueName\":\"search_term_string\"}}],\"inLanguage\":\"es\"},{\"@type\":\"Organization\",\"@id\":\"https:\\\/\\\/www.eldiario.net\\\/portal\\\/#organization\",\"name\":\"El Diario - Decano de la prensa nacional\",\"url\":\"https:\\\/\\\/www.eldiario.net\\\/portal\\\/\",\"logo\":{\"@type\":\"ImageObject\",\"inLanguage\":\"es\",\"@id\":\"https:\\\/\\\/www.eldiario.net\\\/portal\\\/#\\\/schema\\\/logo\\\/image\\\/\",\"url\":\"https:\\\/\\\/www.eldiario.net\\\/portal\\\/wp-content\\\/uploads\\\/2023\\\/07\\\/logo_ED.jpg\",\"contentUrl\":\"https:\\\/\\\/www.eldiario.net\\\/portal\\\/wp-content\\\/uploads\\\/2023\\\/07\\\/logo_ED.jpg\",\"width\":272,\"height\":52,\"caption\":\"El Diario - Decano de la prensa nacional\"},\"image\":{\"@id\":\"https:\\\/\\\/www.eldiario.net\\\/portal\\\/#\\\/schema\\\/logo\\\/image\\\/\"},\"sameAs\":[\"https:\\\/\\\/www.facebook.com\\\/eldiario.bolivia\\\/\",\"https:\\\/\\\/x.com\\\/eldiario_net\"]},{\"@type\":\"Person\",\"@id\":\"https:\\\/\\\/www.eldiario.net\\\/portal\\\/#\\\/schema\\\/person\\\/f46445640444750d7d753ccd04ae01b7\",\"name\":\"Jeanette\",\"image\":{\"@type\":\"ImageObject\",\"inLanguage\":\"es\",\"@id\":\"https:\\\/\\\/secure.gravatar.com\\\/avatar\\\/3ea2118a5f7dad2b7138b1187a6b7ee55f160b9968b66013c3a3ef39dd7e5798?s=96&d=mm&r=g\",\"url\":\"https:\\\/\\\/secure.gravatar.com\\\/avatar\\\/3ea2118a5f7dad2b7138b1187a6b7ee55f160b9968b66013c3a3ef39dd7e5798?s=96&d=mm&r=g\",\"contentUrl\":\"https:\\\/\\\/secure.gravatar.com\\\/avatar\\\/3ea2118a5f7dad2b7138b1187a6b7ee55f160b9968b66013c3a3ef39dd7e5798?s=96&d=mm&r=g\",\"caption\":\"Jeanette\"},\"sameAs\":[\"https:\\\/\\\/www.eldiario.net\\\/portal\"],\"url\":\"https:\\\/\\\/www.eldiario.net\\\/portal\\\/author\\\/jeanette\\\/\"}]}<\/script>\n<!-- \/ Yoast SEO plugin. -->","yoast_head_json":{"title":"La conjunci\u00f3n - El Diario - Bolivia","robots":{"index":"index","follow":"follow","max-snippet":"max-snippet:-1","max-image-preview":"max-image-preview:large","max-video-preview":"max-video-preview:-1"},"canonical":"https:\/\/www.eldiario.net\/portal\/2023\/11\/03\/la-conjuncion\/","og_locale":"es_ES","og_type":"article","og_title":"La conjunci\u00f3n - El Diario - Bolivia","og_description":"Por equipo editor &nbsp; Las\u00a0conjunciones\u00a0establecen relaciones entre palabras u oraciones. Pueden ser coordinantes, si unen dos elementos de igual valor, o\u00a0subordinantes, si establecen una relaci\u00f3n de dependencia o jerarqu\u00eda entre ellos. &nbsp; En este apartado encontrar\u00e1s una clasificaci\u00f3n por significado de las conjunciones y locuciones conjuntivas que existen en espa\u00f1ol. En la secci\u00f3n de ejercicios [&hellip;]","og_url":"https:\/\/www.eldiario.net\/portal\/2023\/11\/03\/la-conjuncion\/","og_site_name":"El Diario - Bolivia","article_publisher":"https:\/\/www.facebook.com\/eldiario.bolivia\/","article_published_time":"2023-11-03T11:02:15+00:00","og_image":[{"width":1500,"height":1151,"url":"https:\/\/www.eldiario.net\/portal\/wp-content\/uploads\/2023\/11\/Len-Suborninantes-Vs-Cordinantes.jpg","type":"image\/jpeg"}],"author":"Jeanette","twitter_card":"summary_large_image","twitter_creator":"@eldiario_net","twitter_site":"@eldiario_net","twitter_misc":{"Escrito por":"Jeanette","Tiempo de lectura":"3 minutos"},"schema":{"@context":"https:\/\/schema.org","@graph":[{"@type":"Article","@id":"https:\/\/www.eldiario.net\/portal\/2023\/11\/03\/la-conjuncion\/#article","isPartOf":{"@id":"https:\/\/www.eldiario.net\/portal\/2023\/11\/03\/la-conjuncion\/"},"author":{"name":"Jeanette","@id":"https:\/\/www.eldiario.net\/portal\/#\/schema\/person\/f46445640444750d7d753ccd04ae01b7"},"headline":"La conjunci\u00f3n","datePublished":"2023-11-03T11:02:15+00:00","mainEntityOfPage":{"@id":"https:\/\/www.eldiario.net\/portal\/2023\/11\/03\/la-conjuncion\/"},"wordCount":567,"publisher":{"@id":"https:\/\/www.eldiario.net\/portal\/#organization"},"image":{"@id":"https:\/\/www.eldiario.net\/portal\/2023\/11\/03\/la-conjuncion\/#primaryimage"},"thumbnailUrl":"https:\/\/www.eldiario.net\/portal\/wp-content\/uploads\/2023\/11\/Len-Suborninantes-Vs-Cordinantes.jpg","articleSection":["Nuevos Horizontes"],"inLanguage":"es"},{"@type":"WebPage","@id":"https:\/\/www.eldiario.net\/portal\/2023\/11\/03\/la-conjuncion\/","url":"https:\/\/www.eldiario.net\/portal\/2023\/11\/03\/la-conjuncion\/","name":"La conjunci\u00f3n - El Diario - Bolivia","isPartOf":{"@id":"https:\/\/www.eldiario.net\/portal\/#website"},"primaryImageOfPage":{"@id":"https:\/\/www.eldiario.net\/portal\/2023\/11\/03\/la-conjuncion\/#primaryimage"},"image":{"@id":"https:\/\/www.eldiario.net\/portal\/2023\/11\/03\/la-conjuncion\/#primaryimage"},"thumbnailUrl":"https:\/\/www.eldiario.net\/portal\/wp-content\/uploads\/2023\/11\/Len-Suborninantes-Vs-Cordinantes.jpg","datePublished":"2023-11-03T11:02:15+00:00","breadcrumb":{"@id":"https:\/\/www.eldiario.net\/portal\/2023\/11\/03\/la-conjuncion\/#breadcrumb"},"inLanguage":"es","potentialAction":[{"@type":"ReadAction","target":["https:\/\/www.eldiario.net\/portal\/2023\/11\/03\/la-conjuncion\/"]}]},{"@type":"ImageObject","inLanguage":"es","@id":"https:\/\/www.eldiario.net\/portal\/2023\/11\/03\/la-conjuncion\/#primaryimage","url":"https:\/\/www.eldiario.net\/portal\/wp-content\/uploads\/2023\/11\/Len-Suborninantes-Vs-Cordinantes.jpg","contentUrl":"https:\/\/www.eldiario.net\/portal\/wp-content\/uploads\/2023\/11\/Len-Suborninantes-Vs-Cordinantes.jpg","width":1500,"height":1151},{"@type":"BreadcrumbList","@id":"https:\/\/www.eldiario.net\/portal\/2023\/11\/03\/la-conjuncion\/#breadcrumb","itemListElement":[{"@type":"ListItem","position":1,"name":"Portada","item":"https:\/\/www.eldiario.net\/portal\/"},{"@type":"ListItem","position":2,"name":"La conjunci\u00f3n"}]},{"@type":"WebSite","@id":"https:\/\/www.eldiario.net\/portal\/#website","url":"https:\/\/www.eldiario.net\/portal\/","name":"El Diario - Decano de la prensa nacional","description":"El Diario - Decano de la prensa nacional","publisher":{"@id":"https:\/\/www.eldiario.net\/portal\/#organization"},"potentialAction":[{"@type":"SearchAction","target":{"@type":"EntryPoint","urlTemplate":"https:\/\/www.eldiario.net\/portal\/?s={search_term_string}"},"query-input":{"@type":"PropertyValueSpecification","valueRequired":true,"valueName":"search_term_string"}}],"inLanguage":"es"},{"@type":"Organization","@id":"https:\/\/www.eldiario.net\/portal\/#organization","name":"El Diario - Decano de la prensa nacional","url":"https:\/\/www.eldiario.net\/portal\/","logo":{"@type":"ImageObject","inLanguage":"es","@id":"https:\/\/www.eldiario.net\/portal\/#\/schema\/logo\/image\/","url":"https:\/\/www.eldiario.net\/portal\/wp-content\/uploads\/2023\/07\/logo_ED.jpg","contentUrl":"https:\/\/www.eldiario.net\/portal\/wp-content\/uploads\/2023\/07\/logo_ED.jpg","width":272,"height":52,"caption":"El Diario - Decano de la prensa nacional"},"image":{"@id":"https:\/\/www.eldiario.net\/portal\/#\/schema\/logo\/image\/"},"sameAs":["https:\/\/www.facebook.com\/eldiario.bolivia\/","https:\/\/x.com\/eldiario_net"]},{"@type":"Person","@id":"https:\/\/www.eldiario.net\/portal\/#\/schema\/person\/f46445640444750d7d753ccd04ae01b7","name":"Jeanette","image":{"@type":"ImageObject","inLanguage":"es","@id":"https:\/\/secure.gravatar.com\/avatar\/3ea2118a5f7dad2b7138b1187a6b7ee55f160b9968b66013c3a3ef39dd7e5798?s=96&d=mm&r=g","url":"https:\/\/secure.gravatar.com\/avatar\/3ea2118a5f7dad2b7138b1187a6b7ee55f160b9968b66013c3a3ef39dd7e5798?s=96&d=mm&r=g","contentUrl":"https:\/\/secure.gravatar.com\/avatar\/3ea2118a5f7dad2b7138b1187a6b7ee55f160b9968b66013c3a3ef39dd7e5798?s=96&d=mm&r=g","caption":"Jeanette"},"sameAs":["https:\/\/www.eldiario.net\/portal"],"url":"https:\/\/www.eldiario.net\/portal\/author\/jeanette\/"}]}},"_links":{"self":[{"href":"https:\/\/www.eldiario.net\/portal\/wp-json\/wp\/v2\/posts\/185518","targetHints":{"allow":["GET"]}}],"collection":[{"href":"https:\/\/www.eldiario.net\/portal\/wp-json\/wp\/v2\/posts"}],"about":[{"href":"https:\/\/www.eldiario.net\/portal\/wp-json\/wp\/v2\/types\/post"}],"author":[{"embeddable":true,"href":"https:\/\/www.eldiario.net\/portal\/wp-json\/wp\/v2\/users\/1"}],"replies":[{"embeddable":true,"href":"https:\/\/www.eldiario.net\/portal\/wp-json\/wp\/v2\/comments?post=185518"}],"version-history":[{"count":0,"href":"https:\/\/www.eldiario.net\/portal\/wp-json\/wp\/v2\/posts\/185518\/revisions"}],"wp:featuredmedia":[{"embeddable":true,"href":"https:\/\/www.eldiario.net\/portal\/wp-json\/wp\/v2\/media\/185520"}],"wp:attachment":[{"href":"https:\/\/www.eldiario.net\/portal\/wp-json\/wp\/v2\/media?parent=185518"}],"wp:term":[{"taxonomy":"category","embeddable":true,"href":"https:\/\/www.eldiario.net\/portal\/wp-json\/wp\/v2\/categories?post=185518"},{"taxonomy":"post_tag","embeddable":true,"href":"https:\/\/www.eldiario.net\/portal\/wp-json\/wp\/v2\/tags?post=185518"}],"curies":[{"name":"wp","href":"https:\/\/api.w.org\/{rel}","templated":true}]}}