{"id":185505,"date":"2023-11-03T06:58:52","date_gmt":"2023-11-03T10:58:52","guid":{"rendered":"https:\/\/www.eldiario.net\/portal\/?p=185505"},"modified":"2023-11-03T06:58:52","modified_gmt":"2023-11-03T10:58:52","slug":"joseph-jaldin-soy-muy-aventurero-me-gusta-mucho-la-adrenalina","status":"publish","type":"post","link":"https:\/\/www.eldiario.net\/portal\/2023\/11\/03\/joseph-jaldin-soy-muy-aventurero-me-gusta-mucho-la-adrenalina\/","title":{"rendered":"JOSEPH JALD\u00cdN \u201cSoy muy aventurero, me  gusta mucho la adrenalina\u201d"},"content":{"rendered":"<p><strong>Nombre:<\/strong> Joseph Bryan Jald\u00edn Machicao.<\/p>\n<p><strong>Fecha y lugar de nacimiento:<\/strong> 4 de abril del 86 en Washington DC.<\/p>\n<p><strong>Estudios:<\/strong> Administraci\u00f3n de Empresas en George Mason University.<\/p>\n<p><strong>Estado civil:<\/strong> Soltero.<\/p>\n<p><strong>\u00bfA qu\u00e9 te dedicas hoy?:<\/strong> Me dedico a la comunicaci\u00f3n, soy presentador en El Ma\u00f1anero de La Paz de la Red Uno de Bolivia.<\/p>\n<p>&nbsp;<\/p>\n<p>&nbsp;<\/p>\n<p><strong>LG: \u00bfQu\u00e9 es lo que el p\u00fablico no sabe de ti?<\/strong><\/p>\n<p>J: El p\u00fablico no sabe que soy muy hogare\u00f1o, me gusta estar bastante en mi hogar, pero muchas veces por el trabajo, los compromisos, tengo que estar en un lado o viajando bastante. Pero me encanta estar en mi hogar, en mi cama, viendo tele, en pijama todo el d\u00eda. A parte de eso, igualmente me gusta explorar muchos lugares, a veces en alg\u00fan fin de semana me desconecto de todo y me voy al campo, hago tipo campingg o voy a alg\u00fan hotel que est\u00e9 en medio del campo para poder un poco despejarme de todo lo ca\u00f3tico que puede ser el fin de semana. Soy muy aventurero, me gusta mucho la adrenalina, como el paracaidismo, jumping\u2026 todas esas actividades extremas me gustan bastante. Luego, creo que, como todos, soy muy querend\u00f3n de mi familia, cuido mucho a los que est\u00e1n a mi alrededor, as\u00ed que b\u00e1sicamente eso. Despu\u00e9s casi todo lo voy exponiendo siempre.<\/p>\n<p><strong>LG: \u00bfCu\u00e1l es tu mayor virtud?<\/strong><\/p>\n<p>J: Nunca me he puesto a analizar algo as\u00ed. Pero creo que mi mayor virtud es ser siempre positivo, ver el lado positivo de las cosas negativas que suelen pasar, a veces no solamente a m\u00ed sino a alguna otra persona\u2026 siempre trato de estar alegre, contento, con una sonrisa de oreja a oreja, creo que por eso siempre persona que me ve me dice: \u201cVos y tu sonrisa\u201d, siempre ando sonriendo.<\/p>\n<p><strong>LG: Y \u00bftu peor defecto?<\/strong><\/p>\n<p>J: Soy un poco impuntual y hasta un poco reneg\u00f3n.<\/p>\n<p><strong>LG: Si volvieras a nacer, \u00bfqu\u00e9 cambiar\u00edas de tu vida?<\/strong><\/p>\n<p>J: Creo que nada, soy feliz y agradecido con lo que me toc\u00f3 y si no me gustaba algo, pues aprend\u00ed a que me guste y a ser agradecido, porque es por algo que me ten\u00eda que tocar a m\u00ed\u2026 pienso que Dios me dijo: Esto es lo que te toca vivir, entonces de verdad estoy agradecido con todo lo que me ha pasado.<\/p>\n<p><strong>LG: \u00bfQu\u00e9 es lo mejor que han dicho de Joseph Jald\u00edn?<\/strong><\/p>\n<p>J: No s\u00e9, supongo que soy muy alegre, que les gusta el carisma que tengo\u2026 es lo que yo escucho mucho, lo que veo en las redes sociales, lo que les comentan a mis familiares, que les agrada mucho el carisma que llego a transmitir.<\/p>\n<p><strong>LG: \u00bfY qu\u00e9 lo peor? \u00bfescuchaste algo?<\/strong><\/p>\n<p>J: S\u00ed, siempre se escucha. Es dif\u00edcil caer bien a todos, siempre van a haber comentarios malos y comentarios buenos\u2026 alguna vez me vieron en la calle y me dijeron que me falta humildad, pero no me conocen del todo y est\u00e1 bien que opinen as\u00ed, no hay problema.<\/p>\n<p><strong>LG: \u00bfUna frustraci\u00f3n?<\/strong><\/p>\n<p>J: En su momento, cre\u00ed que era una frustraci\u00f3n cuando decid\u00ed regresar a Bolivia, porque no me sent\u00eda c\u00f3modo viviendo en Estados Unidos. Es que cuando sal\u00ed de casa de mam\u00e1 dije que nunca m\u00e1s iba a regresar y creo eso es lo que todo joven dice cuando quiere ser independiente: ya nunca m\u00e1s regreso a casa de mis pap\u00e1s. Sin embargo, cuando regres\u00e9 a donde estaba mi mama, pens\u00e9 que era una frustraci\u00f3n, de que me fue mal. Pero en realidad para nada, despu\u00e9s entend\u00ed que era un paso m\u00e1s que deb\u00eda dar para conseguir algo bueno.<\/p>\n<p><strong>LG: \u00bfUn sue\u00f1o realizado?<\/strong><\/p>\n<p>J: Creo que despu\u00e9s de la pandemia, la perspectiva de las personas y los sue\u00f1os cambiaron, mira, tengo a mi \u00fanica abuela que me queda viva, al a\u00f1o cumple 90 a\u00f1os y poder verla, abrazarla y hablar con ella fue un sue\u00f1o.<\/p>\n<p><strong>LG: \u00bfQu\u00e9 haces cuando reniegas?<\/strong><\/p>\n<p>J: Prefiero estar solo un momento, para que se me pase, me pongo m\u00fasica y ya se me pasa. Despu\u00e9s tomo agua en un vaso y me pongo a arrancar nuevamente.<\/p>\n<p><strong>LG: \u00bfC\u00f3mo te gustar\u00eda que te recuerden?<\/strong><\/p>\n<p>J: Con mucha alegr\u00eda, que si alg\u00fan momento ya mi misi\u00f3n en este mundo termina, o cualquier etapa termina, que me recuerden siempre como el Joseph alegre, el Joseph que sonr\u00ede, el Joseph que siempre est\u00e1 colaborando y predispuesto a ayudar.<\/p>\n<p><strong>LG: Si tuvieras una varita m\u00e1gica, \u00bfqu\u00e9 har\u00edas en este momento?<\/strong><\/p>\n<p>J: Yo creo que reunir a mi familia. A veces es muy complicado, siempre falta alguien, siempre alguien est\u00e1 fuera del pa\u00eds y no puede por su trabajo, por estudios. Entonces yo creo que con esa varita har\u00eda que toda mi familia pueda estar reunida.<\/p>\n<p><strong>LG: \u00bfQui\u00e9n es hoy Joseph Jald\u00edn?<\/strong><\/p>\n<p>J: Hoy es un muchacho s\u00faper feliz, s\u00faper contento con lo que le toc\u00f3 vivir, tuvo muchas situaciones inesperadas, muchas oportunidades inesperadas, que las supo tomar, las supo agarrar, las supo aprovechar, y hoy se siente muy feliz, muy realizado con todo lo que tiene, con todo lo que ha logrado.<\/p>\n<p><strong>LG: \u00bfQu\u00e9 te dio tu trabajo en la televisi\u00f3n?<\/strong><\/p>\n<p>J: Muchas alegr\u00edas, muchas experiencias, conocer personas, conocer historias, viajes, abrirme las puertas para muchas cosas, entonces, estoy muy agradecido con el trabajo que tengo, con la oportunidad que me dieron.<\/p>\n<p><strong>LG: \u00bfQu\u00e9 destacas de El Ma\u00f1anero?<\/strong><\/p>\n<p>J: Destaco mucho la uni\u00f3n, el compa\u00f1erismo. Si bien no deja de ser un programa de televisi\u00f3n, siempre se habla que hay egos, que hay alguien que quiere destacar, salir adelante, sobresalir a los dem\u00e1s, pero la verdad es que en El Ma\u00f1anero no veo eso, al menos yo nunca he percibido eso, siempre he percibido un ambiente de uni\u00f3n, hasta de hermandad, de confraternizar muchas cosas, de sufrir, de llorar, de re\u00edr, todos como una familia. De verdad, es un ambiente muy bonito El Ma\u00f1anero.<\/p>\n<p><strong>LG: De no estar en las pantallas, \u00bfa qu\u00e9 te dedicar\u00edas?<\/strong><\/p>\n<p>J: Creo que estar\u00eda en Estados Unidos. Antes de ingresar a Red Uno yo en realidad ten\u00eda planeado regresar a Estados Unidos y volver al antiguo trabajo que desempe\u00f1aba. Era en una empresa de eventos all\u00e1. Entonces mi plan era ese. Pero de la noche a la ma\u00f1ana, las cosas cambiaron y entr\u00e9 a Red Uno y ya van a ser cinco a\u00f1os y medio que estoy ah\u00ed.<\/p>\n<p><strong>LG: \u00bfQu\u00e9 representa para ti tu familia?<\/strong><\/p>\n<p>J: Mi familia es todo, es un pilar muy grande, muy fundamental, crec\u00ed con toda mi familia alrededor, porque viv\u00edamos en una misma casa que mi abuela construy\u00f3, en una casa bastante grande (\u2026).<\/p>\n<p><strong>LG: \u00bfA qui\u00e9nes desear\u00edas abrazar en este momento?<\/strong><\/p>\n<p>J: Desear\u00eda abrazar a toda mi familia que est\u00e1 afuera, la que no se encuentra aqu\u00ed en La Paz, mis primos, mis hermanos, mi abuela, mi pap\u00e1. Por eso te digo que el momento m\u00e1s especial fue poder abrazar a mis familiares que se encuentran afuera y en este momento, si t\u00fa me dices eso, pues es algo que desear\u00eda hacer.<\/p>\n<div id='gallery-1' class='gallery galleryid-185505 gallery-columns-3 gallery-size-medium'><figure class='gallery-item'>\n\t\t\t<div class='gallery-icon landscape'>\n\t\t\t\t<a href='https:\/\/www.eldiario.net\/portal\/joseph-1principal\/'><img loading=\"lazy\" decoding=\"async\" width=\"300\" height=\"150\" src=\"https:\/\/www.eldiario.net\/portal\/wp-content\/uploads\/2023\/11\/joseph-1PRINCIPAL-scaled-1-300x150.jpeg\" class=\"attachment-medium size-medium\" alt=\"\" srcset=\"https:\/\/www.eldiario.net\/portal\/wp-content\/uploads\/2023\/11\/joseph-1PRINCIPAL-scaled-1-300x150.jpeg 300w, https:\/\/www.eldiario.net\/portal\/wp-content\/uploads\/2023\/11\/joseph-1PRINCIPAL-scaled-1-1024x512.jpeg 1024w, https:\/\/www.eldiario.net\/portal\/wp-content\/uploads\/2023\/11\/joseph-1PRINCIPAL-scaled-1-768x384.jpeg 768w, https:\/\/www.eldiario.net\/portal\/wp-content\/uploads\/2023\/11\/joseph-1PRINCIPAL-scaled-1-1536x768.jpeg 1536w, https:\/\/www.eldiario.net\/portal\/wp-content\/uploads\/2023\/11\/joseph-1PRINCIPAL-scaled-1-2048x1024.jpeg 2048w, https:\/\/www.eldiario.net\/portal\/wp-content\/uploads\/2023\/11\/joseph-1PRINCIPAL-scaled-1-696x348.jpeg 696w, https:\/\/www.eldiario.net\/portal\/wp-content\/uploads\/2023\/11\/joseph-1PRINCIPAL-scaled-1-1068x534.jpeg 1068w, https:\/\/www.eldiario.net\/portal\/wp-content\/uploads\/2023\/11\/joseph-1PRINCIPAL-scaled-1-1920x960.jpeg 1920w\" sizes=\"auto, (max-width: 300px) 100vw, 300px\" \/><\/a>\n\t\t\t<\/div><\/figure><figure class='gallery-item'>\n\t\t\t<div class='gallery-icon landscape'>\n\t\t\t\t<a href='https:\/\/www.eldiario.net\/portal\/joseph-2\/'><img loading=\"lazy\" decoding=\"async\" width=\"300\" height=\"292\" src=\"https:\/\/www.eldiario.net\/portal\/wp-content\/uploads\/2023\/11\/joseph-2--300x292.jpg\" class=\"attachment-medium size-medium\" alt=\"\" srcset=\"https:\/\/www.eldiario.net\/portal\/wp-content\/uploads\/2023\/11\/joseph-2--300x292.jpg 300w, https:\/\/www.eldiario.net\/portal\/wp-content\/uploads\/2023\/11\/joseph-2--1024x996.jpg 1024w, https:\/\/www.eldiario.net\/portal\/wp-content\/uploads\/2023\/11\/joseph-2--768x747.jpg 768w, https:\/\/www.eldiario.net\/portal\/wp-content\/uploads\/2023\/11\/joseph-2--696x677.jpg 696w, https:\/\/www.eldiario.net\/portal\/wp-content\/uploads\/2023\/11\/joseph-2--1068x1039.jpg 1068w, https:\/\/www.eldiario.net\/portal\/wp-content\/uploads\/2023\/11\/joseph-2-.jpg 1079w\" sizes=\"auto, (max-width: 300px) 100vw, 300px\" \/><\/a>\n\t\t\t<\/div><\/figure><figure class='gallery-item'>\n\t\t\t<div class='gallery-icon portrait'>\n\t\t\t\t<a href='https:\/\/www.eldiario.net\/portal\/joseph-3\/'><img loading=\"lazy\" decoding=\"async\" width=\"225\" height=\"300\" src=\"https:\/\/www.eldiario.net\/portal\/wp-content\/uploads\/2023\/11\/joseph-3--225x300.jpg\" class=\"attachment-medium size-medium\" alt=\"\" srcset=\"https:\/\/www.eldiario.net\/portal\/wp-content\/uploads\/2023\/11\/joseph-3--225x300.jpg 225w, https:\/\/www.eldiario.net\/portal\/wp-content\/uploads\/2023\/11\/joseph-3--768x1024.jpg 768w, https:\/\/www.eldiario.net\/portal\/wp-content\/uploads\/2023\/11\/joseph-3--1152x1536.jpg 1152w, https:\/\/www.eldiario.net\/portal\/wp-content\/uploads\/2023\/11\/joseph-3--696x928.jpg 696w, https:\/\/www.eldiario.net\/portal\/wp-content\/uploads\/2023\/11\/joseph-3--1068x1424.jpg 1068w, https:\/\/www.eldiario.net\/portal\/wp-content\/uploads\/2023\/11\/joseph-3-.jpg 1200w\" sizes=\"auto, (max-width: 225px) 100vw, 225px\" \/><\/a>\n\t\t\t<\/div><\/figure><figure class='gallery-item'>\n\t\t\t<div class='gallery-icon landscape'>\n\t\t\t\t<a href='https:\/\/www.eldiario.net\/portal\/joseph-4\/'><img loading=\"lazy\" decoding=\"async\" width=\"300\" height=\"169\" src=\"https:\/\/www.eldiario.net\/portal\/wp-content\/uploads\/2023\/11\/joseph-4--300x169.jpg\" class=\"attachment-medium size-medium\" alt=\"\" srcset=\"https:\/\/www.eldiario.net\/portal\/wp-content\/uploads\/2023\/11\/joseph-4--300x169.jpg 300w, https:\/\/www.eldiario.net\/portal\/wp-content\/uploads\/2023\/11\/joseph-4--1024x576.jpg 1024w, https:\/\/www.eldiario.net\/portal\/wp-content\/uploads\/2023\/11\/joseph-4--768x432.jpg 768w, https:\/\/www.eldiario.net\/portal\/wp-content\/uploads\/2023\/11\/joseph-4--696x392.jpg 696w, https:\/\/www.eldiario.net\/portal\/wp-content\/uploads\/2023\/11\/joseph-4--1068x601.jpg 1068w, https:\/\/www.eldiario.net\/portal\/wp-content\/uploads\/2023\/11\/joseph-4-.jpg 1440w\" sizes=\"auto, (max-width: 300px) 100vw, 300px\" \/><\/a>\n\t\t\t<\/div><\/figure><figure class='gallery-item'>\n\t\t\t<div class='gallery-icon portrait'>\n\t\t\t\t<a href='https:\/\/www.eldiario.net\/portal\/joseph-5\/'><img loading=\"lazy\" decoding=\"async\" width=\"225\" height=\"300\" src=\"https:\/\/www.eldiario.net\/portal\/wp-content\/uploads\/2023\/11\/joseph-5--225x300.jpg\" class=\"attachment-medium size-medium\" alt=\"\" srcset=\"https:\/\/www.eldiario.net\/portal\/wp-content\/uploads\/2023\/11\/joseph-5--225x300.jpg 225w, https:\/\/www.eldiario.net\/portal\/wp-content\/uploads\/2023\/11\/joseph-5--768x1024.jpg 768w, https:\/\/www.eldiario.net\/portal\/wp-content\/uploads\/2023\/11\/joseph-5--1152x1536.jpg 1152w, https:\/\/www.eldiario.net\/portal\/wp-content\/uploads\/2023\/11\/joseph-5--696x928.jpg 696w, https:\/\/www.eldiario.net\/portal\/wp-content\/uploads\/2023\/11\/joseph-5--1068x1424.jpg 1068w, https:\/\/www.eldiario.net\/portal\/wp-content\/uploads\/2023\/11\/joseph-5-.jpg 1200w\" sizes=\"auto, (max-width: 225px) 100vw, 225px\" \/><\/a>\n\t\t\t<\/div><\/figure><figure class='gallery-item'>\n\t\t\t<div class='gallery-icon landscape'>\n\t\t\t\t<a href='https:\/\/www.eldiario.net\/portal\/joseph-6\/'><img loading=\"lazy\" decoding=\"async\" width=\"300\" height=\"263\" src=\"https:\/\/www.eldiario.net\/portal\/wp-content\/uploads\/2023\/11\/joseph-6--300x263.jpg\" class=\"attachment-medium size-medium\" alt=\"\" srcset=\"https:\/\/www.eldiario.net\/portal\/wp-content\/uploads\/2023\/11\/joseph-6--300x263.jpg 300w, https:\/\/www.eldiario.net\/portal\/wp-content\/uploads\/2023\/11\/joseph-6--1024x897.jpg 1024w, https:\/\/www.eldiario.net\/portal\/wp-content\/uploads\/2023\/11\/joseph-6--768x673.jpg 768w, https:\/\/www.eldiario.net\/portal\/wp-content\/uploads\/2023\/11\/joseph-6--1536x1346.jpg 1536w, https:\/\/www.eldiario.net\/portal\/wp-content\/uploads\/2023\/11\/joseph-6--696x610.jpg 696w, https:\/\/www.eldiario.net\/portal\/wp-content\/uploads\/2023\/11\/joseph-6--1068x936.jpg 1068w, https:\/\/www.eldiario.net\/portal\/wp-content\/uploads\/2023\/11\/joseph-6-.jpg 1600w\" sizes=\"auto, (max-width: 300px) 100vw, 300px\" \/><\/a>\n\t\t\t<\/div><\/figure>\n\t\t<\/div>\n\n","protected":false},"excerpt":{"rendered":"<p>Nombre: Joseph Bryan Jald\u00edn Machicao. Fecha y lugar de nacimiento: 4 de abril del 86 en Washington DC. Estudios: Administraci\u00f3n de Empresas en George Mason University. Estado civil: Soltero. \u00bfA qu\u00e9 te dedicas hoy?: Me dedico a la comunicaci\u00f3n, soy presentador en El Ma\u00f1anero de La Paz de la Red Uno de Bolivia. &nbsp; &nbsp; [&hellip;]<\/p>\n","protected":false},"author":1,"featured_media":185506,"comment_status":"closed","ping_status":"open","sticky":false,"template":"","format":"standard","meta":{"_acf_changed":false,"footnotes":""},"categories":[41],"tags":[],"class_list":["post-185505","post","type-post","status-publish","format-standard","has-post-thumbnail","category-la-guia"],"acf":{"antetitulo":""},"yoast_head":"<!-- This site is optimized with the Yoast SEO plugin v28.4 - https:\/\/yoast.com\/product\/yoast-seo-wordpress\/ -->\n<title>JOSEPH JALD\u00cdN \u201cSoy muy aventurero, me gusta mucho la adrenalina\u201d - El Diario - Bolivia<\/title>\n<meta name=\"robots\" content=\"index, follow, max-snippet:-1, max-image-preview:large, max-video-preview:-1\" \/>\n<link rel=\"canonical\" href=\"https:\/\/www.eldiario.net\/portal\/2023\/11\/03\/joseph-jaldin-soy-muy-aventurero-me-gusta-mucho-la-adrenalina\/\" \/>\n<meta property=\"og:locale\" content=\"es_ES\" \/>\n<meta property=\"og:type\" content=\"article\" \/>\n<meta property=\"og:title\" content=\"JOSEPH JALD\u00cdN \u201cSoy muy aventurero, me gusta mucho la adrenalina\u201d - El Diario - Bolivia\" \/>\n<meta property=\"og:description\" content=\"Nombre: Joseph Bryan Jald\u00edn Machicao. Fecha y lugar de nacimiento: 4 de abril del 86 en Washington DC. Estudios: Administraci\u00f3n de Empresas en George Mason University. Estado civil: Soltero. \u00bfA qu\u00e9 te dedicas hoy?: Me dedico a la comunicaci\u00f3n, soy presentador en El Ma\u00f1anero de La Paz de la Red Uno de Bolivia. &nbsp; &nbsp; [&hellip;]\" \/>\n<meta property=\"og:url\" content=\"https:\/\/www.eldiario.net\/portal\/2023\/11\/03\/joseph-jaldin-soy-muy-aventurero-me-gusta-mucho-la-adrenalina\/\" \/>\n<meta property=\"og:site_name\" content=\"El Diario - Bolivia\" \/>\n<meta property=\"article:publisher\" content=\"https:\/\/www.facebook.com\/eldiario.bolivia\/\" \/>\n<meta property=\"article:published_time\" content=\"2023-11-03T10:58:52+00:00\" \/>\n<meta property=\"og:image\" content=\"https:\/\/www.eldiario.net\/portal\/wp-content\/uploads\/2023\/11\/joseph-1PRINCIPAL-scaled-1.jpeg\" \/>\n\t<meta property=\"og:image:width\" content=\"2560\" \/>\n\t<meta property=\"og:image:height\" content=\"1280\" \/>\n\t<meta property=\"og:image:type\" content=\"image\/jpeg\" \/>\n<meta name=\"author\" content=\"Jeanette\" \/>\n<meta name=\"twitter:card\" content=\"summary_large_image\" \/>\n<meta name=\"twitter:creator\" content=\"@eldiario_net\" \/>\n<meta name=\"twitter:site\" content=\"@eldiario_net\" \/>\n<meta name=\"twitter:label1\" content=\"Escrito por\" \/>\n\t<meta name=\"twitter:data1\" content=\"Jeanette\" \/>\n\t<meta name=\"twitter:label2\" content=\"Tiempo de lectura\" \/>\n\t<meta name=\"twitter:data2\" content=\"6 minutos\" \/>\n<script type=\"application\/ld+json\" class=\"yoast-schema-graph\">{\"@context\":\"https:\\\/\\\/schema.org\",\"@graph\":[{\"@type\":\"Article\",\"@id\":\"https:\\\/\\\/www.eldiario.net\\\/portal\\\/2023\\\/11\\\/03\\\/joseph-jaldin-soy-muy-aventurero-me-gusta-mucho-la-adrenalina\\\/#article\",\"isPartOf\":{\"@id\":\"https:\\\/\\\/www.eldiario.net\\\/portal\\\/2023\\\/11\\\/03\\\/joseph-jaldin-soy-muy-aventurero-me-gusta-mucho-la-adrenalina\\\/\"},\"author\":{\"name\":\"Jeanette\",\"@id\":\"https:\\\/\\\/www.eldiario.net\\\/portal\\\/#\\\/schema\\\/person\\\/f46445640444750d7d753ccd04ae01b7\"},\"headline\":\"JOSEPH JALD\u00cdN \u201cSoy muy aventurero, me gusta mucho la adrenalina\u201d\",\"datePublished\":\"2023-11-03T10:58:52+00:00\",\"mainEntityOfPage\":{\"@id\":\"https:\\\/\\\/www.eldiario.net\\\/portal\\\/2023\\\/11\\\/03\\\/joseph-jaldin-soy-muy-aventurero-me-gusta-mucho-la-adrenalina\\\/\"},\"wordCount\":1254,\"publisher\":{\"@id\":\"https:\\\/\\\/www.eldiario.net\\\/portal\\\/#organization\"},\"image\":{\"@id\":\"https:\\\/\\\/www.eldiario.net\\\/portal\\\/2023\\\/11\\\/03\\\/joseph-jaldin-soy-muy-aventurero-me-gusta-mucho-la-adrenalina\\\/#primaryimage\"},\"thumbnailUrl\":\"https:\\\/\\\/www.eldiario.net\\\/portal\\\/wp-content\\\/uploads\\\/2023\\\/11\\\/joseph-1PRINCIPAL-scaled-1.jpeg\",\"articleSection\":[\"La Gu\u00eda\"],\"inLanguage\":\"es\"},{\"@type\":\"WebPage\",\"@id\":\"https:\\\/\\\/www.eldiario.net\\\/portal\\\/2023\\\/11\\\/03\\\/joseph-jaldin-soy-muy-aventurero-me-gusta-mucho-la-adrenalina\\\/\",\"url\":\"https:\\\/\\\/www.eldiario.net\\\/portal\\\/2023\\\/11\\\/03\\\/joseph-jaldin-soy-muy-aventurero-me-gusta-mucho-la-adrenalina\\\/\",\"name\":\"JOSEPH JALD\u00cdN \u201cSoy muy aventurero, me gusta mucho la adrenalina\u201d - El Diario - Bolivia\",\"isPartOf\":{\"@id\":\"https:\\\/\\\/www.eldiario.net\\\/portal\\\/#website\"},\"primaryImageOfPage\":{\"@id\":\"https:\\\/\\\/www.eldiario.net\\\/portal\\\/2023\\\/11\\\/03\\\/joseph-jaldin-soy-muy-aventurero-me-gusta-mucho-la-adrenalina\\\/#primaryimage\"},\"image\":{\"@id\":\"https:\\\/\\\/www.eldiario.net\\\/portal\\\/2023\\\/11\\\/03\\\/joseph-jaldin-soy-muy-aventurero-me-gusta-mucho-la-adrenalina\\\/#primaryimage\"},\"thumbnailUrl\":\"https:\\\/\\\/www.eldiario.net\\\/portal\\\/wp-content\\\/uploads\\\/2023\\\/11\\\/joseph-1PRINCIPAL-scaled-1.jpeg\",\"datePublished\":\"2023-11-03T10:58:52+00:00\",\"breadcrumb\":{\"@id\":\"https:\\\/\\\/www.eldiario.net\\\/portal\\\/2023\\\/11\\\/03\\\/joseph-jaldin-soy-muy-aventurero-me-gusta-mucho-la-adrenalina\\\/#breadcrumb\"},\"inLanguage\":\"es\",\"potentialAction\":[{\"@type\":\"ReadAction\",\"target\":[\"https:\\\/\\\/www.eldiario.net\\\/portal\\\/2023\\\/11\\\/03\\\/joseph-jaldin-soy-muy-aventurero-me-gusta-mucho-la-adrenalina\\\/\"]}]},{\"@type\":\"ImageObject\",\"inLanguage\":\"es\",\"@id\":\"https:\\\/\\\/www.eldiario.net\\\/portal\\\/2023\\\/11\\\/03\\\/joseph-jaldin-soy-muy-aventurero-me-gusta-mucho-la-adrenalina\\\/#primaryimage\",\"url\":\"https:\\\/\\\/www.eldiario.net\\\/portal\\\/wp-content\\\/uploads\\\/2023\\\/11\\\/joseph-1PRINCIPAL-scaled-1.jpeg\",\"contentUrl\":\"https:\\\/\\\/www.eldiario.net\\\/portal\\\/wp-content\\\/uploads\\\/2023\\\/11\\\/joseph-1PRINCIPAL-scaled-1.jpeg\",\"width\":2560,\"height\":1280},{\"@type\":\"BreadcrumbList\",\"@id\":\"https:\\\/\\\/www.eldiario.net\\\/portal\\\/2023\\\/11\\\/03\\\/joseph-jaldin-soy-muy-aventurero-me-gusta-mucho-la-adrenalina\\\/#breadcrumb\",\"itemListElement\":[{\"@type\":\"ListItem\",\"position\":1,\"name\":\"Portada\",\"item\":\"https:\\\/\\\/www.eldiario.net\\\/portal\\\/\"},{\"@type\":\"ListItem\",\"position\":2,\"name\":\"JOSEPH JALD\u00cdN \u201cSoy muy aventurero, me gusta mucho la adrenalina\u201d\"}]},{\"@type\":\"WebSite\",\"@id\":\"https:\\\/\\\/www.eldiario.net\\\/portal\\\/#website\",\"url\":\"https:\\\/\\\/www.eldiario.net\\\/portal\\\/\",\"name\":\"El Diario - Decano de la prensa nacional\",\"description\":\"El Diario - Decano de la prensa nacional\",\"publisher\":{\"@id\":\"https:\\\/\\\/www.eldiario.net\\\/portal\\\/#organization\"},\"potentialAction\":[{\"@type\":\"SearchAction\",\"target\":{\"@type\":\"EntryPoint\",\"urlTemplate\":\"https:\\\/\\\/www.eldiario.net\\\/portal\\\/?s={search_term_string}\"},\"query-input\":{\"@type\":\"PropertyValueSpecification\",\"valueRequired\":true,\"valueName\":\"search_term_string\"}}],\"inLanguage\":\"es\"},{\"@type\":\"Organization\",\"@id\":\"https:\\\/\\\/www.eldiario.net\\\/portal\\\/#organization\",\"name\":\"El Diario - Decano de la prensa nacional\",\"url\":\"https:\\\/\\\/www.eldiario.net\\\/portal\\\/\",\"logo\":{\"@type\":\"ImageObject\",\"inLanguage\":\"es\",\"@id\":\"https:\\\/\\\/www.eldiario.net\\\/portal\\\/#\\\/schema\\\/logo\\\/image\\\/\",\"url\":\"https:\\\/\\\/www.eldiario.net\\\/portal\\\/wp-content\\\/uploads\\\/2023\\\/07\\\/logo_ED.jpg\",\"contentUrl\":\"https:\\\/\\\/www.eldiario.net\\\/portal\\\/wp-content\\\/uploads\\\/2023\\\/07\\\/logo_ED.jpg\",\"width\":272,\"height\":52,\"caption\":\"El Diario - Decano de la prensa nacional\"},\"image\":{\"@id\":\"https:\\\/\\\/www.eldiario.net\\\/portal\\\/#\\\/schema\\\/logo\\\/image\\\/\"},\"sameAs\":[\"https:\\\/\\\/www.facebook.com\\\/eldiario.bolivia\\\/\",\"https:\\\/\\\/x.com\\\/eldiario_net\"]},{\"@type\":\"Person\",\"@id\":\"https:\\\/\\\/www.eldiario.net\\\/portal\\\/#\\\/schema\\\/person\\\/f46445640444750d7d753ccd04ae01b7\",\"name\":\"Jeanette\",\"image\":{\"@type\":\"ImageObject\",\"inLanguage\":\"es\",\"@id\":\"https:\\\/\\\/secure.gravatar.com\\\/avatar\\\/3ea2118a5f7dad2b7138b1187a6b7ee55f160b9968b66013c3a3ef39dd7e5798?s=96&d=mm&r=g\",\"url\":\"https:\\\/\\\/secure.gravatar.com\\\/avatar\\\/3ea2118a5f7dad2b7138b1187a6b7ee55f160b9968b66013c3a3ef39dd7e5798?s=96&d=mm&r=g\",\"contentUrl\":\"https:\\\/\\\/secure.gravatar.com\\\/avatar\\\/3ea2118a5f7dad2b7138b1187a6b7ee55f160b9968b66013c3a3ef39dd7e5798?s=96&d=mm&r=g\",\"caption\":\"Jeanette\"},\"sameAs\":[\"https:\\\/\\\/www.eldiario.net\\\/portal\"],\"url\":\"https:\\\/\\\/www.eldiario.net\\\/portal\\\/author\\\/jeanette\\\/\"}]}<\/script>\n<!-- \/ Yoast SEO plugin. -->","yoast_head_json":{"title":"JOSEPH JALD\u00cdN \u201cSoy muy aventurero, me gusta mucho la adrenalina\u201d - El Diario - Bolivia","robots":{"index":"index","follow":"follow","max-snippet":"max-snippet:-1","max-image-preview":"max-image-preview:large","max-video-preview":"max-video-preview:-1"},"canonical":"https:\/\/www.eldiario.net\/portal\/2023\/11\/03\/joseph-jaldin-soy-muy-aventurero-me-gusta-mucho-la-adrenalina\/","og_locale":"es_ES","og_type":"article","og_title":"JOSEPH JALD\u00cdN \u201cSoy muy aventurero, me gusta mucho la adrenalina\u201d - El Diario - Bolivia","og_description":"Nombre: Joseph Bryan Jald\u00edn Machicao. Fecha y lugar de nacimiento: 4 de abril del 86 en Washington DC. Estudios: Administraci\u00f3n de Empresas en George Mason University. Estado civil: Soltero. \u00bfA qu\u00e9 te dedicas hoy?: Me dedico a la comunicaci\u00f3n, soy presentador en El Ma\u00f1anero de La Paz de la Red Uno de Bolivia. &nbsp; &nbsp; [&hellip;]","og_url":"https:\/\/www.eldiario.net\/portal\/2023\/11\/03\/joseph-jaldin-soy-muy-aventurero-me-gusta-mucho-la-adrenalina\/","og_site_name":"El Diario - Bolivia","article_publisher":"https:\/\/www.facebook.com\/eldiario.bolivia\/","article_published_time":"2023-11-03T10:58:52+00:00","og_image":[{"width":2560,"height":1280,"url":"https:\/\/www.eldiario.net\/portal\/wp-content\/uploads\/2023\/11\/joseph-1PRINCIPAL-scaled-1.jpeg","type":"image\/jpeg"}],"author":"Jeanette","twitter_card":"summary_large_image","twitter_creator":"@eldiario_net","twitter_site":"@eldiario_net","twitter_misc":{"Escrito por":"Jeanette","Tiempo de lectura":"6 minutos"},"schema":{"@context":"https:\/\/schema.org","@graph":[{"@type":"Article","@id":"https:\/\/www.eldiario.net\/portal\/2023\/11\/03\/joseph-jaldin-soy-muy-aventurero-me-gusta-mucho-la-adrenalina\/#article","isPartOf":{"@id":"https:\/\/www.eldiario.net\/portal\/2023\/11\/03\/joseph-jaldin-soy-muy-aventurero-me-gusta-mucho-la-adrenalina\/"},"author":{"name":"Jeanette","@id":"https:\/\/www.eldiario.net\/portal\/#\/schema\/person\/f46445640444750d7d753ccd04ae01b7"},"headline":"JOSEPH JALD\u00cdN \u201cSoy muy aventurero, me gusta mucho la adrenalina\u201d","datePublished":"2023-11-03T10:58:52+00:00","mainEntityOfPage":{"@id":"https:\/\/www.eldiario.net\/portal\/2023\/11\/03\/joseph-jaldin-soy-muy-aventurero-me-gusta-mucho-la-adrenalina\/"},"wordCount":1254,"publisher":{"@id":"https:\/\/www.eldiario.net\/portal\/#organization"},"image":{"@id":"https:\/\/www.eldiario.net\/portal\/2023\/11\/03\/joseph-jaldin-soy-muy-aventurero-me-gusta-mucho-la-adrenalina\/#primaryimage"},"thumbnailUrl":"https:\/\/www.eldiario.net\/portal\/wp-content\/uploads\/2023\/11\/joseph-1PRINCIPAL-scaled-1.jpeg","articleSection":["La Gu\u00eda"],"inLanguage":"es"},{"@type":"WebPage","@id":"https:\/\/www.eldiario.net\/portal\/2023\/11\/03\/joseph-jaldin-soy-muy-aventurero-me-gusta-mucho-la-adrenalina\/","url":"https:\/\/www.eldiario.net\/portal\/2023\/11\/03\/joseph-jaldin-soy-muy-aventurero-me-gusta-mucho-la-adrenalina\/","name":"JOSEPH JALD\u00cdN \u201cSoy muy aventurero, me gusta mucho la adrenalina\u201d - El Diario - Bolivia","isPartOf":{"@id":"https:\/\/www.eldiario.net\/portal\/#website"},"primaryImageOfPage":{"@id":"https:\/\/www.eldiario.net\/portal\/2023\/11\/03\/joseph-jaldin-soy-muy-aventurero-me-gusta-mucho-la-adrenalina\/#primaryimage"},"image":{"@id":"https:\/\/www.eldiario.net\/portal\/2023\/11\/03\/joseph-jaldin-soy-muy-aventurero-me-gusta-mucho-la-adrenalina\/#primaryimage"},"thumbnailUrl":"https:\/\/www.eldiario.net\/portal\/wp-content\/uploads\/2023\/11\/joseph-1PRINCIPAL-scaled-1.jpeg","datePublished":"2023-11-03T10:58:52+00:00","breadcrumb":{"@id":"https:\/\/www.eldiario.net\/portal\/2023\/11\/03\/joseph-jaldin-soy-muy-aventurero-me-gusta-mucho-la-adrenalina\/#breadcrumb"},"inLanguage":"es","potentialAction":[{"@type":"ReadAction","target":["https:\/\/www.eldiario.net\/portal\/2023\/11\/03\/joseph-jaldin-soy-muy-aventurero-me-gusta-mucho-la-adrenalina\/"]}]},{"@type":"ImageObject","inLanguage":"es","@id":"https:\/\/www.eldiario.net\/portal\/2023\/11\/03\/joseph-jaldin-soy-muy-aventurero-me-gusta-mucho-la-adrenalina\/#primaryimage","url":"https:\/\/www.eldiario.net\/portal\/wp-content\/uploads\/2023\/11\/joseph-1PRINCIPAL-scaled-1.jpeg","contentUrl":"https:\/\/www.eldiario.net\/portal\/wp-content\/uploads\/2023\/11\/joseph-1PRINCIPAL-scaled-1.jpeg","width":2560,"height":1280},{"@type":"BreadcrumbList","@id":"https:\/\/www.eldiario.net\/portal\/2023\/11\/03\/joseph-jaldin-soy-muy-aventurero-me-gusta-mucho-la-adrenalina\/#breadcrumb","itemListElement":[{"@type":"ListItem","position":1,"name":"Portada","item":"https:\/\/www.eldiario.net\/portal\/"},{"@type":"ListItem","position":2,"name":"JOSEPH JALD\u00cdN \u201cSoy muy aventurero, me gusta mucho la adrenalina\u201d"}]},{"@type":"WebSite","@id":"https:\/\/www.eldiario.net\/portal\/#website","url":"https:\/\/www.eldiario.net\/portal\/","name":"El Diario - Decano de la prensa nacional","description":"El Diario - Decano de la prensa nacional","publisher":{"@id":"https:\/\/www.eldiario.net\/portal\/#organization"},"potentialAction":[{"@type":"SearchAction","target":{"@type":"EntryPoint","urlTemplate":"https:\/\/www.eldiario.net\/portal\/?s={search_term_string}"},"query-input":{"@type":"PropertyValueSpecification","valueRequired":true,"valueName":"search_term_string"}}],"inLanguage":"es"},{"@type":"Organization","@id":"https:\/\/www.eldiario.net\/portal\/#organization","name":"El Diario - Decano de la prensa nacional","url":"https:\/\/www.eldiario.net\/portal\/","logo":{"@type":"ImageObject","inLanguage":"es","@id":"https:\/\/www.eldiario.net\/portal\/#\/schema\/logo\/image\/","url":"https:\/\/www.eldiario.net\/portal\/wp-content\/uploads\/2023\/07\/logo_ED.jpg","contentUrl":"https:\/\/www.eldiario.net\/portal\/wp-content\/uploads\/2023\/07\/logo_ED.jpg","width":272,"height":52,"caption":"El Diario - Decano de la prensa nacional"},"image":{"@id":"https:\/\/www.eldiario.net\/portal\/#\/schema\/logo\/image\/"},"sameAs":["https:\/\/www.facebook.com\/eldiario.bolivia\/","https:\/\/x.com\/eldiario_net"]},{"@type":"Person","@id":"https:\/\/www.eldiario.net\/portal\/#\/schema\/person\/f46445640444750d7d753ccd04ae01b7","name":"Jeanette","image":{"@type":"ImageObject","inLanguage":"es","@id":"https:\/\/secure.gravatar.com\/avatar\/3ea2118a5f7dad2b7138b1187a6b7ee55f160b9968b66013c3a3ef39dd7e5798?s=96&d=mm&r=g","url":"https:\/\/secure.gravatar.com\/avatar\/3ea2118a5f7dad2b7138b1187a6b7ee55f160b9968b66013c3a3ef39dd7e5798?s=96&d=mm&r=g","contentUrl":"https:\/\/secure.gravatar.com\/avatar\/3ea2118a5f7dad2b7138b1187a6b7ee55f160b9968b66013c3a3ef39dd7e5798?s=96&d=mm&r=g","caption":"Jeanette"},"sameAs":["https:\/\/www.eldiario.net\/portal"],"url":"https:\/\/www.eldiario.net\/portal\/author\/jeanette\/"}]}},"_links":{"self":[{"href":"https:\/\/www.eldiario.net\/portal\/wp-json\/wp\/v2\/posts\/185505","targetHints":{"allow":["GET"]}}],"collection":[{"href":"https:\/\/www.eldiario.net\/portal\/wp-json\/wp\/v2\/posts"}],"about":[{"href":"https:\/\/www.eldiario.net\/portal\/wp-json\/wp\/v2\/types\/post"}],"author":[{"embeddable":true,"href":"https:\/\/www.eldiario.net\/portal\/wp-json\/wp\/v2\/users\/1"}],"replies":[{"embeddable":true,"href":"https:\/\/www.eldiario.net\/portal\/wp-json\/wp\/v2\/comments?post=185505"}],"version-history":[{"count":0,"href":"https:\/\/www.eldiario.net\/portal\/wp-json\/wp\/v2\/posts\/185505\/revisions"}],"wp:featuredmedia":[{"embeddable":true,"href":"https:\/\/www.eldiario.net\/portal\/wp-json\/wp\/v2\/media\/185506"}],"wp:attachment":[{"href":"https:\/\/www.eldiario.net\/portal\/wp-json\/wp\/v2\/media?parent=185505"}],"wp:term":[{"taxonomy":"category","embeddable":true,"href":"https:\/\/www.eldiario.net\/portal\/wp-json\/wp\/v2\/categories?post=185505"},{"taxonomy":"post_tag","embeddable":true,"href":"https:\/\/www.eldiario.net\/portal\/wp-json\/wp\/v2\/tags?post=185505"}],"curies":[{"name":"wp","href":"https:\/\/api.w.org\/{rel}","templated":true}]}}