{"id":185458,"date":"2023-11-03T06:32:12","date_gmt":"2023-11-03T10:32:12","guid":{"rendered":"https:\/\/www.eldiario.net\/portal\/?p=185458"},"modified":"2023-11-03T06:32:12","modified_gmt":"2023-11-03T10:32:12","slug":"entre-la-victoria-y-el-aniquilamiento","status":"publish","type":"post","link":"https:\/\/www.eldiario.net\/portal\/2023\/11\/03\/entre-la-victoria-y-el-aniquilamiento\/","title":{"rendered":"Entre la victoria  y el aniquilamiento"},"content":{"rendered":"<p><em>La historia no conoce pueblo cuya historia sea constituida de forma m\u00e1s tr\u00e1gica que la boliviana. Mientras en las grandes crisis todos los dem\u00e1s pueblos combat\u00edan por el triunfo o la derrota, nosotros siempre hemos luchado por la victoria o el aniquilamiento. Ese destino se observa desde mediados del Siglo XIX con una sucesi\u00f3n de episodios que adquieren intensidad, por lo que un intelectual se\u00f1al\u00f3 como causa la lucha entre el coloniaje y el nacionalismo, a la que habr\u00eda que agregar la pugna entre el feudalismo y la democracia.<\/em><br \/>\n<em>Esa es una observaci\u00f3n somera de la realidad hist\u00f3rica de Bolivia, pero que se repite al presente por una serie de episodios cotidianos que causan asombro o l\u00e1stima, sin que se vea salida posible. En efecto, se observa una gran crisis en el aparato del Estado actual, llamado \u201cplurinacional\u201d.<\/em><br \/>\n<em>Con alg\u00fan detalle, se constata que el pa\u00eds marcha a la deriva, sin mando ni orientaci\u00f3n que lo lleve a su destino. Es m\u00e1s, solo se observa decadencia. El \u00d3rgano Ejecutivo muestra, desde su origen, un estado de desorden y falta de idoneidad, tampoco tiene una orientaci\u00f3n de acuerdo con la realidad actual. Eso, por decir lo menos.<\/em><br \/>\n<em>Pero, por otro lado, el \u00d3rgano Judicial se encuentra en una situaci\u00f3n de crisis, lo que inclusive han reconocido, con los conceptos m\u00e1s agudos, las mismas autoridades nacionales, que han propuesto su reforma, sustituci\u00f3n o alguna medida salvadora. Sin embargo, las propuestas han ca\u00eddo en saco roto.<\/em><br \/>\n<em>Pero ese problema no solo se refiere a la Justicia, sino tambi\u00e9n al aparato burocr\u00e1tico que la administra. La proposici\u00f3n, sin embargo, ha fracasado y la posibilidad de elegir a magistrados por v\u00eda de una elecci\u00f3n popular se ha empantanado y no se soluciona ni uno ni otro conflicto. Al parecer este caso no tiene soluci\u00f3n posible ni a corto ni mediano plazo y la descomposici\u00f3n estatal se agrava.<\/em><br \/>\n<em>En ese panorama estatal, el virus del deterioro ha ascendido de la crisis general a la crisis particular. El \u00d3rgano Legislativo carece de eficiencia, se dedica a asuntos de m\u00ednima cuant\u00eda y no toma en cuenta los grandes problemas nacionales. Ha perdido la perspectiva hist\u00f3rica y forma parte de la crisis general. Est\u00e1 concentrado en asuntos nimios y cuando se plantea alg\u00fan asunto nacional, lo elude. Casi doscientos diputados y senadores ven las cosas con displicencia o simplemente no las ven y los representantes de sus partidos se inspiran en asuntos secundarios.<\/em><br \/>\n<em>As\u00ed, en general, marchamos no hacia la victoria sino al aniquilamiento. La decadencia del Estado es s\u00edntoma de una situaci\u00f3n pol\u00edtica que est\u00e1 engendrando un futuro preocupante, al que se suman muchos otros problemas de cada d\u00eda.<\/em><\/p>\n","protected":false},"excerpt":{"rendered":"<p>La historia no conoce pueblo cuya historia sea constituida de forma m\u00e1s tr\u00e1gica que la boliviana. Mientras en las grandes crisis todos los dem\u00e1s pueblos combat\u00edan por el triunfo o la derrota, nosotros siempre hemos luchado por la victoria o el aniquilamiento. Ese destino se observa desde mediados del Siglo XIX con una sucesi\u00f3n de [&hellip;]<\/p>\n","protected":false},"author":1,"featured_media":0,"comment_status":"closed","ping_status":"open","sticky":false,"template":"","format":"standard","meta":{"_acf_changed":false,"footnotes":""},"categories":[4],"tags":[],"class_list":["post-185458","post","type-post","status-publish","format-standard","category-editorial"],"acf":{"antetitulo":""},"yoast_head":"<!-- This site is optimized with the Yoast SEO plugin v28.4 - https:\/\/yoast.com\/product\/yoast-seo-wordpress\/ -->\n<title>Entre la victoria y el aniquilamiento - El Diario - Bolivia<\/title>\n<meta name=\"robots\" content=\"index, follow, max-snippet:-1, max-image-preview:large, max-video-preview:-1\" \/>\n<link rel=\"canonical\" href=\"https:\/\/www.eldiario.net\/portal\/2023\/11\/03\/entre-la-victoria-y-el-aniquilamiento\/\" \/>\n<meta property=\"og:locale\" content=\"es_ES\" \/>\n<meta property=\"og:type\" content=\"article\" \/>\n<meta property=\"og:title\" content=\"Entre la victoria y el aniquilamiento - El Diario - Bolivia\" \/>\n<meta property=\"og:description\" content=\"La historia no conoce pueblo cuya historia sea constituida de forma m\u00e1s tr\u00e1gica que la boliviana. Mientras en las grandes crisis todos los dem\u00e1s pueblos combat\u00edan por el triunfo o la derrota, nosotros siempre hemos luchado por la victoria o el aniquilamiento. Ese destino se observa desde mediados del Siglo XIX con una sucesi\u00f3n de [&hellip;]\" \/>\n<meta property=\"og:url\" content=\"https:\/\/www.eldiario.net\/portal\/2023\/11\/03\/entre-la-victoria-y-el-aniquilamiento\/\" \/>\n<meta property=\"og:site_name\" content=\"El Diario - Bolivia\" \/>\n<meta property=\"article:publisher\" content=\"https:\/\/www.facebook.com\/eldiario.bolivia\/\" \/>\n<meta property=\"article:published_time\" content=\"2023-11-03T10:32:12+00:00\" \/>\n<meta name=\"author\" content=\"Jeanette\" \/>\n<meta name=\"twitter:card\" content=\"summary_large_image\" \/>\n<meta name=\"twitter:creator\" content=\"@eldiario_net\" \/>\n<meta name=\"twitter:site\" content=\"@eldiario_net\" \/>\n<meta name=\"twitter:label1\" content=\"Escrito por\" \/>\n\t<meta name=\"twitter:data1\" content=\"Jeanette\" \/>\n\t<meta name=\"twitter:label2\" content=\"Tiempo de lectura\" \/>\n\t<meta name=\"twitter:data2\" content=\"3 minutos\" \/>\n<script type=\"application\/ld+json\" class=\"yoast-schema-graph\">{\"@context\":\"https:\\\/\\\/schema.org\",\"@graph\":[{\"@type\":\"Article\",\"@id\":\"https:\\\/\\\/www.eldiario.net\\\/portal\\\/2023\\\/11\\\/03\\\/entre-la-victoria-y-el-aniquilamiento\\\/#article\",\"isPartOf\":{\"@id\":\"https:\\\/\\\/www.eldiario.net\\\/portal\\\/2023\\\/11\\\/03\\\/entre-la-victoria-y-el-aniquilamiento\\\/\"},\"author\":{\"name\":\"Jeanette\",\"@id\":\"https:\\\/\\\/www.eldiario.net\\\/portal\\\/#\\\/schema\\\/person\\\/f46445640444750d7d753ccd04ae01b7\"},\"headline\":\"Entre la victoria y el aniquilamiento\",\"datePublished\":\"2023-11-03T10:32:12+00:00\",\"mainEntityOfPage\":{\"@id\":\"https:\\\/\\\/www.eldiario.net\\\/portal\\\/2023\\\/11\\\/03\\\/entre-la-victoria-y-el-aniquilamiento\\\/\"},\"wordCount\":481,\"publisher\":{\"@id\":\"https:\\\/\\\/www.eldiario.net\\\/portal\\\/#organization\"},\"articleSection\":[\"Editorial\"],\"inLanguage\":\"es\"},{\"@type\":\"WebPage\",\"@id\":\"https:\\\/\\\/www.eldiario.net\\\/portal\\\/2023\\\/11\\\/03\\\/entre-la-victoria-y-el-aniquilamiento\\\/\",\"url\":\"https:\\\/\\\/www.eldiario.net\\\/portal\\\/2023\\\/11\\\/03\\\/entre-la-victoria-y-el-aniquilamiento\\\/\",\"name\":\"Entre la victoria y el aniquilamiento - El Diario - Bolivia\",\"isPartOf\":{\"@id\":\"https:\\\/\\\/www.eldiario.net\\\/portal\\\/#website\"},\"datePublished\":\"2023-11-03T10:32:12+00:00\",\"breadcrumb\":{\"@id\":\"https:\\\/\\\/www.eldiario.net\\\/portal\\\/2023\\\/11\\\/03\\\/entre-la-victoria-y-el-aniquilamiento\\\/#breadcrumb\"},\"inLanguage\":\"es\",\"potentialAction\":[{\"@type\":\"ReadAction\",\"target\":[\"https:\\\/\\\/www.eldiario.net\\\/portal\\\/2023\\\/11\\\/03\\\/entre-la-victoria-y-el-aniquilamiento\\\/\"]}]},{\"@type\":\"BreadcrumbList\",\"@id\":\"https:\\\/\\\/www.eldiario.net\\\/portal\\\/2023\\\/11\\\/03\\\/entre-la-victoria-y-el-aniquilamiento\\\/#breadcrumb\",\"itemListElement\":[{\"@type\":\"ListItem\",\"position\":1,\"name\":\"Portada\",\"item\":\"https:\\\/\\\/www.eldiario.net\\\/portal\\\/\"},{\"@type\":\"ListItem\",\"position\":2,\"name\":\"Entre la victoria y el aniquilamiento\"}]},{\"@type\":\"WebSite\",\"@id\":\"https:\\\/\\\/www.eldiario.net\\\/portal\\\/#website\",\"url\":\"https:\\\/\\\/www.eldiario.net\\\/portal\\\/\",\"name\":\"El Diario - Decano de la prensa nacional\",\"description\":\"El Diario - Decano de la prensa nacional\",\"publisher\":{\"@id\":\"https:\\\/\\\/www.eldiario.net\\\/portal\\\/#organization\"},\"potentialAction\":[{\"@type\":\"SearchAction\",\"target\":{\"@type\":\"EntryPoint\",\"urlTemplate\":\"https:\\\/\\\/www.eldiario.net\\\/portal\\\/?s={search_term_string}\"},\"query-input\":{\"@type\":\"PropertyValueSpecification\",\"valueRequired\":true,\"valueName\":\"search_term_string\"}}],\"inLanguage\":\"es\"},{\"@type\":\"Organization\",\"@id\":\"https:\\\/\\\/www.eldiario.net\\\/portal\\\/#organization\",\"name\":\"El Diario - Decano de la prensa nacional\",\"url\":\"https:\\\/\\\/www.eldiario.net\\\/portal\\\/\",\"logo\":{\"@type\":\"ImageObject\",\"inLanguage\":\"es\",\"@id\":\"https:\\\/\\\/www.eldiario.net\\\/portal\\\/#\\\/schema\\\/logo\\\/image\\\/\",\"url\":\"https:\\\/\\\/www.eldiario.net\\\/portal\\\/wp-content\\\/uploads\\\/2023\\\/07\\\/logo_ED.jpg\",\"contentUrl\":\"https:\\\/\\\/www.eldiario.net\\\/portal\\\/wp-content\\\/uploads\\\/2023\\\/07\\\/logo_ED.jpg\",\"width\":272,\"height\":52,\"caption\":\"El Diario - Decano de la prensa nacional\"},\"image\":{\"@id\":\"https:\\\/\\\/www.eldiario.net\\\/portal\\\/#\\\/schema\\\/logo\\\/image\\\/\"},\"sameAs\":[\"https:\\\/\\\/www.facebook.com\\\/eldiario.bolivia\\\/\",\"https:\\\/\\\/x.com\\\/eldiario_net\"]},{\"@type\":\"Person\",\"@id\":\"https:\\\/\\\/www.eldiario.net\\\/portal\\\/#\\\/schema\\\/person\\\/f46445640444750d7d753ccd04ae01b7\",\"name\":\"Jeanette\",\"image\":{\"@type\":\"ImageObject\",\"inLanguage\":\"es\",\"@id\":\"https:\\\/\\\/secure.gravatar.com\\\/avatar\\\/3ea2118a5f7dad2b7138b1187a6b7ee55f160b9968b66013c3a3ef39dd7e5798?s=96&d=mm&r=g\",\"url\":\"https:\\\/\\\/secure.gravatar.com\\\/avatar\\\/3ea2118a5f7dad2b7138b1187a6b7ee55f160b9968b66013c3a3ef39dd7e5798?s=96&d=mm&r=g\",\"contentUrl\":\"https:\\\/\\\/secure.gravatar.com\\\/avatar\\\/3ea2118a5f7dad2b7138b1187a6b7ee55f160b9968b66013c3a3ef39dd7e5798?s=96&d=mm&r=g\",\"caption\":\"Jeanette\"},\"sameAs\":[\"https:\\\/\\\/www.eldiario.net\\\/portal\"],\"url\":\"https:\\\/\\\/www.eldiario.net\\\/portal\\\/author\\\/jeanette\\\/\"}]}<\/script>\n<!-- \/ Yoast SEO plugin. -->","yoast_head_json":{"title":"Entre la victoria y el aniquilamiento - El Diario - Bolivia","robots":{"index":"index","follow":"follow","max-snippet":"max-snippet:-1","max-image-preview":"max-image-preview:large","max-video-preview":"max-video-preview:-1"},"canonical":"https:\/\/www.eldiario.net\/portal\/2023\/11\/03\/entre-la-victoria-y-el-aniquilamiento\/","og_locale":"es_ES","og_type":"article","og_title":"Entre la victoria y el aniquilamiento - El Diario - Bolivia","og_description":"La historia no conoce pueblo cuya historia sea constituida de forma m\u00e1s tr\u00e1gica que la boliviana. Mientras en las grandes crisis todos los dem\u00e1s pueblos combat\u00edan por el triunfo o la derrota, nosotros siempre hemos luchado por la victoria o el aniquilamiento. Ese destino se observa desde mediados del Siglo XIX con una sucesi\u00f3n de [&hellip;]","og_url":"https:\/\/www.eldiario.net\/portal\/2023\/11\/03\/entre-la-victoria-y-el-aniquilamiento\/","og_site_name":"El Diario - Bolivia","article_publisher":"https:\/\/www.facebook.com\/eldiario.bolivia\/","article_published_time":"2023-11-03T10:32:12+00:00","author":"Jeanette","twitter_card":"summary_large_image","twitter_creator":"@eldiario_net","twitter_site":"@eldiario_net","twitter_misc":{"Escrito por":"Jeanette","Tiempo de lectura":"3 minutos"},"schema":{"@context":"https:\/\/schema.org","@graph":[{"@type":"Article","@id":"https:\/\/www.eldiario.net\/portal\/2023\/11\/03\/entre-la-victoria-y-el-aniquilamiento\/#article","isPartOf":{"@id":"https:\/\/www.eldiario.net\/portal\/2023\/11\/03\/entre-la-victoria-y-el-aniquilamiento\/"},"author":{"name":"Jeanette","@id":"https:\/\/www.eldiario.net\/portal\/#\/schema\/person\/f46445640444750d7d753ccd04ae01b7"},"headline":"Entre la victoria y el aniquilamiento","datePublished":"2023-11-03T10:32:12+00:00","mainEntityOfPage":{"@id":"https:\/\/www.eldiario.net\/portal\/2023\/11\/03\/entre-la-victoria-y-el-aniquilamiento\/"},"wordCount":481,"publisher":{"@id":"https:\/\/www.eldiario.net\/portal\/#organization"},"articleSection":["Editorial"],"inLanguage":"es"},{"@type":"WebPage","@id":"https:\/\/www.eldiario.net\/portal\/2023\/11\/03\/entre-la-victoria-y-el-aniquilamiento\/","url":"https:\/\/www.eldiario.net\/portal\/2023\/11\/03\/entre-la-victoria-y-el-aniquilamiento\/","name":"Entre la victoria y el aniquilamiento - El Diario - Bolivia","isPartOf":{"@id":"https:\/\/www.eldiario.net\/portal\/#website"},"datePublished":"2023-11-03T10:32:12+00:00","breadcrumb":{"@id":"https:\/\/www.eldiario.net\/portal\/2023\/11\/03\/entre-la-victoria-y-el-aniquilamiento\/#breadcrumb"},"inLanguage":"es","potentialAction":[{"@type":"ReadAction","target":["https:\/\/www.eldiario.net\/portal\/2023\/11\/03\/entre-la-victoria-y-el-aniquilamiento\/"]}]},{"@type":"BreadcrumbList","@id":"https:\/\/www.eldiario.net\/portal\/2023\/11\/03\/entre-la-victoria-y-el-aniquilamiento\/#breadcrumb","itemListElement":[{"@type":"ListItem","position":1,"name":"Portada","item":"https:\/\/www.eldiario.net\/portal\/"},{"@type":"ListItem","position":2,"name":"Entre la victoria y el aniquilamiento"}]},{"@type":"WebSite","@id":"https:\/\/www.eldiario.net\/portal\/#website","url":"https:\/\/www.eldiario.net\/portal\/","name":"El Diario - Decano de la prensa nacional","description":"El Diario - Decano de la prensa nacional","publisher":{"@id":"https:\/\/www.eldiario.net\/portal\/#organization"},"potentialAction":[{"@type":"SearchAction","target":{"@type":"EntryPoint","urlTemplate":"https:\/\/www.eldiario.net\/portal\/?s={search_term_string}"},"query-input":{"@type":"PropertyValueSpecification","valueRequired":true,"valueName":"search_term_string"}}],"inLanguage":"es"},{"@type":"Organization","@id":"https:\/\/www.eldiario.net\/portal\/#organization","name":"El Diario - Decano de la prensa nacional","url":"https:\/\/www.eldiario.net\/portal\/","logo":{"@type":"ImageObject","inLanguage":"es","@id":"https:\/\/www.eldiario.net\/portal\/#\/schema\/logo\/image\/","url":"https:\/\/www.eldiario.net\/portal\/wp-content\/uploads\/2023\/07\/logo_ED.jpg","contentUrl":"https:\/\/www.eldiario.net\/portal\/wp-content\/uploads\/2023\/07\/logo_ED.jpg","width":272,"height":52,"caption":"El Diario - Decano de la prensa nacional"},"image":{"@id":"https:\/\/www.eldiario.net\/portal\/#\/schema\/logo\/image\/"},"sameAs":["https:\/\/www.facebook.com\/eldiario.bolivia\/","https:\/\/x.com\/eldiario_net"]},{"@type":"Person","@id":"https:\/\/www.eldiario.net\/portal\/#\/schema\/person\/f46445640444750d7d753ccd04ae01b7","name":"Jeanette","image":{"@type":"ImageObject","inLanguage":"es","@id":"https:\/\/secure.gravatar.com\/avatar\/3ea2118a5f7dad2b7138b1187a6b7ee55f160b9968b66013c3a3ef39dd7e5798?s=96&d=mm&r=g","url":"https:\/\/secure.gravatar.com\/avatar\/3ea2118a5f7dad2b7138b1187a6b7ee55f160b9968b66013c3a3ef39dd7e5798?s=96&d=mm&r=g","contentUrl":"https:\/\/secure.gravatar.com\/avatar\/3ea2118a5f7dad2b7138b1187a6b7ee55f160b9968b66013c3a3ef39dd7e5798?s=96&d=mm&r=g","caption":"Jeanette"},"sameAs":["https:\/\/www.eldiario.net\/portal"],"url":"https:\/\/www.eldiario.net\/portal\/author\/jeanette\/"}]}},"_links":{"self":[{"href":"https:\/\/www.eldiario.net\/portal\/wp-json\/wp\/v2\/posts\/185458","targetHints":{"allow":["GET"]}}],"collection":[{"href":"https:\/\/www.eldiario.net\/portal\/wp-json\/wp\/v2\/posts"}],"about":[{"href":"https:\/\/www.eldiario.net\/portal\/wp-json\/wp\/v2\/types\/post"}],"author":[{"embeddable":true,"href":"https:\/\/www.eldiario.net\/portal\/wp-json\/wp\/v2\/users\/1"}],"replies":[{"embeddable":true,"href":"https:\/\/www.eldiario.net\/portal\/wp-json\/wp\/v2\/comments?post=185458"}],"version-history":[{"count":0,"href":"https:\/\/www.eldiario.net\/portal\/wp-json\/wp\/v2\/posts\/185458\/revisions"}],"wp:attachment":[{"href":"https:\/\/www.eldiario.net\/portal\/wp-json\/wp\/v2\/media?parent=185458"}],"wp:term":[{"taxonomy":"category","embeddable":true,"href":"https:\/\/www.eldiario.net\/portal\/wp-json\/wp\/v2\/categories?post=185458"},{"taxonomy":"post_tag","embeddable":true,"href":"https:\/\/www.eldiario.net\/portal\/wp-json\/wp\/v2\/tags?post=185458"}],"curies":[{"name":"wp","href":"https:\/\/api.w.org\/{rel}","templated":true}]}}