{"id":185456,"date":"2023-11-03T06:31:41","date_gmt":"2023-11-03T10:31:41","guid":{"rendered":"https:\/\/www.eldiario.net\/portal\/?p=185456"},"modified":"2023-11-03T06:31:41","modified_gmt":"2023-11-03T10:31:41","slug":"bolivia-a-un-lado-de-la-balanza-en-la-cruenta-guerra","status":"publish","type":"post","link":"https:\/\/www.eldiario.net\/portal\/2023\/11\/03\/bolivia-a-un-lado-de-la-balanza-en-la-cruenta-guerra\/","title":{"rendered":"Bolivia a un lado de la balanza en la cruenta guerra"},"content":{"rendered":"<p><em><strong>Mauricio Ochoa Urioste<\/strong><\/em><\/p>\n<p>El mundo se encuentra embarcado en dos guerras humanitariamente catastr\u00f3ficas: la de Ucrania y la de Oriente Medio. Incre\u00edblemente, el gobierno de Bolivia, no ha escatimado en ponerse en ambos conflictos b\u00e9licos a un lado de la balanza.<br \/>\nPrimero, apoy\u00f3 t\u00e1citamente a Rusia con declaraciones altisonantes en contra de la OTAN, por el \u201cjefe supremo\u201d del Movimiento al Socialismo, Evo Morales. A la par, en la misma l\u00ednea de la historia, el gobierno de Luis Arce Catacora, avanz\u00f3 en acuerdos comerciales y hasta de \u201cdefensa\u201d con la Federaci\u00f3n Rusa e Ir\u00e1n.<br \/>\nTristemente, Bolivia ha optado tambi\u00e9n por romper relaciones diplom\u00e1ticas con Israel, acus\u00e1ndolo gravemente en una conflagraci\u00f3n que lejos est\u00e1 de ser resumida en pocas palabras. Un poco de cordura, har\u00eda mucho bien.<br \/>\nMi punto de vista, al menos el m\u00edo, valga la redundancia, es que en conflictos armados de esta naturaleza el gobierno de Bolivia \u2013como miembro asociado del Mercosur y parte de la Comunidad Andina\u2013 deber\u00eda guardar prudencia, y no echarse tan f\u00e1cilmente a un lado de los contendientes. Neutralidad ser\u00eda el mejor camino para no enturbiar m\u00e1s el conflicto de escala casi planetaria, ni aparecer como pe\u00f3n de reg\u00edmenes de facto, tales como Ir\u00e1n y Rusia. Pero, muy lamentablemente, lejos estamos de prudencias o templanzas.<br \/>\nAqu\u00ed, vale la pena tambi\u00e9n preguntar, \u00bfcu\u00e1les son los acuerdos militares, geopol\u00edticos y geoestrat\u00e9gicos con Ir\u00e1n y Rusia, de parte de Bolivia, y su impacto en la regi\u00f3n? Y de igual manera, si Europa va a seguir en una posici\u00f3n contemplativa y muchas veces de defensa de la as\u00ed llamada \u201cdemocracia\u201d e \u201cinstitucionalidad\u201d boliviana.<br \/>\nEstados Unidos, y el gobierno de Joe Biden, tambi\u00e9n deber\u00eda asumir una postura clara en el conflicto que encierra la puesta en marcha de un r\u00e9gimen que no respeta los derechos humanos, ni constituye una democracia, tal como lo acredita con suficiente rigor el Proyecto Mundial de Justicia (WJP), que revela el hecho que Bolivia ocupa el puesto 131 entre 142 pa\u00edses en cuanto al cumplimiento del Estado de derecho de sus ciudadanos en 2023. \u00bfLa Uni\u00f3n Europea, los pa\u00edses de la eurozona, y Estados Unidos van a seguir \u201ccallados\u201d frente a los atropellos del r\u00e9gimen boliviano contra la ciudadan\u00eda en su conjunto?<br \/>\nEn todo caso, y volviendo al primer ac\u00e1pite, cortar relaciones diplom\u00e1ticas con Israel, justo ahora que el conflicto puede ampliarse \u2013ojal\u00e1 que no\u2013 a otros pa\u00edses de la regi\u00f3n, es un enorme exabrupto diplom\u00e1tico e institucional. Una buena parte del mundo, la propia ONU y el Vaticano, por poner s\u00f3lo algunos ejemplos, abogan por la paz, e inclusive han criticado tanto a Ham\u00e1s como a Israel en sendas oportunidades. Pero cosa muy distinta es aliarse a un bando, que en nada contribuye a los afanes de alto al fuego, ayuda humanitaria y liberaci\u00f3n de los rehenes, que al menos expl\u00edcitamente, han hecho conocer el Papa Francisco y el secretario general de la ONU, Antonio Guterres.<\/p>\n<p>El autor es abogado.<\/p>\n","protected":false},"excerpt":{"rendered":"<p>Mauricio Ochoa Urioste El mundo se encuentra embarcado en dos guerras humanitariamente catastr\u00f3ficas: la de Ucrania y la de Oriente Medio. Incre\u00edblemente, el gobierno de Bolivia, no ha escatimado en ponerse en ambos conflictos b\u00e9licos a un lado de la balanza. Primero, apoy\u00f3 t\u00e1citamente a Rusia con declaraciones altisonantes en contra de la OTAN, por [&hellip;]<\/p>\n","protected":false},"author":1,"featured_media":0,"comment_status":"closed","ping_status":"open","sticky":false,"template":"","format":"standard","meta":{"_acf_changed":false,"footnotes":""},"categories":[9],"tags":[],"class_list":["post-185456","post","type-post","status-publish","format-standard","category-opinion"],"acf":{"antetitulo":""},"yoast_head":"<!-- This site is optimized with the Yoast SEO plugin v28.4 - https:\/\/yoast.com\/product\/yoast-seo-wordpress\/ -->\n<title>Bolivia a un lado de la balanza en la cruenta guerra - El Diario - Bolivia<\/title>\n<meta name=\"robots\" content=\"index, follow, max-snippet:-1, max-image-preview:large, max-video-preview:-1\" \/>\n<link rel=\"canonical\" href=\"https:\/\/www.eldiario.net\/portal\/2023\/11\/03\/bolivia-a-un-lado-de-la-balanza-en-la-cruenta-guerra\/\" \/>\n<meta property=\"og:locale\" content=\"es_ES\" \/>\n<meta property=\"og:type\" content=\"article\" \/>\n<meta property=\"og:title\" content=\"Bolivia a un lado de la balanza en la cruenta guerra - El Diario - Bolivia\" \/>\n<meta property=\"og:description\" content=\"Mauricio Ochoa Urioste El mundo se encuentra embarcado en dos guerras humanitariamente catastr\u00f3ficas: la de Ucrania y la de Oriente Medio. Incre\u00edblemente, el gobierno de Bolivia, no ha escatimado en ponerse en ambos conflictos b\u00e9licos a un lado de la balanza. Primero, apoy\u00f3 t\u00e1citamente a Rusia con declaraciones altisonantes en contra de la OTAN, por [&hellip;]\" \/>\n<meta property=\"og:url\" content=\"https:\/\/www.eldiario.net\/portal\/2023\/11\/03\/bolivia-a-un-lado-de-la-balanza-en-la-cruenta-guerra\/\" \/>\n<meta property=\"og:site_name\" content=\"El Diario - Bolivia\" \/>\n<meta property=\"article:publisher\" content=\"https:\/\/www.facebook.com\/eldiario.bolivia\/\" \/>\n<meta property=\"article:published_time\" content=\"2023-11-03T10:31:41+00:00\" \/>\n<meta name=\"author\" content=\"Jeanette\" \/>\n<meta name=\"twitter:card\" content=\"summary_large_image\" \/>\n<meta name=\"twitter:creator\" content=\"@eldiario_net\" \/>\n<meta name=\"twitter:site\" content=\"@eldiario_net\" \/>\n<meta name=\"twitter:label1\" content=\"Escrito por\" \/>\n\t<meta name=\"twitter:data1\" content=\"Jeanette\" \/>\n\t<meta name=\"twitter:label2\" content=\"Tiempo de lectura\" \/>\n\t<meta name=\"twitter:data2\" content=\"3 minutos\" \/>\n<script type=\"application\/ld+json\" class=\"yoast-schema-graph\">{\"@context\":\"https:\\\/\\\/schema.org\",\"@graph\":[{\"@type\":\"Article\",\"@id\":\"https:\\\/\\\/www.eldiario.net\\\/portal\\\/2023\\\/11\\\/03\\\/bolivia-a-un-lado-de-la-balanza-en-la-cruenta-guerra\\\/#article\",\"isPartOf\":{\"@id\":\"https:\\\/\\\/www.eldiario.net\\\/portal\\\/2023\\\/11\\\/03\\\/bolivia-a-un-lado-de-la-balanza-en-la-cruenta-guerra\\\/\"},\"author\":{\"name\":\"Jeanette\",\"@id\":\"https:\\\/\\\/www.eldiario.net\\\/portal\\\/#\\\/schema\\\/person\\\/2c57cf2b7a7ae032e449e4c9b1019eac\"},\"headline\":\"Bolivia a un lado de la balanza en la cruenta guerra\",\"datePublished\":\"2023-11-03T10:31:41+00:00\",\"mainEntityOfPage\":{\"@id\":\"https:\\\/\\\/www.eldiario.net\\\/portal\\\/2023\\\/11\\\/03\\\/bolivia-a-un-lado-de-la-balanza-en-la-cruenta-guerra\\\/\"},\"wordCount\":539,\"publisher\":{\"@id\":\"https:\\\/\\\/www.eldiario.net\\\/portal\\\/#organization\"},\"articleSection\":[\"Opini\u00f3n\"],\"inLanguage\":\"es\"},{\"@type\":\"WebPage\",\"@id\":\"https:\\\/\\\/www.eldiario.net\\\/portal\\\/2023\\\/11\\\/03\\\/bolivia-a-un-lado-de-la-balanza-en-la-cruenta-guerra\\\/\",\"url\":\"https:\\\/\\\/www.eldiario.net\\\/portal\\\/2023\\\/11\\\/03\\\/bolivia-a-un-lado-de-la-balanza-en-la-cruenta-guerra\\\/\",\"name\":\"Bolivia a un lado de la balanza en la cruenta guerra - El Diario - Bolivia\",\"isPartOf\":{\"@id\":\"https:\\\/\\\/www.eldiario.net\\\/portal\\\/#website\"},\"datePublished\":\"2023-11-03T10:31:41+00:00\",\"breadcrumb\":{\"@id\":\"https:\\\/\\\/www.eldiario.net\\\/portal\\\/2023\\\/11\\\/03\\\/bolivia-a-un-lado-de-la-balanza-en-la-cruenta-guerra\\\/#breadcrumb\"},\"inLanguage\":\"es\",\"potentialAction\":[{\"@type\":\"ReadAction\",\"target\":[\"https:\\\/\\\/www.eldiario.net\\\/portal\\\/2023\\\/11\\\/03\\\/bolivia-a-un-lado-de-la-balanza-en-la-cruenta-guerra\\\/\"]}]},{\"@type\":\"BreadcrumbList\",\"@id\":\"https:\\\/\\\/www.eldiario.net\\\/portal\\\/2023\\\/11\\\/03\\\/bolivia-a-un-lado-de-la-balanza-en-la-cruenta-guerra\\\/#breadcrumb\",\"itemListElement\":[{\"@type\":\"ListItem\",\"position\":1,\"name\":\"Portada\",\"item\":\"https:\\\/\\\/www.eldiario.net\\\/portal\\\/\"},{\"@type\":\"ListItem\",\"position\":2,\"name\":\"Bolivia a un lado de la balanza en la cruenta guerra\"}]},{\"@type\":\"WebSite\",\"@id\":\"https:\\\/\\\/www.eldiario.net\\\/portal\\\/#website\",\"url\":\"https:\\\/\\\/www.eldiario.net\\\/portal\\\/\",\"name\":\"El Diario - Decano de la prensa nacional\",\"description\":\"El Diario - Decano de la prensa nacional\",\"publisher\":{\"@id\":\"https:\\\/\\\/www.eldiario.net\\\/portal\\\/#organization\"},\"potentialAction\":[{\"@type\":\"SearchAction\",\"target\":{\"@type\":\"EntryPoint\",\"urlTemplate\":\"https:\\\/\\\/www.eldiario.net\\\/portal\\\/?s={search_term_string}\"},\"query-input\":{\"@type\":\"PropertyValueSpecification\",\"valueRequired\":true,\"valueName\":\"search_term_string\"}}],\"inLanguage\":\"es\"},{\"@type\":\"Organization\",\"@id\":\"https:\\\/\\\/www.eldiario.net\\\/portal\\\/#organization\",\"name\":\"El Diario - Decano de la prensa nacional\",\"url\":\"https:\\\/\\\/www.eldiario.net\\\/portal\\\/\",\"logo\":{\"@type\":\"ImageObject\",\"inLanguage\":\"es\",\"@id\":\"https:\\\/\\\/www.eldiario.net\\\/portal\\\/#\\\/schema\\\/logo\\\/image\\\/\",\"url\":\"https:\\\/\\\/www.eldiario.net\\\/portal\\\/wp-content\\\/uploads\\\/2023\\\/07\\\/logo_ED.jpg\",\"contentUrl\":\"https:\\\/\\\/www.eldiario.net\\\/portal\\\/wp-content\\\/uploads\\\/2023\\\/07\\\/logo_ED.jpg\",\"width\":272,\"height\":52,\"caption\":\"El Diario - Decano de la prensa nacional\"},\"image\":{\"@id\":\"https:\\\/\\\/www.eldiario.net\\\/portal\\\/#\\\/schema\\\/logo\\\/image\\\/\"},\"sameAs\":[\"https:\\\/\\\/www.facebook.com\\\/eldiario.bolivia\\\/\",\"https:\\\/\\\/x.com\\\/eldiario_net\"]},{\"@type\":\"Person\",\"@id\":\"https:\\\/\\\/www.eldiario.net\\\/portal\\\/#\\\/schema\\\/person\\\/2c57cf2b7a7ae032e449e4c9b1019eac\",\"name\":\"Jeanette\",\"image\":{\"@type\":\"ImageObject\",\"inLanguage\":\"es\",\"@id\":\"https:\\\/\\\/secure.gravatar.com\\\/avatar\\\/3ea2118a5f7dad2b7138b1187a6b7ee55f160b9968b66013c3a3ef39dd7e5798?s=96&d=mm&r=g\",\"url\":\"https:\\\/\\\/secure.gravatar.com\\\/avatar\\\/3ea2118a5f7dad2b7138b1187a6b7ee55f160b9968b66013c3a3ef39dd7e5798?s=96&d=mm&r=g\",\"contentUrl\":\"https:\\\/\\\/secure.gravatar.com\\\/avatar\\\/3ea2118a5f7dad2b7138b1187a6b7ee55f160b9968b66013c3a3ef39dd7e5798?s=96&d=mm&r=g\",\"caption\":\"Jeanette\"},\"sameAs\":[\"https:\\\/\\\/www.eldiario.net\\\/portal\"],\"url\":\"https:\\\/\\\/www.eldiario.net\\\/portal\\\/author\\\/jeanette\\\/\"}]}<\/script>\n<!-- \/ Yoast SEO plugin. -->","yoast_head_json":{"title":"Bolivia a un lado de la balanza en la cruenta guerra - El Diario - Bolivia","robots":{"index":"index","follow":"follow","max-snippet":"max-snippet:-1","max-image-preview":"max-image-preview:large","max-video-preview":"max-video-preview:-1"},"canonical":"https:\/\/www.eldiario.net\/portal\/2023\/11\/03\/bolivia-a-un-lado-de-la-balanza-en-la-cruenta-guerra\/","og_locale":"es_ES","og_type":"article","og_title":"Bolivia a un lado de la balanza en la cruenta guerra - El Diario - Bolivia","og_description":"Mauricio Ochoa Urioste El mundo se encuentra embarcado en dos guerras humanitariamente catastr\u00f3ficas: la de Ucrania y la de Oriente Medio. Incre\u00edblemente, el gobierno de Bolivia, no ha escatimado en ponerse en ambos conflictos b\u00e9licos a un lado de la balanza. Primero, apoy\u00f3 t\u00e1citamente a Rusia con declaraciones altisonantes en contra de la OTAN, por [&hellip;]","og_url":"https:\/\/www.eldiario.net\/portal\/2023\/11\/03\/bolivia-a-un-lado-de-la-balanza-en-la-cruenta-guerra\/","og_site_name":"El Diario - Bolivia","article_publisher":"https:\/\/www.facebook.com\/eldiario.bolivia\/","article_published_time":"2023-11-03T10:31:41+00:00","author":"Jeanette","twitter_card":"summary_large_image","twitter_creator":"@eldiario_net","twitter_site":"@eldiario_net","twitter_misc":{"Escrito por":"Jeanette","Tiempo de lectura":"3 minutos"},"schema":{"@context":"https:\/\/schema.org","@graph":[{"@type":"Article","@id":"https:\/\/www.eldiario.net\/portal\/2023\/11\/03\/bolivia-a-un-lado-de-la-balanza-en-la-cruenta-guerra\/#article","isPartOf":{"@id":"https:\/\/www.eldiario.net\/portal\/2023\/11\/03\/bolivia-a-un-lado-de-la-balanza-en-la-cruenta-guerra\/"},"author":{"name":"Jeanette","@id":"https:\/\/www.eldiario.net\/portal\/#\/schema\/person\/2c57cf2b7a7ae032e449e4c9b1019eac"},"headline":"Bolivia a un lado de la balanza en la cruenta guerra","datePublished":"2023-11-03T10:31:41+00:00","mainEntityOfPage":{"@id":"https:\/\/www.eldiario.net\/portal\/2023\/11\/03\/bolivia-a-un-lado-de-la-balanza-en-la-cruenta-guerra\/"},"wordCount":539,"publisher":{"@id":"https:\/\/www.eldiario.net\/portal\/#organization"},"articleSection":["Opini\u00f3n"],"inLanguage":"es"},{"@type":"WebPage","@id":"https:\/\/www.eldiario.net\/portal\/2023\/11\/03\/bolivia-a-un-lado-de-la-balanza-en-la-cruenta-guerra\/","url":"https:\/\/www.eldiario.net\/portal\/2023\/11\/03\/bolivia-a-un-lado-de-la-balanza-en-la-cruenta-guerra\/","name":"Bolivia a un lado de la balanza en la cruenta guerra - El Diario - Bolivia","isPartOf":{"@id":"https:\/\/www.eldiario.net\/portal\/#website"},"datePublished":"2023-11-03T10:31:41+00:00","breadcrumb":{"@id":"https:\/\/www.eldiario.net\/portal\/2023\/11\/03\/bolivia-a-un-lado-de-la-balanza-en-la-cruenta-guerra\/#breadcrumb"},"inLanguage":"es","potentialAction":[{"@type":"ReadAction","target":["https:\/\/www.eldiario.net\/portal\/2023\/11\/03\/bolivia-a-un-lado-de-la-balanza-en-la-cruenta-guerra\/"]}]},{"@type":"BreadcrumbList","@id":"https:\/\/www.eldiario.net\/portal\/2023\/11\/03\/bolivia-a-un-lado-de-la-balanza-en-la-cruenta-guerra\/#breadcrumb","itemListElement":[{"@type":"ListItem","position":1,"name":"Portada","item":"https:\/\/www.eldiario.net\/portal\/"},{"@type":"ListItem","position":2,"name":"Bolivia a un lado de la balanza en la cruenta guerra"}]},{"@type":"WebSite","@id":"https:\/\/www.eldiario.net\/portal\/#website","url":"https:\/\/www.eldiario.net\/portal\/","name":"El Diario - Decano de la prensa nacional","description":"El Diario - Decano de la prensa nacional","publisher":{"@id":"https:\/\/www.eldiario.net\/portal\/#organization"},"potentialAction":[{"@type":"SearchAction","target":{"@type":"EntryPoint","urlTemplate":"https:\/\/www.eldiario.net\/portal\/?s={search_term_string}"},"query-input":{"@type":"PropertyValueSpecification","valueRequired":true,"valueName":"search_term_string"}}],"inLanguage":"es"},{"@type":"Organization","@id":"https:\/\/www.eldiario.net\/portal\/#organization","name":"El Diario - Decano de la prensa nacional","url":"https:\/\/www.eldiario.net\/portal\/","logo":{"@type":"ImageObject","inLanguage":"es","@id":"https:\/\/www.eldiario.net\/portal\/#\/schema\/logo\/image\/","url":"https:\/\/www.eldiario.net\/portal\/wp-content\/uploads\/2023\/07\/logo_ED.jpg","contentUrl":"https:\/\/www.eldiario.net\/portal\/wp-content\/uploads\/2023\/07\/logo_ED.jpg","width":272,"height":52,"caption":"El Diario - Decano de la prensa nacional"},"image":{"@id":"https:\/\/www.eldiario.net\/portal\/#\/schema\/logo\/image\/"},"sameAs":["https:\/\/www.facebook.com\/eldiario.bolivia\/","https:\/\/x.com\/eldiario_net"]},{"@type":"Person","@id":"https:\/\/www.eldiario.net\/portal\/#\/schema\/person\/2c57cf2b7a7ae032e449e4c9b1019eac","name":"Jeanette","image":{"@type":"ImageObject","inLanguage":"es","@id":"https:\/\/secure.gravatar.com\/avatar\/3ea2118a5f7dad2b7138b1187a6b7ee55f160b9968b66013c3a3ef39dd7e5798?s=96&d=mm&r=g","url":"https:\/\/secure.gravatar.com\/avatar\/3ea2118a5f7dad2b7138b1187a6b7ee55f160b9968b66013c3a3ef39dd7e5798?s=96&d=mm&r=g","contentUrl":"https:\/\/secure.gravatar.com\/avatar\/3ea2118a5f7dad2b7138b1187a6b7ee55f160b9968b66013c3a3ef39dd7e5798?s=96&d=mm&r=g","caption":"Jeanette"},"sameAs":["https:\/\/www.eldiario.net\/portal"],"url":"https:\/\/www.eldiario.net\/portal\/author\/jeanette\/"}]}},"_links":{"self":[{"href":"https:\/\/www.eldiario.net\/portal\/wp-json\/wp\/v2\/posts\/185456","targetHints":{"allow":["GET"]}}],"collection":[{"href":"https:\/\/www.eldiario.net\/portal\/wp-json\/wp\/v2\/posts"}],"about":[{"href":"https:\/\/www.eldiario.net\/portal\/wp-json\/wp\/v2\/types\/post"}],"author":[{"embeddable":true,"href":"https:\/\/www.eldiario.net\/portal\/wp-json\/wp\/v2\/users\/1"}],"replies":[{"embeddable":true,"href":"https:\/\/www.eldiario.net\/portal\/wp-json\/wp\/v2\/comments?post=185456"}],"version-history":[{"count":0,"href":"https:\/\/www.eldiario.net\/portal\/wp-json\/wp\/v2\/posts\/185456\/revisions"}],"wp:attachment":[{"href":"https:\/\/www.eldiario.net\/portal\/wp-json\/wp\/v2\/media?parent=185456"}],"wp:term":[{"taxonomy":"category","embeddable":true,"href":"https:\/\/www.eldiario.net\/portal\/wp-json\/wp\/v2\/categories?post=185456"},{"taxonomy":"post_tag","embeddable":true,"href":"https:\/\/www.eldiario.net\/portal\/wp-json\/wp\/v2\/tags?post=185456"}],"curies":[{"name":"wp","href":"https:\/\/api.w.org\/{rel}","templated":true}]}}