{"id":185454,"date":"2023-11-03T06:29:40","date_gmt":"2023-11-03T10:29:40","guid":{"rendered":"https:\/\/www.eldiario.net\/portal\/?p=185454"},"modified":"2023-11-03T06:29:40","modified_gmt":"2023-11-03T10:29:40","slug":"democracia-y-oposicion","status":"publish","type":"post","link":"https:\/\/www.eldiario.net\/portal\/2023\/11\/03\/democracia-y-oposicion\/","title":{"rendered":"Democracia y oposici\u00f3n"},"content":{"rendered":"<p>La oposici\u00f3n es el contrapeso al poder. El poder total es signo de autocracia, tiran\u00eda, fascismo, que recurre al control corporativo del Estado; es el uso de la violencia para la supresi\u00f3n del disenso (ejemplos encontramos en Cuba, Venezuela y Nicaragua). En estos gobiernos los ciudadanos que protestan son detenidos, juzgados, encarcelados y extraditados.<br \/>\nEn estos pa\u00edses se niega cualquier visibilidad a la oposici\u00f3n: es la peligrosa enemiga que atenta contra la seguridad del Estado, entrando bajo la sombra del \u201cgolpe\u201d que pretende derrocar al gobierno; o comete acciones que ponen en peligro la seguridad nacional; es as\u00ed que, de cualquier manera, argumentos sobran para desmantelarla, y luego aniquilarla,<br \/>\nLa democracia no es solamente el voto, sino tambi\u00e9n la capacidad que debe tener un pueblo para limitar al gobierno el da\u00f1o que pueda infringirle al pa\u00eds. Un mal gobernante es aquel que no respeta la independencia de poderes, que manda solapadamente sobre el poder electoral, sojuzga sin disimulo al Legislativo y coopta la organizaci\u00f3n judicial. Una buena gobernanza no es solamente analizar la balanza comercial positiva, el \u00edndice de pobreza o la baja inflaci\u00f3n.<br \/>\nPor supuesto que no hay sistema de gobierno perfecto, pero ser\u00e1 mejor cuando permita la plena vigencia de las estructuras institucionales, es decir los contrapesos para exigirle al poder que cumpla y haga cumplir la ley. Un gobierno es imperfecto si no tiene oposici\u00f3n, y autorizados polit\u00f3logos opinan que un buen gobernante deber\u00eda promover que la oposici\u00f3n exista, y sea un balance en su gesti\u00f3n.<br \/>\nAnalizando el caso boliviano, se ve muy claro que no existe oposici\u00f3n, y eso viene desde hace mucho tiempo; la una, la parlamentaria, est\u00e1 tibia, opaca e inactiva, en la realidad est\u00e1 sometida a la mayor\u00eda oficial; y del mismo modo la otra, la que nace del pueblo usando su derecho a protestar en acci\u00f3n p\u00fablica, ya que enseguida el gobierno declara que se prepara un \u201cgolpe de Estado\u201d, y as\u00ed, del modo m\u00e1s prosaico, conjura la situaci\u00f3n. De tal modo que, con el paso del tiempo, se ha instalado en el colectivo el temor: un estado de \u00e1nimo donde son evitadas algunas cosas, por ser arriesgadas y peligrosas. Es de esa manera que el gobierno anula a la oposici\u00f3n, y considera su misi\u00f3n cumplida, cuando lo consigue.<br \/>\nEsa es la situaci\u00f3n boliviana, en un tiempo fue el terrorismo, ahora es la figura del golpe de Estado del 2019, hubo siempre una raz\u00f3n autoritaria, en extremo invalidante, para anular el derecho a protestar.<br \/>\nApresar al Gobernador fue uno de los agravios m\u00e1s duros para Santa Cruz, y los ciudadanos poco pudieron hacer, parecen esquivos o impotentes para cualquier acci\u00f3n. Ahora, el motivo es el paro de 36 d\u00edas, y la acci\u00f3n judicial fue iniciada, involucrando al rector de la universidad, que anticip\u00f3 postularse en las pr\u00f3ximas elecciones generales. Est\u00e1 dentro de los posibles activar un juicio contra cualquier persona de la que se diga que va a candidatear.<br \/>\nComo se ve, el oficialismo no desistir\u00e1 en su prop\u00f3sito de continuar anulando a la oposici\u00f3n, y cuando no le alcanza la trama, porque la oposici\u00f3n se desborda, recurre a la represi\u00f3n para contener, detener y castigar, usando sin escr\u00fapulo a la justicia, que actuar\u00e1 con audacia, dejando constancia de su alevosa severidad. La represi\u00f3n pol\u00edtica es sin\u00f3nimo de intolerancia y discriminaci\u00f3n, aplicada acerbamente, hasta cohibir cualquier intento de reincidencia por parte del opositor.<br \/>\nLas acciones que sigue el Gobierno para borrar a la oposici\u00f3n, van m\u00e1s all\u00e1 de ser reacciones espont\u00e1neas, son el resultado de estrategias urdidas por asesores: soci\u00f3logos, psic\u00f3logos y expertos en comportamiento socio-pol\u00edtico de la sociedad en sus diferentes estratos.<br \/>\nLa aut\u00e9ntica democracia es la que convive con la oposici\u00f3n, la gobernanza debiera tolerar, y la sociedad saber construirla.<br \/>\nLos bolivianos no son sumisos, tampoco resignados, solamente que no alcanzan a estructurar (salvo pocas ocasiones) una oposici\u00f3n permanente, activa y eficaz.<\/p>\n<p>El autor es periodista.<\/p>\n","protected":false},"excerpt":{"rendered":"<p>La oposici\u00f3n es el contrapeso al poder. El poder total es signo de autocracia, tiran\u00eda, fascismo, que recurre al control corporativo del Estado; es el uso de la violencia para la supresi\u00f3n del disenso (ejemplos encontramos en Cuba, Venezuela y Nicaragua). En estos gobiernos los ciudadanos que protestan son detenidos, juzgados, encarcelados y extraditados. En [&hellip;]<\/p>\n","protected":false},"author":1,"featured_media":166360,"comment_status":"closed","ping_status":"open","sticky":false,"template":"","format":"standard","meta":{"_acf_changed":false,"footnotes":""},"categories":[9],"tags":[],"class_list":["post-185454","post","type-post","status-publish","format-standard","has-post-thumbnail","category-opinion"],"acf":{"antetitulo":""},"yoast_head":"<!-- This site is optimized with the Yoast SEO plugin v28.4 - https:\/\/yoast.com\/product\/yoast-seo-wordpress\/ -->\n<title>Democracia y oposici\u00f3n - El Diario - Bolivia<\/title>\n<meta name=\"robots\" content=\"index, follow, max-snippet:-1, max-image-preview:large, max-video-preview:-1\" \/>\n<link rel=\"canonical\" href=\"https:\/\/www.eldiario.net\/portal\/2023\/11\/03\/democracia-y-oposicion\/\" \/>\n<meta property=\"og:locale\" content=\"es_ES\" \/>\n<meta property=\"og:type\" content=\"article\" \/>\n<meta property=\"og:title\" content=\"Democracia y oposici\u00f3n - El Diario - Bolivia\" \/>\n<meta property=\"og:description\" content=\"La oposici\u00f3n es el contrapeso al poder. El poder total es signo de autocracia, tiran\u00eda, fascismo, que recurre al control corporativo del Estado; es el uso de la violencia para la supresi\u00f3n del disenso (ejemplos encontramos en Cuba, Venezuela y Nicaragua). En estos gobiernos los ciudadanos que protestan son detenidos, juzgados, encarcelados y extraditados. En [&hellip;]\" \/>\n<meta property=\"og:url\" content=\"https:\/\/www.eldiario.net\/portal\/2023\/11\/03\/democracia-y-oposicion\/\" \/>\n<meta property=\"og:site_name\" content=\"El Diario - Bolivia\" \/>\n<meta property=\"article:publisher\" content=\"https:\/\/www.facebook.com\/eldiario.bolivia\/\" \/>\n<meta property=\"article:published_time\" content=\"2023-11-03T10:29:40+00:00\" \/>\n<meta property=\"og:image\" content=\"https:\/\/www.eldiario.net\/portal\/wp-content\/uploads\/2023\/07\/Mario-Malpartida.jpg\" \/>\n\t<meta property=\"og:image:width\" content=\"1200\" \/>\n\t<meta property=\"og:image:height\" content=\"628\" \/>\n\t<meta property=\"og:image:type\" content=\"image\/jpeg\" \/>\n<meta name=\"author\" content=\"Jeanette\" \/>\n<meta name=\"twitter:card\" content=\"summary_large_image\" \/>\n<meta name=\"twitter:creator\" content=\"@eldiario_net\" \/>\n<meta name=\"twitter:site\" content=\"@eldiario_net\" \/>\n<meta name=\"twitter:label1\" content=\"Escrito por\" \/>\n\t<meta name=\"twitter:data1\" content=\"Jeanette\" \/>\n\t<meta name=\"twitter:label2\" content=\"Tiempo de lectura\" \/>\n\t<meta name=\"twitter:data2\" content=\"3 minutos\" \/>\n<script type=\"application\/ld+json\" class=\"yoast-schema-graph\">{\"@context\":\"https:\\\/\\\/schema.org\",\"@graph\":[{\"@type\":\"Article\",\"@id\":\"https:\\\/\\\/www.eldiario.net\\\/portal\\\/2023\\\/11\\\/03\\\/democracia-y-oposicion\\\/#article\",\"isPartOf\":{\"@id\":\"https:\\\/\\\/www.eldiario.net\\\/portal\\\/2023\\\/11\\\/03\\\/democracia-y-oposicion\\\/\"},\"author\":{\"name\":\"Jeanette\",\"@id\":\"https:\\\/\\\/www.eldiario.net\\\/portal\\\/#\\\/schema\\\/person\\\/2c57cf2b7a7ae032e449e4c9b1019eac\"},\"headline\":\"Democracia y oposici\u00f3n\",\"datePublished\":\"2023-11-03T10:29:40+00:00\",\"mainEntityOfPage\":{\"@id\":\"https:\\\/\\\/www.eldiario.net\\\/portal\\\/2023\\\/11\\\/03\\\/democracia-y-oposicion\\\/\"},\"wordCount\":696,\"publisher\":{\"@id\":\"https:\\\/\\\/www.eldiario.net\\\/portal\\\/#organization\"},\"image\":{\"@id\":\"https:\\\/\\\/www.eldiario.net\\\/portal\\\/2023\\\/11\\\/03\\\/democracia-y-oposicion\\\/#primaryimage\"},\"thumbnailUrl\":\"https:\\\/\\\/www.eldiario.net\\\/portal\\\/wp-content\\\/uploads\\\/2023\\\/07\\\/Mario-Malpartida.jpg\",\"articleSection\":[\"Opini\u00f3n\"],\"inLanguage\":\"es\"},{\"@type\":\"WebPage\",\"@id\":\"https:\\\/\\\/www.eldiario.net\\\/portal\\\/2023\\\/11\\\/03\\\/democracia-y-oposicion\\\/\",\"url\":\"https:\\\/\\\/www.eldiario.net\\\/portal\\\/2023\\\/11\\\/03\\\/democracia-y-oposicion\\\/\",\"name\":\"Democracia y oposici\u00f3n - El Diario - Bolivia\",\"isPartOf\":{\"@id\":\"https:\\\/\\\/www.eldiario.net\\\/portal\\\/#website\"},\"primaryImageOfPage\":{\"@id\":\"https:\\\/\\\/www.eldiario.net\\\/portal\\\/2023\\\/11\\\/03\\\/democracia-y-oposicion\\\/#primaryimage\"},\"image\":{\"@id\":\"https:\\\/\\\/www.eldiario.net\\\/portal\\\/2023\\\/11\\\/03\\\/democracia-y-oposicion\\\/#primaryimage\"},\"thumbnailUrl\":\"https:\\\/\\\/www.eldiario.net\\\/portal\\\/wp-content\\\/uploads\\\/2023\\\/07\\\/Mario-Malpartida.jpg\",\"datePublished\":\"2023-11-03T10:29:40+00:00\",\"breadcrumb\":{\"@id\":\"https:\\\/\\\/www.eldiario.net\\\/portal\\\/2023\\\/11\\\/03\\\/democracia-y-oposicion\\\/#breadcrumb\"},\"inLanguage\":\"es\",\"potentialAction\":[{\"@type\":\"ReadAction\",\"target\":[\"https:\\\/\\\/www.eldiario.net\\\/portal\\\/2023\\\/11\\\/03\\\/democracia-y-oposicion\\\/\"]}]},{\"@type\":\"ImageObject\",\"inLanguage\":\"es\",\"@id\":\"https:\\\/\\\/www.eldiario.net\\\/portal\\\/2023\\\/11\\\/03\\\/democracia-y-oposicion\\\/#primaryimage\",\"url\":\"https:\\\/\\\/www.eldiario.net\\\/portal\\\/wp-content\\\/uploads\\\/2023\\\/07\\\/Mario-Malpartida.jpg\",\"contentUrl\":\"https:\\\/\\\/www.eldiario.net\\\/portal\\\/wp-content\\\/uploads\\\/2023\\\/07\\\/Mario-Malpartida.jpg\",\"width\":1200,\"height\":628,\"caption\":\"Mario Malpartida\"},{\"@type\":\"BreadcrumbList\",\"@id\":\"https:\\\/\\\/www.eldiario.net\\\/portal\\\/2023\\\/11\\\/03\\\/democracia-y-oposicion\\\/#breadcrumb\",\"itemListElement\":[{\"@type\":\"ListItem\",\"position\":1,\"name\":\"Portada\",\"item\":\"https:\\\/\\\/www.eldiario.net\\\/portal\\\/\"},{\"@type\":\"ListItem\",\"position\":2,\"name\":\"Democracia y oposici\u00f3n\"}]},{\"@type\":\"WebSite\",\"@id\":\"https:\\\/\\\/www.eldiario.net\\\/portal\\\/#website\",\"url\":\"https:\\\/\\\/www.eldiario.net\\\/portal\\\/\",\"name\":\"El Diario - Decano de la prensa nacional\",\"description\":\"El Diario - Decano de la prensa nacional\",\"publisher\":{\"@id\":\"https:\\\/\\\/www.eldiario.net\\\/portal\\\/#organization\"},\"potentialAction\":[{\"@type\":\"SearchAction\",\"target\":{\"@type\":\"EntryPoint\",\"urlTemplate\":\"https:\\\/\\\/www.eldiario.net\\\/portal\\\/?s={search_term_string}\"},\"query-input\":{\"@type\":\"PropertyValueSpecification\",\"valueRequired\":true,\"valueName\":\"search_term_string\"}}],\"inLanguage\":\"es\"},{\"@type\":\"Organization\",\"@id\":\"https:\\\/\\\/www.eldiario.net\\\/portal\\\/#organization\",\"name\":\"El Diario - Decano de la prensa nacional\",\"url\":\"https:\\\/\\\/www.eldiario.net\\\/portal\\\/\",\"logo\":{\"@type\":\"ImageObject\",\"inLanguage\":\"es\",\"@id\":\"https:\\\/\\\/www.eldiario.net\\\/portal\\\/#\\\/schema\\\/logo\\\/image\\\/\",\"url\":\"https:\\\/\\\/www.eldiario.net\\\/portal\\\/wp-content\\\/uploads\\\/2023\\\/07\\\/logo_ED.jpg\",\"contentUrl\":\"https:\\\/\\\/www.eldiario.net\\\/portal\\\/wp-content\\\/uploads\\\/2023\\\/07\\\/logo_ED.jpg\",\"width\":272,\"height\":52,\"caption\":\"El Diario - Decano de la prensa nacional\"},\"image\":{\"@id\":\"https:\\\/\\\/www.eldiario.net\\\/portal\\\/#\\\/schema\\\/logo\\\/image\\\/\"},\"sameAs\":[\"https:\\\/\\\/www.facebook.com\\\/eldiario.bolivia\\\/\",\"https:\\\/\\\/x.com\\\/eldiario_net\"]},{\"@type\":\"Person\",\"@id\":\"https:\\\/\\\/www.eldiario.net\\\/portal\\\/#\\\/schema\\\/person\\\/2c57cf2b7a7ae032e449e4c9b1019eac\",\"name\":\"Jeanette\",\"image\":{\"@type\":\"ImageObject\",\"inLanguage\":\"es\",\"@id\":\"https:\\\/\\\/secure.gravatar.com\\\/avatar\\\/3ea2118a5f7dad2b7138b1187a6b7ee55f160b9968b66013c3a3ef39dd7e5798?s=96&d=mm&r=g\",\"url\":\"https:\\\/\\\/secure.gravatar.com\\\/avatar\\\/3ea2118a5f7dad2b7138b1187a6b7ee55f160b9968b66013c3a3ef39dd7e5798?s=96&d=mm&r=g\",\"contentUrl\":\"https:\\\/\\\/secure.gravatar.com\\\/avatar\\\/3ea2118a5f7dad2b7138b1187a6b7ee55f160b9968b66013c3a3ef39dd7e5798?s=96&d=mm&r=g\",\"caption\":\"Jeanette\"},\"sameAs\":[\"https:\\\/\\\/www.eldiario.net\\\/portal\"],\"url\":\"https:\\\/\\\/www.eldiario.net\\\/portal\\\/author\\\/jeanette\\\/\"}]}<\/script>\n<!-- \/ Yoast SEO plugin. -->","yoast_head_json":{"title":"Democracia y oposici\u00f3n - El Diario - Bolivia","robots":{"index":"index","follow":"follow","max-snippet":"max-snippet:-1","max-image-preview":"max-image-preview:large","max-video-preview":"max-video-preview:-1"},"canonical":"https:\/\/www.eldiario.net\/portal\/2023\/11\/03\/democracia-y-oposicion\/","og_locale":"es_ES","og_type":"article","og_title":"Democracia y oposici\u00f3n - El Diario - Bolivia","og_description":"La oposici\u00f3n es el contrapeso al poder. El poder total es signo de autocracia, tiran\u00eda, fascismo, que recurre al control corporativo del Estado; es el uso de la violencia para la supresi\u00f3n del disenso (ejemplos encontramos en Cuba, Venezuela y Nicaragua). En estos gobiernos los ciudadanos que protestan son detenidos, juzgados, encarcelados y extraditados. En [&hellip;]","og_url":"https:\/\/www.eldiario.net\/portal\/2023\/11\/03\/democracia-y-oposicion\/","og_site_name":"El Diario - Bolivia","article_publisher":"https:\/\/www.facebook.com\/eldiario.bolivia\/","article_published_time":"2023-11-03T10:29:40+00:00","og_image":[{"width":1200,"height":628,"url":"https:\/\/www.eldiario.net\/portal\/wp-content\/uploads\/2023\/07\/Mario-Malpartida.jpg","type":"image\/jpeg"}],"author":"Jeanette","twitter_card":"summary_large_image","twitter_creator":"@eldiario_net","twitter_site":"@eldiario_net","twitter_misc":{"Escrito por":"Jeanette","Tiempo de lectura":"3 minutos"},"schema":{"@context":"https:\/\/schema.org","@graph":[{"@type":"Article","@id":"https:\/\/www.eldiario.net\/portal\/2023\/11\/03\/democracia-y-oposicion\/#article","isPartOf":{"@id":"https:\/\/www.eldiario.net\/portal\/2023\/11\/03\/democracia-y-oposicion\/"},"author":{"name":"Jeanette","@id":"https:\/\/www.eldiario.net\/portal\/#\/schema\/person\/2c57cf2b7a7ae032e449e4c9b1019eac"},"headline":"Democracia y oposici\u00f3n","datePublished":"2023-11-03T10:29:40+00:00","mainEntityOfPage":{"@id":"https:\/\/www.eldiario.net\/portal\/2023\/11\/03\/democracia-y-oposicion\/"},"wordCount":696,"publisher":{"@id":"https:\/\/www.eldiario.net\/portal\/#organization"},"image":{"@id":"https:\/\/www.eldiario.net\/portal\/2023\/11\/03\/democracia-y-oposicion\/#primaryimage"},"thumbnailUrl":"https:\/\/www.eldiario.net\/portal\/wp-content\/uploads\/2023\/07\/Mario-Malpartida.jpg","articleSection":["Opini\u00f3n"],"inLanguage":"es"},{"@type":"WebPage","@id":"https:\/\/www.eldiario.net\/portal\/2023\/11\/03\/democracia-y-oposicion\/","url":"https:\/\/www.eldiario.net\/portal\/2023\/11\/03\/democracia-y-oposicion\/","name":"Democracia y oposici\u00f3n - El Diario - Bolivia","isPartOf":{"@id":"https:\/\/www.eldiario.net\/portal\/#website"},"primaryImageOfPage":{"@id":"https:\/\/www.eldiario.net\/portal\/2023\/11\/03\/democracia-y-oposicion\/#primaryimage"},"image":{"@id":"https:\/\/www.eldiario.net\/portal\/2023\/11\/03\/democracia-y-oposicion\/#primaryimage"},"thumbnailUrl":"https:\/\/www.eldiario.net\/portal\/wp-content\/uploads\/2023\/07\/Mario-Malpartida.jpg","datePublished":"2023-11-03T10:29:40+00:00","breadcrumb":{"@id":"https:\/\/www.eldiario.net\/portal\/2023\/11\/03\/democracia-y-oposicion\/#breadcrumb"},"inLanguage":"es","potentialAction":[{"@type":"ReadAction","target":["https:\/\/www.eldiario.net\/portal\/2023\/11\/03\/democracia-y-oposicion\/"]}]},{"@type":"ImageObject","inLanguage":"es","@id":"https:\/\/www.eldiario.net\/portal\/2023\/11\/03\/democracia-y-oposicion\/#primaryimage","url":"https:\/\/www.eldiario.net\/portal\/wp-content\/uploads\/2023\/07\/Mario-Malpartida.jpg","contentUrl":"https:\/\/www.eldiario.net\/portal\/wp-content\/uploads\/2023\/07\/Mario-Malpartida.jpg","width":1200,"height":628,"caption":"Mario Malpartida"},{"@type":"BreadcrumbList","@id":"https:\/\/www.eldiario.net\/portal\/2023\/11\/03\/democracia-y-oposicion\/#breadcrumb","itemListElement":[{"@type":"ListItem","position":1,"name":"Portada","item":"https:\/\/www.eldiario.net\/portal\/"},{"@type":"ListItem","position":2,"name":"Democracia y oposici\u00f3n"}]},{"@type":"WebSite","@id":"https:\/\/www.eldiario.net\/portal\/#website","url":"https:\/\/www.eldiario.net\/portal\/","name":"El Diario - Decano de la prensa nacional","description":"El Diario - Decano de la prensa nacional","publisher":{"@id":"https:\/\/www.eldiario.net\/portal\/#organization"},"potentialAction":[{"@type":"SearchAction","target":{"@type":"EntryPoint","urlTemplate":"https:\/\/www.eldiario.net\/portal\/?s={search_term_string}"},"query-input":{"@type":"PropertyValueSpecification","valueRequired":true,"valueName":"search_term_string"}}],"inLanguage":"es"},{"@type":"Organization","@id":"https:\/\/www.eldiario.net\/portal\/#organization","name":"El Diario - Decano de la prensa nacional","url":"https:\/\/www.eldiario.net\/portal\/","logo":{"@type":"ImageObject","inLanguage":"es","@id":"https:\/\/www.eldiario.net\/portal\/#\/schema\/logo\/image\/","url":"https:\/\/www.eldiario.net\/portal\/wp-content\/uploads\/2023\/07\/logo_ED.jpg","contentUrl":"https:\/\/www.eldiario.net\/portal\/wp-content\/uploads\/2023\/07\/logo_ED.jpg","width":272,"height":52,"caption":"El Diario - Decano de la prensa nacional"},"image":{"@id":"https:\/\/www.eldiario.net\/portal\/#\/schema\/logo\/image\/"},"sameAs":["https:\/\/www.facebook.com\/eldiario.bolivia\/","https:\/\/x.com\/eldiario_net"]},{"@type":"Person","@id":"https:\/\/www.eldiario.net\/portal\/#\/schema\/person\/2c57cf2b7a7ae032e449e4c9b1019eac","name":"Jeanette","image":{"@type":"ImageObject","inLanguage":"es","@id":"https:\/\/secure.gravatar.com\/avatar\/3ea2118a5f7dad2b7138b1187a6b7ee55f160b9968b66013c3a3ef39dd7e5798?s=96&d=mm&r=g","url":"https:\/\/secure.gravatar.com\/avatar\/3ea2118a5f7dad2b7138b1187a6b7ee55f160b9968b66013c3a3ef39dd7e5798?s=96&d=mm&r=g","contentUrl":"https:\/\/secure.gravatar.com\/avatar\/3ea2118a5f7dad2b7138b1187a6b7ee55f160b9968b66013c3a3ef39dd7e5798?s=96&d=mm&r=g","caption":"Jeanette"},"sameAs":["https:\/\/www.eldiario.net\/portal"],"url":"https:\/\/www.eldiario.net\/portal\/author\/jeanette\/"}]}},"_links":{"self":[{"href":"https:\/\/www.eldiario.net\/portal\/wp-json\/wp\/v2\/posts\/185454","targetHints":{"allow":["GET"]}}],"collection":[{"href":"https:\/\/www.eldiario.net\/portal\/wp-json\/wp\/v2\/posts"}],"about":[{"href":"https:\/\/www.eldiario.net\/portal\/wp-json\/wp\/v2\/types\/post"}],"author":[{"embeddable":true,"href":"https:\/\/www.eldiario.net\/portal\/wp-json\/wp\/v2\/users\/1"}],"replies":[{"embeddable":true,"href":"https:\/\/www.eldiario.net\/portal\/wp-json\/wp\/v2\/comments?post=185454"}],"version-history":[{"count":0,"href":"https:\/\/www.eldiario.net\/portal\/wp-json\/wp\/v2\/posts\/185454\/revisions"}],"wp:featuredmedia":[{"embeddable":true,"href":"https:\/\/www.eldiario.net\/portal\/wp-json\/wp\/v2\/media\/166360"}],"wp:attachment":[{"href":"https:\/\/www.eldiario.net\/portal\/wp-json\/wp\/v2\/media?parent=185454"}],"wp:term":[{"taxonomy":"category","embeddable":true,"href":"https:\/\/www.eldiario.net\/portal\/wp-json\/wp\/v2\/categories?post=185454"},{"taxonomy":"post_tag","embeddable":true,"href":"https:\/\/www.eldiario.net\/portal\/wp-json\/wp\/v2\/tags?post=185454"}],"curies":[{"name":"wp","href":"https:\/\/api.w.org\/{rel}","templated":true}]}}