{"id":185451,"date":"2023-11-03T06:29:04","date_gmt":"2023-11-03T10:29:04","guid":{"rendered":"https:\/\/www.eldiario.net\/portal\/?p=185451"},"modified":"2023-11-03T06:29:04","modified_gmt":"2023-11-03T10:29:04","slug":"si-no-defiendes-tus-derechos-te-los-van-a-quitar","status":"publish","type":"post","link":"https:\/\/www.eldiario.net\/portal\/2023\/11\/03\/si-no-defiendes-tus-derechos-te-los-van-a-quitar\/","title":{"rendered":"Si no defiendes tus derechos, te los van a quitar"},"content":{"rendered":"<p>Lo que est\u00e1 ocurriendo en la sociedad boliviana debemos tomarlo en serio, porque ya se est\u00e1 librando batallas, no con armas todav\u00eda, pero son de naturaleza ideol\u00f3gica, cultural, social, pol\u00edtica, religiosa o espiritual y econ\u00f3mica. Y es que el MAS, entendi\u00f3 bien como jugar en estas batallas, por ejemplo, ellos saben c\u00f3mo crear la dictadura pero pasando por las urnas, lo que hasta ahora les est\u00e1 resultando. Es por eso que debemos evitar ir a elecciones sin tener un sistema transparente, limpio, sin trampas, que permita elecciones justas.<br \/>\nEl punto focal que tiene el MAS es avanzar con todos, dentro de un colectivo homog\u00e9neo, en el cual nadie debe salir del reba\u00f1o, como en Venezuela, Argentina, Cuba y Nicaragua, aunque se caiga en pedazos el pa\u00eds. Y a los que se salgan los castigan, los encarcelan o los desaparecen. Entonces, as\u00ed contin\u00faa ese c\u00edrculo vicioso dictatorial indefinidamente, porque democr\u00e1ticamente la poblaci\u00f3n no lo va a poder romper. Si alguien valiente, fuerte, sale como opositor, muchos estar\u00e1n de acuerdo, pero se callan, se autocensuran y no lo siguen, porque es mejor as\u00ed para no tener problemas.<br \/>\nPara que se revierta esta situaci\u00f3n hace falta un contrapeso, un equilibrio que se puede lograr con elementos como la voluntad, la fe, la importancia de no ceder, de no ser ingenuos, de luchar por los objetivos comunes, por nuestros ideales, en absoluta unidad con pol\u00edticos, c\u00edvicos y la poblaci\u00f3n entera, porque si estamos juntos nada es imposible. En el mundo de la informaci\u00f3n, el relativismo dentro de la libertad de opini\u00f3n es peligroso, porque cuando hablan, cada uno quiere hacer prevalecer su opini\u00f3n, que por lo general est\u00e1 forjada en la ignorancia y en la mentira, la misma que puede contradecir a una persona cuya opini\u00f3n est\u00e1 basada en los datos y en los hechos. Es por eso la jerarqu\u00eda de opiniones, que se basa en el conocimiento, en el razonamiento.<br \/>\nEl otro problema es que, seg\u00fan estos neo populistas, todos somos iguales, pero la diferencia es que, por la voluntad de Dios, los seres humanos no somos todos iguales, hay gente inteligente y gente tonta, hay guapos y hay feos, hay altos y bajos, pero se quiere negar la realidad o naturaleza humana. Nos mienten, quieren hacer igual al estudiante vago, ocioso, con el estudiante que obtiene las mejores notas; hay gente que nace con habilidades innatas y gente que no las tiene. Entonces aparece un sistema pol\u00edtico como el MAS, que intenta igualarnos a todos y el resultado es el tipo de sociedad y pa\u00eds que tenemos ahora. Varias generaciones creyeron en ese mensaje y es el m\u00e1s falso de todos, porque es contrario a la naturaleza humana. Por eso vemos a personas ejerciendo funciones importantes en el pa\u00eds, con escasa capacidad intelectual y sin condiciones morales.<br \/>\nEn esta batalla no hay que caer en ese colectivo del MAS, lo importante es tomar conciencia de que, si el ciudadano no defiende sus derechos, se los van a quitar, porque los otros luchan todos los d\u00edas para derribarlos. Y recordemos que para ganar batallas y despu\u00e9s la guerra, debemos analizar primero nuestros errores, antes que las victorias.<\/p>\n<p>El autor es Cnel. (RES), abogado, docente universitario.<\/p>\n","protected":false},"excerpt":{"rendered":"<p>Lo que est\u00e1 ocurriendo en la sociedad boliviana debemos tomarlo en serio, porque ya se est\u00e1 librando batallas, no con armas todav\u00eda, pero son de naturaleza ideol\u00f3gica, cultural, social, pol\u00edtica, religiosa o espiritual y econ\u00f3mica. Y es que el MAS, entendi\u00f3 bien como jugar en estas batallas, por ejemplo, ellos saben c\u00f3mo crear la dictadura [&hellip;]<\/p>\n","protected":false},"author":1,"featured_media":185452,"comment_status":"closed","ping_status":"open","sticky":false,"template":"","format":"standard","meta":{"_acf_changed":false,"footnotes":""},"categories":[9],"tags":[],"class_list":["post-185451","post","type-post","status-publish","format-standard","has-post-thumbnail","category-opinion"],"acf":{"antetitulo":""},"yoast_head":"<!-- This site is optimized with the Yoast SEO plugin v28.4 - https:\/\/yoast.com\/product\/yoast-seo-wordpress\/ -->\n<title>Si no defiendes tus derechos, te los van a quitar - El Diario - Bolivia<\/title>\n<meta name=\"robots\" content=\"index, follow, max-snippet:-1, max-image-preview:large, max-video-preview:-1\" \/>\n<link rel=\"canonical\" href=\"https:\/\/www.eldiario.net\/portal\/2023\/11\/03\/si-no-defiendes-tus-derechos-te-los-van-a-quitar\/\" \/>\n<meta property=\"og:locale\" content=\"es_ES\" \/>\n<meta property=\"og:type\" content=\"article\" \/>\n<meta property=\"og:title\" content=\"Si no defiendes tus derechos, te los van a quitar - El Diario - Bolivia\" \/>\n<meta property=\"og:description\" content=\"Lo que est\u00e1 ocurriendo en la sociedad boliviana debemos tomarlo en serio, porque ya se est\u00e1 librando batallas, no con armas todav\u00eda, pero son de naturaleza ideol\u00f3gica, cultural, social, pol\u00edtica, religiosa o espiritual y econ\u00f3mica. Y es que el MAS, entendi\u00f3 bien como jugar en estas batallas, por ejemplo, ellos saben c\u00f3mo crear la dictadura [&hellip;]\" \/>\n<meta property=\"og:url\" content=\"https:\/\/www.eldiario.net\/portal\/2023\/11\/03\/si-no-defiendes-tus-derechos-te-los-van-a-quitar\/\" \/>\n<meta property=\"og:site_name\" content=\"El Diario - Bolivia\" \/>\n<meta property=\"article:publisher\" content=\"https:\/\/www.facebook.com\/eldiario.bolivia\/\" \/>\n<meta property=\"article:published_time\" content=\"2023-11-03T10:29:04+00:00\" \/>\n<meta property=\"og:image\" content=\"https:\/\/www.eldiario.net\/portal\/wp-content\/uploads\/2023\/11\/Jorge-Santistevan-Justiniano.jpg\" \/>\n\t<meta property=\"og:image:width\" content=\"1200\" \/>\n\t<meta property=\"og:image:height\" content=\"628\" \/>\n\t<meta property=\"og:image:type\" content=\"image\/jpeg\" \/>\n<meta name=\"author\" content=\"Jeanette\" \/>\n<meta name=\"twitter:card\" content=\"summary_large_image\" \/>\n<meta name=\"twitter:creator\" content=\"@eldiario_net\" \/>\n<meta name=\"twitter:site\" content=\"@eldiario_net\" \/>\n<meta name=\"twitter:label1\" content=\"Escrito por\" \/>\n\t<meta name=\"twitter:data1\" content=\"Jeanette\" \/>\n<script type=\"application\/ld+json\" class=\"yoast-schema-graph\">{\"@context\":\"https:\\\/\\\/schema.org\",\"@graph\":[{\"@type\":\"Article\",\"@id\":\"https:\\\/\\\/www.eldiario.net\\\/portal\\\/2023\\\/11\\\/03\\\/si-no-defiendes-tus-derechos-te-los-van-a-quitar\\\/#article\",\"isPartOf\":{\"@id\":\"https:\\\/\\\/www.eldiario.net\\\/portal\\\/2023\\\/11\\\/03\\\/si-no-defiendes-tus-derechos-te-los-van-a-quitar\\\/\"},\"author\":{\"name\":\"Jeanette\",\"@id\":\"https:\\\/\\\/www.eldiario.net\\\/portal\\\/#\\\/schema\\\/person\\\/2c57cf2b7a7ae032e449e4c9b1019eac\"},\"headline\":\"Si no defiendes tus derechos, te los van a quitar\",\"datePublished\":\"2023-11-03T10:29:04+00:00\",\"mainEntityOfPage\":{\"@id\":\"https:\\\/\\\/www.eldiario.net\\\/portal\\\/2023\\\/11\\\/03\\\/si-no-defiendes-tus-derechos-te-los-van-a-quitar\\\/\"},\"wordCount\":571,\"publisher\":{\"@id\":\"https:\\\/\\\/www.eldiario.net\\\/portal\\\/#organization\"},\"image\":{\"@id\":\"https:\\\/\\\/www.eldiario.net\\\/portal\\\/2023\\\/11\\\/03\\\/si-no-defiendes-tus-derechos-te-los-van-a-quitar\\\/#primaryimage\"},\"thumbnailUrl\":\"https:\\\/\\\/www.eldiario.net\\\/portal\\\/wp-content\\\/uploads\\\/2023\\\/11\\\/Jorge-Santistevan-Justiniano.jpg\",\"articleSection\":[\"Opini\u00f3n\"],\"inLanguage\":\"es\"},{\"@type\":\"WebPage\",\"@id\":\"https:\\\/\\\/www.eldiario.net\\\/portal\\\/2023\\\/11\\\/03\\\/si-no-defiendes-tus-derechos-te-los-van-a-quitar\\\/\",\"url\":\"https:\\\/\\\/www.eldiario.net\\\/portal\\\/2023\\\/11\\\/03\\\/si-no-defiendes-tus-derechos-te-los-van-a-quitar\\\/\",\"name\":\"Si no defiendes tus derechos, te los van a quitar - El Diario - Bolivia\",\"isPartOf\":{\"@id\":\"https:\\\/\\\/www.eldiario.net\\\/portal\\\/#website\"},\"primaryImageOfPage\":{\"@id\":\"https:\\\/\\\/www.eldiario.net\\\/portal\\\/2023\\\/11\\\/03\\\/si-no-defiendes-tus-derechos-te-los-van-a-quitar\\\/#primaryimage\"},\"image\":{\"@id\":\"https:\\\/\\\/www.eldiario.net\\\/portal\\\/2023\\\/11\\\/03\\\/si-no-defiendes-tus-derechos-te-los-van-a-quitar\\\/#primaryimage\"},\"thumbnailUrl\":\"https:\\\/\\\/www.eldiario.net\\\/portal\\\/wp-content\\\/uploads\\\/2023\\\/11\\\/Jorge-Santistevan-Justiniano.jpg\",\"datePublished\":\"2023-11-03T10:29:04+00:00\",\"breadcrumb\":{\"@id\":\"https:\\\/\\\/www.eldiario.net\\\/portal\\\/2023\\\/11\\\/03\\\/si-no-defiendes-tus-derechos-te-los-van-a-quitar\\\/#breadcrumb\"},\"inLanguage\":\"es\",\"potentialAction\":[{\"@type\":\"ReadAction\",\"target\":[\"https:\\\/\\\/www.eldiario.net\\\/portal\\\/2023\\\/11\\\/03\\\/si-no-defiendes-tus-derechos-te-los-van-a-quitar\\\/\"]}]},{\"@type\":\"ImageObject\",\"inLanguage\":\"es\",\"@id\":\"https:\\\/\\\/www.eldiario.net\\\/portal\\\/2023\\\/11\\\/03\\\/si-no-defiendes-tus-derechos-te-los-van-a-quitar\\\/#primaryimage\",\"url\":\"https:\\\/\\\/www.eldiario.net\\\/portal\\\/wp-content\\\/uploads\\\/2023\\\/11\\\/Jorge-Santistevan-Justiniano.jpg\",\"contentUrl\":\"https:\\\/\\\/www.eldiario.net\\\/portal\\\/wp-content\\\/uploads\\\/2023\\\/11\\\/Jorge-Santistevan-Justiniano.jpg\",\"width\":1200,\"height\":628,\"caption\":\"Jorge Santistevan Justiniano\"},{\"@type\":\"BreadcrumbList\",\"@id\":\"https:\\\/\\\/www.eldiario.net\\\/portal\\\/2023\\\/11\\\/03\\\/si-no-defiendes-tus-derechos-te-los-van-a-quitar\\\/#breadcrumb\",\"itemListElement\":[{\"@type\":\"ListItem\",\"position\":1,\"name\":\"Portada\",\"item\":\"https:\\\/\\\/www.eldiario.net\\\/portal\\\/\"},{\"@type\":\"ListItem\",\"position\":2,\"name\":\"Si no defiendes tus derechos, te los van a quitar\"}]},{\"@type\":\"WebSite\",\"@id\":\"https:\\\/\\\/www.eldiario.net\\\/portal\\\/#website\",\"url\":\"https:\\\/\\\/www.eldiario.net\\\/portal\\\/\",\"name\":\"El Diario - Decano de la prensa nacional\",\"description\":\"El Diario - Decano de la prensa nacional\",\"publisher\":{\"@id\":\"https:\\\/\\\/www.eldiario.net\\\/portal\\\/#organization\"},\"potentialAction\":[{\"@type\":\"SearchAction\",\"target\":{\"@type\":\"EntryPoint\",\"urlTemplate\":\"https:\\\/\\\/www.eldiario.net\\\/portal\\\/?s={search_term_string}\"},\"query-input\":{\"@type\":\"PropertyValueSpecification\",\"valueRequired\":true,\"valueName\":\"search_term_string\"}}],\"inLanguage\":\"es\"},{\"@type\":\"Organization\",\"@id\":\"https:\\\/\\\/www.eldiario.net\\\/portal\\\/#organization\",\"name\":\"El Diario - Decano de la prensa nacional\",\"url\":\"https:\\\/\\\/www.eldiario.net\\\/portal\\\/\",\"logo\":{\"@type\":\"ImageObject\",\"inLanguage\":\"es\",\"@id\":\"https:\\\/\\\/www.eldiario.net\\\/portal\\\/#\\\/schema\\\/logo\\\/image\\\/\",\"url\":\"https:\\\/\\\/www.eldiario.net\\\/portal\\\/wp-content\\\/uploads\\\/2023\\\/07\\\/logo_ED.jpg\",\"contentUrl\":\"https:\\\/\\\/www.eldiario.net\\\/portal\\\/wp-content\\\/uploads\\\/2023\\\/07\\\/logo_ED.jpg\",\"width\":272,\"height\":52,\"caption\":\"El Diario - Decano de la prensa nacional\"},\"image\":{\"@id\":\"https:\\\/\\\/www.eldiario.net\\\/portal\\\/#\\\/schema\\\/logo\\\/image\\\/\"},\"sameAs\":[\"https:\\\/\\\/www.facebook.com\\\/eldiario.bolivia\\\/\",\"https:\\\/\\\/x.com\\\/eldiario_net\"]},{\"@type\":\"Person\",\"@id\":\"https:\\\/\\\/www.eldiario.net\\\/portal\\\/#\\\/schema\\\/person\\\/2c57cf2b7a7ae032e449e4c9b1019eac\",\"name\":\"Jeanette\",\"image\":{\"@type\":\"ImageObject\",\"inLanguage\":\"es\",\"@id\":\"https:\\\/\\\/secure.gravatar.com\\\/avatar\\\/3ea2118a5f7dad2b7138b1187a6b7ee55f160b9968b66013c3a3ef39dd7e5798?s=96&d=mm&r=g\",\"url\":\"https:\\\/\\\/secure.gravatar.com\\\/avatar\\\/3ea2118a5f7dad2b7138b1187a6b7ee55f160b9968b66013c3a3ef39dd7e5798?s=96&d=mm&r=g\",\"contentUrl\":\"https:\\\/\\\/secure.gravatar.com\\\/avatar\\\/3ea2118a5f7dad2b7138b1187a6b7ee55f160b9968b66013c3a3ef39dd7e5798?s=96&d=mm&r=g\",\"caption\":\"Jeanette\"},\"sameAs\":[\"https:\\\/\\\/www.eldiario.net\\\/portal\"],\"url\":\"https:\\\/\\\/www.eldiario.net\\\/portal\\\/author\\\/jeanette\\\/\"}]}<\/script>\n<!-- \/ Yoast SEO plugin. -->","yoast_head_json":{"title":"Si no defiendes tus derechos, te los van a quitar - El Diario - Bolivia","robots":{"index":"index","follow":"follow","max-snippet":"max-snippet:-1","max-image-preview":"max-image-preview:large","max-video-preview":"max-video-preview:-1"},"canonical":"https:\/\/www.eldiario.net\/portal\/2023\/11\/03\/si-no-defiendes-tus-derechos-te-los-van-a-quitar\/","og_locale":"es_ES","og_type":"article","og_title":"Si no defiendes tus derechos, te los van a quitar - El Diario - Bolivia","og_description":"Lo que est\u00e1 ocurriendo en la sociedad boliviana debemos tomarlo en serio, porque ya se est\u00e1 librando batallas, no con armas todav\u00eda, pero son de naturaleza ideol\u00f3gica, cultural, social, pol\u00edtica, religiosa o espiritual y econ\u00f3mica. Y es que el MAS, entendi\u00f3 bien como jugar en estas batallas, por ejemplo, ellos saben c\u00f3mo crear la dictadura [&hellip;]","og_url":"https:\/\/www.eldiario.net\/portal\/2023\/11\/03\/si-no-defiendes-tus-derechos-te-los-van-a-quitar\/","og_site_name":"El Diario - Bolivia","article_publisher":"https:\/\/www.facebook.com\/eldiario.bolivia\/","article_published_time":"2023-11-03T10:29:04+00:00","og_image":[{"width":1200,"height":628,"url":"https:\/\/www.eldiario.net\/portal\/wp-content\/uploads\/2023\/11\/Jorge-Santistevan-Justiniano.jpg","type":"image\/jpeg"}],"author":"Jeanette","twitter_card":"summary_large_image","twitter_creator":"@eldiario_net","twitter_site":"@eldiario_net","twitter_misc":{"Escrito por":"Jeanette"},"schema":{"@context":"https:\/\/schema.org","@graph":[{"@type":"Article","@id":"https:\/\/www.eldiario.net\/portal\/2023\/11\/03\/si-no-defiendes-tus-derechos-te-los-van-a-quitar\/#article","isPartOf":{"@id":"https:\/\/www.eldiario.net\/portal\/2023\/11\/03\/si-no-defiendes-tus-derechos-te-los-van-a-quitar\/"},"author":{"name":"Jeanette","@id":"https:\/\/www.eldiario.net\/portal\/#\/schema\/person\/2c57cf2b7a7ae032e449e4c9b1019eac"},"headline":"Si no defiendes tus derechos, te los van a quitar","datePublished":"2023-11-03T10:29:04+00:00","mainEntityOfPage":{"@id":"https:\/\/www.eldiario.net\/portal\/2023\/11\/03\/si-no-defiendes-tus-derechos-te-los-van-a-quitar\/"},"wordCount":571,"publisher":{"@id":"https:\/\/www.eldiario.net\/portal\/#organization"},"image":{"@id":"https:\/\/www.eldiario.net\/portal\/2023\/11\/03\/si-no-defiendes-tus-derechos-te-los-van-a-quitar\/#primaryimage"},"thumbnailUrl":"https:\/\/www.eldiario.net\/portal\/wp-content\/uploads\/2023\/11\/Jorge-Santistevan-Justiniano.jpg","articleSection":["Opini\u00f3n"],"inLanguage":"es"},{"@type":"WebPage","@id":"https:\/\/www.eldiario.net\/portal\/2023\/11\/03\/si-no-defiendes-tus-derechos-te-los-van-a-quitar\/","url":"https:\/\/www.eldiario.net\/portal\/2023\/11\/03\/si-no-defiendes-tus-derechos-te-los-van-a-quitar\/","name":"Si no defiendes tus derechos, te los van a quitar - El Diario - Bolivia","isPartOf":{"@id":"https:\/\/www.eldiario.net\/portal\/#website"},"primaryImageOfPage":{"@id":"https:\/\/www.eldiario.net\/portal\/2023\/11\/03\/si-no-defiendes-tus-derechos-te-los-van-a-quitar\/#primaryimage"},"image":{"@id":"https:\/\/www.eldiario.net\/portal\/2023\/11\/03\/si-no-defiendes-tus-derechos-te-los-van-a-quitar\/#primaryimage"},"thumbnailUrl":"https:\/\/www.eldiario.net\/portal\/wp-content\/uploads\/2023\/11\/Jorge-Santistevan-Justiniano.jpg","datePublished":"2023-11-03T10:29:04+00:00","breadcrumb":{"@id":"https:\/\/www.eldiario.net\/portal\/2023\/11\/03\/si-no-defiendes-tus-derechos-te-los-van-a-quitar\/#breadcrumb"},"inLanguage":"es","potentialAction":[{"@type":"ReadAction","target":["https:\/\/www.eldiario.net\/portal\/2023\/11\/03\/si-no-defiendes-tus-derechos-te-los-van-a-quitar\/"]}]},{"@type":"ImageObject","inLanguage":"es","@id":"https:\/\/www.eldiario.net\/portal\/2023\/11\/03\/si-no-defiendes-tus-derechos-te-los-van-a-quitar\/#primaryimage","url":"https:\/\/www.eldiario.net\/portal\/wp-content\/uploads\/2023\/11\/Jorge-Santistevan-Justiniano.jpg","contentUrl":"https:\/\/www.eldiario.net\/portal\/wp-content\/uploads\/2023\/11\/Jorge-Santistevan-Justiniano.jpg","width":1200,"height":628,"caption":"Jorge Santistevan Justiniano"},{"@type":"BreadcrumbList","@id":"https:\/\/www.eldiario.net\/portal\/2023\/11\/03\/si-no-defiendes-tus-derechos-te-los-van-a-quitar\/#breadcrumb","itemListElement":[{"@type":"ListItem","position":1,"name":"Portada","item":"https:\/\/www.eldiario.net\/portal\/"},{"@type":"ListItem","position":2,"name":"Si no defiendes tus derechos, te los van a quitar"}]},{"@type":"WebSite","@id":"https:\/\/www.eldiario.net\/portal\/#website","url":"https:\/\/www.eldiario.net\/portal\/","name":"El Diario - Decano de la prensa nacional","description":"El Diario - Decano de la prensa nacional","publisher":{"@id":"https:\/\/www.eldiario.net\/portal\/#organization"},"potentialAction":[{"@type":"SearchAction","target":{"@type":"EntryPoint","urlTemplate":"https:\/\/www.eldiario.net\/portal\/?s={search_term_string}"},"query-input":{"@type":"PropertyValueSpecification","valueRequired":true,"valueName":"search_term_string"}}],"inLanguage":"es"},{"@type":"Organization","@id":"https:\/\/www.eldiario.net\/portal\/#organization","name":"El Diario - Decano de la prensa nacional","url":"https:\/\/www.eldiario.net\/portal\/","logo":{"@type":"ImageObject","inLanguage":"es","@id":"https:\/\/www.eldiario.net\/portal\/#\/schema\/logo\/image\/","url":"https:\/\/www.eldiario.net\/portal\/wp-content\/uploads\/2023\/07\/logo_ED.jpg","contentUrl":"https:\/\/www.eldiario.net\/portal\/wp-content\/uploads\/2023\/07\/logo_ED.jpg","width":272,"height":52,"caption":"El Diario - Decano de la prensa nacional"},"image":{"@id":"https:\/\/www.eldiario.net\/portal\/#\/schema\/logo\/image\/"},"sameAs":["https:\/\/www.facebook.com\/eldiario.bolivia\/","https:\/\/x.com\/eldiario_net"]},{"@type":"Person","@id":"https:\/\/www.eldiario.net\/portal\/#\/schema\/person\/2c57cf2b7a7ae032e449e4c9b1019eac","name":"Jeanette","image":{"@type":"ImageObject","inLanguage":"es","@id":"https:\/\/secure.gravatar.com\/avatar\/3ea2118a5f7dad2b7138b1187a6b7ee55f160b9968b66013c3a3ef39dd7e5798?s=96&d=mm&r=g","url":"https:\/\/secure.gravatar.com\/avatar\/3ea2118a5f7dad2b7138b1187a6b7ee55f160b9968b66013c3a3ef39dd7e5798?s=96&d=mm&r=g","contentUrl":"https:\/\/secure.gravatar.com\/avatar\/3ea2118a5f7dad2b7138b1187a6b7ee55f160b9968b66013c3a3ef39dd7e5798?s=96&d=mm&r=g","caption":"Jeanette"},"sameAs":["https:\/\/www.eldiario.net\/portal"],"url":"https:\/\/www.eldiario.net\/portal\/author\/jeanette\/"}]}},"_links":{"self":[{"href":"https:\/\/www.eldiario.net\/portal\/wp-json\/wp\/v2\/posts\/185451","targetHints":{"allow":["GET"]}}],"collection":[{"href":"https:\/\/www.eldiario.net\/portal\/wp-json\/wp\/v2\/posts"}],"about":[{"href":"https:\/\/www.eldiario.net\/portal\/wp-json\/wp\/v2\/types\/post"}],"author":[{"embeddable":true,"href":"https:\/\/www.eldiario.net\/portal\/wp-json\/wp\/v2\/users\/1"}],"replies":[{"embeddable":true,"href":"https:\/\/www.eldiario.net\/portal\/wp-json\/wp\/v2\/comments?post=185451"}],"version-history":[{"count":0,"href":"https:\/\/www.eldiario.net\/portal\/wp-json\/wp\/v2\/posts\/185451\/revisions"}],"wp:featuredmedia":[{"embeddable":true,"href":"https:\/\/www.eldiario.net\/portal\/wp-json\/wp\/v2\/media\/185452"}],"wp:attachment":[{"href":"https:\/\/www.eldiario.net\/portal\/wp-json\/wp\/v2\/media?parent=185451"}],"wp:term":[{"taxonomy":"category","embeddable":true,"href":"https:\/\/www.eldiario.net\/portal\/wp-json\/wp\/v2\/categories?post=185451"},{"taxonomy":"post_tag","embeddable":true,"href":"https:\/\/www.eldiario.net\/portal\/wp-json\/wp\/v2\/tags?post=185451"}],"curies":[{"name":"wp","href":"https:\/\/api.w.org\/{rel}","templated":true}]}}