{"id":184468,"date":"2023-10-29T06:37:27","date_gmt":"2023-10-29T10:37:27","guid":{"rendered":"https:\/\/www.eldiario.net\/portal\/?p=184468"},"modified":"2023-10-29T06:37:27","modified_gmt":"2023-10-29T10:37:27","slug":"al-menos-29-periodistas-asesinados-en-la-guerra-entre-israel-y-hamas","status":"publish","type":"post","link":"https:\/\/www.eldiario.net\/portal\/2023\/10\/29\/al-menos-29-periodistas-asesinados-en-la-guerra-entre-israel-y-hamas\/","title":{"rendered":"Al menos 29 periodistas asesinados  en la guerra entre Israel y Ham\u00e1s"},"content":{"rendered":"<p>La guerra entre Israel y Ham\u00e1s dej\u00f3 al menos 29 periodistas asesinados, desde el comienzo de los enfrentamientos, seg\u00fan asegur\u00f3 el Comit\u00e9 para la Protecci\u00f3n de los Periodistas (CPJ).<br \/>\n\u201cDurante las \u00faltimas tres semanas, el CPJ document\u00f3 el per\u00edodo m\u00e1s mortal para los periodistas de guerra desde el comienzo del seguimiento en 1992\u201d, sostiene la organizaci\u00f3n en un comunicado, en el que a\u00f1adieron que \u00abest\u00e1 cifra mortal va acompa\u00f1ada de acoso, detenciones y otras obstrucciones a la presentaci\u00f3n de informes en zonas que incluyen Cisjordania e Israel\u00bb.<br \/>\nA medida que la capacidad de los periodistas para realizar su trabajo se vuelve cada vez m\u00e1s limitada, \u00abla capacidad del p\u00fablico para saber y comprender lo que est\u00e1 sucediendo en este conflicto se ve gravemente comprometida, con probables ramificaciones en todo el mundo\u00bb, advirti\u00f3 el CPJ.<br \/>\n\u00abA medida que las oficinas de noticias pierden contacto con sus equipos y reporteros en Gaza, quienes dan testimonio de forma independiente para brindar informaci\u00f3n sobre los acontecimientos y el costo humano de esta guerra, el mundo est\u00e1 perdiendo una ventana a la realidad\u00bb, denunciaron.<br \/>\n\u00abLos periodistas son civiles que deben ser protegidos y atacar deliberadamente a los profesionales o a la infraestructura de los medios de comunicaci\u00f3n constituye posibles cr\u00edmenes de guerra\u00bb, asegur\u00f3 el CJP (Europa Press)<\/p>\n","protected":false},"excerpt":{"rendered":"<p>La guerra entre Israel y Ham\u00e1s dej\u00f3 al menos 29 periodistas asesinados, desde el comienzo de los enfrentamientos, seg\u00fan asegur\u00f3 el Comit\u00e9 para la Protecci\u00f3n de los Periodistas (CPJ). \u201cDurante las \u00faltimas tres semanas, el CPJ document\u00f3 el per\u00edodo m\u00e1s mortal para los periodistas de guerra desde el comienzo del seguimiento en 1992\u201d, sostiene la [&hellip;]<\/p>\n","protected":false},"author":1,"featured_media":0,"comment_status":"closed","ping_status":"open","sticky":false,"template":"","format":"standard","meta":{"_acf_changed":false,"footnotes":""},"categories":[3],"tags":[],"class_list":["post-184468","post","type-post","status-publish","format-standard","category-internacional"],"acf":{"antetitulo":""},"yoast_head":"<!-- This site is optimized with the Yoast SEO plugin v28.3 - https:\/\/yoast.com\/product\/yoast-seo-wordpress\/ -->\n<title>Al menos 29 periodistas asesinados en la guerra entre Israel y Ham\u00e1s - El Diario - Bolivia<\/title>\n<meta name=\"robots\" content=\"index, follow, max-snippet:-1, max-image-preview:large, max-video-preview:-1\" \/>\n<link rel=\"canonical\" href=\"https:\/\/www.eldiario.net\/portal\/2023\/10\/29\/al-menos-29-periodistas-asesinados-en-la-guerra-entre-israel-y-hamas\/\" \/>\n<meta property=\"og:locale\" content=\"es_ES\" \/>\n<meta property=\"og:type\" content=\"article\" \/>\n<meta property=\"og:title\" content=\"Al menos 29 periodistas asesinados en la guerra entre Israel y Ham\u00e1s - El Diario - Bolivia\" \/>\n<meta property=\"og:description\" content=\"La guerra entre Israel y Ham\u00e1s dej\u00f3 al menos 29 periodistas asesinados, desde el comienzo de los enfrentamientos, seg\u00fan asegur\u00f3 el Comit\u00e9 para la Protecci\u00f3n de los Periodistas (CPJ). \u201cDurante las \u00faltimas tres semanas, el CPJ document\u00f3 el per\u00edodo m\u00e1s mortal para los periodistas de guerra desde el comienzo del seguimiento en 1992\u201d, sostiene la [&hellip;]\" \/>\n<meta property=\"og:url\" content=\"https:\/\/www.eldiario.net\/portal\/2023\/10\/29\/al-menos-29-periodistas-asesinados-en-la-guerra-entre-israel-y-hamas\/\" \/>\n<meta property=\"og:site_name\" content=\"El Diario - Bolivia\" \/>\n<meta property=\"article:publisher\" content=\"https:\/\/www.facebook.com\/eldiario.bolivia\/\" \/>\n<meta property=\"article:published_time\" content=\"2023-10-29T10:37:27+00:00\" \/>\n<meta name=\"author\" content=\"Jeanette\" \/>\n<meta name=\"twitter:card\" content=\"summary_large_image\" \/>\n<meta name=\"twitter:creator\" content=\"@eldiario_net\" \/>\n<meta name=\"twitter:site\" content=\"@eldiario_net\" \/>\n<meta name=\"twitter:label1\" content=\"Escrito por\" \/>\n\t<meta name=\"twitter:data1\" content=\"Jeanette\" \/>\n\t<meta name=\"twitter:label2\" content=\"Tiempo de lectura\" \/>\n\t<meta name=\"twitter:data2\" content=\"1 minuto\" \/>\n<script type=\"application\/ld+json\" class=\"yoast-schema-graph\">{\"@context\":\"https:\\\/\\\/schema.org\",\"@graph\":[{\"@type\":\"Article\",\"@id\":\"https:\\\/\\\/www.eldiario.net\\\/portal\\\/2023\\\/10\\\/29\\\/al-menos-29-periodistas-asesinados-en-la-guerra-entre-israel-y-hamas\\\/#article\",\"isPartOf\":{\"@id\":\"https:\\\/\\\/www.eldiario.net\\\/portal\\\/2023\\\/10\\\/29\\\/al-menos-29-periodistas-asesinados-en-la-guerra-entre-israel-y-hamas\\\/\"},\"author\":{\"name\":\"Jeanette\",\"@id\":\"https:\\\/\\\/www.eldiario.net\\\/portal\\\/#\\\/schema\\\/person\\\/f46445640444750d7d753ccd04ae01b7\"},\"headline\":\"Al menos 29 periodistas asesinados en la guerra entre Israel y Ham\u00e1s\",\"datePublished\":\"2023-10-29T10:37:27+00:00\",\"mainEntityOfPage\":{\"@id\":\"https:\\\/\\\/www.eldiario.net\\\/portal\\\/2023\\\/10\\\/29\\\/al-menos-29-periodistas-asesinados-en-la-guerra-entre-israel-y-hamas\\\/\"},\"wordCount\":236,\"publisher\":{\"@id\":\"https:\\\/\\\/www.eldiario.net\\\/portal\\\/#organization\"},\"articleSection\":[\"Internacional\"],\"inLanguage\":\"es\"},{\"@type\":\"WebPage\",\"@id\":\"https:\\\/\\\/www.eldiario.net\\\/portal\\\/2023\\\/10\\\/29\\\/al-menos-29-periodistas-asesinados-en-la-guerra-entre-israel-y-hamas\\\/\",\"url\":\"https:\\\/\\\/www.eldiario.net\\\/portal\\\/2023\\\/10\\\/29\\\/al-menos-29-periodistas-asesinados-en-la-guerra-entre-israel-y-hamas\\\/\",\"name\":\"Al menos 29 periodistas asesinados en la guerra entre Israel y Ham\u00e1s - El Diario - Bolivia\",\"isPartOf\":{\"@id\":\"https:\\\/\\\/www.eldiario.net\\\/portal\\\/#website\"},\"datePublished\":\"2023-10-29T10:37:27+00:00\",\"breadcrumb\":{\"@id\":\"https:\\\/\\\/www.eldiario.net\\\/portal\\\/2023\\\/10\\\/29\\\/al-menos-29-periodistas-asesinados-en-la-guerra-entre-israel-y-hamas\\\/#breadcrumb\"},\"inLanguage\":\"es\",\"potentialAction\":[{\"@type\":\"ReadAction\",\"target\":[\"https:\\\/\\\/www.eldiario.net\\\/portal\\\/2023\\\/10\\\/29\\\/al-menos-29-periodistas-asesinados-en-la-guerra-entre-israel-y-hamas\\\/\"]}]},{\"@type\":\"BreadcrumbList\",\"@id\":\"https:\\\/\\\/www.eldiario.net\\\/portal\\\/2023\\\/10\\\/29\\\/al-menos-29-periodistas-asesinados-en-la-guerra-entre-israel-y-hamas\\\/#breadcrumb\",\"itemListElement\":[{\"@type\":\"ListItem\",\"position\":1,\"name\":\"Portada\",\"item\":\"https:\\\/\\\/www.eldiario.net\\\/portal\\\/\"},{\"@type\":\"ListItem\",\"position\":2,\"name\":\"Al menos 29 periodistas asesinados en la guerra entre Israel y Ham\u00e1s\"}]},{\"@type\":\"WebSite\",\"@id\":\"https:\\\/\\\/www.eldiario.net\\\/portal\\\/#website\",\"url\":\"https:\\\/\\\/www.eldiario.net\\\/portal\\\/\",\"name\":\"El Diario - Decano de la prensa nacional\",\"description\":\"El Diario - Decano de la prensa nacional\",\"publisher\":{\"@id\":\"https:\\\/\\\/www.eldiario.net\\\/portal\\\/#organization\"},\"potentialAction\":[{\"@type\":\"SearchAction\",\"target\":{\"@type\":\"EntryPoint\",\"urlTemplate\":\"https:\\\/\\\/www.eldiario.net\\\/portal\\\/?s={search_term_string}\"},\"query-input\":{\"@type\":\"PropertyValueSpecification\",\"valueRequired\":true,\"valueName\":\"search_term_string\"}}],\"inLanguage\":\"es\"},{\"@type\":\"Organization\",\"@id\":\"https:\\\/\\\/www.eldiario.net\\\/portal\\\/#organization\",\"name\":\"El Diario - Decano de la prensa nacional\",\"url\":\"https:\\\/\\\/www.eldiario.net\\\/portal\\\/\",\"logo\":{\"@type\":\"ImageObject\",\"inLanguage\":\"es\",\"@id\":\"https:\\\/\\\/www.eldiario.net\\\/portal\\\/#\\\/schema\\\/logo\\\/image\\\/\",\"url\":\"https:\\\/\\\/www.eldiario.net\\\/portal\\\/wp-content\\\/uploads\\\/2023\\\/07\\\/logo_ED.jpg\",\"contentUrl\":\"https:\\\/\\\/www.eldiario.net\\\/portal\\\/wp-content\\\/uploads\\\/2023\\\/07\\\/logo_ED.jpg\",\"width\":272,\"height\":52,\"caption\":\"El Diario - Decano de la prensa nacional\"},\"image\":{\"@id\":\"https:\\\/\\\/www.eldiario.net\\\/portal\\\/#\\\/schema\\\/logo\\\/image\\\/\"},\"sameAs\":[\"https:\\\/\\\/www.facebook.com\\\/eldiario.bolivia\\\/\",\"https:\\\/\\\/x.com\\\/eldiario_net\"]},{\"@type\":\"Person\",\"@id\":\"https:\\\/\\\/www.eldiario.net\\\/portal\\\/#\\\/schema\\\/person\\\/f46445640444750d7d753ccd04ae01b7\",\"name\":\"Jeanette\",\"image\":{\"@type\":\"ImageObject\",\"inLanguage\":\"es\",\"@id\":\"https:\\\/\\\/secure.gravatar.com\\\/avatar\\\/3ea2118a5f7dad2b7138b1187a6b7ee55f160b9968b66013c3a3ef39dd7e5798?s=96&d=mm&r=g\",\"url\":\"https:\\\/\\\/secure.gravatar.com\\\/avatar\\\/3ea2118a5f7dad2b7138b1187a6b7ee55f160b9968b66013c3a3ef39dd7e5798?s=96&d=mm&r=g\",\"contentUrl\":\"https:\\\/\\\/secure.gravatar.com\\\/avatar\\\/3ea2118a5f7dad2b7138b1187a6b7ee55f160b9968b66013c3a3ef39dd7e5798?s=96&d=mm&r=g\",\"caption\":\"Jeanette\"},\"sameAs\":[\"https:\\\/\\\/www.eldiario.net\\\/portal\"],\"url\":\"https:\\\/\\\/www.eldiario.net\\\/portal\\\/author\\\/jeanette\\\/\"}]}<\/script>\n<!-- \/ Yoast SEO plugin. -->","yoast_head_json":{"title":"Al menos 29 periodistas asesinados en la guerra entre Israel y Ham\u00e1s - El Diario - Bolivia","robots":{"index":"index","follow":"follow","max-snippet":"max-snippet:-1","max-image-preview":"max-image-preview:large","max-video-preview":"max-video-preview:-1"},"canonical":"https:\/\/www.eldiario.net\/portal\/2023\/10\/29\/al-menos-29-periodistas-asesinados-en-la-guerra-entre-israel-y-hamas\/","og_locale":"es_ES","og_type":"article","og_title":"Al menos 29 periodistas asesinados en la guerra entre Israel y Ham\u00e1s - El Diario - Bolivia","og_description":"La guerra entre Israel y Ham\u00e1s dej\u00f3 al menos 29 periodistas asesinados, desde el comienzo de los enfrentamientos, seg\u00fan asegur\u00f3 el Comit\u00e9 para la Protecci\u00f3n de los Periodistas (CPJ). \u201cDurante las \u00faltimas tres semanas, el CPJ document\u00f3 el per\u00edodo m\u00e1s mortal para los periodistas de guerra desde el comienzo del seguimiento en 1992\u201d, sostiene la [&hellip;]","og_url":"https:\/\/www.eldiario.net\/portal\/2023\/10\/29\/al-menos-29-periodistas-asesinados-en-la-guerra-entre-israel-y-hamas\/","og_site_name":"El Diario - Bolivia","article_publisher":"https:\/\/www.facebook.com\/eldiario.bolivia\/","article_published_time":"2023-10-29T10:37:27+00:00","author":"Jeanette","twitter_card":"summary_large_image","twitter_creator":"@eldiario_net","twitter_site":"@eldiario_net","twitter_misc":{"Escrito por":"Jeanette","Tiempo de lectura":"1 minuto"},"schema":{"@context":"https:\/\/schema.org","@graph":[{"@type":"Article","@id":"https:\/\/www.eldiario.net\/portal\/2023\/10\/29\/al-menos-29-periodistas-asesinados-en-la-guerra-entre-israel-y-hamas\/#article","isPartOf":{"@id":"https:\/\/www.eldiario.net\/portal\/2023\/10\/29\/al-menos-29-periodistas-asesinados-en-la-guerra-entre-israel-y-hamas\/"},"author":{"name":"Jeanette","@id":"https:\/\/www.eldiario.net\/portal\/#\/schema\/person\/f46445640444750d7d753ccd04ae01b7"},"headline":"Al menos 29 periodistas asesinados en la guerra entre Israel y Ham\u00e1s","datePublished":"2023-10-29T10:37:27+00:00","mainEntityOfPage":{"@id":"https:\/\/www.eldiario.net\/portal\/2023\/10\/29\/al-menos-29-periodistas-asesinados-en-la-guerra-entre-israel-y-hamas\/"},"wordCount":236,"publisher":{"@id":"https:\/\/www.eldiario.net\/portal\/#organization"},"articleSection":["Internacional"],"inLanguage":"es"},{"@type":"WebPage","@id":"https:\/\/www.eldiario.net\/portal\/2023\/10\/29\/al-menos-29-periodistas-asesinados-en-la-guerra-entre-israel-y-hamas\/","url":"https:\/\/www.eldiario.net\/portal\/2023\/10\/29\/al-menos-29-periodistas-asesinados-en-la-guerra-entre-israel-y-hamas\/","name":"Al menos 29 periodistas asesinados en la guerra entre Israel y Ham\u00e1s - El Diario - Bolivia","isPartOf":{"@id":"https:\/\/www.eldiario.net\/portal\/#website"},"datePublished":"2023-10-29T10:37:27+00:00","breadcrumb":{"@id":"https:\/\/www.eldiario.net\/portal\/2023\/10\/29\/al-menos-29-periodistas-asesinados-en-la-guerra-entre-israel-y-hamas\/#breadcrumb"},"inLanguage":"es","potentialAction":[{"@type":"ReadAction","target":["https:\/\/www.eldiario.net\/portal\/2023\/10\/29\/al-menos-29-periodistas-asesinados-en-la-guerra-entre-israel-y-hamas\/"]}]},{"@type":"BreadcrumbList","@id":"https:\/\/www.eldiario.net\/portal\/2023\/10\/29\/al-menos-29-periodistas-asesinados-en-la-guerra-entre-israel-y-hamas\/#breadcrumb","itemListElement":[{"@type":"ListItem","position":1,"name":"Portada","item":"https:\/\/www.eldiario.net\/portal\/"},{"@type":"ListItem","position":2,"name":"Al menos 29 periodistas asesinados en la guerra entre Israel y Ham\u00e1s"}]},{"@type":"WebSite","@id":"https:\/\/www.eldiario.net\/portal\/#website","url":"https:\/\/www.eldiario.net\/portal\/","name":"El Diario - Decano de la prensa nacional","description":"El Diario - Decano de la prensa nacional","publisher":{"@id":"https:\/\/www.eldiario.net\/portal\/#organization"},"potentialAction":[{"@type":"SearchAction","target":{"@type":"EntryPoint","urlTemplate":"https:\/\/www.eldiario.net\/portal\/?s={search_term_string}"},"query-input":{"@type":"PropertyValueSpecification","valueRequired":true,"valueName":"search_term_string"}}],"inLanguage":"es"},{"@type":"Organization","@id":"https:\/\/www.eldiario.net\/portal\/#organization","name":"El Diario - Decano de la prensa nacional","url":"https:\/\/www.eldiario.net\/portal\/","logo":{"@type":"ImageObject","inLanguage":"es","@id":"https:\/\/www.eldiario.net\/portal\/#\/schema\/logo\/image\/","url":"https:\/\/www.eldiario.net\/portal\/wp-content\/uploads\/2023\/07\/logo_ED.jpg","contentUrl":"https:\/\/www.eldiario.net\/portal\/wp-content\/uploads\/2023\/07\/logo_ED.jpg","width":272,"height":52,"caption":"El Diario - Decano de la prensa nacional"},"image":{"@id":"https:\/\/www.eldiario.net\/portal\/#\/schema\/logo\/image\/"},"sameAs":["https:\/\/www.facebook.com\/eldiario.bolivia\/","https:\/\/x.com\/eldiario_net"]},{"@type":"Person","@id":"https:\/\/www.eldiario.net\/portal\/#\/schema\/person\/f46445640444750d7d753ccd04ae01b7","name":"Jeanette","image":{"@type":"ImageObject","inLanguage":"es","@id":"https:\/\/secure.gravatar.com\/avatar\/3ea2118a5f7dad2b7138b1187a6b7ee55f160b9968b66013c3a3ef39dd7e5798?s=96&d=mm&r=g","url":"https:\/\/secure.gravatar.com\/avatar\/3ea2118a5f7dad2b7138b1187a6b7ee55f160b9968b66013c3a3ef39dd7e5798?s=96&d=mm&r=g","contentUrl":"https:\/\/secure.gravatar.com\/avatar\/3ea2118a5f7dad2b7138b1187a6b7ee55f160b9968b66013c3a3ef39dd7e5798?s=96&d=mm&r=g","caption":"Jeanette"},"sameAs":["https:\/\/www.eldiario.net\/portal"],"url":"https:\/\/www.eldiario.net\/portal\/author\/jeanette\/"}]}},"_links":{"self":[{"href":"https:\/\/www.eldiario.net\/portal\/wp-json\/wp\/v2\/posts\/184468","targetHints":{"allow":["GET"]}}],"collection":[{"href":"https:\/\/www.eldiario.net\/portal\/wp-json\/wp\/v2\/posts"}],"about":[{"href":"https:\/\/www.eldiario.net\/portal\/wp-json\/wp\/v2\/types\/post"}],"author":[{"embeddable":true,"href":"https:\/\/www.eldiario.net\/portal\/wp-json\/wp\/v2\/users\/1"}],"replies":[{"embeddable":true,"href":"https:\/\/www.eldiario.net\/portal\/wp-json\/wp\/v2\/comments?post=184468"}],"version-history":[{"count":0,"href":"https:\/\/www.eldiario.net\/portal\/wp-json\/wp\/v2\/posts\/184468\/revisions"}],"wp:attachment":[{"href":"https:\/\/www.eldiario.net\/portal\/wp-json\/wp\/v2\/media?parent=184468"}],"wp:term":[{"taxonomy":"category","embeddable":true,"href":"https:\/\/www.eldiario.net\/portal\/wp-json\/wp\/v2\/categories?post=184468"},{"taxonomy":"post_tag","embeddable":true,"href":"https:\/\/www.eldiario.net\/portal\/wp-json\/wp\/v2\/tags?post=184468"}],"curies":[{"name":"wp","href":"https:\/\/api.w.org\/{rel}","templated":true}]}}