{"id":184452,"date":"2023-10-29T06:10:38","date_gmt":"2023-10-29T10:10:38","guid":{"rendered":"https:\/\/www.eldiario.net\/portal\/?p=184452"},"modified":"2023-10-29T06:10:38","modified_gmt":"2023-10-29T10:10:38","slug":"humareda-de-chaqueos-altera-procesos-climaticos-en-el-pais","status":"publish","type":"post","link":"https:\/\/www.eldiario.net\/portal\/2023\/10\/29\/humareda-de-chaqueos-altera-procesos-climaticos-en-el-pais\/","title":{"rendered":"Humareda de chaqueos altera   procesos clim\u00e1ticos en el pa\u00eds"},"content":{"rendered":"<p>El Laboratorio de F\u00edsica de la Atm\u00f3sfera (LFA) de la Universidad Mayor de San Andr\u00e9s (UMSA) inform\u00f3 que la humareda que afecta a las zonas metropolitanas de La Paz y El Alto es consecuencia de la quema de biomasa vegetal, t\u00edpicamente denominada \u201cchaqueos\u201d, y que las consecuencias no solo afectan a la salud de las personas, sino tambi\u00e9n a procesos clim\u00e1ticos que son alterados.<br \/>\nLos aerosoles producto de las quemas pueden inhibir los procesos relacionados con la lluvia. Normalmente el vapor de agua de la atm\u00f3sfera se condensa en estas part\u00edculas para producir gotitas que van creciendo hasta formar las nubes, para luego producir las precipitaciones pluviales.<br \/>\nSin embargo, cuando hay un exceso de part\u00edculas (aerosoles) provenientes de las humaredas por las quemas, las gotas de agua no llegan a crecer lo suficiente como para producir la anhelada lluvia. Esto implica que a\u00fan con condiciones favorables para que tengamos precipitaci\u00f3n (por ejemplo, ahora existe un alto contenido de vapor de agua en la atm\u00f3sfera de la regi\u00f3n), la presencia de humo a los niveles que vemos estos d\u00edas, \u201cpodr\u00eda estar evitando que tengamos lluvia\u201d.<br \/>\nSeg\u00fan Marcos Andrade, Director del LFA, al tener la humedad que es el vapor de agua, en la atm\u00f3sfera, esta tiene que condensarse en aerosoles tambi\u00e9n llamados n\u00facleos de condensaci\u00f3n en las nubes, pero al existir m\u00e1s part\u00edculas que compitan por la humedad, solo se formar\u00e1n nubes por m\u00e1s tiempo, pero no precipitar\u00e1n.<br \/>\nOtra de las consecuencias de las quemas es la afectaci\u00f3n a la salud de las personas, porque al inhalar part\u00edculas suspendidas en el aire, tiene un efecto negativo en el sistema respiratorio y en la salud en general.<br \/>\nLa informaci\u00f3n del LFA se refiere tambi\u00e9n que, el vapor de agua que llega a la regi\u00f3n andina (y al pa\u00eds en general) proviene en un porcentaje muy alto del oc\u00e9ano Atl\u00e1ntico. La humedad ah\u00ed producida es transportada miles de kil\u00f3metros por los vientos y gracias a procesos de evaporaci\u00f3n y condensaci\u00f3n, que solo son posibles por la existencia de bosques en su trayecto.<br \/>\nLa deforestaci\u00f3n que se registr\u00f3 en las \u00faltimas d\u00e9cadas, y que se ha intensificado en los \u00faltimos a\u00f1os, puede cambiar radicalmente este proceso natural de transporte de humedad, reduciendo fuertemente el flujo de humedad hacia nuestra regi\u00f3n, con la consiguiente disminuci\u00f3n de lluvias en nuestro pa\u00eds. (CienciaBolivia)<\/p>\n","protected":false},"excerpt":{"rendered":"<p>El Laboratorio de F\u00edsica de la Atm\u00f3sfera (LFA) de la Universidad Mayor de San Andr\u00e9s (UMSA) inform\u00f3 que la humareda que afecta a las zonas metropolitanas de La Paz y El Alto es consecuencia de la quema de biomasa vegetal, t\u00edpicamente denominada \u201cchaqueos\u201d, y que las consecuencias no solo afectan a la salud de las [&hellip;]<\/p>\n","protected":false},"author":1,"featured_media":184453,"comment_status":"closed","ping_status":"open","sticky":false,"template":"","format":"standard","meta":{"_acf_changed":false,"footnotes":""},"categories":[17],"tags":[],"class_list":["post-184452","post","type-post","status-publish","format-standard","has-post-thumbnail","category-principal"],"acf":{"antetitulo":""},"yoast_head":"<!-- This site is optimized with the Yoast SEO plugin v28.3 - https:\/\/yoast.com\/product\/yoast-seo-wordpress\/ -->\n<title>Humareda de chaqueos altera  procesos clim\u00e1ticos en el pa\u00eds - El Diario - Bolivia<\/title>\n<meta name=\"robots\" content=\"index, follow, max-snippet:-1, max-image-preview:large, max-video-preview:-1\" \/>\n<link rel=\"canonical\" href=\"https:\/\/www.eldiario.net\/portal\/2023\/10\/29\/humareda-de-chaqueos-altera-procesos-climaticos-en-el-pais\/\" \/>\n<meta property=\"og:locale\" content=\"es_ES\" \/>\n<meta property=\"og:type\" content=\"article\" \/>\n<meta property=\"og:title\" content=\"Humareda de chaqueos altera  procesos clim\u00e1ticos en el pa\u00eds - El Diario - Bolivia\" \/>\n<meta property=\"og:description\" content=\"El Laboratorio de F\u00edsica de la Atm\u00f3sfera (LFA) de la Universidad Mayor de San Andr\u00e9s (UMSA) inform\u00f3 que la humareda que afecta a las zonas metropolitanas de La Paz y El Alto es consecuencia de la quema de biomasa vegetal, t\u00edpicamente denominada \u201cchaqueos\u201d, y que las consecuencias no solo afectan a la salud de las [&hellip;]\" \/>\n<meta property=\"og:url\" content=\"https:\/\/www.eldiario.net\/portal\/2023\/10\/29\/humareda-de-chaqueos-altera-procesos-climaticos-en-el-pais\/\" \/>\n<meta property=\"og:site_name\" content=\"El Diario - Bolivia\" \/>\n<meta property=\"article:publisher\" content=\"https:\/\/www.facebook.com\/eldiario.bolivia\/\" \/>\n<meta property=\"article:published_time\" content=\"2023-10-29T10:10:38+00:00\" \/>\n<meta property=\"og:image\" content=\"https:\/\/www.eldiario.net\/portal\/wp-content\/uploads\/2023\/10\/P-1-20-cm-x-10-1.jpg\" \/>\n\t<meta property=\"og:image:width\" content=\"1600\" \/>\n\t<meta property=\"og:image:height\" content=\"737\" \/>\n\t<meta property=\"og:image:type\" content=\"image\/jpeg\" \/>\n<meta name=\"author\" content=\"Jeanette\" \/>\n<meta name=\"twitter:card\" content=\"summary_large_image\" \/>\n<meta name=\"twitter:creator\" content=\"@eldiario_net\" \/>\n<meta name=\"twitter:site\" content=\"@eldiario_net\" \/>\n<meta name=\"twitter:label1\" content=\"Escrito por\" \/>\n\t<meta name=\"twitter:data1\" content=\"Jeanette\" \/>\n\t<meta name=\"twitter:label2\" content=\"Tiempo de lectura\" \/>\n\t<meta name=\"twitter:data2\" content=\"2 minutos\" \/>\n<script type=\"application\/ld+json\" class=\"yoast-schema-graph\">{\"@context\":\"https:\\\/\\\/schema.org\",\"@graph\":[{\"@type\":\"Article\",\"@id\":\"https:\\\/\\\/www.eldiario.net\\\/portal\\\/2023\\\/10\\\/29\\\/humareda-de-chaqueos-altera-procesos-climaticos-en-el-pais\\\/#article\",\"isPartOf\":{\"@id\":\"https:\\\/\\\/www.eldiario.net\\\/portal\\\/2023\\\/10\\\/29\\\/humareda-de-chaqueos-altera-procesos-climaticos-en-el-pais\\\/\"},\"author\":{\"name\":\"Jeanette\",\"@id\":\"https:\\\/\\\/www.eldiario.net\\\/portal\\\/#\\\/schema\\\/person\\\/f46445640444750d7d753ccd04ae01b7\"},\"headline\":\"Humareda de chaqueos altera procesos clim\u00e1ticos en el pa\u00eds\",\"datePublished\":\"2023-10-29T10:10:38+00:00\",\"mainEntityOfPage\":{\"@id\":\"https:\\\/\\\/www.eldiario.net\\\/portal\\\/2023\\\/10\\\/29\\\/humareda-de-chaqueos-altera-procesos-climaticos-en-el-pais\\\/\"},\"wordCount\":439,\"publisher\":{\"@id\":\"https:\\\/\\\/www.eldiario.net\\\/portal\\\/#organization\"},\"image\":{\"@id\":\"https:\\\/\\\/www.eldiario.net\\\/portal\\\/2023\\\/10\\\/29\\\/humareda-de-chaqueos-altera-procesos-climaticos-en-el-pais\\\/#primaryimage\"},\"thumbnailUrl\":\"https:\\\/\\\/www.eldiario.net\\\/portal\\\/wp-content\\\/uploads\\\/2023\\\/10\\\/P-1-20-cm-x-10-1.jpg\",\"articleSection\":[\"Principal\"],\"inLanguage\":\"es\"},{\"@type\":\"WebPage\",\"@id\":\"https:\\\/\\\/www.eldiario.net\\\/portal\\\/2023\\\/10\\\/29\\\/humareda-de-chaqueos-altera-procesos-climaticos-en-el-pais\\\/\",\"url\":\"https:\\\/\\\/www.eldiario.net\\\/portal\\\/2023\\\/10\\\/29\\\/humareda-de-chaqueos-altera-procesos-climaticos-en-el-pais\\\/\",\"name\":\"Humareda de chaqueos altera procesos clim\u00e1ticos en el pa\u00eds - El Diario - Bolivia\",\"isPartOf\":{\"@id\":\"https:\\\/\\\/www.eldiario.net\\\/portal\\\/#website\"},\"primaryImageOfPage\":{\"@id\":\"https:\\\/\\\/www.eldiario.net\\\/portal\\\/2023\\\/10\\\/29\\\/humareda-de-chaqueos-altera-procesos-climaticos-en-el-pais\\\/#primaryimage\"},\"image\":{\"@id\":\"https:\\\/\\\/www.eldiario.net\\\/portal\\\/2023\\\/10\\\/29\\\/humareda-de-chaqueos-altera-procesos-climaticos-en-el-pais\\\/#primaryimage\"},\"thumbnailUrl\":\"https:\\\/\\\/www.eldiario.net\\\/portal\\\/wp-content\\\/uploads\\\/2023\\\/10\\\/P-1-20-cm-x-10-1.jpg\",\"datePublished\":\"2023-10-29T10:10:38+00:00\",\"breadcrumb\":{\"@id\":\"https:\\\/\\\/www.eldiario.net\\\/portal\\\/2023\\\/10\\\/29\\\/humareda-de-chaqueos-altera-procesos-climaticos-en-el-pais\\\/#breadcrumb\"},\"inLanguage\":\"es\",\"potentialAction\":[{\"@type\":\"ReadAction\",\"target\":[\"https:\\\/\\\/www.eldiario.net\\\/portal\\\/2023\\\/10\\\/29\\\/humareda-de-chaqueos-altera-procesos-climaticos-en-el-pais\\\/\"]}]},{\"@type\":\"ImageObject\",\"inLanguage\":\"es\",\"@id\":\"https:\\\/\\\/www.eldiario.net\\\/portal\\\/2023\\\/10\\\/29\\\/humareda-de-chaqueos-altera-procesos-climaticos-en-el-pais\\\/#primaryimage\",\"url\":\"https:\\\/\\\/www.eldiario.net\\\/portal\\\/wp-content\\\/uploads\\\/2023\\\/10\\\/P-1-20-cm-x-10-1.jpg\",\"contentUrl\":\"https:\\\/\\\/www.eldiario.net\\\/portal\\\/wp-content\\\/uploads\\\/2023\\\/10\\\/P-1-20-cm-x-10-1.jpg\",\"width\":1600,\"height\":737,\"caption\":\"Las part\u00edculas de humaredas pueden inhibir las precipitaciones pluviales en Bolivia, seg\u00fan especialistas.\"},{\"@type\":\"BreadcrumbList\",\"@id\":\"https:\\\/\\\/www.eldiario.net\\\/portal\\\/2023\\\/10\\\/29\\\/humareda-de-chaqueos-altera-procesos-climaticos-en-el-pais\\\/#breadcrumb\",\"itemListElement\":[{\"@type\":\"ListItem\",\"position\":1,\"name\":\"Portada\",\"item\":\"https:\\\/\\\/www.eldiario.net\\\/portal\\\/\"},{\"@type\":\"ListItem\",\"position\":2,\"name\":\"Humareda de chaqueos altera procesos clim\u00e1ticos en el pa\u00eds\"}]},{\"@type\":\"WebSite\",\"@id\":\"https:\\\/\\\/www.eldiario.net\\\/portal\\\/#website\",\"url\":\"https:\\\/\\\/www.eldiario.net\\\/portal\\\/\",\"name\":\"El Diario - Decano de la prensa nacional\",\"description\":\"El Diario - Decano de la prensa nacional\",\"publisher\":{\"@id\":\"https:\\\/\\\/www.eldiario.net\\\/portal\\\/#organization\"},\"potentialAction\":[{\"@type\":\"SearchAction\",\"target\":{\"@type\":\"EntryPoint\",\"urlTemplate\":\"https:\\\/\\\/www.eldiario.net\\\/portal\\\/?s={search_term_string}\"},\"query-input\":{\"@type\":\"PropertyValueSpecification\",\"valueRequired\":true,\"valueName\":\"search_term_string\"}}],\"inLanguage\":\"es\"},{\"@type\":\"Organization\",\"@id\":\"https:\\\/\\\/www.eldiario.net\\\/portal\\\/#organization\",\"name\":\"El Diario - Decano de la prensa nacional\",\"url\":\"https:\\\/\\\/www.eldiario.net\\\/portal\\\/\",\"logo\":{\"@type\":\"ImageObject\",\"inLanguage\":\"es\",\"@id\":\"https:\\\/\\\/www.eldiario.net\\\/portal\\\/#\\\/schema\\\/logo\\\/image\\\/\",\"url\":\"https:\\\/\\\/www.eldiario.net\\\/portal\\\/wp-content\\\/uploads\\\/2023\\\/07\\\/logo_ED.jpg\",\"contentUrl\":\"https:\\\/\\\/www.eldiario.net\\\/portal\\\/wp-content\\\/uploads\\\/2023\\\/07\\\/logo_ED.jpg\",\"width\":272,\"height\":52,\"caption\":\"El Diario - Decano de la prensa nacional\"},\"image\":{\"@id\":\"https:\\\/\\\/www.eldiario.net\\\/portal\\\/#\\\/schema\\\/logo\\\/image\\\/\"},\"sameAs\":[\"https:\\\/\\\/www.facebook.com\\\/eldiario.bolivia\\\/\",\"https:\\\/\\\/x.com\\\/eldiario_net\"]},{\"@type\":\"Person\",\"@id\":\"https:\\\/\\\/www.eldiario.net\\\/portal\\\/#\\\/schema\\\/person\\\/f46445640444750d7d753ccd04ae01b7\",\"name\":\"Jeanette\",\"image\":{\"@type\":\"ImageObject\",\"inLanguage\":\"es\",\"@id\":\"https:\\\/\\\/secure.gravatar.com\\\/avatar\\\/3ea2118a5f7dad2b7138b1187a6b7ee55f160b9968b66013c3a3ef39dd7e5798?s=96&d=mm&r=g\",\"url\":\"https:\\\/\\\/secure.gravatar.com\\\/avatar\\\/3ea2118a5f7dad2b7138b1187a6b7ee55f160b9968b66013c3a3ef39dd7e5798?s=96&d=mm&r=g\",\"contentUrl\":\"https:\\\/\\\/secure.gravatar.com\\\/avatar\\\/3ea2118a5f7dad2b7138b1187a6b7ee55f160b9968b66013c3a3ef39dd7e5798?s=96&d=mm&r=g\",\"caption\":\"Jeanette\"},\"sameAs\":[\"https:\\\/\\\/www.eldiario.net\\\/portal\"],\"url\":\"https:\\\/\\\/www.eldiario.net\\\/portal\\\/author\\\/jeanette\\\/\"}]}<\/script>\n<!-- \/ Yoast SEO plugin. -->","yoast_head_json":{"title":"Humareda de chaqueos altera  procesos clim\u00e1ticos en el pa\u00eds - El Diario - Bolivia","robots":{"index":"index","follow":"follow","max-snippet":"max-snippet:-1","max-image-preview":"max-image-preview:large","max-video-preview":"max-video-preview:-1"},"canonical":"https:\/\/www.eldiario.net\/portal\/2023\/10\/29\/humareda-de-chaqueos-altera-procesos-climaticos-en-el-pais\/","og_locale":"es_ES","og_type":"article","og_title":"Humareda de chaqueos altera  procesos clim\u00e1ticos en el pa\u00eds - El Diario - Bolivia","og_description":"El Laboratorio de F\u00edsica de la Atm\u00f3sfera (LFA) de la Universidad Mayor de San Andr\u00e9s (UMSA) inform\u00f3 que la humareda que afecta a las zonas metropolitanas de La Paz y El Alto es consecuencia de la quema de biomasa vegetal, t\u00edpicamente denominada \u201cchaqueos\u201d, y que las consecuencias no solo afectan a la salud de las [&hellip;]","og_url":"https:\/\/www.eldiario.net\/portal\/2023\/10\/29\/humareda-de-chaqueos-altera-procesos-climaticos-en-el-pais\/","og_site_name":"El Diario - Bolivia","article_publisher":"https:\/\/www.facebook.com\/eldiario.bolivia\/","article_published_time":"2023-10-29T10:10:38+00:00","og_image":[{"width":1600,"height":737,"url":"https:\/\/www.eldiario.net\/portal\/wp-content\/uploads\/2023\/10\/P-1-20-cm-x-10-1.jpg","type":"image\/jpeg"}],"author":"Jeanette","twitter_card":"summary_large_image","twitter_creator":"@eldiario_net","twitter_site":"@eldiario_net","twitter_misc":{"Escrito por":"Jeanette","Tiempo de lectura":"2 minutos"},"schema":{"@context":"https:\/\/schema.org","@graph":[{"@type":"Article","@id":"https:\/\/www.eldiario.net\/portal\/2023\/10\/29\/humareda-de-chaqueos-altera-procesos-climaticos-en-el-pais\/#article","isPartOf":{"@id":"https:\/\/www.eldiario.net\/portal\/2023\/10\/29\/humareda-de-chaqueos-altera-procesos-climaticos-en-el-pais\/"},"author":{"name":"Jeanette","@id":"https:\/\/www.eldiario.net\/portal\/#\/schema\/person\/f46445640444750d7d753ccd04ae01b7"},"headline":"Humareda de chaqueos altera procesos clim\u00e1ticos en el pa\u00eds","datePublished":"2023-10-29T10:10:38+00:00","mainEntityOfPage":{"@id":"https:\/\/www.eldiario.net\/portal\/2023\/10\/29\/humareda-de-chaqueos-altera-procesos-climaticos-en-el-pais\/"},"wordCount":439,"publisher":{"@id":"https:\/\/www.eldiario.net\/portal\/#organization"},"image":{"@id":"https:\/\/www.eldiario.net\/portal\/2023\/10\/29\/humareda-de-chaqueos-altera-procesos-climaticos-en-el-pais\/#primaryimage"},"thumbnailUrl":"https:\/\/www.eldiario.net\/portal\/wp-content\/uploads\/2023\/10\/P-1-20-cm-x-10-1.jpg","articleSection":["Principal"],"inLanguage":"es"},{"@type":"WebPage","@id":"https:\/\/www.eldiario.net\/portal\/2023\/10\/29\/humareda-de-chaqueos-altera-procesos-climaticos-en-el-pais\/","url":"https:\/\/www.eldiario.net\/portal\/2023\/10\/29\/humareda-de-chaqueos-altera-procesos-climaticos-en-el-pais\/","name":"Humareda de chaqueos altera procesos clim\u00e1ticos en el pa\u00eds - El Diario - Bolivia","isPartOf":{"@id":"https:\/\/www.eldiario.net\/portal\/#website"},"primaryImageOfPage":{"@id":"https:\/\/www.eldiario.net\/portal\/2023\/10\/29\/humareda-de-chaqueos-altera-procesos-climaticos-en-el-pais\/#primaryimage"},"image":{"@id":"https:\/\/www.eldiario.net\/portal\/2023\/10\/29\/humareda-de-chaqueos-altera-procesos-climaticos-en-el-pais\/#primaryimage"},"thumbnailUrl":"https:\/\/www.eldiario.net\/portal\/wp-content\/uploads\/2023\/10\/P-1-20-cm-x-10-1.jpg","datePublished":"2023-10-29T10:10:38+00:00","breadcrumb":{"@id":"https:\/\/www.eldiario.net\/portal\/2023\/10\/29\/humareda-de-chaqueos-altera-procesos-climaticos-en-el-pais\/#breadcrumb"},"inLanguage":"es","potentialAction":[{"@type":"ReadAction","target":["https:\/\/www.eldiario.net\/portal\/2023\/10\/29\/humareda-de-chaqueos-altera-procesos-climaticos-en-el-pais\/"]}]},{"@type":"ImageObject","inLanguage":"es","@id":"https:\/\/www.eldiario.net\/portal\/2023\/10\/29\/humareda-de-chaqueos-altera-procesos-climaticos-en-el-pais\/#primaryimage","url":"https:\/\/www.eldiario.net\/portal\/wp-content\/uploads\/2023\/10\/P-1-20-cm-x-10-1.jpg","contentUrl":"https:\/\/www.eldiario.net\/portal\/wp-content\/uploads\/2023\/10\/P-1-20-cm-x-10-1.jpg","width":1600,"height":737,"caption":"Las part\u00edculas de humaredas pueden inhibir las precipitaciones pluviales en Bolivia, seg\u00fan especialistas."},{"@type":"BreadcrumbList","@id":"https:\/\/www.eldiario.net\/portal\/2023\/10\/29\/humareda-de-chaqueos-altera-procesos-climaticos-en-el-pais\/#breadcrumb","itemListElement":[{"@type":"ListItem","position":1,"name":"Portada","item":"https:\/\/www.eldiario.net\/portal\/"},{"@type":"ListItem","position":2,"name":"Humareda de chaqueos altera procesos clim\u00e1ticos en el pa\u00eds"}]},{"@type":"WebSite","@id":"https:\/\/www.eldiario.net\/portal\/#website","url":"https:\/\/www.eldiario.net\/portal\/","name":"El Diario - Decano de la prensa nacional","description":"El Diario - Decano de la prensa nacional","publisher":{"@id":"https:\/\/www.eldiario.net\/portal\/#organization"},"potentialAction":[{"@type":"SearchAction","target":{"@type":"EntryPoint","urlTemplate":"https:\/\/www.eldiario.net\/portal\/?s={search_term_string}"},"query-input":{"@type":"PropertyValueSpecification","valueRequired":true,"valueName":"search_term_string"}}],"inLanguage":"es"},{"@type":"Organization","@id":"https:\/\/www.eldiario.net\/portal\/#organization","name":"El Diario - Decano de la prensa nacional","url":"https:\/\/www.eldiario.net\/portal\/","logo":{"@type":"ImageObject","inLanguage":"es","@id":"https:\/\/www.eldiario.net\/portal\/#\/schema\/logo\/image\/","url":"https:\/\/www.eldiario.net\/portal\/wp-content\/uploads\/2023\/07\/logo_ED.jpg","contentUrl":"https:\/\/www.eldiario.net\/portal\/wp-content\/uploads\/2023\/07\/logo_ED.jpg","width":272,"height":52,"caption":"El Diario - Decano de la prensa nacional"},"image":{"@id":"https:\/\/www.eldiario.net\/portal\/#\/schema\/logo\/image\/"},"sameAs":["https:\/\/www.facebook.com\/eldiario.bolivia\/","https:\/\/x.com\/eldiario_net"]},{"@type":"Person","@id":"https:\/\/www.eldiario.net\/portal\/#\/schema\/person\/f46445640444750d7d753ccd04ae01b7","name":"Jeanette","image":{"@type":"ImageObject","inLanguage":"es","@id":"https:\/\/secure.gravatar.com\/avatar\/3ea2118a5f7dad2b7138b1187a6b7ee55f160b9968b66013c3a3ef39dd7e5798?s=96&d=mm&r=g","url":"https:\/\/secure.gravatar.com\/avatar\/3ea2118a5f7dad2b7138b1187a6b7ee55f160b9968b66013c3a3ef39dd7e5798?s=96&d=mm&r=g","contentUrl":"https:\/\/secure.gravatar.com\/avatar\/3ea2118a5f7dad2b7138b1187a6b7ee55f160b9968b66013c3a3ef39dd7e5798?s=96&d=mm&r=g","caption":"Jeanette"},"sameAs":["https:\/\/www.eldiario.net\/portal"],"url":"https:\/\/www.eldiario.net\/portal\/author\/jeanette\/"}]}},"_links":{"self":[{"href":"https:\/\/www.eldiario.net\/portal\/wp-json\/wp\/v2\/posts\/184452","targetHints":{"allow":["GET"]}}],"collection":[{"href":"https:\/\/www.eldiario.net\/portal\/wp-json\/wp\/v2\/posts"}],"about":[{"href":"https:\/\/www.eldiario.net\/portal\/wp-json\/wp\/v2\/types\/post"}],"author":[{"embeddable":true,"href":"https:\/\/www.eldiario.net\/portal\/wp-json\/wp\/v2\/users\/1"}],"replies":[{"embeddable":true,"href":"https:\/\/www.eldiario.net\/portal\/wp-json\/wp\/v2\/comments?post=184452"}],"version-history":[{"count":0,"href":"https:\/\/www.eldiario.net\/portal\/wp-json\/wp\/v2\/posts\/184452\/revisions"}],"wp:featuredmedia":[{"embeddable":true,"href":"https:\/\/www.eldiario.net\/portal\/wp-json\/wp\/v2\/media\/184453"}],"wp:attachment":[{"href":"https:\/\/www.eldiario.net\/portal\/wp-json\/wp\/v2\/media?parent=184452"}],"wp:term":[{"taxonomy":"category","embeddable":true,"href":"https:\/\/www.eldiario.net\/portal\/wp-json\/wp\/v2\/categories?post=184452"},{"taxonomy":"post_tag","embeddable":true,"href":"https:\/\/www.eldiario.net\/portal\/wp-json\/wp\/v2\/tags?post=184452"}],"curies":[{"name":"wp","href":"https:\/\/api.w.org\/{rel}","templated":true}]}}