{"id":184439,"date":"2023-10-29T06:04:47","date_gmt":"2023-10-29T10:04:47","guid":{"rendered":"https:\/\/www.eldiario.net\/portal\/?p=184439"},"modified":"2023-10-29T06:04:47","modified_gmt":"2023-10-29T10:04:47","slug":"fallecio-actor-matthew-perry-en-los-angeles","status":"publish","type":"post","link":"https:\/\/www.eldiario.net\/portal\/2023\/10\/29\/fallecio-actor-matthew-perry-en-los-angeles\/","title":{"rendered":"Falleci\u00f3 actor Matthew Perry en Los \u00c1ngeles"},"content":{"rendered":"<p class=\"v1MsoNormal\">El actor Matthew Perry, conocido por su labor en la serie Friends en la que encarn\u00f3 al personaje de Chandler Bing, muri\u00f3 ayer a los 54 a\u00f1os, seg\u00fan el medio de espect\u00e1culos TMZ. Fuentes policiales confirmaron al medio especializado que el actor fue encontrado muerto en su casa de Los \u00c1ngeles. \u00abAparentemente se habr\u00eda ahogado\u00bb en su ba\u00f1era tras un paro card\u00edaco, seg\u00fan el medio estadounidense.<\/p>\n<p class=\"v1MsoNormal\">\u00abNuestras fuentes dicen que fue encontrado en un jacuzzi de su casa\u00bb, explic\u00f3 TMZ y detall\u00f3 que no se encontraron drogas en el lugar. Perry tuvo un largo historial de adicciones, que lo llevaron a tener que recurrir a programas de rehabilitaci\u00f3n.<\/p>\n<p class=\"v1MsoNormal\">El artista salt\u00f3 a la fama por su papel de Chandler Bing en la exitosa comedia de los a\u00f1os 90, que dur\u00f3 10 temporadas y que cont\u00f3 con su participaci\u00f3n en 234 episodios. Su personaje se gan\u00f3 el cari\u00f1o de los seguidores debido a su destreza actoral, gestos y expresiones.<\/p>\n<p class=\"v1MsoNormal\">Aunque Friends fue el papel con el que logr\u00f3 la mayor relevancia en su carrera, tambi\u00e9n trabaj\u00f3 en otros programas, como Boys Will Be Boys, Growing Pains, Silver Spoons, Charles in Charge, Sydney, Beverly Hills, 90210, Home Free, Ally McBeal, The West Wing, Scrubs, Studio 60 on the Sunset Strip, entre muchos otros.<\/p>\n<p class=\"v1MsoNormal\">\n<p class=\"v1MsoNormal\"><b>Perry hab\u00eda hablado de sus<\/b><\/p>\n<p class=\"v1MsoNormal\"><b>problemas con las adicciones<\/b><\/p>\n<p class=\"v1MsoNormal\">El personaje de Perry en su mayor \u00e9xito, Friends, era amigable, divertido y optimista, pero el artista sufri\u00f3 mucho detr\u00e1s de escena, en particular, por su adicci\u00f3n a las drogas, alcohol y tambi\u00e9n a los analg\u00e9sicos. Tuvo una larga adicci\u00f3n a la hidrocodona, un medicamento que tambi\u00e9n puede ser utilizado como droga analg\u00e9sica.<\/p>\n<p class=\"v1MsoNormal\">Perry hab\u00eda narrado este dif\u00edcil cap\u00edtulo de su vida en su autobiograf\u00eda que public\u00f3 el a\u00f1o pasado, donde detall\u00f3 las luchas que tuvo y sus consecuencias, como el aumento y p\u00e9rdida de peso en distintos momentos.<\/p>\n<p class=\"v1MsoNormal\">Titulada Friends, Lovers and the Big Terrible Thing, el actor reconoci\u00f3: \u00abTuve que esperar hasta que estuviera bastante sobrio, y lejos de la enfermedad activa del alcoholismo y la adicci\u00f3n para escribirlo todo. Y lo principal era que estaba bastante seguro de que ayudar\u00eda a la gente\u00bb.<\/p>\n<p class=\"v1MsoNormal\">En uno de los momentos m\u00e1s fuertes de su relato, el actor revel\u00f3 que casi muere a los 49 a\u00f1os a causa de una perforaci\u00f3n gastrointestinal. Seg\u00fan explic\u00f3, Perry luch\u00f3 durante varias semanas por su vida luego de que su colon estallara por el uso excesivo de opioides, como la hidrocodona. Dos semanas en coma, cinco meses en el hospital y una bolsa de colostom\u00eda que tuvo que utilizar durante nueve meses fueron el resultado.<\/p>\n<p class=\"v1MsoNormal\">\u00abLos m\u00e9dicos le dijeron a mi familia que ten\u00eda un dos por ciento de posibilidades de vivir. Me pusieron una cosa llamada m\u00e1quina ECMO, que hace toda la respiraci\u00f3n para el coraz\u00f3n y los pulmones.. (&#8230;) Nadie sobrevive a eso\u00bb, confes\u00f3. \u00abHab\u00eda cinco personas puestas en una m\u00e1quina ECMO esa noche y las otras cuatro murieron y yo sobreviv\u00ed. As\u00ed que la gran pregunta es \u00bfpor qu\u00e9? \u00bfPor qu\u00e9 fui yo el indicado? Tiene que haber alg\u00fan tipo de raz\u00f3n\u00bb, agreg\u00f3.<\/p>\n<p class=\"v1MsoNormal\">Respecto a c\u00f3mo y cu\u00e1ndo comenz\u00f3 su infierno con las adicciones, la estrella de Friends revel\u00f3 que fue a sus 24 a\u00f1os, cuando fue elegido para ser parte de la serie y que todo comenz\u00f3 con el alcohol. \u00abPod\u00eda manejarlo, m\u00e1s o menos. Pero cuando ten\u00eda 34 a\u00f1os estaba realmente atrapado en muchos problemas\u00bb, indic\u00f3 sobre las consecuencias que este tipo de enfermedades trae tanto a nivel f\u00edsico como psicol\u00f3gico.<\/p>\n<p class=\"v1MsoNormal\">\n<p class=\"v1MsoNormal\"><b>El regreso de Friends<\/b><\/p>\n<p class=\"v1MsoNormal\">Perry tambi\u00e9n form\u00f3 parte de la reuni\u00f3n de Friends, que se realiz\u00f3 en 2021, y que cont\u00f3 con la participaci\u00f3n de Jennifer Aniston, Matt Leblanc, Courtney Cox, David Schwimmer y Lisa Kudrow, entre otras estrellas.<\/p>\n<p class=\"v1MsoNormal\">El actor se hab\u00eda mostrado entusiasmado de ese breve regreso y hab\u00eda publicado en sus redes, donde contaba con siete millones de seguidores, fotos de la previa antes de volver a ponerse en el personaje de Chandler.<\/p>\n<p class=\"v1MsoNormal\">Durante el episodio, que en cierta manera tambi\u00e9n se trat\u00f3 de un homenaje, tuvo momentos emotivos, de llanto. Los actores hac\u00edan su aparici\u00f3n de a uno, primero David Schwimmer, luego Lisa Kudrow, Jennifer Aniston, Matt LeBlanc, Courteney Cox y, por \u00faltimo, Matthew Perry. Adem\u00e1s de los recuerdos y an\u00e9cdotas, fue un recorrido a la distancia de aquel fen\u00f3meno en la que se focalizaron en los detalles de la gestaci\u00f3n del \u00e9xito mundial, los entretelones del casting y la vigencia de su legado en el presente. (La Naci\u00f3n)<\/p>\n<p class=\"v1MsoNormal\">\n","protected":false},"excerpt":{"rendered":"<p>El actor Matthew Perry, conocido por su labor en la serie Friends en la que encarn\u00f3 al personaje de Chandler Bing, muri\u00f3 ayer a los 54 a\u00f1os, seg\u00fan el medio de espect\u00e1culos TMZ. Fuentes policiales confirmaron al medio especializado que el actor fue encontrado muerto en su casa de Los \u00c1ngeles. \u00abAparentemente se habr\u00eda ahogado\u00bb [&hellip;]<\/p>\n","protected":false},"author":1,"featured_media":184440,"comment_status":"closed","ping_status":"open","sticky":false,"template":"","format":"standard","meta":{"_acf_changed":false,"footnotes":""},"categories":[15],"tags":[],"class_list":["post-184439","post","type-post","status-publish","format-standard","has-post-thumbnail","category-portada"],"acf":{"antetitulo":""},"yoast_head":"<!-- This site is optimized with the Yoast SEO plugin v28.3 - https:\/\/yoast.com\/product\/yoast-seo-wordpress\/ -->\n<title>Falleci\u00f3 actor Matthew Perry en Los \u00c1ngeles - El Diario - Bolivia<\/title>\n<meta name=\"robots\" content=\"index, follow, max-snippet:-1, max-image-preview:large, max-video-preview:-1\" \/>\n<link rel=\"canonical\" href=\"https:\/\/www.eldiario.net\/portal\/2023\/10\/29\/fallecio-actor-matthew-perry-en-los-angeles\/\" \/>\n<meta property=\"og:locale\" content=\"es_ES\" \/>\n<meta property=\"og:type\" content=\"article\" \/>\n<meta property=\"og:title\" content=\"Falleci\u00f3 actor Matthew Perry en Los \u00c1ngeles - El Diario - Bolivia\" \/>\n<meta property=\"og:description\" content=\"El actor Matthew Perry, conocido por su labor en la serie Friends en la que encarn\u00f3 al personaje de Chandler Bing, muri\u00f3 ayer a los 54 a\u00f1os, seg\u00fan el medio de espect\u00e1culos TMZ. Fuentes policiales confirmaron al medio especializado que el actor fue encontrado muerto en su casa de Los \u00c1ngeles. \u00abAparentemente se habr\u00eda ahogado\u00bb [&hellip;]\" \/>\n<meta property=\"og:url\" content=\"https:\/\/www.eldiario.net\/portal\/2023\/10\/29\/fallecio-actor-matthew-perry-en-los-angeles\/\" \/>\n<meta property=\"og:site_name\" content=\"El Diario - Bolivia\" \/>\n<meta property=\"article:publisher\" content=\"https:\/\/www.facebook.com\/eldiario.bolivia\/\" \/>\n<meta property=\"article:published_time\" content=\"2023-10-29T10:04:47+00:00\" \/>\n<meta property=\"og:image\" content=\"https:\/\/www.eldiario.net\/portal\/wp-content\/uploads\/2023\/10\/P-4-10-cm-x-7-7.jpg\" \/>\n\t<meta property=\"og:image:width\" content=\"828\" \/>\n\t<meta property=\"og:image:height\" content=\"548\" \/>\n\t<meta property=\"og:image:type\" content=\"image\/jpeg\" \/>\n<meta name=\"author\" content=\"Jeanette\" \/>\n<meta name=\"twitter:card\" content=\"summary_large_image\" \/>\n<meta name=\"twitter:creator\" content=\"@eldiario_net\" \/>\n<meta name=\"twitter:site\" content=\"@eldiario_net\" \/>\n<meta name=\"twitter:label1\" content=\"Escrito por\" \/>\n\t<meta name=\"twitter:data1\" content=\"Jeanette\" \/>\n\t<meta name=\"twitter:label2\" content=\"Tiempo de lectura\" \/>\n\t<meta name=\"twitter:data2\" content=\"4 minutos\" \/>\n<script type=\"application\/ld+json\" class=\"yoast-schema-graph\">{\"@context\":\"https:\\\/\\\/schema.org\",\"@graph\":[{\"@type\":\"Article\",\"@id\":\"https:\\\/\\\/www.eldiario.net\\\/portal\\\/2023\\\/10\\\/29\\\/fallecio-actor-matthew-perry-en-los-angeles\\\/#article\",\"isPartOf\":{\"@id\":\"https:\\\/\\\/www.eldiario.net\\\/portal\\\/2023\\\/10\\\/29\\\/fallecio-actor-matthew-perry-en-los-angeles\\\/\"},\"author\":{\"name\":\"Jeanette\",\"@id\":\"https:\\\/\\\/www.eldiario.net\\\/portal\\\/#\\\/schema\\\/person\\\/f46445640444750d7d753ccd04ae01b7\"},\"headline\":\"Falleci\u00f3 actor Matthew Perry en Los \u00c1ngeles\",\"datePublished\":\"2023-10-29T10:04:47+00:00\",\"mainEntityOfPage\":{\"@id\":\"https:\\\/\\\/www.eldiario.net\\\/portal\\\/2023\\\/10\\\/29\\\/fallecio-actor-matthew-perry-en-los-angeles\\\/\"},\"wordCount\":805,\"publisher\":{\"@id\":\"https:\\\/\\\/www.eldiario.net\\\/portal\\\/#organization\"},\"image\":{\"@id\":\"https:\\\/\\\/www.eldiario.net\\\/portal\\\/2023\\\/10\\\/29\\\/fallecio-actor-matthew-perry-en-los-angeles\\\/#primaryimage\"},\"thumbnailUrl\":\"https:\\\/\\\/www.eldiario.net\\\/portal\\\/wp-content\\\/uploads\\\/2023\\\/10\\\/P-4-10-cm-x-7-7.jpg\",\"articleSection\":[\"Portada\"],\"inLanguage\":\"es\"},{\"@type\":\"WebPage\",\"@id\":\"https:\\\/\\\/www.eldiario.net\\\/portal\\\/2023\\\/10\\\/29\\\/fallecio-actor-matthew-perry-en-los-angeles\\\/\",\"url\":\"https:\\\/\\\/www.eldiario.net\\\/portal\\\/2023\\\/10\\\/29\\\/fallecio-actor-matthew-perry-en-los-angeles\\\/\",\"name\":\"Falleci\u00f3 actor Matthew Perry en Los \u00c1ngeles - El Diario - Bolivia\",\"isPartOf\":{\"@id\":\"https:\\\/\\\/www.eldiario.net\\\/portal\\\/#website\"},\"primaryImageOfPage\":{\"@id\":\"https:\\\/\\\/www.eldiario.net\\\/portal\\\/2023\\\/10\\\/29\\\/fallecio-actor-matthew-perry-en-los-angeles\\\/#primaryimage\"},\"image\":{\"@id\":\"https:\\\/\\\/www.eldiario.net\\\/portal\\\/2023\\\/10\\\/29\\\/fallecio-actor-matthew-perry-en-los-angeles\\\/#primaryimage\"},\"thumbnailUrl\":\"https:\\\/\\\/www.eldiario.net\\\/portal\\\/wp-content\\\/uploads\\\/2023\\\/10\\\/P-4-10-cm-x-7-7.jpg\",\"datePublished\":\"2023-10-29T10:04:47+00:00\",\"breadcrumb\":{\"@id\":\"https:\\\/\\\/www.eldiario.net\\\/portal\\\/2023\\\/10\\\/29\\\/fallecio-actor-matthew-perry-en-los-angeles\\\/#breadcrumb\"},\"inLanguage\":\"es\",\"potentialAction\":[{\"@type\":\"ReadAction\",\"target\":[\"https:\\\/\\\/www.eldiario.net\\\/portal\\\/2023\\\/10\\\/29\\\/fallecio-actor-matthew-perry-en-los-angeles\\\/\"]}]},{\"@type\":\"ImageObject\",\"inLanguage\":\"es\",\"@id\":\"https:\\\/\\\/www.eldiario.net\\\/portal\\\/2023\\\/10\\\/29\\\/fallecio-actor-matthew-perry-en-los-angeles\\\/#primaryimage\",\"url\":\"https:\\\/\\\/www.eldiario.net\\\/portal\\\/wp-content\\\/uploads\\\/2023\\\/10\\\/P-4-10-cm-x-7-7.jpg\",\"contentUrl\":\"https:\\\/\\\/www.eldiario.net\\\/portal\\\/wp-content\\\/uploads\\\/2023\\\/10\\\/P-4-10-cm-x-7-7.jpg\",\"width\":828,\"height\":548,\"caption\":\"El actor Matthew Perry muri\u00f3 en Estados Unidos. CREDITO: Diario con vos\"},{\"@type\":\"BreadcrumbList\",\"@id\":\"https:\\\/\\\/www.eldiario.net\\\/portal\\\/2023\\\/10\\\/29\\\/fallecio-actor-matthew-perry-en-los-angeles\\\/#breadcrumb\",\"itemListElement\":[{\"@type\":\"ListItem\",\"position\":1,\"name\":\"Portada\",\"item\":\"https:\\\/\\\/www.eldiario.net\\\/portal\\\/\"},{\"@type\":\"ListItem\",\"position\":2,\"name\":\"Falleci\u00f3 actor Matthew Perry en Los \u00c1ngeles\"}]},{\"@type\":\"WebSite\",\"@id\":\"https:\\\/\\\/www.eldiario.net\\\/portal\\\/#website\",\"url\":\"https:\\\/\\\/www.eldiario.net\\\/portal\\\/\",\"name\":\"El Diario - Decano de la prensa nacional\",\"description\":\"El Diario - Decano de la prensa nacional\",\"publisher\":{\"@id\":\"https:\\\/\\\/www.eldiario.net\\\/portal\\\/#organization\"},\"potentialAction\":[{\"@type\":\"SearchAction\",\"target\":{\"@type\":\"EntryPoint\",\"urlTemplate\":\"https:\\\/\\\/www.eldiario.net\\\/portal\\\/?s={search_term_string}\"},\"query-input\":{\"@type\":\"PropertyValueSpecification\",\"valueRequired\":true,\"valueName\":\"search_term_string\"}}],\"inLanguage\":\"es\"},{\"@type\":\"Organization\",\"@id\":\"https:\\\/\\\/www.eldiario.net\\\/portal\\\/#organization\",\"name\":\"El Diario - Decano de la prensa nacional\",\"url\":\"https:\\\/\\\/www.eldiario.net\\\/portal\\\/\",\"logo\":{\"@type\":\"ImageObject\",\"inLanguage\":\"es\",\"@id\":\"https:\\\/\\\/www.eldiario.net\\\/portal\\\/#\\\/schema\\\/logo\\\/image\\\/\",\"url\":\"https:\\\/\\\/www.eldiario.net\\\/portal\\\/wp-content\\\/uploads\\\/2023\\\/07\\\/logo_ED.jpg\",\"contentUrl\":\"https:\\\/\\\/www.eldiario.net\\\/portal\\\/wp-content\\\/uploads\\\/2023\\\/07\\\/logo_ED.jpg\",\"width\":272,\"height\":52,\"caption\":\"El Diario - Decano de la prensa nacional\"},\"image\":{\"@id\":\"https:\\\/\\\/www.eldiario.net\\\/portal\\\/#\\\/schema\\\/logo\\\/image\\\/\"},\"sameAs\":[\"https:\\\/\\\/www.facebook.com\\\/eldiario.bolivia\\\/\",\"https:\\\/\\\/x.com\\\/eldiario_net\"]},{\"@type\":\"Person\",\"@id\":\"https:\\\/\\\/www.eldiario.net\\\/portal\\\/#\\\/schema\\\/person\\\/f46445640444750d7d753ccd04ae01b7\",\"name\":\"Jeanette\",\"image\":{\"@type\":\"ImageObject\",\"inLanguage\":\"es\",\"@id\":\"https:\\\/\\\/secure.gravatar.com\\\/avatar\\\/3ea2118a5f7dad2b7138b1187a6b7ee55f160b9968b66013c3a3ef39dd7e5798?s=96&d=mm&r=g\",\"url\":\"https:\\\/\\\/secure.gravatar.com\\\/avatar\\\/3ea2118a5f7dad2b7138b1187a6b7ee55f160b9968b66013c3a3ef39dd7e5798?s=96&d=mm&r=g\",\"contentUrl\":\"https:\\\/\\\/secure.gravatar.com\\\/avatar\\\/3ea2118a5f7dad2b7138b1187a6b7ee55f160b9968b66013c3a3ef39dd7e5798?s=96&d=mm&r=g\",\"caption\":\"Jeanette\"},\"sameAs\":[\"https:\\\/\\\/www.eldiario.net\\\/portal\"],\"url\":\"https:\\\/\\\/www.eldiario.net\\\/portal\\\/author\\\/jeanette\\\/\"}]}<\/script>\n<!-- \/ Yoast SEO plugin. -->","yoast_head_json":{"title":"Falleci\u00f3 actor Matthew Perry en Los \u00c1ngeles - El Diario - Bolivia","robots":{"index":"index","follow":"follow","max-snippet":"max-snippet:-1","max-image-preview":"max-image-preview:large","max-video-preview":"max-video-preview:-1"},"canonical":"https:\/\/www.eldiario.net\/portal\/2023\/10\/29\/fallecio-actor-matthew-perry-en-los-angeles\/","og_locale":"es_ES","og_type":"article","og_title":"Falleci\u00f3 actor Matthew Perry en Los \u00c1ngeles - El Diario - Bolivia","og_description":"El actor Matthew Perry, conocido por su labor en la serie Friends en la que encarn\u00f3 al personaje de Chandler Bing, muri\u00f3 ayer a los 54 a\u00f1os, seg\u00fan el medio de espect\u00e1culos TMZ. Fuentes policiales confirmaron al medio especializado que el actor fue encontrado muerto en su casa de Los \u00c1ngeles. \u00abAparentemente se habr\u00eda ahogado\u00bb [&hellip;]","og_url":"https:\/\/www.eldiario.net\/portal\/2023\/10\/29\/fallecio-actor-matthew-perry-en-los-angeles\/","og_site_name":"El Diario - Bolivia","article_publisher":"https:\/\/www.facebook.com\/eldiario.bolivia\/","article_published_time":"2023-10-29T10:04:47+00:00","og_image":[{"width":828,"height":548,"url":"https:\/\/www.eldiario.net\/portal\/wp-content\/uploads\/2023\/10\/P-4-10-cm-x-7-7.jpg","type":"image\/jpeg"}],"author":"Jeanette","twitter_card":"summary_large_image","twitter_creator":"@eldiario_net","twitter_site":"@eldiario_net","twitter_misc":{"Escrito por":"Jeanette","Tiempo de lectura":"4 minutos"},"schema":{"@context":"https:\/\/schema.org","@graph":[{"@type":"Article","@id":"https:\/\/www.eldiario.net\/portal\/2023\/10\/29\/fallecio-actor-matthew-perry-en-los-angeles\/#article","isPartOf":{"@id":"https:\/\/www.eldiario.net\/portal\/2023\/10\/29\/fallecio-actor-matthew-perry-en-los-angeles\/"},"author":{"name":"Jeanette","@id":"https:\/\/www.eldiario.net\/portal\/#\/schema\/person\/f46445640444750d7d753ccd04ae01b7"},"headline":"Falleci\u00f3 actor Matthew Perry en Los \u00c1ngeles","datePublished":"2023-10-29T10:04:47+00:00","mainEntityOfPage":{"@id":"https:\/\/www.eldiario.net\/portal\/2023\/10\/29\/fallecio-actor-matthew-perry-en-los-angeles\/"},"wordCount":805,"publisher":{"@id":"https:\/\/www.eldiario.net\/portal\/#organization"},"image":{"@id":"https:\/\/www.eldiario.net\/portal\/2023\/10\/29\/fallecio-actor-matthew-perry-en-los-angeles\/#primaryimage"},"thumbnailUrl":"https:\/\/www.eldiario.net\/portal\/wp-content\/uploads\/2023\/10\/P-4-10-cm-x-7-7.jpg","articleSection":["Portada"],"inLanguage":"es"},{"@type":"WebPage","@id":"https:\/\/www.eldiario.net\/portal\/2023\/10\/29\/fallecio-actor-matthew-perry-en-los-angeles\/","url":"https:\/\/www.eldiario.net\/portal\/2023\/10\/29\/fallecio-actor-matthew-perry-en-los-angeles\/","name":"Falleci\u00f3 actor Matthew Perry en Los \u00c1ngeles - El Diario - Bolivia","isPartOf":{"@id":"https:\/\/www.eldiario.net\/portal\/#website"},"primaryImageOfPage":{"@id":"https:\/\/www.eldiario.net\/portal\/2023\/10\/29\/fallecio-actor-matthew-perry-en-los-angeles\/#primaryimage"},"image":{"@id":"https:\/\/www.eldiario.net\/portal\/2023\/10\/29\/fallecio-actor-matthew-perry-en-los-angeles\/#primaryimage"},"thumbnailUrl":"https:\/\/www.eldiario.net\/portal\/wp-content\/uploads\/2023\/10\/P-4-10-cm-x-7-7.jpg","datePublished":"2023-10-29T10:04:47+00:00","breadcrumb":{"@id":"https:\/\/www.eldiario.net\/portal\/2023\/10\/29\/fallecio-actor-matthew-perry-en-los-angeles\/#breadcrumb"},"inLanguage":"es","potentialAction":[{"@type":"ReadAction","target":["https:\/\/www.eldiario.net\/portal\/2023\/10\/29\/fallecio-actor-matthew-perry-en-los-angeles\/"]}]},{"@type":"ImageObject","inLanguage":"es","@id":"https:\/\/www.eldiario.net\/portal\/2023\/10\/29\/fallecio-actor-matthew-perry-en-los-angeles\/#primaryimage","url":"https:\/\/www.eldiario.net\/portal\/wp-content\/uploads\/2023\/10\/P-4-10-cm-x-7-7.jpg","contentUrl":"https:\/\/www.eldiario.net\/portal\/wp-content\/uploads\/2023\/10\/P-4-10-cm-x-7-7.jpg","width":828,"height":548,"caption":"El actor Matthew Perry muri\u00f3 en Estados Unidos. CREDITO: Diario con vos"},{"@type":"BreadcrumbList","@id":"https:\/\/www.eldiario.net\/portal\/2023\/10\/29\/fallecio-actor-matthew-perry-en-los-angeles\/#breadcrumb","itemListElement":[{"@type":"ListItem","position":1,"name":"Portada","item":"https:\/\/www.eldiario.net\/portal\/"},{"@type":"ListItem","position":2,"name":"Falleci\u00f3 actor Matthew Perry en Los \u00c1ngeles"}]},{"@type":"WebSite","@id":"https:\/\/www.eldiario.net\/portal\/#website","url":"https:\/\/www.eldiario.net\/portal\/","name":"El Diario - Decano de la prensa nacional","description":"El Diario - Decano de la prensa nacional","publisher":{"@id":"https:\/\/www.eldiario.net\/portal\/#organization"},"potentialAction":[{"@type":"SearchAction","target":{"@type":"EntryPoint","urlTemplate":"https:\/\/www.eldiario.net\/portal\/?s={search_term_string}"},"query-input":{"@type":"PropertyValueSpecification","valueRequired":true,"valueName":"search_term_string"}}],"inLanguage":"es"},{"@type":"Organization","@id":"https:\/\/www.eldiario.net\/portal\/#organization","name":"El Diario - Decano de la prensa nacional","url":"https:\/\/www.eldiario.net\/portal\/","logo":{"@type":"ImageObject","inLanguage":"es","@id":"https:\/\/www.eldiario.net\/portal\/#\/schema\/logo\/image\/","url":"https:\/\/www.eldiario.net\/portal\/wp-content\/uploads\/2023\/07\/logo_ED.jpg","contentUrl":"https:\/\/www.eldiario.net\/portal\/wp-content\/uploads\/2023\/07\/logo_ED.jpg","width":272,"height":52,"caption":"El Diario - Decano de la prensa nacional"},"image":{"@id":"https:\/\/www.eldiario.net\/portal\/#\/schema\/logo\/image\/"},"sameAs":["https:\/\/www.facebook.com\/eldiario.bolivia\/","https:\/\/x.com\/eldiario_net"]},{"@type":"Person","@id":"https:\/\/www.eldiario.net\/portal\/#\/schema\/person\/f46445640444750d7d753ccd04ae01b7","name":"Jeanette","image":{"@type":"ImageObject","inLanguage":"es","@id":"https:\/\/secure.gravatar.com\/avatar\/3ea2118a5f7dad2b7138b1187a6b7ee55f160b9968b66013c3a3ef39dd7e5798?s=96&d=mm&r=g","url":"https:\/\/secure.gravatar.com\/avatar\/3ea2118a5f7dad2b7138b1187a6b7ee55f160b9968b66013c3a3ef39dd7e5798?s=96&d=mm&r=g","contentUrl":"https:\/\/secure.gravatar.com\/avatar\/3ea2118a5f7dad2b7138b1187a6b7ee55f160b9968b66013c3a3ef39dd7e5798?s=96&d=mm&r=g","caption":"Jeanette"},"sameAs":["https:\/\/www.eldiario.net\/portal"],"url":"https:\/\/www.eldiario.net\/portal\/author\/jeanette\/"}]}},"_links":{"self":[{"href":"https:\/\/www.eldiario.net\/portal\/wp-json\/wp\/v2\/posts\/184439","targetHints":{"allow":["GET"]}}],"collection":[{"href":"https:\/\/www.eldiario.net\/portal\/wp-json\/wp\/v2\/posts"}],"about":[{"href":"https:\/\/www.eldiario.net\/portal\/wp-json\/wp\/v2\/types\/post"}],"author":[{"embeddable":true,"href":"https:\/\/www.eldiario.net\/portal\/wp-json\/wp\/v2\/users\/1"}],"replies":[{"embeddable":true,"href":"https:\/\/www.eldiario.net\/portal\/wp-json\/wp\/v2\/comments?post=184439"}],"version-history":[{"count":0,"href":"https:\/\/www.eldiario.net\/portal\/wp-json\/wp\/v2\/posts\/184439\/revisions"}],"wp:featuredmedia":[{"embeddable":true,"href":"https:\/\/www.eldiario.net\/portal\/wp-json\/wp\/v2\/media\/184440"}],"wp:attachment":[{"href":"https:\/\/www.eldiario.net\/portal\/wp-json\/wp\/v2\/media?parent=184439"}],"wp:term":[{"taxonomy":"category","embeddable":true,"href":"https:\/\/www.eldiario.net\/portal\/wp-json\/wp\/v2\/categories?post=184439"},{"taxonomy":"post_tag","embeddable":true,"href":"https:\/\/www.eldiario.net\/portal\/wp-json\/wp\/v2\/tags?post=184439"}],"curies":[{"name":"wp","href":"https:\/\/api.w.org\/{rel}","templated":true}]}}