{"id":183739,"date":"2023-10-25T07:59:02","date_gmt":"2023-10-25T11:59:02","guid":{"rendered":"https:\/\/www.eldiario.net\/portal\/?p=183739"},"modified":"2023-10-25T07:59:02","modified_gmt":"2023-10-25T11:59:02","slug":"promueven-compra-de-productos-nacionales-para-canastones-de-navidad","status":"publish","type":"post","link":"https:\/\/www.eldiario.net\/portal\/2023\/10\/25\/promueven-compra-de-productos-nacionales-para-canastones-de-navidad\/","title":{"rendered":"Promueven compra de productos  nacionales para canastones de Navidad"},"content":{"rendered":"<p>Incentivan la compra de productos nacionales para los canastones de Navidad mediante la rueda de negocios del productor al consumidor. Muchas empresas de varios sectores ya planifican estrategia para reactivar su econom\u00eda por fin de a\u00f1o.<br \/>\nEl ministro de Desarrollo Productivo y Econom\u00eda Plural, N\u00e9stor Huanca, present\u00f3 ayer la Rueda de Negocios del Productor al Canast\u00f3n para que artesanos, micro y peque\u00f1as empresas (MyPEs) oferten sus productos nacionales con el sello \u201cHecho en Bolivia\u201d a instituciones p\u00fablicas y privadas para que armen los canastones de fin de a\u00f1o.<br \/>\n\u201cEn la \u00e9poca navide\u00f1a es una excelente oportunidad para que la poblaci\u00f3n boliviana conozca, valore, consuma toda la producci\u00f3n nacional; la calidad y la variedad de productos en el sector manufacturera\u201d, se\u00f1al\u00f3.<br \/>\nEl Ministerio de Desarrollo Productivo y Econom\u00eda Plural coordinar\u00e1 con la dirigencia de la Conamype y representantes departamentales y regionales, para impulsar la segunda versi\u00f3n de la rueda de negocios del Productor al Canast\u00f3n, como un espacio de articulaci\u00f3n comercial y promoci\u00f3n de la calidad y variedad de los productos bolivianos.<br \/>\nEl ministro Huanca precis\u00f3 que en la gesti\u00f3n 2022, en la primera versi\u00f3n de la rueda de negocios, participaron 270 unidades productivas de los rubros de alimentos, textiles, cueros, artesan\u00eda, madera y cosm\u00e9ticos, entre otros, que generaron m\u00e1s de 2,6 millones de bolivianos en intenciones de compras por parte de los Fondos Sociales.<br \/>\nPrev\u00e9 que en esta segunda versi\u00f3n se tenga una intenci\u00f3n de negocios de 5 millones de bolivianos, con una participaci\u00f3n de al menos 350 unidades productivas.<br \/>\nPor su parte, el viceministro de la Micro, Peque\u00f1a Empresa y Artesan\u00eda, Nelson Aruquipa, inform\u00f3 que la etapa de inscripci\u00f3n para participar en la rueda de negocios, se realizar\u00e1 a partir de la fecha hasta el 5 de noviembre, para ello dijo que se dispuso un QR que est\u00e1 en la p\u00e1gina web: https:\/\/produccion.gob.bo\/.<br \/>\n\u201cDel 6 al 10 de noviembre realizaremos capacitaciones para nuestros productores. La rueda de negocios se llevar\u00e1 a cabo el 15, 16 y 17 en La Paz, y el 16 y 17 de noviembre en Cochabamba y Santa Cruz, est\u00e1n invitados a participar todos los productores de la micro, mediana empresa y artesan\u00eda que requieran o deseen ser parte de los canastones\u201d, puntualiz\u00f3.<br \/>\nFinalmente, la presidenta de la Confederaci\u00f3n Nacional de la Micro y Peque\u00f1a Empresa (Conamype) Bolivia, Helen Rivero, agradeci\u00f3 a las autoridades del Estado por organizar una rueda de negocios para que las unidades productivas promocionen y comercialicen productos con el sello \u201cHecho en Bolivia\u201d.<\/p>\n","protected":false},"excerpt":{"rendered":"<p>Incentivan la compra de productos nacionales para los canastones de Navidad mediante la rueda de negocios del productor al consumidor. Muchas empresas de varios sectores ya planifican estrategia para reactivar su econom\u00eda por fin de a\u00f1o. El ministro de Desarrollo Productivo y Econom\u00eda Plural, N\u00e9stor Huanca, present\u00f3 ayer la Rueda de Negocios del Productor al [&hellip;]<\/p>\n","protected":false},"author":1,"featured_media":183740,"comment_status":"closed","ping_status":"open","sticky":false,"template":"","format":"standard","meta":{"_acf_changed":false,"footnotes":""},"categories":[7],"tags":[],"class_list":["post-183739","post","type-post","status-publish","format-standard","has-post-thumbnail","category-economia"],"acf":{"antetitulo":""},"yoast_head":"<!-- This site is optimized with the Yoast SEO plugin v28.3 - https:\/\/yoast.com\/product\/yoast-seo-wordpress\/ -->\n<title>Promueven compra de productos nacionales para canastones de Navidad - El Diario - Bolivia<\/title>\n<meta name=\"robots\" content=\"index, follow, max-snippet:-1, max-image-preview:large, max-video-preview:-1\" \/>\n<link rel=\"canonical\" href=\"https:\/\/www.eldiario.net\/portal\/2023\/10\/25\/promueven-compra-de-productos-nacionales-para-canastones-de-navidad\/\" \/>\n<meta property=\"og:locale\" content=\"es_ES\" \/>\n<meta property=\"og:type\" content=\"article\" \/>\n<meta property=\"og:title\" content=\"Promueven compra de productos nacionales para canastones de Navidad - El Diario - Bolivia\" \/>\n<meta property=\"og:description\" content=\"Incentivan la compra de productos nacionales para los canastones de Navidad mediante la rueda de negocios del productor al consumidor. Muchas empresas de varios sectores ya planifican estrategia para reactivar su econom\u00eda por fin de a\u00f1o. El ministro de Desarrollo Productivo y Econom\u00eda Plural, N\u00e9stor Huanca, present\u00f3 ayer la Rueda de Negocios del Productor al [&hellip;]\" \/>\n<meta property=\"og:url\" content=\"https:\/\/www.eldiario.net\/portal\/2023\/10\/25\/promueven-compra-de-productos-nacionales-para-canastones-de-navidad\/\" \/>\n<meta property=\"og:site_name\" content=\"El Diario - Bolivia\" \/>\n<meta property=\"article:publisher\" content=\"https:\/\/www.facebook.com\/eldiario.bolivia\/\" \/>\n<meta property=\"article:published_time\" content=\"2023-10-25T11:59:02+00:00\" \/>\n<meta property=\"og:image\" content=\"https:\/\/www.eldiario.net\/portal\/wp-content\/uploads\/2023\/10\/navi.jpg\" \/>\n\t<meta property=\"og:image:width\" content=\"1588\" \/>\n\t<meta property=\"og:image:height\" content=\"1600\" \/>\n\t<meta property=\"og:image:type\" content=\"image\/jpeg\" \/>\n<meta name=\"author\" content=\"Jeanette\" \/>\n<meta name=\"twitter:card\" content=\"summary_large_image\" \/>\n<meta name=\"twitter:creator\" content=\"@eldiario_net\" \/>\n<meta name=\"twitter:site\" content=\"@eldiario_net\" \/>\n<meta name=\"twitter:label1\" content=\"Escrito por\" \/>\n\t<meta name=\"twitter:data1\" content=\"Jeanette\" \/>\n\t<meta name=\"twitter:label2\" content=\"Tiempo de lectura\" \/>\n\t<meta name=\"twitter:data2\" content=\"2 minutos\" \/>\n<script type=\"application\/ld+json\" class=\"yoast-schema-graph\">{\"@context\":\"https:\\\/\\\/schema.org\",\"@graph\":[{\"@type\":\"Article\",\"@id\":\"https:\\\/\\\/www.eldiario.net\\\/portal\\\/2023\\\/10\\\/25\\\/promueven-compra-de-productos-nacionales-para-canastones-de-navidad\\\/#article\",\"isPartOf\":{\"@id\":\"https:\\\/\\\/www.eldiario.net\\\/portal\\\/2023\\\/10\\\/25\\\/promueven-compra-de-productos-nacionales-para-canastones-de-navidad\\\/\"},\"author\":{\"name\":\"Jeanette\",\"@id\":\"https:\\\/\\\/www.eldiario.net\\\/portal\\\/#\\\/schema\\\/person\\\/f46445640444750d7d753ccd04ae01b7\"},\"headline\":\"Promueven compra de productos nacionales para canastones de Navidad\",\"datePublished\":\"2023-10-25T11:59:02+00:00\",\"mainEntityOfPage\":{\"@id\":\"https:\\\/\\\/www.eldiario.net\\\/portal\\\/2023\\\/10\\\/25\\\/promueven-compra-de-productos-nacionales-para-canastones-de-navidad\\\/\"},\"wordCount\":443,\"publisher\":{\"@id\":\"https:\\\/\\\/www.eldiario.net\\\/portal\\\/#organization\"},\"image\":{\"@id\":\"https:\\\/\\\/www.eldiario.net\\\/portal\\\/2023\\\/10\\\/25\\\/promueven-compra-de-productos-nacionales-para-canastones-de-navidad\\\/#primaryimage\"},\"thumbnailUrl\":\"https:\\\/\\\/www.eldiario.net\\\/portal\\\/wp-content\\\/uploads\\\/2023\\\/10\\\/navi.jpg\",\"articleSection\":[\"Econom\u00eda\"],\"inLanguage\":\"es\"},{\"@type\":\"WebPage\",\"@id\":\"https:\\\/\\\/www.eldiario.net\\\/portal\\\/2023\\\/10\\\/25\\\/promueven-compra-de-productos-nacionales-para-canastones-de-navidad\\\/\",\"url\":\"https:\\\/\\\/www.eldiario.net\\\/portal\\\/2023\\\/10\\\/25\\\/promueven-compra-de-productos-nacionales-para-canastones-de-navidad\\\/\",\"name\":\"Promueven compra de productos nacionales para canastones de Navidad - El Diario - Bolivia\",\"isPartOf\":{\"@id\":\"https:\\\/\\\/www.eldiario.net\\\/portal\\\/#website\"},\"primaryImageOfPage\":{\"@id\":\"https:\\\/\\\/www.eldiario.net\\\/portal\\\/2023\\\/10\\\/25\\\/promueven-compra-de-productos-nacionales-para-canastones-de-navidad\\\/#primaryimage\"},\"image\":{\"@id\":\"https:\\\/\\\/www.eldiario.net\\\/portal\\\/2023\\\/10\\\/25\\\/promueven-compra-de-productos-nacionales-para-canastones-de-navidad\\\/#primaryimage\"},\"thumbnailUrl\":\"https:\\\/\\\/www.eldiario.net\\\/portal\\\/wp-content\\\/uploads\\\/2023\\\/10\\\/navi.jpg\",\"datePublished\":\"2023-10-25T11:59:02+00:00\",\"breadcrumb\":{\"@id\":\"https:\\\/\\\/www.eldiario.net\\\/portal\\\/2023\\\/10\\\/25\\\/promueven-compra-de-productos-nacionales-para-canastones-de-navidad\\\/#breadcrumb\"},\"inLanguage\":\"es\",\"potentialAction\":[{\"@type\":\"ReadAction\",\"target\":[\"https:\\\/\\\/www.eldiario.net\\\/portal\\\/2023\\\/10\\\/25\\\/promueven-compra-de-productos-nacionales-para-canastones-de-navidad\\\/\"]}]},{\"@type\":\"ImageObject\",\"inLanguage\":\"es\",\"@id\":\"https:\\\/\\\/www.eldiario.net\\\/portal\\\/2023\\\/10\\\/25\\\/promueven-compra-de-productos-nacionales-para-canastones-de-navidad\\\/#primaryimage\",\"url\":\"https:\\\/\\\/www.eldiario.net\\\/portal\\\/wp-content\\\/uploads\\\/2023\\\/10\\\/navi.jpg\",\"contentUrl\":\"https:\\\/\\\/www.eldiario.net\\\/portal\\\/wp-content\\\/uploads\\\/2023\\\/10\\\/navi.jpg\",\"width\":1588,\"height\":1600,\"caption\":\"Productos nacionales, que estar\u00e1n en oferta.\"},{\"@type\":\"BreadcrumbList\",\"@id\":\"https:\\\/\\\/www.eldiario.net\\\/portal\\\/2023\\\/10\\\/25\\\/promueven-compra-de-productos-nacionales-para-canastones-de-navidad\\\/#breadcrumb\",\"itemListElement\":[{\"@type\":\"ListItem\",\"position\":1,\"name\":\"Portada\",\"item\":\"https:\\\/\\\/www.eldiario.net\\\/portal\\\/\"},{\"@type\":\"ListItem\",\"position\":2,\"name\":\"Promueven compra de productos nacionales para canastones de Navidad\"}]},{\"@type\":\"WebSite\",\"@id\":\"https:\\\/\\\/www.eldiario.net\\\/portal\\\/#website\",\"url\":\"https:\\\/\\\/www.eldiario.net\\\/portal\\\/\",\"name\":\"El Diario - Decano de la prensa nacional\",\"description\":\"El Diario - Decano de la prensa nacional\",\"publisher\":{\"@id\":\"https:\\\/\\\/www.eldiario.net\\\/portal\\\/#organization\"},\"potentialAction\":[{\"@type\":\"SearchAction\",\"target\":{\"@type\":\"EntryPoint\",\"urlTemplate\":\"https:\\\/\\\/www.eldiario.net\\\/portal\\\/?s={search_term_string}\"},\"query-input\":{\"@type\":\"PropertyValueSpecification\",\"valueRequired\":true,\"valueName\":\"search_term_string\"}}],\"inLanguage\":\"es\"},{\"@type\":\"Organization\",\"@id\":\"https:\\\/\\\/www.eldiario.net\\\/portal\\\/#organization\",\"name\":\"El Diario - Decano de la prensa nacional\",\"url\":\"https:\\\/\\\/www.eldiario.net\\\/portal\\\/\",\"logo\":{\"@type\":\"ImageObject\",\"inLanguage\":\"es\",\"@id\":\"https:\\\/\\\/www.eldiario.net\\\/portal\\\/#\\\/schema\\\/logo\\\/image\\\/\",\"url\":\"https:\\\/\\\/www.eldiario.net\\\/portal\\\/wp-content\\\/uploads\\\/2023\\\/07\\\/logo_ED.jpg\",\"contentUrl\":\"https:\\\/\\\/www.eldiario.net\\\/portal\\\/wp-content\\\/uploads\\\/2023\\\/07\\\/logo_ED.jpg\",\"width\":272,\"height\":52,\"caption\":\"El Diario - Decano de la prensa nacional\"},\"image\":{\"@id\":\"https:\\\/\\\/www.eldiario.net\\\/portal\\\/#\\\/schema\\\/logo\\\/image\\\/\"},\"sameAs\":[\"https:\\\/\\\/www.facebook.com\\\/eldiario.bolivia\\\/\",\"https:\\\/\\\/x.com\\\/eldiario_net\"]},{\"@type\":\"Person\",\"@id\":\"https:\\\/\\\/www.eldiario.net\\\/portal\\\/#\\\/schema\\\/person\\\/f46445640444750d7d753ccd04ae01b7\",\"name\":\"Jeanette\",\"image\":{\"@type\":\"ImageObject\",\"inLanguage\":\"es\",\"@id\":\"https:\\\/\\\/secure.gravatar.com\\\/avatar\\\/3ea2118a5f7dad2b7138b1187a6b7ee55f160b9968b66013c3a3ef39dd7e5798?s=96&d=mm&r=g\",\"url\":\"https:\\\/\\\/secure.gravatar.com\\\/avatar\\\/3ea2118a5f7dad2b7138b1187a6b7ee55f160b9968b66013c3a3ef39dd7e5798?s=96&d=mm&r=g\",\"contentUrl\":\"https:\\\/\\\/secure.gravatar.com\\\/avatar\\\/3ea2118a5f7dad2b7138b1187a6b7ee55f160b9968b66013c3a3ef39dd7e5798?s=96&d=mm&r=g\",\"caption\":\"Jeanette\"},\"sameAs\":[\"https:\\\/\\\/www.eldiario.net\\\/portal\"],\"url\":\"https:\\\/\\\/www.eldiario.net\\\/portal\\\/author\\\/jeanette\\\/\"}]}<\/script>\n<!-- \/ Yoast SEO plugin. -->","yoast_head_json":{"title":"Promueven compra de productos nacionales para canastones de Navidad - El Diario - Bolivia","robots":{"index":"index","follow":"follow","max-snippet":"max-snippet:-1","max-image-preview":"max-image-preview:large","max-video-preview":"max-video-preview:-1"},"canonical":"https:\/\/www.eldiario.net\/portal\/2023\/10\/25\/promueven-compra-de-productos-nacionales-para-canastones-de-navidad\/","og_locale":"es_ES","og_type":"article","og_title":"Promueven compra de productos nacionales para canastones de Navidad - El Diario - Bolivia","og_description":"Incentivan la compra de productos nacionales para los canastones de Navidad mediante la rueda de negocios del productor al consumidor. Muchas empresas de varios sectores ya planifican estrategia para reactivar su econom\u00eda por fin de a\u00f1o. El ministro de Desarrollo Productivo y Econom\u00eda Plural, N\u00e9stor Huanca, present\u00f3 ayer la Rueda de Negocios del Productor al [&hellip;]","og_url":"https:\/\/www.eldiario.net\/portal\/2023\/10\/25\/promueven-compra-de-productos-nacionales-para-canastones-de-navidad\/","og_site_name":"El Diario - Bolivia","article_publisher":"https:\/\/www.facebook.com\/eldiario.bolivia\/","article_published_time":"2023-10-25T11:59:02+00:00","og_image":[{"width":1588,"height":1600,"url":"https:\/\/www.eldiario.net\/portal\/wp-content\/uploads\/2023\/10\/navi.jpg","type":"image\/jpeg"}],"author":"Jeanette","twitter_card":"summary_large_image","twitter_creator":"@eldiario_net","twitter_site":"@eldiario_net","twitter_misc":{"Escrito por":"Jeanette","Tiempo de lectura":"2 minutos"},"schema":{"@context":"https:\/\/schema.org","@graph":[{"@type":"Article","@id":"https:\/\/www.eldiario.net\/portal\/2023\/10\/25\/promueven-compra-de-productos-nacionales-para-canastones-de-navidad\/#article","isPartOf":{"@id":"https:\/\/www.eldiario.net\/portal\/2023\/10\/25\/promueven-compra-de-productos-nacionales-para-canastones-de-navidad\/"},"author":{"name":"Jeanette","@id":"https:\/\/www.eldiario.net\/portal\/#\/schema\/person\/f46445640444750d7d753ccd04ae01b7"},"headline":"Promueven compra de productos nacionales para canastones de Navidad","datePublished":"2023-10-25T11:59:02+00:00","mainEntityOfPage":{"@id":"https:\/\/www.eldiario.net\/portal\/2023\/10\/25\/promueven-compra-de-productos-nacionales-para-canastones-de-navidad\/"},"wordCount":443,"publisher":{"@id":"https:\/\/www.eldiario.net\/portal\/#organization"},"image":{"@id":"https:\/\/www.eldiario.net\/portal\/2023\/10\/25\/promueven-compra-de-productos-nacionales-para-canastones-de-navidad\/#primaryimage"},"thumbnailUrl":"https:\/\/www.eldiario.net\/portal\/wp-content\/uploads\/2023\/10\/navi.jpg","articleSection":["Econom\u00eda"],"inLanguage":"es"},{"@type":"WebPage","@id":"https:\/\/www.eldiario.net\/portal\/2023\/10\/25\/promueven-compra-de-productos-nacionales-para-canastones-de-navidad\/","url":"https:\/\/www.eldiario.net\/portal\/2023\/10\/25\/promueven-compra-de-productos-nacionales-para-canastones-de-navidad\/","name":"Promueven compra de productos nacionales para canastones de Navidad - El Diario - Bolivia","isPartOf":{"@id":"https:\/\/www.eldiario.net\/portal\/#website"},"primaryImageOfPage":{"@id":"https:\/\/www.eldiario.net\/portal\/2023\/10\/25\/promueven-compra-de-productos-nacionales-para-canastones-de-navidad\/#primaryimage"},"image":{"@id":"https:\/\/www.eldiario.net\/portal\/2023\/10\/25\/promueven-compra-de-productos-nacionales-para-canastones-de-navidad\/#primaryimage"},"thumbnailUrl":"https:\/\/www.eldiario.net\/portal\/wp-content\/uploads\/2023\/10\/navi.jpg","datePublished":"2023-10-25T11:59:02+00:00","breadcrumb":{"@id":"https:\/\/www.eldiario.net\/portal\/2023\/10\/25\/promueven-compra-de-productos-nacionales-para-canastones-de-navidad\/#breadcrumb"},"inLanguage":"es","potentialAction":[{"@type":"ReadAction","target":["https:\/\/www.eldiario.net\/portal\/2023\/10\/25\/promueven-compra-de-productos-nacionales-para-canastones-de-navidad\/"]}]},{"@type":"ImageObject","inLanguage":"es","@id":"https:\/\/www.eldiario.net\/portal\/2023\/10\/25\/promueven-compra-de-productos-nacionales-para-canastones-de-navidad\/#primaryimage","url":"https:\/\/www.eldiario.net\/portal\/wp-content\/uploads\/2023\/10\/navi.jpg","contentUrl":"https:\/\/www.eldiario.net\/portal\/wp-content\/uploads\/2023\/10\/navi.jpg","width":1588,"height":1600,"caption":"Productos nacionales, que estar\u00e1n en oferta."},{"@type":"BreadcrumbList","@id":"https:\/\/www.eldiario.net\/portal\/2023\/10\/25\/promueven-compra-de-productos-nacionales-para-canastones-de-navidad\/#breadcrumb","itemListElement":[{"@type":"ListItem","position":1,"name":"Portada","item":"https:\/\/www.eldiario.net\/portal\/"},{"@type":"ListItem","position":2,"name":"Promueven compra de productos nacionales para canastones de Navidad"}]},{"@type":"WebSite","@id":"https:\/\/www.eldiario.net\/portal\/#website","url":"https:\/\/www.eldiario.net\/portal\/","name":"El Diario - Decano de la prensa nacional","description":"El Diario - Decano de la prensa nacional","publisher":{"@id":"https:\/\/www.eldiario.net\/portal\/#organization"},"potentialAction":[{"@type":"SearchAction","target":{"@type":"EntryPoint","urlTemplate":"https:\/\/www.eldiario.net\/portal\/?s={search_term_string}"},"query-input":{"@type":"PropertyValueSpecification","valueRequired":true,"valueName":"search_term_string"}}],"inLanguage":"es"},{"@type":"Organization","@id":"https:\/\/www.eldiario.net\/portal\/#organization","name":"El Diario - Decano de la prensa nacional","url":"https:\/\/www.eldiario.net\/portal\/","logo":{"@type":"ImageObject","inLanguage":"es","@id":"https:\/\/www.eldiario.net\/portal\/#\/schema\/logo\/image\/","url":"https:\/\/www.eldiario.net\/portal\/wp-content\/uploads\/2023\/07\/logo_ED.jpg","contentUrl":"https:\/\/www.eldiario.net\/portal\/wp-content\/uploads\/2023\/07\/logo_ED.jpg","width":272,"height":52,"caption":"El Diario - Decano de la prensa nacional"},"image":{"@id":"https:\/\/www.eldiario.net\/portal\/#\/schema\/logo\/image\/"},"sameAs":["https:\/\/www.facebook.com\/eldiario.bolivia\/","https:\/\/x.com\/eldiario_net"]},{"@type":"Person","@id":"https:\/\/www.eldiario.net\/portal\/#\/schema\/person\/f46445640444750d7d753ccd04ae01b7","name":"Jeanette","image":{"@type":"ImageObject","inLanguage":"es","@id":"https:\/\/secure.gravatar.com\/avatar\/3ea2118a5f7dad2b7138b1187a6b7ee55f160b9968b66013c3a3ef39dd7e5798?s=96&d=mm&r=g","url":"https:\/\/secure.gravatar.com\/avatar\/3ea2118a5f7dad2b7138b1187a6b7ee55f160b9968b66013c3a3ef39dd7e5798?s=96&d=mm&r=g","contentUrl":"https:\/\/secure.gravatar.com\/avatar\/3ea2118a5f7dad2b7138b1187a6b7ee55f160b9968b66013c3a3ef39dd7e5798?s=96&d=mm&r=g","caption":"Jeanette"},"sameAs":["https:\/\/www.eldiario.net\/portal"],"url":"https:\/\/www.eldiario.net\/portal\/author\/jeanette\/"}]}},"_links":{"self":[{"href":"https:\/\/www.eldiario.net\/portal\/wp-json\/wp\/v2\/posts\/183739","targetHints":{"allow":["GET"]}}],"collection":[{"href":"https:\/\/www.eldiario.net\/portal\/wp-json\/wp\/v2\/posts"}],"about":[{"href":"https:\/\/www.eldiario.net\/portal\/wp-json\/wp\/v2\/types\/post"}],"author":[{"embeddable":true,"href":"https:\/\/www.eldiario.net\/portal\/wp-json\/wp\/v2\/users\/1"}],"replies":[{"embeddable":true,"href":"https:\/\/www.eldiario.net\/portal\/wp-json\/wp\/v2\/comments?post=183739"}],"version-history":[{"count":0,"href":"https:\/\/www.eldiario.net\/portal\/wp-json\/wp\/v2\/posts\/183739\/revisions"}],"wp:featuredmedia":[{"embeddable":true,"href":"https:\/\/www.eldiario.net\/portal\/wp-json\/wp\/v2\/media\/183740"}],"wp:attachment":[{"href":"https:\/\/www.eldiario.net\/portal\/wp-json\/wp\/v2\/media?parent=183739"}],"wp:term":[{"taxonomy":"category","embeddable":true,"href":"https:\/\/www.eldiario.net\/portal\/wp-json\/wp\/v2\/categories?post=183739"},{"taxonomy":"post_tag","embeddable":true,"href":"https:\/\/www.eldiario.net\/portal\/wp-json\/wp\/v2\/tags?post=183739"}],"curies":[{"name":"wp","href":"https:\/\/api.w.org\/{rel}","templated":true}]}}