{"id":183736,"date":"2023-10-25T07:57:33","date_gmt":"2023-10-25T11:57:33","guid":{"rendered":"https:\/\/www.eldiario.net\/portal\/?p=183736"},"modified":"2023-10-25T07:57:33","modified_gmt":"2023-10-25T11:57:33","slug":"identifican-a-tres-grupos-autores-de-la-tala-e-incendios-en-santa-cruz","status":"publish","type":"post","link":"https:\/\/www.eldiario.net\/portal\/2023\/10\/25\/identifican-a-tres-grupos-autores-de-la-tala-e-incendios-en-santa-cruz\/","title":{"rendered":"Identifican a tres grupos autores de  la tala e incendios en Santa Cruz"},"content":{"rendered":"<p>Ante los incendios de gran magnitud que est\u00e1 provocando que los cruce\u00f1os respiren aire con elevado nivel de contaminaci\u00f3n, la Fundaci\u00f3n Tierra public\u00f3 una gu\u00eda para entender el problema e identific\u00f3 a tres grupos que son los principales responsables de las quemas.<br \/>\nEl Gobierno report\u00f3 incendios en San Ignacio de Velasco, San Mat\u00edas, Comarapa, Buena Vista y Yapacan\u00ed, todos pertenecientes a Santa Cruz. Estos ser\u00edan responsables de la elevada contaminaci\u00f3n del aire en todo el departamento.<br \/>\nPara la Organizaci\u00f3n No Gubernamental (ONG), los protagonistas de los incendios son: las grandes y medianas propiedades ganaderas que buscan ampliar sus pastizales; los productores soyeros de todo tama\u00f1o, incluyendo empresas agropecuarias, colonias menonitas y comunidades campesinas de las zonas de colonizaci\u00f3n, territorios ind\u00edgenas con derecho de uso cedidos a privados y los beneficiarios de comunidades con autorizaciones de asentamiento en tierras fiscales.<br \/>\n\u201cLos principales involucrados en la tala y quema de los bosques, son los directos interesados en la ampliaci\u00f3n de la frontera agropecuaria y puesta en producci\u00f3n de nuevas tierras para cultivos de exportaci\u00f3n\u201d, sostiene la Fundaci\u00f3n Tierra.<br \/>\nEl director de Gesti\u00f3n y Desarrollo Forestal, Omar Tejerina, inform\u00f3 que la Autoridad de Bosques y Tierras (ABT) inici\u00f3 127 procesos en contra de personas que realizaron quemas no autorizadas.<br \/>\nSin embargo, legisladores resaltaron que estos infractores no recibir\u00e1n una sanci\u00f3n ejemplificadora porque la multa es rid\u00edcula y la pena es tan m\u00ednima que dif\u00edcilmente pueden ser enviados a prisi\u00f3n.<br \/>\nRespecto a los d\u00edas de calor extremo que vive Santa Cruz, la Fundaci\u00f3n Tierra resalt\u00f3 que desde el domingo se presentaron temperaturas superiores a los 40\u00baC. Ese tipo de climas se incrementar\u00e1n progresivamente hasta el 2060, si contin\u00faa la destrucci\u00f3n de bosques.<br \/>\nBENI EN EMERGENCIA<br \/>\nEl fuego no da tregua en el pa\u00eds, el gobernador del Beni promulg\u00f3 la Ley de Declaratoria de Emergencia Departamental debido a los incendios que se registraron en tres municipios. Mientras que, en Cochabamba y Santa Cruz los focos de calor persisten, algunas regiones se declararon en desastre natural.<br \/>\nLos municipios de Rurrenabaque, Baures y San Borja se declararon en desastre natural, por el incremento de incendios que est\u00e1n afectando a los cultivos agr\u00edcolas, la fauna y flora. Al respecto, el director de Finanzas, Francisco Rivero, dijo que se est\u00e1 disponiendo de los recursos econ\u00f3micos para la adquisici\u00f3n de herramientas e implementos que coadyuven con la mitigaci\u00f3n del fuego.<br \/>\n\u201cA trav\u00e9s de la declaratoria estamos adquiriendo fumigadoras, equipos completos antiflama, tanques flexibles, palas, picotas y carretillas para combatir los incendios que se han presentado\u201d, explic\u00f3.<br \/>\nA la vez, el secretario departamental de Medio Ambiente, Pedro Villalobos, indic\u00f3 que desde el Comando Departamental de la Polic\u00eda se dispuso el traslado de al menos 100 bomberos y 35 integrantes del personal forestal de las Fuerzas Armadas a las regiones, donde se encuentran los focos de calor.<br \/>\nCIUDADES<br \/>\nLos recientes reportes del monitoreo de las \u00faltimas semanas reflejaron que cinco ciudades capitales la calidad del aire es mala, afirm\u00f3 la responsable del Programa Nacional de Calidad del Aire, Victoria Coaquira.<br \/>\nDesde mediados de este mes, la situaci\u00f3n en la capital cruce\u00f1a es la que lleva la situaci\u00f3n m\u00e1s cr\u00edtica esto debido a la intensa humareda producida por los incendios forestales que afectan a varios municipios del departamento.<br \/>\nLa calidad del aire en Santa Cruz de la Sierra se encuentra en 308 en el \u00cdndice de Calidad Atmosf\u00e9rica (ICA), es decir, extremadamente mala, sostuvo la profesional. Esta situaci\u00f3n ocasiona problemas respiratorios en la poblaci\u00f3n.<br \/>\n\u201cLo que el Ministerio de Salud est\u00e1 recomendando es el uso de barbijo, debido a esta calidad de aire, especialmente en el municipio de Santa Cruz de la Sierra\u201d, asever\u00f3.<br \/>\nEn caso de la ciudad de La Paz, Coaquira indic\u00f3 que la calidad de aire es de 134 (malo), lo que obedece a que igual manera los sectores m\u00e1s fr\u00e1giles, en este caso, las personas que tiene problemas cr\u00f3nicos de respiraci\u00f3n, utilicen barbijo.<br \/>\nCochabamba tiene 125 (malo) de ICA por los incendios forestales, Potos\u00ed 114 (malo), por actividad minera. Tarija tiene 117 (malo), Cobija 70 (regular), Oruro 80 (regular), El Alto 83 (regular) y Beni 57. (ANF\/Erbol)<\/p>\n<p>PIE DE FOTO: FOTO:<\/p>\n","protected":false},"excerpt":{"rendered":"<p>Ante los incendios de gran magnitud que est\u00e1 provocando que los cruce\u00f1os respiren aire con elevado nivel de contaminaci\u00f3n, la Fundaci\u00f3n Tierra public\u00f3 una gu\u00eda para entender el problema e identific\u00f3 a tres grupos que son los principales responsables de las quemas. El Gobierno report\u00f3 incendios en San Ignacio de Velasco, San Mat\u00edas, Comarapa, Buena [&hellip;]<\/p>\n","protected":false},"author":1,"featured_media":183737,"comment_status":"closed","ping_status":"open","sticky":false,"template":"","format":"standard","meta":{"_acf_changed":false,"footnotes":""},"categories":[12],"tags":[],"class_list":["post-183736","post","type-post","status-publish","format-standard","has-post-thumbnail","category-nacional"],"acf":{"antetitulo":""},"yoast_head":"<!-- This site is optimized with the Yoast SEO plugin v28.3 - https:\/\/yoast.com\/product\/yoast-seo-wordpress\/ -->\n<title>Identifican a tres grupos autores de la tala e incendios en Santa Cruz - El Diario - Bolivia<\/title>\n<meta name=\"robots\" content=\"index, follow, max-snippet:-1, max-image-preview:large, max-video-preview:-1\" \/>\n<link rel=\"canonical\" href=\"https:\/\/www.eldiario.net\/portal\/2023\/10\/25\/identifican-a-tres-grupos-autores-de-la-tala-e-incendios-en-santa-cruz\/\" \/>\n<meta property=\"og:locale\" content=\"es_ES\" \/>\n<meta property=\"og:type\" content=\"article\" \/>\n<meta property=\"og:title\" content=\"Identifican a tres grupos autores de la tala e incendios en Santa Cruz - El Diario - Bolivia\" \/>\n<meta property=\"og:description\" content=\"Ante los incendios de gran magnitud que est\u00e1 provocando que los cruce\u00f1os respiren aire con elevado nivel de contaminaci\u00f3n, la Fundaci\u00f3n Tierra public\u00f3 una gu\u00eda para entender el problema e identific\u00f3 a tres grupos que son los principales responsables de las quemas. El Gobierno report\u00f3 incendios en San Ignacio de Velasco, San Mat\u00edas, Comarapa, Buena [&hellip;]\" \/>\n<meta property=\"og:url\" content=\"https:\/\/www.eldiario.net\/portal\/2023\/10\/25\/identifican-a-tres-grupos-autores-de-la-tala-e-incendios-en-santa-cruz\/\" \/>\n<meta property=\"og:site_name\" content=\"El Diario - Bolivia\" \/>\n<meta property=\"article:publisher\" content=\"https:\/\/www.facebook.com\/eldiario.bolivia\/\" \/>\n<meta property=\"article:published_time\" content=\"2023-10-25T11:57:33+00:00\" \/>\n<meta property=\"og:image\" content=\"https:\/\/www.eldiario.net\/portal\/wp-content\/uploads\/2023\/10\/10-NAL-COLOR-6.jpg\" \/>\n\t<meta property=\"og:image:width\" content=\"720\" \/>\n\t<meta property=\"og:image:height\" content=\"400\" \/>\n\t<meta property=\"og:image:type\" content=\"image\/jpeg\" \/>\n<meta name=\"author\" content=\"Jeanette\" \/>\n<meta name=\"twitter:card\" content=\"summary_large_image\" \/>\n<meta name=\"twitter:creator\" content=\"@eldiario_net\" \/>\n<meta name=\"twitter:site\" content=\"@eldiario_net\" \/>\n<meta name=\"twitter:label1\" content=\"Escrito por\" \/>\n\t<meta name=\"twitter:data1\" content=\"Jeanette\" \/>\n\t<meta name=\"twitter:label2\" content=\"Tiempo de lectura\" \/>\n\t<meta name=\"twitter:data2\" content=\"4 minutos\" \/>\n<script type=\"application\/ld+json\" class=\"yoast-schema-graph\">{\"@context\":\"https:\\\/\\\/schema.org\",\"@graph\":[{\"@type\":\"Article\",\"@id\":\"https:\\\/\\\/www.eldiario.net\\\/portal\\\/2023\\\/10\\\/25\\\/identifican-a-tres-grupos-autores-de-la-tala-e-incendios-en-santa-cruz\\\/#article\",\"isPartOf\":{\"@id\":\"https:\\\/\\\/www.eldiario.net\\\/portal\\\/2023\\\/10\\\/25\\\/identifican-a-tres-grupos-autores-de-la-tala-e-incendios-en-santa-cruz\\\/\"},\"author\":{\"name\":\"Jeanette\",\"@id\":\"https:\\\/\\\/www.eldiario.net\\\/portal\\\/#\\\/schema\\\/person\\\/f46445640444750d7d753ccd04ae01b7\"},\"headline\":\"Identifican a tres grupos autores de la tala e incendios en Santa Cruz\",\"datePublished\":\"2023-10-25T11:57:33+00:00\",\"mainEntityOfPage\":{\"@id\":\"https:\\\/\\\/www.eldiario.net\\\/portal\\\/2023\\\/10\\\/25\\\/identifican-a-tres-grupos-autores-de-la-tala-e-incendios-en-santa-cruz\\\/\"},\"wordCount\":730,\"publisher\":{\"@id\":\"https:\\\/\\\/www.eldiario.net\\\/portal\\\/#organization\"},\"image\":{\"@id\":\"https:\\\/\\\/www.eldiario.net\\\/portal\\\/2023\\\/10\\\/25\\\/identifican-a-tres-grupos-autores-de-la-tala-e-incendios-en-santa-cruz\\\/#primaryimage\"},\"thumbnailUrl\":\"https:\\\/\\\/www.eldiario.net\\\/portal\\\/wp-content\\\/uploads\\\/2023\\\/10\\\/10-NAL-COLOR-6.jpg\",\"articleSection\":[\"Nacional\"],\"inLanguage\":\"es\"},{\"@type\":\"WebPage\",\"@id\":\"https:\\\/\\\/www.eldiario.net\\\/portal\\\/2023\\\/10\\\/25\\\/identifican-a-tres-grupos-autores-de-la-tala-e-incendios-en-santa-cruz\\\/\",\"url\":\"https:\\\/\\\/www.eldiario.net\\\/portal\\\/2023\\\/10\\\/25\\\/identifican-a-tres-grupos-autores-de-la-tala-e-incendios-en-santa-cruz\\\/\",\"name\":\"Identifican a tres grupos autores de la tala e incendios en Santa Cruz - El Diario - Bolivia\",\"isPartOf\":{\"@id\":\"https:\\\/\\\/www.eldiario.net\\\/portal\\\/#website\"},\"primaryImageOfPage\":{\"@id\":\"https:\\\/\\\/www.eldiario.net\\\/portal\\\/2023\\\/10\\\/25\\\/identifican-a-tres-grupos-autores-de-la-tala-e-incendios-en-santa-cruz\\\/#primaryimage\"},\"image\":{\"@id\":\"https:\\\/\\\/www.eldiario.net\\\/portal\\\/2023\\\/10\\\/25\\\/identifican-a-tres-grupos-autores-de-la-tala-e-incendios-en-santa-cruz\\\/#primaryimage\"},\"thumbnailUrl\":\"https:\\\/\\\/www.eldiario.net\\\/portal\\\/wp-content\\\/uploads\\\/2023\\\/10\\\/10-NAL-COLOR-6.jpg\",\"datePublished\":\"2023-10-25T11:57:33+00:00\",\"breadcrumb\":{\"@id\":\"https:\\\/\\\/www.eldiario.net\\\/portal\\\/2023\\\/10\\\/25\\\/identifican-a-tres-grupos-autores-de-la-tala-e-incendios-en-santa-cruz\\\/#breadcrumb\"},\"inLanguage\":\"es\",\"potentialAction\":[{\"@type\":\"ReadAction\",\"target\":[\"https:\\\/\\\/www.eldiario.net\\\/portal\\\/2023\\\/10\\\/25\\\/identifican-a-tres-grupos-autores-de-la-tala-e-incendios-en-santa-cruz\\\/\"]}]},{\"@type\":\"ImageObject\",\"inLanguage\":\"es\",\"@id\":\"https:\\\/\\\/www.eldiario.net\\\/portal\\\/2023\\\/10\\\/25\\\/identifican-a-tres-grupos-autores-de-la-tala-e-incendios-en-santa-cruz\\\/#primaryimage\",\"url\":\"https:\\\/\\\/www.eldiario.net\\\/portal\\\/wp-content\\\/uploads\\\/2023\\\/10\\\/10-NAL-COLOR-6.jpg\",\"contentUrl\":\"https:\\\/\\\/www.eldiario.net\\\/portal\\\/wp-content\\\/uploads\\\/2023\\\/10\\\/10-NAL-COLOR-6.jpg\",\"width\":720,\"height\":400,\"caption\":\"LOS BOMBEROS FORESTALES EXTREMAN ESFUERZOS PARA SOFOCAR LOS FOCOS DE CALOR.\"},{\"@type\":\"BreadcrumbList\",\"@id\":\"https:\\\/\\\/www.eldiario.net\\\/portal\\\/2023\\\/10\\\/25\\\/identifican-a-tres-grupos-autores-de-la-tala-e-incendios-en-santa-cruz\\\/#breadcrumb\",\"itemListElement\":[{\"@type\":\"ListItem\",\"position\":1,\"name\":\"Portada\",\"item\":\"https:\\\/\\\/www.eldiario.net\\\/portal\\\/\"},{\"@type\":\"ListItem\",\"position\":2,\"name\":\"Identifican a tres grupos autores de la tala e incendios en Santa Cruz\"}]},{\"@type\":\"WebSite\",\"@id\":\"https:\\\/\\\/www.eldiario.net\\\/portal\\\/#website\",\"url\":\"https:\\\/\\\/www.eldiario.net\\\/portal\\\/\",\"name\":\"El Diario - Decano de la prensa nacional\",\"description\":\"El Diario - Decano de la prensa nacional\",\"publisher\":{\"@id\":\"https:\\\/\\\/www.eldiario.net\\\/portal\\\/#organization\"},\"potentialAction\":[{\"@type\":\"SearchAction\",\"target\":{\"@type\":\"EntryPoint\",\"urlTemplate\":\"https:\\\/\\\/www.eldiario.net\\\/portal\\\/?s={search_term_string}\"},\"query-input\":{\"@type\":\"PropertyValueSpecification\",\"valueRequired\":true,\"valueName\":\"search_term_string\"}}],\"inLanguage\":\"es\"},{\"@type\":\"Organization\",\"@id\":\"https:\\\/\\\/www.eldiario.net\\\/portal\\\/#organization\",\"name\":\"El Diario - Decano de la prensa nacional\",\"url\":\"https:\\\/\\\/www.eldiario.net\\\/portal\\\/\",\"logo\":{\"@type\":\"ImageObject\",\"inLanguage\":\"es\",\"@id\":\"https:\\\/\\\/www.eldiario.net\\\/portal\\\/#\\\/schema\\\/logo\\\/image\\\/\",\"url\":\"https:\\\/\\\/www.eldiario.net\\\/portal\\\/wp-content\\\/uploads\\\/2023\\\/07\\\/logo_ED.jpg\",\"contentUrl\":\"https:\\\/\\\/www.eldiario.net\\\/portal\\\/wp-content\\\/uploads\\\/2023\\\/07\\\/logo_ED.jpg\",\"width\":272,\"height\":52,\"caption\":\"El Diario - Decano de la prensa nacional\"},\"image\":{\"@id\":\"https:\\\/\\\/www.eldiario.net\\\/portal\\\/#\\\/schema\\\/logo\\\/image\\\/\"},\"sameAs\":[\"https:\\\/\\\/www.facebook.com\\\/eldiario.bolivia\\\/\",\"https:\\\/\\\/x.com\\\/eldiario_net\"]},{\"@type\":\"Person\",\"@id\":\"https:\\\/\\\/www.eldiario.net\\\/portal\\\/#\\\/schema\\\/person\\\/f46445640444750d7d753ccd04ae01b7\",\"name\":\"Jeanette\",\"image\":{\"@type\":\"ImageObject\",\"inLanguage\":\"es\",\"@id\":\"https:\\\/\\\/secure.gravatar.com\\\/avatar\\\/3ea2118a5f7dad2b7138b1187a6b7ee55f160b9968b66013c3a3ef39dd7e5798?s=96&d=mm&r=g\",\"url\":\"https:\\\/\\\/secure.gravatar.com\\\/avatar\\\/3ea2118a5f7dad2b7138b1187a6b7ee55f160b9968b66013c3a3ef39dd7e5798?s=96&d=mm&r=g\",\"contentUrl\":\"https:\\\/\\\/secure.gravatar.com\\\/avatar\\\/3ea2118a5f7dad2b7138b1187a6b7ee55f160b9968b66013c3a3ef39dd7e5798?s=96&d=mm&r=g\",\"caption\":\"Jeanette\"},\"sameAs\":[\"https:\\\/\\\/www.eldiario.net\\\/portal\"],\"url\":\"https:\\\/\\\/www.eldiario.net\\\/portal\\\/author\\\/jeanette\\\/\"}]}<\/script>\n<!-- \/ Yoast SEO plugin. -->","yoast_head_json":{"title":"Identifican a tres grupos autores de la tala e incendios en Santa Cruz - El Diario - Bolivia","robots":{"index":"index","follow":"follow","max-snippet":"max-snippet:-1","max-image-preview":"max-image-preview:large","max-video-preview":"max-video-preview:-1"},"canonical":"https:\/\/www.eldiario.net\/portal\/2023\/10\/25\/identifican-a-tres-grupos-autores-de-la-tala-e-incendios-en-santa-cruz\/","og_locale":"es_ES","og_type":"article","og_title":"Identifican a tres grupos autores de la tala e incendios en Santa Cruz - El Diario - Bolivia","og_description":"Ante los incendios de gran magnitud que est\u00e1 provocando que los cruce\u00f1os respiren aire con elevado nivel de contaminaci\u00f3n, la Fundaci\u00f3n Tierra public\u00f3 una gu\u00eda para entender el problema e identific\u00f3 a tres grupos que son los principales responsables de las quemas. El Gobierno report\u00f3 incendios en San Ignacio de Velasco, San Mat\u00edas, Comarapa, Buena [&hellip;]","og_url":"https:\/\/www.eldiario.net\/portal\/2023\/10\/25\/identifican-a-tres-grupos-autores-de-la-tala-e-incendios-en-santa-cruz\/","og_site_name":"El Diario - Bolivia","article_publisher":"https:\/\/www.facebook.com\/eldiario.bolivia\/","article_published_time":"2023-10-25T11:57:33+00:00","og_image":[{"width":720,"height":400,"url":"https:\/\/www.eldiario.net\/portal\/wp-content\/uploads\/2023\/10\/10-NAL-COLOR-6.jpg","type":"image\/jpeg"}],"author":"Jeanette","twitter_card":"summary_large_image","twitter_creator":"@eldiario_net","twitter_site":"@eldiario_net","twitter_misc":{"Escrito por":"Jeanette","Tiempo de lectura":"4 minutos"},"schema":{"@context":"https:\/\/schema.org","@graph":[{"@type":"Article","@id":"https:\/\/www.eldiario.net\/portal\/2023\/10\/25\/identifican-a-tres-grupos-autores-de-la-tala-e-incendios-en-santa-cruz\/#article","isPartOf":{"@id":"https:\/\/www.eldiario.net\/portal\/2023\/10\/25\/identifican-a-tres-grupos-autores-de-la-tala-e-incendios-en-santa-cruz\/"},"author":{"name":"Jeanette","@id":"https:\/\/www.eldiario.net\/portal\/#\/schema\/person\/f46445640444750d7d753ccd04ae01b7"},"headline":"Identifican a tres grupos autores de la tala e incendios en Santa Cruz","datePublished":"2023-10-25T11:57:33+00:00","mainEntityOfPage":{"@id":"https:\/\/www.eldiario.net\/portal\/2023\/10\/25\/identifican-a-tres-grupos-autores-de-la-tala-e-incendios-en-santa-cruz\/"},"wordCount":730,"publisher":{"@id":"https:\/\/www.eldiario.net\/portal\/#organization"},"image":{"@id":"https:\/\/www.eldiario.net\/portal\/2023\/10\/25\/identifican-a-tres-grupos-autores-de-la-tala-e-incendios-en-santa-cruz\/#primaryimage"},"thumbnailUrl":"https:\/\/www.eldiario.net\/portal\/wp-content\/uploads\/2023\/10\/10-NAL-COLOR-6.jpg","articleSection":["Nacional"],"inLanguage":"es"},{"@type":"WebPage","@id":"https:\/\/www.eldiario.net\/portal\/2023\/10\/25\/identifican-a-tres-grupos-autores-de-la-tala-e-incendios-en-santa-cruz\/","url":"https:\/\/www.eldiario.net\/portal\/2023\/10\/25\/identifican-a-tres-grupos-autores-de-la-tala-e-incendios-en-santa-cruz\/","name":"Identifican a tres grupos autores de la tala e incendios en Santa Cruz - El Diario - Bolivia","isPartOf":{"@id":"https:\/\/www.eldiario.net\/portal\/#website"},"primaryImageOfPage":{"@id":"https:\/\/www.eldiario.net\/portal\/2023\/10\/25\/identifican-a-tres-grupos-autores-de-la-tala-e-incendios-en-santa-cruz\/#primaryimage"},"image":{"@id":"https:\/\/www.eldiario.net\/portal\/2023\/10\/25\/identifican-a-tres-grupos-autores-de-la-tala-e-incendios-en-santa-cruz\/#primaryimage"},"thumbnailUrl":"https:\/\/www.eldiario.net\/portal\/wp-content\/uploads\/2023\/10\/10-NAL-COLOR-6.jpg","datePublished":"2023-10-25T11:57:33+00:00","breadcrumb":{"@id":"https:\/\/www.eldiario.net\/portal\/2023\/10\/25\/identifican-a-tres-grupos-autores-de-la-tala-e-incendios-en-santa-cruz\/#breadcrumb"},"inLanguage":"es","potentialAction":[{"@type":"ReadAction","target":["https:\/\/www.eldiario.net\/portal\/2023\/10\/25\/identifican-a-tres-grupos-autores-de-la-tala-e-incendios-en-santa-cruz\/"]}]},{"@type":"ImageObject","inLanguage":"es","@id":"https:\/\/www.eldiario.net\/portal\/2023\/10\/25\/identifican-a-tres-grupos-autores-de-la-tala-e-incendios-en-santa-cruz\/#primaryimage","url":"https:\/\/www.eldiario.net\/portal\/wp-content\/uploads\/2023\/10\/10-NAL-COLOR-6.jpg","contentUrl":"https:\/\/www.eldiario.net\/portal\/wp-content\/uploads\/2023\/10\/10-NAL-COLOR-6.jpg","width":720,"height":400,"caption":"LOS BOMBEROS FORESTALES EXTREMAN ESFUERZOS PARA SOFOCAR LOS FOCOS DE CALOR."},{"@type":"BreadcrumbList","@id":"https:\/\/www.eldiario.net\/portal\/2023\/10\/25\/identifican-a-tres-grupos-autores-de-la-tala-e-incendios-en-santa-cruz\/#breadcrumb","itemListElement":[{"@type":"ListItem","position":1,"name":"Portada","item":"https:\/\/www.eldiario.net\/portal\/"},{"@type":"ListItem","position":2,"name":"Identifican a tres grupos autores de la tala e incendios en Santa Cruz"}]},{"@type":"WebSite","@id":"https:\/\/www.eldiario.net\/portal\/#website","url":"https:\/\/www.eldiario.net\/portal\/","name":"El Diario - Decano de la prensa nacional","description":"El Diario - Decano de la prensa nacional","publisher":{"@id":"https:\/\/www.eldiario.net\/portal\/#organization"},"potentialAction":[{"@type":"SearchAction","target":{"@type":"EntryPoint","urlTemplate":"https:\/\/www.eldiario.net\/portal\/?s={search_term_string}"},"query-input":{"@type":"PropertyValueSpecification","valueRequired":true,"valueName":"search_term_string"}}],"inLanguage":"es"},{"@type":"Organization","@id":"https:\/\/www.eldiario.net\/portal\/#organization","name":"El Diario - Decano de la prensa nacional","url":"https:\/\/www.eldiario.net\/portal\/","logo":{"@type":"ImageObject","inLanguage":"es","@id":"https:\/\/www.eldiario.net\/portal\/#\/schema\/logo\/image\/","url":"https:\/\/www.eldiario.net\/portal\/wp-content\/uploads\/2023\/07\/logo_ED.jpg","contentUrl":"https:\/\/www.eldiario.net\/portal\/wp-content\/uploads\/2023\/07\/logo_ED.jpg","width":272,"height":52,"caption":"El Diario - Decano de la prensa nacional"},"image":{"@id":"https:\/\/www.eldiario.net\/portal\/#\/schema\/logo\/image\/"},"sameAs":["https:\/\/www.facebook.com\/eldiario.bolivia\/","https:\/\/x.com\/eldiario_net"]},{"@type":"Person","@id":"https:\/\/www.eldiario.net\/portal\/#\/schema\/person\/f46445640444750d7d753ccd04ae01b7","name":"Jeanette","image":{"@type":"ImageObject","inLanguage":"es","@id":"https:\/\/secure.gravatar.com\/avatar\/3ea2118a5f7dad2b7138b1187a6b7ee55f160b9968b66013c3a3ef39dd7e5798?s=96&d=mm&r=g","url":"https:\/\/secure.gravatar.com\/avatar\/3ea2118a5f7dad2b7138b1187a6b7ee55f160b9968b66013c3a3ef39dd7e5798?s=96&d=mm&r=g","contentUrl":"https:\/\/secure.gravatar.com\/avatar\/3ea2118a5f7dad2b7138b1187a6b7ee55f160b9968b66013c3a3ef39dd7e5798?s=96&d=mm&r=g","caption":"Jeanette"},"sameAs":["https:\/\/www.eldiario.net\/portal"],"url":"https:\/\/www.eldiario.net\/portal\/author\/jeanette\/"}]}},"_links":{"self":[{"href":"https:\/\/www.eldiario.net\/portal\/wp-json\/wp\/v2\/posts\/183736","targetHints":{"allow":["GET"]}}],"collection":[{"href":"https:\/\/www.eldiario.net\/portal\/wp-json\/wp\/v2\/posts"}],"about":[{"href":"https:\/\/www.eldiario.net\/portal\/wp-json\/wp\/v2\/types\/post"}],"author":[{"embeddable":true,"href":"https:\/\/www.eldiario.net\/portal\/wp-json\/wp\/v2\/users\/1"}],"replies":[{"embeddable":true,"href":"https:\/\/www.eldiario.net\/portal\/wp-json\/wp\/v2\/comments?post=183736"}],"version-history":[{"count":0,"href":"https:\/\/www.eldiario.net\/portal\/wp-json\/wp\/v2\/posts\/183736\/revisions"}],"wp:featuredmedia":[{"embeddable":true,"href":"https:\/\/www.eldiario.net\/portal\/wp-json\/wp\/v2\/media\/183737"}],"wp:attachment":[{"href":"https:\/\/www.eldiario.net\/portal\/wp-json\/wp\/v2\/media?parent=183736"}],"wp:term":[{"taxonomy":"category","embeddable":true,"href":"https:\/\/www.eldiario.net\/portal\/wp-json\/wp\/v2\/categories?post=183736"},{"taxonomy":"post_tag","embeddable":true,"href":"https:\/\/www.eldiario.net\/portal\/wp-json\/wp\/v2\/tags?post=183736"}],"curies":[{"name":"wp","href":"https:\/\/api.w.org\/{rel}","templated":true}]}}