{"id":183732,"date":"2023-10-25T07:56:08","date_gmt":"2023-10-25T11:56:08","guid":{"rendered":"https:\/\/www.eldiario.net\/portal\/?p=183732"},"modified":"2023-10-25T07:56:08","modified_gmt":"2023-10-25T11:56:08","slug":"comunidades-de-los-cintis-se-enfrentan-por-el-agua","status":"publish","type":"post","link":"https:\/\/www.eldiario.net\/portal\/2023\/10\/25\/comunidades-de-los-cintis-se-enfrentan-por-el-agua\/","title":{"rendered":"Comunidades de los Cintis  se enfrentan por el agua"},"content":{"rendered":"<p>La provincia de Nor Cinti, en Chuquisaca, est\u00e1 siendo testigo de un tenso enfrentamiento entre dos comunidades por un recurso vital: el agua. Japo retiene el l\u00edquido vital, mientras que Palacio Tambo, una comunidad m\u00e1s grande situada en la parte baja, tambi\u00e9n lo necesita para subsistir, regar cultivos y alimentar a sus animales.<br \/>\nEsta disputa ha llevado a un conflicto inminente que preocupa a las autoridades y defensores del pueblo.<br \/>\nAnte el peligro de enfrentamiento, Humberto Mayorga, representante del Defensor del Pueblo, ha pedido el traslado urgente de un contingente de polic\u00edas para evitar un conflicto violento.<br \/>\nSin embargo, Mayorga advirti\u00f3 que los polic\u00edas no pueden mantener una vigilancia permanente en la zona, lo que ha llevado a enfrentamientos espor\u00e1dicos entre las comunidades, donde se han utilizado piedras y palos en la lucha por el acceso al agua.<br \/>\nLa situaci\u00f3n se agrava por el hecho de que la zona es minera y los explosivos est\u00e1n al alcance, lo que podr\u00eda desatar consecuencias impredecibles.<br \/>\nEMERGENCIA<br \/>\nA nivel provincial, la crisis del agua se ha extendido a 26 municipios, seg\u00fan Ariel Iriarte, presidente de la Asociaci\u00f3n de Gobierno Municipales de Chuquisaca. La falta de agua para el consumo humano ha llevado a 22 municipios a ser declarados en estado de alerta por las autoridades de la Gobernaci\u00f3n de Chuquisaca.<br \/>\nGANADO<br \/>\nLa escasez de agua tambi\u00e9n ha tenido un impacto devastador en la industria ganadera. El asamble\u00edsta Juan Cuellar, revel\u00f3 que desde el a\u00f1o pasado hasta este 2023, casi 9,000 cabezas de ganado han muerto debido a la falta de agua en El Chaco. Esta p\u00e9rdida masiva no solo representa un golpe econ\u00f3mico para los ganaderos, sino tambi\u00e9n una amenaza para la seguridad alimentaria en la regi\u00f3n. (Sucre, Erbol)<\/p>\n","protected":false},"excerpt":{"rendered":"<p>La provincia de Nor Cinti, en Chuquisaca, est\u00e1 siendo testigo de un tenso enfrentamiento entre dos comunidades por un recurso vital: el agua. Japo retiene el l\u00edquido vital, mientras que Palacio Tambo, una comunidad m\u00e1s grande situada en la parte baja, tambi\u00e9n lo necesita para subsistir, regar cultivos y alimentar a sus animales. Esta disputa [&hellip;]<\/p>\n","protected":false},"author":1,"featured_media":0,"comment_status":"closed","ping_status":"open","sticky":false,"template":"","format":"standard","meta":{"_acf_changed":false,"footnotes":""},"categories":[12],"tags":[],"class_list":["post-183732","post","type-post","status-publish","format-standard","category-nacional"],"acf":{"antetitulo":""},"yoast_head":"<!-- This site is optimized with the Yoast SEO plugin v28.3 - https:\/\/yoast.com\/product\/yoast-seo-wordpress\/ -->\n<title>Comunidades de los Cintis se enfrentan por el agua - El Diario - Bolivia<\/title>\n<meta name=\"robots\" content=\"index, follow, max-snippet:-1, max-image-preview:large, max-video-preview:-1\" \/>\n<link rel=\"canonical\" href=\"https:\/\/www.eldiario.net\/portal\/2023\/10\/25\/comunidades-de-los-cintis-se-enfrentan-por-el-agua\/\" \/>\n<meta property=\"og:locale\" content=\"es_ES\" \/>\n<meta property=\"og:type\" content=\"article\" \/>\n<meta property=\"og:title\" content=\"Comunidades de los Cintis se enfrentan por el agua - El Diario - Bolivia\" \/>\n<meta property=\"og:description\" content=\"La provincia de Nor Cinti, en Chuquisaca, est\u00e1 siendo testigo de un tenso enfrentamiento entre dos comunidades por un recurso vital: el agua. Japo retiene el l\u00edquido vital, mientras que Palacio Tambo, una comunidad m\u00e1s grande situada en la parte baja, tambi\u00e9n lo necesita para subsistir, regar cultivos y alimentar a sus animales. Esta disputa [&hellip;]\" \/>\n<meta property=\"og:url\" content=\"https:\/\/www.eldiario.net\/portal\/2023\/10\/25\/comunidades-de-los-cintis-se-enfrentan-por-el-agua\/\" \/>\n<meta property=\"og:site_name\" content=\"El Diario - Bolivia\" \/>\n<meta property=\"article:publisher\" content=\"https:\/\/www.facebook.com\/eldiario.bolivia\/\" \/>\n<meta property=\"article:published_time\" content=\"2023-10-25T11:56:08+00:00\" \/>\n<meta name=\"author\" content=\"Jeanette\" \/>\n<meta name=\"twitter:card\" content=\"summary_large_image\" \/>\n<meta name=\"twitter:creator\" content=\"@eldiario_net\" \/>\n<meta name=\"twitter:site\" content=\"@eldiario_net\" \/>\n<meta name=\"twitter:label1\" content=\"Escrito por\" \/>\n\t<meta name=\"twitter:data1\" content=\"Jeanette\" \/>\n\t<meta name=\"twitter:label2\" content=\"Tiempo de lectura\" \/>\n\t<meta name=\"twitter:data2\" content=\"2 minutos\" \/>\n<script type=\"application\/ld+json\" class=\"yoast-schema-graph\">{\"@context\":\"https:\\\/\\\/schema.org\",\"@graph\":[{\"@type\":\"Article\",\"@id\":\"https:\\\/\\\/www.eldiario.net\\\/portal\\\/2023\\\/10\\\/25\\\/comunidades-de-los-cintis-se-enfrentan-por-el-agua\\\/#article\",\"isPartOf\":{\"@id\":\"https:\\\/\\\/www.eldiario.net\\\/portal\\\/2023\\\/10\\\/25\\\/comunidades-de-los-cintis-se-enfrentan-por-el-agua\\\/\"},\"author\":{\"name\":\"Jeanette\",\"@id\":\"https:\\\/\\\/www.eldiario.net\\\/portal\\\/#\\\/schema\\\/person\\\/f46445640444750d7d753ccd04ae01b7\"},\"headline\":\"Comunidades de los Cintis se enfrentan por el agua\",\"datePublished\":\"2023-10-25T11:56:08+00:00\",\"mainEntityOfPage\":{\"@id\":\"https:\\\/\\\/www.eldiario.net\\\/portal\\\/2023\\\/10\\\/25\\\/comunidades-de-los-cintis-se-enfrentan-por-el-agua\\\/\"},\"wordCount\":310,\"publisher\":{\"@id\":\"https:\\\/\\\/www.eldiario.net\\\/portal\\\/#organization\"},\"articleSection\":[\"Nacional\"],\"inLanguage\":\"es\"},{\"@type\":\"WebPage\",\"@id\":\"https:\\\/\\\/www.eldiario.net\\\/portal\\\/2023\\\/10\\\/25\\\/comunidades-de-los-cintis-se-enfrentan-por-el-agua\\\/\",\"url\":\"https:\\\/\\\/www.eldiario.net\\\/portal\\\/2023\\\/10\\\/25\\\/comunidades-de-los-cintis-se-enfrentan-por-el-agua\\\/\",\"name\":\"Comunidades de los Cintis se enfrentan por el agua - El Diario - Bolivia\",\"isPartOf\":{\"@id\":\"https:\\\/\\\/www.eldiario.net\\\/portal\\\/#website\"},\"datePublished\":\"2023-10-25T11:56:08+00:00\",\"breadcrumb\":{\"@id\":\"https:\\\/\\\/www.eldiario.net\\\/portal\\\/2023\\\/10\\\/25\\\/comunidades-de-los-cintis-se-enfrentan-por-el-agua\\\/#breadcrumb\"},\"inLanguage\":\"es\",\"potentialAction\":[{\"@type\":\"ReadAction\",\"target\":[\"https:\\\/\\\/www.eldiario.net\\\/portal\\\/2023\\\/10\\\/25\\\/comunidades-de-los-cintis-se-enfrentan-por-el-agua\\\/\"]}]},{\"@type\":\"BreadcrumbList\",\"@id\":\"https:\\\/\\\/www.eldiario.net\\\/portal\\\/2023\\\/10\\\/25\\\/comunidades-de-los-cintis-se-enfrentan-por-el-agua\\\/#breadcrumb\",\"itemListElement\":[{\"@type\":\"ListItem\",\"position\":1,\"name\":\"Portada\",\"item\":\"https:\\\/\\\/www.eldiario.net\\\/portal\\\/\"},{\"@type\":\"ListItem\",\"position\":2,\"name\":\"Comunidades de los Cintis se enfrentan por el agua\"}]},{\"@type\":\"WebSite\",\"@id\":\"https:\\\/\\\/www.eldiario.net\\\/portal\\\/#website\",\"url\":\"https:\\\/\\\/www.eldiario.net\\\/portal\\\/\",\"name\":\"El Diario - Decano de la prensa nacional\",\"description\":\"El Diario - Decano de la prensa nacional\",\"publisher\":{\"@id\":\"https:\\\/\\\/www.eldiario.net\\\/portal\\\/#organization\"},\"potentialAction\":[{\"@type\":\"SearchAction\",\"target\":{\"@type\":\"EntryPoint\",\"urlTemplate\":\"https:\\\/\\\/www.eldiario.net\\\/portal\\\/?s={search_term_string}\"},\"query-input\":{\"@type\":\"PropertyValueSpecification\",\"valueRequired\":true,\"valueName\":\"search_term_string\"}}],\"inLanguage\":\"es\"},{\"@type\":\"Organization\",\"@id\":\"https:\\\/\\\/www.eldiario.net\\\/portal\\\/#organization\",\"name\":\"El Diario - Decano de la prensa nacional\",\"url\":\"https:\\\/\\\/www.eldiario.net\\\/portal\\\/\",\"logo\":{\"@type\":\"ImageObject\",\"inLanguage\":\"es\",\"@id\":\"https:\\\/\\\/www.eldiario.net\\\/portal\\\/#\\\/schema\\\/logo\\\/image\\\/\",\"url\":\"https:\\\/\\\/www.eldiario.net\\\/portal\\\/wp-content\\\/uploads\\\/2023\\\/07\\\/logo_ED.jpg\",\"contentUrl\":\"https:\\\/\\\/www.eldiario.net\\\/portal\\\/wp-content\\\/uploads\\\/2023\\\/07\\\/logo_ED.jpg\",\"width\":272,\"height\":52,\"caption\":\"El Diario - Decano de la prensa nacional\"},\"image\":{\"@id\":\"https:\\\/\\\/www.eldiario.net\\\/portal\\\/#\\\/schema\\\/logo\\\/image\\\/\"},\"sameAs\":[\"https:\\\/\\\/www.facebook.com\\\/eldiario.bolivia\\\/\",\"https:\\\/\\\/x.com\\\/eldiario_net\"]},{\"@type\":\"Person\",\"@id\":\"https:\\\/\\\/www.eldiario.net\\\/portal\\\/#\\\/schema\\\/person\\\/f46445640444750d7d753ccd04ae01b7\",\"name\":\"Jeanette\",\"image\":{\"@type\":\"ImageObject\",\"inLanguage\":\"es\",\"@id\":\"https:\\\/\\\/secure.gravatar.com\\\/avatar\\\/3ea2118a5f7dad2b7138b1187a6b7ee55f160b9968b66013c3a3ef39dd7e5798?s=96&d=mm&r=g\",\"url\":\"https:\\\/\\\/secure.gravatar.com\\\/avatar\\\/3ea2118a5f7dad2b7138b1187a6b7ee55f160b9968b66013c3a3ef39dd7e5798?s=96&d=mm&r=g\",\"contentUrl\":\"https:\\\/\\\/secure.gravatar.com\\\/avatar\\\/3ea2118a5f7dad2b7138b1187a6b7ee55f160b9968b66013c3a3ef39dd7e5798?s=96&d=mm&r=g\",\"caption\":\"Jeanette\"},\"sameAs\":[\"https:\\\/\\\/www.eldiario.net\\\/portal\"],\"url\":\"https:\\\/\\\/www.eldiario.net\\\/portal\\\/author\\\/jeanette\\\/\"}]}<\/script>\n<!-- \/ Yoast SEO plugin. -->","yoast_head_json":{"title":"Comunidades de los Cintis se enfrentan por el agua - El Diario - Bolivia","robots":{"index":"index","follow":"follow","max-snippet":"max-snippet:-1","max-image-preview":"max-image-preview:large","max-video-preview":"max-video-preview:-1"},"canonical":"https:\/\/www.eldiario.net\/portal\/2023\/10\/25\/comunidades-de-los-cintis-se-enfrentan-por-el-agua\/","og_locale":"es_ES","og_type":"article","og_title":"Comunidades de los Cintis se enfrentan por el agua - El Diario - Bolivia","og_description":"La provincia de Nor Cinti, en Chuquisaca, est\u00e1 siendo testigo de un tenso enfrentamiento entre dos comunidades por un recurso vital: el agua. Japo retiene el l\u00edquido vital, mientras que Palacio Tambo, una comunidad m\u00e1s grande situada en la parte baja, tambi\u00e9n lo necesita para subsistir, regar cultivos y alimentar a sus animales. Esta disputa [&hellip;]","og_url":"https:\/\/www.eldiario.net\/portal\/2023\/10\/25\/comunidades-de-los-cintis-se-enfrentan-por-el-agua\/","og_site_name":"El Diario - Bolivia","article_publisher":"https:\/\/www.facebook.com\/eldiario.bolivia\/","article_published_time":"2023-10-25T11:56:08+00:00","author":"Jeanette","twitter_card":"summary_large_image","twitter_creator":"@eldiario_net","twitter_site":"@eldiario_net","twitter_misc":{"Escrito por":"Jeanette","Tiempo de lectura":"2 minutos"},"schema":{"@context":"https:\/\/schema.org","@graph":[{"@type":"Article","@id":"https:\/\/www.eldiario.net\/portal\/2023\/10\/25\/comunidades-de-los-cintis-se-enfrentan-por-el-agua\/#article","isPartOf":{"@id":"https:\/\/www.eldiario.net\/portal\/2023\/10\/25\/comunidades-de-los-cintis-se-enfrentan-por-el-agua\/"},"author":{"name":"Jeanette","@id":"https:\/\/www.eldiario.net\/portal\/#\/schema\/person\/f46445640444750d7d753ccd04ae01b7"},"headline":"Comunidades de los Cintis se enfrentan por el agua","datePublished":"2023-10-25T11:56:08+00:00","mainEntityOfPage":{"@id":"https:\/\/www.eldiario.net\/portal\/2023\/10\/25\/comunidades-de-los-cintis-se-enfrentan-por-el-agua\/"},"wordCount":310,"publisher":{"@id":"https:\/\/www.eldiario.net\/portal\/#organization"},"articleSection":["Nacional"],"inLanguage":"es"},{"@type":"WebPage","@id":"https:\/\/www.eldiario.net\/portal\/2023\/10\/25\/comunidades-de-los-cintis-se-enfrentan-por-el-agua\/","url":"https:\/\/www.eldiario.net\/portal\/2023\/10\/25\/comunidades-de-los-cintis-se-enfrentan-por-el-agua\/","name":"Comunidades de los Cintis se enfrentan por el agua - El Diario - Bolivia","isPartOf":{"@id":"https:\/\/www.eldiario.net\/portal\/#website"},"datePublished":"2023-10-25T11:56:08+00:00","breadcrumb":{"@id":"https:\/\/www.eldiario.net\/portal\/2023\/10\/25\/comunidades-de-los-cintis-se-enfrentan-por-el-agua\/#breadcrumb"},"inLanguage":"es","potentialAction":[{"@type":"ReadAction","target":["https:\/\/www.eldiario.net\/portal\/2023\/10\/25\/comunidades-de-los-cintis-se-enfrentan-por-el-agua\/"]}]},{"@type":"BreadcrumbList","@id":"https:\/\/www.eldiario.net\/portal\/2023\/10\/25\/comunidades-de-los-cintis-se-enfrentan-por-el-agua\/#breadcrumb","itemListElement":[{"@type":"ListItem","position":1,"name":"Portada","item":"https:\/\/www.eldiario.net\/portal\/"},{"@type":"ListItem","position":2,"name":"Comunidades de los Cintis se enfrentan por el agua"}]},{"@type":"WebSite","@id":"https:\/\/www.eldiario.net\/portal\/#website","url":"https:\/\/www.eldiario.net\/portal\/","name":"El Diario - Decano de la prensa nacional","description":"El Diario - Decano de la prensa nacional","publisher":{"@id":"https:\/\/www.eldiario.net\/portal\/#organization"},"potentialAction":[{"@type":"SearchAction","target":{"@type":"EntryPoint","urlTemplate":"https:\/\/www.eldiario.net\/portal\/?s={search_term_string}"},"query-input":{"@type":"PropertyValueSpecification","valueRequired":true,"valueName":"search_term_string"}}],"inLanguage":"es"},{"@type":"Organization","@id":"https:\/\/www.eldiario.net\/portal\/#organization","name":"El Diario - Decano de la prensa nacional","url":"https:\/\/www.eldiario.net\/portal\/","logo":{"@type":"ImageObject","inLanguage":"es","@id":"https:\/\/www.eldiario.net\/portal\/#\/schema\/logo\/image\/","url":"https:\/\/www.eldiario.net\/portal\/wp-content\/uploads\/2023\/07\/logo_ED.jpg","contentUrl":"https:\/\/www.eldiario.net\/portal\/wp-content\/uploads\/2023\/07\/logo_ED.jpg","width":272,"height":52,"caption":"El Diario - Decano de la prensa nacional"},"image":{"@id":"https:\/\/www.eldiario.net\/portal\/#\/schema\/logo\/image\/"},"sameAs":["https:\/\/www.facebook.com\/eldiario.bolivia\/","https:\/\/x.com\/eldiario_net"]},{"@type":"Person","@id":"https:\/\/www.eldiario.net\/portal\/#\/schema\/person\/f46445640444750d7d753ccd04ae01b7","name":"Jeanette","image":{"@type":"ImageObject","inLanguage":"es","@id":"https:\/\/secure.gravatar.com\/avatar\/3ea2118a5f7dad2b7138b1187a6b7ee55f160b9968b66013c3a3ef39dd7e5798?s=96&d=mm&r=g","url":"https:\/\/secure.gravatar.com\/avatar\/3ea2118a5f7dad2b7138b1187a6b7ee55f160b9968b66013c3a3ef39dd7e5798?s=96&d=mm&r=g","contentUrl":"https:\/\/secure.gravatar.com\/avatar\/3ea2118a5f7dad2b7138b1187a6b7ee55f160b9968b66013c3a3ef39dd7e5798?s=96&d=mm&r=g","caption":"Jeanette"},"sameAs":["https:\/\/www.eldiario.net\/portal"],"url":"https:\/\/www.eldiario.net\/portal\/author\/jeanette\/"}]}},"_links":{"self":[{"href":"https:\/\/www.eldiario.net\/portal\/wp-json\/wp\/v2\/posts\/183732","targetHints":{"allow":["GET"]}}],"collection":[{"href":"https:\/\/www.eldiario.net\/portal\/wp-json\/wp\/v2\/posts"}],"about":[{"href":"https:\/\/www.eldiario.net\/portal\/wp-json\/wp\/v2\/types\/post"}],"author":[{"embeddable":true,"href":"https:\/\/www.eldiario.net\/portal\/wp-json\/wp\/v2\/users\/1"}],"replies":[{"embeddable":true,"href":"https:\/\/www.eldiario.net\/portal\/wp-json\/wp\/v2\/comments?post=183732"}],"version-history":[{"count":0,"href":"https:\/\/www.eldiario.net\/portal\/wp-json\/wp\/v2\/posts\/183732\/revisions"}],"wp:attachment":[{"href":"https:\/\/www.eldiario.net\/portal\/wp-json\/wp\/v2\/media?parent=183732"}],"wp:term":[{"taxonomy":"category","embeddable":true,"href":"https:\/\/www.eldiario.net\/portal\/wp-json\/wp\/v2\/categories?post=183732"},{"taxonomy":"post_tag","embeddable":true,"href":"https:\/\/www.eldiario.net\/portal\/wp-json\/wp\/v2\/tags?post=183732"}],"curies":[{"name":"wp","href":"https:\/\/api.w.org\/{rel}","templated":true}]}}