{"id":183308,"date":"2023-10-22T06:26:23","date_gmt":"2023-10-22T10:26:23","guid":{"rendered":"https:\/\/www.eldiario.net\/portal\/?p=183308"},"modified":"2023-10-22T06:26:23","modified_gmt":"2023-10-22T10:26:23","slug":"sexagesimo-tercer-aniversario-de-la-anc","status":"publish","type":"post","link":"https:\/\/www.eldiario.net\/portal\/2023\/10\/22\/sexagesimo-tercer-aniversario-de-la-anc\/","title":{"rendered":"Sexag\u00e9simo tercer aniversario de la ANC"},"content":{"rendered":"<p>En sesi\u00f3n de honor realizada de forma presencial y virtual se conmemor\u00f3 el sexag\u00e9simo tercer aniversario de creaci\u00f3n de la Academia Nacional de Ciencias (ANC).<br \/>\nEn este acto se entreg\u00f3 el Premio Marie Curie en su versi\u00f3n 2023.<br \/>\nEn forma p\u00f3stuma se reconoci\u00f3 la labor cient\u00edfica de la acad\u00e9mica Hilde Spielvogel, mientras que el acad\u00e9mico Franklin Bustillos G\u00e1lvez recibi\u00f3 la distinci\u00f3n por 25 a\u00f1os como miembro de la ANC.<br \/>\nA partir de esta gesti\u00f3n, la Academia concede el \u201cReconocimiento a la trayectoria institucional-Ciencia en Bolivia\u201d, siete institutos de investigaci\u00f3n de la Universidad Mayor de San Andr\u00e9s (UMSA) fueron galardonados.<br \/>\nEl primer premio del Concurso de Videos IANAS fue entregado al universitario Gabriel Lara. La presidenta de la ANC,. M\u00f3nica Moraes Ram\u00edrez, dio las palabras de clausura. La destacada cient\u00edfica boliviana es creadora del Premio Marie Curie y del reconocimiento a la trayectoria institucional-Ciencia en Bolivia.<\/p>\n<div id='gallery-1' class='gallery galleryid-183308 gallery-columns-3 gallery-size-medium'><figure class='gallery-item'>\n\t\t\t<div class='gallery-icon landscape'>\n\t\t\t\t<a href='https:\/\/www.eldiario.net\/portal\/2023\/10\/22\/sexagesimo-tercer-aniversario-de-la-anc\/dsc_1865\/'><img loading=\"lazy\" decoding=\"async\" width=\"300\" height=\"200\" src=\"https:\/\/www.eldiario.net\/portal\/wp-content\/uploads\/2023\/10\/DSC_1865-300x200.jpg\" class=\"attachment-medium size-medium\" alt=\"\" aria-describedby=\"gallery-1-183309\" srcset=\"https:\/\/www.eldiario.net\/portal\/wp-content\/uploads\/2023\/10\/DSC_1865-300x200.jpg 300w, https:\/\/www.eldiario.net\/portal\/wp-content\/uploads\/2023\/10\/DSC_1865-768x512.jpg 768w, https:\/\/www.eldiario.net\/portal\/wp-content\/uploads\/2023\/10\/DSC_1865-696x464.jpg 696w, https:\/\/www.eldiario.net\/portal\/wp-content\/uploads\/2023\/10\/DSC_1865.jpg 1000w\" sizes=\"auto, (max-width: 300px) 100vw, 300px\" \/><\/a>\n\t\t\t<\/div>\n\t\t\t\t<figcaption class='wp-caption-text gallery-caption' id='gallery-1-183309'>\n\t\t\t\t     NICOL\u00c1S BUSTILLOS, \u00c1NGELA DE BUSTILLOS, FRANKLIN BUSTILLOS Y DANIEL BUSTILLOS.\n\t\t\t\t<\/figcaption><\/figure><figure class='gallery-item'>\n\t\t\t<div class='gallery-icon landscape'>\n\t\t\t\t<a href='https:\/\/www.eldiario.net\/portal\/2023\/10\/22\/sexagesimo-tercer-aniversario-de-la-anc\/dsc_1867\/'><img loading=\"lazy\" decoding=\"async\" width=\"300\" height=\"200\" src=\"https:\/\/www.eldiario.net\/portal\/wp-content\/uploads\/2023\/10\/DSC_1867-300x200.jpg\" class=\"attachment-medium size-medium\" alt=\"\" aria-describedby=\"gallery-1-183310\" srcset=\"https:\/\/www.eldiario.net\/portal\/wp-content\/uploads\/2023\/10\/DSC_1867-300x200.jpg 300w, https:\/\/www.eldiario.net\/portal\/wp-content\/uploads\/2023\/10\/DSC_1867-768x512.jpg 768w, https:\/\/www.eldiario.net\/portal\/wp-content\/uploads\/2023\/10\/DSC_1867-696x464.jpg 696w, https:\/\/www.eldiario.net\/portal\/wp-content\/uploads\/2023\/10\/DSC_1867.jpg 1000w\" sizes=\"auto, (max-width: 300px) 100vw, 300px\" \/><\/a>\n\t\t\t<\/div>\n\t\t\t\t<figcaption class='wp-caption-text gallery-caption' id='gallery-1-183310'>\n\t\t\t\t  ANNE SPIELVOGEL, M\u00d3NICA MORAES Y CARLOS JES\u00daS ARDILES.\n\t\t\t\t<\/figcaption><\/figure><figure class='gallery-item'>\n\t\t\t<div class='gallery-icon landscape'>\n\t\t\t\t<a href='https:\/\/www.eldiario.net\/portal\/2023\/10\/22\/sexagesimo-tercer-aniversario-de-la-anc\/dsc_1869\/'><img loading=\"lazy\" decoding=\"async\" width=\"300\" height=\"200\" src=\"https:\/\/www.eldiario.net\/portal\/wp-content\/uploads\/2023\/10\/DSC_1869-300x200.jpg\" class=\"attachment-medium size-medium\" alt=\"\" aria-describedby=\"gallery-1-183311\" srcset=\"https:\/\/www.eldiario.net\/portal\/wp-content\/uploads\/2023\/10\/DSC_1869-300x200.jpg 300w, https:\/\/www.eldiario.net\/portal\/wp-content\/uploads\/2023\/10\/DSC_1869-768x512.jpg 768w, https:\/\/www.eldiario.net\/portal\/wp-content\/uploads\/2023\/10\/DSC_1869-696x464.jpg 696w, https:\/\/www.eldiario.net\/portal\/wp-content\/uploads\/2023\/10\/DSC_1869.jpg 1000w\" sizes=\"auto, (max-width: 300px) 100vw, 300px\" \/><\/a>\n\t\t\t<\/div>\n\t\t\t\t<figcaption class='wp-caption-text gallery-caption' id='gallery-1-183311'>\n\t\t\t\tDAVID M\u00c9RIDA VARGAS, DEC. FAC. MEDICINA UMSA; ANA RADA, CARLA CRESPO, DIRECTORA IIFB-UMSA Y MARCELINO GONZALES, DIRECTOR IBBA.\n\t\t\t\t<\/figcaption><\/figure><figure class='gallery-item'>\n\t\t\t<div class='gallery-icon landscape'>\n\t\t\t\t<a href='https:\/\/www.eldiario.net\/portal\/2023\/10\/22\/sexagesimo-tercer-aniversario-de-la-anc\/dsc_1870\/'><img loading=\"lazy\" decoding=\"async\" width=\"300\" height=\"200\" src=\"https:\/\/www.eldiario.net\/portal\/wp-content\/uploads\/2023\/10\/DSC_1870-300x200.jpg\" class=\"attachment-medium size-medium\" alt=\"\" aria-describedby=\"gallery-1-183312\" srcset=\"https:\/\/www.eldiario.net\/portal\/wp-content\/uploads\/2023\/10\/DSC_1870-300x200.jpg 300w, https:\/\/www.eldiario.net\/portal\/wp-content\/uploads\/2023\/10\/DSC_1870-768x512.jpg 768w, https:\/\/www.eldiario.net\/portal\/wp-content\/uploads\/2023\/10\/DSC_1870-696x464.jpg 696w, https:\/\/www.eldiario.net\/portal\/wp-content\/uploads\/2023\/10\/DSC_1870.jpg 1000w\" sizes=\"auto, (max-width: 300px) 100vw, 300px\" \/><\/a>\n\t\t\t<\/div>\n\t\t\t\t<figcaption class='wp-caption-text gallery-caption' id='gallery-1-183312'>\n\t\t\t\tGONZALO RIVEROS, ANDR\u00c9S TREPP, ANA RADA, RONANTH ZABALETA, HERN\u00c1N VERA, HORACIO TORO Y FERNANDO URQUIUDI,\n\t\t\t\t<\/figcaption><\/figure><figure class='gallery-item'>\n\t\t\t<div class='gallery-icon landscape'>\n\t\t\t\t<a href='https:\/\/www.eldiario.net\/portal\/2023\/10\/22\/sexagesimo-tercer-aniversario-de-la-anc\/dsc_1871\/'><img loading=\"lazy\" decoding=\"async\" width=\"300\" height=\"200\" src=\"https:\/\/www.eldiario.net\/portal\/wp-content\/uploads\/2023\/10\/DSC_1871-300x200.jpg\" class=\"attachment-medium size-medium\" alt=\"\" aria-describedby=\"gallery-1-183313\" srcset=\"https:\/\/www.eldiario.net\/portal\/wp-content\/uploads\/2023\/10\/DSC_1871-300x200.jpg 300w, https:\/\/www.eldiario.net\/portal\/wp-content\/uploads\/2023\/10\/DSC_1871-768x512.jpg 768w, https:\/\/www.eldiario.net\/portal\/wp-content\/uploads\/2023\/10\/DSC_1871-696x464.jpg 696w, https:\/\/www.eldiario.net\/portal\/wp-content\/uploads\/2023\/10\/DSC_1871.jpg 1000w\" sizes=\"auto, (max-width: 300px) 100vw, 300px\" \/><\/a>\n\t\t\t<\/div>\n\t\t\t\t<figcaption class='wp-caption-text gallery-caption' id='gallery-1-183313'>\n\t\t\t\tROSARIO RODR\u00cdGUEZ, BEATRIZ ROSALES, HELGA GRUBERG CAZ\u00d3N, MARIANA CUETO Y CLAUDIA VELARDE. \n\t\t\t\t<\/figcaption><\/figure><figure class='gallery-item'>\n\t\t\t<div class='gallery-icon landscape'>\n\t\t\t\t<a href='https:\/\/www.eldiario.net\/portal\/2023\/10\/22\/sexagesimo-tercer-aniversario-de-la-anc\/dsc_1872\/'><img loading=\"lazy\" decoding=\"async\" width=\"300\" height=\"200\" src=\"https:\/\/www.eldiario.net\/portal\/wp-content\/uploads\/2023\/10\/DSC_1872-300x200.jpg\" class=\"attachment-medium size-medium\" alt=\"\" aria-describedby=\"gallery-1-183314\" srcset=\"https:\/\/www.eldiario.net\/portal\/wp-content\/uploads\/2023\/10\/DSC_1872-300x200.jpg 300w, https:\/\/www.eldiario.net\/portal\/wp-content\/uploads\/2023\/10\/DSC_1872-768x512.jpg 768w, https:\/\/www.eldiario.net\/portal\/wp-content\/uploads\/2023\/10\/DSC_1872-696x464.jpg 696w, https:\/\/www.eldiario.net\/portal\/wp-content\/uploads\/2023\/10\/DSC_1872.jpg 1000w\" sizes=\"auto, (max-width: 300px) 100vw, 300px\" \/><\/a>\n\t\t\t<\/div>\n\t\t\t\t<figcaption class='wp-caption-text gallery-caption' id='gallery-1-183314'>\n\t\t\t\t    CARLA CRESPO, TERESA \u00c1LVAREZ MAR\u00cdA EUGENIA GARC\u00cdA, VIRGINIA GONZALES Y NINISKA FLORES.\n\t\t\t\t<\/figcaption><\/figure><figure class='gallery-item'>\n\t\t\t<div class='gallery-icon landscape'>\n\t\t\t\t<a href='https:\/\/www.eldiario.net\/portal\/2023\/10\/22\/sexagesimo-tercer-aniversario-de-la-anc\/dsc_1873\/'><img loading=\"lazy\" decoding=\"async\" width=\"300\" height=\"200\" src=\"https:\/\/www.eldiario.net\/portal\/wp-content\/uploads\/2023\/10\/DSC_1873-300x200.jpg\" class=\"attachment-medium size-medium\" alt=\"\" aria-describedby=\"gallery-1-183315\" srcset=\"https:\/\/www.eldiario.net\/portal\/wp-content\/uploads\/2023\/10\/DSC_1873-300x200.jpg 300w, https:\/\/www.eldiario.net\/portal\/wp-content\/uploads\/2023\/10\/DSC_1873-768x512.jpg 768w, https:\/\/www.eldiario.net\/portal\/wp-content\/uploads\/2023\/10\/DSC_1873-696x464.jpg 696w, https:\/\/www.eldiario.net\/portal\/wp-content\/uploads\/2023\/10\/DSC_1873.jpg 1000w\" sizes=\"auto, (max-width: 300px) 100vw, 300px\" \/><\/a>\n\t\t\t<\/div>\n\t\t\t\t<figcaption class='wp-caption-text gallery-caption' id='gallery-1-183315'>\n\t\t\t\tVIRGINIA GONZALES, N\u00c9LIDA NINA, YESSICA SAN MIGUEL Y MILENKA RIVERA.\n\t\t\t\t<\/figcaption><\/figure><figure class='gallery-item'>\n\t\t\t<div class='gallery-icon landscape'>\n\t\t\t\t<a href='https:\/\/www.eldiario.net\/portal\/2023\/10\/22\/sexagesimo-tercer-aniversario-de-la-anc\/dsc_1874\/'><img loading=\"lazy\" decoding=\"async\" width=\"300\" height=\"200\" src=\"https:\/\/www.eldiario.net\/portal\/wp-content\/uploads\/2023\/10\/DSC_1874-300x200.jpg\" class=\"attachment-medium size-medium\" alt=\"\" aria-describedby=\"gallery-1-183316\" srcset=\"https:\/\/www.eldiario.net\/portal\/wp-content\/uploads\/2023\/10\/DSC_1874-300x200.jpg 300w, https:\/\/www.eldiario.net\/portal\/wp-content\/uploads\/2023\/10\/DSC_1874-768x512.jpg 768w, https:\/\/www.eldiario.net\/portal\/wp-content\/uploads\/2023\/10\/DSC_1874-696x464.jpg 696w, https:\/\/www.eldiario.net\/portal\/wp-content\/uploads\/2023\/10\/DSC_1874.jpg 1000w\" sizes=\"auto, (max-width: 300px) 100vw, 300px\" \/><\/a>\n\t\t\t<\/div>\n\t\t\t\t<figcaption class='wp-caption-text gallery-caption' id='gallery-1-183316'>\n\t\t\t\tDANIEL SALAS, TERESA \u00c1LVAREZ Y DAVID GARC\u00cdA.\n\t\t\t\t<\/figcaption><\/figure><figure class='gallery-item'>\n\t\t\t<div class='gallery-icon landscape'>\n\t\t\t\t<a href='https:\/\/www.eldiario.net\/portal\/2023\/10\/22\/sexagesimo-tercer-aniversario-de-la-anc\/dsc_1877\/'><img loading=\"lazy\" decoding=\"async\" width=\"300\" height=\"200\" src=\"https:\/\/www.eldiario.net\/portal\/wp-content\/uploads\/2023\/10\/DSC_1877-300x200.jpg\" class=\"attachment-medium size-medium\" alt=\"\" aria-describedby=\"gallery-1-183317\" srcset=\"https:\/\/www.eldiario.net\/portal\/wp-content\/uploads\/2023\/10\/DSC_1877-300x200.jpg 300w, https:\/\/www.eldiario.net\/portal\/wp-content\/uploads\/2023\/10\/DSC_1877-768x512.jpg 768w, https:\/\/www.eldiario.net\/portal\/wp-content\/uploads\/2023\/10\/DSC_1877-696x464.jpg 696w, https:\/\/www.eldiario.net\/portal\/wp-content\/uploads\/2023\/10\/DSC_1877.jpg 1000w\" sizes=\"auto, (max-width: 300px) 100vw, 300px\" \/><\/a>\n\t\t\t<\/div>\n\t\t\t\t<figcaption class='wp-caption-text gallery-caption' id='gallery-1-183317'>\n\t\t\t\tOTRA INSTANCIA DE LA CELEBRACI\u00d3N.\n\t\t\t\t<\/figcaption><\/figure><figure class='gallery-item'>\n\t\t\t<div class='gallery-icon landscape'>\n\t\t\t\t<a href='https:\/\/www.eldiario.net\/portal\/2023\/10\/22\/sexagesimo-tercer-aniversario-de-la-anc\/academia-1\/'><img loading=\"lazy\" decoding=\"async\" width=\"300\" height=\"200\" src=\"https:\/\/www.eldiario.net\/portal\/wp-content\/uploads\/2023\/10\/academia-1-300x200.jpg\" class=\"attachment-medium size-medium\" alt=\"\" aria-describedby=\"gallery-1-183318\" srcset=\"https:\/\/www.eldiario.net\/portal\/wp-content\/uploads\/2023\/10\/academia-1-300x200.jpg 300w, https:\/\/www.eldiario.net\/portal\/wp-content\/uploads\/2023\/10\/academia-1-768x511.jpg 768w, https:\/\/www.eldiario.net\/portal\/wp-content\/uploads\/2023\/10\/academia-1-696x464.jpg 696w, https:\/\/www.eldiario.net\/portal\/wp-content\/uploads\/2023\/10\/academia-1.jpg 1000w\" sizes=\"auto, (max-width: 300px) 100vw, 300px\" \/><\/a>\n\t\t\t<\/div>\n\t\t\t\t<figcaption class='wp-caption-text gallery-caption' id='gallery-1-183318'>\n\t\t\t\tEL DIRECTORIO DE LA ANC: MARCOS MICHEL, SECRETARIO GENERAL (DE PIE); FRANKLIN BUSTILLOS, VICEPRESIDENTE DE CIENCIAS DE LA CULTURA; M\u00d3NICA MORAES, PRESIDENTA DE LA ANC; GONZALO RIVEROS, VICEPRESIDENTE DE CIENCIAS DE LA NATURALEZA;  CELESTE RODR\u00cdGUEZ, TESORERA, Y HERN\u00c1N VERA, VOCAL.\n\t\t\t\t<\/figcaption><\/figure><figure class='gallery-item'>\n\t\t\t<div class='gallery-icon portrait'>\n\t\t\t\t<a href='https:\/\/www.eldiario.net\/portal\/2023\/10\/22\/sexagesimo-tercer-aniversario-de-la-anc\/academia-2-2\/'><img loading=\"lazy\" decoding=\"async\" width=\"188\" height=\"300\" src=\"https:\/\/www.eldiario.net\/portal\/wp-content\/uploads\/2023\/10\/academia-2-188x300.jpg\" class=\"attachment-medium size-medium\" alt=\"\" aria-describedby=\"gallery-1-183319\" srcset=\"https:\/\/www.eldiario.net\/portal\/wp-content\/uploads\/2023\/10\/academia-2-188x300.jpg 188w, https:\/\/www.eldiario.net\/portal\/wp-content\/uploads\/2023\/10\/academia-2-640x1024.jpg 640w, https:\/\/www.eldiario.net\/portal\/wp-content\/uploads\/2023\/10\/academia-2-768x1229.jpg 768w, https:\/\/www.eldiario.net\/portal\/wp-content\/uploads\/2023\/10\/academia-2-960x1536.jpg 960w, https:\/\/www.eldiario.net\/portal\/wp-content\/uploads\/2023\/10\/academia-2-696x1114.jpg 696w, https:\/\/www.eldiario.net\/portal\/wp-content\/uploads\/2023\/10\/academia-2.jpg 1000w\" sizes=\"auto, (max-width: 188px) 100vw, 188px\" \/><\/a>\n\t\t\t<\/div>\n\t\t\t\t<figcaption class='wp-caption-text gallery-caption' id='gallery-1-183319'>\n\t\t\t\tM\u00d3NICA MORAES, PRESIDENTA DE LA ANC ENTREGA EL PREMIO MARIE CURIE 2023 HELGA GRUBERG CAZ\u00d3N INVESTIGADORA DE LA UNIVERSIDAD CAT\u00d3LICA BOLIVIANA REGIONAL COCHABAMBA.\n\t\t\t\t<\/figcaption><\/figure><figure class='gallery-item'>\n\t\t\t<div class='gallery-icon portrait'>\n\t\t\t\t<a href='https:\/\/www.eldiario.net\/portal\/2023\/10\/22\/sexagesimo-tercer-aniversario-de-la-anc\/academia-3\/'><img loading=\"lazy\" decoding=\"async\" width=\"200\" height=\"300\" src=\"https:\/\/www.eldiario.net\/portal\/wp-content\/uploads\/2023\/10\/ACADEMIA-3-200x300.jpg\" class=\"attachment-medium size-medium\" alt=\"\" aria-describedby=\"gallery-1-183320\" srcset=\"https:\/\/www.eldiario.net\/portal\/wp-content\/uploads\/2023\/10\/ACADEMIA-3-200x300.jpg 200w, https:\/\/www.eldiario.net\/portal\/wp-content\/uploads\/2023\/10\/ACADEMIA-3-683x1024.jpg 683w, https:\/\/www.eldiario.net\/portal\/wp-content\/uploads\/2023\/10\/ACADEMIA-3-768x1151.jpg 768w, https:\/\/www.eldiario.net\/portal\/wp-content\/uploads\/2023\/10\/ACADEMIA-3-696x1043.jpg 696w, https:\/\/www.eldiario.net\/portal\/wp-content\/uploads\/2023\/10\/ACADEMIA-3.jpg 1000w\" sizes=\"auto, (max-width: 200px) 100vw, 200px\" \/><\/a>\n\t\t\t<\/div>\n\t\t\t\t<figcaption class='wp-caption-text gallery-caption' id='gallery-1-183320'>\n\t\t\t\tFAMILIARES DE LA ACAD HILDE SPIELVOGEL (+) RECIBEN EL RECONOCIMIENTO A SU LABOR CIENT\u00cdFICA.\n\t\t\t\t<\/figcaption><\/figure><figure class='gallery-item'>\n\t\t\t<div class='gallery-icon portrait'>\n\t\t\t\t<a href='https:\/\/www.eldiario.net\/portal\/2023\/10\/22\/sexagesimo-tercer-aniversario-de-la-anc\/academia-4\/'><img loading=\"lazy\" decoding=\"async\" width=\"200\" height=\"300\" src=\"https:\/\/www.eldiario.net\/portal\/wp-content\/uploads\/2023\/10\/academia-4-200x300.jpg\" class=\"attachment-medium size-medium\" alt=\"\" aria-describedby=\"gallery-1-183321\" srcset=\"https:\/\/www.eldiario.net\/portal\/wp-content\/uploads\/2023\/10\/academia-4-200x300.jpg 200w, https:\/\/www.eldiario.net\/portal\/wp-content\/uploads\/2023\/10\/academia-4-683x1024.jpg 683w, https:\/\/www.eldiario.net\/portal\/wp-content\/uploads\/2023\/10\/academia-4-768x1151.jpg 768w, https:\/\/www.eldiario.net\/portal\/wp-content\/uploads\/2023\/10\/academia-4-696x1043.jpg 696w, https:\/\/www.eldiario.net\/portal\/wp-content\/uploads\/2023\/10\/academia-4.jpg 1000w\" sizes=\"auto, (max-width: 200px) 100vw, 200px\" \/><\/a>\n\t\t\t<\/div>\n\t\t\t\t<figcaption class='wp-caption-text gallery-caption' id='gallery-1-183321'>\n\t\t\t\tEL UNIVERSITARIO GABRIEL LARA RECIBI\u00d3 EL PRIMER PREMIO-CONCURSO DE VIDEOS IANAS.\n\t\t\t\t<\/figcaption><\/figure>\n\t\t<\/div>\n\n","protected":false},"excerpt":{"rendered":"<p>En sesi\u00f3n de honor realizada de forma presencial y virtual se conmemor\u00f3 el sexag\u00e9simo tercer aniversario de creaci\u00f3n de la Academia Nacional de Ciencias (ANC). En este acto se entreg\u00f3 el Premio Marie Curie en su versi\u00f3n 2023. En forma p\u00f3stuma se reconoci\u00f3 la labor cient\u00edfica de la acad\u00e9mica Hilde Spielvogel, mientras que el acad\u00e9mico [&hellip;]<\/p>\n","protected":false},"author":1,"featured_media":183318,"comment_status":"closed","ping_status":"open","sticky":false,"template":"","format":"standard","meta":{"_acf_changed":false,"footnotes":""},"categories":[40],"tags":[],"class_list":["post-183308","post","type-post","status-publish","format-standard","has-post-thumbnail","category-sociales"],"acf":{"antetitulo":""},"yoast_head":"<!-- This site is optimized with the Yoast SEO plugin v28.4 - https:\/\/yoast.com\/product\/yoast-seo-wordpress\/ -->\n<title>Sexag\u00e9simo tercer aniversario de la ANC - El Diario - Bolivia<\/title>\n<meta name=\"robots\" content=\"index, follow, max-snippet:-1, max-image-preview:large, max-video-preview:-1\" \/>\n<link rel=\"canonical\" href=\"https:\/\/www.eldiario.net\/portal\/2023\/10\/22\/sexagesimo-tercer-aniversario-de-la-anc\/\" \/>\n<meta property=\"og:locale\" content=\"es_ES\" \/>\n<meta property=\"og:type\" content=\"article\" \/>\n<meta property=\"og:title\" content=\"Sexag\u00e9simo tercer aniversario de la ANC - El Diario - Bolivia\" \/>\n<meta property=\"og:description\" content=\"En sesi\u00f3n de honor realizada de forma presencial y virtual se conmemor\u00f3 el sexag\u00e9simo tercer aniversario de creaci\u00f3n de la Academia Nacional de Ciencias (ANC). En este acto se entreg\u00f3 el Premio Marie Curie en su versi\u00f3n 2023. En forma p\u00f3stuma se reconoci\u00f3 la labor cient\u00edfica de la acad\u00e9mica Hilde Spielvogel, mientras que el acad\u00e9mico [&hellip;]\" \/>\n<meta property=\"og:url\" content=\"https:\/\/www.eldiario.net\/portal\/2023\/10\/22\/sexagesimo-tercer-aniversario-de-la-anc\/\" \/>\n<meta property=\"og:site_name\" content=\"El Diario - Bolivia\" \/>\n<meta property=\"article:publisher\" content=\"https:\/\/www.facebook.com\/eldiario.bolivia\/\" \/>\n<meta property=\"article:published_time\" content=\"2023-10-22T10:26:23+00:00\" \/>\n<meta property=\"og:image\" content=\"https:\/\/www.eldiario.net\/portal\/wp-content\/uploads\/2023\/10\/academia-1.jpg\" \/>\n\t<meta property=\"og:image:width\" content=\"1000\" \/>\n\t<meta property=\"og:image:height\" content=\"666\" \/>\n\t<meta property=\"og:image:type\" content=\"image\/jpeg\" \/>\n<meta name=\"author\" content=\"Jeanette\" \/>\n<meta name=\"twitter:card\" content=\"summary_large_image\" \/>\n<meta name=\"twitter:creator\" content=\"@eldiario_net\" \/>\n<meta name=\"twitter:site\" content=\"@eldiario_net\" \/>\n<meta name=\"twitter:label1\" content=\"Escrito por\" \/>\n\t<meta name=\"twitter:data1\" content=\"Jeanette\" \/>\n\t<meta name=\"twitter:label2\" content=\"Tiempo de lectura\" \/>\n\t<meta name=\"twitter:data2\" content=\"1 minuto\" \/>\n<script type=\"application\/ld+json\" class=\"yoast-schema-graph\">{\"@context\":\"https:\\\/\\\/schema.org\",\"@graph\":[{\"@type\":\"Article\",\"@id\":\"https:\\\/\\\/www.eldiario.net\\\/portal\\\/2023\\\/10\\\/22\\\/sexagesimo-tercer-aniversario-de-la-anc\\\/#article\",\"isPartOf\":{\"@id\":\"https:\\\/\\\/www.eldiario.net\\\/portal\\\/2023\\\/10\\\/22\\\/sexagesimo-tercer-aniversario-de-la-anc\\\/\"},\"author\":{\"name\":\"Jeanette\",\"@id\":\"https:\\\/\\\/www.eldiario.net\\\/portal\\\/#\\\/schema\\\/person\\\/f46445640444750d7d753ccd04ae01b7\"},\"headline\":\"Sexag\u00e9simo tercer aniversario de la ANC\",\"datePublished\":\"2023-10-22T10:26:23+00:00\",\"mainEntityOfPage\":{\"@id\":\"https:\\\/\\\/www.eldiario.net\\\/portal\\\/2023\\\/10\\\/22\\\/sexagesimo-tercer-aniversario-de-la-anc\\\/\"},\"wordCount\":171,\"publisher\":{\"@id\":\"https:\\\/\\\/www.eldiario.net\\\/portal\\\/#organization\"},\"image\":{\"@id\":\"https:\\\/\\\/www.eldiario.net\\\/portal\\\/2023\\\/10\\\/22\\\/sexagesimo-tercer-aniversario-de-la-anc\\\/#primaryimage\"},\"thumbnailUrl\":\"https:\\\/\\\/www.eldiario.net\\\/portal\\\/wp-content\\\/uploads\\\/2023\\\/10\\\/academia-1.jpg\",\"articleSection\":[\"Sociales\"],\"inLanguage\":\"es\"},{\"@type\":\"WebPage\",\"@id\":\"https:\\\/\\\/www.eldiario.net\\\/portal\\\/2023\\\/10\\\/22\\\/sexagesimo-tercer-aniversario-de-la-anc\\\/\",\"url\":\"https:\\\/\\\/www.eldiario.net\\\/portal\\\/2023\\\/10\\\/22\\\/sexagesimo-tercer-aniversario-de-la-anc\\\/\",\"name\":\"Sexag\u00e9simo tercer aniversario de la ANC - El Diario - Bolivia\",\"isPartOf\":{\"@id\":\"https:\\\/\\\/www.eldiario.net\\\/portal\\\/#website\"},\"primaryImageOfPage\":{\"@id\":\"https:\\\/\\\/www.eldiario.net\\\/portal\\\/2023\\\/10\\\/22\\\/sexagesimo-tercer-aniversario-de-la-anc\\\/#primaryimage\"},\"image\":{\"@id\":\"https:\\\/\\\/www.eldiario.net\\\/portal\\\/2023\\\/10\\\/22\\\/sexagesimo-tercer-aniversario-de-la-anc\\\/#primaryimage\"},\"thumbnailUrl\":\"https:\\\/\\\/www.eldiario.net\\\/portal\\\/wp-content\\\/uploads\\\/2023\\\/10\\\/academia-1.jpg\",\"datePublished\":\"2023-10-22T10:26:23+00:00\",\"breadcrumb\":{\"@id\":\"https:\\\/\\\/www.eldiario.net\\\/portal\\\/2023\\\/10\\\/22\\\/sexagesimo-tercer-aniversario-de-la-anc\\\/#breadcrumb\"},\"inLanguage\":\"es\",\"potentialAction\":[{\"@type\":\"ReadAction\",\"target\":[\"https:\\\/\\\/www.eldiario.net\\\/portal\\\/2023\\\/10\\\/22\\\/sexagesimo-tercer-aniversario-de-la-anc\\\/\"]}]},{\"@type\":\"ImageObject\",\"inLanguage\":\"es\",\"@id\":\"https:\\\/\\\/www.eldiario.net\\\/portal\\\/2023\\\/10\\\/22\\\/sexagesimo-tercer-aniversario-de-la-anc\\\/#primaryimage\",\"url\":\"https:\\\/\\\/www.eldiario.net\\\/portal\\\/wp-content\\\/uploads\\\/2023\\\/10\\\/academia-1.jpg\",\"contentUrl\":\"https:\\\/\\\/www.eldiario.net\\\/portal\\\/wp-content\\\/uploads\\\/2023\\\/10\\\/academia-1.jpg\",\"width\":1000,\"height\":666,\"caption\":\"EL DIRECTORIO DE LA ANC: MARCOS MICHEL, SECRETARIO GENERAL (DE PIE); FRANKLIN BUSTILLOS, VICEPRESIDENTE DE CIENCIAS DE LA CULTURA; M\u00d3NICA MORAES, PRESIDENTA DE LA ANC; GONZALO RIVEROS, VICEPRESIDENTE DE CIENCIAS DE LA NATURALEZA; CELESTE RODR\u00cdGUEZ, TESORERA, Y HERN\u00c1N VERA, VOCAL.\"},{\"@type\":\"BreadcrumbList\",\"@id\":\"https:\\\/\\\/www.eldiario.net\\\/portal\\\/2023\\\/10\\\/22\\\/sexagesimo-tercer-aniversario-de-la-anc\\\/#breadcrumb\",\"itemListElement\":[{\"@type\":\"ListItem\",\"position\":1,\"name\":\"Portada\",\"item\":\"https:\\\/\\\/www.eldiario.net\\\/portal\\\/\"},{\"@type\":\"ListItem\",\"position\":2,\"name\":\"Sexag\u00e9simo tercer aniversario de la ANC\"}]},{\"@type\":\"WebSite\",\"@id\":\"https:\\\/\\\/www.eldiario.net\\\/portal\\\/#website\",\"url\":\"https:\\\/\\\/www.eldiario.net\\\/portal\\\/\",\"name\":\"El Diario - Decano de la prensa nacional\",\"description\":\"El Diario - Decano de la prensa nacional\",\"publisher\":{\"@id\":\"https:\\\/\\\/www.eldiario.net\\\/portal\\\/#organization\"},\"potentialAction\":[{\"@type\":\"SearchAction\",\"target\":{\"@type\":\"EntryPoint\",\"urlTemplate\":\"https:\\\/\\\/www.eldiario.net\\\/portal\\\/?s={search_term_string}\"},\"query-input\":{\"@type\":\"PropertyValueSpecification\",\"valueRequired\":true,\"valueName\":\"search_term_string\"}}],\"inLanguage\":\"es\"},{\"@type\":\"Organization\",\"@id\":\"https:\\\/\\\/www.eldiario.net\\\/portal\\\/#organization\",\"name\":\"El Diario - Decano de la prensa nacional\",\"url\":\"https:\\\/\\\/www.eldiario.net\\\/portal\\\/\",\"logo\":{\"@type\":\"ImageObject\",\"inLanguage\":\"es\",\"@id\":\"https:\\\/\\\/www.eldiario.net\\\/portal\\\/#\\\/schema\\\/logo\\\/image\\\/\",\"url\":\"https:\\\/\\\/www.eldiario.net\\\/portal\\\/wp-content\\\/uploads\\\/2023\\\/07\\\/logo_ED.jpg\",\"contentUrl\":\"https:\\\/\\\/www.eldiario.net\\\/portal\\\/wp-content\\\/uploads\\\/2023\\\/07\\\/logo_ED.jpg\",\"width\":272,\"height\":52,\"caption\":\"El Diario - Decano de la prensa nacional\"},\"image\":{\"@id\":\"https:\\\/\\\/www.eldiario.net\\\/portal\\\/#\\\/schema\\\/logo\\\/image\\\/\"},\"sameAs\":[\"https:\\\/\\\/www.facebook.com\\\/eldiario.bolivia\\\/\",\"https:\\\/\\\/x.com\\\/eldiario_net\"]},{\"@type\":\"Person\",\"@id\":\"https:\\\/\\\/www.eldiario.net\\\/portal\\\/#\\\/schema\\\/person\\\/f46445640444750d7d753ccd04ae01b7\",\"name\":\"Jeanette\",\"image\":{\"@type\":\"ImageObject\",\"inLanguage\":\"es\",\"@id\":\"https:\\\/\\\/secure.gravatar.com\\\/avatar\\\/3ea2118a5f7dad2b7138b1187a6b7ee55f160b9968b66013c3a3ef39dd7e5798?s=96&d=mm&r=g\",\"url\":\"https:\\\/\\\/secure.gravatar.com\\\/avatar\\\/3ea2118a5f7dad2b7138b1187a6b7ee55f160b9968b66013c3a3ef39dd7e5798?s=96&d=mm&r=g\",\"contentUrl\":\"https:\\\/\\\/secure.gravatar.com\\\/avatar\\\/3ea2118a5f7dad2b7138b1187a6b7ee55f160b9968b66013c3a3ef39dd7e5798?s=96&d=mm&r=g\",\"caption\":\"Jeanette\"},\"sameAs\":[\"https:\\\/\\\/www.eldiario.net\\\/portal\"],\"url\":\"https:\\\/\\\/www.eldiario.net\\\/portal\\\/author\\\/jeanette\\\/\"}]}<\/script>\n<!-- \/ Yoast SEO plugin. -->","yoast_head_json":{"title":"Sexag\u00e9simo tercer aniversario de la ANC - El Diario - Bolivia","robots":{"index":"index","follow":"follow","max-snippet":"max-snippet:-1","max-image-preview":"max-image-preview:large","max-video-preview":"max-video-preview:-1"},"canonical":"https:\/\/www.eldiario.net\/portal\/2023\/10\/22\/sexagesimo-tercer-aniversario-de-la-anc\/","og_locale":"es_ES","og_type":"article","og_title":"Sexag\u00e9simo tercer aniversario de la ANC - El Diario - Bolivia","og_description":"En sesi\u00f3n de honor realizada de forma presencial y virtual se conmemor\u00f3 el sexag\u00e9simo tercer aniversario de creaci\u00f3n de la Academia Nacional de Ciencias (ANC). En este acto se entreg\u00f3 el Premio Marie Curie en su versi\u00f3n 2023. En forma p\u00f3stuma se reconoci\u00f3 la labor cient\u00edfica de la acad\u00e9mica Hilde Spielvogel, mientras que el acad\u00e9mico [&hellip;]","og_url":"https:\/\/www.eldiario.net\/portal\/2023\/10\/22\/sexagesimo-tercer-aniversario-de-la-anc\/","og_site_name":"El Diario - Bolivia","article_publisher":"https:\/\/www.facebook.com\/eldiario.bolivia\/","article_published_time":"2023-10-22T10:26:23+00:00","og_image":[{"width":1000,"height":666,"url":"https:\/\/www.eldiario.net\/portal\/wp-content\/uploads\/2023\/10\/academia-1.jpg","type":"image\/jpeg"}],"author":"Jeanette","twitter_card":"summary_large_image","twitter_creator":"@eldiario_net","twitter_site":"@eldiario_net","twitter_misc":{"Escrito por":"Jeanette","Tiempo de lectura":"1 minuto"},"schema":{"@context":"https:\/\/schema.org","@graph":[{"@type":"Article","@id":"https:\/\/www.eldiario.net\/portal\/2023\/10\/22\/sexagesimo-tercer-aniversario-de-la-anc\/#article","isPartOf":{"@id":"https:\/\/www.eldiario.net\/portal\/2023\/10\/22\/sexagesimo-tercer-aniversario-de-la-anc\/"},"author":{"name":"Jeanette","@id":"https:\/\/www.eldiario.net\/portal\/#\/schema\/person\/f46445640444750d7d753ccd04ae01b7"},"headline":"Sexag\u00e9simo tercer aniversario de la ANC","datePublished":"2023-10-22T10:26:23+00:00","mainEntityOfPage":{"@id":"https:\/\/www.eldiario.net\/portal\/2023\/10\/22\/sexagesimo-tercer-aniversario-de-la-anc\/"},"wordCount":171,"publisher":{"@id":"https:\/\/www.eldiario.net\/portal\/#organization"},"image":{"@id":"https:\/\/www.eldiario.net\/portal\/2023\/10\/22\/sexagesimo-tercer-aniversario-de-la-anc\/#primaryimage"},"thumbnailUrl":"https:\/\/www.eldiario.net\/portal\/wp-content\/uploads\/2023\/10\/academia-1.jpg","articleSection":["Sociales"],"inLanguage":"es"},{"@type":"WebPage","@id":"https:\/\/www.eldiario.net\/portal\/2023\/10\/22\/sexagesimo-tercer-aniversario-de-la-anc\/","url":"https:\/\/www.eldiario.net\/portal\/2023\/10\/22\/sexagesimo-tercer-aniversario-de-la-anc\/","name":"Sexag\u00e9simo tercer aniversario de la ANC - El Diario - Bolivia","isPartOf":{"@id":"https:\/\/www.eldiario.net\/portal\/#website"},"primaryImageOfPage":{"@id":"https:\/\/www.eldiario.net\/portal\/2023\/10\/22\/sexagesimo-tercer-aniversario-de-la-anc\/#primaryimage"},"image":{"@id":"https:\/\/www.eldiario.net\/portal\/2023\/10\/22\/sexagesimo-tercer-aniversario-de-la-anc\/#primaryimage"},"thumbnailUrl":"https:\/\/www.eldiario.net\/portal\/wp-content\/uploads\/2023\/10\/academia-1.jpg","datePublished":"2023-10-22T10:26:23+00:00","breadcrumb":{"@id":"https:\/\/www.eldiario.net\/portal\/2023\/10\/22\/sexagesimo-tercer-aniversario-de-la-anc\/#breadcrumb"},"inLanguage":"es","potentialAction":[{"@type":"ReadAction","target":["https:\/\/www.eldiario.net\/portal\/2023\/10\/22\/sexagesimo-tercer-aniversario-de-la-anc\/"]}]},{"@type":"ImageObject","inLanguage":"es","@id":"https:\/\/www.eldiario.net\/portal\/2023\/10\/22\/sexagesimo-tercer-aniversario-de-la-anc\/#primaryimage","url":"https:\/\/www.eldiario.net\/portal\/wp-content\/uploads\/2023\/10\/academia-1.jpg","contentUrl":"https:\/\/www.eldiario.net\/portal\/wp-content\/uploads\/2023\/10\/academia-1.jpg","width":1000,"height":666,"caption":"EL DIRECTORIO DE LA ANC: MARCOS MICHEL, SECRETARIO GENERAL (DE PIE); FRANKLIN BUSTILLOS, VICEPRESIDENTE DE CIENCIAS DE LA CULTURA; M\u00d3NICA MORAES, PRESIDENTA DE LA ANC; GONZALO RIVEROS, VICEPRESIDENTE DE CIENCIAS DE LA NATURALEZA; CELESTE RODR\u00cdGUEZ, TESORERA, Y HERN\u00c1N VERA, VOCAL."},{"@type":"BreadcrumbList","@id":"https:\/\/www.eldiario.net\/portal\/2023\/10\/22\/sexagesimo-tercer-aniversario-de-la-anc\/#breadcrumb","itemListElement":[{"@type":"ListItem","position":1,"name":"Portada","item":"https:\/\/www.eldiario.net\/portal\/"},{"@type":"ListItem","position":2,"name":"Sexag\u00e9simo tercer aniversario de la ANC"}]},{"@type":"WebSite","@id":"https:\/\/www.eldiario.net\/portal\/#website","url":"https:\/\/www.eldiario.net\/portal\/","name":"El Diario - Decano de la prensa nacional","description":"El Diario - Decano de la prensa nacional","publisher":{"@id":"https:\/\/www.eldiario.net\/portal\/#organization"},"potentialAction":[{"@type":"SearchAction","target":{"@type":"EntryPoint","urlTemplate":"https:\/\/www.eldiario.net\/portal\/?s={search_term_string}"},"query-input":{"@type":"PropertyValueSpecification","valueRequired":true,"valueName":"search_term_string"}}],"inLanguage":"es"},{"@type":"Organization","@id":"https:\/\/www.eldiario.net\/portal\/#organization","name":"El Diario - Decano de la prensa nacional","url":"https:\/\/www.eldiario.net\/portal\/","logo":{"@type":"ImageObject","inLanguage":"es","@id":"https:\/\/www.eldiario.net\/portal\/#\/schema\/logo\/image\/","url":"https:\/\/www.eldiario.net\/portal\/wp-content\/uploads\/2023\/07\/logo_ED.jpg","contentUrl":"https:\/\/www.eldiario.net\/portal\/wp-content\/uploads\/2023\/07\/logo_ED.jpg","width":272,"height":52,"caption":"El Diario - Decano de la prensa nacional"},"image":{"@id":"https:\/\/www.eldiario.net\/portal\/#\/schema\/logo\/image\/"},"sameAs":["https:\/\/www.facebook.com\/eldiario.bolivia\/","https:\/\/x.com\/eldiario_net"]},{"@type":"Person","@id":"https:\/\/www.eldiario.net\/portal\/#\/schema\/person\/f46445640444750d7d753ccd04ae01b7","name":"Jeanette","image":{"@type":"ImageObject","inLanguage":"es","@id":"https:\/\/secure.gravatar.com\/avatar\/3ea2118a5f7dad2b7138b1187a6b7ee55f160b9968b66013c3a3ef39dd7e5798?s=96&d=mm&r=g","url":"https:\/\/secure.gravatar.com\/avatar\/3ea2118a5f7dad2b7138b1187a6b7ee55f160b9968b66013c3a3ef39dd7e5798?s=96&d=mm&r=g","contentUrl":"https:\/\/secure.gravatar.com\/avatar\/3ea2118a5f7dad2b7138b1187a6b7ee55f160b9968b66013c3a3ef39dd7e5798?s=96&d=mm&r=g","caption":"Jeanette"},"sameAs":["https:\/\/www.eldiario.net\/portal"],"url":"https:\/\/www.eldiario.net\/portal\/author\/jeanette\/"}]}},"_links":{"self":[{"href":"https:\/\/www.eldiario.net\/portal\/wp-json\/wp\/v2\/posts\/183308","targetHints":{"allow":["GET"]}}],"collection":[{"href":"https:\/\/www.eldiario.net\/portal\/wp-json\/wp\/v2\/posts"}],"about":[{"href":"https:\/\/www.eldiario.net\/portal\/wp-json\/wp\/v2\/types\/post"}],"author":[{"embeddable":true,"href":"https:\/\/www.eldiario.net\/portal\/wp-json\/wp\/v2\/users\/1"}],"replies":[{"embeddable":true,"href":"https:\/\/www.eldiario.net\/portal\/wp-json\/wp\/v2\/comments?post=183308"}],"version-history":[{"count":0,"href":"https:\/\/www.eldiario.net\/portal\/wp-json\/wp\/v2\/posts\/183308\/revisions"}],"wp:featuredmedia":[{"embeddable":true,"href":"https:\/\/www.eldiario.net\/portal\/wp-json\/wp\/v2\/media\/183318"}],"wp:attachment":[{"href":"https:\/\/www.eldiario.net\/portal\/wp-json\/wp\/v2\/media?parent=183308"}],"wp:term":[{"taxonomy":"category","embeddable":true,"href":"https:\/\/www.eldiario.net\/portal\/wp-json\/wp\/v2\/categories?post=183308"},{"taxonomy":"post_tag","embeddable":true,"href":"https:\/\/www.eldiario.net\/portal\/wp-json\/wp\/v2\/tags?post=183308"}],"curies":[{"name":"wp","href":"https:\/\/api.w.org\/{rel}","templated":true}]}}