{"id":183297,"date":"2023-10-22T06:16:02","date_gmt":"2023-10-22T10:16:02","guid":{"rendered":"https:\/\/www.eldiario.net\/portal\/?p=183297"},"modified":"2023-10-22T06:16:02","modified_gmt":"2023-10-22T10:16:02","slug":"atletismo-ciclon-triunfa-en-la-primera-jornada-interclubes","status":"publish","type":"post","link":"https:\/\/www.eldiario.net\/portal\/2023\/10\/22\/atletismo-ciclon-triunfa-en-la-primera-jornada-interclubes\/","title":{"rendered":"Atletismo: Cicl\u00f3n triunfa en la primera jornada interclubes"},"content":{"rendered":"<p>Cicl\u00f3n de Cochabamba gan\u00f3 cinco finales en las pruebas sabatinas, v\u00e1lidas para el Torneo Nacional Interclubes de atletismo, cuya jornada inicial se llev\u00f3 adelante en el estadio Hernando Siles, donde esta delegaci\u00f3n visitante tom\u00f3 la delantera en el medallero general de esta competencia, que cuenta con la participaci\u00f3n de 180 deportistas varones y 117 damas.<br \/>\nLas pruebas nacionales se llevaron adelante en horas de la ma\u00f1ana de ayer, destacando Cicl\u00f3n a trav\u00e9s de la representaci\u00f3n de Sebasti\u00e1n Vargas, Omar Sotomayor, Manuel Ter\u00e1n y Cecilia G\u00f3mez, sobresaliendo en las carreras de velocidad, lanzamiento de jabalina e impulso de bala.<br \/>\nDe estos cinco deportistas, Ter\u00e1n destac\u00f3 con dos triunfos: bala con una marca de 12.14 y jabalina con un registro de 41.47. Mientras, Vargas gan\u00f3 en los 100 metros con 10.78, Sotomayor venci\u00f3 en los 400 metros con 50.44 y G\u00f3mez se impuso en los 400 metros con 56.77. El club David Cortes de Santa Cruz tiene cuatro triunfos, hasta el momento, por intermedio de: Tania Guasace en los 100 metros (12.45), y el doblete de Camila Jim\u00e9nez en los 100 metros con vallas (15.86) y en impulso de bala (8.64) (APG)<\/p>\n","protected":false},"excerpt":{"rendered":"<p>Cicl\u00f3n de Cochabamba gan\u00f3 cinco finales en las pruebas sabatinas, v\u00e1lidas para el Torneo Nacional Interclubes de atletismo, cuya jornada inicial se llev\u00f3 adelante en el estadio Hernando Siles, donde esta delegaci\u00f3n visitante tom\u00f3 la delantera en el medallero general de esta competencia, que cuenta con la participaci\u00f3n de 180 deportistas varones y 117 damas. [&hellip;]<\/p>\n","protected":false},"author":1,"featured_media":183298,"comment_status":"closed","ping_status":"open","sticky":false,"template":"","format":"standard","meta":{"_acf_changed":false,"footnotes":""},"categories":[6],"tags":[],"class_list":["post-183297","post","type-post","status-publish","format-standard","has-post-thumbnail","category-deportes"],"acf":{"antetitulo":""},"yoast_head":"<!-- This site is optimized with the Yoast SEO plugin v28.3 - https:\/\/yoast.com\/product\/yoast-seo-wordpress\/ -->\n<title>Atletismo: Cicl\u00f3n triunfa en la primera jornada interclubes - El Diario - Bolivia<\/title>\n<meta name=\"robots\" content=\"index, follow, max-snippet:-1, max-image-preview:large, max-video-preview:-1\" \/>\n<link rel=\"canonical\" href=\"https:\/\/www.eldiario.net\/portal\/2023\/10\/22\/atletismo-ciclon-triunfa-en-la-primera-jornada-interclubes\/\" \/>\n<meta property=\"og:locale\" content=\"es_ES\" \/>\n<meta property=\"og:type\" content=\"article\" \/>\n<meta property=\"og:title\" content=\"Atletismo: Cicl\u00f3n triunfa en la primera jornada interclubes - El Diario - Bolivia\" \/>\n<meta property=\"og:description\" content=\"Cicl\u00f3n de Cochabamba gan\u00f3 cinco finales en las pruebas sabatinas, v\u00e1lidas para el Torneo Nacional Interclubes de atletismo, cuya jornada inicial se llev\u00f3 adelante en el estadio Hernando Siles, donde esta delegaci\u00f3n visitante tom\u00f3 la delantera en el medallero general de esta competencia, que cuenta con la participaci\u00f3n de 180 deportistas varones y 117 damas. [&hellip;]\" \/>\n<meta property=\"og:url\" content=\"https:\/\/www.eldiario.net\/portal\/2023\/10\/22\/atletismo-ciclon-triunfa-en-la-primera-jornada-interclubes\/\" \/>\n<meta property=\"og:site_name\" content=\"El Diario - Bolivia\" \/>\n<meta property=\"article:publisher\" content=\"https:\/\/www.facebook.com\/eldiario.bolivia\/\" \/>\n<meta property=\"article:published_time\" content=\"2023-10-22T10:16:02+00:00\" \/>\n<meta property=\"og:image\" content=\"https:\/\/www.eldiario.net\/portal\/wp-content\/uploads\/2023\/10\/FOTO-72-4.jpg\" \/>\n\t<meta property=\"og:image:width\" content=\"1000\" \/>\n\t<meta property=\"og:image:height\" content=\"667\" \/>\n\t<meta property=\"og:image:type\" content=\"image\/jpeg\" \/>\n<meta name=\"author\" content=\"Jeanette\" \/>\n<meta name=\"twitter:card\" content=\"summary_large_image\" \/>\n<meta name=\"twitter:creator\" content=\"@eldiario_net\" \/>\n<meta name=\"twitter:site\" content=\"@eldiario_net\" \/>\n<meta name=\"twitter:label1\" content=\"Escrito por\" \/>\n\t<meta name=\"twitter:data1\" content=\"Jeanette\" \/>\n\t<meta name=\"twitter:label2\" content=\"Tiempo de lectura\" \/>\n\t<meta name=\"twitter:data2\" content=\"1 minuto\" \/>\n<script type=\"application\/ld+json\" class=\"yoast-schema-graph\">{\"@context\":\"https:\\\/\\\/schema.org\",\"@graph\":[{\"@type\":\"Article\",\"@id\":\"https:\\\/\\\/www.eldiario.net\\\/portal\\\/2023\\\/10\\\/22\\\/atletismo-ciclon-triunfa-en-la-primera-jornada-interclubes\\\/#article\",\"isPartOf\":{\"@id\":\"https:\\\/\\\/www.eldiario.net\\\/portal\\\/2023\\\/10\\\/22\\\/atletismo-ciclon-triunfa-en-la-primera-jornada-interclubes\\\/\"},\"author\":{\"name\":\"Jeanette\",\"@id\":\"https:\\\/\\\/www.eldiario.net\\\/portal\\\/#\\\/schema\\\/person\\\/f46445640444750d7d753ccd04ae01b7\"},\"headline\":\"Atletismo: Cicl\u00f3n triunfa en la primera jornada interclubes\",\"datePublished\":\"2023-10-22T10:16:02+00:00\",\"mainEntityOfPage\":{\"@id\":\"https:\\\/\\\/www.eldiario.net\\\/portal\\\/2023\\\/10\\\/22\\\/atletismo-ciclon-triunfa-en-la-primera-jornada-interclubes\\\/\"},\"wordCount\":198,\"publisher\":{\"@id\":\"https:\\\/\\\/www.eldiario.net\\\/portal\\\/#organization\"},\"image\":{\"@id\":\"https:\\\/\\\/www.eldiario.net\\\/portal\\\/2023\\\/10\\\/22\\\/atletismo-ciclon-triunfa-en-la-primera-jornada-interclubes\\\/#primaryimage\"},\"thumbnailUrl\":\"https:\\\/\\\/www.eldiario.net\\\/portal\\\/wp-content\\\/uploads\\\/2023\\\/10\\\/FOTO-72-4.jpg\",\"articleSection\":[\"Deportes\"],\"inLanguage\":\"es\"},{\"@type\":\"WebPage\",\"@id\":\"https:\\\/\\\/www.eldiario.net\\\/portal\\\/2023\\\/10\\\/22\\\/atletismo-ciclon-triunfa-en-la-primera-jornada-interclubes\\\/\",\"url\":\"https:\\\/\\\/www.eldiario.net\\\/portal\\\/2023\\\/10\\\/22\\\/atletismo-ciclon-triunfa-en-la-primera-jornada-interclubes\\\/\",\"name\":\"Atletismo: Cicl\u00f3n triunfa en la primera jornada interclubes - El Diario - Bolivia\",\"isPartOf\":{\"@id\":\"https:\\\/\\\/www.eldiario.net\\\/portal\\\/#website\"},\"primaryImageOfPage\":{\"@id\":\"https:\\\/\\\/www.eldiario.net\\\/portal\\\/2023\\\/10\\\/22\\\/atletismo-ciclon-triunfa-en-la-primera-jornada-interclubes\\\/#primaryimage\"},\"image\":{\"@id\":\"https:\\\/\\\/www.eldiario.net\\\/portal\\\/2023\\\/10\\\/22\\\/atletismo-ciclon-triunfa-en-la-primera-jornada-interclubes\\\/#primaryimage\"},\"thumbnailUrl\":\"https:\\\/\\\/www.eldiario.net\\\/portal\\\/wp-content\\\/uploads\\\/2023\\\/10\\\/FOTO-72-4.jpg\",\"datePublished\":\"2023-10-22T10:16:02+00:00\",\"breadcrumb\":{\"@id\":\"https:\\\/\\\/www.eldiario.net\\\/portal\\\/2023\\\/10\\\/22\\\/atletismo-ciclon-triunfa-en-la-primera-jornada-interclubes\\\/#breadcrumb\"},\"inLanguage\":\"es\",\"potentialAction\":[{\"@type\":\"ReadAction\",\"target\":[\"https:\\\/\\\/www.eldiario.net\\\/portal\\\/2023\\\/10\\\/22\\\/atletismo-ciclon-triunfa-en-la-primera-jornada-interclubes\\\/\"]}]},{\"@type\":\"ImageObject\",\"inLanguage\":\"es\",\"@id\":\"https:\\\/\\\/www.eldiario.net\\\/portal\\\/2023\\\/10\\\/22\\\/atletismo-ciclon-triunfa-en-la-primera-jornada-interclubes\\\/#primaryimage\",\"url\":\"https:\\\/\\\/www.eldiario.net\\\/portal\\\/wp-content\\\/uploads\\\/2023\\\/10\\\/FOTO-72-4.jpg\",\"contentUrl\":\"https:\\\/\\\/www.eldiario.net\\\/portal\\\/wp-content\\\/uploads\\\/2023\\\/10\\\/FOTO-72-4.jpg\",\"width\":1000,\"height\":667},{\"@type\":\"BreadcrumbList\",\"@id\":\"https:\\\/\\\/www.eldiario.net\\\/portal\\\/2023\\\/10\\\/22\\\/atletismo-ciclon-triunfa-en-la-primera-jornada-interclubes\\\/#breadcrumb\",\"itemListElement\":[{\"@type\":\"ListItem\",\"position\":1,\"name\":\"Portada\",\"item\":\"https:\\\/\\\/www.eldiario.net\\\/portal\\\/\"},{\"@type\":\"ListItem\",\"position\":2,\"name\":\"Atletismo: Cicl\u00f3n triunfa en la primera jornada interclubes\"}]},{\"@type\":\"WebSite\",\"@id\":\"https:\\\/\\\/www.eldiario.net\\\/portal\\\/#website\",\"url\":\"https:\\\/\\\/www.eldiario.net\\\/portal\\\/\",\"name\":\"El Diario - Decano de la prensa nacional\",\"description\":\"El Diario - Decano de la prensa nacional\",\"publisher\":{\"@id\":\"https:\\\/\\\/www.eldiario.net\\\/portal\\\/#organization\"},\"potentialAction\":[{\"@type\":\"SearchAction\",\"target\":{\"@type\":\"EntryPoint\",\"urlTemplate\":\"https:\\\/\\\/www.eldiario.net\\\/portal\\\/?s={search_term_string}\"},\"query-input\":{\"@type\":\"PropertyValueSpecification\",\"valueRequired\":true,\"valueName\":\"search_term_string\"}}],\"inLanguage\":\"es\"},{\"@type\":\"Organization\",\"@id\":\"https:\\\/\\\/www.eldiario.net\\\/portal\\\/#organization\",\"name\":\"El Diario - Decano de la prensa nacional\",\"url\":\"https:\\\/\\\/www.eldiario.net\\\/portal\\\/\",\"logo\":{\"@type\":\"ImageObject\",\"inLanguage\":\"es\",\"@id\":\"https:\\\/\\\/www.eldiario.net\\\/portal\\\/#\\\/schema\\\/logo\\\/image\\\/\",\"url\":\"https:\\\/\\\/www.eldiario.net\\\/portal\\\/wp-content\\\/uploads\\\/2023\\\/07\\\/logo_ED.jpg\",\"contentUrl\":\"https:\\\/\\\/www.eldiario.net\\\/portal\\\/wp-content\\\/uploads\\\/2023\\\/07\\\/logo_ED.jpg\",\"width\":272,\"height\":52,\"caption\":\"El Diario - Decano de la prensa nacional\"},\"image\":{\"@id\":\"https:\\\/\\\/www.eldiario.net\\\/portal\\\/#\\\/schema\\\/logo\\\/image\\\/\"},\"sameAs\":[\"https:\\\/\\\/www.facebook.com\\\/eldiario.bolivia\\\/\",\"https:\\\/\\\/x.com\\\/eldiario_net\"]},{\"@type\":\"Person\",\"@id\":\"https:\\\/\\\/www.eldiario.net\\\/portal\\\/#\\\/schema\\\/person\\\/f46445640444750d7d753ccd04ae01b7\",\"name\":\"Jeanette\",\"image\":{\"@type\":\"ImageObject\",\"inLanguage\":\"es\",\"@id\":\"https:\\\/\\\/secure.gravatar.com\\\/avatar\\\/3ea2118a5f7dad2b7138b1187a6b7ee55f160b9968b66013c3a3ef39dd7e5798?s=96&d=mm&r=g\",\"url\":\"https:\\\/\\\/secure.gravatar.com\\\/avatar\\\/3ea2118a5f7dad2b7138b1187a6b7ee55f160b9968b66013c3a3ef39dd7e5798?s=96&d=mm&r=g\",\"contentUrl\":\"https:\\\/\\\/secure.gravatar.com\\\/avatar\\\/3ea2118a5f7dad2b7138b1187a6b7ee55f160b9968b66013c3a3ef39dd7e5798?s=96&d=mm&r=g\",\"caption\":\"Jeanette\"},\"sameAs\":[\"https:\\\/\\\/www.eldiario.net\\\/portal\"],\"url\":\"https:\\\/\\\/www.eldiario.net\\\/portal\\\/author\\\/jeanette\\\/\"}]}<\/script>\n<!-- \/ Yoast SEO plugin. -->","yoast_head_json":{"title":"Atletismo: Cicl\u00f3n triunfa en la primera jornada interclubes - El Diario - Bolivia","robots":{"index":"index","follow":"follow","max-snippet":"max-snippet:-1","max-image-preview":"max-image-preview:large","max-video-preview":"max-video-preview:-1"},"canonical":"https:\/\/www.eldiario.net\/portal\/2023\/10\/22\/atletismo-ciclon-triunfa-en-la-primera-jornada-interclubes\/","og_locale":"es_ES","og_type":"article","og_title":"Atletismo: Cicl\u00f3n triunfa en la primera jornada interclubes - El Diario - Bolivia","og_description":"Cicl\u00f3n de Cochabamba gan\u00f3 cinco finales en las pruebas sabatinas, v\u00e1lidas para el Torneo Nacional Interclubes de atletismo, cuya jornada inicial se llev\u00f3 adelante en el estadio Hernando Siles, donde esta delegaci\u00f3n visitante tom\u00f3 la delantera en el medallero general de esta competencia, que cuenta con la participaci\u00f3n de 180 deportistas varones y 117 damas. [&hellip;]","og_url":"https:\/\/www.eldiario.net\/portal\/2023\/10\/22\/atletismo-ciclon-triunfa-en-la-primera-jornada-interclubes\/","og_site_name":"El Diario - Bolivia","article_publisher":"https:\/\/www.facebook.com\/eldiario.bolivia\/","article_published_time":"2023-10-22T10:16:02+00:00","og_image":[{"width":1000,"height":667,"url":"https:\/\/www.eldiario.net\/portal\/wp-content\/uploads\/2023\/10\/FOTO-72-4.jpg","type":"image\/jpeg"}],"author":"Jeanette","twitter_card":"summary_large_image","twitter_creator":"@eldiario_net","twitter_site":"@eldiario_net","twitter_misc":{"Escrito por":"Jeanette","Tiempo de lectura":"1 minuto"},"schema":{"@context":"https:\/\/schema.org","@graph":[{"@type":"Article","@id":"https:\/\/www.eldiario.net\/portal\/2023\/10\/22\/atletismo-ciclon-triunfa-en-la-primera-jornada-interclubes\/#article","isPartOf":{"@id":"https:\/\/www.eldiario.net\/portal\/2023\/10\/22\/atletismo-ciclon-triunfa-en-la-primera-jornada-interclubes\/"},"author":{"name":"Jeanette","@id":"https:\/\/www.eldiario.net\/portal\/#\/schema\/person\/f46445640444750d7d753ccd04ae01b7"},"headline":"Atletismo: Cicl\u00f3n triunfa en la primera jornada interclubes","datePublished":"2023-10-22T10:16:02+00:00","mainEntityOfPage":{"@id":"https:\/\/www.eldiario.net\/portal\/2023\/10\/22\/atletismo-ciclon-triunfa-en-la-primera-jornada-interclubes\/"},"wordCount":198,"publisher":{"@id":"https:\/\/www.eldiario.net\/portal\/#organization"},"image":{"@id":"https:\/\/www.eldiario.net\/portal\/2023\/10\/22\/atletismo-ciclon-triunfa-en-la-primera-jornada-interclubes\/#primaryimage"},"thumbnailUrl":"https:\/\/www.eldiario.net\/portal\/wp-content\/uploads\/2023\/10\/FOTO-72-4.jpg","articleSection":["Deportes"],"inLanguage":"es"},{"@type":"WebPage","@id":"https:\/\/www.eldiario.net\/portal\/2023\/10\/22\/atletismo-ciclon-triunfa-en-la-primera-jornada-interclubes\/","url":"https:\/\/www.eldiario.net\/portal\/2023\/10\/22\/atletismo-ciclon-triunfa-en-la-primera-jornada-interclubes\/","name":"Atletismo: Cicl\u00f3n triunfa en la primera jornada interclubes - El Diario - Bolivia","isPartOf":{"@id":"https:\/\/www.eldiario.net\/portal\/#website"},"primaryImageOfPage":{"@id":"https:\/\/www.eldiario.net\/portal\/2023\/10\/22\/atletismo-ciclon-triunfa-en-la-primera-jornada-interclubes\/#primaryimage"},"image":{"@id":"https:\/\/www.eldiario.net\/portal\/2023\/10\/22\/atletismo-ciclon-triunfa-en-la-primera-jornada-interclubes\/#primaryimage"},"thumbnailUrl":"https:\/\/www.eldiario.net\/portal\/wp-content\/uploads\/2023\/10\/FOTO-72-4.jpg","datePublished":"2023-10-22T10:16:02+00:00","breadcrumb":{"@id":"https:\/\/www.eldiario.net\/portal\/2023\/10\/22\/atletismo-ciclon-triunfa-en-la-primera-jornada-interclubes\/#breadcrumb"},"inLanguage":"es","potentialAction":[{"@type":"ReadAction","target":["https:\/\/www.eldiario.net\/portal\/2023\/10\/22\/atletismo-ciclon-triunfa-en-la-primera-jornada-interclubes\/"]}]},{"@type":"ImageObject","inLanguage":"es","@id":"https:\/\/www.eldiario.net\/portal\/2023\/10\/22\/atletismo-ciclon-triunfa-en-la-primera-jornada-interclubes\/#primaryimage","url":"https:\/\/www.eldiario.net\/portal\/wp-content\/uploads\/2023\/10\/FOTO-72-4.jpg","contentUrl":"https:\/\/www.eldiario.net\/portal\/wp-content\/uploads\/2023\/10\/FOTO-72-4.jpg","width":1000,"height":667},{"@type":"BreadcrumbList","@id":"https:\/\/www.eldiario.net\/portal\/2023\/10\/22\/atletismo-ciclon-triunfa-en-la-primera-jornada-interclubes\/#breadcrumb","itemListElement":[{"@type":"ListItem","position":1,"name":"Portada","item":"https:\/\/www.eldiario.net\/portal\/"},{"@type":"ListItem","position":2,"name":"Atletismo: Cicl\u00f3n triunfa en la primera jornada interclubes"}]},{"@type":"WebSite","@id":"https:\/\/www.eldiario.net\/portal\/#website","url":"https:\/\/www.eldiario.net\/portal\/","name":"El Diario - Decano de la prensa nacional","description":"El Diario - Decano de la prensa nacional","publisher":{"@id":"https:\/\/www.eldiario.net\/portal\/#organization"},"potentialAction":[{"@type":"SearchAction","target":{"@type":"EntryPoint","urlTemplate":"https:\/\/www.eldiario.net\/portal\/?s={search_term_string}"},"query-input":{"@type":"PropertyValueSpecification","valueRequired":true,"valueName":"search_term_string"}}],"inLanguage":"es"},{"@type":"Organization","@id":"https:\/\/www.eldiario.net\/portal\/#organization","name":"El Diario - Decano de la prensa nacional","url":"https:\/\/www.eldiario.net\/portal\/","logo":{"@type":"ImageObject","inLanguage":"es","@id":"https:\/\/www.eldiario.net\/portal\/#\/schema\/logo\/image\/","url":"https:\/\/www.eldiario.net\/portal\/wp-content\/uploads\/2023\/07\/logo_ED.jpg","contentUrl":"https:\/\/www.eldiario.net\/portal\/wp-content\/uploads\/2023\/07\/logo_ED.jpg","width":272,"height":52,"caption":"El Diario - Decano de la prensa nacional"},"image":{"@id":"https:\/\/www.eldiario.net\/portal\/#\/schema\/logo\/image\/"},"sameAs":["https:\/\/www.facebook.com\/eldiario.bolivia\/","https:\/\/x.com\/eldiario_net"]},{"@type":"Person","@id":"https:\/\/www.eldiario.net\/portal\/#\/schema\/person\/f46445640444750d7d753ccd04ae01b7","name":"Jeanette","image":{"@type":"ImageObject","inLanguage":"es","@id":"https:\/\/secure.gravatar.com\/avatar\/3ea2118a5f7dad2b7138b1187a6b7ee55f160b9968b66013c3a3ef39dd7e5798?s=96&d=mm&r=g","url":"https:\/\/secure.gravatar.com\/avatar\/3ea2118a5f7dad2b7138b1187a6b7ee55f160b9968b66013c3a3ef39dd7e5798?s=96&d=mm&r=g","contentUrl":"https:\/\/secure.gravatar.com\/avatar\/3ea2118a5f7dad2b7138b1187a6b7ee55f160b9968b66013c3a3ef39dd7e5798?s=96&d=mm&r=g","caption":"Jeanette"},"sameAs":["https:\/\/www.eldiario.net\/portal"],"url":"https:\/\/www.eldiario.net\/portal\/author\/jeanette\/"}]}},"_links":{"self":[{"href":"https:\/\/www.eldiario.net\/portal\/wp-json\/wp\/v2\/posts\/183297","targetHints":{"allow":["GET"]}}],"collection":[{"href":"https:\/\/www.eldiario.net\/portal\/wp-json\/wp\/v2\/posts"}],"about":[{"href":"https:\/\/www.eldiario.net\/portal\/wp-json\/wp\/v2\/types\/post"}],"author":[{"embeddable":true,"href":"https:\/\/www.eldiario.net\/portal\/wp-json\/wp\/v2\/users\/1"}],"replies":[{"embeddable":true,"href":"https:\/\/www.eldiario.net\/portal\/wp-json\/wp\/v2\/comments?post=183297"}],"version-history":[{"count":0,"href":"https:\/\/www.eldiario.net\/portal\/wp-json\/wp\/v2\/posts\/183297\/revisions"}],"wp:featuredmedia":[{"embeddable":true,"href":"https:\/\/www.eldiario.net\/portal\/wp-json\/wp\/v2\/media\/183298"}],"wp:attachment":[{"href":"https:\/\/www.eldiario.net\/portal\/wp-json\/wp\/v2\/media?parent=183297"}],"wp:term":[{"taxonomy":"category","embeddable":true,"href":"https:\/\/www.eldiario.net\/portal\/wp-json\/wp\/v2\/categories?post=183297"},{"taxonomy":"post_tag","embeddable":true,"href":"https:\/\/www.eldiario.net\/portal\/wp-json\/wp\/v2\/tags?post=183297"}],"curies":[{"name":"wp","href":"https:\/\/api.w.org\/{rel}","templated":true}]}}