{"id":183266,"date":"2023-10-22T05:58:24","date_gmt":"2023-10-22T09:58:24","guid":{"rendered":"https:\/\/www.eldiario.net\/portal\/?p=183266"},"modified":"2023-10-22T05:58:24","modified_gmt":"2023-10-22T09:58:24","slug":"acuiferos-de-santa-cruz-no-se-tocan","status":"publish","type":"post","link":"https:\/\/www.eldiario.net\/portal\/2023\/10\/22\/acuiferos-de-santa-cruz-no-se-tocan\/","title":{"rendered":"Acu\u00edferos de Santa Cruz no se tocan"},"content":{"rendered":"<p>El Tribunal Constitucional Plurinacional emiti\u00f3 la aclaraci\u00f3n, enmienda y complementaci\u00f3n solicitada por la Sentencia Constitucional 0076\/2023, la que establece la validez de las leyes departamentales de protecci\u00f3n del patrimonio natural en Santa Cruz.<br \/>\nLa asamble\u00edsta Paola Aguirre, destac\u00f3 la resoluci\u00f3n del TCP, considerando como una \u201cbuena noticia para Santa Cruz\u201d y enfatiz\u00f3 la importancia de cumplir con el deber de proteger y defender los recursos naturales y el medio ambiente en la regi\u00f3n.<\/p>\n","protected":false},"excerpt":{"rendered":"<p>El Tribunal Constitucional Plurinacional emiti\u00f3 la aclaraci\u00f3n, enmienda y complementaci\u00f3n solicitada por la Sentencia Constitucional 0076\/2023, la que establece la validez de las leyes departamentales de protecci\u00f3n del patrimonio natural en Santa Cruz. La asamble\u00edsta Paola Aguirre, destac\u00f3 la resoluci\u00f3n del TCP, considerando como una \u201cbuena noticia para Santa Cruz\u201d y enfatiz\u00f3 la importancia de [&hellip;]<\/p>\n","protected":false},"author":1,"featured_media":183267,"comment_status":"closed","ping_status":"open","sticky":false,"template":"","format":"standard","meta":{"_acf_changed":false,"footnotes":""},"categories":[15],"tags":[],"class_list":["post-183266","post","type-post","status-publish","format-standard","has-post-thumbnail","category-portada"],"acf":{"antetitulo":""},"yoast_head":"<!-- This site is optimized with the Yoast SEO plugin v28.4 - https:\/\/yoast.com\/product\/yoast-seo-wordpress\/ -->\n<title>Acu\u00edferos de Santa Cruz no se tocan - El Diario - Bolivia<\/title>\n<meta name=\"robots\" content=\"index, follow, max-snippet:-1, max-image-preview:large, max-video-preview:-1\" \/>\n<link rel=\"canonical\" href=\"https:\/\/www.eldiario.net\/portal\/2023\/10\/22\/acuiferos-de-santa-cruz-no-se-tocan\/\" \/>\n<meta property=\"og:locale\" content=\"es_ES\" \/>\n<meta property=\"og:type\" content=\"article\" \/>\n<meta property=\"og:title\" content=\"Acu\u00edferos de Santa Cruz no se tocan - El Diario - Bolivia\" \/>\n<meta property=\"og:description\" content=\"El Tribunal Constitucional Plurinacional emiti\u00f3 la aclaraci\u00f3n, enmienda y complementaci\u00f3n solicitada por la Sentencia Constitucional 0076\/2023, la que establece la validez de las leyes departamentales de protecci\u00f3n del patrimonio natural en Santa Cruz. La asamble\u00edsta Paola Aguirre, destac\u00f3 la resoluci\u00f3n del TCP, considerando como una \u201cbuena noticia para Santa Cruz\u201d y enfatiz\u00f3 la importancia de [&hellip;]\" \/>\n<meta property=\"og:url\" content=\"https:\/\/www.eldiario.net\/portal\/2023\/10\/22\/acuiferos-de-santa-cruz-no-se-tocan\/\" \/>\n<meta property=\"og:site_name\" content=\"El Diario - Bolivia\" \/>\n<meta property=\"article:publisher\" content=\"https:\/\/www.facebook.com\/eldiario.bolivia\/\" \/>\n<meta property=\"article:published_time\" content=\"2023-10-22T09:58:24+00:00\" \/>\n<meta property=\"og:image\" content=\"https:\/\/www.eldiario.net\/portal\/wp-content\/uploads\/2023\/10\/P-3-10-cm-x-7-1.png\" \/>\n\t<meta property=\"og:image:width\" content=\"2400\" \/>\n\t<meta property=\"og:image:height\" content=\"1110\" \/>\n\t<meta property=\"og:image:type\" content=\"image\/png\" \/>\n<meta name=\"author\" content=\"Jeanette\" \/>\n<meta name=\"twitter:card\" content=\"summary_large_image\" \/>\n<meta name=\"twitter:creator\" content=\"@eldiario_net\" \/>\n<meta name=\"twitter:site\" content=\"@eldiario_net\" \/>\n<meta name=\"twitter:label1\" content=\"Escrito por\" \/>\n\t<meta name=\"twitter:data1\" content=\"Jeanette\" \/>\n\t<meta name=\"twitter:label2\" content=\"Tiempo de lectura\" \/>\n\t<meta name=\"twitter:data2\" content=\"1 minuto\" \/>\n<script type=\"application\/ld+json\" class=\"yoast-schema-graph\">{\"@context\":\"https:\\\/\\\/schema.org\",\"@graph\":[{\"@type\":\"Article\",\"@id\":\"https:\\\/\\\/www.eldiario.net\\\/portal\\\/2023\\\/10\\\/22\\\/acuiferos-de-santa-cruz-no-se-tocan\\\/#article\",\"isPartOf\":{\"@id\":\"https:\\\/\\\/www.eldiario.net\\\/portal\\\/2023\\\/10\\\/22\\\/acuiferos-de-santa-cruz-no-se-tocan\\\/\"},\"author\":{\"name\":\"Jeanette\",\"@id\":\"https:\\\/\\\/www.eldiario.net\\\/portal\\\/#\\\/schema\\\/person\\\/2c57cf2b7a7ae032e449e4c9b1019eac\"},\"headline\":\"Acu\u00edferos de Santa Cruz no se tocan\",\"datePublished\":\"2023-10-22T09:58:24+00:00\",\"mainEntityOfPage\":{\"@id\":\"https:\\\/\\\/www.eldiario.net\\\/portal\\\/2023\\\/10\\\/22\\\/acuiferos-de-santa-cruz-no-se-tocan\\\/\"},\"wordCount\":86,\"publisher\":{\"@id\":\"https:\\\/\\\/www.eldiario.net\\\/portal\\\/#organization\"},\"image\":{\"@id\":\"https:\\\/\\\/www.eldiario.net\\\/portal\\\/2023\\\/10\\\/22\\\/acuiferos-de-santa-cruz-no-se-tocan\\\/#primaryimage\"},\"thumbnailUrl\":\"https:\\\/\\\/www.eldiario.net\\\/portal\\\/wp-content\\\/uploads\\\/2023\\\/10\\\/P-3-10-cm-x-7-1.png\",\"articleSection\":[\"Portada\"],\"inLanguage\":\"es\"},{\"@type\":\"WebPage\",\"@id\":\"https:\\\/\\\/www.eldiario.net\\\/portal\\\/2023\\\/10\\\/22\\\/acuiferos-de-santa-cruz-no-se-tocan\\\/\",\"url\":\"https:\\\/\\\/www.eldiario.net\\\/portal\\\/2023\\\/10\\\/22\\\/acuiferos-de-santa-cruz-no-se-tocan\\\/\",\"name\":\"Acu\u00edferos de Santa Cruz no se tocan - El Diario - Bolivia\",\"isPartOf\":{\"@id\":\"https:\\\/\\\/www.eldiario.net\\\/portal\\\/#website\"},\"primaryImageOfPage\":{\"@id\":\"https:\\\/\\\/www.eldiario.net\\\/portal\\\/2023\\\/10\\\/22\\\/acuiferos-de-santa-cruz-no-se-tocan\\\/#primaryimage\"},\"image\":{\"@id\":\"https:\\\/\\\/www.eldiario.net\\\/portal\\\/2023\\\/10\\\/22\\\/acuiferos-de-santa-cruz-no-se-tocan\\\/#primaryimage\"},\"thumbnailUrl\":\"https:\\\/\\\/www.eldiario.net\\\/portal\\\/wp-content\\\/uploads\\\/2023\\\/10\\\/P-3-10-cm-x-7-1.png\",\"datePublished\":\"2023-10-22T09:58:24+00:00\",\"breadcrumb\":{\"@id\":\"https:\\\/\\\/www.eldiario.net\\\/portal\\\/2023\\\/10\\\/22\\\/acuiferos-de-santa-cruz-no-se-tocan\\\/#breadcrumb\"},\"inLanguage\":\"es\",\"potentialAction\":[{\"@type\":\"ReadAction\",\"target\":[\"https:\\\/\\\/www.eldiario.net\\\/portal\\\/2023\\\/10\\\/22\\\/acuiferos-de-santa-cruz-no-se-tocan\\\/\"]}]},{\"@type\":\"ImageObject\",\"inLanguage\":\"es\",\"@id\":\"https:\\\/\\\/www.eldiario.net\\\/portal\\\/2023\\\/10\\\/22\\\/acuiferos-de-santa-cruz-no-se-tocan\\\/#primaryimage\",\"url\":\"https:\\\/\\\/www.eldiario.net\\\/portal\\\/wp-content\\\/uploads\\\/2023\\\/10\\\/P-3-10-cm-x-7-1.png\",\"contentUrl\":\"https:\\\/\\\/www.eldiario.net\\\/portal\\\/wp-content\\\/uploads\\\/2023\\\/10\\\/P-3-10-cm-x-7-1.png\",\"width\":2400,\"height\":1110,\"caption\":\"RESERVAS ACU\u00cdFERAS DE SANTA CRUZ.\"},{\"@type\":\"BreadcrumbList\",\"@id\":\"https:\\\/\\\/www.eldiario.net\\\/portal\\\/2023\\\/10\\\/22\\\/acuiferos-de-santa-cruz-no-se-tocan\\\/#breadcrumb\",\"itemListElement\":[{\"@type\":\"ListItem\",\"position\":1,\"name\":\"Portada\",\"item\":\"https:\\\/\\\/www.eldiario.net\\\/portal\\\/\"},{\"@type\":\"ListItem\",\"position\":2,\"name\":\"Acu\u00edferos de Santa Cruz no se tocan\"}]},{\"@type\":\"WebSite\",\"@id\":\"https:\\\/\\\/www.eldiario.net\\\/portal\\\/#website\",\"url\":\"https:\\\/\\\/www.eldiario.net\\\/portal\\\/\",\"name\":\"El Diario - Decano de la prensa nacional\",\"description\":\"El Diario - Decano de la prensa nacional\",\"publisher\":{\"@id\":\"https:\\\/\\\/www.eldiario.net\\\/portal\\\/#organization\"},\"potentialAction\":[{\"@type\":\"SearchAction\",\"target\":{\"@type\":\"EntryPoint\",\"urlTemplate\":\"https:\\\/\\\/www.eldiario.net\\\/portal\\\/?s={search_term_string}\"},\"query-input\":{\"@type\":\"PropertyValueSpecification\",\"valueRequired\":true,\"valueName\":\"search_term_string\"}}],\"inLanguage\":\"es\"},{\"@type\":\"Organization\",\"@id\":\"https:\\\/\\\/www.eldiario.net\\\/portal\\\/#organization\",\"name\":\"El Diario - Decano de la prensa nacional\",\"url\":\"https:\\\/\\\/www.eldiario.net\\\/portal\\\/\",\"logo\":{\"@type\":\"ImageObject\",\"inLanguage\":\"es\",\"@id\":\"https:\\\/\\\/www.eldiario.net\\\/portal\\\/#\\\/schema\\\/logo\\\/image\\\/\",\"url\":\"https:\\\/\\\/www.eldiario.net\\\/portal\\\/wp-content\\\/uploads\\\/2023\\\/07\\\/logo_ED.jpg\",\"contentUrl\":\"https:\\\/\\\/www.eldiario.net\\\/portal\\\/wp-content\\\/uploads\\\/2023\\\/07\\\/logo_ED.jpg\",\"width\":272,\"height\":52,\"caption\":\"El Diario - Decano de la prensa nacional\"},\"image\":{\"@id\":\"https:\\\/\\\/www.eldiario.net\\\/portal\\\/#\\\/schema\\\/logo\\\/image\\\/\"},\"sameAs\":[\"https:\\\/\\\/www.facebook.com\\\/eldiario.bolivia\\\/\",\"https:\\\/\\\/x.com\\\/eldiario_net\"]},{\"@type\":\"Person\",\"@id\":\"https:\\\/\\\/www.eldiario.net\\\/portal\\\/#\\\/schema\\\/person\\\/2c57cf2b7a7ae032e449e4c9b1019eac\",\"name\":\"Jeanette\",\"image\":{\"@type\":\"ImageObject\",\"inLanguage\":\"es\",\"@id\":\"https:\\\/\\\/secure.gravatar.com\\\/avatar\\\/3ea2118a5f7dad2b7138b1187a6b7ee55f160b9968b66013c3a3ef39dd7e5798?s=96&d=mm&r=g\",\"url\":\"https:\\\/\\\/secure.gravatar.com\\\/avatar\\\/3ea2118a5f7dad2b7138b1187a6b7ee55f160b9968b66013c3a3ef39dd7e5798?s=96&d=mm&r=g\",\"contentUrl\":\"https:\\\/\\\/secure.gravatar.com\\\/avatar\\\/3ea2118a5f7dad2b7138b1187a6b7ee55f160b9968b66013c3a3ef39dd7e5798?s=96&d=mm&r=g\",\"caption\":\"Jeanette\"},\"sameAs\":[\"https:\\\/\\\/www.eldiario.net\\\/portal\"],\"url\":\"https:\\\/\\\/www.eldiario.net\\\/portal\\\/author\\\/jeanette\\\/\"}]}<\/script>\n<!-- \/ Yoast SEO plugin. -->","yoast_head_json":{"title":"Acu\u00edferos de Santa Cruz no se tocan - El Diario - Bolivia","robots":{"index":"index","follow":"follow","max-snippet":"max-snippet:-1","max-image-preview":"max-image-preview:large","max-video-preview":"max-video-preview:-1"},"canonical":"https:\/\/www.eldiario.net\/portal\/2023\/10\/22\/acuiferos-de-santa-cruz-no-se-tocan\/","og_locale":"es_ES","og_type":"article","og_title":"Acu\u00edferos de Santa Cruz no se tocan - El Diario - Bolivia","og_description":"El Tribunal Constitucional Plurinacional emiti\u00f3 la aclaraci\u00f3n, enmienda y complementaci\u00f3n solicitada por la Sentencia Constitucional 0076\/2023, la que establece la validez de las leyes departamentales de protecci\u00f3n del patrimonio natural en Santa Cruz. La asamble\u00edsta Paola Aguirre, destac\u00f3 la resoluci\u00f3n del TCP, considerando como una \u201cbuena noticia para Santa Cruz\u201d y enfatiz\u00f3 la importancia de [&hellip;]","og_url":"https:\/\/www.eldiario.net\/portal\/2023\/10\/22\/acuiferos-de-santa-cruz-no-se-tocan\/","og_site_name":"El Diario - Bolivia","article_publisher":"https:\/\/www.facebook.com\/eldiario.bolivia\/","article_published_time":"2023-10-22T09:58:24+00:00","og_image":[{"width":2400,"height":1110,"url":"https:\/\/www.eldiario.net\/portal\/wp-content\/uploads\/2023\/10\/P-3-10-cm-x-7-1.png","type":"image\/png"}],"author":"Jeanette","twitter_card":"summary_large_image","twitter_creator":"@eldiario_net","twitter_site":"@eldiario_net","twitter_misc":{"Escrito por":"Jeanette","Tiempo de lectura":"1 minuto"},"schema":{"@context":"https:\/\/schema.org","@graph":[{"@type":"Article","@id":"https:\/\/www.eldiario.net\/portal\/2023\/10\/22\/acuiferos-de-santa-cruz-no-se-tocan\/#article","isPartOf":{"@id":"https:\/\/www.eldiario.net\/portal\/2023\/10\/22\/acuiferos-de-santa-cruz-no-se-tocan\/"},"author":{"name":"Jeanette","@id":"https:\/\/www.eldiario.net\/portal\/#\/schema\/person\/2c57cf2b7a7ae032e449e4c9b1019eac"},"headline":"Acu\u00edferos de Santa Cruz no se tocan","datePublished":"2023-10-22T09:58:24+00:00","mainEntityOfPage":{"@id":"https:\/\/www.eldiario.net\/portal\/2023\/10\/22\/acuiferos-de-santa-cruz-no-se-tocan\/"},"wordCount":86,"publisher":{"@id":"https:\/\/www.eldiario.net\/portal\/#organization"},"image":{"@id":"https:\/\/www.eldiario.net\/portal\/2023\/10\/22\/acuiferos-de-santa-cruz-no-se-tocan\/#primaryimage"},"thumbnailUrl":"https:\/\/www.eldiario.net\/portal\/wp-content\/uploads\/2023\/10\/P-3-10-cm-x-7-1.png","articleSection":["Portada"],"inLanguage":"es"},{"@type":"WebPage","@id":"https:\/\/www.eldiario.net\/portal\/2023\/10\/22\/acuiferos-de-santa-cruz-no-se-tocan\/","url":"https:\/\/www.eldiario.net\/portal\/2023\/10\/22\/acuiferos-de-santa-cruz-no-se-tocan\/","name":"Acu\u00edferos de Santa Cruz no se tocan - El Diario - Bolivia","isPartOf":{"@id":"https:\/\/www.eldiario.net\/portal\/#website"},"primaryImageOfPage":{"@id":"https:\/\/www.eldiario.net\/portal\/2023\/10\/22\/acuiferos-de-santa-cruz-no-se-tocan\/#primaryimage"},"image":{"@id":"https:\/\/www.eldiario.net\/portal\/2023\/10\/22\/acuiferos-de-santa-cruz-no-se-tocan\/#primaryimage"},"thumbnailUrl":"https:\/\/www.eldiario.net\/portal\/wp-content\/uploads\/2023\/10\/P-3-10-cm-x-7-1.png","datePublished":"2023-10-22T09:58:24+00:00","breadcrumb":{"@id":"https:\/\/www.eldiario.net\/portal\/2023\/10\/22\/acuiferos-de-santa-cruz-no-se-tocan\/#breadcrumb"},"inLanguage":"es","potentialAction":[{"@type":"ReadAction","target":["https:\/\/www.eldiario.net\/portal\/2023\/10\/22\/acuiferos-de-santa-cruz-no-se-tocan\/"]}]},{"@type":"ImageObject","inLanguage":"es","@id":"https:\/\/www.eldiario.net\/portal\/2023\/10\/22\/acuiferos-de-santa-cruz-no-se-tocan\/#primaryimage","url":"https:\/\/www.eldiario.net\/portal\/wp-content\/uploads\/2023\/10\/P-3-10-cm-x-7-1.png","contentUrl":"https:\/\/www.eldiario.net\/portal\/wp-content\/uploads\/2023\/10\/P-3-10-cm-x-7-1.png","width":2400,"height":1110,"caption":"RESERVAS ACU\u00cdFERAS DE SANTA CRUZ."},{"@type":"BreadcrumbList","@id":"https:\/\/www.eldiario.net\/portal\/2023\/10\/22\/acuiferos-de-santa-cruz-no-se-tocan\/#breadcrumb","itemListElement":[{"@type":"ListItem","position":1,"name":"Portada","item":"https:\/\/www.eldiario.net\/portal\/"},{"@type":"ListItem","position":2,"name":"Acu\u00edferos de Santa Cruz no se tocan"}]},{"@type":"WebSite","@id":"https:\/\/www.eldiario.net\/portal\/#website","url":"https:\/\/www.eldiario.net\/portal\/","name":"El Diario - Decano de la prensa nacional","description":"El Diario - Decano de la prensa nacional","publisher":{"@id":"https:\/\/www.eldiario.net\/portal\/#organization"},"potentialAction":[{"@type":"SearchAction","target":{"@type":"EntryPoint","urlTemplate":"https:\/\/www.eldiario.net\/portal\/?s={search_term_string}"},"query-input":{"@type":"PropertyValueSpecification","valueRequired":true,"valueName":"search_term_string"}}],"inLanguage":"es"},{"@type":"Organization","@id":"https:\/\/www.eldiario.net\/portal\/#organization","name":"El Diario - Decano de la prensa nacional","url":"https:\/\/www.eldiario.net\/portal\/","logo":{"@type":"ImageObject","inLanguage":"es","@id":"https:\/\/www.eldiario.net\/portal\/#\/schema\/logo\/image\/","url":"https:\/\/www.eldiario.net\/portal\/wp-content\/uploads\/2023\/07\/logo_ED.jpg","contentUrl":"https:\/\/www.eldiario.net\/portal\/wp-content\/uploads\/2023\/07\/logo_ED.jpg","width":272,"height":52,"caption":"El Diario - Decano de la prensa nacional"},"image":{"@id":"https:\/\/www.eldiario.net\/portal\/#\/schema\/logo\/image\/"},"sameAs":["https:\/\/www.facebook.com\/eldiario.bolivia\/","https:\/\/x.com\/eldiario_net"]},{"@type":"Person","@id":"https:\/\/www.eldiario.net\/portal\/#\/schema\/person\/2c57cf2b7a7ae032e449e4c9b1019eac","name":"Jeanette","image":{"@type":"ImageObject","inLanguage":"es","@id":"https:\/\/secure.gravatar.com\/avatar\/3ea2118a5f7dad2b7138b1187a6b7ee55f160b9968b66013c3a3ef39dd7e5798?s=96&d=mm&r=g","url":"https:\/\/secure.gravatar.com\/avatar\/3ea2118a5f7dad2b7138b1187a6b7ee55f160b9968b66013c3a3ef39dd7e5798?s=96&d=mm&r=g","contentUrl":"https:\/\/secure.gravatar.com\/avatar\/3ea2118a5f7dad2b7138b1187a6b7ee55f160b9968b66013c3a3ef39dd7e5798?s=96&d=mm&r=g","caption":"Jeanette"},"sameAs":["https:\/\/www.eldiario.net\/portal"],"url":"https:\/\/www.eldiario.net\/portal\/author\/jeanette\/"}]}},"_links":{"self":[{"href":"https:\/\/www.eldiario.net\/portal\/wp-json\/wp\/v2\/posts\/183266","targetHints":{"allow":["GET"]}}],"collection":[{"href":"https:\/\/www.eldiario.net\/portal\/wp-json\/wp\/v2\/posts"}],"about":[{"href":"https:\/\/www.eldiario.net\/portal\/wp-json\/wp\/v2\/types\/post"}],"author":[{"embeddable":true,"href":"https:\/\/www.eldiario.net\/portal\/wp-json\/wp\/v2\/users\/1"}],"replies":[{"embeddable":true,"href":"https:\/\/www.eldiario.net\/portal\/wp-json\/wp\/v2\/comments?post=183266"}],"version-history":[{"count":0,"href":"https:\/\/www.eldiario.net\/portal\/wp-json\/wp\/v2\/posts\/183266\/revisions"}],"wp:featuredmedia":[{"embeddable":true,"href":"https:\/\/www.eldiario.net\/portal\/wp-json\/wp\/v2\/media\/183267"}],"wp:attachment":[{"href":"https:\/\/www.eldiario.net\/portal\/wp-json\/wp\/v2\/media?parent=183266"}],"wp:term":[{"taxonomy":"category","embeddable":true,"href":"https:\/\/www.eldiario.net\/portal\/wp-json\/wp\/v2\/categories?post=183266"},{"taxonomy":"post_tag","embeddable":true,"href":"https:\/\/www.eldiario.net\/portal\/wp-json\/wp\/v2\/tags?post=183266"}],"curies":[{"name":"wp","href":"https:\/\/api.w.org\/{rel}","templated":true}]}}