{"id":182565,"date":"2023-10-18T06:32:39","date_gmt":"2023-10-18T10:32:39","guid":{"rendered":"https:\/\/www.eldiario.net\/portal\/?p=182565"},"modified":"2023-10-18T06:32:39","modified_gmt":"2023-10-18T10:32:39","slug":"caudillismo-en-la-politica-boliviana-genera-roscas-y-dana-la-democracia","status":"publish","type":"post","link":"https:\/\/www.eldiario.net\/portal\/2023\/10\/18\/caudillismo-en-la-politica-boliviana-genera-roscas-y-dana-la-democracia\/","title":{"rendered":"Caudillismo en la pol\u00edtica boliviana  genera roscas y da\u00f1a la democracia"},"content":{"rendered":"<p>Expresando su solidaridad con los legisladores que la semana pasada fueron separados de la bancada de Comunidad Ciudadana, la diputada Alejandra Camargo, apunt\u00f3 a los caudillismos en los partidos pol\u00edticos, como la causa principal para la generaci\u00f3n de roscas de poder que obstaculizan la labor parlamentaria y degradan la democracia en instancias partidarias.<br \/>\nCamargo volvi\u00f3 a arremeter contra los caudillismos que lideran la mayor\u00eda de organizaciones pol\u00edticas en el pa\u00eds, lamentando que la pol\u00edtica en torno a liderazgos como el \u201carcismo\u201d, \u201cevismo\u201d o \u201ccamachismo\u201d, con sus respectivos c\u00edrculos de poder, afecten y da\u00f1en la actividad partidista, adem\u00e1s de impedir el surgimiento de nuevos actores.<br \/>\n\u201cEste caudillismo en los partidos pol\u00edticos bolivianos tiene que ver con la elecci\u00f3n personajes \u2018favoritos\u2019, instrumentalizando la formaci\u00f3n de roscas de poder que obstaculizan el desempe\u00f1o adecuado de la actividad parlamentaria y la pol\u00edtica boliviana\u201d, indic\u00f3 la asamble\u00edsta cochabambina.<br \/>\nEn ese sentido, cuestion\u00f3 una evidente degradaci\u00f3n de la democracia al interior de las principales organizaciones pol\u00edticas con representaci\u00f3n en el Parlamento, precisando que es ese el origen de actitudes y determinaciones autoritarias.<br \/>\n\u201cSe aplica el dedazo en todos los partidos pol\u00edticos que son caudillistas lamentablemente, por eso tenemos que transformar la l\u00f3gica de la partidocracia boliviana. Mientras haya un caudillo hay una rosca, mientras haya una rosca no hay democracia interna y siempre se van a aplicar los dedazos\u201d, lament\u00f3 Camargo.<br \/>\nLa asamble\u00edsta reiter\u00f3 sus observaciones sobre la direcci\u00f3n de partidos y sus pr\u00e1cticas, adquiridas a lo largo de un dilatado paso por la esfera pol\u00edtica nacional. \u201cLos partidos est\u00e1n manejados por \u2018boomers\u2019, l\u00edderes que datan de la d\u00e9cada del 50, y esto no tiene tanto que ver con la edad sino con las ma\u00f1as adquiridas\u201d.<br \/>\nAnteriormente, el diputado por la agrupaci\u00f3n Creemos, Jos\u00e9 Carlos Guti\u00e9rrez, hab\u00eda manifestado que la oposici\u00f3n debe plantear y ser una alternativa, reconociendo que los caudillismos ya no van.<br \/>\n\u201cLa oposici\u00f3n tiene que reconocerse a s\u00ed misma, y tiene que reconocer que los caudillismos ya no van, y tiene que reconocer que la renovaci\u00f3n va a ser positiva, y el acompa\u00f1amiento de aquellos que han estado en oposici\u00f3n, que tienen experiencia, tiene que redireccionar el rumbo que la oposici\u00f3n no ha podido lograr hasta ahora\u201d, expres\u00f3.<br \/>\nGuti\u00e9rrez adem\u00e1s apunt\u00f3 que uno de los actuales grandes problemas es que la oposici\u00f3n est\u00e1 siendo opacada por la divisi\u00f3n interna en el MAS. \u201cEs urgente que la oposici\u00f3n reconozca sus propias debilidades, porque hay divisi\u00f3n generada por un caudillismo en contra de aquellos opositores que tal vez est\u00e9n pensando en una alternativa real y viable\u201d, concluy\u00f3.<br \/>\nSobre la expulsi\u00f3n y acusaciones contra los ocho asamble\u00edstas cuestionados por la bancada de CC, la diputada Camargo reproch\u00f3 que pr\u00e1cticas del \u201cevismo\u201d en sentido de lanzar acusaciones carentes de sustento, se repliquen en partidos cuya l\u00ednea ideol\u00f3gica y proceder es abiertamente contrario a esta corriente, al menos en teor\u00eda.<br \/>\n\u201cHay ciertas personas en mi alianza que est\u00e1n teniendo estas ma\u00f1as de acusar sin pruebas, no se puede mellar la dignidad de tus colegas sin comprobarlo\u201d, finaliz\u00f3, justificado as\u00ed su inasistencia al acto programado por CC para definir a sus nuevas jefaturas de bancada.<\/p>\n","protected":false},"excerpt":{"rendered":"<p>Expresando su solidaridad con los legisladores que la semana pasada fueron separados de la bancada de Comunidad Ciudadana, la diputada Alejandra Camargo, apunt\u00f3 a los caudillismos en los partidos pol\u00edticos, como la causa principal para la generaci\u00f3n de roscas de poder que obstaculizan la labor parlamentaria y degradan la democracia en instancias partidarias. Camargo volvi\u00f3 [&hellip;]<\/p>\n","protected":false},"author":1,"featured_media":182566,"comment_status":"closed","ping_status":"open","sticky":false,"template":"","format":"standard","meta":{"_acf_changed":false,"footnotes":""},"categories":[14],"tags":[],"class_list":["post-182565","post","type-post","status-publish","format-standard","has-post-thumbnail","category-politica"],"acf":{"antetitulo":""},"yoast_head":"<!-- This site is optimized with the Yoast SEO plugin v28.3 - https:\/\/yoast.com\/product\/yoast-seo-wordpress\/ -->\n<title>Caudillismo en la pol\u00edtica boliviana genera roscas y da\u00f1a la democracia - El Diario - Bolivia<\/title>\n<meta name=\"robots\" content=\"index, follow, max-snippet:-1, max-image-preview:large, max-video-preview:-1\" \/>\n<link rel=\"canonical\" href=\"https:\/\/www.eldiario.net\/portal\/2023\/10\/18\/caudillismo-en-la-politica-boliviana-genera-roscas-y-dana-la-democracia\/\" \/>\n<meta property=\"og:locale\" content=\"es_ES\" \/>\n<meta property=\"og:type\" content=\"article\" \/>\n<meta property=\"og:title\" content=\"Caudillismo en la pol\u00edtica boliviana genera roscas y da\u00f1a la democracia - El Diario - Bolivia\" \/>\n<meta property=\"og:description\" content=\"Expresando su solidaridad con los legisladores que la semana pasada fueron separados de la bancada de Comunidad Ciudadana, la diputada Alejandra Camargo, apunt\u00f3 a los caudillismos en los partidos pol\u00edticos, como la causa principal para la generaci\u00f3n de roscas de poder que obstaculizan la labor parlamentaria y degradan la democracia en instancias partidarias. Camargo volvi\u00f3 [&hellip;]\" \/>\n<meta property=\"og:url\" content=\"https:\/\/www.eldiario.net\/portal\/2023\/10\/18\/caudillismo-en-la-politica-boliviana-genera-roscas-y-dana-la-democracia\/\" \/>\n<meta property=\"og:site_name\" content=\"El Diario - Bolivia\" \/>\n<meta property=\"article:publisher\" content=\"https:\/\/www.facebook.com\/eldiario.bolivia\/\" \/>\n<meta property=\"article:published_time\" content=\"2023-10-18T10:32:39+00:00\" \/>\n<meta property=\"og:image\" content=\"https:\/\/www.eldiario.net\/portal\/wp-content\/uploads\/2023\/10\/41-POL-6.jpg\" \/>\n\t<meta property=\"og:image:width\" content=\"544\" \/>\n\t<meta property=\"og:image:height\" content=\"306\" \/>\n\t<meta property=\"og:image:type\" content=\"image\/jpeg\" \/>\n<meta name=\"author\" content=\"Jeanette\" \/>\n<meta name=\"twitter:card\" content=\"summary_large_image\" \/>\n<meta name=\"twitter:creator\" content=\"@eldiario_net\" \/>\n<meta name=\"twitter:site\" content=\"@eldiario_net\" \/>\n<meta name=\"twitter:label1\" content=\"Escrito por\" \/>\n\t<meta name=\"twitter:data1\" content=\"Jeanette\" \/>\n\t<meta name=\"twitter:label2\" content=\"Tiempo de lectura\" \/>\n\t<meta name=\"twitter:data2\" content=\"3 minutos\" \/>\n<script type=\"application\/ld+json\" class=\"yoast-schema-graph\">{\"@context\":\"https:\\\/\\\/schema.org\",\"@graph\":[{\"@type\":\"Article\",\"@id\":\"https:\\\/\\\/www.eldiario.net\\\/portal\\\/2023\\\/10\\\/18\\\/caudillismo-en-la-politica-boliviana-genera-roscas-y-dana-la-democracia\\\/#article\",\"isPartOf\":{\"@id\":\"https:\\\/\\\/www.eldiario.net\\\/portal\\\/2023\\\/10\\\/18\\\/caudillismo-en-la-politica-boliviana-genera-roscas-y-dana-la-democracia\\\/\"},\"author\":{\"name\":\"Jeanette\",\"@id\":\"https:\\\/\\\/www.eldiario.net\\\/portal\\\/#\\\/schema\\\/person\\\/f46445640444750d7d753ccd04ae01b7\"},\"headline\":\"Caudillismo en la pol\u00edtica boliviana genera roscas y da\u00f1a la democracia\",\"datePublished\":\"2023-10-18T10:32:39+00:00\",\"mainEntityOfPage\":{\"@id\":\"https:\\\/\\\/www.eldiario.net\\\/portal\\\/2023\\\/10\\\/18\\\/caudillismo-en-la-politica-boliviana-genera-roscas-y-dana-la-democracia\\\/\"},\"wordCount\":580,\"publisher\":{\"@id\":\"https:\\\/\\\/www.eldiario.net\\\/portal\\\/#organization\"},\"image\":{\"@id\":\"https:\\\/\\\/www.eldiario.net\\\/portal\\\/2023\\\/10\\\/18\\\/caudillismo-en-la-politica-boliviana-genera-roscas-y-dana-la-democracia\\\/#primaryimage\"},\"thumbnailUrl\":\"https:\\\/\\\/www.eldiario.net\\\/portal\\\/wp-content\\\/uploads\\\/2023\\\/10\\\/41-POL-6.jpg\",\"articleSection\":[\"Pol\u00edtica\"],\"inLanguage\":\"es\"},{\"@type\":\"WebPage\",\"@id\":\"https:\\\/\\\/www.eldiario.net\\\/portal\\\/2023\\\/10\\\/18\\\/caudillismo-en-la-politica-boliviana-genera-roscas-y-dana-la-democracia\\\/\",\"url\":\"https:\\\/\\\/www.eldiario.net\\\/portal\\\/2023\\\/10\\\/18\\\/caudillismo-en-la-politica-boliviana-genera-roscas-y-dana-la-democracia\\\/\",\"name\":\"Caudillismo en la pol\u00edtica boliviana genera roscas y da\u00f1a la democracia - El Diario - Bolivia\",\"isPartOf\":{\"@id\":\"https:\\\/\\\/www.eldiario.net\\\/portal\\\/#website\"},\"primaryImageOfPage\":{\"@id\":\"https:\\\/\\\/www.eldiario.net\\\/portal\\\/2023\\\/10\\\/18\\\/caudillismo-en-la-politica-boliviana-genera-roscas-y-dana-la-democracia\\\/#primaryimage\"},\"image\":{\"@id\":\"https:\\\/\\\/www.eldiario.net\\\/portal\\\/2023\\\/10\\\/18\\\/caudillismo-en-la-politica-boliviana-genera-roscas-y-dana-la-democracia\\\/#primaryimage\"},\"thumbnailUrl\":\"https:\\\/\\\/www.eldiario.net\\\/portal\\\/wp-content\\\/uploads\\\/2023\\\/10\\\/41-POL-6.jpg\",\"datePublished\":\"2023-10-18T10:32:39+00:00\",\"breadcrumb\":{\"@id\":\"https:\\\/\\\/www.eldiario.net\\\/portal\\\/2023\\\/10\\\/18\\\/caudillismo-en-la-politica-boliviana-genera-roscas-y-dana-la-democracia\\\/#breadcrumb\"},\"inLanguage\":\"es\",\"potentialAction\":[{\"@type\":\"ReadAction\",\"target\":[\"https:\\\/\\\/www.eldiario.net\\\/portal\\\/2023\\\/10\\\/18\\\/caudillismo-en-la-politica-boliviana-genera-roscas-y-dana-la-democracia\\\/\"]}]},{\"@type\":\"ImageObject\",\"inLanguage\":\"es\",\"@id\":\"https:\\\/\\\/www.eldiario.net\\\/portal\\\/2023\\\/10\\\/18\\\/caudillismo-en-la-politica-boliviana-genera-roscas-y-dana-la-democracia\\\/#primaryimage\",\"url\":\"https:\\\/\\\/www.eldiario.net\\\/portal\\\/wp-content\\\/uploads\\\/2023\\\/10\\\/41-POL-6.jpg\",\"contentUrl\":\"https:\\\/\\\/www.eldiario.net\\\/portal\\\/wp-content\\\/uploads\\\/2023\\\/10\\\/41-POL-6.jpg\",\"width\":544,\"height\":306},{\"@type\":\"BreadcrumbList\",\"@id\":\"https:\\\/\\\/www.eldiario.net\\\/portal\\\/2023\\\/10\\\/18\\\/caudillismo-en-la-politica-boliviana-genera-roscas-y-dana-la-democracia\\\/#breadcrumb\",\"itemListElement\":[{\"@type\":\"ListItem\",\"position\":1,\"name\":\"Portada\",\"item\":\"https:\\\/\\\/www.eldiario.net\\\/portal\\\/\"},{\"@type\":\"ListItem\",\"position\":2,\"name\":\"Caudillismo en la pol\u00edtica boliviana genera roscas y da\u00f1a la democracia\"}]},{\"@type\":\"WebSite\",\"@id\":\"https:\\\/\\\/www.eldiario.net\\\/portal\\\/#website\",\"url\":\"https:\\\/\\\/www.eldiario.net\\\/portal\\\/\",\"name\":\"El Diario - Decano de la prensa nacional\",\"description\":\"El Diario - Decano de la prensa nacional\",\"publisher\":{\"@id\":\"https:\\\/\\\/www.eldiario.net\\\/portal\\\/#organization\"},\"potentialAction\":[{\"@type\":\"SearchAction\",\"target\":{\"@type\":\"EntryPoint\",\"urlTemplate\":\"https:\\\/\\\/www.eldiario.net\\\/portal\\\/?s={search_term_string}\"},\"query-input\":{\"@type\":\"PropertyValueSpecification\",\"valueRequired\":true,\"valueName\":\"search_term_string\"}}],\"inLanguage\":\"es\"},{\"@type\":\"Organization\",\"@id\":\"https:\\\/\\\/www.eldiario.net\\\/portal\\\/#organization\",\"name\":\"El Diario - Decano de la prensa nacional\",\"url\":\"https:\\\/\\\/www.eldiario.net\\\/portal\\\/\",\"logo\":{\"@type\":\"ImageObject\",\"inLanguage\":\"es\",\"@id\":\"https:\\\/\\\/www.eldiario.net\\\/portal\\\/#\\\/schema\\\/logo\\\/image\\\/\",\"url\":\"https:\\\/\\\/www.eldiario.net\\\/portal\\\/wp-content\\\/uploads\\\/2023\\\/07\\\/logo_ED.jpg\",\"contentUrl\":\"https:\\\/\\\/www.eldiario.net\\\/portal\\\/wp-content\\\/uploads\\\/2023\\\/07\\\/logo_ED.jpg\",\"width\":272,\"height\":52,\"caption\":\"El Diario - Decano de la prensa nacional\"},\"image\":{\"@id\":\"https:\\\/\\\/www.eldiario.net\\\/portal\\\/#\\\/schema\\\/logo\\\/image\\\/\"},\"sameAs\":[\"https:\\\/\\\/www.facebook.com\\\/eldiario.bolivia\\\/\",\"https:\\\/\\\/x.com\\\/eldiario_net\"]},{\"@type\":\"Person\",\"@id\":\"https:\\\/\\\/www.eldiario.net\\\/portal\\\/#\\\/schema\\\/person\\\/f46445640444750d7d753ccd04ae01b7\",\"name\":\"Jeanette\",\"image\":{\"@type\":\"ImageObject\",\"inLanguage\":\"es\",\"@id\":\"https:\\\/\\\/secure.gravatar.com\\\/avatar\\\/3ea2118a5f7dad2b7138b1187a6b7ee55f160b9968b66013c3a3ef39dd7e5798?s=96&d=mm&r=g\",\"url\":\"https:\\\/\\\/secure.gravatar.com\\\/avatar\\\/3ea2118a5f7dad2b7138b1187a6b7ee55f160b9968b66013c3a3ef39dd7e5798?s=96&d=mm&r=g\",\"contentUrl\":\"https:\\\/\\\/secure.gravatar.com\\\/avatar\\\/3ea2118a5f7dad2b7138b1187a6b7ee55f160b9968b66013c3a3ef39dd7e5798?s=96&d=mm&r=g\",\"caption\":\"Jeanette\"},\"sameAs\":[\"https:\\\/\\\/www.eldiario.net\\\/portal\"],\"url\":\"https:\\\/\\\/www.eldiario.net\\\/portal\\\/author\\\/jeanette\\\/\"}]}<\/script>\n<!-- \/ Yoast SEO plugin. -->","yoast_head_json":{"title":"Caudillismo en la pol\u00edtica boliviana genera roscas y da\u00f1a la democracia - El Diario - Bolivia","robots":{"index":"index","follow":"follow","max-snippet":"max-snippet:-1","max-image-preview":"max-image-preview:large","max-video-preview":"max-video-preview:-1"},"canonical":"https:\/\/www.eldiario.net\/portal\/2023\/10\/18\/caudillismo-en-la-politica-boliviana-genera-roscas-y-dana-la-democracia\/","og_locale":"es_ES","og_type":"article","og_title":"Caudillismo en la pol\u00edtica boliviana genera roscas y da\u00f1a la democracia - El Diario - Bolivia","og_description":"Expresando su solidaridad con los legisladores que la semana pasada fueron separados de la bancada de Comunidad Ciudadana, la diputada Alejandra Camargo, apunt\u00f3 a los caudillismos en los partidos pol\u00edticos, como la causa principal para la generaci\u00f3n de roscas de poder que obstaculizan la labor parlamentaria y degradan la democracia en instancias partidarias. Camargo volvi\u00f3 [&hellip;]","og_url":"https:\/\/www.eldiario.net\/portal\/2023\/10\/18\/caudillismo-en-la-politica-boliviana-genera-roscas-y-dana-la-democracia\/","og_site_name":"El Diario - Bolivia","article_publisher":"https:\/\/www.facebook.com\/eldiario.bolivia\/","article_published_time":"2023-10-18T10:32:39+00:00","og_image":[{"width":544,"height":306,"url":"https:\/\/www.eldiario.net\/portal\/wp-content\/uploads\/2023\/10\/41-POL-6.jpg","type":"image\/jpeg"}],"author":"Jeanette","twitter_card":"summary_large_image","twitter_creator":"@eldiario_net","twitter_site":"@eldiario_net","twitter_misc":{"Escrito por":"Jeanette","Tiempo de lectura":"3 minutos"},"schema":{"@context":"https:\/\/schema.org","@graph":[{"@type":"Article","@id":"https:\/\/www.eldiario.net\/portal\/2023\/10\/18\/caudillismo-en-la-politica-boliviana-genera-roscas-y-dana-la-democracia\/#article","isPartOf":{"@id":"https:\/\/www.eldiario.net\/portal\/2023\/10\/18\/caudillismo-en-la-politica-boliviana-genera-roscas-y-dana-la-democracia\/"},"author":{"name":"Jeanette","@id":"https:\/\/www.eldiario.net\/portal\/#\/schema\/person\/f46445640444750d7d753ccd04ae01b7"},"headline":"Caudillismo en la pol\u00edtica boliviana genera roscas y da\u00f1a la democracia","datePublished":"2023-10-18T10:32:39+00:00","mainEntityOfPage":{"@id":"https:\/\/www.eldiario.net\/portal\/2023\/10\/18\/caudillismo-en-la-politica-boliviana-genera-roscas-y-dana-la-democracia\/"},"wordCount":580,"publisher":{"@id":"https:\/\/www.eldiario.net\/portal\/#organization"},"image":{"@id":"https:\/\/www.eldiario.net\/portal\/2023\/10\/18\/caudillismo-en-la-politica-boliviana-genera-roscas-y-dana-la-democracia\/#primaryimage"},"thumbnailUrl":"https:\/\/www.eldiario.net\/portal\/wp-content\/uploads\/2023\/10\/41-POL-6.jpg","articleSection":["Pol\u00edtica"],"inLanguage":"es"},{"@type":"WebPage","@id":"https:\/\/www.eldiario.net\/portal\/2023\/10\/18\/caudillismo-en-la-politica-boliviana-genera-roscas-y-dana-la-democracia\/","url":"https:\/\/www.eldiario.net\/portal\/2023\/10\/18\/caudillismo-en-la-politica-boliviana-genera-roscas-y-dana-la-democracia\/","name":"Caudillismo en la pol\u00edtica boliviana genera roscas y da\u00f1a la democracia - El Diario - Bolivia","isPartOf":{"@id":"https:\/\/www.eldiario.net\/portal\/#website"},"primaryImageOfPage":{"@id":"https:\/\/www.eldiario.net\/portal\/2023\/10\/18\/caudillismo-en-la-politica-boliviana-genera-roscas-y-dana-la-democracia\/#primaryimage"},"image":{"@id":"https:\/\/www.eldiario.net\/portal\/2023\/10\/18\/caudillismo-en-la-politica-boliviana-genera-roscas-y-dana-la-democracia\/#primaryimage"},"thumbnailUrl":"https:\/\/www.eldiario.net\/portal\/wp-content\/uploads\/2023\/10\/41-POL-6.jpg","datePublished":"2023-10-18T10:32:39+00:00","breadcrumb":{"@id":"https:\/\/www.eldiario.net\/portal\/2023\/10\/18\/caudillismo-en-la-politica-boliviana-genera-roscas-y-dana-la-democracia\/#breadcrumb"},"inLanguage":"es","potentialAction":[{"@type":"ReadAction","target":["https:\/\/www.eldiario.net\/portal\/2023\/10\/18\/caudillismo-en-la-politica-boliviana-genera-roscas-y-dana-la-democracia\/"]}]},{"@type":"ImageObject","inLanguage":"es","@id":"https:\/\/www.eldiario.net\/portal\/2023\/10\/18\/caudillismo-en-la-politica-boliviana-genera-roscas-y-dana-la-democracia\/#primaryimage","url":"https:\/\/www.eldiario.net\/portal\/wp-content\/uploads\/2023\/10\/41-POL-6.jpg","contentUrl":"https:\/\/www.eldiario.net\/portal\/wp-content\/uploads\/2023\/10\/41-POL-6.jpg","width":544,"height":306},{"@type":"BreadcrumbList","@id":"https:\/\/www.eldiario.net\/portal\/2023\/10\/18\/caudillismo-en-la-politica-boliviana-genera-roscas-y-dana-la-democracia\/#breadcrumb","itemListElement":[{"@type":"ListItem","position":1,"name":"Portada","item":"https:\/\/www.eldiario.net\/portal\/"},{"@type":"ListItem","position":2,"name":"Caudillismo en la pol\u00edtica boliviana genera roscas y da\u00f1a la democracia"}]},{"@type":"WebSite","@id":"https:\/\/www.eldiario.net\/portal\/#website","url":"https:\/\/www.eldiario.net\/portal\/","name":"El Diario - Decano de la prensa nacional","description":"El Diario - Decano de la prensa nacional","publisher":{"@id":"https:\/\/www.eldiario.net\/portal\/#organization"},"potentialAction":[{"@type":"SearchAction","target":{"@type":"EntryPoint","urlTemplate":"https:\/\/www.eldiario.net\/portal\/?s={search_term_string}"},"query-input":{"@type":"PropertyValueSpecification","valueRequired":true,"valueName":"search_term_string"}}],"inLanguage":"es"},{"@type":"Organization","@id":"https:\/\/www.eldiario.net\/portal\/#organization","name":"El Diario - Decano de la prensa nacional","url":"https:\/\/www.eldiario.net\/portal\/","logo":{"@type":"ImageObject","inLanguage":"es","@id":"https:\/\/www.eldiario.net\/portal\/#\/schema\/logo\/image\/","url":"https:\/\/www.eldiario.net\/portal\/wp-content\/uploads\/2023\/07\/logo_ED.jpg","contentUrl":"https:\/\/www.eldiario.net\/portal\/wp-content\/uploads\/2023\/07\/logo_ED.jpg","width":272,"height":52,"caption":"El Diario - Decano de la prensa nacional"},"image":{"@id":"https:\/\/www.eldiario.net\/portal\/#\/schema\/logo\/image\/"},"sameAs":["https:\/\/www.facebook.com\/eldiario.bolivia\/","https:\/\/x.com\/eldiario_net"]},{"@type":"Person","@id":"https:\/\/www.eldiario.net\/portal\/#\/schema\/person\/f46445640444750d7d753ccd04ae01b7","name":"Jeanette","image":{"@type":"ImageObject","inLanguage":"es","@id":"https:\/\/secure.gravatar.com\/avatar\/3ea2118a5f7dad2b7138b1187a6b7ee55f160b9968b66013c3a3ef39dd7e5798?s=96&d=mm&r=g","url":"https:\/\/secure.gravatar.com\/avatar\/3ea2118a5f7dad2b7138b1187a6b7ee55f160b9968b66013c3a3ef39dd7e5798?s=96&d=mm&r=g","contentUrl":"https:\/\/secure.gravatar.com\/avatar\/3ea2118a5f7dad2b7138b1187a6b7ee55f160b9968b66013c3a3ef39dd7e5798?s=96&d=mm&r=g","caption":"Jeanette"},"sameAs":["https:\/\/www.eldiario.net\/portal"],"url":"https:\/\/www.eldiario.net\/portal\/author\/jeanette\/"}]}},"_links":{"self":[{"href":"https:\/\/www.eldiario.net\/portal\/wp-json\/wp\/v2\/posts\/182565","targetHints":{"allow":["GET"]}}],"collection":[{"href":"https:\/\/www.eldiario.net\/portal\/wp-json\/wp\/v2\/posts"}],"about":[{"href":"https:\/\/www.eldiario.net\/portal\/wp-json\/wp\/v2\/types\/post"}],"author":[{"embeddable":true,"href":"https:\/\/www.eldiario.net\/portal\/wp-json\/wp\/v2\/users\/1"}],"replies":[{"embeddable":true,"href":"https:\/\/www.eldiario.net\/portal\/wp-json\/wp\/v2\/comments?post=182565"}],"version-history":[{"count":0,"href":"https:\/\/www.eldiario.net\/portal\/wp-json\/wp\/v2\/posts\/182565\/revisions"}],"wp:featuredmedia":[{"embeddable":true,"href":"https:\/\/www.eldiario.net\/portal\/wp-json\/wp\/v2\/media\/182566"}],"wp:attachment":[{"href":"https:\/\/www.eldiario.net\/portal\/wp-json\/wp\/v2\/media?parent=182565"}],"wp:term":[{"taxonomy":"category","embeddable":true,"href":"https:\/\/www.eldiario.net\/portal\/wp-json\/wp\/v2\/categories?post=182565"},{"taxonomy":"post_tag","embeddable":true,"href":"https:\/\/www.eldiario.net\/portal\/wp-json\/wp\/v2\/tags?post=182565"}],"curies":[{"name":"wp","href":"https:\/\/api.w.org\/{rel}","templated":true}]}}