{"id":182563,"date":"2023-10-18T06:31:10","date_gmt":"2023-10-18T10:31:10","guid":{"rendered":"https:\/\/www.eldiario.net\/portal\/?p=182563"},"modified":"2023-10-18T06:31:10","modified_gmt":"2023-10-18T10:31:10","slug":"sentencia-que-afecta-patrimonio-natural-es-denunciada-en-instancias-internacionales","status":"publish","type":"post","link":"https:\/\/www.eldiario.net\/portal\/2023\/10\/18\/sentencia-que-afecta-patrimonio-natural-es-denunciada-en-instancias-internacionales\/","title":{"rendered":"Sentencia que afecta patrimonio natural es denunciada en instancias internacionales"},"content":{"rendered":"<p>Miembros de la bancada de Creemos en la Asamblea Legislativa Plurinacional (ALP), acudieron a instancias internacionales para denunciar la Sentencia Constitucional 0076\/2023 por perjudicar y poner en peligro el patrimonio natural del pa\u00eds, adem\u00e1s de demostrar la dependencia y sometimiento del Tribunal Constitucional Plurinacional (TCP) al \u00d3rgano Ejecutivo.<br \/>\nMediante cartas remitidas a la Organizaci\u00f3n de Estados Americanos, Organizaci\u00f3n de las Naciones Unidas, Comisi\u00f3n Interamericana de Derechos Humanos, Human Rights Watc; adem\u00e1s del Relator para el Medio Ambiente y Derechos Humanos de la Oficina del Alto Comisionado de las Naciones Unidas para los Derechos Humanos, la Bancada de Creemos en la Asamblea Legislativa, reiter\u00f3 su denuncia en sentido que el Estado Plurinacional de Bolivia podr\u00eda concretar una atentado al derecho a un medio ambiente sano para la poblaci\u00f3n boliviana.<br \/>\nA esto se suma, una posible afectaci\u00f3n al derecho de la poblaci\u00f3n cruce\u00f1a para el acceso al agua potable a consecuencia de la construcci\u00f3n del tramo II de la carretera que une al kil\u00f3metro 13 de la doble V\u00eda a La Guardia con los municipios de Porongo y Buena Vista en el Departamento de Santa Cruz, ya que la propuesta de la estatal de carreteras proyecta atravesar la Unidad de Conservaci\u00f3n del Patrimonio Natural Urub\u00f3-G\u00fcend\u00e1, creada en 2021 para la protecci\u00f3n de la zona de recarga acu\u00edfera de la zona metropolitana de la ciudad de Santa Cruz.<br \/>\n\u201cComo Asamble\u00edstas Nacionales de la alianza Pol\u00edtica Creemos denunciamos la falta de independencia judicial del Tribunal Constitucional Plurinacional al haber emitido la Sentencia que atenta contra los acu\u00edferos del patrimonio natural del Departamento de Santa Cruz y los derechos y garant\u00edas de los pobladores del Departamento. Exigimos que puedan emprenderse las acciones correspondientes para preservar el medio ambiente, los derechos humanos, la institucionalidad democr\u00e1tica y la independencia judicial en Bolivia\u201d, se\u00f1ala parte de la misiva.<br \/>\nAl respecto la senadora de Creemos, Centa Rek se\u00f1al\u00f3 que uno de los compromisos asumidos como legisladores es que \u201clas instituciones debemos velar y denunciar por todo lo que esto significa en nuestro pa\u00eds por lo que debemos estar en alerta, en estado de emergencia y debemos generar las medidas, los recursos necesarios para no permitir que se perpetre este atropello, este crimen, esta destrucci\u00f3n total de las reservas naturales, de las unidades de conservaci\u00f3n, esta destrucci\u00f3n total de todo lo que es la posibilidad de salvaguardar nuestro territorio\u201d.<br \/>\nFinaliz\u00f3 se\u00f1alando que esta denuncia, est\u00e1 dirigida a exponer la falta de independencia, que el TCP evidencia al haber fallado en contra de la Ley Departamental 98 y declarando la nulidad de sus regulaciones.<\/p>\n<p>&nbsp;<\/p>\n<p>&nbsp;<\/p>\n","protected":false},"excerpt":{"rendered":"<p>Miembros de la bancada de Creemos en la Asamblea Legislativa Plurinacional (ALP), acudieron a instancias internacionales para denunciar la Sentencia Constitucional 0076\/2023 por perjudicar y poner en peligro el patrimonio natural del pa\u00eds, adem\u00e1s de demostrar la dependencia y sometimiento del Tribunal Constitucional Plurinacional (TCP) al \u00d3rgano Ejecutivo. Mediante cartas remitidas a la Organizaci\u00f3n de [&hellip;]<\/p>\n","protected":false},"author":1,"featured_media":0,"comment_status":"closed","ping_status":"open","sticky":false,"template":"","format":"standard","meta":{"_acf_changed":false,"footnotes":""},"categories":[14],"tags":[],"class_list":["post-182563","post","type-post","status-publish","format-standard","category-politica"],"acf":{"antetitulo":""},"yoast_head":"<!-- This site is optimized with the Yoast SEO plugin v28.3 - https:\/\/yoast.com\/product\/yoast-seo-wordpress\/ -->\n<title>Sentencia que afecta patrimonio natural es denunciada en instancias internacionales - El Diario - Bolivia<\/title>\n<meta name=\"robots\" content=\"index, follow, max-snippet:-1, max-image-preview:large, max-video-preview:-1\" \/>\n<link rel=\"canonical\" href=\"https:\/\/www.eldiario.net\/portal\/2023\/10\/18\/sentencia-que-afecta-patrimonio-natural-es-denunciada-en-instancias-internacionales\/\" \/>\n<meta property=\"og:locale\" content=\"es_ES\" \/>\n<meta property=\"og:type\" content=\"article\" \/>\n<meta property=\"og:title\" content=\"Sentencia que afecta patrimonio natural es denunciada en instancias internacionales - El Diario - Bolivia\" \/>\n<meta property=\"og:description\" content=\"Miembros de la bancada de Creemos en la Asamblea Legislativa Plurinacional (ALP), acudieron a instancias internacionales para denunciar la Sentencia Constitucional 0076\/2023 por perjudicar y poner en peligro el patrimonio natural del pa\u00eds, adem\u00e1s de demostrar la dependencia y sometimiento del Tribunal Constitucional Plurinacional (TCP) al \u00d3rgano Ejecutivo. Mediante cartas remitidas a la Organizaci\u00f3n de [&hellip;]\" \/>\n<meta property=\"og:url\" content=\"https:\/\/www.eldiario.net\/portal\/2023\/10\/18\/sentencia-que-afecta-patrimonio-natural-es-denunciada-en-instancias-internacionales\/\" \/>\n<meta property=\"og:site_name\" content=\"El Diario - Bolivia\" \/>\n<meta property=\"article:publisher\" content=\"https:\/\/www.facebook.com\/eldiario.bolivia\/\" \/>\n<meta property=\"article:published_time\" content=\"2023-10-18T10:31:10+00:00\" \/>\n<meta name=\"author\" content=\"Jeanette\" \/>\n<meta name=\"twitter:card\" content=\"summary_large_image\" \/>\n<meta name=\"twitter:creator\" content=\"@eldiario_net\" \/>\n<meta name=\"twitter:site\" content=\"@eldiario_net\" \/>\n<meta name=\"twitter:label1\" content=\"Escrito por\" \/>\n\t<meta name=\"twitter:data1\" content=\"Jeanette\" \/>\n\t<meta name=\"twitter:label2\" content=\"Tiempo de lectura\" \/>\n\t<meta name=\"twitter:data2\" content=\"2 minutos\" \/>\n<script type=\"application\/ld+json\" class=\"yoast-schema-graph\">{\"@context\":\"https:\\\/\\\/schema.org\",\"@graph\":[{\"@type\":\"Article\",\"@id\":\"https:\\\/\\\/www.eldiario.net\\\/portal\\\/2023\\\/10\\\/18\\\/sentencia-que-afecta-patrimonio-natural-es-denunciada-en-instancias-internacionales\\\/#article\",\"isPartOf\":{\"@id\":\"https:\\\/\\\/www.eldiario.net\\\/portal\\\/2023\\\/10\\\/18\\\/sentencia-que-afecta-patrimonio-natural-es-denunciada-en-instancias-internacionales\\\/\"},\"author\":{\"name\":\"Jeanette\",\"@id\":\"https:\\\/\\\/www.eldiario.net\\\/portal\\\/#\\\/schema\\\/person\\\/f46445640444750d7d753ccd04ae01b7\"},\"headline\":\"Sentencia que afecta patrimonio natural es denunciada en instancias internacionales\",\"datePublished\":\"2023-10-18T10:31:10+00:00\",\"mainEntityOfPage\":{\"@id\":\"https:\\\/\\\/www.eldiario.net\\\/portal\\\/2023\\\/10\\\/18\\\/sentencia-que-afecta-patrimonio-natural-es-denunciada-en-instancias-internacionales\\\/\"},\"wordCount\":462,\"publisher\":{\"@id\":\"https:\\\/\\\/www.eldiario.net\\\/portal\\\/#organization\"},\"articleSection\":[\"Pol\u00edtica\"],\"inLanguage\":\"es\"},{\"@type\":\"WebPage\",\"@id\":\"https:\\\/\\\/www.eldiario.net\\\/portal\\\/2023\\\/10\\\/18\\\/sentencia-que-afecta-patrimonio-natural-es-denunciada-en-instancias-internacionales\\\/\",\"url\":\"https:\\\/\\\/www.eldiario.net\\\/portal\\\/2023\\\/10\\\/18\\\/sentencia-que-afecta-patrimonio-natural-es-denunciada-en-instancias-internacionales\\\/\",\"name\":\"Sentencia que afecta patrimonio natural es denunciada en instancias internacionales - El Diario - Bolivia\",\"isPartOf\":{\"@id\":\"https:\\\/\\\/www.eldiario.net\\\/portal\\\/#website\"},\"datePublished\":\"2023-10-18T10:31:10+00:00\",\"breadcrumb\":{\"@id\":\"https:\\\/\\\/www.eldiario.net\\\/portal\\\/2023\\\/10\\\/18\\\/sentencia-que-afecta-patrimonio-natural-es-denunciada-en-instancias-internacionales\\\/#breadcrumb\"},\"inLanguage\":\"es\",\"potentialAction\":[{\"@type\":\"ReadAction\",\"target\":[\"https:\\\/\\\/www.eldiario.net\\\/portal\\\/2023\\\/10\\\/18\\\/sentencia-que-afecta-patrimonio-natural-es-denunciada-en-instancias-internacionales\\\/\"]}]},{\"@type\":\"BreadcrumbList\",\"@id\":\"https:\\\/\\\/www.eldiario.net\\\/portal\\\/2023\\\/10\\\/18\\\/sentencia-que-afecta-patrimonio-natural-es-denunciada-en-instancias-internacionales\\\/#breadcrumb\",\"itemListElement\":[{\"@type\":\"ListItem\",\"position\":1,\"name\":\"Portada\",\"item\":\"https:\\\/\\\/www.eldiario.net\\\/portal\\\/\"},{\"@type\":\"ListItem\",\"position\":2,\"name\":\"Sentencia que afecta patrimonio natural es denunciada en instancias internacionales\"}]},{\"@type\":\"WebSite\",\"@id\":\"https:\\\/\\\/www.eldiario.net\\\/portal\\\/#website\",\"url\":\"https:\\\/\\\/www.eldiario.net\\\/portal\\\/\",\"name\":\"El Diario - Decano de la prensa nacional\",\"description\":\"El Diario - Decano de la prensa nacional\",\"publisher\":{\"@id\":\"https:\\\/\\\/www.eldiario.net\\\/portal\\\/#organization\"},\"potentialAction\":[{\"@type\":\"SearchAction\",\"target\":{\"@type\":\"EntryPoint\",\"urlTemplate\":\"https:\\\/\\\/www.eldiario.net\\\/portal\\\/?s={search_term_string}\"},\"query-input\":{\"@type\":\"PropertyValueSpecification\",\"valueRequired\":true,\"valueName\":\"search_term_string\"}}],\"inLanguage\":\"es\"},{\"@type\":\"Organization\",\"@id\":\"https:\\\/\\\/www.eldiario.net\\\/portal\\\/#organization\",\"name\":\"El Diario - Decano de la prensa nacional\",\"url\":\"https:\\\/\\\/www.eldiario.net\\\/portal\\\/\",\"logo\":{\"@type\":\"ImageObject\",\"inLanguage\":\"es\",\"@id\":\"https:\\\/\\\/www.eldiario.net\\\/portal\\\/#\\\/schema\\\/logo\\\/image\\\/\",\"url\":\"https:\\\/\\\/www.eldiario.net\\\/portal\\\/wp-content\\\/uploads\\\/2023\\\/07\\\/logo_ED.jpg\",\"contentUrl\":\"https:\\\/\\\/www.eldiario.net\\\/portal\\\/wp-content\\\/uploads\\\/2023\\\/07\\\/logo_ED.jpg\",\"width\":272,\"height\":52,\"caption\":\"El Diario - Decano de la prensa nacional\"},\"image\":{\"@id\":\"https:\\\/\\\/www.eldiario.net\\\/portal\\\/#\\\/schema\\\/logo\\\/image\\\/\"},\"sameAs\":[\"https:\\\/\\\/www.facebook.com\\\/eldiario.bolivia\\\/\",\"https:\\\/\\\/x.com\\\/eldiario_net\"]},{\"@type\":\"Person\",\"@id\":\"https:\\\/\\\/www.eldiario.net\\\/portal\\\/#\\\/schema\\\/person\\\/f46445640444750d7d753ccd04ae01b7\",\"name\":\"Jeanette\",\"image\":{\"@type\":\"ImageObject\",\"inLanguage\":\"es\",\"@id\":\"https:\\\/\\\/secure.gravatar.com\\\/avatar\\\/3ea2118a5f7dad2b7138b1187a6b7ee55f160b9968b66013c3a3ef39dd7e5798?s=96&d=mm&r=g\",\"url\":\"https:\\\/\\\/secure.gravatar.com\\\/avatar\\\/3ea2118a5f7dad2b7138b1187a6b7ee55f160b9968b66013c3a3ef39dd7e5798?s=96&d=mm&r=g\",\"contentUrl\":\"https:\\\/\\\/secure.gravatar.com\\\/avatar\\\/3ea2118a5f7dad2b7138b1187a6b7ee55f160b9968b66013c3a3ef39dd7e5798?s=96&d=mm&r=g\",\"caption\":\"Jeanette\"},\"sameAs\":[\"https:\\\/\\\/www.eldiario.net\\\/portal\"],\"url\":\"https:\\\/\\\/www.eldiario.net\\\/portal\\\/author\\\/jeanette\\\/\"}]}<\/script>\n<!-- \/ Yoast SEO plugin. -->","yoast_head_json":{"title":"Sentencia que afecta patrimonio natural es denunciada en instancias internacionales - El Diario - Bolivia","robots":{"index":"index","follow":"follow","max-snippet":"max-snippet:-1","max-image-preview":"max-image-preview:large","max-video-preview":"max-video-preview:-1"},"canonical":"https:\/\/www.eldiario.net\/portal\/2023\/10\/18\/sentencia-que-afecta-patrimonio-natural-es-denunciada-en-instancias-internacionales\/","og_locale":"es_ES","og_type":"article","og_title":"Sentencia que afecta patrimonio natural es denunciada en instancias internacionales - El Diario - Bolivia","og_description":"Miembros de la bancada de Creemos en la Asamblea Legislativa Plurinacional (ALP), acudieron a instancias internacionales para denunciar la Sentencia Constitucional 0076\/2023 por perjudicar y poner en peligro el patrimonio natural del pa\u00eds, adem\u00e1s de demostrar la dependencia y sometimiento del Tribunal Constitucional Plurinacional (TCP) al \u00d3rgano Ejecutivo. Mediante cartas remitidas a la Organizaci\u00f3n de [&hellip;]","og_url":"https:\/\/www.eldiario.net\/portal\/2023\/10\/18\/sentencia-que-afecta-patrimonio-natural-es-denunciada-en-instancias-internacionales\/","og_site_name":"El Diario - Bolivia","article_publisher":"https:\/\/www.facebook.com\/eldiario.bolivia\/","article_published_time":"2023-10-18T10:31:10+00:00","author":"Jeanette","twitter_card":"summary_large_image","twitter_creator":"@eldiario_net","twitter_site":"@eldiario_net","twitter_misc":{"Escrito por":"Jeanette","Tiempo de lectura":"2 minutos"},"schema":{"@context":"https:\/\/schema.org","@graph":[{"@type":"Article","@id":"https:\/\/www.eldiario.net\/portal\/2023\/10\/18\/sentencia-que-afecta-patrimonio-natural-es-denunciada-en-instancias-internacionales\/#article","isPartOf":{"@id":"https:\/\/www.eldiario.net\/portal\/2023\/10\/18\/sentencia-que-afecta-patrimonio-natural-es-denunciada-en-instancias-internacionales\/"},"author":{"name":"Jeanette","@id":"https:\/\/www.eldiario.net\/portal\/#\/schema\/person\/f46445640444750d7d753ccd04ae01b7"},"headline":"Sentencia que afecta patrimonio natural es denunciada en instancias internacionales","datePublished":"2023-10-18T10:31:10+00:00","mainEntityOfPage":{"@id":"https:\/\/www.eldiario.net\/portal\/2023\/10\/18\/sentencia-que-afecta-patrimonio-natural-es-denunciada-en-instancias-internacionales\/"},"wordCount":462,"publisher":{"@id":"https:\/\/www.eldiario.net\/portal\/#organization"},"articleSection":["Pol\u00edtica"],"inLanguage":"es"},{"@type":"WebPage","@id":"https:\/\/www.eldiario.net\/portal\/2023\/10\/18\/sentencia-que-afecta-patrimonio-natural-es-denunciada-en-instancias-internacionales\/","url":"https:\/\/www.eldiario.net\/portal\/2023\/10\/18\/sentencia-que-afecta-patrimonio-natural-es-denunciada-en-instancias-internacionales\/","name":"Sentencia que afecta patrimonio natural es denunciada en instancias internacionales - El Diario - Bolivia","isPartOf":{"@id":"https:\/\/www.eldiario.net\/portal\/#website"},"datePublished":"2023-10-18T10:31:10+00:00","breadcrumb":{"@id":"https:\/\/www.eldiario.net\/portal\/2023\/10\/18\/sentencia-que-afecta-patrimonio-natural-es-denunciada-en-instancias-internacionales\/#breadcrumb"},"inLanguage":"es","potentialAction":[{"@type":"ReadAction","target":["https:\/\/www.eldiario.net\/portal\/2023\/10\/18\/sentencia-que-afecta-patrimonio-natural-es-denunciada-en-instancias-internacionales\/"]}]},{"@type":"BreadcrumbList","@id":"https:\/\/www.eldiario.net\/portal\/2023\/10\/18\/sentencia-que-afecta-patrimonio-natural-es-denunciada-en-instancias-internacionales\/#breadcrumb","itemListElement":[{"@type":"ListItem","position":1,"name":"Portada","item":"https:\/\/www.eldiario.net\/portal\/"},{"@type":"ListItem","position":2,"name":"Sentencia que afecta patrimonio natural es denunciada en instancias internacionales"}]},{"@type":"WebSite","@id":"https:\/\/www.eldiario.net\/portal\/#website","url":"https:\/\/www.eldiario.net\/portal\/","name":"El Diario - Decano de la prensa nacional","description":"El Diario - Decano de la prensa nacional","publisher":{"@id":"https:\/\/www.eldiario.net\/portal\/#organization"},"potentialAction":[{"@type":"SearchAction","target":{"@type":"EntryPoint","urlTemplate":"https:\/\/www.eldiario.net\/portal\/?s={search_term_string}"},"query-input":{"@type":"PropertyValueSpecification","valueRequired":true,"valueName":"search_term_string"}}],"inLanguage":"es"},{"@type":"Organization","@id":"https:\/\/www.eldiario.net\/portal\/#organization","name":"El Diario - Decano de la prensa nacional","url":"https:\/\/www.eldiario.net\/portal\/","logo":{"@type":"ImageObject","inLanguage":"es","@id":"https:\/\/www.eldiario.net\/portal\/#\/schema\/logo\/image\/","url":"https:\/\/www.eldiario.net\/portal\/wp-content\/uploads\/2023\/07\/logo_ED.jpg","contentUrl":"https:\/\/www.eldiario.net\/portal\/wp-content\/uploads\/2023\/07\/logo_ED.jpg","width":272,"height":52,"caption":"El Diario - Decano de la prensa nacional"},"image":{"@id":"https:\/\/www.eldiario.net\/portal\/#\/schema\/logo\/image\/"},"sameAs":["https:\/\/www.facebook.com\/eldiario.bolivia\/","https:\/\/x.com\/eldiario_net"]},{"@type":"Person","@id":"https:\/\/www.eldiario.net\/portal\/#\/schema\/person\/f46445640444750d7d753ccd04ae01b7","name":"Jeanette","image":{"@type":"ImageObject","inLanguage":"es","@id":"https:\/\/secure.gravatar.com\/avatar\/3ea2118a5f7dad2b7138b1187a6b7ee55f160b9968b66013c3a3ef39dd7e5798?s=96&d=mm&r=g","url":"https:\/\/secure.gravatar.com\/avatar\/3ea2118a5f7dad2b7138b1187a6b7ee55f160b9968b66013c3a3ef39dd7e5798?s=96&d=mm&r=g","contentUrl":"https:\/\/secure.gravatar.com\/avatar\/3ea2118a5f7dad2b7138b1187a6b7ee55f160b9968b66013c3a3ef39dd7e5798?s=96&d=mm&r=g","caption":"Jeanette"},"sameAs":["https:\/\/www.eldiario.net\/portal"],"url":"https:\/\/www.eldiario.net\/portal\/author\/jeanette\/"}]}},"_links":{"self":[{"href":"https:\/\/www.eldiario.net\/portal\/wp-json\/wp\/v2\/posts\/182563","targetHints":{"allow":["GET"]}}],"collection":[{"href":"https:\/\/www.eldiario.net\/portal\/wp-json\/wp\/v2\/posts"}],"about":[{"href":"https:\/\/www.eldiario.net\/portal\/wp-json\/wp\/v2\/types\/post"}],"author":[{"embeddable":true,"href":"https:\/\/www.eldiario.net\/portal\/wp-json\/wp\/v2\/users\/1"}],"replies":[{"embeddable":true,"href":"https:\/\/www.eldiario.net\/portal\/wp-json\/wp\/v2\/comments?post=182563"}],"version-history":[{"count":0,"href":"https:\/\/www.eldiario.net\/portal\/wp-json\/wp\/v2\/posts\/182563\/revisions"}],"wp:attachment":[{"href":"https:\/\/www.eldiario.net\/portal\/wp-json\/wp\/v2\/media?parent=182563"}],"wp:term":[{"taxonomy":"category","embeddable":true,"href":"https:\/\/www.eldiario.net\/portal\/wp-json\/wp\/v2\/categories?post=182563"},{"taxonomy":"post_tag","embeddable":true,"href":"https:\/\/www.eldiario.net\/portal\/wp-json\/wp\/v2\/tags?post=182563"}],"curies":[{"name":"wp","href":"https:\/\/api.w.org\/{rel}","templated":true}]}}