{"id":182561,"date":"2023-10-18T06:29:37","date_gmt":"2023-10-18T10:29:37","guid":{"rendered":"https:\/\/www.eldiario.net\/portal\/?p=182561"},"modified":"2023-10-18T06:29:37","modified_gmt":"2023-10-18T10:29:37","slug":"tse-no-envio-una-delegacion-de-observacion-al-cabildo-en-el-alto","status":"publish","type":"post","link":"https:\/\/www.eldiario.net\/portal\/2023\/10\/18\/tse-no-envio-una-delegacion-de-observacion-al-cabildo-en-el-alto\/","title":{"rendered":"TSE no envi\u00f3 una delegaci\u00f3n de  observaci\u00f3n al Cabildo en El Alto"},"content":{"rendered":"<p>La Sala Plena del Tribunal Supremo Electoral (TSE) decidi\u00f3 no acompa\u00f1ar con la observaci\u00f3n al Cabildo \u201carcista\u201d que fue impulsado por el Gobierno y sus sectores afines para asumir decisiones pol\u00edtico-partidarias.<br \/>\n\u201cLa Sala Plena, con base al informe del Sifde, decidi\u00f3 no aceptar la solicitud de Lucio Quispe, Guillermina Kuno y Esteban Alavi, tomando en cuenta que la misma no ha sido presentada con la anticipaci\u00f3n m\u00ednima que se requiere; tambi\u00e9n se ha identificado que existe falta de claridad en las preguntas formuladas, por lo que no se permite establecer con precisi\u00f3n el asunto de inter\u00e9s colectivo que se fuese a tratar, tal como establece la ley del r\u00e9gimen electoral\u201d, indic\u00f3 el vicepresidente del TSE, Francisco Vargas.<br \/>\nEl art\u00edculo 35 de la Ley 026 establece que las asambleas y los cabildos son mecanismos constitucionales de democracia directa y participativa por los cuales la ciudadan\u00eda \u201cse pronuncia directamente sobre pol\u00edticas y asuntos de inter\u00e9s colectivo\u201d. En ninguna parte establece que sean espacios para la toma de decisiones pol\u00edtico-partidarias.<br \/>\nEl debate ya se hab\u00eda planteado cuando se puso en duda si la norma permitir\u00eda que un cabildo pueda decidir acciones en torno al Movimiento al Socialismo, como se hab\u00eda anunciado de parte de los organizadores.<br \/>\nSin embargo, la decisi\u00f3n final arrib\u00f3 cerca del mediod\u00eda de hoy, votaci\u00f3n fue de cuatro votos en contra del acompa\u00f1amiento y dos a favor.<br \/>\nLa solicitud fue presentada el 5 de octubre y el requisito establece al menos 10 d\u00edas h\u00e1biles antes de la realizaci\u00f3n del evento. (ANF)<\/p>\n<p>&nbsp;<\/p>\n<p>&nbsp;<\/p>\n","protected":false},"excerpt":{"rendered":"<p>La Sala Plena del Tribunal Supremo Electoral (TSE) decidi\u00f3 no acompa\u00f1ar con la observaci\u00f3n al Cabildo \u201carcista\u201d que fue impulsado por el Gobierno y sus sectores afines para asumir decisiones pol\u00edtico-partidarias. \u201cLa Sala Plena, con base al informe del Sifde, decidi\u00f3 no aceptar la solicitud de Lucio Quispe, Guillermina Kuno y Esteban Alavi, tomando en [&hellip;]<\/p>\n","protected":false},"author":1,"featured_media":0,"comment_status":"closed","ping_status":"open","sticky":false,"template":"","format":"standard","meta":{"_acf_changed":false,"footnotes":""},"categories":[14],"tags":[],"class_list":["post-182561","post","type-post","status-publish","format-standard","category-politica"],"acf":{"antetitulo":""},"yoast_head":"<!-- This site is optimized with the Yoast SEO plugin v28.3 - https:\/\/yoast.com\/product\/yoast-seo-wordpress\/ -->\n<title>TSE no envi\u00f3 una delegaci\u00f3n de observaci\u00f3n al Cabildo en El Alto - El Diario - Bolivia<\/title>\n<meta name=\"robots\" content=\"index, follow, max-snippet:-1, max-image-preview:large, max-video-preview:-1\" \/>\n<link rel=\"canonical\" href=\"https:\/\/www.eldiario.net\/portal\/2023\/10\/18\/tse-no-envio-una-delegacion-de-observacion-al-cabildo-en-el-alto\/\" \/>\n<meta property=\"og:locale\" content=\"es_ES\" \/>\n<meta property=\"og:type\" content=\"article\" \/>\n<meta property=\"og:title\" content=\"TSE no envi\u00f3 una delegaci\u00f3n de observaci\u00f3n al Cabildo en El Alto - El Diario - Bolivia\" \/>\n<meta property=\"og:description\" content=\"La Sala Plena del Tribunal Supremo Electoral (TSE) decidi\u00f3 no acompa\u00f1ar con la observaci\u00f3n al Cabildo \u201carcista\u201d que fue impulsado por el Gobierno y sus sectores afines para asumir decisiones pol\u00edtico-partidarias. \u201cLa Sala Plena, con base al informe del Sifde, decidi\u00f3 no aceptar la solicitud de Lucio Quispe, Guillermina Kuno y Esteban Alavi, tomando en [&hellip;]\" \/>\n<meta property=\"og:url\" content=\"https:\/\/www.eldiario.net\/portal\/2023\/10\/18\/tse-no-envio-una-delegacion-de-observacion-al-cabildo-en-el-alto\/\" \/>\n<meta property=\"og:site_name\" content=\"El Diario - Bolivia\" \/>\n<meta property=\"article:publisher\" content=\"https:\/\/www.facebook.com\/eldiario.bolivia\/\" \/>\n<meta property=\"article:published_time\" content=\"2023-10-18T10:29:37+00:00\" \/>\n<meta name=\"author\" content=\"Jeanette\" \/>\n<meta name=\"twitter:card\" content=\"summary_large_image\" \/>\n<meta name=\"twitter:creator\" content=\"@eldiario_net\" \/>\n<meta name=\"twitter:site\" content=\"@eldiario_net\" \/>\n<meta name=\"twitter:label1\" content=\"Escrito por\" \/>\n\t<meta name=\"twitter:data1\" content=\"Jeanette\" \/>\n\t<meta name=\"twitter:label2\" content=\"Tiempo de lectura\" \/>\n\t<meta name=\"twitter:data2\" content=\"2 minutos\" \/>\n<script type=\"application\/ld+json\" class=\"yoast-schema-graph\">{\"@context\":\"https:\\\/\\\/schema.org\",\"@graph\":[{\"@type\":\"Article\",\"@id\":\"https:\\\/\\\/www.eldiario.net\\\/portal\\\/2023\\\/10\\\/18\\\/tse-no-envio-una-delegacion-de-observacion-al-cabildo-en-el-alto\\\/#article\",\"isPartOf\":{\"@id\":\"https:\\\/\\\/www.eldiario.net\\\/portal\\\/2023\\\/10\\\/18\\\/tse-no-envio-una-delegacion-de-observacion-al-cabildo-en-el-alto\\\/\"},\"author\":{\"name\":\"Jeanette\",\"@id\":\"https:\\\/\\\/www.eldiario.net\\\/portal\\\/#\\\/schema\\\/person\\\/f46445640444750d7d753ccd04ae01b7\"},\"headline\":\"TSE no envi\u00f3 una delegaci\u00f3n de observaci\u00f3n al Cabildo en El Alto\",\"datePublished\":\"2023-10-18T10:29:37+00:00\",\"mainEntityOfPage\":{\"@id\":\"https:\\\/\\\/www.eldiario.net\\\/portal\\\/2023\\\/10\\\/18\\\/tse-no-envio-una-delegacion-de-observacion-al-cabildo-en-el-alto\\\/\"},\"wordCount\":287,\"publisher\":{\"@id\":\"https:\\\/\\\/www.eldiario.net\\\/portal\\\/#organization\"},\"articleSection\":[\"Pol\u00edtica\"],\"inLanguage\":\"es\"},{\"@type\":\"WebPage\",\"@id\":\"https:\\\/\\\/www.eldiario.net\\\/portal\\\/2023\\\/10\\\/18\\\/tse-no-envio-una-delegacion-de-observacion-al-cabildo-en-el-alto\\\/\",\"url\":\"https:\\\/\\\/www.eldiario.net\\\/portal\\\/2023\\\/10\\\/18\\\/tse-no-envio-una-delegacion-de-observacion-al-cabildo-en-el-alto\\\/\",\"name\":\"TSE no envi\u00f3 una delegaci\u00f3n de observaci\u00f3n al Cabildo en El Alto - El Diario - Bolivia\",\"isPartOf\":{\"@id\":\"https:\\\/\\\/www.eldiario.net\\\/portal\\\/#website\"},\"datePublished\":\"2023-10-18T10:29:37+00:00\",\"breadcrumb\":{\"@id\":\"https:\\\/\\\/www.eldiario.net\\\/portal\\\/2023\\\/10\\\/18\\\/tse-no-envio-una-delegacion-de-observacion-al-cabildo-en-el-alto\\\/#breadcrumb\"},\"inLanguage\":\"es\",\"potentialAction\":[{\"@type\":\"ReadAction\",\"target\":[\"https:\\\/\\\/www.eldiario.net\\\/portal\\\/2023\\\/10\\\/18\\\/tse-no-envio-una-delegacion-de-observacion-al-cabildo-en-el-alto\\\/\"]}]},{\"@type\":\"BreadcrumbList\",\"@id\":\"https:\\\/\\\/www.eldiario.net\\\/portal\\\/2023\\\/10\\\/18\\\/tse-no-envio-una-delegacion-de-observacion-al-cabildo-en-el-alto\\\/#breadcrumb\",\"itemListElement\":[{\"@type\":\"ListItem\",\"position\":1,\"name\":\"Portada\",\"item\":\"https:\\\/\\\/www.eldiario.net\\\/portal\\\/\"},{\"@type\":\"ListItem\",\"position\":2,\"name\":\"TSE no envi\u00f3 una delegaci\u00f3n de observaci\u00f3n al Cabildo en El Alto\"}]},{\"@type\":\"WebSite\",\"@id\":\"https:\\\/\\\/www.eldiario.net\\\/portal\\\/#website\",\"url\":\"https:\\\/\\\/www.eldiario.net\\\/portal\\\/\",\"name\":\"El Diario - Decano de la prensa nacional\",\"description\":\"El Diario - Decano de la prensa nacional\",\"publisher\":{\"@id\":\"https:\\\/\\\/www.eldiario.net\\\/portal\\\/#organization\"},\"potentialAction\":[{\"@type\":\"SearchAction\",\"target\":{\"@type\":\"EntryPoint\",\"urlTemplate\":\"https:\\\/\\\/www.eldiario.net\\\/portal\\\/?s={search_term_string}\"},\"query-input\":{\"@type\":\"PropertyValueSpecification\",\"valueRequired\":true,\"valueName\":\"search_term_string\"}}],\"inLanguage\":\"es\"},{\"@type\":\"Organization\",\"@id\":\"https:\\\/\\\/www.eldiario.net\\\/portal\\\/#organization\",\"name\":\"El Diario - Decano de la prensa nacional\",\"url\":\"https:\\\/\\\/www.eldiario.net\\\/portal\\\/\",\"logo\":{\"@type\":\"ImageObject\",\"inLanguage\":\"es\",\"@id\":\"https:\\\/\\\/www.eldiario.net\\\/portal\\\/#\\\/schema\\\/logo\\\/image\\\/\",\"url\":\"https:\\\/\\\/www.eldiario.net\\\/portal\\\/wp-content\\\/uploads\\\/2023\\\/07\\\/logo_ED.jpg\",\"contentUrl\":\"https:\\\/\\\/www.eldiario.net\\\/portal\\\/wp-content\\\/uploads\\\/2023\\\/07\\\/logo_ED.jpg\",\"width\":272,\"height\":52,\"caption\":\"El Diario - Decano de la prensa nacional\"},\"image\":{\"@id\":\"https:\\\/\\\/www.eldiario.net\\\/portal\\\/#\\\/schema\\\/logo\\\/image\\\/\"},\"sameAs\":[\"https:\\\/\\\/www.facebook.com\\\/eldiario.bolivia\\\/\",\"https:\\\/\\\/x.com\\\/eldiario_net\"]},{\"@type\":\"Person\",\"@id\":\"https:\\\/\\\/www.eldiario.net\\\/portal\\\/#\\\/schema\\\/person\\\/f46445640444750d7d753ccd04ae01b7\",\"name\":\"Jeanette\",\"image\":{\"@type\":\"ImageObject\",\"inLanguage\":\"es\",\"@id\":\"https:\\\/\\\/secure.gravatar.com\\\/avatar\\\/3ea2118a5f7dad2b7138b1187a6b7ee55f160b9968b66013c3a3ef39dd7e5798?s=96&d=mm&r=g\",\"url\":\"https:\\\/\\\/secure.gravatar.com\\\/avatar\\\/3ea2118a5f7dad2b7138b1187a6b7ee55f160b9968b66013c3a3ef39dd7e5798?s=96&d=mm&r=g\",\"contentUrl\":\"https:\\\/\\\/secure.gravatar.com\\\/avatar\\\/3ea2118a5f7dad2b7138b1187a6b7ee55f160b9968b66013c3a3ef39dd7e5798?s=96&d=mm&r=g\",\"caption\":\"Jeanette\"},\"sameAs\":[\"https:\\\/\\\/www.eldiario.net\\\/portal\"],\"url\":\"https:\\\/\\\/www.eldiario.net\\\/portal\\\/author\\\/jeanette\\\/\"}]}<\/script>\n<!-- \/ Yoast SEO plugin. -->","yoast_head_json":{"title":"TSE no envi\u00f3 una delegaci\u00f3n de observaci\u00f3n al Cabildo en El Alto - El Diario - Bolivia","robots":{"index":"index","follow":"follow","max-snippet":"max-snippet:-1","max-image-preview":"max-image-preview:large","max-video-preview":"max-video-preview:-1"},"canonical":"https:\/\/www.eldiario.net\/portal\/2023\/10\/18\/tse-no-envio-una-delegacion-de-observacion-al-cabildo-en-el-alto\/","og_locale":"es_ES","og_type":"article","og_title":"TSE no envi\u00f3 una delegaci\u00f3n de observaci\u00f3n al Cabildo en El Alto - El Diario - Bolivia","og_description":"La Sala Plena del Tribunal Supremo Electoral (TSE) decidi\u00f3 no acompa\u00f1ar con la observaci\u00f3n al Cabildo \u201carcista\u201d que fue impulsado por el Gobierno y sus sectores afines para asumir decisiones pol\u00edtico-partidarias. \u201cLa Sala Plena, con base al informe del Sifde, decidi\u00f3 no aceptar la solicitud de Lucio Quispe, Guillermina Kuno y Esteban Alavi, tomando en [&hellip;]","og_url":"https:\/\/www.eldiario.net\/portal\/2023\/10\/18\/tse-no-envio-una-delegacion-de-observacion-al-cabildo-en-el-alto\/","og_site_name":"El Diario - Bolivia","article_publisher":"https:\/\/www.facebook.com\/eldiario.bolivia\/","article_published_time":"2023-10-18T10:29:37+00:00","author":"Jeanette","twitter_card":"summary_large_image","twitter_creator":"@eldiario_net","twitter_site":"@eldiario_net","twitter_misc":{"Escrito por":"Jeanette","Tiempo de lectura":"2 minutos"},"schema":{"@context":"https:\/\/schema.org","@graph":[{"@type":"Article","@id":"https:\/\/www.eldiario.net\/portal\/2023\/10\/18\/tse-no-envio-una-delegacion-de-observacion-al-cabildo-en-el-alto\/#article","isPartOf":{"@id":"https:\/\/www.eldiario.net\/portal\/2023\/10\/18\/tse-no-envio-una-delegacion-de-observacion-al-cabildo-en-el-alto\/"},"author":{"name":"Jeanette","@id":"https:\/\/www.eldiario.net\/portal\/#\/schema\/person\/f46445640444750d7d753ccd04ae01b7"},"headline":"TSE no envi\u00f3 una delegaci\u00f3n de observaci\u00f3n al Cabildo en El Alto","datePublished":"2023-10-18T10:29:37+00:00","mainEntityOfPage":{"@id":"https:\/\/www.eldiario.net\/portal\/2023\/10\/18\/tse-no-envio-una-delegacion-de-observacion-al-cabildo-en-el-alto\/"},"wordCount":287,"publisher":{"@id":"https:\/\/www.eldiario.net\/portal\/#organization"},"articleSection":["Pol\u00edtica"],"inLanguage":"es"},{"@type":"WebPage","@id":"https:\/\/www.eldiario.net\/portal\/2023\/10\/18\/tse-no-envio-una-delegacion-de-observacion-al-cabildo-en-el-alto\/","url":"https:\/\/www.eldiario.net\/portal\/2023\/10\/18\/tse-no-envio-una-delegacion-de-observacion-al-cabildo-en-el-alto\/","name":"TSE no envi\u00f3 una delegaci\u00f3n de observaci\u00f3n al Cabildo en El Alto - El Diario - Bolivia","isPartOf":{"@id":"https:\/\/www.eldiario.net\/portal\/#website"},"datePublished":"2023-10-18T10:29:37+00:00","breadcrumb":{"@id":"https:\/\/www.eldiario.net\/portal\/2023\/10\/18\/tse-no-envio-una-delegacion-de-observacion-al-cabildo-en-el-alto\/#breadcrumb"},"inLanguage":"es","potentialAction":[{"@type":"ReadAction","target":["https:\/\/www.eldiario.net\/portal\/2023\/10\/18\/tse-no-envio-una-delegacion-de-observacion-al-cabildo-en-el-alto\/"]}]},{"@type":"BreadcrumbList","@id":"https:\/\/www.eldiario.net\/portal\/2023\/10\/18\/tse-no-envio-una-delegacion-de-observacion-al-cabildo-en-el-alto\/#breadcrumb","itemListElement":[{"@type":"ListItem","position":1,"name":"Portada","item":"https:\/\/www.eldiario.net\/portal\/"},{"@type":"ListItem","position":2,"name":"TSE no envi\u00f3 una delegaci\u00f3n de observaci\u00f3n al Cabildo en El Alto"}]},{"@type":"WebSite","@id":"https:\/\/www.eldiario.net\/portal\/#website","url":"https:\/\/www.eldiario.net\/portal\/","name":"El Diario - Decano de la prensa nacional","description":"El Diario - Decano de la prensa nacional","publisher":{"@id":"https:\/\/www.eldiario.net\/portal\/#organization"},"potentialAction":[{"@type":"SearchAction","target":{"@type":"EntryPoint","urlTemplate":"https:\/\/www.eldiario.net\/portal\/?s={search_term_string}"},"query-input":{"@type":"PropertyValueSpecification","valueRequired":true,"valueName":"search_term_string"}}],"inLanguage":"es"},{"@type":"Organization","@id":"https:\/\/www.eldiario.net\/portal\/#organization","name":"El Diario - Decano de la prensa nacional","url":"https:\/\/www.eldiario.net\/portal\/","logo":{"@type":"ImageObject","inLanguage":"es","@id":"https:\/\/www.eldiario.net\/portal\/#\/schema\/logo\/image\/","url":"https:\/\/www.eldiario.net\/portal\/wp-content\/uploads\/2023\/07\/logo_ED.jpg","contentUrl":"https:\/\/www.eldiario.net\/portal\/wp-content\/uploads\/2023\/07\/logo_ED.jpg","width":272,"height":52,"caption":"El Diario - Decano de la prensa nacional"},"image":{"@id":"https:\/\/www.eldiario.net\/portal\/#\/schema\/logo\/image\/"},"sameAs":["https:\/\/www.facebook.com\/eldiario.bolivia\/","https:\/\/x.com\/eldiario_net"]},{"@type":"Person","@id":"https:\/\/www.eldiario.net\/portal\/#\/schema\/person\/f46445640444750d7d753ccd04ae01b7","name":"Jeanette","image":{"@type":"ImageObject","inLanguage":"es","@id":"https:\/\/secure.gravatar.com\/avatar\/3ea2118a5f7dad2b7138b1187a6b7ee55f160b9968b66013c3a3ef39dd7e5798?s=96&d=mm&r=g","url":"https:\/\/secure.gravatar.com\/avatar\/3ea2118a5f7dad2b7138b1187a6b7ee55f160b9968b66013c3a3ef39dd7e5798?s=96&d=mm&r=g","contentUrl":"https:\/\/secure.gravatar.com\/avatar\/3ea2118a5f7dad2b7138b1187a6b7ee55f160b9968b66013c3a3ef39dd7e5798?s=96&d=mm&r=g","caption":"Jeanette"},"sameAs":["https:\/\/www.eldiario.net\/portal"],"url":"https:\/\/www.eldiario.net\/portal\/author\/jeanette\/"}]}},"_links":{"self":[{"href":"https:\/\/www.eldiario.net\/portal\/wp-json\/wp\/v2\/posts\/182561","targetHints":{"allow":["GET"]}}],"collection":[{"href":"https:\/\/www.eldiario.net\/portal\/wp-json\/wp\/v2\/posts"}],"about":[{"href":"https:\/\/www.eldiario.net\/portal\/wp-json\/wp\/v2\/types\/post"}],"author":[{"embeddable":true,"href":"https:\/\/www.eldiario.net\/portal\/wp-json\/wp\/v2\/users\/1"}],"replies":[{"embeddable":true,"href":"https:\/\/www.eldiario.net\/portal\/wp-json\/wp\/v2\/comments?post=182561"}],"version-history":[{"count":0,"href":"https:\/\/www.eldiario.net\/portal\/wp-json\/wp\/v2\/posts\/182561\/revisions"}],"wp:attachment":[{"href":"https:\/\/www.eldiario.net\/portal\/wp-json\/wp\/v2\/media?parent=182561"}],"wp:term":[{"taxonomy":"category","embeddable":true,"href":"https:\/\/www.eldiario.net\/portal\/wp-json\/wp\/v2\/categories?post=182561"},{"taxonomy":"post_tag","embeddable":true,"href":"https:\/\/www.eldiario.net\/portal\/wp-json\/wp\/v2\/tags?post=182561"}],"curies":[{"name":"wp","href":"https:\/\/api.w.org\/{rel}","templated":true}]}}