{"id":182558,"date":"2023-10-18T06:28:57","date_gmt":"2023-10-18T10:28:57","guid":{"rendered":"https:\/\/www.eldiario.net\/portal\/?p=182558"},"modified":"2023-10-18T06:28:57","modified_gmt":"2023-10-18T10:28:57","slug":"ddhh-de-la-onu-alerta-de-miles-de-desplazados-atrapados-en-gaza","status":"publish","type":"post","link":"https:\/\/www.eldiario.net\/portal\/2023\/10\/18\/ddhh-de-la-onu-alerta-de-miles-de-desplazados-atrapados-en-gaza\/","title":{"rendered":"DDHH de la ONU alerta de miles de  desplazados atrapados en Gaza"},"content":{"rendered":"<p>El Alto Comisionado de la ONU para los Derechos Humanos alert\u00f3 ayer que miles de personas se desplazaron hacia el sur de la Franja de Gaza, siguiendo las recomendaciones del Gobierno israel\u00ed ante una posible invasi\u00f3n terrestre, se encuentran ahora \u201catrapadas en el sur de Gaza\u201d, donde la situaci\u00f3n humanitaria sigue empeorando.<br \/>\nLa portavoz del organismo, Ravina Shamdasani, indic\u00f3 que no existen indicios de que los ataques vayan a reducirse y puntualiz\u00f3 que el asedio de la Franja de Gaza afecta al suministro de agua, alimentos, medicinas y otras necesidades b\u00e1sicas. \u00abHay indicadores diarios de violaciones del Derecho Internacional\u00bb, manifest\u00f3.<br \/>\n\u00abCon 4.200 muertos y m\u00e1s de un mill\u00f3n de desplazados en tan solo diez d\u00edas, as\u00ed como amplias \u00e1reas de la Franja de Gaza reducidas a escombros, tememos que las cifras sigan aumentando\u00bb, dijo en relaci\u00f3n con los balances de fallecidos, que alcanzan ya los 2.800 en Gaza y los 1.400 en Israel.<br \/>\nEntre las v\u00edctimas mortales, dijo, se encuentra mujeres y ni\u00f1os, adem\u00e1s de once periodistas palestinos, 28 trabajadores sanitarios y 14 trabajadores de Naciones Unidas. \u00abNo est\u00e1 claro cu\u00e1ntos cuerpos m\u00e1s puede haber sepultados bajo los escombros\u00bb, explic\u00f3, seg\u00fan comunicado.<br \/>\nAs\u00ed, tambi\u00e9n recalc\u00f3 que numerosas instalaciones m\u00e9dicas fueron objeto de bombardeos. \u00abExiste una grave preocupaci\u00f3n sobre el acceso a los servicios sanitarios para miles de heridos y para unas 50.000 mujeres embarazadas. (&#8230;) La situaci\u00f3n actual est\u00e1 empeorando un servicio que era ya de por s\u00ed limitado debido al bloqueo que pesa sobre Gaza\u00bb, dijo antes de incidir en que este tipo de ataques est\u00e1n prohibidos bajo el Derecho Internacional.<\/p>\n<p>ATAQUES CONTRA<br \/>\nDESPLAZADOS<br \/>\nEn este sentido, solicit\u00f3 investigar de forma independiente las informaciones sobre posibles ataques contra civiles a medida que se desplazan hacia el sur de Gaza. \u00abPedimos a Israel que evite atacar civiles e infraestructuras civiles. (&#8230;) Aquellos que trataron de cumplir con las \u00f3rdenes de las autoridades israel\u00edes para trasladarse al sur se encuentran ahora atrapados, con escasas posibilidades de obtener refugio, alimentos que se agotan r\u00e1pidamente y un acceso escaso o nulo a agua potable, saneamiento, medicinas y otras necesidades b\u00e1sicas\u00bb, asever\u00f3.<br \/>\nActualmente, unos 400.000 desplazados se encuentran en refugios en varias localidades de la Franja de Gaza, de los cuales muchos de ellos son edificios de la agencia de la ONU para los refugiados palestinos en Oriente Pr\u00f3ximo (Unrwa).<br \/>\n\u00abEl Derecho Internacional exige que cualquier evacuaci\u00f3n temporal legal de una zona por parte de Israel, como potencia ocupante, (&#8230;) debe ir acompa\u00f1ada de la provisi\u00f3n de alojamiento adecuado para todos los evacuados, en condiciones satisfactorias de higiene, salud, seguridad y nutrici\u00f3n\u00bb, afirm\u00f3 Shamdasani, que puntualiz\u00f3 que no hubieron intentos por parte de Israel de cumplir esto para los 1,1 millones de civiles a los que orden\u00f3 desplazarse.<br \/>\nPor otra parte, expres\u00f3 su preocupaci\u00f3n por el aumento de la violencia en Cisjordania y en Jerusal\u00e9n Este. Desde el 7 de octubre se registraron 52 palestinos muertos en Cisjordania a manos de las fuerzas israel\u00edes, mientras que otros cinco m\u00e1s murieron a manos de colonos.<br \/>\n\u00abInstamos a las autoridades de Israel a garantizar que las fuerzas de seguridad evitan utilizar munici\u00f3n real a menos que sea como \u00faltimo recurso y ante una situaci\u00f3n de amenaza inminente contra la vida. Pedimos que tomen las medidas necesarias para garantizar la protecci\u00f3n de la poblaci\u00f3n palestina\u00bb, declar\u00f3.<\/p>\n<p>DESESTABILIZACI\u00d3N REGIONAL<br \/>\nLa Organizaci\u00f3n Mundial de la Salud (OMS) contabiliz\u00f3 115 ataques contra infraestructuras sanitarias de Gaza y alert\u00f3 de que un aumento de la violencia en el marco del conflicto, especialmente en la frontera entre L\u00edbano e Israel, podr\u00eda llevar a una desestabilizaci\u00f3n a nivel regional.<br \/>\nAs\u00ed se pronunciaron el director regional de la OMS para el Mediterr\u00e1neo Oriental, Ahmed al Mandhari, que hizo hincapi\u00e9 en la importancia de que las partes enfrentadas pongan fin a los ataques y garanticen la protecci\u00f3n de civiles, pacientes, trabajadores sanitarios e infraestructuras.<br \/>\n\u00abTambi\u00e9n pedimos la liberaci\u00f3n segura de los rehenes\u00bb tomados por el Movimiento de Resistencia Isl\u00e1mica (Ham\u00e1s). \u00abHemos pedido en varias ocasiones que se d\u00e9 acceso humanitario a la Franja de Gaza a trav\u00e9s del paso de Raf\u00e1 desde Egipto para poder distribuir suministros\u00bb, asever\u00f3.<br \/>\nDe la misma forma sostuvo que es imposible trasladar pacientes en estado cr\u00edtico sin arriesgarse a que mueran y destac\u00f3 la catastr\u00f3fica situaci\u00f3n de los hospitales en el sur de Gaza, que son incapaces de gestionar la cantidad de pacientes.<br \/>\nPor su parte, la relatora especial de la ONU sobre el derecho a la sanidad, Tlaleng Mofokeng, lament\u00f3 que las infraestructuras sanitarias se vieron golpeadas de forma irreparable, lo que deja a los especialistas ante un acceso limitado a material sanitario y condiciones que no les permiten ofrecer un tratamiento y un servicio adecuado.<br \/>\nEn un comunicado, Mofokeng indic\u00f3 que los trabajadores siguen adelante con sus labores a pesar de estar siendo bombardeados y acus\u00f3 a Israel de evitar la entrada de material esencial en Gaza, al tiempo que inst\u00f3 a la comunidad internacional a intervenir inmediatamente para evitar un aumento de la violencia y respetar el derecho a la sanidad para todos.<br \/>\n\u00abLos \u00faltimos ataques no deben descontextualizarse\u00bb, ha insistido antes de matizar que esto \u00abrepresenta un momento m\u00e1s de violencia estructural, sistem\u00e1tica y sostenida que los palestinos vienen experimentando todos los d\u00edas desde la ocupaci\u00f3n\u00bb, se\u00f1al\u00f3.<br \/>\nPreviamente, las autoridades gazat\u00edes informaron que el \u00fanico hospital oncol\u00f3gico de la Franja de Gaza se quedar\u00e1 sin combustible en un plazo de unas 48 horas, por lo que los pacientes que son atendidos en el centro m\u00e9dico carecer\u00e1n del tratamiento necesario a medida que la situaci\u00f3n humanitaria empeora en la zona.<br \/>\nEl Ministerio de Sanidad de Gaza, indic\u00f3 en un comunicado que el Turkish Friendship Hospital se ver\u00e1 completamente paralizado en cuesti\u00f3n de d\u00edas, lo que empeorar\u00e1 la grave situaci\u00f3n en la que se encuentran ya estos pacientes.<br \/>\nSi bien gran parte de los hospitales de la Franja de Gaza est\u00e1n ante una situaci\u00f3n catastr\u00f3fica que los aboca a apurar las \u00faltimas horas de combustible que les queda, las autoridades gazat\u00edes, instaron a la poblaci\u00f3n a dirigirse \u00abinmediatamente a todos los hospitales y sedes de la Asociaci\u00f3n de Bancos de Sangre para realizar donaciones en un intento por salvar m\u00e1s vidas a medida que aumenta la cifra de heridos\u00bb, que asciende ya a 12.000.<\/p>\n<p>GUERRA LARGA Y DURA<br \/>\nEl jefe del Ej\u00e9rcito de Israel, Herzi Halevi, advirti\u00f3 que la guerra contra el Movimiento de Resistencia Isl\u00e1mica (Ham\u00e1s) \u00abser\u00e1 dura y larga\u00bb y anticip\u00f3 que las tropas israel\u00edes \u00abganar\u00e1n\u00bb esta \u00abguerra justa\u00bb, en un mensaje enviado a los soldados y comandantes de Israel diez d\u00edas luego de los ataques por el grupo islamista, que dejaron cerca de 1.400 muertos y m\u00e1s de 200 secuestrados.<br \/>\nHalevi, indic\u00f3 en su misiva, publicada por el Ej\u00e9rcito israel\u00ed a trav\u00e9s de su p\u00e1gina web, que Ham\u00e1s \u00ablanz\u00f3 un ataque asesino por sorpresa contra el Estado de Israel\u00bb y ha denunciado que \u00abcon sus actos crueles y criminales, intent\u00f3 desafiar la soberan\u00eda del pa\u00eds\u00bb.<br \/>\n\u00abEn esta hora fat\u00eddica, mantenemos nuestro compromiso de defender la patria y la libertad de Israel y combatir\u00bb, manifest\u00f3 Halevi, que hizo hincapi\u00e9 en que las fuerzas israel\u00edes han golpeado con fuerza al enemigo desde el aire, la tierra y el mar.<br \/>\n\u00abHemos da\u00f1ado la infraestructura del enemigo, su c\u00fapula y sus capacidades y le hemos causado graves p\u00e9rdidas\u00bb, destac\u00f3, a tiempo que se\u00f1al\u00f3 que la iniciativa est\u00e1 en manos del Ej\u00e9rcito de Israel. \u00abLas Fuerzas de Defensa de Israel (FDI) ganar\u00e1n al ce\u00f1irse a su misi\u00f3n y a la fuerza de su voluntad\u00bb, argument\u00f3.<br \/>\nEn este sentido, Halev, incidi\u00f3 en que el Ej\u00e9rcito de Israel ganar\u00e1 porque esta guerra es justa. \u00abGanaremos y todas las acciones ir\u00e1n en l\u00ednea con el esp\u00edritu y los valores de las FDI\u00bb, ha dicho, antes de rese\u00f1ar que \u00abla fortaleza, determinaci\u00f3n y unidad (en el seno de las Fuerzas Armadas) prevalecer\u00e1n en este cap\u00edtulo de la historia de Israel\u00bb.<br \/>\nLa campa\u00f1a de bombardeos de Israel en Gaza, dej\u00f3 hasta ahora cerca de 2.750 muertos y m\u00e1s de 9.700 heridos, as\u00ed como cerca de un mill\u00f3n de desplazados, casi la mitad de la poblaci\u00f3n del enclave. Por ello, Naciones Unidas y numerosas organizaciones no gubernamentales alertaron del grave deterioro de la situaci\u00f3n humanitaria, ahondada por el cerco impuesto tras los ataques de Ham\u00e1s. (Europa Press)<\/p>\n","protected":false},"excerpt":{"rendered":"<p>El Alto Comisionado de la ONU para los Derechos Humanos alert\u00f3 ayer que miles de personas se desplazaron hacia el sur de la Franja de Gaza, siguiendo las recomendaciones del Gobierno israel\u00ed ante una posible invasi\u00f3n terrestre, se encuentran ahora \u201catrapadas en el sur de Gaza\u201d, donde la situaci\u00f3n humanitaria sigue empeorando. La portavoz del [&hellip;]<\/p>\n","protected":false},"author":1,"featured_media":182559,"comment_status":"closed","ping_status":"open","sticky":false,"template":"","format":"standard","meta":{"_acf_changed":false,"footnotes":""},"categories":[3],"tags":[],"class_list":["post-182558","post","type-post","status-publish","format-standard","has-post-thumbnail","category-internacional"],"acf":{"antetitulo":""},"yoast_head":"<!-- This site is optimized with the Yoast SEO plugin v28.3 - https:\/\/yoast.com\/product\/yoast-seo-wordpress\/ -->\n<title>DDHH de la ONU alerta de miles de desplazados atrapados en Gaza - El Diario - Bolivia<\/title>\n<meta name=\"robots\" content=\"index, follow, max-snippet:-1, max-image-preview:large, max-video-preview:-1\" \/>\n<link rel=\"canonical\" href=\"https:\/\/www.eldiario.net\/portal\/2023\/10\/18\/ddhh-de-la-onu-alerta-de-miles-de-desplazados-atrapados-en-gaza\/\" \/>\n<meta property=\"og:locale\" content=\"es_ES\" \/>\n<meta property=\"og:type\" content=\"article\" \/>\n<meta property=\"og:title\" content=\"DDHH de la ONU alerta de miles de desplazados atrapados en Gaza - El Diario - Bolivia\" \/>\n<meta property=\"og:description\" content=\"El Alto Comisionado de la ONU para los Derechos Humanos alert\u00f3 ayer que miles de personas se desplazaron hacia el sur de la Franja de Gaza, siguiendo las recomendaciones del Gobierno israel\u00ed ante una posible invasi\u00f3n terrestre, se encuentran ahora \u201catrapadas en el sur de Gaza\u201d, donde la situaci\u00f3n humanitaria sigue empeorando. La portavoz del [&hellip;]\" \/>\n<meta property=\"og:url\" content=\"https:\/\/www.eldiario.net\/portal\/2023\/10\/18\/ddhh-de-la-onu-alerta-de-miles-de-desplazados-atrapados-en-gaza\/\" \/>\n<meta property=\"og:site_name\" content=\"El Diario - Bolivia\" \/>\n<meta property=\"article:publisher\" content=\"https:\/\/www.facebook.com\/eldiario.bolivia\/\" \/>\n<meta property=\"article:published_time\" content=\"2023-10-18T10:28:57+00:00\" \/>\n<meta property=\"og:image\" content=\"https:\/\/www.eldiario.net\/portal\/wp-content\/uploads\/2023\/10\/AVION.jpg\" \/>\n\t<meta property=\"og:image:width\" content=\"1920\" \/>\n\t<meta property=\"og:image:height\" content=\"1080\" \/>\n\t<meta property=\"og:image:type\" content=\"image\/jpeg\" \/>\n<meta name=\"author\" content=\"Jeanette\" \/>\n<meta name=\"twitter:card\" content=\"summary_large_image\" \/>\n<meta name=\"twitter:creator\" content=\"@eldiario_net\" \/>\n<meta name=\"twitter:site\" content=\"@eldiario_net\" \/>\n<meta name=\"twitter:label1\" content=\"Escrito por\" \/>\n\t<meta name=\"twitter:data1\" content=\"Jeanette\" \/>\n\t<meta name=\"twitter:label2\" content=\"Tiempo de lectura\" \/>\n\t<meta name=\"twitter:data2\" content=\"7 minutos\" \/>\n<script type=\"application\/ld+json\" class=\"yoast-schema-graph\">{\"@context\":\"https:\\\/\\\/schema.org\",\"@graph\":[{\"@type\":\"Article\",\"@id\":\"https:\\\/\\\/www.eldiario.net\\\/portal\\\/2023\\\/10\\\/18\\\/ddhh-de-la-onu-alerta-de-miles-de-desplazados-atrapados-en-gaza\\\/#article\",\"isPartOf\":{\"@id\":\"https:\\\/\\\/www.eldiario.net\\\/portal\\\/2023\\\/10\\\/18\\\/ddhh-de-la-onu-alerta-de-miles-de-desplazados-atrapados-en-gaza\\\/\"},\"author\":{\"name\":\"Jeanette\",\"@id\":\"https:\\\/\\\/www.eldiario.net\\\/portal\\\/#\\\/schema\\\/person\\\/f46445640444750d7d753ccd04ae01b7\"},\"headline\":\"DDHH de la ONU alerta de miles de desplazados atrapados en Gaza\",\"datePublished\":\"2023-10-18T10:28:57+00:00\",\"mainEntityOfPage\":{\"@id\":\"https:\\\/\\\/www.eldiario.net\\\/portal\\\/2023\\\/10\\\/18\\\/ddhh-de-la-onu-alerta-de-miles-de-desplazados-atrapados-en-gaza\\\/\"},\"wordCount\":1469,\"publisher\":{\"@id\":\"https:\\\/\\\/www.eldiario.net\\\/portal\\\/#organization\"},\"image\":{\"@id\":\"https:\\\/\\\/www.eldiario.net\\\/portal\\\/2023\\\/10\\\/18\\\/ddhh-de-la-onu-alerta-de-miles-de-desplazados-atrapados-en-gaza\\\/#primaryimage\"},\"thumbnailUrl\":\"https:\\\/\\\/www.eldiario.net\\\/portal\\\/wp-content\\\/uploads\\\/2023\\\/10\\\/AVION.jpg\",\"articleSection\":[\"Internacional\"],\"inLanguage\":\"es\"},{\"@type\":\"WebPage\",\"@id\":\"https:\\\/\\\/www.eldiario.net\\\/portal\\\/2023\\\/10\\\/18\\\/ddhh-de-la-onu-alerta-de-miles-de-desplazados-atrapados-en-gaza\\\/\",\"url\":\"https:\\\/\\\/www.eldiario.net\\\/portal\\\/2023\\\/10\\\/18\\\/ddhh-de-la-onu-alerta-de-miles-de-desplazados-atrapados-en-gaza\\\/\",\"name\":\"DDHH de la ONU alerta de miles de desplazados atrapados en Gaza - El Diario - Bolivia\",\"isPartOf\":{\"@id\":\"https:\\\/\\\/www.eldiario.net\\\/portal\\\/#website\"},\"primaryImageOfPage\":{\"@id\":\"https:\\\/\\\/www.eldiario.net\\\/portal\\\/2023\\\/10\\\/18\\\/ddhh-de-la-onu-alerta-de-miles-de-desplazados-atrapados-en-gaza\\\/#primaryimage\"},\"image\":{\"@id\":\"https:\\\/\\\/www.eldiario.net\\\/portal\\\/2023\\\/10\\\/18\\\/ddhh-de-la-onu-alerta-de-miles-de-desplazados-atrapados-en-gaza\\\/#primaryimage\"},\"thumbnailUrl\":\"https:\\\/\\\/www.eldiario.net\\\/portal\\\/wp-content\\\/uploads\\\/2023\\\/10\\\/AVION.jpg\",\"datePublished\":\"2023-10-18T10:28:57+00:00\",\"breadcrumb\":{\"@id\":\"https:\\\/\\\/www.eldiario.net\\\/portal\\\/2023\\\/10\\\/18\\\/ddhh-de-la-onu-alerta-de-miles-de-desplazados-atrapados-en-gaza\\\/#breadcrumb\"},\"inLanguage\":\"es\",\"potentialAction\":[{\"@type\":\"ReadAction\",\"target\":[\"https:\\\/\\\/www.eldiario.net\\\/portal\\\/2023\\\/10\\\/18\\\/ddhh-de-la-onu-alerta-de-miles-de-desplazados-atrapados-en-gaza\\\/\"]}]},{\"@type\":\"ImageObject\",\"inLanguage\":\"es\",\"@id\":\"https:\\\/\\\/www.eldiario.net\\\/portal\\\/2023\\\/10\\\/18\\\/ddhh-de-la-onu-alerta-de-miles-de-desplazados-atrapados-en-gaza\\\/#primaryimage\",\"url\":\"https:\\\/\\\/www.eldiario.net\\\/portal\\\/wp-content\\\/uploads\\\/2023\\\/10\\\/AVION.jpg\",\"contentUrl\":\"https:\\\/\\\/www.eldiario.net\\\/portal\\\/wp-content\\\/uploads\\\/2023\\\/10\\\/AVION.jpg\",\"width\":1920,\"height\":1080,\"caption\":\"AVI\u00f3N: HASTA EL MOMENTO EXISTEN M\u00c1S DE UN MILL\u00d3n DE DESPLAZADOS. INFOBAE\"},{\"@type\":\"BreadcrumbList\",\"@id\":\"https:\\\/\\\/www.eldiario.net\\\/portal\\\/2023\\\/10\\\/18\\\/ddhh-de-la-onu-alerta-de-miles-de-desplazados-atrapados-en-gaza\\\/#breadcrumb\",\"itemListElement\":[{\"@type\":\"ListItem\",\"position\":1,\"name\":\"Portada\",\"item\":\"https:\\\/\\\/www.eldiario.net\\\/portal\\\/\"},{\"@type\":\"ListItem\",\"position\":2,\"name\":\"DDHH de la ONU alerta de miles de desplazados atrapados en Gaza\"}]},{\"@type\":\"WebSite\",\"@id\":\"https:\\\/\\\/www.eldiario.net\\\/portal\\\/#website\",\"url\":\"https:\\\/\\\/www.eldiario.net\\\/portal\\\/\",\"name\":\"El Diario - Decano de la prensa nacional\",\"description\":\"El Diario - Decano de la prensa nacional\",\"publisher\":{\"@id\":\"https:\\\/\\\/www.eldiario.net\\\/portal\\\/#organization\"},\"potentialAction\":[{\"@type\":\"SearchAction\",\"target\":{\"@type\":\"EntryPoint\",\"urlTemplate\":\"https:\\\/\\\/www.eldiario.net\\\/portal\\\/?s={search_term_string}\"},\"query-input\":{\"@type\":\"PropertyValueSpecification\",\"valueRequired\":true,\"valueName\":\"search_term_string\"}}],\"inLanguage\":\"es\"},{\"@type\":\"Organization\",\"@id\":\"https:\\\/\\\/www.eldiario.net\\\/portal\\\/#organization\",\"name\":\"El Diario - Decano de la prensa nacional\",\"url\":\"https:\\\/\\\/www.eldiario.net\\\/portal\\\/\",\"logo\":{\"@type\":\"ImageObject\",\"inLanguage\":\"es\",\"@id\":\"https:\\\/\\\/www.eldiario.net\\\/portal\\\/#\\\/schema\\\/logo\\\/image\\\/\",\"url\":\"https:\\\/\\\/www.eldiario.net\\\/portal\\\/wp-content\\\/uploads\\\/2023\\\/07\\\/logo_ED.jpg\",\"contentUrl\":\"https:\\\/\\\/www.eldiario.net\\\/portal\\\/wp-content\\\/uploads\\\/2023\\\/07\\\/logo_ED.jpg\",\"width\":272,\"height\":52,\"caption\":\"El Diario - Decano de la prensa nacional\"},\"image\":{\"@id\":\"https:\\\/\\\/www.eldiario.net\\\/portal\\\/#\\\/schema\\\/logo\\\/image\\\/\"},\"sameAs\":[\"https:\\\/\\\/www.facebook.com\\\/eldiario.bolivia\\\/\",\"https:\\\/\\\/x.com\\\/eldiario_net\"]},{\"@type\":\"Person\",\"@id\":\"https:\\\/\\\/www.eldiario.net\\\/portal\\\/#\\\/schema\\\/person\\\/f46445640444750d7d753ccd04ae01b7\",\"name\":\"Jeanette\",\"image\":{\"@type\":\"ImageObject\",\"inLanguage\":\"es\",\"@id\":\"https:\\\/\\\/secure.gravatar.com\\\/avatar\\\/3ea2118a5f7dad2b7138b1187a6b7ee55f160b9968b66013c3a3ef39dd7e5798?s=96&d=mm&r=g\",\"url\":\"https:\\\/\\\/secure.gravatar.com\\\/avatar\\\/3ea2118a5f7dad2b7138b1187a6b7ee55f160b9968b66013c3a3ef39dd7e5798?s=96&d=mm&r=g\",\"contentUrl\":\"https:\\\/\\\/secure.gravatar.com\\\/avatar\\\/3ea2118a5f7dad2b7138b1187a6b7ee55f160b9968b66013c3a3ef39dd7e5798?s=96&d=mm&r=g\",\"caption\":\"Jeanette\"},\"sameAs\":[\"https:\\\/\\\/www.eldiario.net\\\/portal\"],\"url\":\"https:\\\/\\\/www.eldiario.net\\\/portal\\\/author\\\/jeanette\\\/\"}]}<\/script>\n<!-- \/ Yoast SEO plugin. -->","yoast_head_json":{"title":"DDHH de la ONU alerta de miles de desplazados atrapados en Gaza - El Diario - Bolivia","robots":{"index":"index","follow":"follow","max-snippet":"max-snippet:-1","max-image-preview":"max-image-preview:large","max-video-preview":"max-video-preview:-1"},"canonical":"https:\/\/www.eldiario.net\/portal\/2023\/10\/18\/ddhh-de-la-onu-alerta-de-miles-de-desplazados-atrapados-en-gaza\/","og_locale":"es_ES","og_type":"article","og_title":"DDHH de la ONU alerta de miles de desplazados atrapados en Gaza - El Diario - Bolivia","og_description":"El Alto Comisionado de la ONU para los Derechos Humanos alert\u00f3 ayer que miles de personas se desplazaron hacia el sur de la Franja de Gaza, siguiendo las recomendaciones del Gobierno israel\u00ed ante una posible invasi\u00f3n terrestre, se encuentran ahora \u201catrapadas en el sur de Gaza\u201d, donde la situaci\u00f3n humanitaria sigue empeorando. La portavoz del [&hellip;]","og_url":"https:\/\/www.eldiario.net\/portal\/2023\/10\/18\/ddhh-de-la-onu-alerta-de-miles-de-desplazados-atrapados-en-gaza\/","og_site_name":"El Diario - Bolivia","article_publisher":"https:\/\/www.facebook.com\/eldiario.bolivia\/","article_published_time":"2023-10-18T10:28:57+00:00","og_image":[{"width":1920,"height":1080,"url":"https:\/\/www.eldiario.net\/portal\/wp-content\/uploads\/2023\/10\/AVION.jpg","type":"image\/jpeg"}],"author":"Jeanette","twitter_card":"summary_large_image","twitter_creator":"@eldiario_net","twitter_site":"@eldiario_net","twitter_misc":{"Escrito por":"Jeanette","Tiempo de lectura":"7 minutos"},"schema":{"@context":"https:\/\/schema.org","@graph":[{"@type":"Article","@id":"https:\/\/www.eldiario.net\/portal\/2023\/10\/18\/ddhh-de-la-onu-alerta-de-miles-de-desplazados-atrapados-en-gaza\/#article","isPartOf":{"@id":"https:\/\/www.eldiario.net\/portal\/2023\/10\/18\/ddhh-de-la-onu-alerta-de-miles-de-desplazados-atrapados-en-gaza\/"},"author":{"name":"Jeanette","@id":"https:\/\/www.eldiario.net\/portal\/#\/schema\/person\/f46445640444750d7d753ccd04ae01b7"},"headline":"DDHH de la ONU alerta de miles de desplazados atrapados en Gaza","datePublished":"2023-10-18T10:28:57+00:00","mainEntityOfPage":{"@id":"https:\/\/www.eldiario.net\/portal\/2023\/10\/18\/ddhh-de-la-onu-alerta-de-miles-de-desplazados-atrapados-en-gaza\/"},"wordCount":1469,"publisher":{"@id":"https:\/\/www.eldiario.net\/portal\/#organization"},"image":{"@id":"https:\/\/www.eldiario.net\/portal\/2023\/10\/18\/ddhh-de-la-onu-alerta-de-miles-de-desplazados-atrapados-en-gaza\/#primaryimage"},"thumbnailUrl":"https:\/\/www.eldiario.net\/portal\/wp-content\/uploads\/2023\/10\/AVION.jpg","articleSection":["Internacional"],"inLanguage":"es"},{"@type":"WebPage","@id":"https:\/\/www.eldiario.net\/portal\/2023\/10\/18\/ddhh-de-la-onu-alerta-de-miles-de-desplazados-atrapados-en-gaza\/","url":"https:\/\/www.eldiario.net\/portal\/2023\/10\/18\/ddhh-de-la-onu-alerta-de-miles-de-desplazados-atrapados-en-gaza\/","name":"DDHH de la ONU alerta de miles de desplazados atrapados en Gaza - El Diario - Bolivia","isPartOf":{"@id":"https:\/\/www.eldiario.net\/portal\/#website"},"primaryImageOfPage":{"@id":"https:\/\/www.eldiario.net\/portal\/2023\/10\/18\/ddhh-de-la-onu-alerta-de-miles-de-desplazados-atrapados-en-gaza\/#primaryimage"},"image":{"@id":"https:\/\/www.eldiario.net\/portal\/2023\/10\/18\/ddhh-de-la-onu-alerta-de-miles-de-desplazados-atrapados-en-gaza\/#primaryimage"},"thumbnailUrl":"https:\/\/www.eldiario.net\/portal\/wp-content\/uploads\/2023\/10\/AVION.jpg","datePublished":"2023-10-18T10:28:57+00:00","breadcrumb":{"@id":"https:\/\/www.eldiario.net\/portal\/2023\/10\/18\/ddhh-de-la-onu-alerta-de-miles-de-desplazados-atrapados-en-gaza\/#breadcrumb"},"inLanguage":"es","potentialAction":[{"@type":"ReadAction","target":["https:\/\/www.eldiario.net\/portal\/2023\/10\/18\/ddhh-de-la-onu-alerta-de-miles-de-desplazados-atrapados-en-gaza\/"]}]},{"@type":"ImageObject","inLanguage":"es","@id":"https:\/\/www.eldiario.net\/portal\/2023\/10\/18\/ddhh-de-la-onu-alerta-de-miles-de-desplazados-atrapados-en-gaza\/#primaryimage","url":"https:\/\/www.eldiario.net\/portal\/wp-content\/uploads\/2023\/10\/AVION.jpg","contentUrl":"https:\/\/www.eldiario.net\/portal\/wp-content\/uploads\/2023\/10\/AVION.jpg","width":1920,"height":1080,"caption":"AVI\u00f3N: HASTA EL MOMENTO EXISTEN M\u00c1S DE UN MILL\u00d3n DE DESPLAZADOS. INFOBAE"},{"@type":"BreadcrumbList","@id":"https:\/\/www.eldiario.net\/portal\/2023\/10\/18\/ddhh-de-la-onu-alerta-de-miles-de-desplazados-atrapados-en-gaza\/#breadcrumb","itemListElement":[{"@type":"ListItem","position":1,"name":"Portada","item":"https:\/\/www.eldiario.net\/portal\/"},{"@type":"ListItem","position":2,"name":"DDHH de la ONU alerta de miles de desplazados atrapados en Gaza"}]},{"@type":"WebSite","@id":"https:\/\/www.eldiario.net\/portal\/#website","url":"https:\/\/www.eldiario.net\/portal\/","name":"El Diario - Decano de la prensa nacional","description":"El Diario - Decano de la prensa nacional","publisher":{"@id":"https:\/\/www.eldiario.net\/portal\/#organization"},"potentialAction":[{"@type":"SearchAction","target":{"@type":"EntryPoint","urlTemplate":"https:\/\/www.eldiario.net\/portal\/?s={search_term_string}"},"query-input":{"@type":"PropertyValueSpecification","valueRequired":true,"valueName":"search_term_string"}}],"inLanguage":"es"},{"@type":"Organization","@id":"https:\/\/www.eldiario.net\/portal\/#organization","name":"El Diario - Decano de la prensa nacional","url":"https:\/\/www.eldiario.net\/portal\/","logo":{"@type":"ImageObject","inLanguage":"es","@id":"https:\/\/www.eldiario.net\/portal\/#\/schema\/logo\/image\/","url":"https:\/\/www.eldiario.net\/portal\/wp-content\/uploads\/2023\/07\/logo_ED.jpg","contentUrl":"https:\/\/www.eldiario.net\/portal\/wp-content\/uploads\/2023\/07\/logo_ED.jpg","width":272,"height":52,"caption":"El Diario - Decano de la prensa nacional"},"image":{"@id":"https:\/\/www.eldiario.net\/portal\/#\/schema\/logo\/image\/"},"sameAs":["https:\/\/www.facebook.com\/eldiario.bolivia\/","https:\/\/x.com\/eldiario_net"]},{"@type":"Person","@id":"https:\/\/www.eldiario.net\/portal\/#\/schema\/person\/f46445640444750d7d753ccd04ae01b7","name":"Jeanette","image":{"@type":"ImageObject","inLanguage":"es","@id":"https:\/\/secure.gravatar.com\/avatar\/3ea2118a5f7dad2b7138b1187a6b7ee55f160b9968b66013c3a3ef39dd7e5798?s=96&d=mm&r=g","url":"https:\/\/secure.gravatar.com\/avatar\/3ea2118a5f7dad2b7138b1187a6b7ee55f160b9968b66013c3a3ef39dd7e5798?s=96&d=mm&r=g","contentUrl":"https:\/\/secure.gravatar.com\/avatar\/3ea2118a5f7dad2b7138b1187a6b7ee55f160b9968b66013c3a3ef39dd7e5798?s=96&d=mm&r=g","caption":"Jeanette"},"sameAs":["https:\/\/www.eldiario.net\/portal"],"url":"https:\/\/www.eldiario.net\/portal\/author\/jeanette\/"}]}},"_links":{"self":[{"href":"https:\/\/www.eldiario.net\/portal\/wp-json\/wp\/v2\/posts\/182558","targetHints":{"allow":["GET"]}}],"collection":[{"href":"https:\/\/www.eldiario.net\/portal\/wp-json\/wp\/v2\/posts"}],"about":[{"href":"https:\/\/www.eldiario.net\/portal\/wp-json\/wp\/v2\/types\/post"}],"author":[{"embeddable":true,"href":"https:\/\/www.eldiario.net\/portal\/wp-json\/wp\/v2\/users\/1"}],"replies":[{"embeddable":true,"href":"https:\/\/www.eldiario.net\/portal\/wp-json\/wp\/v2\/comments?post=182558"}],"version-history":[{"count":0,"href":"https:\/\/www.eldiario.net\/portal\/wp-json\/wp\/v2\/posts\/182558\/revisions"}],"wp:featuredmedia":[{"embeddable":true,"href":"https:\/\/www.eldiario.net\/portal\/wp-json\/wp\/v2\/media\/182559"}],"wp:attachment":[{"href":"https:\/\/www.eldiario.net\/portal\/wp-json\/wp\/v2\/media?parent=182558"}],"wp:term":[{"taxonomy":"category","embeddable":true,"href":"https:\/\/www.eldiario.net\/portal\/wp-json\/wp\/v2\/categories?post=182558"},{"taxonomy":"post_tag","embeddable":true,"href":"https:\/\/www.eldiario.net\/portal\/wp-json\/wp\/v2\/tags?post=182558"}],"curies":[{"name":"wp","href":"https:\/\/api.w.org\/{rel}","templated":true}]}}