{"id":182555,"date":"2023-10-18T06:27:33","date_gmt":"2023-10-18T10:27:33","guid":{"rendered":"https:\/\/www.eldiario.net\/portal\/?p=182555"},"modified":"2023-10-18T06:27:33","modified_gmt":"2023-10-18T10:27:33","slug":"evacuan-palacio-de-versalles-por-una-amenaza-de-bomba","status":"publish","type":"post","link":"https:\/\/www.eldiario.net\/portal\/2023\/10\/18\/evacuan-palacio-de-versalles-por-una-amenaza-de-bomba\/","title":{"rendered":"Evacuan Palacio de Versalles  por una amenaza de bomba"},"content":{"rendered":"<p>El Palacio de Versalles fue nuevamente evacuado ayer tras una amenaza de bomba, y permaneci\u00f3 cerrado durante todo el d\u00eda, siendo esta actitud la segunda vez en tres d\u00edas.<br \/>\n\u201cPor razones de seguridad, el Palacio de Versalles evacu\u00f3 a los visitantes y cierra sus puertas\u201d, anunci\u00f3 el establecimiento en su cuenta X.<br \/>\nEl palacio tambi\u00e9n fue evacuado el s\u00e1bado por la tarde, luego de que una amenaza de bomba pasara a trav\u00e9s de un mensaje an\u00f3nimo, mientras Francia vive con miedo a ataques terroristas.<br \/>\nEse d\u00eda tambi\u00e9n fueron desalojados en Par\u00eds, el Museo del Louvre y la estaci\u00f3n de Lyon.<br \/>\nEstas alertas se producen en un momento en que se reforzaron las medidas de seguridad en Francia por el conflicto entre Israel y Ham\u00e1s, y en particular por el atentado yihadista el pasado viernes en un liceo de Arras, en el que un terrorista ruso originario del C\u00e1ucaso asesin\u00f3 con un arma blanca a un profesor e hiri\u00f3 a otras tres personas del centro.<br \/>\nEl Gobierno franc\u00e9s elev\u00f3 entonces el dispositivo de seguridad, en particular con el despliegue de 7.000 militares de la misi\u00f3n antiterrorista Centinela en apoyo de las fuerzas del orden.<br \/>\nMientras que el lunes, cuando se ten\u00edan que reanudar las clases tras el atentado, el mismo liceo Gambetta fue desalojado por otro aviso de bomba. Como en los otros casos, los artificieros no encontraron ning\u00fan artefacto.<br \/>\nFrancia elev\u00f3 su nivel de alerta el viernes tras un ataque en una escuela de la ciudad de Arras, en el noreste de Francia, inform\u00f3 la oficina de la primera ministra Elisabeth Borne.<br \/>\nEl nivel se elev\u00f3 despu\u00e9s de una reuni\u00f3n de seguridad a la que asisti\u00f3 el presidente Emmanuel Macron, dijo la oficina. El viernes temprano, un hombre de origen checheno mat\u00f3 a pu\u00f1aladas a un maestro e hiri\u00f3 gravemente a otros dos adultos en la ciudad de Arras.<br \/>\nEste nivel de alerta, el m\u00e1s alto del sistema de seguridad galo, se acarrea \u201cla m\u00e1xima vigilancia y protecci\u00f3n en caso de amenaza inminente de un acto terrorista o inmediatamente despu\u00e9s de un ataque\u201d.<br \/>\nDe acuerdo con el ministro del Interior de Francia, G\u00e9rald Darmanin, \u201cno existe ninguna amenaza concreta\u201d de ataque, si bien argument\u00f3 que esta medida se da ante la existencia de una atm\u00f3sfera extremadamente negativa.<br \/>\nEl Palacio de Versalles, emblem\u00e1tico monumento del siglo XVII, recibe cada a\u00f1o en torno a siete millones de personas, una cifra que sit\u00faa a este conjunto arquitect\u00f3nico como una de las atracciones tur\u00edsticas m\u00e1s visitadas del mundo.<br \/>\nEl s\u00e1bado tambi\u00e9n fue evacuado el Louvre, catalogado como el museo con m\u00e1s visitas del planeta.<br \/>\nAmbas evacuaciones suceden un d\u00eda m\u00e1s tarde de que el joven checheno Mohamed M. matase este viernes a cuchilladas al profesor de un liceo Dominique Bernard, de 57 a\u00f1os, dentro del instituto Gambetta de Arr\u00e1s (norte).<br \/>\nEn medio de la conmoci\u00f3n por este nuevo ataque islamista, la presidencia francesa inform\u00f3 que militares de la operaci\u00f3n \u201cSentinelle\u201d se desplegaron por todo el territorio franc\u00e9s en respuesta a la elevaci\u00f3n de la alerta terrorista.<br \/>\nDesde 2012, los atentados yihadistas en Francia mataron a 272 personas y heridos a 1.200, sobre todo en 2015 y 2016. (Infobae\/Afp\/Efe)<\/p>\n","protected":false},"excerpt":{"rendered":"<p>El Palacio de Versalles fue nuevamente evacuado ayer tras una amenaza de bomba, y permaneci\u00f3 cerrado durante todo el d\u00eda, siendo esta actitud la segunda vez en tres d\u00edas. \u201cPor razones de seguridad, el Palacio de Versalles evacu\u00f3 a los visitantes y cierra sus puertas\u201d, anunci\u00f3 el establecimiento en su cuenta X. El palacio tambi\u00e9n [&hellip;]<\/p>\n","protected":false},"author":1,"featured_media":182556,"comment_status":"closed","ping_status":"open","sticky":false,"template":"","format":"standard","meta":{"_acf_changed":false,"footnotes":""},"categories":[3],"tags":[],"class_list":["post-182555","post","type-post","status-publish","format-standard","has-post-thumbnail","category-internacional"],"acf":{"antetitulo":""},"yoast_head":"<!-- This site is optimized with the Yoast SEO plugin v28.3 - https:\/\/yoast.com\/product\/yoast-seo-wordpress\/ -->\n<title>Evacuan Palacio de Versalles por una amenaza de bomba - El Diario - Bolivia<\/title>\n<meta name=\"robots\" content=\"index, follow, max-snippet:-1, max-image-preview:large, max-video-preview:-1\" \/>\n<link rel=\"canonical\" href=\"https:\/\/www.eldiario.net\/portal\/2023\/10\/18\/evacuan-palacio-de-versalles-por-una-amenaza-de-bomba\/\" \/>\n<meta property=\"og:locale\" content=\"es_ES\" \/>\n<meta property=\"og:type\" content=\"article\" \/>\n<meta property=\"og:title\" content=\"Evacuan Palacio de Versalles por una amenaza de bomba - El Diario - Bolivia\" \/>\n<meta property=\"og:description\" content=\"El Palacio de Versalles fue nuevamente evacuado ayer tras una amenaza de bomba, y permaneci\u00f3 cerrado durante todo el d\u00eda, siendo esta actitud la segunda vez en tres d\u00edas. \u201cPor razones de seguridad, el Palacio de Versalles evacu\u00f3 a los visitantes y cierra sus puertas\u201d, anunci\u00f3 el establecimiento en su cuenta X. El palacio tambi\u00e9n [&hellip;]\" \/>\n<meta property=\"og:url\" content=\"https:\/\/www.eldiario.net\/portal\/2023\/10\/18\/evacuan-palacio-de-versalles-por-una-amenaza-de-bomba\/\" \/>\n<meta property=\"og:site_name\" content=\"El Diario - Bolivia\" \/>\n<meta property=\"article:publisher\" content=\"https:\/\/www.facebook.com\/eldiario.bolivia\/\" \/>\n<meta property=\"article:published_time\" content=\"2023-10-18T10:27:33+00:00\" \/>\n<meta property=\"og:image\" content=\"https:\/\/www.eldiario.net\/portal\/wp-content\/uploads\/2023\/10\/SALIDAS.jpg\" \/>\n\t<meta property=\"og:image:width\" content=\"1024\" \/>\n\t<meta property=\"og:image:height\" content=\"683\" \/>\n\t<meta property=\"og:image:type\" content=\"image\/jpeg\" \/>\n<meta name=\"author\" content=\"Jeanette\" \/>\n<meta name=\"twitter:card\" content=\"summary_large_image\" \/>\n<meta name=\"twitter:creator\" content=\"@eldiario_net\" \/>\n<meta name=\"twitter:site\" content=\"@eldiario_net\" \/>\n<meta name=\"twitter:label1\" content=\"Escrito por\" \/>\n\t<meta name=\"twitter:data1\" content=\"Jeanette\" \/>\n\t<meta name=\"twitter:label2\" content=\"Tiempo de lectura\" \/>\n\t<meta name=\"twitter:data2\" content=\"3 minutos\" \/>\n<script type=\"application\/ld+json\" class=\"yoast-schema-graph\">{\"@context\":\"https:\\\/\\\/schema.org\",\"@graph\":[{\"@type\":\"Article\",\"@id\":\"https:\\\/\\\/www.eldiario.net\\\/portal\\\/2023\\\/10\\\/18\\\/evacuan-palacio-de-versalles-por-una-amenaza-de-bomba\\\/#article\",\"isPartOf\":{\"@id\":\"https:\\\/\\\/www.eldiario.net\\\/portal\\\/2023\\\/10\\\/18\\\/evacuan-palacio-de-versalles-por-una-amenaza-de-bomba\\\/\"},\"author\":{\"name\":\"Jeanette\",\"@id\":\"https:\\\/\\\/www.eldiario.net\\\/portal\\\/#\\\/schema\\\/person\\\/f46445640444750d7d753ccd04ae01b7\"},\"headline\":\"Evacuan Palacio de Versalles por una amenaza de bomba\",\"datePublished\":\"2023-10-18T10:27:33+00:00\",\"mainEntityOfPage\":{\"@id\":\"https:\\\/\\\/www.eldiario.net\\\/portal\\\/2023\\\/10\\\/18\\\/evacuan-palacio-de-versalles-por-una-amenaza-de-bomba\\\/\"},\"wordCount\":570,\"publisher\":{\"@id\":\"https:\\\/\\\/www.eldiario.net\\\/portal\\\/#organization\"},\"image\":{\"@id\":\"https:\\\/\\\/www.eldiario.net\\\/portal\\\/2023\\\/10\\\/18\\\/evacuan-palacio-de-versalles-por-una-amenaza-de-bomba\\\/#primaryimage\"},\"thumbnailUrl\":\"https:\\\/\\\/www.eldiario.net\\\/portal\\\/wp-content\\\/uploads\\\/2023\\\/10\\\/SALIDAS.jpg\",\"articleSection\":[\"Internacional\"],\"inLanguage\":\"es\"},{\"@type\":\"WebPage\",\"@id\":\"https:\\\/\\\/www.eldiario.net\\\/portal\\\/2023\\\/10\\\/18\\\/evacuan-palacio-de-versalles-por-una-amenaza-de-bomba\\\/\",\"url\":\"https:\\\/\\\/www.eldiario.net\\\/portal\\\/2023\\\/10\\\/18\\\/evacuan-palacio-de-versalles-por-una-amenaza-de-bomba\\\/\",\"name\":\"Evacuan Palacio de Versalles por una amenaza de bomba - El Diario - Bolivia\",\"isPartOf\":{\"@id\":\"https:\\\/\\\/www.eldiario.net\\\/portal\\\/#website\"},\"primaryImageOfPage\":{\"@id\":\"https:\\\/\\\/www.eldiario.net\\\/portal\\\/2023\\\/10\\\/18\\\/evacuan-palacio-de-versalles-por-una-amenaza-de-bomba\\\/#primaryimage\"},\"image\":{\"@id\":\"https:\\\/\\\/www.eldiario.net\\\/portal\\\/2023\\\/10\\\/18\\\/evacuan-palacio-de-versalles-por-una-amenaza-de-bomba\\\/#primaryimage\"},\"thumbnailUrl\":\"https:\\\/\\\/www.eldiario.net\\\/portal\\\/wp-content\\\/uploads\\\/2023\\\/10\\\/SALIDAS.jpg\",\"datePublished\":\"2023-10-18T10:27:33+00:00\",\"breadcrumb\":{\"@id\":\"https:\\\/\\\/www.eldiario.net\\\/portal\\\/2023\\\/10\\\/18\\\/evacuan-palacio-de-versalles-por-una-amenaza-de-bomba\\\/#breadcrumb\"},\"inLanguage\":\"es\",\"potentialAction\":[{\"@type\":\"ReadAction\",\"target\":[\"https:\\\/\\\/www.eldiario.net\\\/portal\\\/2023\\\/10\\\/18\\\/evacuan-palacio-de-versalles-por-una-amenaza-de-bomba\\\/\"]}]},{\"@type\":\"ImageObject\",\"inLanguage\":\"es\",\"@id\":\"https:\\\/\\\/www.eldiario.net\\\/portal\\\/2023\\\/10\\\/18\\\/evacuan-palacio-de-versalles-por-una-amenaza-de-bomba\\\/#primaryimage\",\"url\":\"https:\\\/\\\/www.eldiario.net\\\/portal\\\/wp-content\\\/uploads\\\/2023\\\/10\\\/SALIDAS.jpg\",\"contentUrl\":\"https:\\\/\\\/www.eldiario.net\\\/portal\\\/wp-content\\\/uploads\\\/2023\\\/10\\\/SALIDAS.jpg\",\"width\":1024,\"height\":683,\"caption\":\"A PESAR DE QUE SE REFORZ\u00d3 LA SEGURIDAD, LA SITUACI\u00d3N ES PREOCUPANTE. Xeva Noticias\"},{\"@type\":\"BreadcrumbList\",\"@id\":\"https:\\\/\\\/www.eldiario.net\\\/portal\\\/2023\\\/10\\\/18\\\/evacuan-palacio-de-versalles-por-una-amenaza-de-bomba\\\/#breadcrumb\",\"itemListElement\":[{\"@type\":\"ListItem\",\"position\":1,\"name\":\"Portada\",\"item\":\"https:\\\/\\\/www.eldiario.net\\\/portal\\\/\"},{\"@type\":\"ListItem\",\"position\":2,\"name\":\"Evacuan Palacio de Versalles por una amenaza de bomba\"}]},{\"@type\":\"WebSite\",\"@id\":\"https:\\\/\\\/www.eldiario.net\\\/portal\\\/#website\",\"url\":\"https:\\\/\\\/www.eldiario.net\\\/portal\\\/\",\"name\":\"El Diario - Decano de la prensa nacional\",\"description\":\"El Diario - Decano de la prensa nacional\",\"publisher\":{\"@id\":\"https:\\\/\\\/www.eldiario.net\\\/portal\\\/#organization\"},\"potentialAction\":[{\"@type\":\"SearchAction\",\"target\":{\"@type\":\"EntryPoint\",\"urlTemplate\":\"https:\\\/\\\/www.eldiario.net\\\/portal\\\/?s={search_term_string}\"},\"query-input\":{\"@type\":\"PropertyValueSpecification\",\"valueRequired\":true,\"valueName\":\"search_term_string\"}}],\"inLanguage\":\"es\"},{\"@type\":\"Organization\",\"@id\":\"https:\\\/\\\/www.eldiario.net\\\/portal\\\/#organization\",\"name\":\"El Diario - Decano de la prensa nacional\",\"url\":\"https:\\\/\\\/www.eldiario.net\\\/portal\\\/\",\"logo\":{\"@type\":\"ImageObject\",\"inLanguage\":\"es\",\"@id\":\"https:\\\/\\\/www.eldiario.net\\\/portal\\\/#\\\/schema\\\/logo\\\/image\\\/\",\"url\":\"https:\\\/\\\/www.eldiario.net\\\/portal\\\/wp-content\\\/uploads\\\/2023\\\/07\\\/logo_ED.jpg\",\"contentUrl\":\"https:\\\/\\\/www.eldiario.net\\\/portal\\\/wp-content\\\/uploads\\\/2023\\\/07\\\/logo_ED.jpg\",\"width\":272,\"height\":52,\"caption\":\"El Diario - Decano de la prensa nacional\"},\"image\":{\"@id\":\"https:\\\/\\\/www.eldiario.net\\\/portal\\\/#\\\/schema\\\/logo\\\/image\\\/\"},\"sameAs\":[\"https:\\\/\\\/www.facebook.com\\\/eldiario.bolivia\\\/\",\"https:\\\/\\\/x.com\\\/eldiario_net\"]},{\"@type\":\"Person\",\"@id\":\"https:\\\/\\\/www.eldiario.net\\\/portal\\\/#\\\/schema\\\/person\\\/f46445640444750d7d753ccd04ae01b7\",\"name\":\"Jeanette\",\"image\":{\"@type\":\"ImageObject\",\"inLanguage\":\"es\",\"@id\":\"https:\\\/\\\/secure.gravatar.com\\\/avatar\\\/3ea2118a5f7dad2b7138b1187a6b7ee55f160b9968b66013c3a3ef39dd7e5798?s=96&d=mm&r=g\",\"url\":\"https:\\\/\\\/secure.gravatar.com\\\/avatar\\\/3ea2118a5f7dad2b7138b1187a6b7ee55f160b9968b66013c3a3ef39dd7e5798?s=96&d=mm&r=g\",\"contentUrl\":\"https:\\\/\\\/secure.gravatar.com\\\/avatar\\\/3ea2118a5f7dad2b7138b1187a6b7ee55f160b9968b66013c3a3ef39dd7e5798?s=96&d=mm&r=g\",\"caption\":\"Jeanette\"},\"sameAs\":[\"https:\\\/\\\/www.eldiario.net\\\/portal\"],\"url\":\"https:\\\/\\\/www.eldiario.net\\\/portal\\\/author\\\/jeanette\\\/\"}]}<\/script>\n<!-- \/ Yoast SEO plugin. -->","yoast_head_json":{"title":"Evacuan Palacio de Versalles por una amenaza de bomba - El Diario - Bolivia","robots":{"index":"index","follow":"follow","max-snippet":"max-snippet:-1","max-image-preview":"max-image-preview:large","max-video-preview":"max-video-preview:-1"},"canonical":"https:\/\/www.eldiario.net\/portal\/2023\/10\/18\/evacuan-palacio-de-versalles-por-una-amenaza-de-bomba\/","og_locale":"es_ES","og_type":"article","og_title":"Evacuan Palacio de Versalles por una amenaza de bomba - El Diario - Bolivia","og_description":"El Palacio de Versalles fue nuevamente evacuado ayer tras una amenaza de bomba, y permaneci\u00f3 cerrado durante todo el d\u00eda, siendo esta actitud la segunda vez en tres d\u00edas. \u201cPor razones de seguridad, el Palacio de Versalles evacu\u00f3 a los visitantes y cierra sus puertas\u201d, anunci\u00f3 el establecimiento en su cuenta X. El palacio tambi\u00e9n [&hellip;]","og_url":"https:\/\/www.eldiario.net\/portal\/2023\/10\/18\/evacuan-palacio-de-versalles-por-una-amenaza-de-bomba\/","og_site_name":"El Diario - Bolivia","article_publisher":"https:\/\/www.facebook.com\/eldiario.bolivia\/","article_published_time":"2023-10-18T10:27:33+00:00","og_image":[{"width":1024,"height":683,"url":"https:\/\/www.eldiario.net\/portal\/wp-content\/uploads\/2023\/10\/SALIDAS.jpg","type":"image\/jpeg"}],"author":"Jeanette","twitter_card":"summary_large_image","twitter_creator":"@eldiario_net","twitter_site":"@eldiario_net","twitter_misc":{"Escrito por":"Jeanette","Tiempo de lectura":"3 minutos"},"schema":{"@context":"https:\/\/schema.org","@graph":[{"@type":"Article","@id":"https:\/\/www.eldiario.net\/portal\/2023\/10\/18\/evacuan-palacio-de-versalles-por-una-amenaza-de-bomba\/#article","isPartOf":{"@id":"https:\/\/www.eldiario.net\/portal\/2023\/10\/18\/evacuan-palacio-de-versalles-por-una-amenaza-de-bomba\/"},"author":{"name":"Jeanette","@id":"https:\/\/www.eldiario.net\/portal\/#\/schema\/person\/f46445640444750d7d753ccd04ae01b7"},"headline":"Evacuan Palacio de Versalles por una amenaza de bomba","datePublished":"2023-10-18T10:27:33+00:00","mainEntityOfPage":{"@id":"https:\/\/www.eldiario.net\/portal\/2023\/10\/18\/evacuan-palacio-de-versalles-por-una-amenaza-de-bomba\/"},"wordCount":570,"publisher":{"@id":"https:\/\/www.eldiario.net\/portal\/#organization"},"image":{"@id":"https:\/\/www.eldiario.net\/portal\/2023\/10\/18\/evacuan-palacio-de-versalles-por-una-amenaza-de-bomba\/#primaryimage"},"thumbnailUrl":"https:\/\/www.eldiario.net\/portal\/wp-content\/uploads\/2023\/10\/SALIDAS.jpg","articleSection":["Internacional"],"inLanguage":"es"},{"@type":"WebPage","@id":"https:\/\/www.eldiario.net\/portal\/2023\/10\/18\/evacuan-palacio-de-versalles-por-una-amenaza-de-bomba\/","url":"https:\/\/www.eldiario.net\/portal\/2023\/10\/18\/evacuan-palacio-de-versalles-por-una-amenaza-de-bomba\/","name":"Evacuan Palacio de Versalles por una amenaza de bomba - El Diario - Bolivia","isPartOf":{"@id":"https:\/\/www.eldiario.net\/portal\/#website"},"primaryImageOfPage":{"@id":"https:\/\/www.eldiario.net\/portal\/2023\/10\/18\/evacuan-palacio-de-versalles-por-una-amenaza-de-bomba\/#primaryimage"},"image":{"@id":"https:\/\/www.eldiario.net\/portal\/2023\/10\/18\/evacuan-palacio-de-versalles-por-una-amenaza-de-bomba\/#primaryimage"},"thumbnailUrl":"https:\/\/www.eldiario.net\/portal\/wp-content\/uploads\/2023\/10\/SALIDAS.jpg","datePublished":"2023-10-18T10:27:33+00:00","breadcrumb":{"@id":"https:\/\/www.eldiario.net\/portal\/2023\/10\/18\/evacuan-palacio-de-versalles-por-una-amenaza-de-bomba\/#breadcrumb"},"inLanguage":"es","potentialAction":[{"@type":"ReadAction","target":["https:\/\/www.eldiario.net\/portal\/2023\/10\/18\/evacuan-palacio-de-versalles-por-una-amenaza-de-bomba\/"]}]},{"@type":"ImageObject","inLanguage":"es","@id":"https:\/\/www.eldiario.net\/portal\/2023\/10\/18\/evacuan-palacio-de-versalles-por-una-amenaza-de-bomba\/#primaryimage","url":"https:\/\/www.eldiario.net\/portal\/wp-content\/uploads\/2023\/10\/SALIDAS.jpg","contentUrl":"https:\/\/www.eldiario.net\/portal\/wp-content\/uploads\/2023\/10\/SALIDAS.jpg","width":1024,"height":683,"caption":"A PESAR DE QUE SE REFORZ\u00d3 LA SEGURIDAD, LA SITUACI\u00d3N ES PREOCUPANTE. Xeva Noticias"},{"@type":"BreadcrumbList","@id":"https:\/\/www.eldiario.net\/portal\/2023\/10\/18\/evacuan-palacio-de-versalles-por-una-amenaza-de-bomba\/#breadcrumb","itemListElement":[{"@type":"ListItem","position":1,"name":"Portada","item":"https:\/\/www.eldiario.net\/portal\/"},{"@type":"ListItem","position":2,"name":"Evacuan Palacio de Versalles por una amenaza de bomba"}]},{"@type":"WebSite","@id":"https:\/\/www.eldiario.net\/portal\/#website","url":"https:\/\/www.eldiario.net\/portal\/","name":"El Diario - Decano de la prensa nacional","description":"El Diario - Decano de la prensa nacional","publisher":{"@id":"https:\/\/www.eldiario.net\/portal\/#organization"},"potentialAction":[{"@type":"SearchAction","target":{"@type":"EntryPoint","urlTemplate":"https:\/\/www.eldiario.net\/portal\/?s={search_term_string}"},"query-input":{"@type":"PropertyValueSpecification","valueRequired":true,"valueName":"search_term_string"}}],"inLanguage":"es"},{"@type":"Organization","@id":"https:\/\/www.eldiario.net\/portal\/#organization","name":"El Diario - Decano de la prensa nacional","url":"https:\/\/www.eldiario.net\/portal\/","logo":{"@type":"ImageObject","inLanguage":"es","@id":"https:\/\/www.eldiario.net\/portal\/#\/schema\/logo\/image\/","url":"https:\/\/www.eldiario.net\/portal\/wp-content\/uploads\/2023\/07\/logo_ED.jpg","contentUrl":"https:\/\/www.eldiario.net\/portal\/wp-content\/uploads\/2023\/07\/logo_ED.jpg","width":272,"height":52,"caption":"El Diario - Decano de la prensa nacional"},"image":{"@id":"https:\/\/www.eldiario.net\/portal\/#\/schema\/logo\/image\/"},"sameAs":["https:\/\/www.facebook.com\/eldiario.bolivia\/","https:\/\/x.com\/eldiario_net"]},{"@type":"Person","@id":"https:\/\/www.eldiario.net\/portal\/#\/schema\/person\/f46445640444750d7d753ccd04ae01b7","name":"Jeanette","image":{"@type":"ImageObject","inLanguage":"es","@id":"https:\/\/secure.gravatar.com\/avatar\/3ea2118a5f7dad2b7138b1187a6b7ee55f160b9968b66013c3a3ef39dd7e5798?s=96&d=mm&r=g","url":"https:\/\/secure.gravatar.com\/avatar\/3ea2118a5f7dad2b7138b1187a6b7ee55f160b9968b66013c3a3ef39dd7e5798?s=96&d=mm&r=g","contentUrl":"https:\/\/secure.gravatar.com\/avatar\/3ea2118a5f7dad2b7138b1187a6b7ee55f160b9968b66013c3a3ef39dd7e5798?s=96&d=mm&r=g","caption":"Jeanette"},"sameAs":["https:\/\/www.eldiario.net\/portal"],"url":"https:\/\/www.eldiario.net\/portal\/author\/jeanette\/"}]}},"_links":{"self":[{"href":"https:\/\/www.eldiario.net\/portal\/wp-json\/wp\/v2\/posts\/182555","targetHints":{"allow":["GET"]}}],"collection":[{"href":"https:\/\/www.eldiario.net\/portal\/wp-json\/wp\/v2\/posts"}],"about":[{"href":"https:\/\/www.eldiario.net\/portal\/wp-json\/wp\/v2\/types\/post"}],"author":[{"embeddable":true,"href":"https:\/\/www.eldiario.net\/portal\/wp-json\/wp\/v2\/users\/1"}],"replies":[{"embeddable":true,"href":"https:\/\/www.eldiario.net\/portal\/wp-json\/wp\/v2\/comments?post=182555"}],"version-history":[{"count":0,"href":"https:\/\/www.eldiario.net\/portal\/wp-json\/wp\/v2\/posts\/182555\/revisions"}],"wp:featuredmedia":[{"embeddable":true,"href":"https:\/\/www.eldiario.net\/portal\/wp-json\/wp\/v2\/media\/182556"}],"wp:attachment":[{"href":"https:\/\/www.eldiario.net\/portal\/wp-json\/wp\/v2\/media?parent=182555"}],"wp:term":[{"taxonomy":"category","embeddable":true,"href":"https:\/\/www.eldiario.net\/portal\/wp-json\/wp\/v2\/categories?post=182555"},{"taxonomy":"post_tag","embeddable":true,"href":"https:\/\/www.eldiario.net\/portal\/wp-json\/wp\/v2\/tags?post=182555"}],"curies":[{"name":"wp","href":"https:\/\/api.w.org\/{rel}","templated":true}]}}