{"id":182553,"date":"2023-10-18T06:26:14","date_gmt":"2023-10-18T10:26:14","guid":{"rendered":"https:\/\/www.eldiario.net\/portal\/?p=182553"},"modified":"2023-10-18T06:26:14","modified_gmt":"2023-10-18T10:26:14","slug":"detienen-a-46-integrantes-de-carteles-y-destruyen-70-laboratorios-clandestinos","status":"publish","type":"post","link":"https:\/\/www.eldiario.net\/portal\/2023\/10\/18\/detienen-a-46-integrantes-de-carteles-y-destruyen-70-laboratorios-clandestinos\/","title":{"rendered":"Detienen a 46 integrantes de c\u00e1rteles  y destruyen 70 laboratorios clandestinos"},"content":{"rendered":"<p>Las primeras dos semanas de octubre dejaron un total de 46 integrantes del narcotr\u00e1fico detenidos, dio a conocer ayer el titular de la Secretar\u00eda de la Defensa Nacional (Sedena), Luis Cresencio Sandoval, quien se\u00f1al\u00f3 que 23 pertenecen a c\u00e1rteles conocidos, mientras que el resto forman parte de c\u00e9lulas delictivas independientes.<br \/>\nDurante una conferencia de prensa Sandoval inform\u00f3 que, entre el 3 y el 16 del mismo mes, integrantes de las Fuerzas Armadas y la Guardia Nacional (GN) lograron la detenci\u00f3n de 46 presuntos narcos.<br \/>\nDel total, nueve pertenec\u00edan al C\u00e1rtel Jalisco Nueva Generaci\u00f3n (CJNG). Cinco de ellos fueron aprehendidos en Jalisco, basti\u00f3n del grupo criminal liderado por Nemesio Oseguera Cervantes, alias El Mencho y cuatro en Guanajuato.<br \/>\n11 m\u00e1s fueron detenidos en San Luis Potos\u00ed, a quienes se les identific\u00f3 como integrantes del C\u00e1rtel del Golfo.<br \/>\nFinalmente, se detall\u00f3 que, en Guanajuato, se detuvo a tres personas vinculadas a La Uni\u00f3n de Le\u00f3n.<br \/>\nLos restantes pertenecen a cinco c\u00e9lulas independientes: 16 fueron aprehendidas en Michoac\u00e1n y siete en Guanajuato.<br \/>\nSedena asegura 70 laboratorios clandestinos<br \/>\nPor otra parte, Luis Cresencio Sandoval inform\u00f3 que, en el mismo periodo, se logr\u00f3 asegurar 70 laboratorios clandestinos de metanfetamina en distintos puntos del pa\u00eds, con lo cual se evit\u00f3 la producci\u00f3n de 169.3 toneladas de dicha droga.<br \/>\nAdem\u00e1s, durante las \u00faltimas dos semanas se decomisaron: 81.7 kilogramos de fentanilo, 24 mil 500.5 kilogramos de metanfetamina, 13.9 kilogramos de coca\u00edna, 5 mil 430 kilogramos de marihuana, 1 kg de hero\u00edna.<br \/>\nEl titular de la Sedena, tambi\u00e9n indic\u00f3 que se aseguraron 1.3 millones de pesos.<br \/>\nCabe destacar que, en las primeras dos semanas de octubre, se desplegaron 123 mil 309 elementos de la Guardia Nacional (GN) y 136 mil 431 de las Fuerzas Armadas para ayudar a la poblaci\u00f3n en diversas tareas, dando un total de 259 mil 740.<br \/>\n6 entidades concentran 47.3% de homicidios<br \/>\nDurante su intervenci\u00f3n, la titular de la Secretar\u00eda de Seguridad y Protecci\u00f3n Ciudadana (SSPC), Rosa Icela Rodr\u00edguez, dio a conocer que seis entidades concentran el 47.3% de los homicidios de todo el pa\u00eds en lo que va de 2023.<br \/>\nSe trata de Guanajuato, Estado de M\u00e9xico, Baja California, Chihuahua, Jalisco y Michoac\u00e1n. Les sigue Guerrero, Morelos, Sonora y Nuevo Le\u00f3n.<br \/>\nEntre enero y septiembre de 2023, las entidades que menos registraron asesinatos son: Baja California Sur, Yucat\u00e1n, Aguascalientes, Campeche y Durango. (Infobae)<\/p>\n","protected":false},"excerpt":{"rendered":"<p>Las primeras dos semanas de octubre dejaron un total de 46 integrantes del narcotr\u00e1fico detenidos, dio a conocer ayer el titular de la Secretar\u00eda de la Defensa Nacional (Sedena), Luis Cresencio Sandoval, quien se\u00f1al\u00f3 que 23 pertenecen a c\u00e1rteles conocidos, mientras que el resto forman parte de c\u00e9lulas delictivas independientes. Durante una conferencia de prensa [&hellip;]<\/p>\n","protected":false},"author":1,"featured_media":0,"comment_status":"closed","ping_status":"open","sticky":false,"template":"","format":"standard","meta":{"_acf_changed":false,"footnotes":""},"categories":[3],"tags":[],"class_list":["post-182553","post","type-post","status-publish","format-standard","category-internacional"],"acf":{"antetitulo":""},"yoast_head":"<!-- This site is optimized with the Yoast SEO plugin v28.3 - https:\/\/yoast.com\/product\/yoast-seo-wordpress\/ -->\n<title>Detienen a 46 integrantes de c\u00e1rteles y destruyen 70 laboratorios clandestinos - El Diario - Bolivia<\/title>\n<meta name=\"robots\" content=\"index, follow, max-snippet:-1, max-image-preview:large, max-video-preview:-1\" \/>\n<link rel=\"canonical\" href=\"https:\/\/www.eldiario.net\/portal\/2023\/10\/18\/detienen-a-46-integrantes-de-carteles-y-destruyen-70-laboratorios-clandestinos\/\" \/>\n<meta property=\"og:locale\" content=\"es_ES\" \/>\n<meta property=\"og:type\" content=\"article\" \/>\n<meta property=\"og:title\" content=\"Detienen a 46 integrantes de c\u00e1rteles y destruyen 70 laboratorios clandestinos - El Diario - Bolivia\" \/>\n<meta property=\"og:description\" content=\"Las primeras dos semanas de octubre dejaron un total de 46 integrantes del narcotr\u00e1fico detenidos, dio a conocer ayer el titular de la Secretar\u00eda de la Defensa Nacional (Sedena), Luis Cresencio Sandoval, quien se\u00f1al\u00f3 que 23 pertenecen a c\u00e1rteles conocidos, mientras que el resto forman parte de c\u00e9lulas delictivas independientes. Durante una conferencia de prensa [&hellip;]\" \/>\n<meta property=\"og:url\" content=\"https:\/\/www.eldiario.net\/portal\/2023\/10\/18\/detienen-a-46-integrantes-de-carteles-y-destruyen-70-laboratorios-clandestinos\/\" \/>\n<meta property=\"og:site_name\" content=\"El Diario - Bolivia\" \/>\n<meta property=\"article:publisher\" content=\"https:\/\/www.facebook.com\/eldiario.bolivia\/\" \/>\n<meta property=\"article:published_time\" content=\"2023-10-18T10:26:14+00:00\" \/>\n<meta name=\"author\" content=\"Jeanette\" \/>\n<meta name=\"twitter:card\" content=\"summary_large_image\" \/>\n<meta name=\"twitter:creator\" content=\"@eldiario_net\" \/>\n<meta name=\"twitter:site\" content=\"@eldiario_net\" \/>\n<meta name=\"twitter:label1\" content=\"Escrito por\" \/>\n\t<meta name=\"twitter:data1\" content=\"Jeanette\" \/>\n\t<meta name=\"twitter:label2\" content=\"Tiempo de lectura\" \/>\n\t<meta name=\"twitter:data2\" content=\"2 minutos\" \/>\n<script type=\"application\/ld+json\" class=\"yoast-schema-graph\">{\"@context\":\"https:\\\/\\\/schema.org\",\"@graph\":[{\"@type\":\"Article\",\"@id\":\"https:\\\/\\\/www.eldiario.net\\\/portal\\\/2023\\\/10\\\/18\\\/detienen-a-46-integrantes-de-carteles-y-destruyen-70-laboratorios-clandestinos\\\/#article\",\"isPartOf\":{\"@id\":\"https:\\\/\\\/www.eldiario.net\\\/portal\\\/2023\\\/10\\\/18\\\/detienen-a-46-integrantes-de-carteles-y-destruyen-70-laboratorios-clandestinos\\\/\"},\"author\":{\"name\":\"Jeanette\",\"@id\":\"https:\\\/\\\/www.eldiario.net\\\/portal\\\/#\\\/schema\\\/person\\\/f46445640444750d7d753ccd04ae01b7\"},\"headline\":\"Detienen a 46 integrantes de c\u00e1rteles y destruyen 70 laboratorios clandestinos\",\"datePublished\":\"2023-10-18T10:26:14+00:00\",\"mainEntityOfPage\":{\"@id\":\"https:\\\/\\\/www.eldiario.net\\\/portal\\\/2023\\\/10\\\/18\\\/detienen-a-46-integrantes-de-carteles-y-destruyen-70-laboratorios-clandestinos\\\/\"},\"wordCount\":403,\"publisher\":{\"@id\":\"https:\\\/\\\/www.eldiario.net\\\/portal\\\/#organization\"},\"articleSection\":[\"Internacional\"],\"inLanguage\":\"es\"},{\"@type\":\"WebPage\",\"@id\":\"https:\\\/\\\/www.eldiario.net\\\/portal\\\/2023\\\/10\\\/18\\\/detienen-a-46-integrantes-de-carteles-y-destruyen-70-laboratorios-clandestinos\\\/\",\"url\":\"https:\\\/\\\/www.eldiario.net\\\/portal\\\/2023\\\/10\\\/18\\\/detienen-a-46-integrantes-de-carteles-y-destruyen-70-laboratorios-clandestinos\\\/\",\"name\":\"Detienen a 46 integrantes de c\u00e1rteles y destruyen 70 laboratorios clandestinos - El Diario - Bolivia\",\"isPartOf\":{\"@id\":\"https:\\\/\\\/www.eldiario.net\\\/portal\\\/#website\"},\"datePublished\":\"2023-10-18T10:26:14+00:00\",\"breadcrumb\":{\"@id\":\"https:\\\/\\\/www.eldiario.net\\\/portal\\\/2023\\\/10\\\/18\\\/detienen-a-46-integrantes-de-carteles-y-destruyen-70-laboratorios-clandestinos\\\/#breadcrumb\"},\"inLanguage\":\"es\",\"potentialAction\":[{\"@type\":\"ReadAction\",\"target\":[\"https:\\\/\\\/www.eldiario.net\\\/portal\\\/2023\\\/10\\\/18\\\/detienen-a-46-integrantes-de-carteles-y-destruyen-70-laboratorios-clandestinos\\\/\"]}]},{\"@type\":\"BreadcrumbList\",\"@id\":\"https:\\\/\\\/www.eldiario.net\\\/portal\\\/2023\\\/10\\\/18\\\/detienen-a-46-integrantes-de-carteles-y-destruyen-70-laboratorios-clandestinos\\\/#breadcrumb\",\"itemListElement\":[{\"@type\":\"ListItem\",\"position\":1,\"name\":\"Portada\",\"item\":\"https:\\\/\\\/www.eldiario.net\\\/portal\\\/\"},{\"@type\":\"ListItem\",\"position\":2,\"name\":\"Detienen a 46 integrantes de c\u00e1rteles y destruyen 70 laboratorios clandestinos\"}]},{\"@type\":\"WebSite\",\"@id\":\"https:\\\/\\\/www.eldiario.net\\\/portal\\\/#website\",\"url\":\"https:\\\/\\\/www.eldiario.net\\\/portal\\\/\",\"name\":\"El Diario - Decano de la prensa nacional\",\"description\":\"El Diario - Decano de la prensa nacional\",\"publisher\":{\"@id\":\"https:\\\/\\\/www.eldiario.net\\\/portal\\\/#organization\"},\"potentialAction\":[{\"@type\":\"SearchAction\",\"target\":{\"@type\":\"EntryPoint\",\"urlTemplate\":\"https:\\\/\\\/www.eldiario.net\\\/portal\\\/?s={search_term_string}\"},\"query-input\":{\"@type\":\"PropertyValueSpecification\",\"valueRequired\":true,\"valueName\":\"search_term_string\"}}],\"inLanguage\":\"es\"},{\"@type\":\"Organization\",\"@id\":\"https:\\\/\\\/www.eldiario.net\\\/portal\\\/#organization\",\"name\":\"El Diario - Decano de la prensa nacional\",\"url\":\"https:\\\/\\\/www.eldiario.net\\\/portal\\\/\",\"logo\":{\"@type\":\"ImageObject\",\"inLanguage\":\"es\",\"@id\":\"https:\\\/\\\/www.eldiario.net\\\/portal\\\/#\\\/schema\\\/logo\\\/image\\\/\",\"url\":\"https:\\\/\\\/www.eldiario.net\\\/portal\\\/wp-content\\\/uploads\\\/2023\\\/07\\\/logo_ED.jpg\",\"contentUrl\":\"https:\\\/\\\/www.eldiario.net\\\/portal\\\/wp-content\\\/uploads\\\/2023\\\/07\\\/logo_ED.jpg\",\"width\":272,\"height\":52,\"caption\":\"El Diario - Decano de la prensa nacional\"},\"image\":{\"@id\":\"https:\\\/\\\/www.eldiario.net\\\/portal\\\/#\\\/schema\\\/logo\\\/image\\\/\"},\"sameAs\":[\"https:\\\/\\\/www.facebook.com\\\/eldiario.bolivia\\\/\",\"https:\\\/\\\/x.com\\\/eldiario_net\"]},{\"@type\":\"Person\",\"@id\":\"https:\\\/\\\/www.eldiario.net\\\/portal\\\/#\\\/schema\\\/person\\\/f46445640444750d7d753ccd04ae01b7\",\"name\":\"Jeanette\",\"image\":{\"@type\":\"ImageObject\",\"inLanguage\":\"es\",\"@id\":\"https:\\\/\\\/secure.gravatar.com\\\/avatar\\\/3ea2118a5f7dad2b7138b1187a6b7ee55f160b9968b66013c3a3ef39dd7e5798?s=96&d=mm&r=g\",\"url\":\"https:\\\/\\\/secure.gravatar.com\\\/avatar\\\/3ea2118a5f7dad2b7138b1187a6b7ee55f160b9968b66013c3a3ef39dd7e5798?s=96&d=mm&r=g\",\"contentUrl\":\"https:\\\/\\\/secure.gravatar.com\\\/avatar\\\/3ea2118a5f7dad2b7138b1187a6b7ee55f160b9968b66013c3a3ef39dd7e5798?s=96&d=mm&r=g\",\"caption\":\"Jeanette\"},\"sameAs\":[\"https:\\\/\\\/www.eldiario.net\\\/portal\"],\"url\":\"https:\\\/\\\/www.eldiario.net\\\/portal\\\/author\\\/jeanette\\\/\"}]}<\/script>\n<!-- \/ Yoast SEO plugin. -->","yoast_head_json":{"title":"Detienen a 46 integrantes de c\u00e1rteles y destruyen 70 laboratorios clandestinos - El Diario - Bolivia","robots":{"index":"index","follow":"follow","max-snippet":"max-snippet:-1","max-image-preview":"max-image-preview:large","max-video-preview":"max-video-preview:-1"},"canonical":"https:\/\/www.eldiario.net\/portal\/2023\/10\/18\/detienen-a-46-integrantes-de-carteles-y-destruyen-70-laboratorios-clandestinos\/","og_locale":"es_ES","og_type":"article","og_title":"Detienen a 46 integrantes de c\u00e1rteles y destruyen 70 laboratorios clandestinos - El Diario - Bolivia","og_description":"Las primeras dos semanas de octubre dejaron un total de 46 integrantes del narcotr\u00e1fico detenidos, dio a conocer ayer el titular de la Secretar\u00eda de la Defensa Nacional (Sedena), Luis Cresencio Sandoval, quien se\u00f1al\u00f3 que 23 pertenecen a c\u00e1rteles conocidos, mientras que el resto forman parte de c\u00e9lulas delictivas independientes. Durante una conferencia de prensa [&hellip;]","og_url":"https:\/\/www.eldiario.net\/portal\/2023\/10\/18\/detienen-a-46-integrantes-de-carteles-y-destruyen-70-laboratorios-clandestinos\/","og_site_name":"El Diario - Bolivia","article_publisher":"https:\/\/www.facebook.com\/eldiario.bolivia\/","article_published_time":"2023-10-18T10:26:14+00:00","author":"Jeanette","twitter_card":"summary_large_image","twitter_creator":"@eldiario_net","twitter_site":"@eldiario_net","twitter_misc":{"Escrito por":"Jeanette","Tiempo de lectura":"2 minutos"},"schema":{"@context":"https:\/\/schema.org","@graph":[{"@type":"Article","@id":"https:\/\/www.eldiario.net\/portal\/2023\/10\/18\/detienen-a-46-integrantes-de-carteles-y-destruyen-70-laboratorios-clandestinos\/#article","isPartOf":{"@id":"https:\/\/www.eldiario.net\/portal\/2023\/10\/18\/detienen-a-46-integrantes-de-carteles-y-destruyen-70-laboratorios-clandestinos\/"},"author":{"name":"Jeanette","@id":"https:\/\/www.eldiario.net\/portal\/#\/schema\/person\/f46445640444750d7d753ccd04ae01b7"},"headline":"Detienen a 46 integrantes de c\u00e1rteles y destruyen 70 laboratorios clandestinos","datePublished":"2023-10-18T10:26:14+00:00","mainEntityOfPage":{"@id":"https:\/\/www.eldiario.net\/portal\/2023\/10\/18\/detienen-a-46-integrantes-de-carteles-y-destruyen-70-laboratorios-clandestinos\/"},"wordCount":403,"publisher":{"@id":"https:\/\/www.eldiario.net\/portal\/#organization"},"articleSection":["Internacional"],"inLanguage":"es"},{"@type":"WebPage","@id":"https:\/\/www.eldiario.net\/portal\/2023\/10\/18\/detienen-a-46-integrantes-de-carteles-y-destruyen-70-laboratorios-clandestinos\/","url":"https:\/\/www.eldiario.net\/portal\/2023\/10\/18\/detienen-a-46-integrantes-de-carteles-y-destruyen-70-laboratorios-clandestinos\/","name":"Detienen a 46 integrantes de c\u00e1rteles y destruyen 70 laboratorios clandestinos - El Diario - Bolivia","isPartOf":{"@id":"https:\/\/www.eldiario.net\/portal\/#website"},"datePublished":"2023-10-18T10:26:14+00:00","breadcrumb":{"@id":"https:\/\/www.eldiario.net\/portal\/2023\/10\/18\/detienen-a-46-integrantes-de-carteles-y-destruyen-70-laboratorios-clandestinos\/#breadcrumb"},"inLanguage":"es","potentialAction":[{"@type":"ReadAction","target":["https:\/\/www.eldiario.net\/portal\/2023\/10\/18\/detienen-a-46-integrantes-de-carteles-y-destruyen-70-laboratorios-clandestinos\/"]}]},{"@type":"BreadcrumbList","@id":"https:\/\/www.eldiario.net\/portal\/2023\/10\/18\/detienen-a-46-integrantes-de-carteles-y-destruyen-70-laboratorios-clandestinos\/#breadcrumb","itemListElement":[{"@type":"ListItem","position":1,"name":"Portada","item":"https:\/\/www.eldiario.net\/portal\/"},{"@type":"ListItem","position":2,"name":"Detienen a 46 integrantes de c\u00e1rteles y destruyen 70 laboratorios clandestinos"}]},{"@type":"WebSite","@id":"https:\/\/www.eldiario.net\/portal\/#website","url":"https:\/\/www.eldiario.net\/portal\/","name":"El Diario - Decano de la prensa nacional","description":"El Diario - Decano de la prensa nacional","publisher":{"@id":"https:\/\/www.eldiario.net\/portal\/#organization"},"potentialAction":[{"@type":"SearchAction","target":{"@type":"EntryPoint","urlTemplate":"https:\/\/www.eldiario.net\/portal\/?s={search_term_string}"},"query-input":{"@type":"PropertyValueSpecification","valueRequired":true,"valueName":"search_term_string"}}],"inLanguage":"es"},{"@type":"Organization","@id":"https:\/\/www.eldiario.net\/portal\/#organization","name":"El Diario - Decano de la prensa nacional","url":"https:\/\/www.eldiario.net\/portal\/","logo":{"@type":"ImageObject","inLanguage":"es","@id":"https:\/\/www.eldiario.net\/portal\/#\/schema\/logo\/image\/","url":"https:\/\/www.eldiario.net\/portal\/wp-content\/uploads\/2023\/07\/logo_ED.jpg","contentUrl":"https:\/\/www.eldiario.net\/portal\/wp-content\/uploads\/2023\/07\/logo_ED.jpg","width":272,"height":52,"caption":"El Diario - Decano de la prensa nacional"},"image":{"@id":"https:\/\/www.eldiario.net\/portal\/#\/schema\/logo\/image\/"},"sameAs":["https:\/\/www.facebook.com\/eldiario.bolivia\/","https:\/\/x.com\/eldiario_net"]},{"@type":"Person","@id":"https:\/\/www.eldiario.net\/portal\/#\/schema\/person\/f46445640444750d7d753ccd04ae01b7","name":"Jeanette","image":{"@type":"ImageObject","inLanguage":"es","@id":"https:\/\/secure.gravatar.com\/avatar\/3ea2118a5f7dad2b7138b1187a6b7ee55f160b9968b66013c3a3ef39dd7e5798?s=96&d=mm&r=g","url":"https:\/\/secure.gravatar.com\/avatar\/3ea2118a5f7dad2b7138b1187a6b7ee55f160b9968b66013c3a3ef39dd7e5798?s=96&d=mm&r=g","contentUrl":"https:\/\/secure.gravatar.com\/avatar\/3ea2118a5f7dad2b7138b1187a6b7ee55f160b9968b66013c3a3ef39dd7e5798?s=96&d=mm&r=g","caption":"Jeanette"},"sameAs":["https:\/\/www.eldiario.net\/portal"],"url":"https:\/\/www.eldiario.net\/portal\/author\/jeanette\/"}]}},"_links":{"self":[{"href":"https:\/\/www.eldiario.net\/portal\/wp-json\/wp\/v2\/posts\/182553","targetHints":{"allow":["GET"]}}],"collection":[{"href":"https:\/\/www.eldiario.net\/portal\/wp-json\/wp\/v2\/posts"}],"about":[{"href":"https:\/\/www.eldiario.net\/portal\/wp-json\/wp\/v2\/types\/post"}],"author":[{"embeddable":true,"href":"https:\/\/www.eldiario.net\/portal\/wp-json\/wp\/v2\/users\/1"}],"replies":[{"embeddable":true,"href":"https:\/\/www.eldiario.net\/portal\/wp-json\/wp\/v2\/comments?post=182553"}],"version-history":[{"count":0,"href":"https:\/\/www.eldiario.net\/portal\/wp-json\/wp\/v2\/posts\/182553\/revisions"}],"wp:attachment":[{"href":"https:\/\/www.eldiario.net\/portal\/wp-json\/wp\/v2\/media?parent=182553"}],"wp:term":[{"taxonomy":"category","embeddable":true,"href":"https:\/\/www.eldiario.net\/portal\/wp-json\/wp\/v2\/categories?post=182553"},{"taxonomy":"post_tag","embeddable":true,"href":"https:\/\/www.eldiario.net\/portal\/wp-json\/wp\/v2\/tags?post=182553"}],"curies":[{"name":"wp","href":"https:\/\/api.w.org\/{rel}","templated":true}]}}