{"id":182549,"date":"2023-10-18T06:24:41","date_gmt":"2023-10-18T10:24:41","guid":{"rendered":"https:\/\/www.eldiario.net\/portal\/?p=182549"},"modified":"2023-10-18T06:24:41","modified_gmt":"2023-10-18T10:24:41","slug":"al-menos-mas-de-500-muertos-en-el-bombardeo-a-hospital-en-gaza","status":"publish","type":"post","link":"https:\/\/www.eldiario.net\/portal\/2023\/10\/18\/al-menos-mas-de-500-muertos-en-el-bombardeo-a-hospital-en-gaza\/","title":{"rendered":"Al menos m\u00e1s de 500 muertos en  el bombardeo a hospital en Gaza"},"content":{"rendered":"<p>M\u00e1s de 500 personas habr\u00edan fallecido en el hospital baptista Al Ahli en Ciudad de Gaza como consecuencia de un bombardeo de la aviaci\u00f3n israel\u00ed, en el momento de la agresi\u00f3n de la artiller\u00eda aproximadamente 4.000 personas se encontraban en el nosocomio.<br \/>\nDe confirmarse la muerte de todas estas personas ser\u00eda la acci\u00f3n m\u00e1s mort\u00edfera de la aviaci\u00f3n israel\u00ed desde el 2008. Antes de la matanza, el Gobierno del enclave hab\u00eda elevado a 3.000 el n\u00famero de muertos en Gaza.<br \/>\nFuentes locales citadas por la agencia palestina de noticias Maan, aseguraron que tras el bombardeo se desat\u00f3 un incendio en el hospital. La Media Luna Roja Palestina, tild\u00f3 el ataque de genocidio en la red social X, antes conocida como Twitter.<br \/>\nEl goteo internacional de declaraciones de condena del mort\u00edfero ataque fue incesante, Egipto, Jordania, Qatar, Canad\u00e1, la UE&#8230; Mientras, la investigaci\u00f3n inicial de las fuerzas armadas israel\u00eds apuntaba a que la explosi\u00f3n en el hospital fue causada por el lanzamiento fallido de un cohete de Ham\u00e1s, seg\u00fan i24News.<br \/>\nLa masacre se produce a solo unas horas de la llegada a Israel del presidente estadounidense, Joe Biden, con la intenci\u00f3n de contener a Beniamin Netanyahu. La visita de Biden es solidaria, pero la Casa Blanca espera anunciar que los civiles van a tener lo que necesitan y que la invasi\u00f3n terrestre no pondr\u00e1 sus vidas en m\u00e1s peligro del que ya estuvieron. Es lo que quieren escuchar los pa\u00edses \u00e1rabes y es lo que Biden dir\u00e1 en Am\u00e1n y El Cairo, las siguientes escalas de su gira.<br \/>\nEl Al Ahli es uno de los 22 hospitales que permanece abierto en el norte de la franja para atender las necesidades humanitarias de la poblaci\u00f3n, pese a las \u00f3rdenes de evacuaci\u00f3n, adem\u00e1s es el nosocomio donde fueron refugiados m\u00e1s heridos desde el inicio de la contieda. El Al Ahli opera bajo la direcci\u00f3n de la di\u00f3cesis episcopal de Jerusal\u00e9n, ya recibi\u00f3 el impacto de varios cohetes israel\u00edes el pasado 14 de octubre, seg\u00fan un comunicado de esta organizaci\u00f3n de la Iglesia protestante.<br \/>\nParte de los gazat\u00edes que hace unos d\u00edas atendieron el aviso del ej\u00e9rcito israel\u00ed para evacuar sus hogares y trasladarse al sur de la franja estaban volviendo al norte. Israel les aconsej\u00f3 irse por su seguridad, pero ayer volvi\u00f3 a quedar claro que no existe lugar seguro en toda la franja de Gaza.<br \/>\nLa aviaci\u00f3n bombarde\u00f3 Jan Yunis y Rafah, las dos principales poblaciones del sur, y mat\u00f3 a unas 72 personas, seg\u00fan fuentes sanitarias palestinas. Tambi\u00e9n murieron seis personas que se hab\u00edan refugiado en una escuela de la Agencia de las Naciones Unidas para los Refugiados de Palestina (Unrwa).<br \/>\nLa ONU calcula que hasta el momento por lo menos existen m\u00e1s de 600.000 desplazados en el sur, que se unen a la poblaci\u00f3n local y a las 400.000 personas que quedaron sin hogar. En Gaza viven unos 2,3 millones de personas y todas, las que est\u00e1n fuera de casa y las que se quedaron, en situaci\u00f3n desesperada.<br \/>\nLa OMS y la ONU no dejan de insistir en que el agua se termin\u00f3 y que hoy dejar\u00e1n de funcionar los generadores que iluminan los hospitales porque ya no tendr\u00e1n combustible. (La Vanguardia)<\/p>\n","protected":false},"excerpt":{"rendered":"<p>M\u00e1s de 500 personas habr\u00edan fallecido en el hospital baptista Al Ahli en Ciudad de Gaza como consecuencia de un bombardeo de la aviaci\u00f3n israel\u00ed, en el momento de la agresi\u00f3n de la artiller\u00eda aproximadamente 4.000 personas se encontraban en el nosocomio. De confirmarse la muerte de todas estas personas ser\u00eda la acci\u00f3n m\u00e1s mort\u00edfera [&hellip;]<\/p>\n","protected":false},"author":1,"featured_media":182550,"comment_status":"closed","ping_status":"open","sticky":false,"template":"","format":"standard","meta":{"_acf_changed":false,"footnotes":""},"categories":[3],"tags":[],"class_list":["post-182549","post","type-post","status-publish","format-standard","has-post-thumbnail","category-internacional"],"acf":{"antetitulo":""},"yoast_head":"<!-- This site is optimized with the Yoast SEO plugin v28.3 - https:\/\/yoast.com\/product\/yoast-seo-wordpress\/ -->\n<title>Al menos m\u00e1s de 500 muertos en el bombardeo a hospital en Gaza - El Diario - Bolivia<\/title>\n<meta name=\"robots\" content=\"index, follow, max-snippet:-1, max-image-preview:large, max-video-preview:-1\" \/>\n<link rel=\"canonical\" href=\"https:\/\/www.eldiario.net\/portal\/2023\/10\/18\/al-menos-mas-de-500-muertos-en-el-bombardeo-a-hospital-en-gaza\/\" \/>\n<meta property=\"og:locale\" content=\"es_ES\" \/>\n<meta property=\"og:type\" content=\"article\" \/>\n<meta property=\"og:title\" content=\"Al menos m\u00e1s de 500 muertos en el bombardeo a hospital en Gaza - El Diario - Bolivia\" \/>\n<meta property=\"og:description\" content=\"M\u00e1s de 500 personas habr\u00edan fallecido en el hospital baptista Al Ahli en Ciudad de Gaza como consecuencia de un bombardeo de la aviaci\u00f3n israel\u00ed, en el momento de la agresi\u00f3n de la artiller\u00eda aproximadamente 4.000 personas se encontraban en el nosocomio. De confirmarse la muerte de todas estas personas ser\u00eda la acci\u00f3n m\u00e1s mort\u00edfera [&hellip;]\" \/>\n<meta property=\"og:url\" content=\"https:\/\/www.eldiario.net\/portal\/2023\/10\/18\/al-menos-mas-de-500-muertos-en-el-bombardeo-a-hospital-en-gaza\/\" \/>\n<meta property=\"og:site_name\" content=\"El Diario - Bolivia\" \/>\n<meta property=\"article:publisher\" content=\"https:\/\/www.facebook.com\/eldiario.bolivia\/\" \/>\n<meta property=\"article:published_time\" content=\"2023-10-18T10:24:41+00:00\" \/>\n<meta property=\"og:image\" content=\"https:\/\/www.eldiario.net\/portal\/wp-content\/uploads\/2023\/10\/MULTI.jpg\" \/>\n\t<meta property=\"og:image:width\" content=\"1200\" \/>\n\t<meta property=\"og:image:height\" content=\"800\" \/>\n\t<meta property=\"og:image:type\" content=\"image\/jpeg\" \/>\n<meta name=\"author\" content=\"Jeanette\" \/>\n<meta name=\"twitter:card\" content=\"summary_large_image\" \/>\n<meta name=\"twitter:creator\" content=\"@eldiario_net\" \/>\n<meta name=\"twitter:site\" content=\"@eldiario_net\" \/>\n<meta name=\"twitter:label1\" content=\"Escrito por\" \/>\n\t<meta name=\"twitter:data1\" content=\"Jeanette\" \/>\n\t<meta name=\"twitter:label2\" content=\"Tiempo de lectura\" \/>\n\t<meta name=\"twitter:data2\" content=\"3 minutos\" \/>\n<script type=\"application\/ld+json\" class=\"yoast-schema-graph\">{\"@context\":\"https:\\\/\\\/schema.org\",\"@graph\":[{\"@type\":\"Article\",\"@id\":\"https:\\\/\\\/www.eldiario.net\\\/portal\\\/2023\\\/10\\\/18\\\/al-menos-mas-de-500-muertos-en-el-bombardeo-a-hospital-en-gaza\\\/#article\",\"isPartOf\":{\"@id\":\"https:\\\/\\\/www.eldiario.net\\\/portal\\\/2023\\\/10\\\/18\\\/al-menos-mas-de-500-muertos-en-el-bombardeo-a-hospital-en-gaza\\\/\"},\"author\":{\"name\":\"Jeanette\",\"@id\":\"https:\\\/\\\/www.eldiario.net\\\/portal\\\/#\\\/schema\\\/person\\\/f46445640444750d7d753ccd04ae01b7\"},\"headline\":\"Al menos m\u00e1s de 500 muertos en el bombardeo a hospital en Gaza\",\"datePublished\":\"2023-10-18T10:24:41+00:00\",\"mainEntityOfPage\":{\"@id\":\"https:\\\/\\\/www.eldiario.net\\\/portal\\\/2023\\\/10\\\/18\\\/al-menos-mas-de-500-muertos-en-el-bombardeo-a-hospital-en-gaza\\\/\"},\"wordCount\":582,\"publisher\":{\"@id\":\"https:\\\/\\\/www.eldiario.net\\\/portal\\\/#organization\"},\"image\":{\"@id\":\"https:\\\/\\\/www.eldiario.net\\\/portal\\\/2023\\\/10\\\/18\\\/al-menos-mas-de-500-muertos-en-el-bombardeo-a-hospital-en-gaza\\\/#primaryimage\"},\"thumbnailUrl\":\"https:\\\/\\\/www.eldiario.net\\\/portal\\\/wp-content\\\/uploads\\\/2023\\\/10\\\/MULTI.jpg\",\"articleSection\":[\"Internacional\"],\"inLanguage\":\"es\"},{\"@type\":\"WebPage\",\"@id\":\"https:\\\/\\\/www.eldiario.net\\\/portal\\\/2023\\\/10\\\/18\\\/al-menos-mas-de-500-muertos-en-el-bombardeo-a-hospital-en-gaza\\\/\",\"url\":\"https:\\\/\\\/www.eldiario.net\\\/portal\\\/2023\\\/10\\\/18\\\/al-menos-mas-de-500-muertos-en-el-bombardeo-a-hospital-en-gaza\\\/\",\"name\":\"Al menos m\u00e1s de 500 muertos en el bombardeo a hospital en Gaza - El Diario - Bolivia\",\"isPartOf\":{\"@id\":\"https:\\\/\\\/www.eldiario.net\\\/portal\\\/#website\"},\"primaryImageOfPage\":{\"@id\":\"https:\\\/\\\/www.eldiario.net\\\/portal\\\/2023\\\/10\\\/18\\\/al-menos-mas-de-500-muertos-en-el-bombardeo-a-hospital-en-gaza\\\/#primaryimage\"},\"image\":{\"@id\":\"https:\\\/\\\/www.eldiario.net\\\/portal\\\/2023\\\/10\\\/18\\\/al-menos-mas-de-500-muertos-en-el-bombardeo-a-hospital-en-gaza\\\/#primaryimage\"},\"thumbnailUrl\":\"https:\\\/\\\/www.eldiario.net\\\/portal\\\/wp-content\\\/uploads\\\/2023\\\/10\\\/MULTI.jpg\",\"datePublished\":\"2023-10-18T10:24:41+00:00\",\"breadcrumb\":{\"@id\":\"https:\\\/\\\/www.eldiario.net\\\/portal\\\/2023\\\/10\\\/18\\\/al-menos-mas-de-500-muertos-en-el-bombardeo-a-hospital-en-gaza\\\/#breadcrumb\"},\"inLanguage\":\"es\",\"potentialAction\":[{\"@type\":\"ReadAction\",\"target\":[\"https:\\\/\\\/www.eldiario.net\\\/portal\\\/2023\\\/10\\\/18\\\/al-menos-mas-de-500-muertos-en-el-bombardeo-a-hospital-en-gaza\\\/\"]}]},{\"@type\":\"ImageObject\",\"inLanguage\":\"es\",\"@id\":\"https:\\\/\\\/www.eldiario.net\\\/portal\\\/2023\\\/10\\\/18\\\/al-menos-mas-de-500-muertos-en-el-bombardeo-a-hospital-en-gaza\\\/#primaryimage\",\"url\":\"https:\\\/\\\/www.eldiario.net\\\/portal\\\/wp-content\\\/uploads\\\/2023\\\/10\\\/MULTI.jpg\",\"contentUrl\":\"https:\\\/\\\/www.eldiario.net\\\/portal\\\/wp-content\\\/uploads\\\/2023\\\/10\\\/MULTI.jpg\",\"width\":1200,\"height\":800,\"caption\":\"TRAS EL BOMBARDEO SE DESAT\u00d3 UN INCENDIO EN EL HOSPITAL. Los \u00c1ngeles Time\"},{\"@type\":\"BreadcrumbList\",\"@id\":\"https:\\\/\\\/www.eldiario.net\\\/portal\\\/2023\\\/10\\\/18\\\/al-menos-mas-de-500-muertos-en-el-bombardeo-a-hospital-en-gaza\\\/#breadcrumb\",\"itemListElement\":[{\"@type\":\"ListItem\",\"position\":1,\"name\":\"Portada\",\"item\":\"https:\\\/\\\/www.eldiario.net\\\/portal\\\/\"},{\"@type\":\"ListItem\",\"position\":2,\"name\":\"Al menos m\u00e1s de 500 muertos en el bombardeo a hospital en Gaza\"}]},{\"@type\":\"WebSite\",\"@id\":\"https:\\\/\\\/www.eldiario.net\\\/portal\\\/#website\",\"url\":\"https:\\\/\\\/www.eldiario.net\\\/portal\\\/\",\"name\":\"El Diario - Decano de la prensa nacional\",\"description\":\"El Diario - Decano de la prensa nacional\",\"publisher\":{\"@id\":\"https:\\\/\\\/www.eldiario.net\\\/portal\\\/#organization\"},\"potentialAction\":[{\"@type\":\"SearchAction\",\"target\":{\"@type\":\"EntryPoint\",\"urlTemplate\":\"https:\\\/\\\/www.eldiario.net\\\/portal\\\/?s={search_term_string}\"},\"query-input\":{\"@type\":\"PropertyValueSpecification\",\"valueRequired\":true,\"valueName\":\"search_term_string\"}}],\"inLanguage\":\"es\"},{\"@type\":\"Organization\",\"@id\":\"https:\\\/\\\/www.eldiario.net\\\/portal\\\/#organization\",\"name\":\"El Diario - Decano de la prensa nacional\",\"url\":\"https:\\\/\\\/www.eldiario.net\\\/portal\\\/\",\"logo\":{\"@type\":\"ImageObject\",\"inLanguage\":\"es\",\"@id\":\"https:\\\/\\\/www.eldiario.net\\\/portal\\\/#\\\/schema\\\/logo\\\/image\\\/\",\"url\":\"https:\\\/\\\/www.eldiario.net\\\/portal\\\/wp-content\\\/uploads\\\/2023\\\/07\\\/logo_ED.jpg\",\"contentUrl\":\"https:\\\/\\\/www.eldiario.net\\\/portal\\\/wp-content\\\/uploads\\\/2023\\\/07\\\/logo_ED.jpg\",\"width\":272,\"height\":52,\"caption\":\"El Diario - Decano de la prensa nacional\"},\"image\":{\"@id\":\"https:\\\/\\\/www.eldiario.net\\\/portal\\\/#\\\/schema\\\/logo\\\/image\\\/\"},\"sameAs\":[\"https:\\\/\\\/www.facebook.com\\\/eldiario.bolivia\\\/\",\"https:\\\/\\\/x.com\\\/eldiario_net\"]},{\"@type\":\"Person\",\"@id\":\"https:\\\/\\\/www.eldiario.net\\\/portal\\\/#\\\/schema\\\/person\\\/f46445640444750d7d753ccd04ae01b7\",\"name\":\"Jeanette\",\"image\":{\"@type\":\"ImageObject\",\"inLanguage\":\"es\",\"@id\":\"https:\\\/\\\/secure.gravatar.com\\\/avatar\\\/3ea2118a5f7dad2b7138b1187a6b7ee55f160b9968b66013c3a3ef39dd7e5798?s=96&d=mm&r=g\",\"url\":\"https:\\\/\\\/secure.gravatar.com\\\/avatar\\\/3ea2118a5f7dad2b7138b1187a6b7ee55f160b9968b66013c3a3ef39dd7e5798?s=96&d=mm&r=g\",\"contentUrl\":\"https:\\\/\\\/secure.gravatar.com\\\/avatar\\\/3ea2118a5f7dad2b7138b1187a6b7ee55f160b9968b66013c3a3ef39dd7e5798?s=96&d=mm&r=g\",\"caption\":\"Jeanette\"},\"sameAs\":[\"https:\\\/\\\/www.eldiario.net\\\/portal\"],\"url\":\"https:\\\/\\\/www.eldiario.net\\\/portal\\\/author\\\/jeanette\\\/\"}]}<\/script>\n<!-- \/ Yoast SEO plugin. -->","yoast_head_json":{"title":"Al menos m\u00e1s de 500 muertos en el bombardeo a hospital en Gaza - El Diario - Bolivia","robots":{"index":"index","follow":"follow","max-snippet":"max-snippet:-1","max-image-preview":"max-image-preview:large","max-video-preview":"max-video-preview:-1"},"canonical":"https:\/\/www.eldiario.net\/portal\/2023\/10\/18\/al-menos-mas-de-500-muertos-en-el-bombardeo-a-hospital-en-gaza\/","og_locale":"es_ES","og_type":"article","og_title":"Al menos m\u00e1s de 500 muertos en el bombardeo a hospital en Gaza - El Diario - Bolivia","og_description":"M\u00e1s de 500 personas habr\u00edan fallecido en el hospital baptista Al Ahli en Ciudad de Gaza como consecuencia de un bombardeo de la aviaci\u00f3n israel\u00ed, en el momento de la agresi\u00f3n de la artiller\u00eda aproximadamente 4.000 personas se encontraban en el nosocomio. De confirmarse la muerte de todas estas personas ser\u00eda la acci\u00f3n m\u00e1s mort\u00edfera [&hellip;]","og_url":"https:\/\/www.eldiario.net\/portal\/2023\/10\/18\/al-menos-mas-de-500-muertos-en-el-bombardeo-a-hospital-en-gaza\/","og_site_name":"El Diario - Bolivia","article_publisher":"https:\/\/www.facebook.com\/eldiario.bolivia\/","article_published_time":"2023-10-18T10:24:41+00:00","og_image":[{"width":1200,"height":800,"url":"https:\/\/www.eldiario.net\/portal\/wp-content\/uploads\/2023\/10\/MULTI.jpg","type":"image\/jpeg"}],"author":"Jeanette","twitter_card":"summary_large_image","twitter_creator":"@eldiario_net","twitter_site":"@eldiario_net","twitter_misc":{"Escrito por":"Jeanette","Tiempo de lectura":"3 minutos"},"schema":{"@context":"https:\/\/schema.org","@graph":[{"@type":"Article","@id":"https:\/\/www.eldiario.net\/portal\/2023\/10\/18\/al-menos-mas-de-500-muertos-en-el-bombardeo-a-hospital-en-gaza\/#article","isPartOf":{"@id":"https:\/\/www.eldiario.net\/portal\/2023\/10\/18\/al-menos-mas-de-500-muertos-en-el-bombardeo-a-hospital-en-gaza\/"},"author":{"name":"Jeanette","@id":"https:\/\/www.eldiario.net\/portal\/#\/schema\/person\/f46445640444750d7d753ccd04ae01b7"},"headline":"Al menos m\u00e1s de 500 muertos en el bombardeo a hospital en Gaza","datePublished":"2023-10-18T10:24:41+00:00","mainEntityOfPage":{"@id":"https:\/\/www.eldiario.net\/portal\/2023\/10\/18\/al-menos-mas-de-500-muertos-en-el-bombardeo-a-hospital-en-gaza\/"},"wordCount":582,"publisher":{"@id":"https:\/\/www.eldiario.net\/portal\/#organization"},"image":{"@id":"https:\/\/www.eldiario.net\/portal\/2023\/10\/18\/al-menos-mas-de-500-muertos-en-el-bombardeo-a-hospital-en-gaza\/#primaryimage"},"thumbnailUrl":"https:\/\/www.eldiario.net\/portal\/wp-content\/uploads\/2023\/10\/MULTI.jpg","articleSection":["Internacional"],"inLanguage":"es"},{"@type":"WebPage","@id":"https:\/\/www.eldiario.net\/portal\/2023\/10\/18\/al-menos-mas-de-500-muertos-en-el-bombardeo-a-hospital-en-gaza\/","url":"https:\/\/www.eldiario.net\/portal\/2023\/10\/18\/al-menos-mas-de-500-muertos-en-el-bombardeo-a-hospital-en-gaza\/","name":"Al menos m\u00e1s de 500 muertos en el bombardeo a hospital en Gaza - El Diario - Bolivia","isPartOf":{"@id":"https:\/\/www.eldiario.net\/portal\/#website"},"primaryImageOfPage":{"@id":"https:\/\/www.eldiario.net\/portal\/2023\/10\/18\/al-menos-mas-de-500-muertos-en-el-bombardeo-a-hospital-en-gaza\/#primaryimage"},"image":{"@id":"https:\/\/www.eldiario.net\/portal\/2023\/10\/18\/al-menos-mas-de-500-muertos-en-el-bombardeo-a-hospital-en-gaza\/#primaryimage"},"thumbnailUrl":"https:\/\/www.eldiario.net\/portal\/wp-content\/uploads\/2023\/10\/MULTI.jpg","datePublished":"2023-10-18T10:24:41+00:00","breadcrumb":{"@id":"https:\/\/www.eldiario.net\/portal\/2023\/10\/18\/al-menos-mas-de-500-muertos-en-el-bombardeo-a-hospital-en-gaza\/#breadcrumb"},"inLanguage":"es","potentialAction":[{"@type":"ReadAction","target":["https:\/\/www.eldiario.net\/portal\/2023\/10\/18\/al-menos-mas-de-500-muertos-en-el-bombardeo-a-hospital-en-gaza\/"]}]},{"@type":"ImageObject","inLanguage":"es","@id":"https:\/\/www.eldiario.net\/portal\/2023\/10\/18\/al-menos-mas-de-500-muertos-en-el-bombardeo-a-hospital-en-gaza\/#primaryimage","url":"https:\/\/www.eldiario.net\/portal\/wp-content\/uploads\/2023\/10\/MULTI.jpg","contentUrl":"https:\/\/www.eldiario.net\/portal\/wp-content\/uploads\/2023\/10\/MULTI.jpg","width":1200,"height":800,"caption":"TRAS EL BOMBARDEO SE DESAT\u00d3 UN INCENDIO EN EL HOSPITAL. Los \u00c1ngeles Time"},{"@type":"BreadcrumbList","@id":"https:\/\/www.eldiario.net\/portal\/2023\/10\/18\/al-menos-mas-de-500-muertos-en-el-bombardeo-a-hospital-en-gaza\/#breadcrumb","itemListElement":[{"@type":"ListItem","position":1,"name":"Portada","item":"https:\/\/www.eldiario.net\/portal\/"},{"@type":"ListItem","position":2,"name":"Al menos m\u00e1s de 500 muertos en el bombardeo a hospital en Gaza"}]},{"@type":"WebSite","@id":"https:\/\/www.eldiario.net\/portal\/#website","url":"https:\/\/www.eldiario.net\/portal\/","name":"El Diario - Decano de la prensa nacional","description":"El Diario - Decano de la prensa nacional","publisher":{"@id":"https:\/\/www.eldiario.net\/portal\/#organization"},"potentialAction":[{"@type":"SearchAction","target":{"@type":"EntryPoint","urlTemplate":"https:\/\/www.eldiario.net\/portal\/?s={search_term_string}"},"query-input":{"@type":"PropertyValueSpecification","valueRequired":true,"valueName":"search_term_string"}}],"inLanguage":"es"},{"@type":"Organization","@id":"https:\/\/www.eldiario.net\/portal\/#organization","name":"El Diario - Decano de la prensa nacional","url":"https:\/\/www.eldiario.net\/portal\/","logo":{"@type":"ImageObject","inLanguage":"es","@id":"https:\/\/www.eldiario.net\/portal\/#\/schema\/logo\/image\/","url":"https:\/\/www.eldiario.net\/portal\/wp-content\/uploads\/2023\/07\/logo_ED.jpg","contentUrl":"https:\/\/www.eldiario.net\/portal\/wp-content\/uploads\/2023\/07\/logo_ED.jpg","width":272,"height":52,"caption":"El Diario - Decano de la prensa nacional"},"image":{"@id":"https:\/\/www.eldiario.net\/portal\/#\/schema\/logo\/image\/"},"sameAs":["https:\/\/www.facebook.com\/eldiario.bolivia\/","https:\/\/x.com\/eldiario_net"]},{"@type":"Person","@id":"https:\/\/www.eldiario.net\/portal\/#\/schema\/person\/f46445640444750d7d753ccd04ae01b7","name":"Jeanette","image":{"@type":"ImageObject","inLanguage":"es","@id":"https:\/\/secure.gravatar.com\/avatar\/3ea2118a5f7dad2b7138b1187a6b7ee55f160b9968b66013c3a3ef39dd7e5798?s=96&d=mm&r=g","url":"https:\/\/secure.gravatar.com\/avatar\/3ea2118a5f7dad2b7138b1187a6b7ee55f160b9968b66013c3a3ef39dd7e5798?s=96&d=mm&r=g","contentUrl":"https:\/\/secure.gravatar.com\/avatar\/3ea2118a5f7dad2b7138b1187a6b7ee55f160b9968b66013c3a3ef39dd7e5798?s=96&d=mm&r=g","caption":"Jeanette"},"sameAs":["https:\/\/www.eldiario.net\/portal"],"url":"https:\/\/www.eldiario.net\/portal\/author\/jeanette\/"}]}},"_links":{"self":[{"href":"https:\/\/www.eldiario.net\/portal\/wp-json\/wp\/v2\/posts\/182549","targetHints":{"allow":["GET"]}}],"collection":[{"href":"https:\/\/www.eldiario.net\/portal\/wp-json\/wp\/v2\/posts"}],"about":[{"href":"https:\/\/www.eldiario.net\/portal\/wp-json\/wp\/v2\/types\/post"}],"author":[{"embeddable":true,"href":"https:\/\/www.eldiario.net\/portal\/wp-json\/wp\/v2\/users\/1"}],"replies":[{"embeddable":true,"href":"https:\/\/www.eldiario.net\/portal\/wp-json\/wp\/v2\/comments?post=182549"}],"version-history":[{"count":0,"href":"https:\/\/www.eldiario.net\/portal\/wp-json\/wp\/v2\/posts\/182549\/revisions"}],"wp:featuredmedia":[{"embeddable":true,"href":"https:\/\/www.eldiario.net\/portal\/wp-json\/wp\/v2\/media\/182550"}],"wp:attachment":[{"href":"https:\/\/www.eldiario.net\/portal\/wp-json\/wp\/v2\/media?parent=182549"}],"wp:term":[{"taxonomy":"category","embeddable":true,"href":"https:\/\/www.eldiario.net\/portal\/wp-json\/wp\/v2\/categories?post=182549"},{"taxonomy":"post_tag","embeddable":true,"href":"https:\/\/www.eldiario.net\/portal\/wp-json\/wp\/v2\/tags?post=182549"}],"curies":[{"name":"wp","href":"https:\/\/api.w.org\/{rel}","templated":true}]}}