{"id":182544,"date":"2023-10-18T06:19:20","date_gmt":"2023-10-18T10:19:20","guid":{"rendered":"https:\/\/www.eldiario.net\/portal\/?p=182544"},"modified":"2023-10-18T06:19:20","modified_gmt":"2023-10-18T10:19:20","slug":"ucrania-usa-por-primera-vez-los-misiles-estadounidenses-atacms","status":"publish","type":"post","link":"https:\/\/www.eldiario.net\/portal\/2023\/10\/18\/ucrania-usa-por-primera-vez-los-misiles-estadounidenses-atacms\/","title":{"rendered":"Ucrania usa por primera vez los misiles estadounidenses Atacms"},"content":{"rendered":"<p>Ucrania lanz\u00f3 ayer misiles Atacms de largo alcance contra las fuerzas rusas, lo que supone la primera vez que estas armas proporcionadas por Estados Unidos se utilizan en el conflicto ucraniano, seg\u00fan revel\u00f3 Wall Street Journal, luego que Kiev anunciara haber atacado aer\u00f3dromos en el sur y el este del pa\u00eds ocupados por Rusia.<br \/>\nUn peque\u00f1o n\u00famero de misiles fue enviado en secreto a Ucrania en los \u00faltimos d\u00edas, donde aumentar\u00e1n la capacidad de Kiev para llevar a cabo ataques de largo alcance contra las fuerzas rusas durante una etapa importante de su contraofensiva, seg\u00fan personas familiarizadas con el asunto citadas por el diario.<br \/>\nUcrania lleva mucho tiempo buscando el Atacms, un misil tierra-tierra que puede atacar muy por detr\u00e1s de las l\u00edneas rusas y que puede ser disparado por los lanzadores Himars, o Sistema de Cohetes de Artiller\u00eda de Alta Movilidad, que Estados Unidos proporcion\u00f3 al pa\u00eds.<br \/>\nAyer, Ucrania declar\u00f3 que hab\u00eda atacado durante la noche aer\u00f3dromos en el sur y el este del pa\u00eds ocupados por Rusia, afirmando que la \u201cexitosa operaci\u00f3n\u201d hab\u00eda destruido varios helic\u00f3pteros.<br \/>\nEn una misi\u00f3n bautizada como \u201cOperaci\u00f3n Lib\u00e9lula\u201d, las fuerzas especiales de Kiev afirmaron en las redes sociales que hab\u00edan atacado aer\u00f3dromos en el sur de Berdyansk y el este de Lugansk.<br \/>\nEl aeropuerto de Berdyansk, situado al norte de la ciudad, dista entre 110 y 120 km del territorio controlado por Ucrania m\u00e1s cercano que pueda servir para el lanzamiento de misiles de largo alcance.<br \/>\nLos modelos de Atacms que se proporcionaron a Ucrania tienen un alcance de unos 160 kil\u00f3metros, por lo que pueden atacar muy por detr\u00e1s de las l\u00edneas rusas.<br \/>\nOtro equipamiento militar estacionado en los aer\u00f3dromos, tambi\u00e9n fue destruido en estas dos operaciones llevadas a cabo durante la pasada madrugada, las pistas de aterrizaje y despegue resultaron da\u00f1adas.<br \/>\nAntes de la revelaci\u00f3n del Wall Street Journal, analistas de inteligencia de fuentes abiertas tambi\u00e9n hab\u00edan afirmado que en el ataque Ucrania hab\u00eda utilizado misiles de largo alcance Atacms con munici\u00f3n de racimo, recientemente suministrados a Kiev por Estados Unidos.<br \/>\nLa decisi\u00f3n de Estados Unidos de enviar los Atacms, siglas de Army Tactical Missile System (Sistema de Misiles T\u00e1cticos del Ej\u00e9rcito), se viene gestando desde hace tiempo.<br \/>\nEl Presidente ucraniano, Volodimir Zelensky, declar\u00f3 que las operaciones de asalto de Kiev hab\u00edan dado resultados y pareci\u00f3 aludir a los nuevos misiles.<br \/>\nKiev lleva meses pidiendo a Occidente que le suministre armas de largo alcance para su contraofensiva contra las fuerzas rusas, que fue m\u00e1s lenta de lo esperado. (Infobae)<\/p>\n","protected":false},"excerpt":{"rendered":"<p>Ucrania lanz\u00f3 ayer misiles Atacms de largo alcance contra las fuerzas rusas, lo que supone la primera vez que estas armas proporcionadas por Estados Unidos se utilizan en el conflicto ucraniano, seg\u00fan revel\u00f3 Wall Street Journal, luego que Kiev anunciara haber atacado aer\u00f3dromos en el sur y el este del pa\u00eds ocupados por Rusia. Un [&hellip;]<\/p>\n","protected":false},"author":1,"featured_media":182545,"comment_status":"closed","ping_status":"open","sticky":false,"template":"","format":"standard","meta":{"_acf_changed":false,"footnotes":""},"categories":[3],"tags":[],"class_list":["post-182544","post","type-post","status-publish","format-standard","has-post-thumbnail","category-internacional"],"acf":{"antetitulo":""},"yoast_head":"<!-- This site is optimized with the Yoast SEO plugin v28.3 - https:\/\/yoast.com\/product\/yoast-seo-wordpress\/ -->\n<title>Ucrania usa por primera vez los misiles estadounidenses Atacms - El Diario - Bolivia<\/title>\n<meta name=\"robots\" content=\"index, follow, max-snippet:-1, max-image-preview:large, max-video-preview:-1\" \/>\n<link rel=\"canonical\" href=\"https:\/\/www.eldiario.net\/portal\/2023\/10\/18\/ucrania-usa-por-primera-vez-los-misiles-estadounidenses-atacms\/\" \/>\n<meta property=\"og:locale\" content=\"es_ES\" \/>\n<meta property=\"og:type\" content=\"article\" \/>\n<meta property=\"og:title\" content=\"Ucrania usa por primera vez los misiles estadounidenses Atacms - El Diario - Bolivia\" \/>\n<meta property=\"og:description\" content=\"Ucrania lanz\u00f3 ayer misiles Atacms de largo alcance contra las fuerzas rusas, lo que supone la primera vez que estas armas proporcionadas por Estados Unidos se utilizan en el conflicto ucraniano, seg\u00fan revel\u00f3 Wall Street Journal, luego que Kiev anunciara haber atacado aer\u00f3dromos en el sur y el este del pa\u00eds ocupados por Rusia. Un [&hellip;]\" \/>\n<meta property=\"og:url\" content=\"https:\/\/www.eldiario.net\/portal\/2023\/10\/18\/ucrania-usa-por-primera-vez-los-misiles-estadounidenses-atacms\/\" \/>\n<meta property=\"og:site_name\" content=\"El Diario - Bolivia\" \/>\n<meta property=\"article:publisher\" content=\"https:\/\/www.facebook.com\/eldiario.bolivia\/\" \/>\n<meta property=\"article:published_time\" content=\"2023-10-18T10:19:20+00:00\" \/>\n<meta property=\"og:image\" content=\"https:\/\/www.eldiario.net\/portal\/wp-content\/uploads\/2023\/10\/MISIL-scaled-1.jpg\" \/>\n\t<meta property=\"og:image:width\" content=\"2560\" \/>\n\t<meta property=\"og:image:height\" content=\"1701\" \/>\n\t<meta property=\"og:image:type\" content=\"image\/jpeg\" \/>\n<meta name=\"author\" content=\"Jeanette\" \/>\n<meta name=\"twitter:card\" content=\"summary_large_image\" \/>\n<meta name=\"twitter:creator\" content=\"@eldiario_net\" \/>\n<meta name=\"twitter:site\" content=\"@eldiario_net\" \/>\n<meta name=\"twitter:label1\" content=\"Escrito por\" \/>\n\t<meta name=\"twitter:data1\" content=\"Jeanette\" \/>\n\t<meta name=\"twitter:label2\" content=\"Tiempo de lectura\" \/>\n\t<meta name=\"twitter:data2\" content=\"2 minutos\" \/>\n<script type=\"application\/ld+json\" class=\"yoast-schema-graph\">{\"@context\":\"https:\\\/\\\/schema.org\",\"@graph\":[{\"@type\":\"Article\",\"@id\":\"https:\\\/\\\/www.eldiario.net\\\/portal\\\/2023\\\/10\\\/18\\\/ucrania-usa-por-primera-vez-los-misiles-estadounidenses-atacms\\\/#article\",\"isPartOf\":{\"@id\":\"https:\\\/\\\/www.eldiario.net\\\/portal\\\/2023\\\/10\\\/18\\\/ucrania-usa-por-primera-vez-los-misiles-estadounidenses-atacms\\\/\"},\"author\":{\"name\":\"Jeanette\",\"@id\":\"https:\\\/\\\/www.eldiario.net\\\/portal\\\/#\\\/schema\\\/person\\\/f46445640444750d7d753ccd04ae01b7\"},\"headline\":\"Ucrania usa por primera vez los misiles estadounidenses Atacms\",\"datePublished\":\"2023-10-18T10:19:20+00:00\",\"mainEntityOfPage\":{\"@id\":\"https:\\\/\\\/www.eldiario.net\\\/portal\\\/2023\\\/10\\\/18\\\/ucrania-usa-por-primera-vez-los-misiles-estadounidenses-atacms\\\/\"},\"wordCount\":464,\"publisher\":{\"@id\":\"https:\\\/\\\/www.eldiario.net\\\/portal\\\/#organization\"},\"image\":{\"@id\":\"https:\\\/\\\/www.eldiario.net\\\/portal\\\/2023\\\/10\\\/18\\\/ucrania-usa-por-primera-vez-los-misiles-estadounidenses-atacms\\\/#primaryimage\"},\"thumbnailUrl\":\"https:\\\/\\\/www.eldiario.net\\\/portal\\\/wp-content\\\/uploads\\\/2023\\\/10\\\/MISIL-scaled-1.jpg\",\"articleSection\":[\"Internacional\"],\"inLanguage\":\"es\"},{\"@type\":\"WebPage\",\"@id\":\"https:\\\/\\\/www.eldiario.net\\\/portal\\\/2023\\\/10\\\/18\\\/ucrania-usa-por-primera-vez-los-misiles-estadounidenses-atacms\\\/\",\"url\":\"https:\\\/\\\/www.eldiario.net\\\/portal\\\/2023\\\/10\\\/18\\\/ucrania-usa-por-primera-vez-los-misiles-estadounidenses-atacms\\\/\",\"name\":\"Ucrania usa por primera vez los misiles estadounidenses Atacms - El Diario - Bolivia\",\"isPartOf\":{\"@id\":\"https:\\\/\\\/www.eldiario.net\\\/portal\\\/#website\"},\"primaryImageOfPage\":{\"@id\":\"https:\\\/\\\/www.eldiario.net\\\/portal\\\/2023\\\/10\\\/18\\\/ucrania-usa-por-primera-vez-los-misiles-estadounidenses-atacms\\\/#primaryimage\"},\"image\":{\"@id\":\"https:\\\/\\\/www.eldiario.net\\\/portal\\\/2023\\\/10\\\/18\\\/ucrania-usa-por-primera-vez-los-misiles-estadounidenses-atacms\\\/#primaryimage\"},\"thumbnailUrl\":\"https:\\\/\\\/www.eldiario.net\\\/portal\\\/wp-content\\\/uploads\\\/2023\\\/10\\\/MISIL-scaled-1.jpg\",\"datePublished\":\"2023-10-18T10:19:20+00:00\",\"breadcrumb\":{\"@id\":\"https:\\\/\\\/www.eldiario.net\\\/portal\\\/2023\\\/10\\\/18\\\/ucrania-usa-por-primera-vez-los-misiles-estadounidenses-atacms\\\/#breadcrumb\"},\"inLanguage\":\"es\",\"potentialAction\":[{\"@type\":\"ReadAction\",\"target\":[\"https:\\\/\\\/www.eldiario.net\\\/portal\\\/2023\\\/10\\\/18\\\/ucrania-usa-por-primera-vez-los-misiles-estadounidenses-atacms\\\/\"]}]},{\"@type\":\"ImageObject\",\"inLanguage\":\"es\",\"@id\":\"https:\\\/\\\/www.eldiario.net\\\/portal\\\/2023\\\/10\\\/18\\\/ucrania-usa-por-primera-vez-los-misiles-estadounidenses-atacms\\\/#primaryimage\",\"url\":\"https:\\\/\\\/www.eldiario.net\\\/portal\\\/wp-content\\\/uploads\\\/2023\\\/10\\\/MISIL-scaled-1.jpg\",\"contentUrl\":\"https:\\\/\\\/www.eldiario.net\\\/portal\\\/wp-content\\\/uploads\\\/2023\\\/10\\\/MISIL-scaled-1.jpg\",\"width\":2560,\"height\":1701,\"caption\":\"UCRANIA LLEV\u00d3 MUCHO TIEMPO BUSCANDO EL MISIL ATACMS. REUTERS\"},{\"@type\":\"BreadcrumbList\",\"@id\":\"https:\\\/\\\/www.eldiario.net\\\/portal\\\/2023\\\/10\\\/18\\\/ucrania-usa-por-primera-vez-los-misiles-estadounidenses-atacms\\\/#breadcrumb\",\"itemListElement\":[{\"@type\":\"ListItem\",\"position\":1,\"name\":\"Portada\",\"item\":\"https:\\\/\\\/www.eldiario.net\\\/portal\\\/\"},{\"@type\":\"ListItem\",\"position\":2,\"name\":\"Ucrania usa por primera vez los misiles estadounidenses Atacms\"}]},{\"@type\":\"WebSite\",\"@id\":\"https:\\\/\\\/www.eldiario.net\\\/portal\\\/#website\",\"url\":\"https:\\\/\\\/www.eldiario.net\\\/portal\\\/\",\"name\":\"El Diario - Decano de la prensa nacional\",\"description\":\"El Diario - Decano de la prensa nacional\",\"publisher\":{\"@id\":\"https:\\\/\\\/www.eldiario.net\\\/portal\\\/#organization\"},\"potentialAction\":[{\"@type\":\"SearchAction\",\"target\":{\"@type\":\"EntryPoint\",\"urlTemplate\":\"https:\\\/\\\/www.eldiario.net\\\/portal\\\/?s={search_term_string}\"},\"query-input\":{\"@type\":\"PropertyValueSpecification\",\"valueRequired\":true,\"valueName\":\"search_term_string\"}}],\"inLanguage\":\"es\"},{\"@type\":\"Organization\",\"@id\":\"https:\\\/\\\/www.eldiario.net\\\/portal\\\/#organization\",\"name\":\"El Diario - Decano de la prensa nacional\",\"url\":\"https:\\\/\\\/www.eldiario.net\\\/portal\\\/\",\"logo\":{\"@type\":\"ImageObject\",\"inLanguage\":\"es\",\"@id\":\"https:\\\/\\\/www.eldiario.net\\\/portal\\\/#\\\/schema\\\/logo\\\/image\\\/\",\"url\":\"https:\\\/\\\/www.eldiario.net\\\/portal\\\/wp-content\\\/uploads\\\/2023\\\/07\\\/logo_ED.jpg\",\"contentUrl\":\"https:\\\/\\\/www.eldiario.net\\\/portal\\\/wp-content\\\/uploads\\\/2023\\\/07\\\/logo_ED.jpg\",\"width\":272,\"height\":52,\"caption\":\"El Diario - Decano de la prensa nacional\"},\"image\":{\"@id\":\"https:\\\/\\\/www.eldiario.net\\\/portal\\\/#\\\/schema\\\/logo\\\/image\\\/\"},\"sameAs\":[\"https:\\\/\\\/www.facebook.com\\\/eldiario.bolivia\\\/\",\"https:\\\/\\\/x.com\\\/eldiario_net\"]},{\"@type\":\"Person\",\"@id\":\"https:\\\/\\\/www.eldiario.net\\\/portal\\\/#\\\/schema\\\/person\\\/f46445640444750d7d753ccd04ae01b7\",\"name\":\"Jeanette\",\"image\":{\"@type\":\"ImageObject\",\"inLanguage\":\"es\",\"@id\":\"https:\\\/\\\/secure.gravatar.com\\\/avatar\\\/3ea2118a5f7dad2b7138b1187a6b7ee55f160b9968b66013c3a3ef39dd7e5798?s=96&d=mm&r=g\",\"url\":\"https:\\\/\\\/secure.gravatar.com\\\/avatar\\\/3ea2118a5f7dad2b7138b1187a6b7ee55f160b9968b66013c3a3ef39dd7e5798?s=96&d=mm&r=g\",\"contentUrl\":\"https:\\\/\\\/secure.gravatar.com\\\/avatar\\\/3ea2118a5f7dad2b7138b1187a6b7ee55f160b9968b66013c3a3ef39dd7e5798?s=96&d=mm&r=g\",\"caption\":\"Jeanette\"},\"sameAs\":[\"https:\\\/\\\/www.eldiario.net\\\/portal\"],\"url\":\"https:\\\/\\\/www.eldiario.net\\\/portal\\\/author\\\/jeanette\\\/\"}]}<\/script>\n<!-- \/ Yoast SEO plugin. -->","yoast_head_json":{"title":"Ucrania usa por primera vez los misiles estadounidenses Atacms - El Diario - Bolivia","robots":{"index":"index","follow":"follow","max-snippet":"max-snippet:-1","max-image-preview":"max-image-preview:large","max-video-preview":"max-video-preview:-1"},"canonical":"https:\/\/www.eldiario.net\/portal\/2023\/10\/18\/ucrania-usa-por-primera-vez-los-misiles-estadounidenses-atacms\/","og_locale":"es_ES","og_type":"article","og_title":"Ucrania usa por primera vez los misiles estadounidenses Atacms - El Diario - Bolivia","og_description":"Ucrania lanz\u00f3 ayer misiles Atacms de largo alcance contra las fuerzas rusas, lo que supone la primera vez que estas armas proporcionadas por Estados Unidos se utilizan en el conflicto ucraniano, seg\u00fan revel\u00f3 Wall Street Journal, luego que Kiev anunciara haber atacado aer\u00f3dromos en el sur y el este del pa\u00eds ocupados por Rusia. Un [&hellip;]","og_url":"https:\/\/www.eldiario.net\/portal\/2023\/10\/18\/ucrania-usa-por-primera-vez-los-misiles-estadounidenses-atacms\/","og_site_name":"El Diario - Bolivia","article_publisher":"https:\/\/www.facebook.com\/eldiario.bolivia\/","article_published_time":"2023-10-18T10:19:20+00:00","og_image":[{"width":2560,"height":1701,"url":"https:\/\/www.eldiario.net\/portal\/wp-content\/uploads\/2023\/10\/MISIL-scaled-1.jpg","type":"image\/jpeg"}],"author":"Jeanette","twitter_card":"summary_large_image","twitter_creator":"@eldiario_net","twitter_site":"@eldiario_net","twitter_misc":{"Escrito por":"Jeanette","Tiempo de lectura":"2 minutos"},"schema":{"@context":"https:\/\/schema.org","@graph":[{"@type":"Article","@id":"https:\/\/www.eldiario.net\/portal\/2023\/10\/18\/ucrania-usa-por-primera-vez-los-misiles-estadounidenses-atacms\/#article","isPartOf":{"@id":"https:\/\/www.eldiario.net\/portal\/2023\/10\/18\/ucrania-usa-por-primera-vez-los-misiles-estadounidenses-atacms\/"},"author":{"name":"Jeanette","@id":"https:\/\/www.eldiario.net\/portal\/#\/schema\/person\/f46445640444750d7d753ccd04ae01b7"},"headline":"Ucrania usa por primera vez los misiles estadounidenses Atacms","datePublished":"2023-10-18T10:19:20+00:00","mainEntityOfPage":{"@id":"https:\/\/www.eldiario.net\/portal\/2023\/10\/18\/ucrania-usa-por-primera-vez-los-misiles-estadounidenses-atacms\/"},"wordCount":464,"publisher":{"@id":"https:\/\/www.eldiario.net\/portal\/#organization"},"image":{"@id":"https:\/\/www.eldiario.net\/portal\/2023\/10\/18\/ucrania-usa-por-primera-vez-los-misiles-estadounidenses-atacms\/#primaryimage"},"thumbnailUrl":"https:\/\/www.eldiario.net\/portal\/wp-content\/uploads\/2023\/10\/MISIL-scaled-1.jpg","articleSection":["Internacional"],"inLanguage":"es"},{"@type":"WebPage","@id":"https:\/\/www.eldiario.net\/portal\/2023\/10\/18\/ucrania-usa-por-primera-vez-los-misiles-estadounidenses-atacms\/","url":"https:\/\/www.eldiario.net\/portal\/2023\/10\/18\/ucrania-usa-por-primera-vez-los-misiles-estadounidenses-atacms\/","name":"Ucrania usa por primera vez los misiles estadounidenses Atacms - El Diario - Bolivia","isPartOf":{"@id":"https:\/\/www.eldiario.net\/portal\/#website"},"primaryImageOfPage":{"@id":"https:\/\/www.eldiario.net\/portal\/2023\/10\/18\/ucrania-usa-por-primera-vez-los-misiles-estadounidenses-atacms\/#primaryimage"},"image":{"@id":"https:\/\/www.eldiario.net\/portal\/2023\/10\/18\/ucrania-usa-por-primera-vez-los-misiles-estadounidenses-atacms\/#primaryimage"},"thumbnailUrl":"https:\/\/www.eldiario.net\/portal\/wp-content\/uploads\/2023\/10\/MISIL-scaled-1.jpg","datePublished":"2023-10-18T10:19:20+00:00","breadcrumb":{"@id":"https:\/\/www.eldiario.net\/portal\/2023\/10\/18\/ucrania-usa-por-primera-vez-los-misiles-estadounidenses-atacms\/#breadcrumb"},"inLanguage":"es","potentialAction":[{"@type":"ReadAction","target":["https:\/\/www.eldiario.net\/portal\/2023\/10\/18\/ucrania-usa-por-primera-vez-los-misiles-estadounidenses-atacms\/"]}]},{"@type":"ImageObject","inLanguage":"es","@id":"https:\/\/www.eldiario.net\/portal\/2023\/10\/18\/ucrania-usa-por-primera-vez-los-misiles-estadounidenses-atacms\/#primaryimage","url":"https:\/\/www.eldiario.net\/portal\/wp-content\/uploads\/2023\/10\/MISIL-scaled-1.jpg","contentUrl":"https:\/\/www.eldiario.net\/portal\/wp-content\/uploads\/2023\/10\/MISIL-scaled-1.jpg","width":2560,"height":1701,"caption":"UCRANIA LLEV\u00d3 MUCHO TIEMPO BUSCANDO EL MISIL ATACMS. REUTERS"},{"@type":"BreadcrumbList","@id":"https:\/\/www.eldiario.net\/portal\/2023\/10\/18\/ucrania-usa-por-primera-vez-los-misiles-estadounidenses-atacms\/#breadcrumb","itemListElement":[{"@type":"ListItem","position":1,"name":"Portada","item":"https:\/\/www.eldiario.net\/portal\/"},{"@type":"ListItem","position":2,"name":"Ucrania usa por primera vez los misiles estadounidenses Atacms"}]},{"@type":"WebSite","@id":"https:\/\/www.eldiario.net\/portal\/#website","url":"https:\/\/www.eldiario.net\/portal\/","name":"El Diario - Decano de la prensa nacional","description":"El Diario - Decano de la prensa nacional","publisher":{"@id":"https:\/\/www.eldiario.net\/portal\/#organization"},"potentialAction":[{"@type":"SearchAction","target":{"@type":"EntryPoint","urlTemplate":"https:\/\/www.eldiario.net\/portal\/?s={search_term_string}"},"query-input":{"@type":"PropertyValueSpecification","valueRequired":true,"valueName":"search_term_string"}}],"inLanguage":"es"},{"@type":"Organization","@id":"https:\/\/www.eldiario.net\/portal\/#organization","name":"El Diario - Decano de la prensa nacional","url":"https:\/\/www.eldiario.net\/portal\/","logo":{"@type":"ImageObject","inLanguage":"es","@id":"https:\/\/www.eldiario.net\/portal\/#\/schema\/logo\/image\/","url":"https:\/\/www.eldiario.net\/portal\/wp-content\/uploads\/2023\/07\/logo_ED.jpg","contentUrl":"https:\/\/www.eldiario.net\/portal\/wp-content\/uploads\/2023\/07\/logo_ED.jpg","width":272,"height":52,"caption":"El Diario - Decano de la prensa nacional"},"image":{"@id":"https:\/\/www.eldiario.net\/portal\/#\/schema\/logo\/image\/"},"sameAs":["https:\/\/www.facebook.com\/eldiario.bolivia\/","https:\/\/x.com\/eldiario_net"]},{"@type":"Person","@id":"https:\/\/www.eldiario.net\/portal\/#\/schema\/person\/f46445640444750d7d753ccd04ae01b7","name":"Jeanette","image":{"@type":"ImageObject","inLanguage":"es","@id":"https:\/\/secure.gravatar.com\/avatar\/3ea2118a5f7dad2b7138b1187a6b7ee55f160b9968b66013c3a3ef39dd7e5798?s=96&d=mm&r=g","url":"https:\/\/secure.gravatar.com\/avatar\/3ea2118a5f7dad2b7138b1187a6b7ee55f160b9968b66013c3a3ef39dd7e5798?s=96&d=mm&r=g","contentUrl":"https:\/\/secure.gravatar.com\/avatar\/3ea2118a5f7dad2b7138b1187a6b7ee55f160b9968b66013c3a3ef39dd7e5798?s=96&d=mm&r=g","caption":"Jeanette"},"sameAs":["https:\/\/www.eldiario.net\/portal"],"url":"https:\/\/www.eldiario.net\/portal\/author\/jeanette\/"}]}},"_links":{"self":[{"href":"https:\/\/www.eldiario.net\/portal\/wp-json\/wp\/v2\/posts\/182544","targetHints":{"allow":["GET"]}}],"collection":[{"href":"https:\/\/www.eldiario.net\/portal\/wp-json\/wp\/v2\/posts"}],"about":[{"href":"https:\/\/www.eldiario.net\/portal\/wp-json\/wp\/v2\/types\/post"}],"author":[{"embeddable":true,"href":"https:\/\/www.eldiario.net\/portal\/wp-json\/wp\/v2\/users\/1"}],"replies":[{"embeddable":true,"href":"https:\/\/www.eldiario.net\/portal\/wp-json\/wp\/v2\/comments?post=182544"}],"version-history":[{"count":0,"href":"https:\/\/www.eldiario.net\/portal\/wp-json\/wp\/v2\/posts\/182544\/revisions"}],"wp:featuredmedia":[{"embeddable":true,"href":"https:\/\/www.eldiario.net\/portal\/wp-json\/wp\/v2\/media\/182545"}],"wp:attachment":[{"href":"https:\/\/www.eldiario.net\/portal\/wp-json\/wp\/v2\/media?parent=182544"}],"wp:term":[{"taxonomy":"category","embeddable":true,"href":"https:\/\/www.eldiario.net\/portal\/wp-json\/wp\/v2\/categories?post=182544"},{"taxonomy":"post_tag","embeddable":true,"href":"https:\/\/www.eldiario.net\/portal\/wp-json\/wp\/v2\/tags?post=182544"}],"curies":[{"name":"wp","href":"https:\/\/api.w.org\/{rel}","templated":true}]}}