{"id":182541,"date":"2023-10-18T06:17:14","date_gmt":"2023-10-18T10:17:14","guid":{"rendered":"https:\/\/www.eldiario.net\/portal\/?p=182541"},"modified":"2023-10-18T06:17:14","modified_gmt":"2023-10-18T10:17:14","slug":"cumbre-acoge-hoy-a-presidentes-de-eeuu-egipto-y-el-lider-de-palestina","status":"publish","type":"post","link":"https:\/\/www.eldiario.net\/portal\/2023\/10\/18\/cumbre-acoge-hoy-a-presidentes-de-eeuu-egipto-y-el-lider-de-palestina\/","title":{"rendered":"Cumbre acoge hoy a presidentes de  EEUU, Egipto y el l\u00edder de Palestina"},"content":{"rendered":"<p>Jordania acoger\u00e1 hoy una cumbre a cuatro en la que participar\u00e1n los l\u00edderes de Estados Unidos, Egipto y Palestina para discutir las graves repercusiones de la guerra entre Israel y el Movimiento de Resistencia Isl\u00e1mica (Ham\u00e1s), desatada tras los ataques lanzados el 7 de octubre por parte del grupo islamista.<br \/>\nLa Casa Real jordana especific\u00f3 en un comunicado publicado en su p\u00e1gina web que el rey Abdal\u00e1 II recibir\u00e1 hoy a los presidentes de Estados Unidos, Joe Biden; Egipto, Abdelfat\u00e1 al Sisi; y la Autoridad Palestina, Mahmud Abbas; tanto por separado como de forma conjunta.<br \/>\nDe esta manera, especific\u00f3 que el monarca mantendr\u00e1 reuniones por separado con los presidentes estadounidense, egipcio y palestino, encuentros que se centrar\u00e1n en las formas de detener la guerra en Gaza y las graves repercusiones para la regi\u00f3n, as\u00ed como garantizar la entrada de ayuda humanitaria a la Franja.<br \/>\n\u00abSu Majestad acoger\u00e1 una cumbre tripartita que incluir\u00e1 a los presidentes egipcio y palestino\u00bb, manifest\u00f3, antes de agregar que Abdal\u00e1 II acoger\u00e1 tambi\u00e9n una cumbre a cuatro (&#8230;) para discutir los peligrosos acontecimientos en Gaza y sus repercusiones en la regi\u00f3n, as\u00ed como para trabajar de cara a un horizonte pol\u00edtico que reviva el proceso de paz.<br \/>\nHoras antes, el propio monarca jordano hab\u00eda desvelado que se reunir\u00eda en Am\u00e1n con Biden, quien hoy realizar\u00e1 una visita oficial a Israel, al tiempo que advirti\u00f3 contra cualquier intento de desplazar a refugiados palestinos hacia Jordania y Egipto. De esta forma, dijo que esto es una \u2039l\u00ednea roja\u203a: \u00abNo recibiremos m\u00e1s refugiados en Jordania o Egipto\u00bb.<br \/>\n\u00abTenemos que juntar a palestinos e israel\u00edes para que piensen sobre el futuro, ya que, de lo contrario, la espiral de violencia continuar\u00e1\u00bb, argument\u00f3 Abdal\u00e1 II, que reconoci\u00f3 que la regi\u00f3n \u00abhace frente a momentos dif\u00edciles\u00bb y que se encuentra \u00abal borde del abismo\u00bb. Por \u00faltimo, solicit\u00f3 la entrega inmediata de ayuda humanitaria a la Franja de Gaza.(Europa Press)<\/p>\n","protected":false},"excerpt":{"rendered":"<p>Jordania acoger\u00e1 hoy una cumbre a cuatro en la que participar\u00e1n los l\u00edderes de Estados Unidos, Egipto y Palestina para discutir las graves repercusiones de la guerra entre Israel y el Movimiento de Resistencia Isl\u00e1mica (Ham\u00e1s), desatada tras los ataques lanzados el 7 de octubre por parte del grupo islamista. La Casa Real jordana especific\u00f3 [&hellip;]<\/p>\n","protected":false},"author":1,"featured_media":182542,"comment_status":"closed","ping_status":"open","sticky":false,"template":"","format":"standard","meta":{"_acf_changed":false,"footnotes":""},"categories":[3],"tags":[],"class_list":["post-182541","post","type-post","status-publish","format-standard","has-post-thumbnail","category-internacional"],"acf":{"antetitulo":""},"yoast_head":"<!-- This site is optimized with the Yoast SEO plugin v28.3 - https:\/\/yoast.com\/product\/yoast-seo-wordpress\/ -->\n<title>Cumbre acoge hoy a presidentes de EEUU, Egipto y el l\u00edder de Palestina - El Diario - Bolivia<\/title>\n<meta name=\"robots\" content=\"index, follow, max-snippet:-1, max-image-preview:large, max-video-preview:-1\" \/>\n<link rel=\"canonical\" href=\"https:\/\/www.eldiario.net\/portal\/2023\/10\/18\/cumbre-acoge-hoy-a-presidentes-de-eeuu-egipto-y-el-lider-de-palestina\/\" \/>\n<meta property=\"og:locale\" content=\"es_ES\" \/>\n<meta property=\"og:type\" content=\"article\" \/>\n<meta property=\"og:title\" content=\"Cumbre acoge hoy a presidentes de EEUU, Egipto y el l\u00edder de Palestina - El Diario - Bolivia\" \/>\n<meta property=\"og:description\" content=\"Jordania acoger\u00e1 hoy una cumbre a cuatro en la que participar\u00e1n los l\u00edderes de Estados Unidos, Egipto y Palestina para discutir las graves repercusiones de la guerra entre Israel y el Movimiento de Resistencia Isl\u00e1mica (Ham\u00e1s), desatada tras los ataques lanzados el 7 de octubre por parte del grupo islamista. La Casa Real jordana especific\u00f3 [&hellip;]\" \/>\n<meta property=\"og:url\" content=\"https:\/\/www.eldiario.net\/portal\/2023\/10\/18\/cumbre-acoge-hoy-a-presidentes-de-eeuu-egipto-y-el-lider-de-palestina\/\" \/>\n<meta property=\"og:site_name\" content=\"El Diario - Bolivia\" \/>\n<meta property=\"article:publisher\" content=\"https:\/\/www.facebook.com\/eldiario.bolivia\/\" \/>\n<meta property=\"article:published_time\" content=\"2023-10-18T10:17:14+00:00\" \/>\n<meta property=\"og:image\" content=\"https:\/\/www.eldiario.net\/portal\/wp-content\/uploads\/2023\/10\/TRES-1.jpg\" \/>\n\t<meta property=\"og:image:width\" content=\"1200\" \/>\n\t<meta property=\"og:image:height\" content=\"673\" \/>\n\t<meta property=\"og:image:type\" content=\"image\/jpeg\" \/>\n<meta name=\"author\" content=\"Jeanette\" \/>\n<meta name=\"twitter:card\" content=\"summary_large_image\" \/>\n<meta name=\"twitter:creator\" content=\"@eldiario_net\" \/>\n<meta name=\"twitter:site\" content=\"@eldiario_net\" \/>\n<meta name=\"twitter:label1\" content=\"Escrito por\" \/>\n\t<meta name=\"twitter:data1\" content=\"Jeanette\" \/>\n\t<meta name=\"twitter:label2\" content=\"Tiempo de lectura\" \/>\n\t<meta name=\"twitter:data2\" content=\"2 minutos\" \/>\n<script type=\"application\/ld+json\" class=\"yoast-schema-graph\">{\"@context\":\"https:\\\/\\\/schema.org\",\"@graph\":[{\"@type\":\"Article\",\"@id\":\"https:\\\/\\\/www.eldiario.net\\\/portal\\\/2023\\\/10\\\/18\\\/cumbre-acoge-hoy-a-presidentes-de-eeuu-egipto-y-el-lider-de-palestina\\\/#article\",\"isPartOf\":{\"@id\":\"https:\\\/\\\/www.eldiario.net\\\/portal\\\/2023\\\/10\\\/18\\\/cumbre-acoge-hoy-a-presidentes-de-eeuu-egipto-y-el-lider-de-palestina\\\/\"},\"author\":{\"name\":\"Jeanette\",\"@id\":\"https:\\\/\\\/www.eldiario.net\\\/portal\\\/#\\\/schema\\\/person\\\/f46445640444750d7d753ccd04ae01b7\"},\"headline\":\"Cumbre acoge hoy a presidentes de EEUU, Egipto y el l\u00edder de Palestina\",\"datePublished\":\"2023-10-18T10:17:14+00:00\",\"mainEntityOfPage\":{\"@id\":\"https:\\\/\\\/www.eldiario.net\\\/portal\\\/2023\\\/10\\\/18\\\/cumbre-acoge-hoy-a-presidentes-de-eeuu-egipto-y-el-lider-de-palestina\\\/\"},\"wordCount\":348,\"publisher\":{\"@id\":\"https:\\\/\\\/www.eldiario.net\\\/portal\\\/#organization\"},\"image\":{\"@id\":\"https:\\\/\\\/www.eldiario.net\\\/portal\\\/2023\\\/10\\\/18\\\/cumbre-acoge-hoy-a-presidentes-de-eeuu-egipto-y-el-lider-de-palestina\\\/#primaryimage\"},\"thumbnailUrl\":\"https:\\\/\\\/www.eldiario.net\\\/portal\\\/wp-content\\\/uploads\\\/2023\\\/10\\\/TRES-1.jpg\",\"articleSection\":[\"Internacional\"],\"inLanguage\":\"es\"},{\"@type\":\"WebPage\",\"@id\":\"https:\\\/\\\/www.eldiario.net\\\/portal\\\/2023\\\/10\\\/18\\\/cumbre-acoge-hoy-a-presidentes-de-eeuu-egipto-y-el-lider-de-palestina\\\/\",\"url\":\"https:\\\/\\\/www.eldiario.net\\\/portal\\\/2023\\\/10\\\/18\\\/cumbre-acoge-hoy-a-presidentes-de-eeuu-egipto-y-el-lider-de-palestina\\\/\",\"name\":\"Cumbre acoge hoy a presidentes de EEUU, Egipto y el l\u00edder de Palestina - El Diario - Bolivia\",\"isPartOf\":{\"@id\":\"https:\\\/\\\/www.eldiario.net\\\/portal\\\/#website\"},\"primaryImageOfPage\":{\"@id\":\"https:\\\/\\\/www.eldiario.net\\\/portal\\\/2023\\\/10\\\/18\\\/cumbre-acoge-hoy-a-presidentes-de-eeuu-egipto-y-el-lider-de-palestina\\\/#primaryimage\"},\"image\":{\"@id\":\"https:\\\/\\\/www.eldiario.net\\\/portal\\\/2023\\\/10\\\/18\\\/cumbre-acoge-hoy-a-presidentes-de-eeuu-egipto-y-el-lider-de-palestina\\\/#primaryimage\"},\"thumbnailUrl\":\"https:\\\/\\\/www.eldiario.net\\\/portal\\\/wp-content\\\/uploads\\\/2023\\\/10\\\/TRES-1.jpg\",\"datePublished\":\"2023-10-18T10:17:14+00:00\",\"breadcrumb\":{\"@id\":\"https:\\\/\\\/www.eldiario.net\\\/portal\\\/2023\\\/10\\\/18\\\/cumbre-acoge-hoy-a-presidentes-de-eeuu-egipto-y-el-lider-de-palestina\\\/#breadcrumb\"},\"inLanguage\":\"es\",\"potentialAction\":[{\"@type\":\"ReadAction\",\"target\":[\"https:\\\/\\\/www.eldiario.net\\\/portal\\\/2023\\\/10\\\/18\\\/cumbre-acoge-hoy-a-presidentes-de-eeuu-egipto-y-el-lider-de-palestina\\\/\"]}]},{\"@type\":\"ImageObject\",\"inLanguage\":\"es\",\"@id\":\"https:\\\/\\\/www.eldiario.net\\\/portal\\\/2023\\\/10\\\/18\\\/cumbre-acoge-hoy-a-presidentes-de-eeuu-egipto-y-el-lider-de-palestina\\\/#primaryimage\",\"url\":\"https:\\\/\\\/www.eldiario.net\\\/portal\\\/wp-content\\\/uploads\\\/2023\\\/10\\\/TRES-1.jpg\",\"contentUrl\":\"https:\\\/\\\/www.eldiario.net\\\/portal\\\/wp-content\\\/uploads\\\/2023\\\/10\\\/TRES-1.jpg\",\"width\":1200,\"height\":673,\"caption\":\"LAS REUNIONES SER\u00c1N POR SEPARADO ENTRE LAS AUTORIDADES. Europa Press\"},{\"@type\":\"BreadcrumbList\",\"@id\":\"https:\\\/\\\/www.eldiario.net\\\/portal\\\/2023\\\/10\\\/18\\\/cumbre-acoge-hoy-a-presidentes-de-eeuu-egipto-y-el-lider-de-palestina\\\/#breadcrumb\",\"itemListElement\":[{\"@type\":\"ListItem\",\"position\":1,\"name\":\"Portada\",\"item\":\"https:\\\/\\\/www.eldiario.net\\\/portal\\\/\"},{\"@type\":\"ListItem\",\"position\":2,\"name\":\"Cumbre acoge hoy a presidentes de EEUU, Egipto y el l\u00edder de Palestina\"}]},{\"@type\":\"WebSite\",\"@id\":\"https:\\\/\\\/www.eldiario.net\\\/portal\\\/#website\",\"url\":\"https:\\\/\\\/www.eldiario.net\\\/portal\\\/\",\"name\":\"El Diario - Decano de la prensa nacional\",\"description\":\"El Diario - Decano de la prensa nacional\",\"publisher\":{\"@id\":\"https:\\\/\\\/www.eldiario.net\\\/portal\\\/#organization\"},\"potentialAction\":[{\"@type\":\"SearchAction\",\"target\":{\"@type\":\"EntryPoint\",\"urlTemplate\":\"https:\\\/\\\/www.eldiario.net\\\/portal\\\/?s={search_term_string}\"},\"query-input\":{\"@type\":\"PropertyValueSpecification\",\"valueRequired\":true,\"valueName\":\"search_term_string\"}}],\"inLanguage\":\"es\"},{\"@type\":\"Organization\",\"@id\":\"https:\\\/\\\/www.eldiario.net\\\/portal\\\/#organization\",\"name\":\"El Diario - Decano de la prensa nacional\",\"url\":\"https:\\\/\\\/www.eldiario.net\\\/portal\\\/\",\"logo\":{\"@type\":\"ImageObject\",\"inLanguage\":\"es\",\"@id\":\"https:\\\/\\\/www.eldiario.net\\\/portal\\\/#\\\/schema\\\/logo\\\/image\\\/\",\"url\":\"https:\\\/\\\/www.eldiario.net\\\/portal\\\/wp-content\\\/uploads\\\/2023\\\/07\\\/logo_ED.jpg\",\"contentUrl\":\"https:\\\/\\\/www.eldiario.net\\\/portal\\\/wp-content\\\/uploads\\\/2023\\\/07\\\/logo_ED.jpg\",\"width\":272,\"height\":52,\"caption\":\"El Diario - Decano de la prensa nacional\"},\"image\":{\"@id\":\"https:\\\/\\\/www.eldiario.net\\\/portal\\\/#\\\/schema\\\/logo\\\/image\\\/\"},\"sameAs\":[\"https:\\\/\\\/www.facebook.com\\\/eldiario.bolivia\\\/\",\"https:\\\/\\\/x.com\\\/eldiario_net\"]},{\"@type\":\"Person\",\"@id\":\"https:\\\/\\\/www.eldiario.net\\\/portal\\\/#\\\/schema\\\/person\\\/f46445640444750d7d753ccd04ae01b7\",\"name\":\"Jeanette\",\"image\":{\"@type\":\"ImageObject\",\"inLanguage\":\"es\",\"@id\":\"https:\\\/\\\/secure.gravatar.com\\\/avatar\\\/3ea2118a5f7dad2b7138b1187a6b7ee55f160b9968b66013c3a3ef39dd7e5798?s=96&d=mm&r=g\",\"url\":\"https:\\\/\\\/secure.gravatar.com\\\/avatar\\\/3ea2118a5f7dad2b7138b1187a6b7ee55f160b9968b66013c3a3ef39dd7e5798?s=96&d=mm&r=g\",\"contentUrl\":\"https:\\\/\\\/secure.gravatar.com\\\/avatar\\\/3ea2118a5f7dad2b7138b1187a6b7ee55f160b9968b66013c3a3ef39dd7e5798?s=96&d=mm&r=g\",\"caption\":\"Jeanette\"},\"sameAs\":[\"https:\\\/\\\/www.eldiario.net\\\/portal\"],\"url\":\"https:\\\/\\\/www.eldiario.net\\\/portal\\\/author\\\/jeanette\\\/\"}]}<\/script>\n<!-- \/ Yoast SEO plugin. -->","yoast_head_json":{"title":"Cumbre acoge hoy a presidentes de EEUU, Egipto y el l\u00edder de Palestina - El Diario - Bolivia","robots":{"index":"index","follow":"follow","max-snippet":"max-snippet:-1","max-image-preview":"max-image-preview:large","max-video-preview":"max-video-preview:-1"},"canonical":"https:\/\/www.eldiario.net\/portal\/2023\/10\/18\/cumbre-acoge-hoy-a-presidentes-de-eeuu-egipto-y-el-lider-de-palestina\/","og_locale":"es_ES","og_type":"article","og_title":"Cumbre acoge hoy a presidentes de EEUU, Egipto y el l\u00edder de Palestina - El Diario - Bolivia","og_description":"Jordania acoger\u00e1 hoy una cumbre a cuatro en la que participar\u00e1n los l\u00edderes de Estados Unidos, Egipto y Palestina para discutir las graves repercusiones de la guerra entre Israel y el Movimiento de Resistencia Isl\u00e1mica (Ham\u00e1s), desatada tras los ataques lanzados el 7 de octubre por parte del grupo islamista. La Casa Real jordana especific\u00f3 [&hellip;]","og_url":"https:\/\/www.eldiario.net\/portal\/2023\/10\/18\/cumbre-acoge-hoy-a-presidentes-de-eeuu-egipto-y-el-lider-de-palestina\/","og_site_name":"El Diario - Bolivia","article_publisher":"https:\/\/www.facebook.com\/eldiario.bolivia\/","article_published_time":"2023-10-18T10:17:14+00:00","og_image":[{"width":1200,"height":673,"url":"https:\/\/www.eldiario.net\/portal\/wp-content\/uploads\/2023\/10\/TRES-1.jpg","type":"image\/jpeg"}],"author":"Jeanette","twitter_card":"summary_large_image","twitter_creator":"@eldiario_net","twitter_site":"@eldiario_net","twitter_misc":{"Escrito por":"Jeanette","Tiempo de lectura":"2 minutos"},"schema":{"@context":"https:\/\/schema.org","@graph":[{"@type":"Article","@id":"https:\/\/www.eldiario.net\/portal\/2023\/10\/18\/cumbre-acoge-hoy-a-presidentes-de-eeuu-egipto-y-el-lider-de-palestina\/#article","isPartOf":{"@id":"https:\/\/www.eldiario.net\/portal\/2023\/10\/18\/cumbre-acoge-hoy-a-presidentes-de-eeuu-egipto-y-el-lider-de-palestina\/"},"author":{"name":"Jeanette","@id":"https:\/\/www.eldiario.net\/portal\/#\/schema\/person\/f46445640444750d7d753ccd04ae01b7"},"headline":"Cumbre acoge hoy a presidentes de EEUU, Egipto y el l\u00edder de Palestina","datePublished":"2023-10-18T10:17:14+00:00","mainEntityOfPage":{"@id":"https:\/\/www.eldiario.net\/portal\/2023\/10\/18\/cumbre-acoge-hoy-a-presidentes-de-eeuu-egipto-y-el-lider-de-palestina\/"},"wordCount":348,"publisher":{"@id":"https:\/\/www.eldiario.net\/portal\/#organization"},"image":{"@id":"https:\/\/www.eldiario.net\/portal\/2023\/10\/18\/cumbre-acoge-hoy-a-presidentes-de-eeuu-egipto-y-el-lider-de-palestina\/#primaryimage"},"thumbnailUrl":"https:\/\/www.eldiario.net\/portal\/wp-content\/uploads\/2023\/10\/TRES-1.jpg","articleSection":["Internacional"],"inLanguage":"es"},{"@type":"WebPage","@id":"https:\/\/www.eldiario.net\/portal\/2023\/10\/18\/cumbre-acoge-hoy-a-presidentes-de-eeuu-egipto-y-el-lider-de-palestina\/","url":"https:\/\/www.eldiario.net\/portal\/2023\/10\/18\/cumbre-acoge-hoy-a-presidentes-de-eeuu-egipto-y-el-lider-de-palestina\/","name":"Cumbre acoge hoy a presidentes de EEUU, Egipto y el l\u00edder de Palestina - El Diario - Bolivia","isPartOf":{"@id":"https:\/\/www.eldiario.net\/portal\/#website"},"primaryImageOfPage":{"@id":"https:\/\/www.eldiario.net\/portal\/2023\/10\/18\/cumbre-acoge-hoy-a-presidentes-de-eeuu-egipto-y-el-lider-de-palestina\/#primaryimage"},"image":{"@id":"https:\/\/www.eldiario.net\/portal\/2023\/10\/18\/cumbre-acoge-hoy-a-presidentes-de-eeuu-egipto-y-el-lider-de-palestina\/#primaryimage"},"thumbnailUrl":"https:\/\/www.eldiario.net\/portal\/wp-content\/uploads\/2023\/10\/TRES-1.jpg","datePublished":"2023-10-18T10:17:14+00:00","breadcrumb":{"@id":"https:\/\/www.eldiario.net\/portal\/2023\/10\/18\/cumbre-acoge-hoy-a-presidentes-de-eeuu-egipto-y-el-lider-de-palestina\/#breadcrumb"},"inLanguage":"es","potentialAction":[{"@type":"ReadAction","target":["https:\/\/www.eldiario.net\/portal\/2023\/10\/18\/cumbre-acoge-hoy-a-presidentes-de-eeuu-egipto-y-el-lider-de-palestina\/"]}]},{"@type":"ImageObject","inLanguage":"es","@id":"https:\/\/www.eldiario.net\/portal\/2023\/10\/18\/cumbre-acoge-hoy-a-presidentes-de-eeuu-egipto-y-el-lider-de-palestina\/#primaryimage","url":"https:\/\/www.eldiario.net\/portal\/wp-content\/uploads\/2023\/10\/TRES-1.jpg","contentUrl":"https:\/\/www.eldiario.net\/portal\/wp-content\/uploads\/2023\/10\/TRES-1.jpg","width":1200,"height":673,"caption":"LAS REUNIONES SER\u00c1N POR SEPARADO ENTRE LAS AUTORIDADES. Europa Press"},{"@type":"BreadcrumbList","@id":"https:\/\/www.eldiario.net\/portal\/2023\/10\/18\/cumbre-acoge-hoy-a-presidentes-de-eeuu-egipto-y-el-lider-de-palestina\/#breadcrumb","itemListElement":[{"@type":"ListItem","position":1,"name":"Portada","item":"https:\/\/www.eldiario.net\/portal\/"},{"@type":"ListItem","position":2,"name":"Cumbre acoge hoy a presidentes de EEUU, Egipto y el l\u00edder de Palestina"}]},{"@type":"WebSite","@id":"https:\/\/www.eldiario.net\/portal\/#website","url":"https:\/\/www.eldiario.net\/portal\/","name":"El Diario - Decano de la prensa nacional","description":"El Diario - Decano de la prensa nacional","publisher":{"@id":"https:\/\/www.eldiario.net\/portal\/#organization"},"potentialAction":[{"@type":"SearchAction","target":{"@type":"EntryPoint","urlTemplate":"https:\/\/www.eldiario.net\/portal\/?s={search_term_string}"},"query-input":{"@type":"PropertyValueSpecification","valueRequired":true,"valueName":"search_term_string"}}],"inLanguage":"es"},{"@type":"Organization","@id":"https:\/\/www.eldiario.net\/portal\/#organization","name":"El Diario - Decano de la prensa nacional","url":"https:\/\/www.eldiario.net\/portal\/","logo":{"@type":"ImageObject","inLanguage":"es","@id":"https:\/\/www.eldiario.net\/portal\/#\/schema\/logo\/image\/","url":"https:\/\/www.eldiario.net\/portal\/wp-content\/uploads\/2023\/07\/logo_ED.jpg","contentUrl":"https:\/\/www.eldiario.net\/portal\/wp-content\/uploads\/2023\/07\/logo_ED.jpg","width":272,"height":52,"caption":"El Diario - Decano de la prensa nacional"},"image":{"@id":"https:\/\/www.eldiario.net\/portal\/#\/schema\/logo\/image\/"},"sameAs":["https:\/\/www.facebook.com\/eldiario.bolivia\/","https:\/\/x.com\/eldiario_net"]},{"@type":"Person","@id":"https:\/\/www.eldiario.net\/portal\/#\/schema\/person\/f46445640444750d7d753ccd04ae01b7","name":"Jeanette","image":{"@type":"ImageObject","inLanguage":"es","@id":"https:\/\/secure.gravatar.com\/avatar\/3ea2118a5f7dad2b7138b1187a6b7ee55f160b9968b66013c3a3ef39dd7e5798?s=96&d=mm&r=g","url":"https:\/\/secure.gravatar.com\/avatar\/3ea2118a5f7dad2b7138b1187a6b7ee55f160b9968b66013c3a3ef39dd7e5798?s=96&d=mm&r=g","contentUrl":"https:\/\/secure.gravatar.com\/avatar\/3ea2118a5f7dad2b7138b1187a6b7ee55f160b9968b66013c3a3ef39dd7e5798?s=96&d=mm&r=g","caption":"Jeanette"},"sameAs":["https:\/\/www.eldiario.net\/portal"],"url":"https:\/\/www.eldiario.net\/portal\/author\/jeanette\/"}]}},"_links":{"self":[{"href":"https:\/\/www.eldiario.net\/portal\/wp-json\/wp\/v2\/posts\/182541","targetHints":{"allow":["GET"]}}],"collection":[{"href":"https:\/\/www.eldiario.net\/portal\/wp-json\/wp\/v2\/posts"}],"about":[{"href":"https:\/\/www.eldiario.net\/portal\/wp-json\/wp\/v2\/types\/post"}],"author":[{"embeddable":true,"href":"https:\/\/www.eldiario.net\/portal\/wp-json\/wp\/v2\/users\/1"}],"replies":[{"embeddable":true,"href":"https:\/\/www.eldiario.net\/portal\/wp-json\/wp\/v2\/comments?post=182541"}],"version-history":[{"count":0,"href":"https:\/\/www.eldiario.net\/portal\/wp-json\/wp\/v2\/posts\/182541\/revisions"}],"wp:featuredmedia":[{"embeddable":true,"href":"https:\/\/www.eldiario.net\/portal\/wp-json\/wp\/v2\/media\/182542"}],"wp:attachment":[{"href":"https:\/\/www.eldiario.net\/portal\/wp-json\/wp\/v2\/media?parent=182541"}],"wp:term":[{"taxonomy":"category","embeddable":true,"href":"https:\/\/www.eldiario.net\/portal\/wp-json\/wp\/v2\/categories?post=182541"},{"taxonomy":"post_tag","embeddable":true,"href":"https:\/\/www.eldiario.net\/portal\/wp-json\/wp\/v2\/tags?post=182541"}],"curies":[{"name":"wp","href":"https:\/\/api.w.org\/{rel}","templated":true}]}}