{"id":182539,"date":"2023-10-18T06:14:37","date_gmt":"2023-10-18T10:14:37","guid":{"rendered":"https:\/\/www.eldiario.net\/portal\/?p=182539"},"modified":"2023-10-18T06:14:37","modified_gmt":"2023-10-18T10:14:37","slug":"unicef-teme-epidemias-en-franja-de-gaza-ante-desastrosa-situacion","status":"publish","type":"post","link":"https:\/\/www.eldiario.net\/portal\/2023\/10\/18\/unicef-teme-epidemias-en-franja-de-gaza-ante-desastrosa-situacion\/","title":{"rendered":"Unicef teme epidemias en Franja  de Gaza ante desastrosa situaci\u00f3n"},"content":{"rendered":"<p>El Fondo de Naciones Unidas para la Infancia (Unicef) denunci\u00f3 la desastrosa situaci\u00f3n en la Franja de Gaza, donde teme incluso que comiencen a desatarse epidemias por el empeoramiento de las condiciones humanitarias, en un contexto marcado adem\u00e1s por el desplazamiento masivo de civiles.<br \/>\n\u201cLa poblaci\u00f3n civil lleva m\u00e1s de una semana sin poder salir, sin agua, sin electricidad, sin comida\u201d, advirti\u00f3 la representante adjunta de Unicef Palestina, Laura Bill, que dio cuenta tambi\u00e9n de hospitales saturados y de la falta de ayuda por el cierre de los pasos fronterizos.<br \/>\n\u201cSiguen los bombardeos\u201d y, seg\u00fan la ONU, la cifra de desplazados se acerca al mill\u00f3n, casi la mitad de toda la poblaci\u00f3n gazat\u00ed. Bill record\u00f3 que la mitad de estos desplazados son ni\u00f1os, mientras que las escuelas, al igual que otros sistemas b\u00e1sicos, llevan ya m\u00e1s de una semana completamente paralizados, seg\u00fan declaraciones transmitidas por la organizaci\u00f3n.<br \/>\nUnicef y otras agencias de Naciones Unidas se movilizaron para recabar suministros y preposicionarlos en Egipto con vistas a la potencial reapertura del paso de Raf\u00e1, el \u00fanico de la Franja que no est\u00e1 controlado por Israel. Bill incluy\u00f3 entre el material desplegado productos para reforzar cuestiones de agua y saneamiento en Gaza, as\u00ed como la atenci\u00f3n sanitaria.<br \/>\nLa ONG Save the Children, tambi\u00e9n solicit\u00f3 un alto el fuego inmediato y el env\u00edo de ayuda, \u00abteniendo en cuenta que casi no queda agua y el tiempo se est\u00e1 acabando para los ni\u00f1os y las ni\u00f1as de Gaza\u00bb, como lament\u00f3 en un comunicado el director de la organizaci\u00f3n para los Territorios Palestinos, Jason Lee.<br \/>\n\u00abDado que se espera que el Consejo de Seguridad de la ONU vuelva a reunirse, se debe acordar un alto el fuego para salvar las vidas de los ni\u00f1os y las ni\u00f1as. Sin el fin de los combates, sus vidas est\u00e1n en juego\u00bb, finaliz\u00f3. (Europa Press)<\/p>\n","protected":false},"excerpt":{"rendered":"<p>El Fondo de Naciones Unidas para la Infancia (Unicef) denunci\u00f3 la desastrosa situaci\u00f3n en la Franja de Gaza, donde teme incluso que comiencen a desatarse epidemias por el empeoramiento de las condiciones humanitarias, en un contexto marcado adem\u00e1s por el desplazamiento masivo de civiles. \u201cLa poblaci\u00f3n civil lleva m\u00e1s de una semana sin poder salir, [&hellip;]<\/p>\n","protected":false},"author":1,"featured_media":0,"comment_status":"closed","ping_status":"open","sticky":false,"template":"","format":"standard","meta":{"_acf_changed":false,"footnotes":""},"categories":[3],"tags":[],"class_list":["post-182539","post","type-post","status-publish","format-standard","category-internacional"],"acf":{"antetitulo":""},"yoast_head":"<!-- This site is optimized with the Yoast SEO plugin v28.3 - https:\/\/yoast.com\/product\/yoast-seo-wordpress\/ -->\n<title>Unicef teme epidemias en Franja de Gaza ante desastrosa situaci\u00f3n - El Diario - Bolivia<\/title>\n<meta name=\"robots\" content=\"index, follow, max-snippet:-1, max-image-preview:large, max-video-preview:-1\" \/>\n<link rel=\"canonical\" href=\"https:\/\/www.eldiario.net\/portal\/2023\/10\/18\/unicef-teme-epidemias-en-franja-de-gaza-ante-desastrosa-situacion\/\" \/>\n<meta property=\"og:locale\" content=\"es_ES\" \/>\n<meta property=\"og:type\" content=\"article\" \/>\n<meta property=\"og:title\" content=\"Unicef teme epidemias en Franja de Gaza ante desastrosa situaci\u00f3n - El Diario - Bolivia\" \/>\n<meta property=\"og:description\" content=\"El Fondo de Naciones Unidas para la Infancia (Unicef) denunci\u00f3 la desastrosa situaci\u00f3n en la Franja de Gaza, donde teme incluso que comiencen a desatarse epidemias por el empeoramiento de las condiciones humanitarias, en un contexto marcado adem\u00e1s por el desplazamiento masivo de civiles. \u201cLa poblaci\u00f3n civil lleva m\u00e1s de una semana sin poder salir, [&hellip;]\" \/>\n<meta property=\"og:url\" content=\"https:\/\/www.eldiario.net\/portal\/2023\/10\/18\/unicef-teme-epidemias-en-franja-de-gaza-ante-desastrosa-situacion\/\" \/>\n<meta property=\"og:site_name\" content=\"El Diario - Bolivia\" \/>\n<meta property=\"article:publisher\" content=\"https:\/\/www.facebook.com\/eldiario.bolivia\/\" \/>\n<meta property=\"article:published_time\" content=\"2023-10-18T10:14:37+00:00\" \/>\n<meta name=\"author\" content=\"Jeanette\" \/>\n<meta name=\"twitter:card\" content=\"summary_large_image\" \/>\n<meta name=\"twitter:creator\" content=\"@eldiario_net\" \/>\n<meta name=\"twitter:site\" content=\"@eldiario_net\" \/>\n<meta name=\"twitter:label1\" content=\"Escrito por\" \/>\n\t<meta name=\"twitter:data1\" content=\"Jeanette\" \/>\n\t<meta name=\"twitter:label2\" content=\"Tiempo de lectura\" \/>\n\t<meta name=\"twitter:data2\" content=\"2 minutos\" \/>\n<script type=\"application\/ld+json\" class=\"yoast-schema-graph\">{\"@context\":\"https:\\\/\\\/schema.org\",\"@graph\":[{\"@type\":\"Article\",\"@id\":\"https:\\\/\\\/www.eldiario.net\\\/portal\\\/2023\\\/10\\\/18\\\/unicef-teme-epidemias-en-franja-de-gaza-ante-desastrosa-situacion\\\/#article\",\"isPartOf\":{\"@id\":\"https:\\\/\\\/www.eldiario.net\\\/portal\\\/2023\\\/10\\\/18\\\/unicef-teme-epidemias-en-franja-de-gaza-ante-desastrosa-situacion\\\/\"},\"author\":{\"name\":\"Jeanette\",\"@id\":\"https:\\\/\\\/www.eldiario.net\\\/portal\\\/#\\\/schema\\\/person\\\/f46445640444750d7d753ccd04ae01b7\"},\"headline\":\"Unicef teme epidemias en Franja de Gaza ante desastrosa situaci\u00f3n\",\"datePublished\":\"2023-10-18T10:14:37+00:00\",\"mainEntityOfPage\":{\"@id\":\"https:\\\/\\\/www.eldiario.net\\\/portal\\\/2023\\\/10\\\/18\\\/unicef-teme-epidemias-en-franja-de-gaza-ante-desastrosa-situacion\\\/\"},\"wordCount\":339,\"publisher\":{\"@id\":\"https:\\\/\\\/www.eldiario.net\\\/portal\\\/#organization\"},\"articleSection\":[\"Internacional\"],\"inLanguage\":\"es\"},{\"@type\":\"WebPage\",\"@id\":\"https:\\\/\\\/www.eldiario.net\\\/portal\\\/2023\\\/10\\\/18\\\/unicef-teme-epidemias-en-franja-de-gaza-ante-desastrosa-situacion\\\/\",\"url\":\"https:\\\/\\\/www.eldiario.net\\\/portal\\\/2023\\\/10\\\/18\\\/unicef-teme-epidemias-en-franja-de-gaza-ante-desastrosa-situacion\\\/\",\"name\":\"Unicef teme epidemias en Franja de Gaza ante desastrosa situaci\u00f3n - El Diario - Bolivia\",\"isPartOf\":{\"@id\":\"https:\\\/\\\/www.eldiario.net\\\/portal\\\/#website\"},\"datePublished\":\"2023-10-18T10:14:37+00:00\",\"breadcrumb\":{\"@id\":\"https:\\\/\\\/www.eldiario.net\\\/portal\\\/2023\\\/10\\\/18\\\/unicef-teme-epidemias-en-franja-de-gaza-ante-desastrosa-situacion\\\/#breadcrumb\"},\"inLanguage\":\"es\",\"potentialAction\":[{\"@type\":\"ReadAction\",\"target\":[\"https:\\\/\\\/www.eldiario.net\\\/portal\\\/2023\\\/10\\\/18\\\/unicef-teme-epidemias-en-franja-de-gaza-ante-desastrosa-situacion\\\/\"]}]},{\"@type\":\"BreadcrumbList\",\"@id\":\"https:\\\/\\\/www.eldiario.net\\\/portal\\\/2023\\\/10\\\/18\\\/unicef-teme-epidemias-en-franja-de-gaza-ante-desastrosa-situacion\\\/#breadcrumb\",\"itemListElement\":[{\"@type\":\"ListItem\",\"position\":1,\"name\":\"Portada\",\"item\":\"https:\\\/\\\/www.eldiario.net\\\/portal\\\/\"},{\"@type\":\"ListItem\",\"position\":2,\"name\":\"Unicef teme epidemias en Franja de Gaza ante desastrosa situaci\u00f3n\"}]},{\"@type\":\"WebSite\",\"@id\":\"https:\\\/\\\/www.eldiario.net\\\/portal\\\/#website\",\"url\":\"https:\\\/\\\/www.eldiario.net\\\/portal\\\/\",\"name\":\"El Diario - Decano de la prensa nacional\",\"description\":\"El Diario - Decano de la prensa nacional\",\"publisher\":{\"@id\":\"https:\\\/\\\/www.eldiario.net\\\/portal\\\/#organization\"},\"potentialAction\":[{\"@type\":\"SearchAction\",\"target\":{\"@type\":\"EntryPoint\",\"urlTemplate\":\"https:\\\/\\\/www.eldiario.net\\\/portal\\\/?s={search_term_string}\"},\"query-input\":{\"@type\":\"PropertyValueSpecification\",\"valueRequired\":true,\"valueName\":\"search_term_string\"}}],\"inLanguage\":\"es\"},{\"@type\":\"Organization\",\"@id\":\"https:\\\/\\\/www.eldiario.net\\\/portal\\\/#organization\",\"name\":\"El Diario - Decano de la prensa nacional\",\"url\":\"https:\\\/\\\/www.eldiario.net\\\/portal\\\/\",\"logo\":{\"@type\":\"ImageObject\",\"inLanguage\":\"es\",\"@id\":\"https:\\\/\\\/www.eldiario.net\\\/portal\\\/#\\\/schema\\\/logo\\\/image\\\/\",\"url\":\"https:\\\/\\\/www.eldiario.net\\\/portal\\\/wp-content\\\/uploads\\\/2023\\\/07\\\/logo_ED.jpg\",\"contentUrl\":\"https:\\\/\\\/www.eldiario.net\\\/portal\\\/wp-content\\\/uploads\\\/2023\\\/07\\\/logo_ED.jpg\",\"width\":272,\"height\":52,\"caption\":\"El Diario - Decano de la prensa nacional\"},\"image\":{\"@id\":\"https:\\\/\\\/www.eldiario.net\\\/portal\\\/#\\\/schema\\\/logo\\\/image\\\/\"},\"sameAs\":[\"https:\\\/\\\/www.facebook.com\\\/eldiario.bolivia\\\/\",\"https:\\\/\\\/x.com\\\/eldiario_net\"]},{\"@type\":\"Person\",\"@id\":\"https:\\\/\\\/www.eldiario.net\\\/portal\\\/#\\\/schema\\\/person\\\/f46445640444750d7d753ccd04ae01b7\",\"name\":\"Jeanette\",\"image\":{\"@type\":\"ImageObject\",\"inLanguage\":\"es\",\"@id\":\"https:\\\/\\\/secure.gravatar.com\\\/avatar\\\/3ea2118a5f7dad2b7138b1187a6b7ee55f160b9968b66013c3a3ef39dd7e5798?s=96&d=mm&r=g\",\"url\":\"https:\\\/\\\/secure.gravatar.com\\\/avatar\\\/3ea2118a5f7dad2b7138b1187a6b7ee55f160b9968b66013c3a3ef39dd7e5798?s=96&d=mm&r=g\",\"contentUrl\":\"https:\\\/\\\/secure.gravatar.com\\\/avatar\\\/3ea2118a5f7dad2b7138b1187a6b7ee55f160b9968b66013c3a3ef39dd7e5798?s=96&d=mm&r=g\",\"caption\":\"Jeanette\"},\"sameAs\":[\"https:\\\/\\\/www.eldiario.net\\\/portal\"],\"url\":\"https:\\\/\\\/www.eldiario.net\\\/portal\\\/author\\\/jeanette\\\/\"}]}<\/script>\n<!-- \/ Yoast SEO plugin. -->","yoast_head_json":{"title":"Unicef teme epidemias en Franja de Gaza ante desastrosa situaci\u00f3n - El Diario - Bolivia","robots":{"index":"index","follow":"follow","max-snippet":"max-snippet:-1","max-image-preview":"max-image-preview:large","max-video-preview":"max-video-preview:-1"},"canonical":"https:\/\/www.eldiario.net\/portal\/2023\/10\/18\/unicef-teme-epidemias-en-franja-de-gaza-ante-desastrosa-situacion\/","og_locale":"es_ES","og_type":"article","og_title":"Unicef teme epidemias en Franja de Gaza ante desastrosa situaci\u00f3n - El Diario - Bolivia","og_description":"El Fondo de Naciones Unidas para la Infancia (Unicef) denunci\u00f3 la desastrosa situaci\u00f3n en la Franja de Gaza, donde teme incluso que comiencen a desatarse epidemias por el empeoramiento de las condiciones humanitarias, en un contexto marcado adem\u00e1s por el desplazamiento masivo de civiles. \u201cLa poblaci\u00f3n civil lleva m\u00e1s de una semana sin poder salir, [&hellip;]","og_url":"https:\/\/www.eldiario.net\/portal\/2023\/10\/18\/unicef-teme-epidemias-en-franja-de-gaza-ante-desastrosa-situacion\/","og_site_name":"El Diario - Bolivia","article_publisher":"https:\/\/www.facebook.com\/eldiario.bolivia\/","article_published_time":"2023-10-18T10:14:37+00:00","author":"Jeanette","twitter_card":"summary_large_image","twitter_creator":"@eldiario_net","twitter_site":"@eldiario_net","twitter_misc":{"Escrito por":"Jeanette","Tiempo de lectura":"2 minutos"},"schema":{"@context":"https:\/\/schema.org","@graph":[{"@type":"Article","@id":"https:\/\/www.eldiario.net\/portal\/2023\/10\/18\/unicef-teme-epidemias-en-franja-de-gaza-ante-desastrosa-situacion\/#article","isPartOf":{"@id":"https:\/\/www.eldiario.net\/portal\/2023\/10\/18\/unicef-teme-epidemias-en-franja-de-gaza-ante-desastrosa-situacion\/"},"author":{"name":"Jeanette","@id":"https:\/\/www.eldiario.net\/portal\/#\/schema\/person\/f46445640444750d7d753ccd04ae01b7"},"headline":"Unicef teme epidemias en Franja de Gaza ante desastrosa situaci\u00f3n","datePublished":"2023-10-18T10:14:37+00:00","mainEntityOfPage":{"@id":"https:\/\/www.eldiario.net\/portal\/2023\/10\/18\/unicef-teme-epidemias-en-franja-de-gaza-ante-desastrosa-situacion\/"},"wordCount":339,"publisher":{"@id":"https:\/\/www.eldiario.net\/portal\/#organization"},"articleSection":["Internacional"],"inLanguage":"es"},{"@type":"WebPage","@id":"https:\/\/www.eldiario.net\/portal\/2023\/10\/18\/unicef-teme-epidemias-en-franja-de-gaza-ante-desastrosa-situacion\/","url":"https:\/\/www.eldiario.net\/portal\/2023\/10\/18\/unicef-teme-epidemias-en-franja-de-gaza-ante-desastrosa-situacion\/","name":"Unicef teme epidemias en Franja de Gaza ante desastrosa situaci\u00f3n - El Diario - Bolivia","isPartOf":{"@id":"https:\/\/www.eldiario.net\/portal\/#website"},"datePublished":"2023-10-18T10:14:37+00:00","breadcrumb":{"@id":"https:\/\/www.eldiario.net\/portal\/2023\/10\/18\/unicef-teme-epidemias-en-franja-de-gaza-ante-desastrosa-situacion\/#breadcrumb"},"inLanguage":"es","potentialAction":[{"@type":"ReadAction","target":["https:\/\/www.eldiario.net\/portal\/2023\/10\/18\/unicef-teme-epidemias-en-franja-de-gaza-ante-desastrosa-situacion\/"]}]},{"@type":"BreadcrumbList","@id":"https:\/\/www.eldiario.net\/portal\/2023\/10\/18\/unicef-teme-epidemias-en-franja-de-gaza-ante-desastrosa-situacion\/#breadcrumb","itemListElement":[{"@type":"ListItem","position":1,"name":"Portada","item":"https:\/\/www.eldiario.net\/portal\/"},{"@type":"ListItem","position":2,"name":"Unicef teme epidemias en Franja de Gaza ante desastrosa situaci\u00f3n"}]},{"@type":"WebSite","@id":"https:\/\/www.eldiario.net\/portal\/#website","url":"https:\/\/www.eldiario.net\/portal\/","name":"El Diario - Decano de la prensa nacional","description":"El Diario - Decano de la prensa nacional","publisher":{"@id":"https:\/\/www.eldiario.net\/portal\/#organization"},"potentialAction":[{"@type":"SearchAction","target":{"@type":"EntryPoint","urlTemplate":"https:\/\/www.eldiario.net\/portal\/?s={search_term_string}"},"query-input":{"@type":"PropertyValueSpecification","valueRequired":true,"valueName":"search_term_string"}}],"inLanguage":"es"},{"@type":"Organization","@id":"https:\/\/www.eldiario.net\/portal\/#organization","name":"El Diario - Decano de la prensa nacional","url":"https:\/\/www.eldiario.net\/portal\/","logo":{"@type":"ImageObject","inLanguage":"es","@id":"https:\/\/www.eldiario.net\/portal\/#\/schema\/logo\/image\/","url":"https:\/\/www.eldiario.net\/portal\/wp-content\/uploads\/2023\/07\/logo_ED.jpg","contentUrl":"https:\/\/www.eldiario.net\/portal\/wp-content\/uploads\/2023\/07\/logo_ED.jpg","width":272,"height":52,"caption":"El Diario - Decano de la prensa nacional"},"image":{"@id":"https:\/\/www.eldiario.net\/portal\/#\/schema\/logo\/image\/"},"sameAs":["https:\/\/www.facebook.com\/eldiario.bolivia\/","https:\/\/x.com\/eldiario_net"]},{"@type":"Person","@id":"https:\/\/www.eldiario.net\/portal\/#\/schema\/person\/f46445640444750d7d753ccd04ae01b7","name":"Jeanette","image":{"@type":"ImageObject","inLanguage":"es","@id":"https:\/\/secure.gravatar.com\/avatar\/3ea2118a5f7dad2b7138b1187a6b7ee55f160b9968b66013c3a3ef39dd7e5798?s=96&d=mm&r=g","url":"https:\/\/secure.gravatar.com\/avatar\/3ea2118a5f7dad2b7138b1187a6b7ee55f160b9968b66013c3a3ef39dd7e5798?s=96&d=mm&r=g","contentUrl":"https:\/\/secure.gravatar.com\/avatar\/3ea2118a5f7dad2b7138b1187a6b7ee55f160b9968b66013c3a3ef39dd7e5798?s=96&d=mm&r=g","caption":"Jeanette"},"sameAs":["https:\/\/www.eldiario.net\/portal"],"url":"https:\/\/www.eldiario.net\/portal\/author\/jeanette\/"}]}},"_links":{"self":[{"href":"https:\/\/www.eldiario.net\/portal\/wp-json\/wp\/v2\/posts\/182539","targetHints":{"allow":["GET"]}}],"collection":[{"href":"https:\/\/www.eldiario.net\/portal\/wp-json\/wp\/v2\/posts"}],"about":[{"href":"https:\/\/www.eldiario.net\/portal\/wp-json\/wp\/v2\/types\/post"}],"author":[{"embeddable":true,"href":"https:\/\/www.eldiario.net\/portal\/wp-json\/wp\/v2\/users\/1"}],"replies":[{"embeddable":true,"href":"https:\/\/www.eldiario.net\/portal\/wp-json\/wp\/v2\/comments?post=182539"}],"version-history":[{"count":0,"href":"https:\/\/www.eldiario.net\/portal\/wp-json\/wp\/v2\/posts\/182539\/revisions"}],"wp:attachment":[{"href":"https:\/\/www.eldiario.net\/portal\/wp-json\/wp\/v2\/media?parent=182539"}],"wp:term":[{"taxonomy":"category","embeddable":true,"href":"https:\/\/www.eldiario.net\/portal\/wp-json\/wp\/v2\/categories?post=182539"},{"taxonomy":"post_tag","embeddable":true,"href":"https:\/\/www.eldiario.net\/portal\/wp-json\/wp\/v2\/tags?post=182539"}],"curies":[{"name":"wp","href":"https:\/\/api.w.org\/{rel}","templated":true}]}}