{"id":182082,"date":"2023-10-15T06:38:30","date_gmt":"2023-10-15T10:38:30","guid":{"rendered":"https:\/\/www.eldiario.net\/portal\/?p=182082"},"modified":"2023-10-15T06:38:30","modified_gmt":"2023-10-15T10:38:30","slug":"capitalismo-popular-hacia-la-inclusion-y-la-prosperidad","status":"publish","type":"post","link":"https:\/\/www.eldiario.net\/portal\/2023\/10\/15\/capitalismo-popular-hacia-la-inclusion-y-la-prosperidad\/","title":{"rendered":"Capitalismo Popular: Hacia la inclusi\u00f3n y la prosperidad"},"content":{"rendered":"<p>El Capitalismo Popular representa una redefinici\u00f3n profunda y opuesta al modelo econ\u00f3mico estatista y centralista actual. En el n\u00facleo de este concepto yace la firme convicci\u00f3n de que todos deben tener acceso a las herramientas y oportunidades para prosperar, fortaleciendo la propiedad privada, alimentando la iniciativa individual y respaldando la din\u00e1mica del libre mercado para mejorar la calidad de vida de la poblaci\u00f3n. En lugar de una econom\u00eda dirigida desde las altas esferas del poder, este enfoque busca impulsar una participaci\u00f3n econ\u00f3mica ascendente, emanada desde la base de la pir\u00e1mide social.<br \/>\nEl Capitalismo Popular busca trascender las barreras tradicionales y renovar nuestra percepci\u00f3n de la inclusi\u00f3n econ\u00f3mica. En lugar de esperar que el Estado lo haga todo, busca integrar genuinamente a todos los actores de la sociedad en el tejido econ\u00f3mico. La meta es que todos, independientemente de su origen, situaci\u00f3n econ\u00f3mica, raza o ideolog\u00eda, tengan un papel activo en la econom\u00eda. Cada individuo tiene un valor y potencial intr\u00ednsecos que, al ser adecuadamente estimulados y aprovechados, pueden enriquecer y robustecer la econom\u00eda de manera colectiva.<br \/>\nEste enfoque tambi\u00e9n se extiende a las regiones y comunidades que hist\u00f3ricamente han sido marginadas y sobrepasadas por el Estado que se apropia de sus derechos a la autodeterminaci\u00f3n. Cada regi\u00f3n debe poder definir su destino como sus ciudadanos vean conveniente en el ejercicio total de sus libertades.<br \/>\nEl \u00e9nfasis est\u00e1 en una inclusi\u00f3n estrat\u00e9gica para forjar una econom\u00eda resiliente y diversa. Utilizando la diversidad de pensamientos y habilidades individuales, se revelan oportunidades que un Estado centralista nunca podr\u00eda ver. Una econom\u00eda inclusiva promueve estabilidad y justicia, minimizando tensiones y conflictos. El objetivo es empoderar a los individuos, proporcion\u00e1ndoles herramientas y recursos, con un Estado \u00e1gil actuando como facilitador.<br \/>\nPese a que la historia econ\u00f3mica boliviana ha estado marcada por enfoques estatistas, destaca la tenacidad del empresariado formal y el surgimiento de una vibrante econom\u00eda informal. En este escenario, el Capitalismo Popular tiene la base para prosperar. Desde comerciantes, cuentapropistas, peque\u00f1os emprendedores y una variedad de actores est\u00e1n revolucionando la econom\u00eda boliviana. Estos empresarios populares, m\u00e1s all\u00e1 de ser meros participantes, son innovadores que, sin un respaldo formal y enfrentando desaf\u00edos, idean soluciones creativas. Su impulso proviene de tradiciones ind\u00edgenas de comercio y autogesti\u00f3n, as\u00ed como de la necesidad de hallar opciones en un sistema que no los integra plenamente debido a normativas y grav\u00e1menes restrictivos. Est\u00e1n reescribiendo la definici\u00f3n de ser empresario en Bolivia, cuestionando convenciones econ\u00f3micas.<br \/>\nParalelamente, numerosas propiedades privadas no registradas constituyen capital muerto y reprimido. Aunque son esenciales para sus due\u00f1os, la ausencia de reconocimiento legal impide que se utilicen plenamente, por ejemplo, como garant\u00edas para cr\u00e9ditos o inversiones.<br \/>\nOtro aspecto distintivo del Capitalismo Popular es su visi\u00f3n del trabajador. No lo ve solo como un agente pasivo en la cadena de producci\u00f3n, sino como un potencial empresario, inversionista y colaborador estrat\u00e9gico. Imagina un sistema en el que los trabajadores no s\u00f3lo reciban salarios, sino que tambi\u00e9n se conviertan en inversionistas, socios de sus empleadores y participantes activos en el mercado de capitales. Esta transformaci\u00f3n cambiar\u00eda la din\u00e1mica laboral, alineando los intereses de empleados y empresas.<br \/>\nBolivia est\u00e1 en medio de una transici\u00f3n econ\u00f3mica. Con el auge silencioso del empresariado popular mayormente informal y la resiliente econom\u00eda formal, el pa\u00eds tiene ante s\u00ed una oportunidad \u00fanica de fusionar lo mejor de ambos mundos. El desaf\u00edo radica en establecer pol\u00edticas que liberen el talento y el capital reprimidos por la burocracia, los aranceles y los impuestos desproporcionados, permitiendo as\u00ed que el Capitalismo Popular florezca.<br \/>\nEn esencia, el Capitalismo Popular no es solo un sistema econ\u00f3mico, es una filosof\u00eda de vida. Su implementaci\u00f3n requiere un cambio profundo en c\u00f3mo se percibe la riqueza, el poder y la participaci\u00f3n. Al brindar a cada ciudadano las herramientas y oportunidades para ser parte activa de la econom\u00eda formal, se sientan las bases para una sociedad m\u00e1s justa y pr\u00f3spera. Bolivia tiene ante s\u00ed la oportunidad de ser pionera en este enfoque, fusionando tradici\u00f3n y modernidad en un modelo econ\u00f3mico revolucionario.<\/p>\n<p>Jaime Dunn es Analista Financiero.<br \/>\nTwitter: JaimeDunn_<\/p>\n","protected":false},"excerpt":{"rendered":"<p>El Capitalismo Popular representa una redefinici\u00f3n profunda y opuesta al modelo econ\u00f3mico estatista y centralista actual. En el n\u00facleo de este concepto yace la firme convicci\u00f3n de que todos deben tener acceso a las herramientas y oportunidades para prosperar, fortaleciendo la propiedad privada, alimentando la iniciativa individual y respaldando la din\u00e1mica del libre mercado para [&hellip;]<\/p>\n","protected":false},"author":1,"featured_media":171389,"comment_status":"closed","ping_status":"open","sticky":false,"template":"","format":"standard","meta":{"_acf_changed":false,"footnotes":""},"categories":[9],"tags":[],"class_list":["post-182082","post","type-post","status-publish","format-standard","has-post-thumbnail","category-opinion"],"acf":{"antetitulo":""},"yoast_head":"<!-- This site is optimized with the Yoast SEO plugin v28.3 - https:\/\/yoast.com\/product\/yoast-seo-wordpress\/ -->\n<title>Capitalismo Popular: Hacia la inclusi\u00f3n y la prosperidad - El Diario - Bolivia<\/title>\n<meta name=\"robots\" content=\"index, follow, max-snippet:-1, max-image-preview:large, max-video-preview:-1\" \/>\n<link rel=\"canonical\" href=\"https:\/\/www.eldiario.net\/portal\/2023\/10\/15\/capitalismo-popular-hacia-la-inclusion-y-la-prosperidad\/\" \/>\n<meta property=\"og:locale\" content=\"es_ES\" \/>\n<meta property=\"og:type\" content=\"article\" \/>\n<meta property=\"og:title\" content=\"Capitalismo Popular: Hacia la inclusi\u00f3n y la prosperidad - El Diario - Bolivia\" \/>\n<meta property=\"og:description\" content=\"El Capitalismo Popular representa una redefinici\u00f3n profunda y opuesta al modelo econ\u00f3mico estatista y centralista actual. En el n\u00facleo de este concepto yace la firme convicci\u00f3n de que todos deben tener acceso a las herramientas y oportunidades para prosperar, fortaleciendo la propiedad privada, alimentando la iniciativa individual y respaldando la din\u00e1mica del libre mercado para [&hellip;]\" \/>\n<meta property=\"og:url\" content=\"https:\/\/www.eldiario.net\/portal\/2023\/10\/15\/capitalismo-popular-hacia-la-inclusion-y-la-prosperidad\/\" \/>\n<meta property=\"og:site_name\" content=\"El Diario - Bolivia\" \/>\n<meta property=\"article:publisher\" content=\"https:\/\/www.facebook.com\/eldiario.bolivia\/\" \/>\n<meta property=\"article:published_time\" content=\"2023-10-15T10:38:30+00:00\" \/>\n<meta property=\"og:image\" content=\"https:\/\/www.eldiario.net\/portal\/wp-content\/uploads\/2023\/08\/Jaime-Dunn.jpg\" \/>\n\t<meta property=\"og:image:width\" content=\"1200\" \/>\n\t<meta property=\"og:image:height\" content=\"628\" \/>\n\t<meta property=\"og:image:type\" content=\"image\/jpeg\" \/>\n<meta name=\"author\" content=\"Jeanette\" \/>\n<meta name=\"twitter:card\" content=\"summary_large_image\" \/>\n<meta name=\"twitter:creator\" content=\"@eldiario_net\" \/>\n<meta name=\"twitter:site\" content=\"@eldiario_net\" \/>\n<meta name=\"twitter:label1\" content=\"Escrito por\" \/>\n\t<meta name=\"twitter:data1\" content=\"Jeanette\" \/>\n\t<meta name=\"twitter:label2\" content=\"Tiempo de lectura\" \/>\n\t<meta name=\"twitter:data2\" content=\"4 minutos\" \/>\n<script type=\"application\/ld+json\" class=\"yoast-schema-graph\">{\"@context\":\"https:\\\/\\\/schema.org\",\"@graph\":[{\"@type\":\"Article\",\"@id\":\"https:\\\/\\\/www.eldiario.net\\\/portal\\\/2023\\\/10\\\/15\\\/capitalismo-popular-hacia-la-inclusion-y-la-prosperidad\\\/#article\",\"isPartOf\":{\"@id\":\"https:\\\/\\\/www.eldiario.net\\\/portal\\\/2023\\\/10\\\/15\\\/capitalismo-popular-hacia-la-inclusion-y-la-prosperidad\\\/\"},\"author\":{\"name\":\"Jeanette\",\"@id\":\"https:\\\/\\\/www.eldiario.net\\\/portal\\\/#\\\/schema\\\/person\\\/f46445640444750d7d753ccd04ae01b7\"},\"headline\":\"Capitalismo Popular: Hacia la inclusi\u00f3n y la prosperidad\",\"datePublished\":\"2023-10-15T10:38:30+00:00\",\"mainEntityOfPage\":{\"@id\":\"https:\\\/\\\/www.eldiario.net\\\/portal\\\/2023\\\/10\\\/15\\\/capitalismo-popular-hacia-la-inclusion-y-la-prosperidad\\\/\"},\"wordCount\":751,\"publisher\":{\"@id\":\"https:\\\/\\\/www.eldiario.net\\\/portal\\\/#organization\"},\"image\":{\"@id\":\"https:\\\/\\\/www.eldiario.net\\\/portal\\\/2023\\\/10\\\/15\\\/capitalismo-popular-hacia-la-inclusion-y-la-prosperidad\\\/#primaryimage\"},\"thumbnailUrl\":\"https:\\\/\\\/www.eldiario.net\\\/portal\\\/wp-content\\\/uploads\\\/2023\\\/08\\\/Jaime-Dunn.jpg\",\"articleSection\":[\"Opini\u00f3n\"],\"inLanguage\":\"es\"},{\"@type\":\"WebPage\",\"@id\":\"https:\\\/\\\/www.eldiario.net\\\/portal\\\/2023\\\/10\\\/15\\\/capitalismo-popular-hacia-la-inclusion-y-la-prosperidad\\\/\",\"url\":\"https:\\\/\\\/www.eldiario.net\\\/portal\\\/2023\\\/10\\\/15\\\/capitalismo-popular-hacia-la-inclusion-y-la-prosperidad\\\/\",\"name\":\"Capitalismo Popular: Hacia la inclusi\u00f3n y la prosperidad - El Diario - Bolivia\",\"isPartOf\":{\"@id\":\"https:\\\/\\\/www.eldiario.net\\\/portal\\\/#website\"},\"primaryImageOfPage\":{\"@id\":\"https:\\\/\\\/www.eldiario.net\\\/portal\\\/2023\\\/10\\\/15\\\/capitalismo-popular-hacia-la-inclusion-y-la-prosperidad\\\/#primaryimage\"},\"image\":{\"@id\":\"https:\\\/\\\/www.eldiario.net\\\/portal\\\/2023\\\/10\\\/15\\\/capitalismo-popular-hacia-la-inclusion-y-la-prosperidad\\\/#primaryimage\"},\"thumbnailUrl\":\"https:\\\/\\\/www.eldiario.net\\\/portal\\\/wp-content\\\/uploads\\\/2023\\\/08\\\/Jaime-Dunn.jpg\",\"datePublished\":\"2023-10-15T10:38:30+00:00\",\"breadcrumb\":{\"@id\":\"https:\\\/\\\/www.eldiario.net\\\/portal\\\/2023\\\/10\\\/15\\\/capitalismo-popular-hacia-la-inclusion-y-la-prosperidad\\\/#breadcrumb\"},\"inLanguage\":\"es\",\"potentialAction\":[{\"@type\":\"ReadAction\",\"target\":[\"https:\\\/\\\/www.eldiario.net\\\/portal\\\/2023\\\/10\\\/15\\\/capitalismo-popular-hacia-la-inclusion-y-la-prosperidad\\\/\"]}]},{\"@type\":\"ImageObject\",\"inLanguage\":\"es\",\"@id\":\"https:\\\/\\\/www.eldiario.net\\\/portal\\\/2023\\\/10\\\/15\\\/capitalismo-popular-hacia-la-inclusion-y-la-prosperidad\\\/#primaryimage\",\"url\":\"https:\\\/\\\/www.eldiario.net\\\/portal\\\/wp-content\\\/uploads\\\/2023\\\/08\\\/Jaime-Dunn.jpg\",\"contentUrl\":\"https:\\\/\\\/www.eldiario.net\\\/portal\\\/wp-content\\\/uploads\\\/2023\\\/08\\\/Jaime-Dunn.jpg\",\"width\":1200,\"height\":628},{\"@type\":\"BreadcrumbList\",\"@id\":\"https:\\\/\\\/www.eldiario.net\\\/portal\\\/2023\\\/10\\\/15\\\/capitalismo-popular-hacia-la-inclusion-y-la-prosperidad\\\/#breadcrumb\",\"itemListElement\":[{\"@type\":\"ListItem\",\"position\":1,\"name\":\"Portada\",\"item\":\"https:\\\/\\\/www.eldiario.net\\\/portal\\\/\"},{\"@type\":\"ListItem\",\"position\":2,\"name\":\"Capitalismo Popular: Hacia la inclusi\u00f3n y la prosperidad\"}]},{\"@type\":\"WebSite\",\"@id\":\"https:\\\/\\\/www.eldiario.net\\\/portal\\\/#website\",\"url\":\"https:\\\/\\\/www.eldiario.net\\\/portal\\\/\",\"name\":\"El Diario - Decano de la prensa nacional\",\"description\":\"El Diario - Decano de la prensa nacional\",\"publisher\":{\"@id\":\"https:\\\/\\\/www.eldiario.net\\\/portal\\\/#organization\"},\"potentialAction\":[{\"@type\":\"SearchAction\",\"target\":{\"@type\":\"EntryPoint\",\"urlTemplate\":\"https:\\\/\\\/www.eldiario.net\\\/portal\\\/?s={search_term_string}\"},\"query-input\":{\"@type\":\"PropertyValueSpecification\",\"valueRequired\":true,\"valueName\":\"search_term_string\"}}],\"inLanguage\":\"es\"},{\"@type\":\"Organization\",\"@id\":\"https:\\\/\\\/www.eldiario.net\\\/portal\\\/#organization\",\"name\":\"El Diario - Decano de la prensa nacional\",\"url\":\"https:\\\/\\\/www.eldiario.net\\\/portal\\\/\",\"logo\":{\"@type\":\"ImageObject\",\"inLanguage\":\"es\",\"@id\":\"https:\\\/\\\/www.eldiario.net\\\/portal\\\/#\\\/schema\\\/logo\\\/image\\\/\",\"url\":\"https:\\\/\\\/www.eldiario.net\\\/portal\\\/wp-content\\\/uploads\\\/2023\\\/07\\\/logo_ED.jpg\",\"contentUrl\":\"https:\\\/\\\/www.eldiario.net\\\/portal\\\/wp-content\\\/uploads\\\/2023\\\/07\\\/logo_ED.jpg\",\"width\":272,\"height\":52,\"caption\":\"El Diario - Decano de la prensa nacional\"},\"image\":{\"@id\":\"https:\\\/\\\/www.eldiario.net\\\/portal\\\/#\\\/schema\\\/logo\\\/image\\\/\"},\"sameAs\":[\"https:\\\/\\\/www.facebook.com\\\/eldiario.bolivia\\\/\",\"https:\\\/\\\/x.com\\\/eldiario_net\"]},{\"@type\":\"Person\",\"@id\":\"https:\\\/\\\/www.eldiario.net\\\/portal\\\/#\\\/schema\\\/person\\\/f46445640444750d7d753ccd04ae01b7\",\"name\":\"Jeanette\",\"image\":{\"@type\":\"ImageObject\",\"inLanguage\":\"es\",\"@id\":\"https:\\\/\\\/secure.gravatar.com\\\/avatar\\\/3ea2118a5f7dad2b7138b1187a6b7ee55f160b9968b66013c3a3ef39dd7e5798?s=96&d=mm&r=g\",\"url\":\"https:\\\/\\\/secure.gravatar.com\\\/avatar\\\/3ea2118a5f7dad2b7138b1187a6b7ee55f160b9968b66013c3a3ef39dd7e5798?s=96&d=mm&r=g\",\"contentUrl\":\"https:\\\/\\\/secure.gravatar.com\\\/avatar\\\/3ea2118a5f7dad2b7138b1187a6b7ee55f160b9968b66013c3a3ef39dd7e5798?s=96&d=mm&r=g\",\"caption\":\"Jeanette\"},\"sameAs\":[\"https:\\\/\\\/www.eldiario.net\\\/portal\"],\"url\":\"https:\\\/\\\/www.eldiario.net\\\/portal\\\/author\\\/jeanette\\\/\"}]}<\/script>\n<!-- \/ Yoast SEO plugin. -->","yoast_head_json":{"title":"Capitalismo Popular: Hacia la inclusi\u00f3n y la prosperidad - El Diario - Bolivia","robots":{"index":"index","follow":"follow","max-snippet":"max-snippet:-1","max-image-preview":"max-image-preview:large","max-video-preview":"max-video-preview:-1"},"canonical":"https:\/\/www.eldiario.net\/portal\/2023\/10\/15\/capitalismo-popular-hacia-la-inclusion-y-la-prosperidad\/","og_locale":"es_ES","og_type":"article","og_title":"Capitalismo Popular: Hacia la inclusi\u00f3n y la prosperidad - El Diario - Bolivia","og_description":"El Capitalismo Popular representa una redefinici\u00f3n profunda y opuesta al modelo econ\u00f3mico estatista y centralista actual. En el n\u00facleo de este concepto yace la firme convicci\u00f3n de que todos deben tener acceso a las herramientas y oportunidades para prosperar, fortaleciendo la propiedad privada, alimentando la iniciativa individual y respaldando la din\u00e1mica del libre mercado para [&hellip;]","og_url":"https:\/\/www.eldiario.net\/portal\/2023\/10\/15\/capitalismo-popular-hacia-la-inclusion-y-la-prosperidad\/","og_site_name":"El Diario - Bolivia","article_publisher":"https:\/\/www.facebook.com\/eldiario.bolivia\/","article_published_time":"2023-10-15T10:38:30+00:00","og_image":[{"width":1200,"height":628,"url":"https:\/\/www.eldiario.net\/portal\/wp-content\/uploads\/2023\/08\/Jaime-Dunn.jpg","type":"image\/jpeg"}],"author":"Jeanette","twitter_card":"summary_large_image","twitter_creator":"@eldiario_net","twitter_site":"@eldiario_net","twitter_misc":{"Escrito por":"Jeanette","Tiempo de lectura":"4 minutos"},"schema":{"@context":"https:\/\/schema.org","@graph":[{"@type":"Article","@id":"https:\/\/www.eldiario.net\/portal\/2023\/10\/15\/capitalismo-popular-hacia-la-inclusion-y-la-prosperidad\/#article","isPartOf":{"@id":"https:\/\/www.eldiario.net\/portal\/2023\/10\/15\/capitalismo-popular-hacia-la-inclusion-y-la-prosperidad\/"},"author":{"name":"Jeanette","@id":"https:\/\/www.eldiario.net\/portal\/#\/schema\/person\/f46445640444750d7d753ccd04ae01b7"},"headline":"Capitalismo Popular: Hacia la inclusi\u00f3n y la prosperidad","datePublished":"2023-10-15T10:38:30+00:00","mainEntityOfPage":{"@id":"https:\/\/www.eldiario.net\/portal\/2023\/10\/15\/capitalismo-popular-hacia-la-inclusion-y-la-prosperidad\/"},"wordCount":751,"publisher":{"@id":"https:\/\/www.eldiario.net\/portal\/#organization"},"image":{"@id":"https:\/\/www.eldiario.net\/portal\/2023\/10\/15\/capitalismo-popular-hacia-la-inclusion-y-la-prosperidad\/#primaryimage"},"thumbnailUrl":"https:\/\/www.eldiario.net\/portal\/wp-content\/uploads\/2023\/08\/Jaime-Dunn.jpg","articleSection":["Opini\u00f3n"],"inLanguage":"es"},{"@type":"WebPage","@id":"https:\/\/www.eldiario.net\/portal\/2023\/10\/15\/capitalismo-popular-hacia-la-inclusion-y-la-prosperidad\/","url":"https:\/\/www.eldiario.net\/portal\/2023\/10\/15\/capitalismo-popular-hacia-la-inclusion-y-la-prosperidad\/","name":"Capitalismo Popular: Hacia la inclusi\u00f3n y la prosperidad - El Diario - Bolivia","isPartOf":{"@id":"https:\/\/www.eldiario.net\/portal\/#website"},"primaryImageOfPage":{"@id":"https:\/\/www.eldiario.net\/portal\/2023\/10\/15\/capitalismo-popular-hacia-la-inclusion-y-la-prosperidad\/#primaryimage"},"image":{"@id":"https:\/\/www.eldiario.net\/portal\/2023\/10\/15\/capitalismo-popular-hacia-la-inclusion-y-la-prosperidad\/#primaryimage"},"thumbnailUrl":"https:\/\/www.eldiario.net\/portal\/wp-content\/uploads\/2023\/08\/Jaime-Dunn.jpg","datePublished":"2023-10-15T10:38:30+00:00","breadcrumb":{"@id":"https:\/\/www.eldiario.net\/portal\/2023\/10\/15\/capitalismo-popular-hacia-la-inclusion-y-la-prosperidad\/#breadcrumb"},"inLanguage":"es","potentialAction":[{"@type":"ReadAction","target":["https:\/\/www.eldiario.net\/portal\/2023\/10\/15\/capitalismo-popular-hacia-la-inclusion-y-la-prosperidad\/"]}]},{"@type":"ImageObject","inLanguage":"es","@id":"https:\/\/www.eldiario.net\/portal\/2023\/10\/15\/capitalismo-popular-hacia-la-inclusion-y-la-prosperidad\/#primaryimage","url":"https:\/\/www.eldiario.net\/portal\/wp-content\/uploads\/2023\/08\/Jaime-Dunn.jpg","contentUrl":"https:\/\/www.eldiario.net\/portal\/wp-content\/uploads\/2023\/08\/Jaime-Dunn.jpg","width":1200,"height":628},{"@type":"BreadcrumbList","@id":"https:\/\/www.eldiario.net\/portal\/2023\/10\/15\/capitalismo-popular-hacia-la-inclusion-y-la-prosperidad\/#breadcrumb","itemListElement":[{"@type":"ListItem","position":1,"name":"Portada","item":"https:\/\/www.eldiario.net\/portal\/"},{"@type":"ListItem","position":2,"name":"Capitalismo Popular: Hacia la inclusi\u00f3n y la prosperidad"}]},{"@type":"WebSite","@id":"https:\/\/www.eldiario.net\/portal\/#website","url":"https:\/\/www.eldiario.net\/portal\/","name":"El Diario - Decano de la prensa nacional","description":"El Diario - Decano de la prensa nacional","publisher":{"@id":"https:\/\/www.eldiario.net\/portal\/#organization"},"potentialAction":[{"@type":"SearchAction","target":{"@type":"EntryPoint","urlTemplate":"https:\/\/www.eldiario.net\/portal\/?s={search_term_string}"},"query-input":{"@type":"PropertyValueSpecification","valueRequired":true,"valueName":"search_term_string"}}],"inLanguage":"es"},{"@type":"Organization","@id":"https:\/\/www.eldiario.net\/portal\/#organization","name":"El Diario - Decano de la prensa nacional","url":"https:\/\/www.eldiario.net\/portal\/","logo":{"@type":"ImageObject","inLanguage":"es","@id":"https:\/\/www.eldiario.net\/portal\/#\/schema\/logo\/image\/","url":"https:\/\/www.eldiario.net\/portal\/wp-content\/uploads\/2023\/07\/logo_ED.jpg","contentUrl":"https:\/\/www.eldiario.net\/portal\/wp-content\/uploads\/2023\/07\/logo_ED.jpg","width":272,"height":52,"caption":"El Diario - Decano de la prensa nacional"},"image":{"@id":"https:\/\/www.eldiario.net\/portal\/#\/schema\/logo\/image\/"},"sameAs":["https:\/\/www.facebook.com\/eldiario.bolivia\/","https:\/\/x.com\/eldiario_net"]},{"@type":"Person","@id":"https:\/\/www.eldiario.net\/portal\/#\/schema\/person\/f46445640444750d7d753ccd04ae01b7","name":"Jeanette","image":{"@type":"ImageObject","inLanguage":"es","@id":"https:\/\/secure.gravatar.com\/avatar\/3ea2118a5f7dad2b7138b1187a6b7ee55f160b9968b66013c3a3ef39dd7e5798?s=96&d=mm&r=g","url":"https:\/\/secure.gravatar.com\/avatar\/3ea2118a5f7dad2b7138b1187a6b7ee55f160b9968b66013c3a3ef39dd7e5798?s=96&d=mm&r=g","contentUrl":"https:\/\/secure.gravatar.com\/avatar\/3ea2118a5f7dad2b7138b1187a6b7ee55f160b9968b66013c3a3ef39dd7e5798?s=96&d=mm&r=g","caption":"Jeanette"},"sameAs":["https:\/\/www.eldiario.net\/portal"],"url":"https:\/\/www.eldiario.net\/portal\/author\/jeanette\/"}]}},"_links":{"self":[{"href":"https:\/\/www.eldiario.net\/portal\/wp-json\/wp\/v2\/posts\/182082","targetHints":{"allow":["GET"]}}],"collection":[{"href":"https:\/\/www.eldiario.net\/portal\/wp-json\/wp\/v2\/posts"}],"about":[{"href":"https:\/\/www.eldiario.net\/portal\/wp-json\/wp\/v2\/types\/post"}],"author":[{"embeddable":true,"href":"https:\/\/www.eldiario.net\/portal\/wp-json\/wp\/v2\/users\/1"}],"replies":[{"embeddable":true,"href":"https:\/\/www.eldiario.net\/portal\/wp-json\/wp\/v2\/comments?post=182082"}],"version-history":[{"count":0,"href":"https:\/\/www.eldiario.net\/portal\/wp-json\/wp\/v2\/posts\/182082\/revisions"}],"wp:featuredmedia":[{"embeddable":true,"href":"https:\/\/www.eldiario.net\/portal\/wp-json\/wp\/v2\/media\/171389"}],"wp:attachment":[{"href":"https:\/\/www.eldiario.net\/portal\/wp-json\/wp\/v2\/media?parent=182082"}],"wp:term":[{"taxonomy":"category","embeddable":true,"href":"https:\/\/www.eldiario.net\/portal\/wp-json\/wp\/v2\/categories?post=182082"},{"taxonomy":"post_tag","embeddable":true,"href":"https:\/\/www.eldiario.net\/portal\/wp-json\/wp\/v2\/tags?post=182082"}],"curies":[{"name":"wp","href":"https:\/\/api.w.org\/{rel}","templated":true}]}}