{"id":182077,"date":"2023-10-15T06:37:17","date_gmt":"2023-10-15T10:37:17","guid":{"rendered":"https:\/\/www.eldiario.net\/portal\/?p=182077"},"modified":"2023-10-15T06:37:17","modified_gmt":"2023-10-15T10:37:17","slug":"ultiman-detalles-para-iniciar-el-plan-de-ordenamiento-vial-en-la-ceja","status":"publish","type":"post","link":"https:\/\/www.eldiario.net\/portal\/2023\/10\/15\/ultiman-detalles-para-iniciar-el-plan-de-ordenamiento-vial-en-la-ceja\/","title":{"rendered":"Ultiman detalles para iniciar el plan  de ordenamiento vial en la Ceja"},"content":{"rendered":"<p>A poco de iniciar el Plan T\u00e9cnico de Ordenamiento Vial de la Ceja en la ciudad de El Alto, obreros, funcionarios y autoridades de la comuna ultiman detalles para la implementaci\u00f3n del nuevo proyecto que tiene la finalidad de descongestionar uno de los centros m\u00e1s neur\u00e1lgicos de esa urbe: la Ceja. En esta primera etapa, se trabajar\u00e1 con el cambio de sentido de algunas v\u00edas y la eliminaci\u00f3n de paradas.<br \/>\n\u201cSe est\u00e1 haciendo readecuaci\u00f3n de las avenidas en este sector (avenida Kil\u00f3metro 7 altura Calle 2) por ejemplo, se est\u00e1 colocando bolardos para que no haya giros de transporte intermunicipal, de la misma manera se habilit\u00f3 un carril para la jardinera que no estaba de forma adecuada\u201d, explic\u00f3 el secretario municipal de Movilidad Urbana de El Alto, Reynaldo Cusi, a tiempo de recordar que a partir de este lunes se aplica el plan.<br \/>\nLos trabajos se aceleran, en la avenida Kil\u00f3metro 7 altura de la Calle 2, ayer los obreros realizaron reparaciones en aceras, adem\u00e1s de colocar bolardos que no permiten realizar giros, ahora prohibidos, de veh\u00edculos que llegan desde la zona norte de la urbe alte\u00f1a o de la ciudad de La Paz, hacia la Calle 2.<br \/>\nV\u00edas de la zona 12 de Octubre, como las avenidas Jorge Carrasco y Ra\u00fal Salm\u00f3n estar\u00e1n en direcci\u00f3n a la Ceja, en tanto que la avenida Franco Valle ser\u00e1 de salida hacia la zona de Ciudad Sat\u00e9lite.<br \/>\nAdem\u00e1s, \u201cestamos realizando el encendido de todos los sem\u00e1foros correspondientes, cada uno tiene un programador individual tanto en las avenidas Jorge Carrasco y Franco Valle como la Ra\u00fal Salmon, se est\u00e1 haciendo el cableado correspondiente, de la misma manera, en horas de la noche (por ayer) vamos a hacer el pintado de con l\u00edneas segmentadas, verticales y horizontales y pasos peatonales para que tengamos en diferentes puntos el d\u00eda lunes el ordenamiento vial\u201d, sostuvo Cusi.<br \/>\nSin embargo, la implementaci\u00f3n de ese tipo de cambios, de acuerdo con el secretario edil \u201cva ser de forma gradual para que no sea muy traum\u00e1tico el plan de ordenamiento. Tenemos que estar todos los sectores; sector gremial, sector transporte y toda la vecindad de la ciudad de El Alto\u201d.<br \/>\n\u201cPaso a paso vamos a intervenir, la avenida Antofagasta, avenida Arica, Juan Pablo II, estamos empezando con cambios de sentido, con reubicaci\u00f3n de paradas de transporte urbano y transporte intermunicipal\u201d, acot\u00f3 Cusi.<br \/>\nAl respecto, por ejemplo, en la avenida Kil\u00f3metro 7, al frente del Campo Ferial alte\u00f1o, se elimin\u00f3 una parada de minib\u00fas que hace servicio interciudad, para ello, seg\u00fan la autoridad edil, se convers\u00f3 y coordin\u00f3 con el sindicato y los choferes.<br \/>\n\u201cEn este sector (el mencionado anteriormente) eliminamos el sindicato Cotranstur ya no tienen parada intermedia. Entonces tienen conocimiento y tendremos dos carriles habilitados con desemboque hacia la ciudad de La Paz\u201d, asegur\u00f3.<br \/>\nAsimismo, se indic\u00f3 que el trabajo es coordinado con el comandante de Tr\u00e1nsito de El Alto, el Comando Regional y efectivos de la Guardia Municipal de Transporte, adem\u00e1s de personal administrativo del Gobierno Aut\u00f3nomo Municipal alte\u00f1o.<br \/>\nCon la medida se pretende eliminar hasta en un 60% la congesti\u00f3n vehicular de la urbe alte\u00f1a.<br \/>\n\u201cVamos a tener una fluidez vehicular en un 60 por ciento, es el porcentaje que tenemos nosotros dentro de movilidad urbana. Tener una fluidez eso nos va ayudar a trasladarnos a diferentes arterias\u201d.<\/p>\n<p>GREMIALES<br \/>\nDe acuerdo con algunos comerciantes, estos se ven perjudicados por los cambios y trabajos que realiza la comuna alte\u00f1a para implementar el plan de ordenamiento vial, aseguran tener los permisos correspondientes, pero las autoridades se\u00f1alan que sus puestos de venta est\u00e1n en la calzada y reducen la v\u00eda a solo un carril, hecho que influye para el caos vehicular.<br \/>\n\u201cHay asociaciones que cuentan con ordenanza municipal, ley municipal de asentamiento, sus planos de asentamiento, entonces vamos a pedir nosotros que se respete todo lo que est\u00e1 autorizado por el municipio. Adem\u00e1s, los mismos que cumplen con el tema tributario ante el municipio\u201d, asegur\u00f3 el dirigente gremial, Rodolfo Mancilla.<br \/>\nEl representante manifest\u00f3 que velar\u00e1 por el cumplimiento de las normas y las fuentes de ingresos de sus afiliados.<br \/>\n\u201cComo Federaci\u00f3n de Gremiales anunciamos que no vamos a permitir que se afecte, solamente que se acomode de acuerdo al plano de asentamiento que tiene cada asociaci\u00f3n\u201d, sostuvo.<\/p>\n","protected":false},"excerpt":{"rendered":"<p>A poco de iniciar el Plan T\u00e9cnico de Ordenamiento Vial de la Ceja en la ciudad de El Alto, obreros, funcionarios y autoridades de la comuna ultiman detalles para la implementaci\u00f3n del nuevo proyecto que tiene la finalidad de descongestionar uno de los centros m\u00e1s neur\u00e1lgicos de esa urbe: la Ceja. En esta primera etapa, [&hellip;]<\/p>\n","protected":false},"author":1,"featured_media":182078,"comment_status":"closed","ping_status":"open","sticky":false,"template":"","format":"standard","meta":{"_acf_changed":false,"footnotes":""},"categories":[12],"tags":[],"class_list":["post-182077","post","type-post","status-publish","format-standard","has-post-thumbnail","category-nacional"],"acf":{"antetitulo":""},"yoast_head":"<!-- This site is optimized with the Yoast SEO plugin v28.3 - https:\/\/yoast.com\/product\/yoast-seo-wordpress\/ -->\n<title>Ultiman detalles para iniciar el plan de ordenamiento vial en la Ceja - El Diario - Bolivia<\/title>\n<meta name=\"robots\" content=\"index, follow, max-snippet:-1, max-image-preview:large, max-video-preview:-1\" \/>\n<link rel=\"canonical\" href=\"https:\/\/www.eldiario.net\/portal\/2023\/10\/15\/ultiman-detalles-para-iniciar-el-plan-de-ordenamiento-vial-en-la-ceja\/\" \/>\n<meta property=\"og:locale\" content=\"es_ES\" \/>\n<meta property=\"og:type\" content=\"article\" \/>\n<meta property=\"og:title\" content=\"Ultiman detalles para iniciar el plan de ordenamiento vial en la Ceja - El Diario - Bolivia\" \/>\n<meta property=\"og:description\" content=\"A poco de iniciar el Plan T\u00e9cnico de Ordenamiento Vial de la Ceja en la ciudad de El Alto, obreros, funcionarios y autoridades de la comuna ultiman detalles para la implementaci\u00f3n del nuevo proyecto que tiene la finalidad de descongestionar uno de los centros m\u00e1s neur\u00e1lgicos de esa urbe: la Ceja. En esta primera etapa, [&hellip;]\" \/>\n<meta property=\"og:url\" content=\"https:\/\/www.eldiario.net\/portal\/2023\/10\/15\/ultiman-detalles-para-iniciar-el-plan-de-ordenamiento-vial-en-la-ceja\/\" \/>\n<meta property=\"og:site_name\" content=\"El Diario - Bolivia\" \/>\n<meta property=\"article:publisher\" content=\"https:\/\/www.facebook.com\/eldiario.bolivia\/\" \/>\n<meta property=\"article:published_time\" content=\"2023-10-15T10:37:17+00:00\" \/>\n<meta property=\"og:image\" content=\"https:\/\/www.eldiario.net\/portal\/wp-content\/uploads\/2023\/10\/F-1-ordenamiento.jpg\" \/>\n\t<meta property=\"og:image:width\" content=\"1024\" \/>\n\t<meta property=\"og:image:height\" content=\"768\" \/>\n\t<meta property=\"og:image:type\" content=\"image\/jpeg\" \/>\n<meta name=\"author\" content=\"Jeanette\" \/>\n<meta name=\"twitter:card\" content=\"summary_large_image\" \/>\n<meta name=\"twitter:creator\" content=\"@eldiario_net\" \/>\n<meta name=\"twitter:site\" content=\"@eldiario_net\" \/>\n<meta name=\"twitter:label1\" content=\"Escrito por\" \/>\n\t<meta name=\"twitter:data1\" content=\"Jeanette\" \/>\n\t<meta name=\"twitter:label2\" content=\"Tiempo de lectura\" \/>\n\t<meta name=\"twitter:data2\" content=\"4 minutos\" \/>\n<script type=\"application\/ld+json\" class=\"yoast-schema-graph\">{\"@context\":\"https:\\\/\\\/schema.org\",\"@graph\":[{\"@type\":\"Article\",\"@id\":\"https:\\\/\\\/www.eldiario.net\\\/portal\\\/2023\\\/10\\\/15\\\/ultiman-detalles-para-iniciar-el-plan-de-ordenamiento-vial-en-la-ceja\\\/#article\",\"isPartOf\":{\"@id\":\"https:\\\/\\\/www.eldiario.net\\\/portal\\\/2023\\\/10\\\/15\\\/ultiman-detalles-para-iniciar-el-plan-de-ordenamiento-vial-en-la-ceja\\\/\"},\"author\":{\"name\":\"Jeanette\",\"@id\":\"https:\\\/\\\/www.eldiario.net\\\/portal\\\/#\\\/schema\\\/person\\\/f46445640444750d7d753ccd04ae01b7\"},\"headline\":\"Ultiman detalles para iniciar el plan de ordenamiento vial en la Ceja\",\"datePublished\":\"2023-10-15T10:37:17+00:00\",\"mainEntityOfPage\":{\"@id\":\"https:\\\/\\\/www.eldiario.net\\\/portal\\\/2023\\\/10\\\/15\\\/ultiman-detalles-para-iniciar-el-plan-de-ordenamiento-vial-en-la-ceja\\\/\"},\"wordCount\":753,\"publisher\":{\"@id\":\"https:\\\/\\\/www.eldiario.net\\\/portal\\\/#organization\"},\"image\":{\"@id\":\"https:\\\/\\\/www.eldiario.net\\\/portal\\\/2023\\\/10\\\/15\\\/ultiman-detalles-para-iniciar-el-plan-de-ordenamiento-vial-en-la-ceja\\\/#primaryimage\"},\"thumbnailUrl\":\"https:\\\/\\\/www.eldiario.net\\\/portal\\\/wp-content\\\/uploads\\\/2023\\\/10\\\/F-1-ordenamiento.jpg\",\"articleSection\":[\"Nacional\"],\"inLanguage\":\"es\"},{\"@type\":\"WebPage\",\"@id\":\"https:\\\/\\\/www.eldiario.net\\\/portal\\\/2023\\\/10\\\/15\\\/ultiman-detalles-para-iniciar-el-plan-de-ordenamiento-vial-en-la-ceja\\\/\",\"url\":\"https:\\\/\\\/www.eldiario.net\\\/portal\\\/2023\\\/10\\\/15\\\/ultiman-detalles-para-iniciar-el-plan-de-ordenamiento-vial-en-la-ceja\\\/\",\"name\":\"Ultiman detalles para iniciar el plan de ordenamiento vial en la Ceja - El Diario - Bolivia\",\"isPartOf\":{\"@id\":\"https:\\\/\\\/www.eldiario.net\\\/portal\\\/#website\"},\"primaryImageOfPage\":{\"@id\":\"https:\\\/\\\/www.eldiario.net\\\/portal\\\/2023\\\/10\\\/15\\\/ultiman-detalles-para-iniciar-el-plan-de-ordenamiento-vial-en-la-ceja\\\/#primaryimage\"},\"image\":{\"@id\":\"https:\\\/\\\/www.eldiario.net\\\/portal\\\/2023\\\/10\\\/15\\\/ultiman-detalles-para-iniciar-el-plan-de-ordenamiento-vial-en-la-ceja\\\/#primaryimage\"},\"thumbnailUrl\":\"https:\\\/\\\/www.eldiario.net\\\/portal\\\/wp-content\\\/uploads\\\/2023\\\/10\\\/F-1-ordenamiento.jpg\",\"datePublished\":\"2023-10-15T10:37:17+00:00\",\"breadcrumb\":{\"@id\":\"https:\\\/\\\/www.eldiario.net\\\/portal\\\/2023\\\/10\\\/15\\\/ultiman-detalles-para-iniciar-el-plan-de-ordenamiento-vial-en-la-ceja\\\/#breadcrumb\"},\"inLanguage\":\"es\",\"potentialAction\":[{\"@type\":\"ReadAction\",\"target\":[\"https:\\\/\\\/www.eldiario.net\\\/portal\\\/2023\\\/10\\\/15\\\/ultiman-detalles-para-iniciar-el-plan-de-ordenamiento-vial-en-la-ceja\\\/\"]}]},{\"@type\":\"ImageObject\",\"inLanguage\":\"es\",\"@id\":\"https:\\\/\\\/www.eldiario.net\\\/portal\\\/2023\\\/10\\\/15\\\/ultiman-detalles-para-iniciar-el-plan-de-ordenamiento-vial-en-la-ceja\\\/#primaryimage\",\"url\":\"https:\\\/\\\/www.eldiario.net\\\/portal\\\/wp-content\\\/uploads\\\/2023\\\/10\\\/F-1-ordenamiento.jpg\",\"contentUrl\":\"https:\\\/\\\/www.eldiario.net\\\/portal\\\/wp-content\\\/uploads\\\/2023\\\/10\\\/F-1-ordenamiento.jpg\",\"width\":1024,\"height\":768,\"caption\":\"Los trabajos en la avenida Kil\u00f3metro 7 para mejorar el tr\u00e1nsito vehicular.\"},{\"@type\":\"BreadcrumbList\",\"@id\":\"https:\\\/\\\/www.eldiario.net\\\/portal\\\/2023\\\/10\\\/15\\\/ultiman-detalles-para-iniciar-el-plan-de-ordenamiento-vial-en-la-ceja\\\/#breadcrumb\",\"itemListElement\":[{\"@type\":\"ListItem\",\"position\":1,\"name\":\"Portada\",\"item\":\"https:\\\/\\\/www.eldiario.net\\\/portal\\\/\"},{\"@type\":\"ListItem\",\"position\":2,\"name\":\"Ultiman detalles para iniciar el plan de ordenamiento vial en la Ceja\"}]},{\"@type\":\"WebSite\",\"@id\":\"https:\\\/\\\/www.eldiario.net\\\/portal\\\/#website\",\"url\":\"https:\\\/\\\/www.eldiario.net\\\/portal\\\/\",\"name\":\"El Diario - Decano de la prensa nacional\",\"description\":\"El Diario - Decano de la prensa nacional\",\"publisher\":{\"@id\":\"https:\\\/\\\/www.eldiario.net\\\/portal\\\/#organization\"},\"potentialAction\":[{\"@type\":\"SearchAction\",\"target\":{\"@type\":\"EntryPoint\",\"urlTemplate\":\"https:\\\/\\\/www.eldiario.net\\\/portal\\\/?s={search_term_string}\"},\"query-input\":{\"@type\":\"PropertyValueSpecification\",\"valueRequired\":true,\"valueName\":\"search_term_string\"}}],\"inLanguage\":\"es\"},{\"@type\":\"Organization\",\"@id\":\"https:\\\/\\\/www.eldiario.net\\\/portal\\\/#organization\",\"name\":\"El Diario - Decano de la prensa nacional\",\"url\":\"https:\\\/\\\/www.eldiario.net\\\/portal\\\/\",\"logo\":{\"@type\":\"ImageObject\",\"inLanguage\":\"es\",\"@id\":\"https:\\\/\\\/www.eldiario.net\\\/portal\\\/#\\\/schema\\\/logo\\\/image\\\/\",\"url\":\"https:\\\/\\\/www.eldiario.net\\\/portal\\\/wp-content\\\/uploads\\\/2023\\\/07\\\/logo_ED.jpg\",\"contentUrl\":\"https:\\\/\\\/www.eldiario.net\\\/portal\\\/wp-content\\\/uploads\\\/2023\\\/07\\\/logo_ED.jpg\",\"width\":272,\"height\":52,\"caption\":\"El Diario - Decano de la prensa nacional\"},\"image\":{\"@id\":\"https:\\\/\\\/www.eldiario.net\\\/portal\\\/#\\\/schema\\\/logo\\\/image\\\/\"},\"sameAs\":[\"https:\\\/\\\/www.facebook.com\\\/eldiario.bolivia\\\/\",\"https:\\\/\\\/x.com\\\/eldiario_net\"]},{\"@type\":\"Person\",\"@id\":\"https:\\\/\\\/www.eldiario.net\\\/portal\\\/#\\\/schema\\\/person\\\/f46445640444750d7d753ccd04ae01b7\",\"name\":\"Jeanette\",\"image\":{\"@type\":\"ImageObject\",\"inLanguage\":\"es\",\"@id\":\"https:\\\/\\\/secure.gravatar.com\\\/avatar\\\/3ea2118a5f7dad2b7138b1187a6b7ee55f160b9968b66013c3a3ef39dd7e5798?s=96&d=mm&r=g\",\"url\":\"https:\\\/\\\/secure.gravatar.com\\\/avatar\\\/3ea2118a5f7dad2b7138b1187a6b7ee55f160b9968b66013c3a3ef39dd7e5798?s=96&d=mm&r=g\",\"contentUrl\":\"https:\\\/\\\/secure.gravatar.com\\\/avatar\\\/3ea2118a5f7dad2b7138b1187a6b7ee55f160b9968b66013c3a3ef39dd7e5798?s=96&d=mm&r=g\",\"caption\":\"Jeanette\"},\"sameAs\":[\"https:\\\/\\\/www.eldiario.net\\\/portal\"],\"url\":\"https:\\\/\\\/www.eldiario.net\\\/portal\\\/author\\\/jeanette\\\/\"}]}<\/script>\n<!-- \/ Yoast SEO plugin. -->","yoast_head_json":{"title":"Ultiman detalles para iniciar el plan de ordenamiento vial en la Ceja - El Diario - Bolivia","robots":{"index":"index","follow":"follow","max-snippet":"max-snippet:-1","max-image-preview":"max-image-preview:large","max-video-preview":"max-video-preview:-1"},"canonical":"https:\/\/www.eldiario.net\/portal\/2023\/10\/15\/ultiman-detalles-para-iniciar-el-plan-de-ordenamiento-vial-en-la-ceja\/","og_locale":"es_ES","og_type":"article","og_title":"Ultiman detalles para iniciar el plan de ordenamiento vial en la Ceja - El Diario - Bolivia","og_description":"A poco de iniciar el Plan T\u00e9cnico de Ordenamiento Vial de la Ceja en la ciudad de El Alto, obreros, funcionarios y autoridades de la comuna ultiman detalles para la implementaci\u00f3n del nuevo proyecto que tiene la finalidad de descongestionar uno de los centros m\u00e1s neur\u00e1lgicos de esa urbe: la Ceja. En esta primera etapa, [&hellip;]","og_url":"https:\/\/www.eldiario.net\/portal\/2023\/10\/15\/ultiman-detalles-para-iniciar-el-plan-de-ordenamiento-vial-en-la-ceja\/","og_site_name":"El Diario - Bolivia","article_publisher":"https:\/\/www.facebook.com\/eldiario.bolivia\/","article_published_time":"2023-10-15T10:37:17+00:00","og_image":[{"width":1024,"height":768,"url":"https:\/\/www.eldiario.net\/portal\/wp-content\/uploads\/2023\/10\/F-1-ordenamiento.jpg","type":"image\/jpeg"}],"author":"Jeanette","twitter_card":"summary_large_image","twitter_creator":"@eldiario_net","twitter_site":"@eldiario_net","twitter_misc":{"Escrito por":"Jeanette","Tiempo de lectura":"4 minutos"},"schema":{"@context":"https:\/\/schema.org","@graph":[{"@type":"Article","@id":"https:\/\/www.eldiario.net\/portal\/2023\/10\/15\/ultiman-detalles-para-iniciar-el-plan-de-ordenamiento-vial-en-la-ceja\/#article","isPartOf":{"@id":"https:\/\/www.eldiario.net\/portal\/2023\/10\/15\/ultiman-detalles-para-iniciar-el-plan-de-ordenamiento-vial-en-la-ceja\/"},"author":{"name":"Jeanette","@id":"https:\/\/www.eldiario.net\/portal\/#\/schema\/person\/f46445640444750d7d753ccd04ae01b7"},"headline":"Ultiman detalles para iniciar el plan de ordenamiento vial en la Ceja","datePublished":"2023-10-15T10:37:17+00:00","mainEntityOfPage":{"@id":"https:\/\/www.eldiario.net\/portal\/2023\/10\/15\/ultiman-detalles-para-iniciar-el-plan-de-ordenamiento-vial-en-la-ceja\/"},"wordCount":753,"publisher":{"@id":"https:\/\/www.eldiario.net\/portal\/#organization"},"image":{"@id":"https:\/\/www.eldiario.net\/portal\/2023\/10\/15\/ultiman-detalles-para-iniciar-el-plan-de-ordenamiento-vial-en-la-ceja\/#primaryimage"},"thumbnailUrl":"https:\/\/www.eldiario.net\/portal\/wp-content\/uploads\/2023\/10\/F-1-ordenamiento.jpg","articleSection":["Nacional"],"inLanguage":"es"},{"@type":"WebPage","@id":"https:\/\/www.eldiario.net\/portal\/2023\/10\/15\/ultiman-detalles-para-iniciar-el-plan-de-ordenamiento-vial-en-la-ceja\/","url":"https:\/\/www.eldiario.net\/portal\/2023\/10\/15\/ultiman-detalles-para-iniciar-el-plan-de-ordenamiento-vial-en-la-ceja\/","name":"Ultiman detalles para iniciar el plan de ordenamiento vial en la Ceja - El Diario - Bolivia","isPartOf":{"@id":"https:\/\/www.eldiario.net\/portal\/#website"},"primaryImageOfPage":{"@id":"https:\/\/www.eldiario.net\/portal\/2023\/10\/15\/ultiman-detalles-para-iniciar-el-plan-de-ordenamiento-vial-en-la-ceja\/#primaryimage"},"image":{"@id":"https:\/\/www.eldiario.net\/portal\/2023\/10\/15\/ultiman-detalles-para-iniciar-el-plan-de-ordenamiento-vial-en-la-ceja\/#primaryimage"},"thumbnailUrl":"https:\/\/www.eldiario.net\/portal\/wp-content\/uploads\/2023\/10\/F-1-ordenamiento.jpg","datePublished":"2023-10-15T10:37:17+00:00","breadcrumb":{"@id":"https:\/\/www.eldiario.net\/portal\/2023\/10\/15\/ultiman-detalles-para-iniciar-el-plan-de-ordenamiento-vial-en-la-ceja\/#breadcrumb"},"inLanguage":"es","potentialAction":[{"@type":"ReadAction","target":["https:\/\/www.eldiario.net\/portal\/2023\/10\/15\/ultiman-detalles-para-iniciar-el-plan-de-ordenamiento-vial-en-la-ceja\/"]}]},{"@type":"ImageObject","inLanguage":"es","@id":"https:\/\/www.eldiario.net\/portal\/2023\/10\/15\/ultiman-detalles-para-iniciar-el-plan-de-ordenamiento-vial-en-la-ceja\/#primaryimage","url":"https:\/\/www.eldiario.net\/portal\/wp-content\/uploads\/2023\/10\/F-1-ordenamiento.jpg","contentUrl":"https:\/\/www.eldiario.net\/portal\/wp-content\/uploads\/2023\/10\/F-1-ordenamiento.jpg","width":1024,"height":768,"caption":"Los trabajos en la avenida Kil\u00f3metro 7 para mejorar el tr\u00e1nsito vehicular."},{"@type":"BreadcrumbList","@id":"https:\/\/www.eldiario.net\/portal\/2023\/10\/15\/ultiman-detalles-para-iniciar-el-plan-de-ordenamiento-vial-en-la-ceja\/#breadcrumb","itemListElement":[{"@type":"ListItem","position":1,"name":"Portada","item":"https:\/\/www.eldiario.net\/portal\/"},{"@type":"ListItem","position":2,"name":"Ultiman detalles para iniciar el plan de ordenamiento vial en la Ceja"}]},{"@type":"WebSite","@id":"https:\/\/www.eldiario.net\/portal\/#website","url":"https:\/\/www.eldiario.net\/portal\/","name":"El Diario - Decano de la prensa nacional","description":"El Diario - Decano de la prensa nacional","publisher":{"@id":"https:\/\/www.eldiario.net\/portal\/#organization"},"potentialAction":[{"@type":"SearchAction","target":{"@type":"EntryPoint","urlTemplate":"https:\/\/www.eldiario.net\/portal\/?s={search_term_string}"},"query-input":{"@type":"PropertyValueSpecification","valueRequired":true,"valueName":"search_term_string"}}],"inLanguage":"es"},{"@type":"Organization","@id":"https:\/\/www.eldiario.net\/portal\/#organization","name":"El Diario - Decano de la prensa nacional","url":"https:\/\/www.eldiario.net\/portal\/","logo":{"@type":"ImageObject","inLanguage":"es","@id":"https:\/\/www.eldiario.net\/portal\/#\/schema\/logo\/image\/","url":"https:\/\/www.eldiario.net\/portal\/wp-content\/uploads\/2023\/07\/logo_ED.jpg","contentUrl":"https:\/\/www.eldiario.net\/portal\/wp-content\/uploads\/2023\/07\/logo_ED.jpg","width":272,"height":52,"caption":"El Diario - Decano de la prensa nacional"},"image":{"@id":"https:\/\/www.eldiario.net\/portal\/#\/schema\/logo\/image\/"},"sameAs":["https:\/\/www.facebook.com\/eldiario.bolivia\/","https:\/\/x.com\/eldiario_net"]},{"@type":"Person","@id":"https:\/\/www.eldiario.net\/portal\/#\/schema\/person\/f46445640444750d7d753ccd04ae01b7","name":"Jeanette","image":{"@type":"ImageObject","inLanguage":"es","@id":"https:\/\/secure.gravatar.com\/avatar\/3ea2118a5f7dad2b7138b1187a6b7ee55f160b9968b66013c3a3ef39dd7e5798?s=96&d=mm&r=g","url":"https:\/\/secure.gravatar.com\/avatar\/3ea2118a5f7dad2b7138b1187a6b7ee55f160b9968b66013c3a3ef39dd7e5798?s=96&d=mm&r=g","contentUrl":"https:\/\/secure.gravatar.com\/avatar\/3ea2118a5f7dad2b7138b1187a6b7ee55f160b9968b66013c3a3ef39dd7e5798?s=96&d=mm&r=g","caption":"Jeanette"},"sameAs":["https:\/\/www.eldiario.net\/portal"],"url":"https:\/\/www.eldiario.net\/portal\/author\/jeanette\/"}]}},"_links":{"self":[{"href":"https:\/\/www.eldiario.net\/portal\/wp-json\/wp\/v2\/posts\/182077","targetHints":{"allow":["GET"]}}],"collection":[{"href":"https:\/\/www.eldiario.net\/portal\/wp-json\/wp\/v2\/posts"}],"about":[{"href":"https:\/\/www.eldiario.net\/portal\/wp-json\/wp\/v2\/types\/post"}],"author":[{"embeddable":true,"href":"https:\/\/www.eldiario.net\/portal\/wp-json\/wp\/v2\/users\/1"}],"replies":[{"embeddable":true,"href":"https:\/\/www.eldiario.net\/portal\/wp-json\/wp\/v2\/comments?post=182077"}],"version-history":[{"count":0,"href":"https:\/\/www.eldiario.net\/portal\/wp-json\/wp\/v2\/posts\/182077\/revisions"}],"wp:featuredmedia":[{"embeddable":true,"href":"https:\/\/www.eldiario.net\/portal\/wp-json\/wp\/v2\/media\/182078"}],"wp:attachment":[{"href":"https:\/\/www.eldiario.net\/portal\/wp-json\/wp\/v2\/media?parent=182077"}],"wp:term":[{"taxonomy":"category","embeddable":true,"href":"https:\/\/www.eldiario.net\/portal\/wp-json\/wp\/v2\/categories?post=182077"},{"taxonomy":"post_tag","embeddable":true,"href":"https:\/\/www.eldiario.net\/portal\/wp-json\/wp\/v2\/tags?post=182077"}],"curies":[{"name":"wp","href":"https:\/\/api.w.org\/{rel}","templated":true}]}}