{"id":182051,"date":"2023-10-15T06:27:50","date_gmt":"2023-10-15T10:27:50","guid":{"rendered":"https:\/\/www.eldiario.net\/portal\/?p=182051"},"modified":"2023-10-15T06:27:50","modified_gmt":"2023-10-15T10:27:50","slug":"mecanismo-del-cabildo-no-puede-ser-usado-para-disputas-partidarias","status":"publish","type":"post","link":"https:\/\/www.eldiario.net\/portal\/2023\/10\/15\/mecanismo-del-cabildo-no-puede-ser-usado-para-disputas-partidarias\/","title":{"rendered":"Mecanismo del cabildo no puede  ser usado para disputas partidarias"},"content":{"rendered":"<p>Puntualizando que el cabildo es un mecanismo constitucional de democracia directa y participativa que se ejerce mediante la participaci\u00f3n ciudadana, la senadora por Creemos, Centa Rek, se\u00f1al\u00f3 que este acto no puede ser utilizado por el \u00d3rgano Ejecutivo, ni por organizaciones sociales afines al MAS para resolver sus disputas internas.<br \/>\nEn criterio de la parlamentaria cruce\u00f1a, la convocatoria a cabildo por parte del Pacto de Unidad, af\u00edn al ala \u201carcista\u201d en el Movimiento al Socialismo, no es un tema de inter\u00e9s para la poblaci\u00f3n boliviana, por lo que no puede ser considerado como tal.<br \/>\n\u201cUn Cabildo se ejerce mediante la participaci\u00f3n ciudadana por los cuales las ciudadanas y ciudadanos, mediante reuniones p\u00fablicas, se pronuncian directamente sobre pol\u00edticas y asuntos de inter\u00e9s colectivo\u201d, precis\u00f3 Rek.<br \/>\nRecord\u00f3 que, meses atr\u00e1s, la institucionalidad cruce\u00f1a recurri\u00f3 a los cabildos para que la ciudadan\u00eda se pronuncie directamente sobre pol\u00edticas y temas de inter\u00e9s colectivo, como el Censo Nacional de Poblaci\u00f3n y Vivienda, no para definir asuntos de car\u00e1cter partidario, como ocurre en la actual coyuntura.<br \/>\n\u201cLo que Luis Arce y los denominados renovadores masistas pretenden realizar es un mitin pol\u00edtico o reuni\u00f3n p\u00fablica con la \u00fanica finalidad de conseguir adeptos a sus intereses pol\u00edtico-partidarios, en el contexto de sus peleas internas\u201d, sostuvo la legisladora, asegurando que lo que hace el arcismo es desnaturalizar el verdadero objeto de un cabildo.<br \/>\nEn ese sentido, Rek afirm\u00f3 que el ala arcista en el Movimiento al Socialismo, llevar\u00e1 adelante un \u201cmitin pol\u00edtico de funcionarios p\u00fablicos\u201d, recurriendo a la misma receta que utiliz\u00f3 Evo Morales en sus d\u00edas de poder. \u201cPeleados o no, el MAS solo est\u00e1 destruyendo nuestro pa\u00eds y desnaturalizando mecanismos democr\u00e1ticos como el cabildo, donde deben definirse temas de inter\u00e9s p\u00fablico de toda la ciudadan\u00eda y no s\u00f3lo de una fracci\u00f3n de un partido pol\u00edtico\u201d, insisti\u00f3.<br \/>\nEsta semana, desde la Confederaci\u00f3n Sindical \u00danica de Trabajadores Campesinos de Bolivia, se oficializ\u00f3 la convocatoria para el evento denominado \u201cGran Cabildo Plurinacional, por la defensa de la democracia, la soberan\u00eda y la recuperaci\u00f3n de la dignidad de los pueblos y del instrumento pol\u00edtico MAS-IPSP\u201d, a desarrollarse este martes 17 de octubre, en inmediaciones del puente distribuidor en la Ceja de El Alto desde el mediod\u00eda.<br \/>\nEn conferencia de prensa, el secretario general de la Csutcb, Mario Se\u00f1a, anunci\u00f3 que se emitieron las respectivas invitaciones para el encuentro, al presidente Luis Arce y al vicepresidente David Choquehuanca.<br \/>\nAclarando que en el evento no habr\u00e1 proclamaciones, el dirigente se\u00f1al\u00f3 que se busca definir \u201cotro horizonte\u201d para el partido de Gobierno.<\/p>\n","protected":false},"excerpt":{"rendered":"<p>Puntualizando que el cabildo es un mecanismo constitucional de democracia directa y participativa que se ejerce mediante la participaci\u00f3n ciudadana, la senadora por Creemos, Centa Rek, se\u00f1al\u00f3 que este acto no puede ser utilizado por el \u00d3rgano Ejecutivo, ni por organizaciones sociales afines al MAS para resolver sus disputas internas. En criterio de la parlamentaria [&hellip;]<\/p>\n","protected":false},"author":1,"featured_media":182052,"comment_status":"closed","ping_status":"open","sticky":false,"template":"","format":"standard","meta":{"_acf_changed":false,"footnotes":""},"categories":[14],"tags":[],"class_list":["post-182051","post","type-post","status-publish","format-standard","has-post-thumbnail","category-politica"],"acf":{"antetitulo":""},"yoast_head":"<!-- This site is optimized with the Yoast SEO plugin v28.3 - https:\/\/yoast.com\/product\/yoast-seo-wordpress\/ -->\n<title>Mecanismo del cabildo no puede ser usado para disputas partidarias - El Diario - Bolivia<\/title>\n<meta name=\"robots\" content=\"index, follow, max-snippet:-1, max-image-preview:large, max-video-preview:-1\" \/>\n<link rel=\"canonical\" href=\"https:\/\/www.eldiario.net\/portal\/2023\/10\/15\/mecanismo-del-cabildo-no-puede-ser-usado-para-disputas-partidarias\/\" \/>\n<meta property=\"og:locale\" content=\"es_ES\" \/>\n<meta property=\"og:type\" content=\"article\" \/>\n<meta property=\"og:title\" content=\"Mecanismo del cabildo no puede ser usado para disputas partidarias - El Diario - Bolivia\" \/>\n<meta property=\"og:description\" content=\"Puntualizando que el cabildo es un mecanismo constitucional de democracia directa y participativa que se ejerce mediante la participaci\u00f3n ciudadana, la senadora por Creemos, Centa Rek, se\u00f1al\u00f3 que este acto no puede ser utilizado por el \u00d3rgano Ejecutivo, ni por organizaciones sociales afines al MAS para resolver sus disputas internas. En criterio de la parlamentaria [&hellip;]\" \/>\n<meta property=\"og:url\" content=\"https:\/\/www.eldiario.net\/portal\/2023\/10\/15\/mecanismo-del-cabildo-no-puede-ser-usado-para-disputas-partidarias\/\" \/>\n<meta property=\"og:site_name\" content=\"El Diario - Bolivia\" \/>\n<meta property=\"article:publisher\" content=\"https:\/\/www.facebook.com\/eldiario.bolivia\/\" \/>\n<meta property=\"article:published_time\" content=\"2023-10-15T10:27:50+00:00\" \/>\n<meta property=\"og:image\" content=\"https:\/\/www.eldiario.net\/portal\/wp-content\/uploads\/2023\/10\/41-POL-5.jpg\" \/>\n\t<meta property=\"og:image:width\" content=\"1280\" \/>\n\t<meta property=\"og:image:height\" content=\"720\" \/>\n\t<meta property=\"og:image:type\" content=\"image\/jpeg\" \/>\n<meta name=\"author\" content=\"Jeanette\" \/>\n<meta name=\"twitter:card\" content=\"summary_large_image\" \/>\n<meta name=\"twitter:creator\" content=\"@eldiario_net\" \/>\n<meta name=\"twitter:site\" content=\"@eldiario_net\" \/>\n<meta name=\"twitter:label1\" content=\"Escrito por\" \/>\n\t<meta name=\"twitter:data1\" content=\"Jeanette\" \/>\n\t<meta name=\"twitter:label2\" content=\"Tiempo de lectura\" \/>\n\t<meta name=\"twitter:data2\" content=\"2 minutos\" \/>\n<script type=\"application\/ld+json\" class=\"yoast-schema-graph\">{\"@context\":\"https:\\\/\\\/schema.org\",\"@graph\":[{\"@type\":\"Article\",\"@id\":\"https:\\\/\\\/www.eldiario.net\\\/portal\\\/2023\\\/10\\\/15\\\/mecanismo-del-cabildo-no-puede-ser-usado-para-disputas-partidarias\\\/#article\",\"isPartOf\":{\"@id\":\"https:\\\/\\\/www.eldiario.net\\\/portal\\\/2023\\\/10\\\/15\\\/mecanismo-del-cabildo-no-puede-ser-usado-para-disputas-partidarias\\\/\"},\"author\":{\"name\":\"Jeanette\",\"@id\":\"https:\\\/\\\/www.eldiario.net\\\/portal\\\/#\\\/schema\\\/person\\\/f46445640444750d7d753ccd04ae01b7\"},\"headline\":\"Mecanismo del cabildo no puede ser usado para disputas partidarias\",\"datePublished\":\"2023-10-15T10:27:50+00:00\",\"mainEntityOfPage\":{\"@id\":\"https:\\\/\\\/www.eldiario.net\\\/portal\\\/2023\\\/10\\\/15\\\/mecanismo-del-cabildo-no-puede-ser-usado-para-disputas-partidarias\\\/\"},\"wordCount\":466,\"publisher\":{\"@id\":\"https:\\\/\\\/www.eldiario.net\\\/portal\\\/#organization\"},\"image\":{\"@id\":\"https:\\\/\\\/www.eldiario.net\\\/portal\\\/2023\\\/10\\\/15\\\/mecanismo-del-cabildo-no-puede-ser-usado-para-disputas-partidarias\\\/#primaryimage\"},\"thumbnailUrl\":\"https:\\\/\\\/www.eldiario.net\\\/portal\\\/wp-content\\\/uploads\\\/2023\\\/10\\\/41-POL-5.jpg\",\"articleSection\":[\"Pol\u00edtica\"],\"inLanguage\":\"es\"},{\"@type\":\"WebPage\",\"@id\":\"https:\\\/\\\/www.eldiario.net\\\/portal\\\/2023\\\/10\\\/15\\\/mecanismo-del-cabildo-no-puede-ser-usado-para-disputas-partidarias\\\/\",\"url\":\"https:\\\/\\\/www.eldiario.net\\\/portal\\\/2023\\\/10\\\/15\\\/mecanismo-del-cabildo-no-puede-ser-usado-para-disputas-partidarias\\\/\",\"name\":\"Mecanismo del cabildo no puede ser usado para disputas partidarias - El Diario - Bolivia\",\"isPartOf\":{\"@id\":\"https:\\\/\\\/www.eldiario.net\\\/portal\\\/#website\"},\"primaryImageOfPage\":{\"@id\":\"https:\\\/\\\/www.eldiario.net\\\/portal\\\/2023\\\/10\\\/15\\\/mecanismo-del-cabildo-no-puede-ser-usado-para-disputas-partidarias\\\/#primaryimage\"},\"image\":{\"@id\":\"https:\\\/\\\/www.eldiario.net\\\/portal\\\/2023\\\/10\\\/15\\\/mecanismo-del-cabildo-no-puede-ser-usado-para-disputas-partidarias\\\/#primaryimage\"},\"thumbnailUrl\":\"https:\\\/\\\/www.eldiario.net\\\/portal\\\/wp-content\\\/uploads\\\/2023\\\/10\\\/41-POL-5.jpg\",\"datePublished\":\"2023-10-15T10:27:50+00:00\",\"breadcrumb\":{\"@id\":\"https:\\\/\\\/www.eldiario.net\\\/portal\\\/2023\\\/10\\\/15\\\/mecanismo-del-cabildo-no-puede-ser-usado-para-disputas-partidarias\\\/#breadcrumb\"},\"inLanguage\":\"es\",\"potentialAction\":[{\"@type\":\"ReadAction\",\"target\":[\"https:\\\/\\\/www.eldiario.net\\\/portal\\\/2023\\\/10\\\/15\\\/mecanismo-del-cabildo-no-puede-ser-usado-para-disputas-partidarias\\\/\"]}]},{\"@type\":\"ImageObject\",\"inLanguage\":\"es\",\"@id\":\"https:\\\/\\\/www.eldiario.net\\\/portal\\\/2023\\\/10\\\/15\\\/mecanismo-del-cabildo-no-puede-ser-usado-para-disputas-partidarias\\\/#primaryimage\",\"url\":\"https:\\\/\\\/www.eldiario.net\\\/portal\\\/wp-content\\\/uploads\\\/2023\\\/10\\\/41-POL-5.jpg\",\"contentUrl\":\"https:\\\/\\\/www.eldiario.net\\\/portal\\\/wp-content\\\/uploads\\\/2023\\\/10\\\/41-POL-5.jpg\",\"width\":1280,\"height\":720,\"caption\":\"Cabildo en plaza San Francisco. (referencial)\"},{\"@type\":\"BreadcrumbList\",\"@id\":\"https:\\\/\\\/www.eldiario.net\\\/portal\\\/2023\\\/10\\\/15\\\/mecanismo-del-cabildo-no-puede-ser-usado-para-disputas-partidarias\\\/#breadcrumb\",\"itemListElement\":[{\"@type\":\"ListItem\",\"position\":1,\"name\":\"Portada\",\"item\":\"https:\\\/\\\/www.eldiario.net\\\/portal\\\/\"},{\"@type\":\"ListItem\",\"position\":2,\"name\":\"Mecanismo del cabildo no puede ser usado para disputas partidarias\"}]},{\"@type\":\"WebSite\",\"@id\":\"https:\\\/\\\/www.eldiario.net\\\/portal\\\/#website\",\"url\":\"https:\\\/\\\/www.eldiario.net\\\/portal\\\/\",\"name\":\"El Diario - Decano de la prensa nacional\",\"description\":\"El Diario - Decano de la prensa nacional\",\"publisher\":{\"@id\":\"https:\\\/\\\/www.eldiario.net\\\/portal\\\/#organization\"},\"potentialAction\":[{\"@type\":\"SearchAction\",\"target\":{\"@type\":\"EntryPoint\",\"urlTemplate\":\"https:\\\/\\\/www.eldiario.net\\\/portal\\\/?s={search_term_string}\"},\"query-input\":{\"@type\":\"PropertyValueSpecification\",\"valueRequired\":true,\"valueName\":\"search_term_string\"}}],\"inLanguage\":\"es\"},{\"@type\":\"Organization\",\"@id\":\"https:\\\/\\\/www.eldiario.net\\\/portal\\\/#organization\",\"name\":\"El Diario - Decano de la prensa nacional\",\"url\":\"https:\\\/\\\/www.eldiario.net\\\/portal\\\/\",\"logo\":{\"@type\":\"ImageObject\",\"inLanguage\":\"es\",\"@id\":\"https:\\\/\\\/www.eldiario.net\\\/portal\\\/#\\\/schema\\\/logo\\\/image\\\/\",\"url\":\"https:\\\/\\\/www.eldiario.net\\\/portal\\\/wp-content\\\/uploads\\\/2023\\\/07\\\/logo_ED.jpg\",\"contentUrl\":\"https:\\\/\\\/www.eldiario.net\\\/portal\\\/wp-content\\\/uploads\\\/2023\\\/07\\\/logo_ED.jpg\",\"width\":272,\"height\":52,\"caption\":\"El Diario - Decano de la prensa nacional\"},\"image\":{\"@id\":\"https:\\\/\\\/www.eldiario.net\\\/portal\\\/#\\\/schema\\\/logo\\\/image\\\/\"},\"sameAs\":[\"https:\\\/\\\/www.facebook.com\\\/eldiario.bolivia\\\/\",\"https:\\\/\\\/x.com\\\/eldiario_net\"]},{\"@type\":\"Person\",\"@id\":\"https:\\\/\\\/www.eldiario.net\\\/portal\\\/#\\\/schema\\\/person\\\/f46445640444750d7d753ccd04ae01b7\",\"name\":\"Jeanette\",\"image\":{\"@type\":\"ImageObject\",\"inLanguage\":\"es\",\"@id\":\"https:\\\/\\\/secure.gravatar.com\\\/avatar\\\/3ea2118a5f7dad2b7138b1187a6b7ee55f160b9968b66013c3a3ef39dd7e5798?s=96&d=mm&r=g\",\"url\":\"https:\\\/\\\/secure.gravatar.com\\\/avatar\\\/3ea2118a5f7dad2b7138b1187a6b7ee55f160b9968b66013c3a3ef39dd7e5798?s=96&d=mm&r=g\",\"contentUrl\":\"https:\\\/\\\/secure.gravatar.com\\\/avatar\\\/3ea2118a5f7dad2b7138b1187a6b7ee55f160b9968b66013c3a3ef39dd7e5798?s=96&d=mm&r=g\",\"caption\":\"Jeanette\"},\"sameAs\":[\"https:\\\/\\\/www.eldiario.net\\\/portal\"],\"url\":\"https:\\\/\\\/www.eldiario.net\\\/portal\\\/author\\\/jeanette\\\/\"}]}<\/script>\n<!-- \/ Yoast SEO plugin. -->","yoast_head_json":{"title":"Mecanismo del cabildo no puede ser usado para disputas partidarias - El Diario - Bolivia","robots":{"index":"index","follow":"follow","max-snippet":"max-snippet:-1","max-image-preview":"max-image-preview:large","max-video-preview":"max-video-preview:-1"},"canonical":"https:\/\/www.eldiario.net\/portal\/2023\/10\/15\/mecanismo-del-cabildo-no-puede-ser-usado-para-disputas-partidarias\/","og_locale":"es_ES","og_type":"article","og_title":"Mecanismo del cabildo no puede ser usado para disputas partidarias - El Diario - Bolivia","og_description":"Puntualizando que el cabildo es un mecanismo constitucional de democracia directa y participativa que se ejerce mediante la participaci\u00f3n ciudadana, la senadora por Creemos, Centa Rek, se\u00f1al\u00f3 que este acto no puede ser utilizado por el \u00d3rgano Ejecutivo, ni por organizaciones sociales afines al MAS para resolver sus disputas internas. En criterio de la parlamentaria [&hellip;]","og_url":"https:\/\/www.eldiario.net\/portal\/2023\/10\/15\/mecanismo-del-cabildo-no-puede-ser-usado-para-disputas-partidarias\/","og_site_name":"El Diario - Bolivia","article_publisher":"https:\/\/www.facebook.com\/eldiario.bolivia\/","article_published_time":"2023-10-15T10:27:50+00:00","og_image":[{"width":1280,"height":720,"url":"https:\/\/www.eldiario.net\/portal\/wp-content\/uploads\/2023\/10\/41-POL-5.jpg","type":"image\/jpeg"}],"author":"Jeanette","twitter_card":"summary_large_image","twitter_creator":"@eldiario_net","twitter_site":"@eldiario_net","twitter_misc":{"Escrito por":"Jeanette","Tiempo de lectura":"2 minutos"},"schema":{"@context":"https:\/\/schema.org","@graph":[{"@type":"Article","@id":"https:\/\/www.eldiario.net\/portal\/2023\/10\/15\/mecanismo-del-cabildo-no-puede-ser-usado-para-disputas-partidarias\/#article","isPartOf":{"@id":"https:\/\/www.eldiario.net\/portal\/2023\/10\/15\/mecanismo-del-cabildo-no-puede-ser-usado-para-disputas-partidarias\/"},"author":{"name":"Jeanette","@id":"https:\/\/www.eldiario.net\/portal\/#\/schema\/person\/f46445640444750d7d753ccd04ae01b7"},"headline":"Mecanismo del cabildo no puede ser usado para disputas partidarias","datePublished":"2023-10-15T10:27:50+00:00","mainEntityOfPage":{"@id":"https:\/\/www.eldiario.net\/portal\/2023\/10\/15\/mecanismo-del-cabildo-no-puede-ser-usado-para-disputas-partidarias\/"},"wordCount":466,"publisher":{"@id":"https:\/\/www.eldiario.net\/portal\/#organization"},"image":{"@id":"https:\/\/www.eldiario.net\/portal\/2023\/10\/15\/mecanismo-del-cabildo-no-puede-ser-usado-para-disputas-partidarias\/#primaryimage"},"thumbnailUrl":"https:\/\/www.eldiario.net\/portal\/wp-content\/uploads\/2023\/10\/41-POL-5.jpg","articleSection":["Pol\u00edtica"],"inLanguage":"es"},{"@type":"WebPage","@id":"https:\/\/www.eldiario.net\/portal\/2023\/10\/15\/mecanismo-del-cabildo-no-puede-ser-usado-para-disputas-partidarias\/","url":"https:\/\/www.eldiario.net\/portal\/2023\/10\/15\/mecanismo-del-cabildo-no-puede-ser-usado-para-disputas-partidarias\/","name":"Mecanismo del cabildo no puede ser usado para disputas partidarias - El Diario - Bolivia","isPartOf":{"@id":"https:\/\/www.eldiario.net\/portal\/#website"},"primaryImageOfPage":{"@id":"https:\/\/www.eldiario.net\/portal\/2023\/10\/15\/mecanismo-del-cabildo-no-puede-ser-usado-para-disputas-partidarias\/#primaryimage"},"image":{"@id":"https:\/\/www.eldiario.net\/portal\/2023\/10\/15\/mecanismo-del-cabildo-no-puede-ser-usado-para-disputas-partidarias\/#primaryimage"},"thumbnailUrl":"https:\/\/www.eldiario.net\/portal\/wp-content\/uploads\/2023\/10\/41-POL-5.jpg","datePublished":"2023-10-15T10:27:50+00:00","breadcrumb":{"@id":"https:\/\/www.eldiario.net\/portal\/2023\/10\/15\/mecanismo-del-cabildo-no-puede-ser-usado-para-disputas-partidarias\/#breadcrumb"},"inLanguage":"es","potentialAction":[{"@type":"ReadAction","target":["https:\/\/www.eldiario.net\/portal\/2023\/10\/15\/mecanismo-del-cabildo-no-puede-ser-usado-para-disputas-partidarias\/"]}]},{"@type":"ImageObject","inLanguage":"es","@id":"https:\/\/www.eldiario.net\/portal\/2023\/10\/15\/mecanismo-del-cabildo-no-puede-ser-usado-para-disputas-partidarias\/#primaryimage","url":"https:\/\/www.eldiario.net\/portal\/wp-content\/uploads\/2023\/10\/41-POL-5.jpg","contentUrl":"https:\/\/www.eldiario.net\/portal\/wp-content\/uploads\/2023\/10\/41-POL-5.jpg","width":1280,"height":720,"caption":"Cabildo en plaza San Francisco. (referencial)"},{"@type":"BreadcrumbList","@id":"https:\/\/www.eldiario.net\/portal\/2023\/10\/15\/mecanismo-del-cabildo-no-puede-ser-usado-para-disputas-partidarias\/#breadcrumb","itemListElement":[{"@type":"ListItem","position":1,"name":"Portada","item":"https:\/\/www.eldiario.net\/portal\/"},{"@type":"ListItem","position":2,"name":"Mecanismo del cabildo no puede ser usado para disputas partidarias"}]},{"@type":"WebSite","@id":"https:\/\/www.eldiario.net\/portal\/#website","url":"https:\/\/www.eldiario.net\/portal\/","name":"El Diario - Decano de la prensa nacional","description":"El Diario - Decano de la prensa nacional","publisher":{"@id":"https:\/\/www.eldiario.net\/portal\/#organization"},"potentialAction":[{"@type":"SearchAction","target":{"@type":"EntryPoint","urlTemplate":"https:\/\/www.eldiario.net\/portal\/?s={search_term_string}"},"query-input":{"@type":"PropertyValueSpecification","valueRequired":true,"valueName":"search_term_string"}}],"inLanguage":"es"},{"@type":"Organization","@id":"https:\/\/www.eldiario.net\/portal\/#organization","name":"El Diario - Decano de la prensa nacional","url":"https:\/\/www.eldiario.net\/portal\/","logo":{"@type":"ImageObject","inLanguage":"es","@id":"https:\/\/www.eldiario.net\/portal\/#\/schema\/logo\/image\/","url":"https:\/\/www.eldiario.net\/portal\/wp-content\/uploads\/2023\/07\/logo_ED.jpg","contentUrl":"https:\/\/www.eldiario.net\/portal\/wp-content\/uploads\/2023\/07\/logo_ED.jpg","width":272,"height":52,"caption":"El Diario - Decano de la prensa nacional"},"image":{"@id":"https:\/\/www.eldiario.net\/portal\/#\/schema\/logo\/image\/"},"sameAs":["https:\/\/www.facebook.com\/eldiario.bolivia\/","https:\/\/x.com\/eldiario_net"]},{"@type":"Person","@id":"https:\/\/www.eldiario.net\/portal\/#\/schema\/person\/f46445640444750d7d753ccd04ae01b7","name":"Jeanette","image":{"@type":"ImageObject","inLanguage":"es","@id":"https:\/\/secure.gravatar.com\/avatar\/3ea2118a5f7dad2b7138b1187a6b7ee55f160b9968b66013c3a3ef39dd7e5798?s=96&d=mm&r=g","url":"https:\/\/secure.gravatar.com\/avatar\/3ea2118a5f7dad2b7138b1187a6b7ee55f160b9968b66013c3a3ef39dd7e5798?s=96&d=mm&r=g","contentUrl":"https:\/\/secure.gravatar.com\/avatar\/3ea2118a5f7dad2b7138b1187a6b7ee55f160b9968b66013c3a3ef39dd7e5798?s=96&d=mm&r=g","caption":"Jeanette"},"sameAs":["https:\/\/www.eldiario.net\/portal"],"url":"https:\/\/www.eldiario.net\/portal\/author\/jeanette\/"}]}},"_links":{"self":[{"href":"https:\/\/www.eldiario.net\/portal\/wp-json\/wp\/v2\/posts\/182051","targetHints":{"allow":["GET"]}}],"collection":[{"href":"https:\/\/www.eldiario.net\/portal\/wp-json\/wp\/v2\/posts"}],"about":[{"href":"https:\/\/www.eldiario.net\/portal\/wp-json\/wp\/v2\/types\/post"}],"author":[{"embeddable":true,"href":"https:\/\/www.eldiario.net\/portal\/wp-json\/wp\/v2\/users\/1"}],"replies":[{"embeddable":true,"href":"https:\/\/www.eldiario.net\/portal\/wp-json\/wp\/v2\/comments?post=182051"}],"version-history":[{"count":0,"href":"https:\/\/www.eldiario.net\/portal\/wp-json\/wp\/v2\/posts\/182051\/revisions"}],"wp:featuredmedia":[{"embeddable":true,"href":"https:\/\/www.eldiario.net\/portal\/wp-json\/wp\/v2\/media\/182052"}],"wp:attachment":[{"href":"https:\/\/www.eldiario.net\/portal\/wp-json\/wp\/v2\/media?parent=182051"}],"wp:term":[{"taxonomy":"category","embeddable":true,"href":"https:\/\/www.eldiario.net\/portal\/wp-json\/wp\/v2\/categories?post=182051"},{"taxonomy":"post_tag","embeddable":true,"href":"https:\/\/www.eldiario.net\/portal\/wp-json\/wp\/v2\/tags?post=182051"}],"curies":[{"name":"wp","href":"https:\/\/api.w.org\/{rel}","templated":true}]}}