{"id":182048,"date":"2023-10-15T06:26:44","date_gmt":"2023-10-15T10:26:44","guid":{"rendered":"https:\/\/www.eldiario.net\/portal\/?p=182048"},"modified":"2023-10-15T06:26:44","modified_gmt":"2023-10-15T10:26:44","slug":"los-consensos-deben-recuperar-institucionalidad-en-diputados","status":"publish","type":"post","link":"https:\/\/www.eldiario.net\/portal\/2023\/10\/15\/los-consensos-deben-recuperar-institucionalidad-en-diputados\/","title":{"rendered":"Los consensos deben recuperar institucionalidad en Diputados"},"content":{"rendered":"<p>El diputado por la agrupaci\u00f3n Creemos, Jos\u00e9 Carlos Guti\u00e9rrez, afirm\u00f3 que se debe recuperar la institucionalidad al interior de la C\u00e1mara de Diputados, mediante la b\u00fasqueda de consensos entre las fuerzas pol\u00edticas que componen el Parlamento.<br \/>\nEn criterio del legislador cruce\u00f1o, uno de los logros m\u00e1s importantes de la oposici\u00f3n en la presente gesti\u00f3n, fue la recuperaci\u00f3n de la votaci\u00f3n por dos tercios mediante una acci\u00f3n constitucional que oblig\u00f3 al MAS a consensuar una normativa para las Elecciones Judiciales, por lo que ahora, son los opositores los llamados a reconducir y recuperar la institucionalidad en la ALP.<br \/>\n\u201cLa oposici\u00f3n se debe reconducir, hay que recuperar la institucionalidad\u201d, expres\u00f3 Guti\u00e9rrez.<br \/>\nEn esa l\u00ednea, afirm\u00f3 que en la siguiente legislatura, la bancada de Creemos buscar\u00e1 consensos y no actuar\u00e1 con imposiciones para atacar al contrario, todo con el fin de lograr una directiva camaral que trabaje de forma acorde a la responsabilidad del cargo.<br \/>\nConsultado sobre cu\u00e1l es la posibilidad para negociar con alguna de las facciones en el Movimiento al Socialismo para posibilitar una nueva conformaci\u00f3n en la directiva de la C\u00e1mara de Diputados, Guti\u00e9rrez puntualiz\u00f3 que no se negociar\u00e1 con nadie, sino que se respetar\u00e1 la decisi\u00f3n de la mayor\u00eda de Creemos, seg\u00fan se establece los reglamentos Legislativos vigentes.<br \/>\nAsimismo, reiter\u00f3 que las pugnas internas por las que atraviesa el oficialismo, no deben alterar el proceder de las fuerzas de oposici\u00f3n.<br \/>\n\u201cLos problemas del Movimiento al Socialismo son temas ajenos a la oposici\u00f3n, no tenemos por qu\u00e9 apoyar a ninguno, nosotros haremos respetar lo que corresponde nuestra bancada\u201d, precis\u00f3 el asamble\u00edsta, insistiendo en que no se negociar\u00e1 con nadie, sino se buscar\u00e1n los consensos necesarios para cumplir con las expectativas y los intereses de los bolivianos.<\/p>\n","protected":false},"excerpt":{"rendered":"<p>El diputado por la agrupaci\u00f3n Creemos, Jos\u00e9 Carlos Guti\u00e9rrez, afirm\u00f3 que se debe recuperar la institucionalidad al interior de la C\u00e1mara de Diputados, mediante la b\u00fasqueda de consensos entre las fuerzas pol\u00edticas que componen el Parlamento. En criterio del legislador cruce\u00f1o, uno de los logros m\u00e1s importantes de la oposici\u00f3n en la presente gesti\u00f3n, fue [&hellip;]<\/p>\n","protected":false},"author":1,"featured_media":182049,"comment_status":"closed","ping_status":"open","sticky":false,"template":"","format":"standard","meta":{"_acf_changed":false,"footnotes":""},"categories":[14],"tags":[],"class_list":["post-182048","post","type-post","status-publish","format-standard","has-post-thumbnail","category-politica"],"acf":{"antetitulo":""},"yoast_head":"<!-- This site is optimized with the Yoast SEO plugin v28.3 - https:\/\/yoast.com\/product\/yoast-seo-wordpress\/ -->\n<title>Los consensos deben recuperar institucionalidad en Diputados - El Diario - Bolivia<\/title>\n<meta name=\"robots\" content=\"index, follow, max-snippet:-1, max-image-preview:large, max-video-preview:-1\" \/>\n<link rel=\"canonical\" href=\"https:\/\/www.eldiario.net\/portal\/2023\/10\/15\/los-consensos-deben-recuperar-institucionalidad-en-diputados\/\" \/>\n<meta property=\"og:locale\" content=\"es_ES\" \/>\n<meta property=\"og:type\" content=\"article\" \/>\n<meta property=\"og:title\" content=\"Los consensos deben recuperar institucionalidad en Diputados - El Diario - Bolivia\" \/>\n<meta property=\"og:description\" content=\"El diputado por la agrupaci\u00f3n Creemos, Jos\u00e9 Carlos Guti\u00e9rrez, afirm\u00f3 que se debe recuperar la institucionalidad al interior de la C\u00e1mara de Diputados, mediante la b\u00fasqueda de consensos entre las fuerzas pol\u00edticas que componen el Parlamento. En criterio del legislador cruce\u00f1o, uno de los logros m\u00e1s importantes de la oposici\u00f3n en la presente gesti\u00f3n, fue [&hellip;]\" \/>\n<meta property=\"og:url\" content=\"https:\/\/www.eldiario.net\/portal\/2023\/10\/15\/los-consensos-deben-recuperar-institucionalidad-en-diputados\/\" \/>\n<meta property=\"og:site_name\" content=\"El Diario - Bolivia\" \/>\n<meta property=\"article:publisher\" content=\"https:\/\/www.facebook.com\/eldiario.bolivia\/\" \/>\n<meta property=\"article:published_time\" content=\"2023-10-15T10:26:44+00:00\" \/>\n<meta property=\"og:image\" content=\"https:\/\/www.eldiario.net\/portal\/wp-content\/uploads\/2023\/10\/43-POL.jpg\" \/>\n\t<meta property=\"og:image:width\" content=\"1080\" \/>\n\t<meta property=\"og:image:height\" content=\"613\" \/>\n\t<meta property=\"og:image:type\" content=\"image\/jpeg\" \/>\n<meta name=\"author\" content=\"Jeanette\" \/>\n<meta name=\"twitter:card\" content=\"summary_large_image\" \/>\n<meta name=\"twitter:creator\" content=\"@eldiario_net\" \/>\n<meta name=\"twitter:site\" content=\"@eldiario_net\" \/>\n<meta name=\"twitter:label1\" content=\"Escrito por\" \/>\n\t<meta name=\"twitter:data1\" content=\"Jeanette\" \/>\n\t<meta name=\"twitter:label2\" content=\"Tiempo de lectura\" \/>\n\t<meta name=\"twitter:data2\" content=\"2 minutos\" \/>\n<script type=\"application\/ld+json\" class=\"yoast-schema-graph\">{\"@context\":\"https:\\\/\\\/schema.org\",\"@graph\":[{\"@type\":\"Article\",\"@id\":\"https:\\\/\\\/www.eldiario.net\\\/portal\\\/2023\\\/10\\\/15\\\/los-consensos-deben-recuperar-institucionalidad-en-diputados\\\/#article\",\"isPartOf\":{\"@id\":\"https:\\\/\\\/www.eldiario.net\\\/portal\\\/2023\\\/10\\\/15\\\/los-consensos-deben-recuperar-institucionalidad-en-diputados\\\/\"},\"author\":{\"name\":\"Jeanette\",\"@id\":\"https:\\\/\\\/www.eldiario.net\\\/portal\\\/#\\\/schema\\\/person\\\/f46445640444750d7d753ccd04ae01b7\"},\"headline\":\"Los consensos deben recuperar institucionalidad en Diputados\",\"datePublished\":\"2023-10-15T10:26:44+00:00\",\"mainEntityOfPage\":{\"@id\":\"https:\\\/\\\/www.eldiario.net\\\/portal\\\/2023\\\/10\\\/15\\\/los-consensos-deben-recuperar-institucionalidad-en-diputados\\\/\"},\"wordCount\":319,\"publisher\":{\"@id\":\"https:\\\/\\\/www.eldiario.net\\\/portal\\\/#organization\"},\"image\":{\"@id\":\"https:\\\/\\\/www.eldiario.net\\\/portal\\\/2023\\\/10\\\/15\\\/los-consensos-deben-recuperar-institucionalidad-en-diputados\\\/#primaryimage\"},\"thumbnailUrl\":\"https:\\\/\\\/www.eldiario.net\\\/portal\\\/wp-content\\\/uploads\\\/2023\\\/10\\\/43-POL.jpg\",\"articleSection\":[\"Pol\u00edtica\"],\"inLanguage\":\"es\"},{\"@type\":\"WebPage\",\"@id\":\"https:\\\/\\\/www.eldiario.net\\\/portal\\\/2023\\\/10\\\/15\\\/los-consensos-deben-recuperar-institucionalidad-en-diputados\\\/\",\"url\":\"https:\\\/\\\/www.eldiario.net\\\/portal\\\/2023\\\/10\\\/15\\\/los-consensos-deben-recuperar-institucionalidad-en-diputados\\\/\",\"name\":\"Los consensos deben recuperar institucionalidad en Diputados - El Diario - Bolivia\",\"isPartOf\":{\"@id\":\"https:\\\/\\\/www.eldiario.net\\\/portal\\\/#website\"},\"primaryImageOfPage\":{\"@id\":\"https:\\\/\\\/www.eldiario.net\\\/portal\\\/2023\\\/10\\\/15\\\/los-consensos-deben-recuperar-institucionalidad-en-diputados\\\/#primaryimage\"},\"image\":{\"@id\":\"https:\\\/\\\/www.eldiario.net\\\/portal\\\/2023\\\/10\\\/15\\\/los-consensos-deben-recuperar-institucionalidad-en-diputados\\\/#primaryimage\"},\"thumbnailUrl\":\"https:\\\/\\\/www.eldiario.net\\\/portal\\\/wp-content\\\/uploads\\\/2023\\\/10\\\/43-POL.jpg\",\"datePublished\":\"2023-10-15T10:26:44+00:00\",\"breadcrumb\":{\"@id\":\"https:\\\/\\\/www.eldiario.net\\\/portal\\\/2023\\\/10\\\/15\\\/los-consensos-deben-recuperar-institucionalidad-en-diputados\\\/#breadcrumb\"},\"inLanguage\":\"es\",\"potentialAction\":[{\"@type\":\"ReadAction\",\"target\":[\"https:\\\/\\\/www.eldiario.net\\\/portal\\\/2023\\\/10\\\/15\\\/los-consensos-deben-recuperar-institucionalidad-en-diputados\\\/\"]}]},{\"@type\":\"ImageObject\",\"inLanguage\":\"es\",\"@id\":\"https:\\\/\\\/www.eldiario.net\\\/portal\\\/2023\\\/10\\\/15\\\/los-consensos-deben-recuperar-institucionalidad-en-diputados\\\/#primaryimage\",\"url\":\"https:\\\/\\\/www.eldiario.net\\\/portal\\\/wp-content\\\/uploads\\\/2023\\\/10\\\/43-POL.jpg\",\"contentUrl\":\"https:\\\/\\\/www.eldiario.net\\\/portal\\\/wp-content\\\/uploads\\\/2023\\\/10\\\/43-POL.jpg\",\"width\":1080,\"height\":613,\"caption\":\"Diputado Jos\u00e9 Carlos Guti\u00e9rrez (Creemos).\"},{\"@type\":\"BreadcrumbList\",\"@id\":\"https:\\\/\\\/www.eldiario.net\\\/portal\\\/2023\\\/10\\\/15\\\/los-consensos-deben-recuperar-institucionalidad-en-diputados\\\/#breadcrumb\",\"itemListElement\":[{\"@type\":\"ListItem\",\"position\":1,\"name\":\"Portada\",\"item\":\"https:\\\/\\\/www.eldiario.net\\\/portal\\\/\"},{\"@type\":\"ListItem\",\"position\":2,\"name\":\"Los consensos deben recuperar institucionalidad en Diputados\"}]},{\"@type\":\"WebSite\",\"@id\":\"https:\\\/\\\/www.eldiario.net\\\/portal\\\/#website\",\"url\":\"https:\\\/\\\/www.eldiario.net\\\/portal\\\/\",\"name\":\"El Diario - Decano de la prensa nacional\",\"description\":\"El Diario - Decano de la prensa nacional\",\"publisher\":{\"@id\":\"https:\\\/\\\/www.eldiario.net\\\/portal\\\/#organization\"},\"potentialAction\":[{\"@type\":\"SearchAction\",\"target\":{\"@type\":\"EntryPoint\",\"urlTemplate\":\"https:\\\/\\\/www.eldiario.net\\\/portal\\\/?s={search_term_string}\"},\"query-input\":{\"@type\":\"PropertyValueSpecification\",\"valueRequired\":true,\"valueName\":\"search_term_string\"}}],\"inLanguage\":\"es\"},{\"@type\":\"Organization\",\"@id\":\"https:\\\/\\\/www.eldiario.net\\\/portal\\\/#organization\",\"name\":\"El Diario - Decano de la prensa nacional\",\"url\":\"https:\\\/\\\/www.eldiario.net\\\/portal\\\/\",\"logo\":{\"@type\":\"ImageObject\",\"inLanguage\":\"es\",\"@id\":\"https:\\\/\\\/www.eldiario.net\\\/portal\\\/#\\\/schema\\\/logo\\\/image\\\/\",\"url\":\"https:\\\/\\\/www.eldiario.net\\\/portal\\\/wp-content\\\/uploads\\\/2023\\\/07\\\/logo_ED.jpg\",\"contentUrl\":\"https:\\\/\\\/www.eldiario.net\\\/portal\\\/wp-content\\\/uploads\\\/2023\\\/07\\\/logo_ED.jpg\",\"width\":272,\"height\":52,\"caption\":\"El Diario - Decano de la prensa nacional\"},\"image\":{\"@id\":\"https:\\\/\\\/www.eldiario.net\\\/portal\\\/#\\\/schema\\\/logo\\\/image\\\/\"},\"sameAs\":[\"https:\\\/\\\/www.facebook.com\\\/eldiario.bolivia\\\/\",\"https:\\\/\\\/x.com\\\/eldiario_net\"]},{\"@type\":\"Person\",\"@id\":\"https:\\\/\\\/www.eldiario.net\\\/portal\\\/#\\\/schema\\\/person\\\/f46445640444750d7d753ccd04ae01b7\",\"name\":\"Jeanette\",\"image\":{\"@type\":\"ImageObject\",\"inLanguage\":\"es\",\"@id\":\"https:\\\/\\\/secure.gravatar.com\\\/avatar\\\/3ea2118a5f7dad2b7138b1187a6b7ee55f160b9968b66013c3a3ef39dd7e5798?s=96&d=mm&r=g\",\"url\":\"https:\\\/\\\/secure.gravatar.com\\\/avatar\\\/3ea2118a5f7dad2b7138b1187a6b7ee55f160b9968b66013c3a3ef39dd7e5798?s=96&d=mm&r=g\",\"contentUrl\":\"https:\\\/\\\/secure.gravatar.com\\\/avatar\\\/3ea2118a5f7dad2b7138b1187a6b7ee55f160b9968b66013c3a3ef39dd7e5798?s=96&d=mm&r=g\",\"caption\":\"Jeanette\"},\"sameAs\":[\"https:\\\/\\\/www.eldiario.net\\\/portal\"],\"url\":\"https:\\\/\\\/www.eldiario.net\\\/portal\\\/author\\\/jeanette\\\/\"}]}<\/script>\n<!-- \/ Yoast SEO plugin. -->","yoast_head_json":{"title":"Los consensos deben recuperar institucionalidad en Diputados - El Diario - Bolivia","robots":{"index":"index","follow":"follow","max-snippet":"max-snippet:-1","max-image-preview":"max-image-preview:large","max-video-preview":"max-video-preview:-1"},"canonical":"https:\/\/www.eldiario.net\/portal\/2023\/10\/15\/los-consensos-deben-recuperar-institucionalidad-en-diputados\/","og_locale":"es_ES","og_type":"article","og_title":"Los consensos deben recuperar institucionalidad en Diputados - El Diario - Bolivia","og_description":"El diputado por la agrupaci\u00f3n Creemos, Jos\u00e9 Carlos Guti\u00e9rrez, afirm\u00f3 que se debe recuperar la institucionalidad al interior de la C\u00e1mara de Diputados, mediante la b\u00fasqueda de consensos entre las fuerzas pol\u00edticas que componen el Parlamento. En criterio del legislador cruce\u00f1o, uno de los logros m\u00e1s importantes de la oposici\u00f3n en la presente gesti\u00f3n, fue [&hellip;]","og_url":"https:\/\/www.eldiario.net\/portal\/2023\/10\/15\/los-consensos-deben-recuperar-institucionalidad-en-diputados\/","og_site_name":"El Diario - Bolivia","article_publisher":"https:\/\/www.facebook.com\/eldiario.bolivia\/","article_published_time":"2023-10-15T10:26:44+00:00","og_image":[{"width":1080,"height":613,"url":"https:\/\/www.eldiario.net\/portal\/wp-content\/uploads\/2023\/10\/43-POL.jpg","type":"image\/jpeg"}],"author":"Jeanette","twitter_card":"summary_large_image","twitter_creator":"@eldiario_net","twitter_site":"@eldiario_net","twitter_misc":{"Escrito por":"Jeanette","Tiempo de lectura":"2 minutos"},"schema":{"@context":"https:\/\/schema.org","@graph":[{"@type":"Article","@id":"https:\/\/www.eldiario.net\/portal\/2023\/10\/15\/los-consensos-deben-recuperar-institucionalidad-en-diputados\/#article","isPartOf":{"@id":"https:\/\/www.eldiario.net\/portal\/2023\/10\/15\/los-consensos-deben-recuperar-institucionalidad-en-diputados\/"},"author":{"name":"Jeanette","@id":"https:\/\/www.eldiario.net\/portal\/#\/schema\/person\/f46445640444750d7d753ccd04ae01b7"},"headline":"Los consensos deben recuperar institucionalidad en Diputados","datePublished":"2023-10-15T10:26:44+00:00","mainEntityOfPage":{"@id":"https:\/\/www.eldiario.net\/portal\/2023\/10\/15\/los-consensos-deben-recuperar-institucionalidad-en-diputados\/"},"wordCount":319,"publisher":{"@id":"https:\/\/www.eldiario.net\/portal\/#organization"},"image":{"@id":"https:\/\/www.eldiario.net\/portal\/2023\/10\/15\/los-consensos-deben-recuperar-institucionalidad-en-diputados\/#primaryimage"},"thumbnailUrl":"https:\/\/www.eldiario.net\/portal\/wp-content\/uploads\/2023\/10\/43-POL.jpg","articleSection":["Pol\u00edtica"],"inLanguage":"es"},{"@type":"WebPage","@id":"https:\/\/www.eldiario.net\/portal\/2023\/10\/15\/los-consensos-deben-recuperar-institucionalidad-en-diputados\/","url":"https:\/\/www.eldiario.net\/portal\/2023\/10\/15\/los-consensos-deben-recuperar-institucionalidad-en-diputados\/","name":"Los consensos deben recuperar institucionalidad en Diputados - El Diario - Bolivia","isPartOf":{"@id":"https:\/\/www.eldiario.net\/portal\/#website"},"primaryImageOfPage":{"@id":"https:\/\/www.eldiario.net\/portal\/2023\/10\/15\/los-consensos-deben-recuperar-institucionalidad-en-diputados\/#primaryimage"},"image":{"@id":"https:\/\/www.eldiario.net\/portal\/2023\/10\/15\/los-consensos-deben-recuperar-institucionalidad-en-diputados\/#primaryimage"},"thumbnailUrl":"https:\/\/www.eldiario.net\/portal\/wp-content\/uploads\/2023\/10\/43-POL.jpg","datePublished":"2023-10-15T10:26:44+00:00","breadcrumb":{"@id":"https:\/\/www.eldiario.net\/portal\/2023\/10\/15\/los-consensos-deben-recuperar-institucionalidad-en-diputados\/#breadcrumb"},"inLanguage":"es","potentialAction":[{"@type":"ReadAction","target":["https:\/\/www.eldiario.net\/portal\/2023\/10\/15\/los-consensos-deben-recuperar-institucionalidad-en-diputados\/"]}]},{"@type":"ImageObject","inLanguage":"es","@id":"https:\/\/www.eldiario.net\/portal\/2023\/10\/15\/los-consensos-deben-recuperar-institucionalidad-en-diputados\/#primaryimage","url":"https:\/\/www.eldiario.net\/portal\/wp-content\/uploads\/2023\/10\/43-POL.jpg","contentUrl":"https:\/\/www.eldiario.net\/portal\/wp-content\/uploads\/2023\/10\/43-POL.jpg","width":1080,"height":613,"caption":"Diputado Jos\u00e9 Carlos Guti\u00e9rrez (Creemos)."},{"@type":"BreadcrumbList","@id":"https:\/\/www.eldiario.net\/portal\/2023\/10\/15\/los-consensos-deben-recuperar-institucionalidad-en-diputados\/#breadcrumb","itemListElement":[{"@type":"ListItem","position":1,"name":"Portada","item":"https:\/\/www.eldiario.net\/portal\/"},{"@type":"ListItem","position":2,"name":"Los consensos deben recuperar institucionalidad en Diputados"}]},{"@type":"WebSite","@id":"https:\/\/www.eldiario.net\/portal\/#website","url":"https:\/\/www.eldiario.net\/portal\/","name":"El Diario - Decano de la prensa nacional","description":"El Diario - Decano de la prensa nacional","publisher":{"@id":"https:\/\/www.eldiario.net\/portal\/#organization"},"potentialAction":[{"@type":"SearchAction","target":{"@type":"EntryPoint","urlTemplate":"https:\/\/www.eldiario.net\/portal\/?s={search_term_string}"},"query-input":{"@type":"PropertyValueSpecification","valueRequired":true,"valueName":"search_term_string"}}],"inLanguage":"es"},{"@type":"Organization","@id":"https:\/\/www.eldiario.net\/portal\/#organization","name":"El Diario - Decano de la prensa nacional","url":"https:\/\/www.eldiario.net\/portal\/","logo":{"@type":"ImageObject","inLanguage":"es","@id":"https:\/\/www.eldiario.net\/portal\/#\/schema\/logo\/image\/","url":"https:\/\/www.eldiario.net\/portal\/wp-content\/uploads\/2023\/07\/logo_ED.jpg","contentUrl":"https:\/\/www.eldiario.net\/portal\/wp-content\/uploads\/2023\/07\/logo_ED.jpg","width":272,"height":52,"caption":"El Diario - Decano de la prensa nacional"},"image":{"@id":"https:\/\/www.eldiario.net\/portal\/#\/schema\/logo\/image\/"},"sameAs":["https:\/\/www.facebook.com\/eldiario.bolivia\/","https:\/\/x.com\/eldiario_net"]},{"@type":"Person","@id":"https:\/\/www.eldiario.net\/portal\/#\/schema\/person\/f46445640444750d7d753ccd04ae01b7","name":"Jeanette","image":{"@type":"ImageObject","inLanguage":"es","@id":"https:\/\/secure.gravatar.com\/avatar\/3ea2118a5f7dad2b7138b1187a6b7ee55f160b9968b66013c3a3ef39dd7e5798?s=96&d=mm&r=g","url":"https:\/\/secure.gravatar.com\/avatar\/3ea2118a5f7dad2b7138b1187a6b7ee55f160b9968b66013c3a3ef39dd7e5798?s=96&d=mm&r=g","contentUrl":"https:\/\/secure.gravatar.com\/avatar\/3ea2118a5f7dad2b7138b1187a6b7ee55f160b9968b66013c3a3ef39dd7e5798?s=96&d=mm&r=g","caption":"Jeanette"},"sameAs":["https:\/\/www.eldiario.net\/portal"],"url":"https:\/\/www.eldiario.net\/portal\/author\/jeanette\/"}]}},"_links":{"self":[{"href":"https:\/\/www.eldiario.net\/portal\/wp-json\/wp\/v2\/posts\/182048","targetHints":{"allow":["GET"]}}],"collection":[{"href":"https:\/\/www.eldiario.net\/portal\/wp-json\/wp\/v2\/posts"}],"about":[{"href":"https:\/\/www.eldiario.net\/portal\/wp-json\/wp\/v2\/types\/post"}],"author":[{"embeddable":true,"href":"https:\/\/www.eldiario.net\/portal\/wp-json\/wp\/v2\/users\/1"}],"replies":[{"embeddable":true,"href":"https:\/\/www.eldiario.net\/portal\/wp-json\/wp\/v2\/comments?post=182048"}],"version-history":[{"count":0,"href":"https:\/\/www.eldiario.net\/portal\/wp-json\/wp\/v2\/posts\/182048\/revisions"}],"wp:featuredmedia":[{"embeddable":true,"href":"https:\/\/www.eldiario.net\/portal\/wp-json\/wp\/v2\/media\/182049"}],"wp:attachment":[{"href":"https:\/\/www.eldiario.net\/portal\/wp-json\/wp\/v2\/media?parent=182048"}],"wp:term":[{"taxonomy":"category","embeddable":true,"href":"https:\/\/www.eldiario.net\/portal\/wp-json\/wp\/v2\/categories?post=182048"},{"taxonomy":"post_tag","embeddable":true,"href":"https:\/\/www.eldiario.net\/portal\/wp-json\/wp\/v2\/tags?post=182048"}],"curies":[{"name":"wp","href":"https:\/\/api.w.org\/{rel}","templated":true}]}}