{"id":181979,"date":"2023-10-14T07:14:59","date_gmt":"2023-10-14T11:14:59","guid":{"rendered":"https:\/\/www.eldiario.net\/portal\/?p=181979"},"modified":"2023-10-14T07:14:59","modified_gmt":"2023-10-14T11:14:59","slug":"ddhh-de-la-onu-lamenta-que-civiles-sean-moneda-de-cambio","status":"publish","type":"post","link":"https:\/\/www.eldiario.net\/portal\/2023\/10\/14\/ddhh-de-la-onu-lamenta-que-civiles-sean-moneda-de-cambio\/","title":{"rendered":"DDHH de la ONU lamenta que  civiles sean moneda de cambio"},"content":{"rendered":"<p>La oficina de la ONU para los Derechos Humanos sigue con profundo horror la escalada de tensiones en Oriente Pr\u00f3ximo y la situaci\u00f3n desesperada de los civiles, convertidos en \u00abmonedas de cambio\u00bb entre Israel y Ham\u00e1s, y que la violencia pueda incrementarse.<\/p>\n<p>Recordaron a las autoridades israel\u00edes que cualquier medida de represalia debe respetar el Derecho Internacional, lo que implica no imponer un castigo colectivo sobre la poblaci\u00f3n gazac\u00ed.<\/p>\n<p>\u00abLos civiles no pueden usarse nunca como monedas de cambio\u00bb, subray\u00f3 ayer la portavoz del Alto Comisionado, Ravina Shamdasani, que record\u00f3 que m\u00e1s de 2.700 personas, en su mayor\u00eda civiles, murieron desde el inicio de la ofensiva de Ham\u00e1s sobre Israel, tanto en territorio israel\u00ed como en la Franja de Gaza.<\/p>\n<p>Shamdasani, denunci\u00f3 los ataques indiscriminados lanzados por los milicianos palestinos y la toma de d\u00edas de un centenar de rehenes, as\u00ed como la cat\u00e1strofe humanitaria que sufre Gaza, donde la poblaci\u00f3n est\u00e1 aterrada. M\u00e1s de 400.000 palestinos se vieron obligados a abandonar sus hogares y la cifra, previsiblemente, ir\u00e1 a m\u00e1s.<\/p>\n<p>La portavoz aludi\u00f3 a la reciente orden de evacuaci\u00f3n dada por Israel sobre la parte norte del territorio costero, que afecta a m\u00e1s de un mill\u00f3n de personas. En este sentido, se\u00f1al\u00f3 que las fuerzas israel\u00edes obligan a la poblaci\u00f3n a trasladarse sin apenas opciones de transporte ni garant\u00edas de llegar a un sitio m\u00ednimamente seguro, lo que da pie a una situaci\u00f3n calamitosa.<\/p>\n<p>La preocupaci\u00f3n de la ONU se extiende tambi\u00e9n a los mensajes vertidos en estos \u00faltimos d\u00edas por los principales dirigentes pol\u00edticos y militares de Israel, ya que implicar\u00eda trasladar a los miembros del Ej\u00e9rcito el mensaje de que \u00abel Derecho Internacional Humanitario es opcional y no obligatorio\u00bb.<\/p>\n<p>\u00abEs completamente crucial que los l\u00edderes israel\u00edes dejen claro, sin ambig\u00fcedades, que las operaciones militares deben realizarse con pleno respeto del Derecho Internacional\u00bb, lo que pasa seg\u00fan Shamdasani por evitar los bombardeos sobre zonas pobladas o instalaciones protegidas como escuelas o centros m\u00e9dicos.<\/p>\n<p>Naciones Unidas llam\u00f3 a todas las partes a trabajar para implantar de forma inmediata un corredor humanitario, teniendo en cuenta adem\u00e1s que toda la poblaci\u00f3n de Gaza est\u00e1 en peligro por el recrudecimiento del bloqueo israel\u00ed, que amenaza el suministro de agua, alimentos o electricidad en la Franja.<\/p>\n<p>Desde la ONU tambi\u00e9n se conden\u00f3 el aumento de los discursos contra jud\u00edos o musulmanes en todo el mundo. \u00abEs momento de que la comunidad internacional se una de manera solidaria, que pida protecci\u00f3n de todos los civiles, sin importar d\u00f3nde est\u00e9n o qui\u00e9nes sean\u00bb, reclam\u00f3 la oficina que dirige Voljer Turk. (Europa Press)<\/p>\n","protected":false},"excerpt":{"rendered":"<p>La oficina de la ONU para los Derechos Humanos sigue con profundo horror la escalada de tensiones en Oriente Pr\u00f3ximo y la situaci\u00f3n desesperada de los civiles, convertidos en \u00abmonedas de cambio\u00bb entre Israel y Ham\u00e1s, y que la violencia pueda incrementarse. Recordaron a las autoridades israel\u00edes que cualquier medida de represalia debe respetar el [&hellip;]<\/p>\n","protected":false},"author":1,"featured_media":181980,"comment_status":"closed","ping_status":"open","sticky":false,"template":"","format":"standard","meta":{"_acf_changed":false,"footnotes":""},"categories":[3],"tags":[],"class_list":["post-181979","post","type-post","status-publish","format-standard","has-post-thumbnail","category-internacional"],"acf":{"antetitulo":""},"yoast_head":"<!-- This site is optimized with the Yoast SEO plugin v28.3 - https:\/\/yoast.com\/product\/yoast-seo-wordpress\/ -->\n<title>DDHH de la ONU lamenta que civiles sean moneda de cambio - El Diario - Bolivia<\/title>\n<meta name=\"robots\" content=\"index, follow, max-snippet:-1, max-image-preview:large, max-video-preview:-1\" \/>\n<link rel=\"canonical\" href=\"https:\/\/www.eldiario.net\/portal\/2023\/10\/14\/ddhh-de-la-onu-lamenta-que-civiles-sean-moneda-de-cambio\/\" \/>\n<meta property=\"og:locale\" content=\"es_ES\" \/>\n<meta property=\"og:type\" content=\"article\" \/>\n<meta property=\"og:title\" content=\"DDHH de la ONU lamenta que civiles sean moneda de cambio - El Diario - Bolivia\" \/>\n<meta property=\"og:description\" content=\"La oficina de la ONU para los Derechos Humanos sigue con profundo horror la escalada de tensiones en Oriente Pr\u00f3ximo y la situaci\u00f3n desesperada de los civiles, convertidos en \u00abmonedas de cambio\u00bb entre Israel y Ham\u00e1s, y que la violencia pueda incrementarse. Recordaron a las autoridades israel\u00edes que cualquier medida de represalia debe respetar el [&hellip;]\" \/>\n<meta property=\"og:url\" content=\"https:\/\/www.eldiario.net\/portal\/2023\/10\/14\/ddhh-de-la-onu-lamenta-que-civiles-sean-moneda-de-cambio\/\" \/>\n<meta property=\"og:site_name\" content=\"El Diario - Bolivia\" \/>\n<meta property=\"article:publisher\" content=\"https:\/\/www.facebook.com\/eldiario.bolivia\/\" \/>\n<meta property=\"article:published_time\" content=\"2023-10-14T11:14:59+00:00\" \/>\n<meta property=\"og:image\" content=\"https:\/\/www.eldiario.net\/portal\/wp-content\/uploads\/2023\/10\/TANQUE-scaled-1.jpg\" \/>\n\t<meta property=\"og:image:width\" content=\"2560\" \/>\n\t<meta property=\"og:image:height\" content=\"1578\" \/>\n\t<meta property=\"og:image:type\" content=\"image\/jpeg\" \/>\n<meta name=\"author\" content=\"Jeanette\" \/>\n<meta name=\"twitter:card\" content=\"summary_large_image\" \/>\n<meta name=\"twitter:creator\" content=\"@eldiario_net\" \/>\n<meta name=\"twitter:site\" content=\"@eldiario_net\" \/>\n<meta name=\"twitter:label1\" content=\"Escrito por\" \/>\n\t<meta name=\"twitter:data1\" content=\"Jeanette\" \/>\n\t<meta name=\"twitter:label2\" content=\"Tiempo de lectura\" \/>\n\t<meta name=\"twitter:data2\" content=\"2 minutos\" \/>\n<script type=\"application\/ld+json\" class=\"yoast-schema-graph\">{\"@context\":\"https:\\\/\\\/schema.org\",\"@graph\":[{\"@type\":\"Article\",\"@id\":\"https:\\\/\\\/www.eldiario.net\\\/portal\\\/2023\\\/10\\\/14\\\/ddhh-de-la-onu-lamenta-que-civiles-sean-moneda-de-cambio\\\/#article\",\"isPartOf\":{\"@id\":\"https:\\\/\\\/www.eldiario.net\\\/portal\\\/2023\\\/10\\\/14\\\/ddhh-de-la-onu-lamenta-que-civiles-sean-moneda-de-cambio\\\/\"},\"author\":{\"name\":\"Jeanette\",\"@id\":\"https:\\\/\\\/www.eldiario.net\\\/portal\\\/#\\\/schema\\\/person\\\/f46445640444750d7d753ccd04ae01b7\"},\"headline\":\"DDHH de la ONU lamenta que civiles sean moneda de cambio\",\"datePublished\":\"2023-10-14T11:14:59+00:00\",\"mainEntityOfPage\":{\"@id\":\"https:\\\/\\\/www.eldiario.net\\\/portal\\\/2023\\\/10\\\/14\\\/ddhh-de-la-onu-lamenta-que-civiles-sean-moneda-de-cambio\\\/\"},\"wordCount\":477,\"publisher\":{\"@id\":\"https:\\\/\\\/www.eldiario.net\\\/portal\\\/#organization\"},\"image\":{\"@id\":\"https:\\\/\\\/www.eldiario.net\\\/portal\\\/2023\\\/10\\\/14\\\/ddhh-de-la-onu-lamenta-que-civiles-sean-moneda-de-cambio\\\/#primaryimage\"},\"thumbnailUrl\":\"https:\\\/\\\/www.eldiario.net\\\/portal\\\/wp-content\\\/uploads\\\/2023\\\/10\\\/TANQUE-scaled-1.jpg\",\"articleSection\":[\"Internacional\"],\"inLanguage\":\"es\"},{\"@type\":\"WebPage\",\"@id\":\"https:\\\/\\\/www.eldiario.net\\\/portal\\\/2023\\\/10\\\/14\\\/ddhh-de-la-onu-lamenta-que-civiles-sean-moneda-de-cambio\\\/\",\"url\":\"https:\\\/\\\/www.eldiario.net\\\/portal\\\/2023\\\/10\\\/14\\\/ddhh-de-la-onu-lamenta-que-civiles-sean-moneda-de-cambio\\\/\",\"name\":\"DDHH de la ONU lamenta que civiles sean moneda de cambio - El Diario - Bolivia\",\"isPartOf\":{\"@id\":\"https:\\\/\\\/www.eldiario.net\\\/portal\\\/#website\"},\"primaryImageOfPage\":{\"@id\":\"https:\\\/\\\/www.eldiario.net\\\/portal\\\/2023\\\/10\\\/14\\\/ddhh-de-la-onu-lamenta-que-civiles-sean-moneda-de-cambio\\\/#primaryimage\"},\"image\":{\"@id\":\"https:\\\/\\\/www.eldiario.net\\\/portal\\\/2023\\\/10\\\/14\\\/ddhh-de-la-onu-lamenta-que-civiles-sean-moneda-de-cambio\\\/#primaryimage\"},\"thumbnailUrl\":\"https:\\\/\\\/www.eldiario.net\\\/portal\\\/wp-content\\\/uploads\\\/2023\\\/10\\\/TANQUE-scaled-1.jpg\",\"datePublished\":\"2023-10-14T11:14:59+00:00\",\"breadcrumb\":{\"@id\":\"https:\\\/\\\/www.eldiario.net\\\/portal\\\/2023\\\/10\\\/14\\\/ddhh-de-la-onu-lamenta-que-civiles-sean-moneda-de-cambio\\\/#breadcrumb\"},\"inLanguage\":\"es\",\"potentialAction\":[{\"@type\":\"ReadAction\",\"target\":[\"https:\\\/\\\/www.eldiario.net\\\/portal\\\/2023\\\/10\\\/14\\\/ddhh-de-la-onu-lamenta-que-civiles-sean-moneda-de-cambio\\\/\"]}]},{\"@type\":\"ImageObject\",\"inLanguage\":\"es\",\"@id\":\"https:\\\/\\\/www.eldiario.net\\\/portal\\\/2023\\\/10\\\/14\\\/ddhh-de-la-onu-lamenta-que-civiles-sean-moneda-de-cambio\\\/#primaryimage\",\"url\":\"https:\\\/\\\/www.eldiario.net\\\/portal\\\/wp-content\\\/uploads\\\/2023\\\/10\\\/TANQUE-scaled-1.jpg\",\"contentUrl\":\"https:\\\/\\\/www.eldiario.net\\\/portal\\\/wp-content\\\/uploads\\\/2023\\\/10\\\/TANQUE-scaled-1.jpg\",\"width\":2560,\"height\":1578},{\"@type\":\"BreadcrumbList\",\"@id\":\"https:\\\/\\\/www.eldiario.net\\\/portal\\\/2023\\\/10\\\/14\\\/ddhh-de-la-onu-lamenta-que-civiles-sean-moneda-de-cambio\\\/#breadcrumb\",\"itemListElement\":[{\"@type\":\"ListItem\",\"position\":1,\"name\":\"Portada\",\"item\":\"https:\\\/\\\/www.eldiario.net\\\/portal\\\/\"},{\"@type\":\"ListItem\",\"position\":2,\"name\":\"DDHH de la ONU lamenta que civiles sean moneda de cambio\"}]},{\"@type\":\"WebSite\",\"@id\":\"https:\\\/\\\/www.eldiario.net\\\/portal\\\/#website\",\"url\":\"https:\\\/\\\/www.eldiario.net\\\/portal\\\/\",\"name\":\"El Diario - Decano de la prensa nacional\",\"description\":\"El Diario - Decano de la prensa nacional\",\"publisher\":{\"@id\":\"https:\\\/\\\/www.eldiario.net\\\/portal\\\/#organization\"},\"potentialAction\":[{\"@type\":\"SearchAction\",\"target\":{\"@type\":\"EntryPoint\",\"urlTemplate\":\"https:\\\/\\\/www.eldiario.net\\\/portal\\\/?s={search_term_string}\"},\"query-input\":{\"@type\":\"PropertyValueSpecification\",\"valueRequired\":true,\"valueName\":\"search_term_string\"}}],\"inLanguage\":\"es\"},{\"@type\":\"Organization\",\"@id\":\"https:\\\/\\\/www.eldiario.net\\\/portal\\\/#organization\",\"name\":\"El Diario - Decano de la prensa nacional\",\"url\":\"https:\\\/\\\/www.eldiario.net\\\/portal\\\/\",\"logo\":{\"@type\":\"ImageObject\",\"inLanguage\":\"es\",\"@id\":\"https:\\\/\\\/www.eldiario.net\\\/portal\\\/#\\\/schema\\\/logo\\\/image\\\/\",\"url\":\"https:\\\/\\\/www.eldiario.net\\\/portal\\\/wp-content\\\/uploads\\\/2023\\\/07\\\/logo_ED.jpg\",\"contentUrl\":\"https:\\\/\\\/www.eldiario.net\\\/portal\\\/wp-content\\\/uploads\\\/2023\\\/07\\\/logo_ED.jpg\",\"width\":272,\"height\":52,\"caption\":\"El Diario - Decano de la prensa nacional\"},\"image\":{\"@id\":\"https:\\\/\\\/www.eldiario.net\\\/portal\\\/#\\\/schema\\\/logo\\\/image\\\/\"},\"sameAs\":[\"https:\\\/\\\/www.facebook.com\\\/eldiario.bolivia\\\/\",\"https:\\\/\\\/x.com\\\/eldiario_net\"]},{\"@type\":\"Person\",\"@id\":\"https:\\\/\\\/www.eldiario.net\\\/portal\\\/#\\\/schema\\\/person\\\/f46445640444750d7d753ccd04ae01b7\",\"name\":\"Jeanette\",\"image\":{\"@type\":\"ImageObject\",\"inLanguage\":\"es\",\"@id\":\"https:\\\/\\\/secure.gravatar.com\\\/avatar\\\/3ea2118a5f7dad2b7138b1187a6b7ee55f160b9968b66013c3a3ef39dd7e5798?s=96&d=mm&r=g\",\"url\":\"https:\\\/\\\/secure.gravatar.com\\\/avatar\\\/3ea2118a5f7dad2b7138b1187a6b7ee55f160b9968b66013c3a3ef39dd7e5798?s=96&d=mm&r=g\",\"contentUrl\":\"https:\\\/\\\/secure.gravatar.com\\\/avatar\\\/3ea2118a5f7dad2b7138b1187a6b7ee55f160b9968b66013c3a3ef39dd7e5798?s=96&d=mm&r=g\",\"caption\":\"Jeanette\"},\"sameAs\":[\"https:\\\/\\\/www.eldiario.net\\\/portal\"],\"url\":\"https:\\\/\\\/www.eldiario.net\\\/portal\\\/author\\\/jeanette\\\/\"}]}<\/script>\n<!-- \/ Yoast SEO plugin. -->","yoast_head_json":{"title":"DDHH de la ONU lamenta que civiles sean moneda de cambio - El Diario - Bolivia","robots":{"index":"index","follow":"follow","max-snippet":"max-snippet:-1","max-image-preview":"max-image-preview:large","max-video-preview":"max-video-preview:-1"},"canonical":"https:\/\/www.eldiario.net\/portal\/2023\/10\/14\/ddhh-de-la-onu-lamenta-que-civiles-sean-moneda-de-cambio\/","og_locale":"es_ES","og_type":"article","og_title":"DDHH de la ONU lamenta que civiles sean moneda de cambio - El Diario - Bolivia","og_description":"La oficina de la ONU para los Derechos Humanos sigue con profundo horror la escalada de tensiones en Oriente Pr\u00f3ximo y la situaci\u00f3n desesperada de los civiles, convertidos en \u00abmonedas de cambio\u00bb entre Israel y Ham\u00e1s, y que la violencia pueda incrementarse. Recordaron a las autoridades israel\u00edes que cualquier medida de represalia debe respetar el [&hellip;]","og_url":"https:\/\/www.eldiario.net\/portal\/2023\/10\/14\/ddhh-de-la-onu-lamenta-que-civiles-sean-moneda-de-cambio\/","og_site_name":"El Diario - Bolivia","article_publisher":"https:\/\/www.facebook.com\/eldiario.bolivia\/","article_published_time":"2023-10-14T11:14:59+00:00","og_image":[{"width":2560,"height":1578,"url":"https:\/\/www.eldiario.net\/portal\/wp-content\/uploads\/2023\/10\/TANQUE-scaled-1.jpg","type":"image\/jpeg"}],"author":"Jeanette","twitter_card":"summary_large_image","twitter_creator":"@eldiario_net","twitter_site":"@eldiario_net","twitter_misc":{"Escrito por":"Jeanette","Tiempo de lectura":"2 minutos"},"schema":{"@context":"https:\/\/schema.org","@graph":[{"@type":"Article","@id":"https:\/\/www.eldiario.net\/portal\/2023\/10\/14\/ddhh-de-la-onu-lamenta-que-civiles-sean-moneda-de-cambio\/#article","isPartOf":{"@id":"https:\/\/www.eldiario.net\/portal\/2023\/10\/14\/ddhh-de-la-onu-lamenta-que-civiles-sean-moneda-de-cambio\/"},"author":{"name":"Jeanette","@id":"https:\/\/www.eldiario.net\/portal\/#\/schema\/person\/f46445640444750d7d753ccd04ae01b7"},"headline":"DDHH de la ONU lamenta que civiles sean moneda de cambio","datePublished":"2023-10-14T11:14:59+00:00","mainEntityOfPage":{"@id":"https:\/\/www.eldiario.net\/portal\/2023\/10\/14\/ddhh-de-la-onu-lamenta-que-civiles-sean-moneda-de-cambio\/"},"wordCount":477,"publisher":{"@id":"https:\/\/www.eldiario.net\/portal\/#organization"},"image":{"@id":"https:\/\/www.eldiario.net\/portal\/2023\/10\/14\/ddhh-de-la-onu-lamenta-que-civiles-sean-moneda-de-cambio\/#primaryimage"},"thumbnailUrl":"https:\/\/www.eldiario.net\/portal\/wp-content\/uploads\/2023\/10\/TANQUE-scaled-1.jpg","articleSection":["Internacional"],"inLanguage":"es"},{"@type":"WebPage","@id":"https:\/\/www.eldiario.net\/portal\/2023\/10\/14\/ddhh-de-la-onu-lamenta-que-civiles-sean-moneda-de-cambio\/","url":"https:\/\/www.eldiario.net\/portal\/2023\/10\/14\/ddhh-de-la-onu-lamenta-que-civiles-sean-moneda-de-cambio\/","name":"DDHH de la ONU lamenta que civiles sean moneda de cambio - El Diario - Bolivia","isPartOf":{"@id":"https:\/\/www.eldiario.net\/portal\/#website"},"primaryImageOfPage":{"@id":"https:\/\/www.eldiario.net\/portal\/2023\/10\/14\/ddhh-de-la-onu-lamenta-que-civiles-sean-moneda-de-cambio\/#primaryimage"},"image":{"@id":"https:\/\/www.eldiario.net\/portal\/2023\/10\/14\/ddhh-de-la-onu-lamenta-que-civiles-sean-moneda-de-cambio\/#primaryimage"},"thumbnailUrl":"https:\/\/www.eldiario.net\/portal\/wp-content\/uploads\/2023\/10\/TANQUE-scaled-1.jpg","datePublished":"2023-10-14T11:14:59+00:00","breadcrumb":{"@id":"https:\/\/www.eldiario.net\/portal\/2023\/10\/14\/ddhh-de-la-onu-lamenta-que-civiles-sean-moneda-de-cambio\/#breadcrumb"},"inLanguage":"es","potentialAction":[{"@type":"ReadAction","target":["https:\/\/www.eldiario.net\/portal\/2023\/10\/14\/ddhh-de-la-onu-lamenta-que-civiles-sean-moneda-de-cambio\/"]}]},{"@type":"ImageObject","inLanguage":"es","@id":"https:\/\/www.eldiario.net\/portal\/2023\/10\/14\/ddhh-de-la-onu-lamenta-que-civiles-sean-moneda-de-cambio\/#primaryimage","url":"https:\/\/www.eldiario.net\/portal\/wp-content\/uploads\/2023\/10\/TANQUE-scaled-1.jpg","contentUrl":"https:\/\/www.eldiario.net\/portal\/wp-content\/uploads\/2023\/10\/TANQUE-scaled-1.jpg","width":2560,"height":1578},{"@type":"BreadcrumbList","@id":"https:\/\/www.eldiario.net\/portal\/2023\/10\/14\/ddhh-de-la-onu-lamenta-que-civiles-sean-moneda-de-cambio\/#breadcrumb","itemListElement":[{"@type":"ListItem","position":1,"name":"Portada","item":"https:\/\/www.eldiario.net\/portal\/"},{"@type":"ListItem","position":2,"name":"DDHH de la ONU lamenta que civiles sean moneda de cambio"}]},{"@type":"WebSite","@id":"https:\/\/www.eldiario.net\/portal\/#website","url":"https:\/\/www.eldiario.net\/portal\/","name":"El Diario - Decano de la prensa nacional","description":"El Diario - Decano de la prensa nacional","publisher":{"@id":"https:\/\/www.eldiario.net\/portal\/#organization"},"potentialAction":[{"@type":"SearchAction","target":{"@type":"EntryPoint","urlTemplate":"https:\/\/www.eldiario.net\/portal\/?s={search_term_string}"},"query-input":{"@type":"PropertyValueSpecification","valueRequired":true,"valueName":"search_term_string"}}],"inLanguage":"es"},{"@type":"Organization","@id":"https:\/\/www.eldiario.net\/portal\/#organization","name":"El Diario - Decano de la prensa nacional","url":"https:\/\/www.eldiario.net\/portal\/","logo":{"@type":"ImageObject","inLanguage":"es","@id":"https:\/\/www.eldiario.net\/portal\/#\/schema\/logo\/image\/","url":"https:\/\/www.eldiario.net\/portal\/wp-content\/uploads\/2023\/07\/logo_ED.jpg","contentUrl":"https:\/\/www.eldiario.net\/portal\/wp-content\/uploads\/2023\/07\/logo_ED.jpg","width":272,"height":52,"caption":"El Diario - Decano de la prensa nacional"},"image":{"@id":"https:\/\/www.eldiario.net\/portal\/#\/schema\/logo\/image\/"},"sameAs":["https:\/\/www.facebook.com\/eldiario.bolivia\/","https:\/\/x.com\/eldiario_net"]},{"@type":"Person","@id":"https:\/\/www.eldiario.net\/portal\/#\/schema\/person\/f46445640444750d7d753ccd04ae01b7","name":"Jeanette","image":{"@type":"ImageObject","inLanguage":"es","@id":"https:\/\/secure.gravatar.com\/avatar\/3ea2118a5f7dad2b7138b1187a6b7ee55f160b9968b66013c3a3ef39dd7e5798?s=96&d=mm&r=g","url":"https:\/\/secure.gravatar.com\/avatar\/3ea2118a5f7dad2b7138b1187a6b7ee55f160b9968b66013c3a3ef39dd7e5798?s=96&d=mm&r=g","contentUrl":"https:\/\/secure.gravatar.com\/avatar\/3ea2118a5f7dad2b7138b1187a6b7ee55f160b9968b66013c3a3ef39dd7e5798?s=96&d=mm&r=g","caption":"Jeanette"},"sameAs":["https:\/\/www.eldiario.net\/portal"],"url":"https:\/\/www.eldiario.net\/portal\/author\/jeanette\/"}]}},"_links":{"self":[{"href":"https:\/\/www.eldiario.net\/portal\/wp-json\/wp\/v2\/posts\/181979","targetHints":{"allow":["GET"]}}],"collection":[{"href":"https:\/\/www.eldiario.net\/portal\/wp-json\/wp\/v2\/posts"}],"about":[{"href":"https:\/\/www.eldiario.net\/portal\/wp-json\/wp\/v2\/types\/post"}],"author":[{"embeddable":true,"href":"https:\/\/www.eldiario.net\/portal\/wp-json\/wp\/v2\/users\/1"}],"replies":[{"embeddable":true,"href":"https:\/\/www.eldiario.net\/portal\/wp-json\/wp\/v2\/comments?post=181979"}],"version-history":[{"count":0,"href":"https:\/\/www.eldiario.net\/portal\/wp-json\/wp\/v2\/posts\/181979\/revisions"}],"wp:featuredmedia":[{"embeddable":true,"href":"https:\/\/www.eldiario.net\/portal\/wp-json\/wp\/v2\/media\/181980"}],"wp:attachment":[{"href":"https:\/\/www.eldiario.net\/portal\/wp-json\/wp\/v2\/media?parent=181979"}],"wp:term":[{"taxonomy":"category","embeddable":true,"href":"https:\/\/www.eldiario.net\/portal\/wp-json\/wp\/v2\/categories?post=181979"},{"taxonomy":"post_tag","embeddable":true,"href":"https:\/\/www.eldiario.net\/portal\/wp-json\/wp\/v2\/tags?post=181979"}],"curies":[{"name":"wp","href":"https:\/\/api.w.org\/{rel}","templated":true}]}}