{"id":181645,"date":"2023-10-12T04:30:48","date_gmt":"2023-10-12T08:30:48","guid":{"rendered":"https:\/\/www.eldiario.net\/portal\/?p=181645"},"modified":"2023-10-12T04:30:48","modified_gmt":"2023-10-12T08:30:48","slug":"sentencia-del-tcp-amenaza-a-3-millones-de-hectareas","status":"publish","type":"post","link":"https:\/\/www.eldiario.net\/portal\/2023\/10\/12\/sentencia-del-tcp-amenaza-a-3-millones-de-hectareas\/","title":{"rendered":"Sentencia del TCP amenaza  a 3 millones de hect\u00e1reas"},"content":{"rendered":"<p>La sentencia del Tribunal Constitucional Plurinacional (TCP) que anula la declaratoria departamental de reserva de diferentes \u00e1reas protegidas, pone en riesgo 3 millones de hect\u00e1reas no s\u00f3lo de Santa Cruz, sino de todo el pa\u00eds, afirm\u00f3 Diego Guti\u00e9rrez, experto en derecho ambiental. Legisladoras alistan demandas contra los magistrados.<\/p>\n<p>\u201cEsta sentencia pone en riesgo 3 millones de hect\u00e1reas de estas reservas naturales que estaban bajo una modalidad de conservaci\u00f3n, dentro del r\u00e9gimen departamental y bajo la competencia constitucional de conservaci\u00f3n del patrimonio natural y una ley departamental que establec\u00eda todos los mecanismos y protecci\u00f3n para garantizar m\u00faltiples procesos ambientales\u201d, afirm\u00f3 a la ANF el experto.<\/p>\n<p>El martes, la Gobernaci\u00f3n de Santa Cruz hizo conocer que el TCP le envi\u00f3 un correo electr\u00f3nico en el que le notificaba la sentencia 0076\/2023 que declara la nulidad de la Ley Departamental 98 en varios de su art\u00edculo, quitando a la Gobernaci\u00f3n la competencia del manejo, cuidado y protecci\u00f3n de las Unidades de Conservaci\u00f3n del Patrimonio Natural (UCPN).<\/p>\n<p>NUEVA PROPUESTA<\/p>\n<p>El gobernador de Santa Cruz, Luis Fernando Camacho, enviar\u00e1 un proyecto de ley a la Asamblea Legislativa Departamental (ALD) para reemplazar la ley departamental N\u00b098 (Ley Departamental de Conservaci\u00f3n del Patrimonio Departamental, que fue anulada por el Tribunal Constitucional Plurinacional (TCP) a trav\u00e9s de una sentencia.<\/p>\n<p>El asesor de Gesti\u00f3n, Efra\u00edn Su\u00e1rez, dijo que el gobernador Camacho no se va a quedar con los brazos cruzados y har\u00e1 uso de las Autonom\u00edas, porque el TCP no puede arrebatar una competencia que es concurrente de la Gobernaci\u00f3n de Santa Cruz y otra competencia que es exclusiva, como lo es el Ordenamiento Territorial.<\/p>\n<p>\u00abEn los pr\u00f3ximos d\u00edas el Gobernador enviar\u00e1 a la ALD un proyecto de ley departamental para que reemplace la ley N\u00b098, de esta forma Santa Cruz no va a quedar desprotegida por la sentencia nefasta del TCP, que actu\u00f3 al margen de la constituci\u00f3n\u00bb, anunci\u00f3 Su\u00e1rez.<\/p>\n<p>Agreg\u00f3 que no existe forma de justificar la anulaci\u00f3n de ciertos art\u00edculos de la Ley N\u00b098, que fue creada en base a una comunicaci\u00f3n concurrente de la Gobernaci\u00f3n y una competencia exclusiva.<\/p>\n<p>IRREGULARIDADES EN EL PROCESO<\/p>\n<p>Por otra parte, Su\u00e1rez observ\u00f3 que en la sentencia constitucional, de los nueve magistrados, cuatro de ellos votaron en contra de la anulaci\u00f3n de los art\u00edculos de esta ley.<\/p>\n<p>\u00abUna de las magistradas dice que se sigui\u00f3 el proceso regular, es un proceso irregular la anulaci\u00f3n de estos art\u00edculos, por tanto queda puntualmente establecido por un voto disidente que el TCP actu\u00f3 en contra de la Constituci\u00f3n Pol\u00edtica del Estado\u00bb, concluy\u00f3 Su\u00e1rez. (La Paz, ANF y Santa Cruz, con datos de la Gobernaci\u00f3n de Santa Cruz)<\/p>\n","protected":false},"excerpt":{"rendered":"<p>La sentencia del Tribunal Constitucional Plurinacional (TCP) que anula la declaratoria departamental de reserva de diferentes \u00e1reas protegidas, pone en riesgo 3 millones de hect\u00e1reas no s\u00f3lo de Santa Cruz, sino de todo el pa\u00eds, afirm\u00f3 Diego Guti\u00e9rrez, experto en derecho ambiental. Legisladoras alistan demandas contra los magistrados. \u201cEsta sentencia pone en riesgo 3 millones [&hellip;]<\/p>\n","protected":false},"author":1,"featured_media":181646,"comment_status":"closed","ping_status":"open","sticky":false,"template":"","format":"standard","meta":{"_acf_changed":false,"footnotes":""},"categories":[17],"tags":[],"class_list":["post-181645","post","type-post","status-publish","format-standard","has-post-thumbnail","category-principal"],"acf":{"antetitulo":""},"yoast_head":"<!-- This site is optimized with the Yoast SEO plugin v28.3 - https:\/\/yoast.com\/product\/yoast-seo-wordpress\/ -->\n<title>Sentencia del TCP amenaza a 3 millones de hect\u00e1reas - El Diario - Bolivia<\/title>\n<meta name=\"robots\" content=\"index, follow, max-snippet:-1, max-image-preview:large, max-video-preview:-1\" \/>\n<link rel=\"canonical\" href=\"https:\/\/www.eldiario.net\/portal\/2023\/10\/12\/sentencia-del-tcp-amenaza-a-3-millones-de-hectareas\/\" \/>\n<meta property=\"og:locale\" content=\"es_ES\" \/>\n<meta property=\"og:type\" content=\"article\" \/>\n<meta property=\"og:title\" content=\"Sentencia del TCP amenaza a 3 millones de hect\u00e1reas - El Diario - Bolivia\" \/>\n<meta property=\"og:description\" content=\"La sentencia del Tribunal Constitucional Plurinacional (TCP) que anula la declaratoria departamental de reserva de diferentes \u00e1reas protegidas, pone en riesgo 3 millones de hect\u00e1reas no s\u00f3lo de Santa Cruz, sino de todo el pa\u00eds, afirm\u00f3 Diego Guti\u00e9rrez, experto en derecho ambiental. Legisladoras alistan demandas contra los magistrados. \u201cEsta sentencia pone en riesgo 3 millones [&hellip;]\" \/>\n<meta property=\"og:url\" content=\"https:\/\/www.eldiario.net\/portal\/2023\/10\/12\/sentencia-del-tcp-amenaza-a-3-millones-de-hectareas\/\" \/>\n<meta property=\"og:site_name\" content=\"El Diario - Bolivia\" \/>\n<meta property=\"article:publisher\" content=\"https:\/\/www.facebook.com\/eldiario.bolivia\/\" \/>\n<meta property=\"article:published_time\" content=\"2023-10-12T08:30:48+00:00\" \/>\n<meta property=\"og:image\" content=\"https:\/\/www.eldiario.net\/portal\/wp-content\/uploads\/2023\/10\/ACUIFERO-FOTO.jpg\" \/>\n\t<meta property=\"og:image:width\" content=\"600\" \/>\n\t<meta property=\"og:image:height\" content=\"338\" \/>\n\t<meta property=\"og:image:type\" content=\"image\/jpeg\" \/>\n<meta name=\"author\" content=\"Jeanette\" \/>\n<meta name=\"twitter:card\" content=\"summary_large_image\" \/>\n<meta name=\"twitter:creator\" content=\"@eldiario_net\" \/>\n<meta name=\"twitter:site\" content=\"@eldiario_net\" \/>\n<meta name=\"twitter:label1\" content=\"Escrito por\" \/>\n\t<meta name=\"twitter:data1\" content=\"Jeanette\" \/>\n\t<meta name=\"twitter:label2\" content=\"Tiempo de lectura\" \/>\n\t<meta name=\"twitter:data2\" content=\"2 minutos\" \/>\n<script type=\"application\/ld+json\" class=\"yoast-schema-graph\">{\"@context\":\"https:\\\/\\\/schema.org\",\"@graph\":[{\"@type\":\"Article\",\"@id\":\"https:\\\/\\\/www.eldiario.net\\\/portal\\\/2023\\\/10\\\/12\\\/sentencia-del-tcp-amenaza-a-3-millones-de-hectareas\\\/#article\",\"isPartOf\":{\"@id\":\"https:\\\/\\\/www.eldiario.net\\\/portal\\\/2023\\\/10\\\/12\\\/sentencia-del-tcp-amenaza-a-3-millones-de-hectareas\\\/\"},\"author\":{\"name\":\"Jeanette\",\"@id\":\"https:\\\/\\\/www.eldiario.net\\\/portal\\\/#\\\/schema\\\/person\\\/f46445640444750d7d753ccd04ae01b7\"},\"headline\":\"Sentencia del TCP amenaza a 3 millones de hect\u00e1reas\",\"datePublished\":\"2023-10-12T08:30:48+00:00\",\"mainEntityOfPage\":{\"@id\":\"https:\\\/\\\/www.eldiario.net\\\/portal\\\/2023\\\/10\\\/12\\\/sentencia-del-tcp-amenaza-a-3-millones-de-hectareas\\\/\"},\"wordCount\":480,\"publisher\":{\"@id\":\"https:\\\/\\\/www.eldiario.net\\\/portal\\\/#organization\"},\"image\":{\"@id\":\"https:\\\/\\\/www.eldiario.net\\\/portal\\\/2023\\\/10\\\/12\\\/sentencia-del-tcp-amenaza-a-3-millones-de-hectareas\\\/#primaryimage\"},\"thumbnailUrl\":\"https:\\\/\\\/www.eldiario.net\\\/portal\\\/wp-content\\\/uploads\\\/2023\\\/10\\\/ACUIFERO-FOTO.jpg\",\"articleSection\":[\"Principal\"],\"inLanguage\":\"es\"},{\"@type\":\"WebPage\",\"@id\":\"https:\\\/\\\/www.eldiario.net\\\/portal\\\/2023\\\/10\\\/12\\\/sentencia-del-tcp-amenaza-a-3-millones-de-hectareas\\\/\",\"url\":\"https:\\\/\\\/www.eldiario.net\\\/portal\\\/2023\\\/10\\\/12\\\/sentencia-del-tcp-amenaza-a-3-millones-de-hectareas\\\/\",\"name\":\"Sentencia del TCP amenaza a 3 millones de hect\u00e1reas - El Diario - Bolivia\",\"isPartOf\":{\"@id\":\"https:\\\/\\\/www.eldiario.net\\\/portal\\\/#website\"},\"primaryImageOfPage\":{\"@id\":\"https:\\\/\\\/www.eldiario.net\\\/portal\\\/2023\\\/10\\\/12\\\/sentencia-del-tcp-amenaza-a-3-millones-de-hectareas\\\/#primaryimage\"},\"image\":{\"@id\":\"https:\\\/\\\/www.eldiario.net\\\/portal\\\/2023\\\/10\\\/12\\\/sentencia-del-tcp-amenaza-a-3-millones-de-hectareas\\\/#primaryimage\"},\"thumbnailUrl\":\"https:\\\/\\\/www.eldiario.net\\\/portal\\\/wp-content\\\/uploads\\\/2023\\\/10\\\/ACUIFERO-FOTO.jpg\",\"datePublished\":\"2023-10-12T08:30:48+00:00\",\"breadcrumb\":{\"@id\":\"https:\\\/\\\/www.eldiario.net\\\/portal\\\/2023\\\/10\\\/12\\\/sentencia-del-tcp-amenaza-a-3-millones-de-hectareas\\\/#breadcrumb\"},\"inLanguage\":\"es\",\"potentialAction\":[{\"@type\":\"ReadAction\",\"target\":[\"https:\\\/\\\/www.eldiario.net\\\/portal\\\/2023\\\/10\\\/12\\\/sentencia-del-tcp-amenaza-a-3-millones-de-hectareas\\\/\"]}]},{\"@type\":\"ImageObject\",\"inLanguage\":\"es\",\"@id\":\"https:\\\/\\\/www.eldiario.net\\\/portal\\\/2023\\\/10\\\/12\\\/sentencia-del-tcp-amenaza-a-3-millones-de-hectareas\\\/#primaryimage\",\"url\":\"https:\\\/\\\/www.eldiario.net\\\/portal\\\/wp-content\\\/uploads\\\/2023\\\/10\\\/ACUIFERO-FOTO.jpg\",\"contentUrl\":\"https:\\\/\\\/www.eldiario.net\\\/portal\\\/wp-content\\\/uploads\\\/2023\\\/10\\\/ACUIFERO-FOTO.jpg\",\"width\":600,\"height\":338,\"caption\":\"La zona pr\u00f3xima a los acu\u00edferos. Foto: Gobernaci\u00f3n Santa Cruz\"},{\"@type\":\"BreadcrumbList\",\"@id\":\"https:\\\/\\\/www.eldiario.net\\\/portal\\\/2023\\\/10\\\/12\\\/sentencia-del-tcp-amenaza-a-3-millones-de-hectareas\\\/#breadcrumb\",\"itemListElement\":[{\"@type\":\"ListItem\",\"position\":1,\"name\":\"Portada\",\"item\":\"https:\\\/\\\/www.eldiario.net\\\/portal\\\/\"},{\"@type\":\"ListItem\",\"position\":2,\"name\":\"Sentencia del TCP amenaza a 3 millones de hect\u00e1reas\"}]},{\"@type\":\"WebSite\",\"@id\":\"https:\\\/\\\/www.eldiario.net\\\/portal\\\/#website\",\"url\":\"https:\\\/\\\/www.eldiario.net\\\/portal\\\/\",\"name\":\"El Diario - Decano de la prensa nacional\",\"description\":\"El Diario - Decano de la prensa nacional\",\"publisher\":{\"@id\":\"https:\\\/\\\/www.eldiario.net\\\/portal\\\/#organization\"},\"potentialAction\":[{\"@type\":\"SearchAction\",\"target\":{\"@type\":\"EntryPoint\",\"urlTemplate\":\"https:\\\/\\\/www.eldiario.net\\\/portal\\\/?s={search_term_string}\"},\"query-input\":{\"@type\":\"PropertyValueSpecification\",\"valueRequired\":true,\"valueName\":\"search_term_string\"}}],\"inLanguage\":\"es\"},{\"@type\":\"Organization\",\"@id\":\"https:\\\/\\\/www.eldiario.net\\\/portal\\\/#organization\",\"name\":\"El Diario - Decano de la prensa nacional\",\"url\":\"https:\\\/\\\/www.eldiario.net\\\/portal\\\/\",\"logo\":{\"@type\":\"ImageObject\",\"inLanguage\":\"es\",\"@id\":\"https:\\\/\\\/www.eldiario.net\\\/portal\\\/#\\\/schema\\\/logo\\\/image\\\/\",\"url\":\"https:\\\/\\\/www.eldiario.net\\\/portal\\\/wp-content\\\/uploads\\\/2023\\\/07\\\/logo_ED.jpg\",\"contentUrl\":\"https:\\\/\\\/www.eldiario.net\\\/portal\\\/wp-content\\\/uploads\\\/2023\\\/07\\\/logo_ED.jpg\",\"width\":272,\"height\":52,\"caption\":\"El Diario - Decano de la prensa nacional\"},\"image\":{\"@id\":\"https:\\\/\\\/www.eldiario.net\\\/portal\\\/#\\\/schema\\\/logo\\\/image\\\/\"},\"sameAs\":[\"https:\\\/\\\/www.facebook.com\\\/eldiario.bolivia\\\/\",\"https:\\\/\\\/x.com\\\/eldiario_net\"]},{\"@type\":\"Person\",\"@id\":\"https:\\\/\\\/www.eldiario.net\\\/portal\\\/#\\\/schema\\\/person\\\/f46445640444750d7d753ccd04ae01b7\",\"name\":\"Jeanette\",\"image\":{\"@type\":\"ImageObject\",\"inLanguage\":\"es\",\"@id\":\"https:\\\/\\\/secure.gravatar.com\\\/avatar\\\/3ea2118a5f7dad2b7138b1187a6b7ee55f160b9968b66013c3a3ef39dd7e5798?s=96&d=mm&r=g\",\"url\":\"https:\\\/\\\/secure.gravatar.com\\\/avatar\\\/3ea2118a5f7dad2b7138b1187a6b7ee55f160b9968b66013c3a3ef39dd7e5798?s=96&d=mm&r=g\",\"contentUrl\":\"https:\\\/\\\/secure.gravatar.com\\\/avatar\\\/3ea2118a5f7dad2b7138b1187a6b7ee55f160b9968b66013c3a3ef39dd7e5798?s=96&d=mm&r=g\",\"caption\":\"Jeanette\"},\"sameAs\":[\"https:\\\/\\\/www.eldiario.net\\\/portal\"],\"url\":\"https:\\\/\\\/www.eldiario.net\\\/portal\\\/author\\\/jeanette\\\/\"}]}<\/script>\n<!-- \/ Yoast SEO plugin. -->","yoast_head_json":{"title":"Sentencia del TCP amenaza a 3 millones de hect\u00e1reas - El Diario - Bolivia","robots":{"index":"index","follow":"follow","max-snippet":"max-snippet:-1","max-image-preview":"max-image-preview:large","max-video-preview":"max-video-preview:-1"},"canonical":"https:\/\/www.eldiario.net\/portal\/2023\/10\/12\/sentencia-del-tcp-amenaza-a-3-millones-de-hectareas\/","og_locale":"es_ES","og_type":"article","og_title":"Sentencia del TCP amenaza a 3 millones de hect\u00e1reas - El Diario - Bolivia","og_description":"La sentencia del Tribunal Constitucional Plurinacional (TCP) que anula la declaratoria departamental de reserva de diferentes \u00e1reas protegidas, pone en riesgo 3 millones de hect\u00e1reas no s\u00f3lo de Santa Cruz, sino de todo el pa\u00eds, afirm\u00f3 Diego Guti\u00e9rrez, experto en derecho ambiental. Legisladoras alistan demandas contra los magistrados. \u201cEsta sentencia pone en riesgo 3 millones [&hellip;]","og_url":"https:\/\/www.eldiario.net\/portal\/2023\/10\/12\/sentencia-del-tcp-amenaza-a-3-millones-de-hectareas\/","og_site_name":"El Diario - Bolivia","article_publisher":"https:\/\/www.facebook.com\/eldiario.bolivia\/","article_published_time":"2023-10-12T08:30:48+00:00","og_image":[{"width":600,"height":338,"url":"https:\/\/www.eldiario.net\/portal\/wp-content\/uploads\/2023\/10\/ACUIFERO-FOTO.jpg","type":"image\/jpeg"}],"author":"Jeanette","twitter_card":"summary_large_image","twitter_creator":"@eldiario_net","twitter_site":"@eldiario_net","twitter_misc":{"Escrito por":"Jeanette","Tiempo de lectura":"2 minutos"},"schema":{"@context":"https:\/\/schema.org","@graph":[{"@type":"Article","@id":"https:\/\/www.eldiario.net\/portal\/2023\/10\/12\/sentencia-del-tcp-amenaza-a-3-millones-de-hectareas\/#article","isPartOf":{"@id":"https:\/\/www.eldiario.net\/portal\/2023\/10\/12\/sentencia-del-tcp-amenaza-a-3-millones-de-hectareas\/"},"author":{"name":"Jeanette","@id":"https:\/\/www.eldiario.net\/portal\/#\/schema\/person\/f46445640444750d7d753ccd04ae01b7"},"headline":"Sentencia del TCP amenaza a 3 millones de hect\u00e1reas","datePublished":"2023-10-12T08:30:48+00:00","mainEntityOfPage":{"@id":"https:\/\/www.eldiario.net\/portal\/2023\/10\/12\/sentencia-del-tcp-amenaza-a-3-millones-de-hectareas\/"},"wordCount":480,"publisher":{"@id":"https:\/\/www.eldiario.net\/portal\/#organization"},"image":{"@id":"https:\/\/www.eldiario.net\/portal\/2023\/10\/12\/sentencia-del-tcp-amenaza-a-3-millones-de-hectareas\/#primaryimage"},"thumbnailUrl":"https:\/\/www.eldiario.net\/portal\/wp-content\/uploads\/2023\/10\/ACUIFERO-FOTO.jpg","articleSection":["Principal"],"inLanguage":"es"},{"@type":"WebPage","@id":"https:\/\/www.eldiario.net\/portal\/2023\/10\/12\/sentencia-del-tcp-amenaza-a-3-millones-de-hectareas\/","url":"https:\/\/www.eldiario.net\/portal\/2023\/10\/12\/sentencia-del-tcp-amenaza-a-3-millones-de-hectareas\/","name":"Sentencia del TCP amenaza a 3 millones de hect\u00e1reas - El Diario - Bolivia","isPartOf":{"@id":"https:\/\/www.eldiario.net\/portal\/#website"},"primaryImageOfPage":{"@id":"https:\/\/www.eldiario.net\/portal\/2023\/10\/12\/sentencia-del-tcp-amenaza-a-3-millones-de-hectareas\/#primaryimage"},"image":{"@id":"https:\/\/www.eldiario.net\/portal\/2023\/10\/12\/sentencia-del-tcp-amenaza-a-3-millones-de-hectareas\/#primaryimage"},"thumbnailUrl":"https:\/\/www.eldiario.net\/portal\/wp-content\/uploads\/2023\/10\/ACUIFERO-FOTO.jpg","datePublished":"2023-10-12T08:30:48+00:00","breadcrumb":{"@id":"https:\/\/www.eldiario.net\/portal\/2023\/10\/12\/sentencia-del-tcp-amenaza-a-3-millones-de-hectareas\/#breadcrumb"},"inLanguage":"es","potentialAction":[{"@type":"ReadAction","target":["https:\/\/www.eldiario.net\/portal\/2023\/10\/12\/sentencia-del-tcp-amenaza-a-3-millones-de-hectareas\/"]}]},{"@type":"ImageObject","inLanguage":"es","@id":"https:\/\/www.eldiario.net\/portal\/2023\/10\/12\/sentencia-del-tcp-amenaza-a-3-millones-de-hectareas\/#primaryimage","url":"https:\/\/www.eldiario.net\/portal\/wp-content\/uploads\/2023\/10\/ACUIFERO-FOTO.jpg","contentUrl":"https:\/\/www.eldiario.net\/portal\/wp-content\/uploads\/2023\/10\/ACUIFERO-FOTO.jpg","width":600,"height":338,"caption":"La zona pr\u00f3xima a los acu\u00edferos. Foto: Gobernaci\u00f3n Santa Cruz"},{"@type":"BreadcrumbList","@id":"https:\/\/www.eldiario.net\/portal\/2023\/10\/12\/sentencia-del-tcp-amenaza-a-3-millones-de-hectareas\/#breadcrumb","itemListElement":[{"@type":"ListItem","position":1,"name":"Portada","item":"https:\/\/www.eldiario.net\/portal\/"},{"@type":"ListItem","position":2,"name":"Sentencia del TCP amenaza a 3 millones de hect\u00e1reas"}]},{"@type":"WebSite","@id":"https:\/\/www.eldiario.net\/portal\/#website","url":"https:\/\/www.eldiario.net\/portal\/","name":"El Diario - Decano de la prensa nacional","description":"El Diario - Decano de la prensa nacional","publisher":{"@id":"https:\/\/www.eldiario.net\/portal\/#organization"},"potentialAction":[{"@type":"SearchAction","target":{"@type":"EntryPoint","urlTemplate":"https:\/\/www.eldiario.net\/portal\/?s={search_term_string}"},"query-input":{"@type":"PropertyValueSpecification","valueRequired":true,"valueName":"search_term_string"}}],"inLanguage":"es"},{"@type":"Organization","@id":"https:\/\/www.eldiario.net\/portal\/#organization","name":"El Diario - Decano de la prensa nacional","url":"https:\/\/www.eldiario.net\/portal\/","logo":{"@type":"ImageObject","inLanguage":"es","@id":"https:\/\/www.eldiario.net\/portal\/#\/schema\/logo\/image\/","url":"https:\/\/www.eldiario.net\/portal\/wp-content\/uploads\/2023\/07\/logo_ED.jpg","contentUrl":"https:\/\/www.eldiario.net\/portal\/wp-content\/uploads\/2023\/07\/logo_ED.jpg","width":272,"height":52,"caption":"El Diario - Decano de la prensa nacional"},"image":{"@id":"https:\/\/www.eldiario.net\/portal\/#\/schema\/logo\/image\/"},"sameAs":["https:\/\/www.facebook.com\/eldiario.bolivia\/","https:\/\/x.com\/eldiario_net"]},{"@type":"Person","@id":"https:\/\/www.eldiario.net\/portal\/#\/schema\/person\/f46445640444750d7d753ccd04ae01b7","name":"Jeanette","image":{"@type":"ImageObject","inLanguage":"es","@id":"https:\/\/secure.gravatar.com\/avatar\/3ea2118a5f7dad2b7138b1187a6b7ee55f160b9968b66013c3a3ef39dd7e5798?s=96&d=mm&r=g","url":"https:\/\/secure.gravatar.com\/avatar\/3ea2118a5f7dad2b7138b1187a6b7ee55f160b9968b66013c3a3ef39dd7e5798?s=96&d=mm&r=g","contentUrl":"https:\/\/secure.gravatar.com\/avatar\/3ea2118a5f7dad2b7138b1187a6b7ee55f160b9968b66013c3a3ef39dd7e5798?s=96&d=mm&r=g","caption":"Jeanette"},"sameAs":["https:\/\/www.eldiario.net\/portal"],"url":"https:\/\/www.eldiario.net\/portal\/author\/jeanette\/"}]}},"_links":{"self":[{"href":"https:\/\/www.eldiario.net\/portal\/wp-json\/wp\/v2\/posts\/181645","targetHints":{"allow":["GET"]}}],"collection":[{"href":"https:\/\/www.eldiario.net\/portal\/wp-json\/wp\/v2\/posts"}],"about":[{"href":"https:\/\/www.eldiario.net\/portal\/wp-json\/wp\/v2\/types\/post"}],"author":[{"embeddable":true,"href":"https:\/\/www.eldiario.net\/portal\/wp-json\/wp\/v2\/users\/1"}],"replies":[{"embeddable":true,"href":"https:\/\/www.eldiario.net\/portal\/wp-json\/wp\/v2\/comments?post=181645"}],"version-history":[{"count":0,"href":"https:\/\/www.eldiario.net\/portal\/wp-json\/wp\/v2\/posts\/181645\/revisions"}],"wp:featuredmedia":[{"embeddable":true,"href":"https:\/\/www.eldiario.net\/portal\/wp-json\/wp\/v2\/media\/181646"}],"wp:attachment":[{"href":"https:\/\/www.eldiario.net\/portal\/wp-json\/wp\/v2\/media?parent=181645"}],"wp:term":[{"taxonomy":"category","embeddable":true,"href":"https:\/\/www.eldiario.net\/portal\/wp-json\/wp\/v2\/categories?post=181645"},{"taxonomy":"post_tag","embeddable":true,"href":"https:\/\/www.eldiario.net\/portal\/wp-json\/wp\/v2\/tags?post=181645"}],"curies":[{"name":"wp","href":"https:\/\/api.w.org\/{rel}","templated":true}]}}