{"id":181498,"date":"2023-10-11T07:23:01","date_gmt":"2023-10-11T11:23:01","guid":{"rendered":"https:\/\/www.eldiario.net\/portal\/?p=181498"},"modified":"2023-10-11T07:23:01","modified_gmt":"2023-10-11T11:23:01","slug":"5-nutrientes-esenciales-para-bebes-sanos-y-fuertes","status":"publish","type":"post","link":"https:\/\/www.eldiario.net\/portal\/2023\/10\/11\/5-nutrientes-esenciales-para-bebes-sanos-y-fuertes\/","title":{"rendered":"5 nutrientes esenciales para beb\u00e9s sanos y fuertes"},"content":{"rendered":"<p>La nutrici\u00f3n en la infancia temprana es clave para el desarrollo cognitivo y la salud inmunitaria de los beb\u00e9s. Unicef revela preocupantes datos sobre la alimentaci\u00f3n de los m\u00e1s peque\u00f1os. Existen nutrientes esenciales que se deben conocer para asegurar una alimentaci\u00f3n adecuada.<\/p>\n<p>El Fondo de las Naciones Unidas para la Infancia (Unicef) revela datos alarmantes: solo 2 de cada 5 beb\u00e9s de 0 a 5 meses se alimentan exclusivamente de lactancia materna y 1 de cada 5 menores de 2 a\u00f1os no consume frutas ni verduras. Estas cifras, sin duda, alteran la nutrici\u00f3n temprana de los infantes y, si los progenitores o tutores no intervienen a tiempo, esto puede afectar el desarrollo cognitivo de los beb\u00e9s y dejar vulnerable su sistema inmunol\u00f3gico frente a las enfermedades.<\/p>\n<p>Seg\u00fan la Organizaci\u00f3n Mundial de la Salud (OMS) la lactancia materna exclusiva es la mejor opci\u00f3n para los beb\u00e9s durante los primeros 1.000 d\u00edas de vida, ya que, proporciona todos los nutrientes esenciales para el crecimiento de los beb\u00e9s. Adem\u00e1s, asegura que despu\u00e9s de los seis meses, las necesidades de energ\u00eda y de nuevos alimentos aumenta por lo que se hace necesaria la introducci\u00f3n de una alimentaci\u00f3n complementaria que incluya verduras, frutas, cereales, carnes, e incluso la inclusi\u00f3n de f\u00f3rmulas infantiles, bajo prescripci\u00f3n m\u00e9dica, las cuales act\u00faan como fuente de alimentaci\u00f3n y para fortalecer las defensas de los m\u00e1s peque\u00f1os.<\/p>\n<p>\u201cLos primeros a\u00f1os de vida son cruciales para establecer las bases de un desarrollo cognitivo s\u00f3lido y un sistema inmunol\u00f3gico resistente. Una alimentaci\u00f3n equilibrada, rica en nutrientes esenciales, no solo promueve un crecimiento saludable, sino que tambi\u00e9n contribuye a la formaci\u00f3n de mentes y cuerpos fuertes. La nutrici\u00f3n no es solo una opci\u00f3n, es la base de una vida saludable y feliz\u201d asegura Fernando \u00c1lvarez, asesor cient\u00edfico de Droguer\u00eda INTI quien, adem\u00e1s, presenta cinco nutrientes esenciales que no deben faltar en la dieta de un beb\u00e9:<\/p>\n<ol>\n<li><strong> \u00c1cido Docosahexaenoico (DHA):<\/strong> este \u00e1cido graso esencial se encuentra en alimentos como el pescado graso y los huevos. El DHA es esencial para el desarrollo del cerebro y la visi\u00f3n de los beb\u00e9s, y se ha asociado con un coeficiente intelectual m\u00e1s alto en la infancia.<\/li>\n<li><strong> Hierro:<\/strong> es crucial para prevenir la anemia y favorecer el desarrollo cognitivo. Alimentos ricos en hierro, como las carnes magras y los cereales fortificados, deben incluirse en la dieta del beb\u00e9.<\/li>\n<li><strong> Zinc:<\/strong> esencial para el sistema inmunol\u00f3gico y el crecimiento. Los alimentos como las legumbres, los productos l\u00e1cteos y los frutos secos son buenas fuentes de zinc.<\/li>\n<li><strong> Vitamina D:<\/strong> necesaria para la absorci\u00f3n del calcio y el desarrollo de huesos fuertes. La exposici\u00f3n al sol y alimentos como los huevos y el pescado tambi\u00e9n son importantes para obtener vitamina D.<\/li>\n<li><strong> Antioxidantes:<\/strong> las frutas y verduras coloridas son ricas en antioxidantes que ayudan a proteger las c\u00e9lulas del cuerpo de da\u00f1os y fortalecen el sistema inmunol\u00f3gico.<\/li>\n<\/ol>\n<p>Para apoyar a los padres en esta importante misi\u00f3n, Nutricia, la l\u00ednea de nutrici\u00f3n temprana representada en el pa\u00eds por Droguer\u00eda INTI, ha lanzado la campa\u00f1a \u00abNutriRecetas\u00bb. Esta iniciativa tiene como objetivo demostrar la versatilidad de sus productos Nutrilon Premium+3 y Nutrilon Premium+4, f\u00f3rmulas de crecimiento dise\u00f1adas para ni\u00f1os a partir de los 24 meses, que pueden ser utilizadas de manera creativa para preparar 10 comidas saludables y deliciosas para los m\u00e1s peque\u00f1os de la casa.<\/p>\n<p>El laboratorio l\u00edder en Bolivia invita a los padres de familia a descargar el recetario en la siguiente p\u00e1gina web: https:\/\/nutriciaclub.com\/wp-content\/sites\/aptaclub-latam\/uploads\/2023\/08\/260723-NL-Recetario -NutPrem3-Ecuador-NEW-TABLE.pdf y disfrutar de una actividad saludable junto a los peque\u00f1os de la casa.<\/p>\n<div id='gallery-1' class='gallery galleryid-181498 gallery-columns-3 gallery-size-medium'><figure class='gallery-item'>\n\t\t\t<div class='gallery-icon landscape'>\n\t\t\t\t<a href='https:\/\/www.eldiario.net\/portal\/2023\/10\/11\/5-nutrientes-esenciales-para-bebes-sanos-y-fuertes\/nota-2-foto-1-56\/'><img loading=\"lazy\" decoding=\"async\" width=\"300\" height=\"194\" src=\"https:\/\/www.eldiario.net\/portal\/wp-content\/uploads\/2023\/10\/NOTA-2-FOTO-1-300x194.jpg\" class=\"attachment-medium size-medium\" alt=\"\" aria-describedby=\"gallery-1-181499\" srcset=\"https:\/\/www.eldiario.net\/portal\/wp-content\/uploads\/2023\/10\/NOTA-2-FOTO-1-300x194.jpg 300w, https:\/\/www.eldiario.net\/portal\/wp-content\/uploads\/2023\/10\/NOTA-2-FOTO-1-696x449.jpg 696w, https:\/\/www.eldiario.net\/portal\/wp-content\/uploads\/2023\/10\/NOTA-2-FOTO-1.jpg 700w\" sizes=\"auto, (max-width: 300px) 100vw, 300px\" \/><\/a>\n\t\t\t<\/div>\n\t\t\t\t<figcaption class='wp-caption-text gallery-caption' id='gallery-1-181499'>\n\t\t\t\tLEGUMBRES Y FRUTOS SECOS SON BUENAS FUENTES DE ZINC.\n\t\t\t\t<\/figcaption><\/figure><figure class='gallery-item'>\n\t\t\t<div class='gallery-icon landscape'>\n\t\t\t\t<a href='https:\/\/www.eldiario.net\/portal\/2023\/10\/11\/5-nutrientes-esenciales-para-bebes-sanos-y-fuertes\/nota-2-foto-2-52\/'><img loading=\"lazy\" decoding=\"async\" width=\"300\" height=\"201\" src=\"https:\/\/www.eldiario.net\/portal\/wp-content\/uploads\/2023\/10\/NOTA-2-FOTO-2-300x201.jpg\" class=\"attachment-medium size-medium\" alt=\"\" aria-describedby=\"gallery-1-181500\" srcset=\"https:\/\/www.eldiario.net\/portal\/wp-content\/uploads\/2023\/10\/NOTA-2-FOTO-2-300x201.jpg 300w, https:\/\/www.eldiario.net\/portal\/wp-content\/uploads\/2023\/10\/NOTA-2-FOTO-2.jpg 600w\" sizes=\"auto, (max-width: 300px) 100vw, 300px\" \/><\/a>\n\t\t\t<\/div>\n\t\t\t\t<figcaption class='wp-caption-text gallery-caption' id='gallery-1-181500'>\n\t\t\t\tLAS FRUTAS Y VERDURAS COLORIDAS SON RICAS EN ANTIOXIDANTES.\n\t\t\t\t<\/figcaption><\/figure>\n\t\t<\/div>\n\n","protected":false},"excerpt":{"rendered":"<p>La nutrici\u00f3n en la infancia temprana es clave para el desarrollo cognitivo y la salud inmunitaria de los beb\u00e9s. Unicef revela preocupantes datos sobre la alimentaci\u00f3n de los m\u00e1s peque\u00f1os. Existen nutrientes esenciales que se deben conocer para asegurar una alimentaci\u00f3n adecuada. El Fondo de las Naciones Unidas para la Infancia (Unicef) revela datos alarmantes: [&hellip;]<\/p>\n","protected":false},"author":1,"featured_media":181499,"comment_status":"closed","ping_status":"open","sticky":false,"template":"","format":"standard","meta":{"_acf_changed":false,"footnotes":""},"categories":[42],"tags":[],"class_list":["post-181498","post","type-post","status-publish","format-standard","has-post-thumbnail","category-femenina"],"acf":{"antetitulo":""},"yoast_head":"<!-- This site is optimized with the Yoast SEO plugin v28.4 - https:\/\/yoast.com\/product\/yoast-seo-wordpress\/ -->\n<title>5 nutrientes esenciales para beb\u00e9s sanos y fuertes - El Diario - Bolivia<\/title>\n<meta name=\"robots\" content=\"index, follow, max-snippet:-1, max-image-preview:large, max-video-preview:-1\" \/>\n<link rel=\"canonical\" href=\"https:\/\/www.eldiario.net\/portal\/2023\/10\/11\/5-nutrientes-esenciales-para-bebes-sanos-y-fuertes\/\" \/>\n<meta property=\"og:locale\" content=\"es_ES\" \/>\n<meta property=\"og:type\" content=\"article\" \/>\n<meta property=\"og:title\" content=\"5 nutrientes esenciales para beb\u00e9s sanos y fuertes - El Diario - Bolivia\" \/>\n<meta property=\"og:description\" content=\"La nutrici\u00f3n en la infancia temprana es clave para el desarrollo cognitivo y la salud inmunitaria de los beb\u00e9s. Unicef revela preocupantes datos sobre la alimentaci\u00f3n de los m\u00e1s peque\u00f1os. Existen nutrientes esenciales que se deben conocer para asegurar una alimentaci\u00f3n adecuada. El Fondo de las Naciones Unidas para la Infancia (Unicef) revela datos alarmantes: [&hellip;]\" \/>\n<meta property=\"og:url\" content=\"https:\/\/www.eldiario.net\/portal\/2023\/10\/11\/5-nutrientes-esenciales-para-bebes-sanos-y-fuertes\/\" \/>\n<meta property=\"og:site_name\" content=\"El Diario - Bolivia\" \/>\n<meta property=\"article:publisher\" content=\"https:\/\/www.facebook.com\/eldiario.bolivia\/\" \/>\n<meta property=\"article:published_time\" content=\"2023-10-11T11:23:01+00:00\" \/>\n<meta property=\"og:image\" content=\"https:\/\/www.eldiario.net\/portal\/wp-content\/uploads\/2023\/10\/NOTA-2-FOTO-1.jpg\" \/>\n\t<meta property=\"og:image:width\" content=\"700\" \/>\n\t<meta property=\"og:image:height\" content=\"452\" \/>\n\t<meta property=\"og:image:type\" content=\"image\/jpeg\" \/>\n<meta name=\"author\" content=\"Jeanette\" \/>\n<meta name=\"twitter:card\" content=\"summary_large_image\" \/>\n<meta name=\"twitter:creator\" content=\"@eldiario_net\" \/>\n<meta name=\"twitter:site\" content=\"@eldiario_net\" \/>\n<meta name=\"twitter:label1\" content=\"Escrito por\" \/>\n\t<meta name=\"twitter:data1\" content=\"Jeanette\" \/>\n\t<meta name=\"twitter:label2\" content=\"Tiempo de lectura\" \/>\n\t<meta name=\"twitter:data2\" content=\"3 minutos\" \/>\n<script type=\"application\/ld+json\" class=\"yoast-schema-graph\">{\"@context\":\"https:\\\/\\\/schema.org\",\"@graph\":[{\"@type\":\"Article\",\"@id\":\"https:\\\/\\\/www.eldiario.net\\\/portal\\\/2023\\\/10\\\/11\\\/5-nutrientes-esenciales-para-bebes-sanos-y-fuertes\\\/#article\",\"isPartOf\":{\"@id\":\"https:\\\/\\\/www.eldiario.net\\\/portal\\\/2023\\\/10\\\/11\\\/5-nutrientes-esenciales-para-bebes-sanos-y-fuertes\\\/\"},\"author\":{\"name\":\"Jeanette\",\"@id\":\"https:\\\/\\\/www.eldiario.net\\\/portal\\\/#\\\/schema\\\/person\\\/f46445640444750d7d753ccd04ae01b7\"},\"headline\":\"5 nutrientes esenciales para beb\u00e9s sanos y fuertes\",\"datePublished\":\"2023-10-11T11:23:01+00:00\",\"mainEntityOfPage\":{\"@id\":\"https:\\\/\\\/www.eldiario.net\\\/portal\\\/2023\\\/10\\\/11\\\/5-nutrientes-esenciales-para-bebes-sanos-y-fuertes\\\/\"},\"wordCount\":661,\"publisher\":{\"@id\":\"https:\\\/\\\/www.eldiario.net\\\/portal\\\/#organization\"},\"image\":{\"@id\":\"https:\\\/\\\/www.eldiario.net\\\/portal\\\/2023\\\/10\\\/11\\\/5-nutrientes-esenciales-para-bebes-sanos-y-fuertes\\\/#primaryimage\"},\"thumbnailUrl\":\"https:\\\/\\\/www.eldiario.net\\\/portal\\\/wp-content\\\/uploads\\\/2023\\\/10\\\/NOTA-2-FOTO-1.jpg\",\"articleSection\":[\"Femenina\"],\"inLanguage\":\"es\"},{\"@type\":\"WebPage\",\"@id\":\"https:\\\/\\\/www.eldiario.net\\\/portal\\\/2023\\\/10\\\/11\\\/5-nutrientes-esenciales-para-bebes-sanos-y-fuertes\\\/\",\"url\":\"https:\\\/\\\/www.eldiario.net\\\/portal\\\/2023\\\/10\\\/11\\\/5-nutrientes-esenciales-para-bebes-sanos-y-fuertes\\\/\",\"name\":\"5 nutrientes esenciales para beb\u00e9s sanos y fuertes - El Diario - Bolivia\",\"isPartOf\":{\"@id\":\"https:\\\/\\\/www.eldiario.net\\\/portal\\\/#website\"},\"primaryImageOfPage\":{\"@id\":\"https:\\\/\\\/www.eldiario.net\\\/portal\\\/2023\\\/10\\\/11\\\/5-nutrientes-esenciales-para-bebes-sanos-y-fuertes\\\/#primaryimage\"},\"image\":{\"@id\":\"https:\\\/\\\/www.eldiario.net\\\/portal\\\/2023\\\/10\\\/11\\\/5-nutrientes-esenciales-para-bebes-sanos-y-fuertes\\\/#primaryimage\"},\"thumbnailUrl\":\"https:\\\/\\\/www.eldiario.net\\\/portal\\\/wp-content\\\/uploads\\\/2023\\\/10\\\/NOTA-2-FOTO-1.jpg\",\"datePublished\":\"2023-10-11T11:23:01+00:00\",\"breadcrumb\":{\"@id\":\"https:\\\/\\\/www.eldiario.net\\\/portal\\\/2023\\\/10\\\/11\\\/5-nutrientes-esenciales-para-bebes-sanos-y-fuertes\\\/#breadcrumb\"},\"inLanguage\":\"es\",\"potentialAction\":[{\"@type\":\"ReadAction\",\"target\":[\"https:\\\/\\\/www.eldiario.net\\\/portal\\\/2023\\\/10\\\/11\\\/5-nutrientes-esenciales-para-bebes-sanos-y-fuertes\\\/\"]}]},{\"@type\":\"ImageObject\",\"inLanguage\":\"es\",\"@id\":\"https:\\\/\\\/www.eldiario.net\\\/portal\\\/2023\\\/10\\\/11\\\/5-nutrientes-esenciales-para-bebes-sanos-y-fuertes\\\/#primaryimage\",\"url\":\"https:\\\/\\\/www.eldiario.net\\\/portal\\\/wp-content\\\/uploads\\\/2023\\\/10\\\/NOTA-2-FOTO-1.jpg\",\"contentUrl\":\"https:\\\/\\\/www.eldiario.net\\\/portal\\\/wp-content\\\/uploads\\\/2023\\\/10\\\/NOTA-2-FOTO-1.jpg\",\"width\":700,\"height\":452,\"caption\":\"LEGUMBRES Y FRUTOS SECOS SON BUENAS FUENTES DE ZINC.\"},{\"@type\":\"BreadcrumbList\",\"@id\":\"https:\\\/\\\/www.eldiario.net\\\/portal\\\/2023\\\/10\\\/11\\\/5-nutrientes-esenciales-para-bebes-sanos-y-fuertes\\\/#breadcrumb\",\"itemListElement\":[{\"@type\":\"ListItem\",\"position\":1,\"name\":\"Portada\",\"item\":\"https:\\\/\\\/www.eldiario.net\\\/portal\\\/\"},{\"@type\":\"ListItem\",\"position\":2,\"name\":\"5 nutrientes esenciales para beb\u00e9s sanos y fuertes\"}]},{\"@type\":\"WebSite\",\"@id\":\"https:\\\/\\\/www.eldiario.net\\\/portal\\\/#website\",\"url\":\"https:\\\/\\\/www.eldiario.net\\\/portal\\\/\",\"name\":\"El Diario - Decano de la prensa nacional\",\"description\":\"El Diario - Decano de la prensa nacional\",\"publisher\":{\"@id\":\"https:\\\/\\\/www.eldiario.net\\\/portal\\\/#organization\"},\"potentialAction\":[{\"@type\":\"SearchAction\",\"target\":{\"@type\":\"EntryPoint\",\"urlTemplate\":\"https:\\\/\\\/www.eldiario.net\\\/portal\\\/?s={search_term_string}\"},\"query-input\":{\"@type\":\"PropertyValueSpecification\",\"valueRequired\":true,\"valueName\":\"search_term_string\"}}],\"inLanguage\":\"es\"},{\"@type\":\"Organization\",\"@id\":\"https:\\\/\\\/www.eldiario.net\\\/portal\\\/#organization\",\"name\":\"El Diario - Decano de la prensa nacional\",\"url\":\"https:\\\/\\\/www.eldiario.net\\\/portal\\\/\",\"logo\":{\"@type\":\"ImageObject\",\"inLanguage\":\"es\",\"@id\":\"https:\\\/\\\/www.eldiario.net\\\/portal\\\/#\\\/schema\\\/logo\\\/image\\\/\",\"url\":\"https:\\\/\\\/www.eldiario.net\\\/portal\\\/wp-content\\\/uploads\\\/2023\\\/07\\\/logo_ED.jpg\",\"contentUrl\":\"https:\\\/\\\/www.eldiario.net\\\/portal\\\/wp-content\\\/uploads\\\/2023\\\/07\\\/logo_ED.jpg\",\"width\":272,\"height\":52,\"caption\":\"El Diario - Decano de la prensa nacional\"},\"image\":{\"@id\":\"https:\\\/\\\/www.eldiario.net\\\/portal\\\/#\\\/schema\\\/logo\\\/image\\\/\"},\"sameAs\":[\"https:\\\/\\\/www.facebook.com\\\/eldiario.bolivia\\\/\",\"https:\\\/\\\/x.com\\\/eldiario_net\"]},{\"@type\":\"Person\",\"@id\":\"https:\\\/\\\/www.eldiario.net\\\/portal\\\/#\\\/schema\\\/person\\\/f46445640444750d7d753ccd04ae01b7\",\"name\":\"Jeanette\",\"image\":{\"@type\":\"ImageObject\",\"inLanguage\":\"es\",\"@id\":\"https:\\\/\\\/secure.gravatar.com\\\/avatar\\\/3ea2118a5f7dad2b7138b1187a6b7ee55f160b9968b66013c3a3ef39dd7e5798?s=96&d=mm&r=g\",\"url\":\"https:\\\/\\\/secure.gravatar.com\\\/avatar\\\/3ea2118a5f7dad2b7138b1187a6b7ee55f160b9968b66013c3a3ef39dd7e5798?s=96&d=mm&r=g\",\"contentUrl\":\"https:\\\/\\\/secure.gravatar.com\\\/avatar\\\/3ea2118a5f7dad2b7138b1187a6b7ee55f160b9968b66013c3a3ef39dd7e5798?s=96&d=mm&r=g\",\"caption\":\"Jeanette\"},\"sameAs\":[\"https:\\\/\\\/www.eldiario.net\\\/portal\"],\"url\":\"https:\\\/\\\/www.eldiario.net\\\/portal\\\/author\\\/jeanette\\\/\"}]}<\/script>\n<!-- \/ Yoast SEO plugin. -->","yoast_head_json":{"title":"5 nutrientes esenciales para beb\u00e9s sanos y fuertes - El Diario - Bolivia","robots":{"index":"index","follow":"follow","max-snippet":"max-snippet:-1","max-image-preview":"max-image-preview:large","max-video-preview":"max-video-preview:-1"},"canonical":"https:\/\/www.eldiario.net\/portal\/2023\/10\/11\/5-nutrientes-esenciales-para-bebes-sanos-y-fuertes\/","og_locale":"es_ES","og_type":"article","og_title":"5 nutrientes esenciales para beb\u00e9s sanos y fuertes - El Diario - Bolivia","og_description":"La nutrici\u00f3n en la infancia temprana es clave para el desarrollo cognitivo y la salud inmunitaria de los beb\u00e9s. Unicef revela preocupantes datos sobre la alimentaci\u00f3n de los m\u00e1s peque\u00f1os. Existen nutrientes esenciales que se deben conocer para asegurar una alimentaci\u00f3n adecuada. El Fondo de las Naciones Unidas para la Infancia (Unicef) revela datos alarmantes: [&hellip;]","og_url":"https:\/\/www.eldiario.net\/portal\/2023\/10\/11\/5-nutrientes-esenciales-para-bebes-sanos-y-fuertes\/","og_site_name":"El Diario - Bolivia","article_publisher":"https:\/\/www.facebook.com\/eldiario.bolivia\/","article_published_time":"2023-10-11T11:23:01+00:00","og_image":[{"width":700,"height":452,"url":"https:\/\/www.eldiario.net\/portal\/wp-content\/uploads\/2023\/10\/NOTA-2-FOTO-1.jpg","type":"image\/jpeg"}],"author":"Jeanette","twitter_card":"summary_large_image","twitter_creator":"@eldiario_net","twitter_site":"@eldiario_net","twitter_misc":{"Escrito por":"Jeanette","Tiempo de lectura":"3 minutos"},"schema":{"@context":"https:\/\/schema.org","@graph":[{"@type":"Article","@id":"https:\/\/www.eldiario.net\/portal\/2023\/10\/11\/5-nutrientes-esenciales-para-bebes-sanos-y-fuertes\/#article","isPartOf":{"@id":"https:\/\/www.eldiario.net\/portal\/2023\/10\/11\/5-nutrientes-esenciales-para-bebes-sanos-y-fuertes\/"},"author":{"name":"Jeanette","@id":"https:\/\/www.eldiario.net\/portal\/#\/schema\/person\/f46445640444750d7d753ccd04ae01b7"},"headline":"5 nutrientes esenciales para beb\u00e9s sanos y fuertes","datePublished":"2023-10-11T11:23:01+00:00","mainEntityOfPage":{"@id":"https:\/\/www.eldiario.net\/portal\/2023\/10\/11\/5-nutrientes-esenciales-para-bebes-sanos-y-fuertes\/"},"wordCount":661,"publisher":{"@id":"https:\/\/www.eldiario.net\/portal\/#organization"},"image":{"@id":"https:\/\/www.eldiario.net\/portal\/2023\/10\/11\/5-nutrientes-esenciales-para-bebes-sanos-y-fuertes\/#primaryimage"},"thumbnailUrl":"https:\/\/www.eldiario.net\/portal\/wp-content\/uploads\/2023\/10\/NOTA-2-FOTO-1.jpg","articleSection":["Femenina"],"inLanguage":"es"},{"@type":"WebPage","@id":"https:\/\/www.eldiario.net\/portal\/2023\/10\/11\/5-nutrientes-esenciales-para-bebes-sanos-y-fuertes\/","url":"https:\/\/www.eldiario.net\/portal\/2023\/10\/11\/5-nutrientes-esenciales-para-bebes-sanos-y-fuertes\/","name":"5 nutrientes esenciales para beb\u00e9s sanos y fuertes - El Diario - Bolivia","isPartOf":{"@id":"https:\/\/www.eldiario.net\/portal\/#website"},"primaryImageOfPage":{"@id":"https:\/\/www.eldiario.net\/portal\/2023\/10\/11\/5-nutrientes-esenciales-para-bebes-sanos-y-fuertes\/#primaryimage"},"image":{"@id":"https:\/\/www.eldiario.net\/portal\/2023\/10\/11\/5-nutrientes-esenciales-para-bebes-sanos-y-fuertes\/#primaryimage"},"thumbnailUrl":"https:\/\/www.eldiario.net\/portal\/wp-content\/uploads\/2023\/10\/NOTA-2-FOTO-1.jpg","datePublished":"2023-10-11T11:23:01+00:00","breadcrumb":{"@id":"https:\/\/www.eldiario.net\/portal\/2023\/10\/11\/5-nutrientes-esenciales-para-bebes-sanos-y-fuertes\/#breadcrumb"},"inLanguage":"es","potentialAction":[{"@type":"ReadAction","target":["https:\/\/www.eldiario.net\/portal\/2023\/10\/11\/5-nutrientes-esenciales-para-bebes-sanos-y-fuertes\/"]}]},{"@type":"ImageObject","inLanguage":"es","@id":"https:\/\/www.eldiario.net\/portal\/2023\/10\/11\/5-nutrientes-esenciales-para-bebes-sanos-y-fuertes\/#primaryimage","url":"https:\/\/www.eldiario.net\/portal\/wp-content\/uploads\/2023\/10\/NOTA-2-FOTO-1.jpg","contentUrl":"https:\/\/www.eldiario.net\/portal\/wp-content\/uploads\/2023\/10\/NOTA-2-FOTO-1.jpg","width":700,"height":452,"caption":"LEGUMBRES Y FRUTOS SECOS SON BUENAS FUENTES DE ZINC."},{"@type":"BreadcrumbList","@id":"https:\/\/www.eldiario.net\/portal\/2023\/10\/11\/5-nutrientes-esenciales-para-bebes-sanos-y-fuertes\/#breadcrumb","itemListElement":[{"@type":"ListItem","position":1,"name":"Portada","item":"https:\/\/www.eldiario.net\/portal\/"},{"@type":"ListItem","position":2,"name":"5 nutrientes esenciales para beb\u00e9s sanos y fuertes"}]},{"@type":"WebSite","@id":"https:\/\/www.eldiario.net\/portal\/#website","url":"https:\/\/www.eldiario.net\/portal\/","name":"El Diario - Decano de la prensa nacional","description":"El Diario - Decano de la prensa nacional","publisher":{"@id":"https:\/\/www.eldiario.net\/portal\/#organization"},"potentialAction":[{"@type":"SearchAction","target":{"@type":"EntryPoint","urlTemplate":"https:\/\/www.eldiario.net\/portal\/?s={search_term_string}"},"query-input":{"@type":"PropertyValueSpecification","valueRequired":true,"valueName":"search_term_string"}}],"inLanguage":"es"},{"@type":"Organization","@id":"https:\/\/www.eldiario.net\/portal\/#organization","name":"El Diario - Decano de la prensa nacional","url":"https:\/\/www.eldiario.net\/portal\/","logo":{"@type":"ImageObject","inLanguage":"es","@id":"https:\/\/www.eldiario.net\/portal\/#\/schema\/logo\/image\/","url":"https:\/\/www.eldiario.net\/portal\/wp-content\/uploads\/2023\/07\/logo_ED.jpg","contentUrl":"https:\/\/www.eldiario.net\/portal\/wp-content\/uploads\/2023\/07\/logo_ED.jpg","width":272,"height":52,"caption":"El Diario - Decano de la prensa nacional"},"image":{"@id":"https:\/\/www.eldiario.net\/portal\/#\/schema\/logo\/image\/"},"sameAs":["https:\/\/www.facebook.com\/eldiario.bolivia\/","https:\/\/x.com\/eldiario_net"]},{"@type":"Person","@id":"https:\/\/www.eldiario.net\/portal\/#\/schema\/person\/f46445640444750d7d753ccd04ae01b7","name":"Jeanette","image":{"@type":"ImageObject","inLanguage":"es","@id":"https:\/\/secure.gravatar.com\/avatar\/3ea2118a5f7dad2b7138b1187a6b7ee55f160b9968b66013c3a3ef39dd7e5798?s=96&d=mm&r=g","url":"https:\/\/secure.gravatar.com\/avatar\/3ea2118a5f7dad2b7138b1187a6b7ee55f160b9968b66013c3a3ef39dd7e5798?s=96&d=mm&r=g","contentUrl":"https:\/\/secure.gravatar.com\/avatar\/3ea2118a5f7dad2b7138b1187a6b7ee55f160b9968b66013c3a3ef39dd7e5798?s=96&d=mm&r=g","caption":"Jeanette"},"sameAs":["https:\/\/www.eldiario.net\/portal"],"url":"https:\/\/www.eldiario.net\/portal\/author\/jeanette\/"}]}},"_links":{"self":[{"href":"https:\/\/www.eldiario.net\/portal\/wp-json\/wp\/v2\/posts\/181498","targetHints":{"allow":["GET"]}}],"collection":[{"href":"https:\/\/www.eldiario.net\/portal\/wp-json\/wp\/v2\/posts"}],"about":[{"href":"https:\/\/www.eldiario.net\/portal\/wp-json\/wp\/v2\/types\/post"}],"author":[{"embeddable":true,"href":"https:\/\/www.eldiario.net\/portal\/wp-json\/wp\/v2\/users\/1"}],"replies":[{"embeddable":true,"href":"https:\/\/www.eldiario.net\/portal\/wp-json\/wp\/v2\/comments?post=181498"}],"version-history":[{"count":0,"href":"https:\/\/www.eldiario.net\/portal\/wp-json\/wp\/v2\/posts\/181498\/revisions"}],"wp:featuredmedia":[{"embeddable":true,"href":"https:\/\/www.eldiario.net\/portal\/wp-json\/wp\/v2\/media\/181499"}],"wp:attachment":[{"href":"https:\/\/www.eldiario.net\/portal\/wp-json\/wp\/v2\/media?parent=181498"}],"wp:term":[{"taxonomy":"category","embeddable":true,"href":"https:\/\/www.eldiario.net\/portal\/wp-json\/wp\/v2\/categories?post=181498"},{"taxonomy":"post_tag","embeddable":true,"href":"https:\/\/www.eldiario.net\/portal\/wp-json\/wp\/v2\/tags?post=181498"}],"curies":[{"name":"wp","href":"https:\/\/api.w.org\/{rel}","templated":true}]}}