{"id":181490,"date":"2023-10-11T07:18:24","date_gmt":"2023-10-11T11:18:24","guid":{"rendered":"https:\/\/www.eldiario.net\/portal\/?p=181490"},"modified":"2023-10-11T07:18:24","modified_gmt":"2023-10-11T11:18:24","slug":"festin-de-ocas-y-cordero","status":"publish","type":"post","link":"https:\/\/www.eldiario.net\/portal\/2023\/10\/11\/festin-de-ocas-y-cordero\/","title":{"rendered":"FEST\u00cdN DE OCAS Y CORDERO"},"content":{"rendered":"<p>Queridos lectores, hoy los invito a embarcarse en un viaje culinario que nos llevar\u00e1 a las alturas majestuosas de Bolivia, donde los sabores de hoga\u00f1o se mezclan con la creatividad contempor\u00e1nea en un fest\u00edn que deleitar\u00e1 todos nuestros sentidos. En esta ocasi\u00f3n, nos centraremos en un ingrediente excepcional y relativamente desconocido: la oca. Acompa\u00f1ada por el exquisito vino blanco y la suculenta carne de cordero, esta receta es una celebraci\u00f3n de los tesoros gastron\u00f3micos bolivianos.<\/p>\n<p>La oca (Oxalis tuberosa) es un tub\u00e9rculo nativo de los Andes, cuyas ra\u00edces se remontan a tiempos preincaicos. En Bolivia, este tub\u00e9rculo se ha cultivado durante siglos en las altas monta\u00f1as, a altitudes que superan los 3.000 metros sobre el nivel del mar. Su historia est\u00e1 entrelazada con la de los pueblos ind\u00edgenas que han habitado estas tierras durante milenios, y su versatilidad en la cocina tradicional boliviana lo ha convertido en un alimento emblem\u00e1tico de la regi\u00f3n.<\/p>\n<p>La oca es una joya culinaria que ha sido relativamente desconocida fuera de Bolivia y otras partes de Am\u00e9rica del Sur. Sin embargo, su sabor \u00fanico y su resistencia a las condiciones adversas la han convertido en un alimento esencial en la dieta de las comunidades andinas. Hoy en d\u00eda, se cultiva en las regiones monta\u00f1osas de Bolivia, como La Paz, Oruro y Potos\u00ed, donde el clima fresco y las tierras f\u00e9rtiles son ideales para su desarrollo.<\/p>\n<p>A pesar de su bajo perfil en la escena internacional, la oca est\u00e1 experimentando un resurgimiento en la cocina gourmet, y los chefs de Bolivia y m\u00e1s all\u00e1 estamos descubriendo su potencial para crear platos extraordinarios que sorprenden y deleitan a los comensales.<\/p>\n<p>La oca es mucho m\u00e1s que un simple ingrediente, es un tesoro nutricional. Este tub\u00e9rculo es una fuente rica en carbohidratos, fibra, vitamina C y minerales esenciales como el potasio, el calcio y el hierro. Es una excelente opci\u00f3n para aquellos que buscan mantener una dieta equilibrada. Adem\u00e1s, su peculiar sabor agridulce, que var\u00eda seg\u00fan la variedad y la regi\u00f3n de cultivo, agrega una dimensi\u00f3n \u00fanica a cualquier plato. Y no olviden que cuando compran oca, es tradicional y un gran dato colocarla en una canastilla de paja y sacarla al sol varios d\u00edas, solearla, para que sea m\u00e1s dulce.<\/p>\n<p>En nuestra receta de hoy, queridos lectores, combinaremos la oca con el sabor del vino blanco boliviano y la riqueza de la carne de cordero, creando una sinfon\u00eda de sabores que encantar\u00e1 a su paladar y los llevar\u00e1 directamente a las cumbres de Bolivia.<\/p>\n<p>As\u00ed que, prep\u00e1rense para deleitar sus sentidos con esta emocionante combinaci\u00f3n de ingredientes andinos. Los invito a descubrir la magia de la oca, a disfrutar de la frescura del vino blanco boliviano y a saborear la suavidad de la carne de cordero en esta experiencia culinaria que rinde homenaje a la diversidad y la riqueza de la cocina boliviana.<\/p>\n<p>\u00a1Salud y buen provecho!<\/p>\n<p>&nbsp;<\/p>\n<p><strong>FEST\u00cdN DE OCAS Y CORDERO<\/strong><\/p>\n<p><strong>Ingredientes:<\/strong><\/p>\n<p>500 gr. de oca, lavada y cortada en trozos medianos.<\/p>\n<p>500 gr. de carne de cordero, cortada en trozos.<\/p>\n<p>1 u. cebolla grande, picada finamente.<\/p>\n<p>4 dientes de ajo, picados finamente.<\/p>\n<p>2 u. zanahorias, peladas y cortadas en rodajas.<\/p>\n<p>2 u. papas, peladas y cortadas en cubos.<\/p>\n<p>1 taza de vino blanco boliviano (preferiblemente un Sauvignon Blanc o similar).<\/p>\n<p>2 tazas de caldo de verduras o de cordero.<\/p>\n<p>2 cucharadas de aceite de oliva.<\/p>\n<p>1 hoja de laurel.<\/p>\n<p>1 ramita de romero fresco.<\/p>\n<p>Sal y pimienta al gusto.<\/p>\n<p><strong>Preparaci\u00f3n:<\/strong><\/p>\n<p>En una olla grande, calentar el aceite de oliva a fuego medio-alto. Agregar la cebolla y el ajo picados y sofreirlos hasta que est\u00e9n dorados y fragantes, aproximadamente 3 minutos.<\/p>\n<p>A\u00f1adir los trozos de carne de cordero y dorar todos los lados. Esto deber\u00eda llevar unos 5-7 minutos. Condimentar con sal y pimienta al gusto.<\/p>\n<p>Agregar la oca bien lavada y cortada, y saltear durante unos minutos hasta que comience a dorarse ligeramente.<\/p>\n<p>Verter el vino blanco sobre la carne y la oca. Dejar cocinar durante unos minutos para que el alcohol se evapore y el vino reduzca un poco.<\/p>\n<p>Incorporar las zanahorias, las papas, la hoja de laurel y la ramita de romero fresco. Mezclar bien todos los ingredientes.<\/p>\n<p>Verter el caldo de verduras o de cordero sobre la mezcla y llevar todo a ebullici\u00f3n.<\/p>\n<p>Reducir el fuego a bajo, cubrir la olla y dejar cocinar a fuego lento durante aproximadamente 1 hora y media o hasta que la carne de cordero y la oca est\u00e9n tiernas y cocidas a la perfecci\u00f3n. Cuidar que la oca no se deshaga.<\/p>\n<p>A medida que el estofado se cocine, verificar la saz\u00f3n y ajustar con sal y pimienta seg\u00fan sea necesario.<\/p>\n<p>Una vez que la carne est\u00e9 tierna y los sabores se hayan mezclado a la perfecci\u00f3n, retirar la hoja de laurel y la ramita de romero.<\/p>\n<p><strong>Emplatado:<\/strong><\/p>\n<p>Servir caliente en platos individuales, asegur\u00e1ndose de que cada porci\u00f3n tenga una buena cantidad de carne de cordero, oca, zanahorias y papas.<\/p>\n<p>\u00a1Acompa\u00f1a con un vaso de vino blanco para realzar los sabores!<\/p>\n<p>&nbsp;<\/p>\n<p>Queridos lectores hasta la pr\u00f3xima cucharada de sabidur\u00eda gastron\u00f3mica y no olviden que:<\/p>\n<p>&nbsp;<\/p>\n<p>\u201cLa comida hecha con amor, f\u00edsica, qu\u00edmica y biol\u00f3gicamente sabe mejor\u201d<\/p>\n<p>Chef Franz R. Arandia Belmonte<\/p>\n<p>Gastr\u00f3nomo Profesional e Investigador Gastron\u00f3mico<\/p>\n<p>&nbsp;<\/p>\n<p>Facebook Fan Page: Chef Ara\u00f1a<\/p>\n<p>Facebook: Ara\u00f1a del monte<\/p>\n<p>Facebook: Paladar Mundial Un Gusto Surreal<\/p>\n<p>Blog: Gastrobiologia.wordpress.com<\/p>\n<p>Instagram: Arana_del_monte<\/p>\n<p>Tik tok: chef.aranha<\/p>\n<div id='gallery-1' class='gallery galleryid-181490 gallery-columns-3 gallery-size-medium'><figure class='gallery-item'>\n\t\t\t<div class='gallery-icon landscape'>\n\t\t\t\t<a href='https:\/\/www.eldiario.net\/portal\/2023\/10\/11\/festin-de-ocas-y-cordero\/nota-4-foto-1-48\/'><img loading=\"lazy\" decoding=\"async\" width=\"300\" height=\"169\" src=\"https:\/\/www.eldiario.net\/portal\/wp-content\/uploads\/2023\/10\/NOTA-4-FOTO-1-1-300x169.jpg\" class=\"attachment-medium size-medium\" alt=\"\" aria-describedby=\"gallery-1-181491\" srcset=\"https:\/\/www.eldiario.net\/portal\/wp-content\/uploads\/2023\/10\/NOTA-4-FOTO-1-1-300x169.jpg 300w, https:\/\/www.eldiario.net\/portal\/wp-content\/uploads\/2023\/10\/NOTA-4-FOTO-1-1-768x432.jpg 768w, https:\/\/www.eldiario.net\/portal\/wp-content\/uploads\/2023\/10\/NOTA-4-FOTO-1-1-696x392.jpg 696w, https:\/\/www.eldiario.net\/portal\/wp-content\/uploads\/2023\/10\/NOTA-4-FOTO-1-1.jpg 992w\" sizes=\"auto, (max-width: 300px) 100vw, 300px\" \/><\/a>\n\t\t\t<\/div>\n\t\t\t\t<figcaption class='wp-caption-text gallery-caption' id='gallery-1-181491'>\n\t\t\t\tFEST\u00cdN DE OCAS Y CORDERO.\n\t\t\t\t<\/figcaption><\/figure><figure class='gallery-item'>\n\t\t\t<div class='gallery-icon landscape'>\n\t\t\t\t<a href='https:\/\/www.eldiario.net\/portal\/2023\/10\/11\/festin-de-ocas-y-cordero\/nota-4-foto-2-45\/'><img loading=\"lazy\" decoding=\"async\" width=\"300\" height=\"300\" src=\"https:\/\/www.eldiario.net\/portal\/wp-content\/uploads\/2023\/10\/NOTA-4-FOTO-2-1-300x300.jpeg\" class=\"attachment-medium size-medium\" alt=\"\" aria-describedby=\"gallery-1-181492\" srcset=\"https:\/\/www.eldiario.net\/portal\/wp-content\/uploads\/2023\/10\/NOTA-4-FOTO-2-1-300x300.jpeg 300w, https:\/\/www.eldiario.net\/portal\/wp-content\/uploads\/2023\/10\/NOTA-4-FOTO-2-1-150x150.jpeg 150w, https:\/\/www.eldiario.net\/portal\/wp-content\/uploads\/2023\/10\/NOTA-4-FOTO-2-1.jpeg 612w\" sizes=\"auto, (max-width: 300px) 100vw, 300px\" \/><\/a>\n\t\t\t<\/div>\n\t\t\t\t<figcaption class='wp-caption-text gallery-caption' id='gallery-1-181492'>\n\t\t\t\tCHEF FRANZ ARANDIA.\n\t\t\t\t<\/figcaption><\/figure>\n\t\t<\/div>\n\n","protected":false},"excerpt":{"rendered":"<p>Queridos lectores, hoy los invito a embarcarse en un viaje culinario que nos llevar\u00e1 a las alturas majestuosas de Bolivia, donde los sabores de hoga\u00f1o se mezclan con la creatividad contempor\u00e1nea en un fest\u00edn que deleitar\u00e1 todos nuestros sentidos. En esta ocasi\u00f3n, nos centraremos en un ingrediente excepcional y relativamente desconocido: la oca. Acompa\u00f1ada por [&hellip;]<\/p>\n","protected":false},"author":1,"featured_media":181491,"comment_status":"closed","ping_status":"open","sticky":false,"template":"","format":"standard","meta":{"_acf_changed":false,"footnotes":""},"categories":[42],"tags":[],"class_list":["post-181490","post","type-post","status-publish","format-standard","has-post-thumbnail","category-femenina"],"acf":{"antetitulo":""},"yoast_head":"<!-- This site is optimized with the Yoast SEO plugin v28.4 - https:\/\/yoast.com\/product\/yoast-seo-wordpress\/ -->\n<title>FEST\u00cdN DE OCAS Y CORDERO - El Diario - Bolivia<\/title>\n<meta name=\"robots\" content=\"index, follow, max-snippet:-1, max-image-preview:large, max-video-preview:-1\" \/>\n<link rel=\"canonical\" href=\"https:\/\/www.eldiario.net\/portal\/2023\/10\/11\/festin-de-ocas-y-cordero\/\" \/>\n<meta property=\"og:locale\" content=\"es_ES\" \/>\n<meta property=\"og:type\" content=\"article\" \/>\n<meta property=\"og:title\" content=\"FEST\u00cdN DE OCAS Y CORDERO - El Diario - Bolivia\" \/>\n<meta property=\"og:description\" content=\"Queridos lectores, hoy los invito a embarcarse en un viaje culinario que nos llevar\u00e1 a las alturas majestuosas de Bolivia, donde los sabores de hoga\u00f1o se mezclan con la creatividad contempor\u00e1nea en un fest\u00edn que deleitar\u00e1 todos nuestros sentidos. En esta ocasi\u00f3n, nos centraremos en un ingrediente excepcional y relativamente desconocido: la oca. Acompa\u00f1ada por [&hellip;]\" \/>\n<meta property=\"og:url\" content=\"https:\/\/www.eldiario.net\/portal\/2023\/10\/11\/festin-de-ocas-y-cordero\/\" \/>\n<meta property=\"og:site_name\" content=\"El Diario - Bolivia\" \/>\n<meta property=\"article:publisher\" content=\"https:\/\/www.facebook.com\/eldiario.bolivia\/\" \/>\n<meta property=\"article:published_time\" content=\"2023-10-11T11:18:24+00:00\" \/>\n<meta property=\"og:image\" content=\"https:\/\/www.eldiario.net\/portal\/wp-content\/uploads\/2023\/10\/NOTA-4-FOTO-1-1.jpg\" \/>\n\t<meta property=\"og:image:width\" content=\"992\" \/>\n\t<meta property=\"og:image:height\" content=\"558\" \/>\n\t<meta property=\"og:image:type\" content=\"image\/jpeg\" \/>\n<meta name=\"author\" content=\"Jeanette\" \/>\n<meta name=\"twitter:card\" content=\"summary_large_image\" \/>\n<meta name=\"twitter:creator\" content=\"@eldiario_net\" \/>\n<meta name=\"twitter:site\" content=\"@eldiario_net\" \/>\n<meta name=\"twitter:label1\" content=\"Escrito por\" \/>\n\t<meta name=\"twitter:data1\" content=\"Jeanette\" \/>\n\t<meta name=\"twitter:label2\" content=\"Tiempo de lectura\" \/>\n\t<meta name=\"twitter:data2\" content=\"5 minutos\" \/>\n<script type=\"application\/ld+json\" class=\"yoast-schema-graph\">{\"@context\":\"https:\\\/\\\/schema.org\",\"@graph\":[{\"@type\":\"Article\",\"@id\":\"https:\\\/\\\/www.eldiario.net\\\/portal\\\/2023\\\/10\\\/11\\\/festin-de-ocas-y-cordero\\\/#article\",\"isPartOf\":{\"@id\":\"https:\\\/\\\/www.eldiario.net\\\/portal\\\/2023\\\/10\\\/11\\\/festin-de-ocas-y-cordero\\\/\"},\"author\":{\"name\":\"Jeanette\",\"@id\":\"https:\\\/\\\/www.eldiario.net\\\/portal\\\/#\\\/schema\\\/person\\\/f46445640444750d7d753ccd04ae01b7\"},\"headline\":\"FEST\u00cdN DE OCAS Y CORDERO\",\"datePublished\":\"2023-10-11T11:18:24+00:00\",\"mainEntityOfPage\":{\"@id\":\"https:\\\/\\\/www.eldiario.net\\\/portal\\\/2023\\\/10\\\/11\\\/festin-de-ocas-y-cordero\\\/\"},\"wordCount\":951,\"publisher\":{\"@id\":\"https:\\\/\\\/www.eldiario.net\\\/portal\\\/#organization\"},\"image\":{\"@id\":\"https:\\\/\\\/www.eldiario.net\\\/portal\\\/2023\\\/10\\\/11\\\/festin-de-ocas-y-cordero\\\/#primaryimage\"},\"thumbnailUrl\":\"https:\\\/\\\/www.eldiario.net\\\/portal\\\/wp-content\\\/uploads\\\/2023\\\/10\\\/NOTA-4-FOTO-1-1.jpg\",\"articleSection\":[\"Femenina\"],\"inLanguage\":\"es\"},{\"@type\":\"WebPage\",\"@id\":\"https:\\\/\\\/www.eldiario.net\\\/portal\\\/2023\\\/10\\\/11\\\/festin-de-ocas-y-cordero\\\/\",\"url\":\"https:\\\/\\\/www.eldiario.net\\\/portal\\\/2023\\\/10\\\/11\\\/festin-de-ocas-y-cordero\\\/\",\"name\":\"FEST\u00cdN DE OCAS Y CORDERO - El Diario - Bolivia\",\"isPartOf\":{\"@id\":\"https:\\\/\\\/www.eldiario.net\\\/portal\\\/#website\"},\"primaryImageOfPage\":{\"@id\":\"https:\\\/\\\/www.eldiario.net\\\/portal\\\/2023\\\/10\\\/11\\\/festin-de-ocas-y-cordero\\\/#primaryimage\"},\"image\":{\"@id\":\"https:\\\/\\\/www.eldiario.net\\\/portal\\\/2023\\\/10\\\/11\\\/festin-de-ocas-y-cordero\\\/#primaryimage\"},\"thumbnailUrl\":\"https:\\\/\\\/www.eldiario.net\\\/portal\\\/wp-content\\\/uploads\\\/2023\\\/10\\\/NOTA-4-FOTO-1-1.jpg\",\"datePublished\":\"2023-10-11T11:18:24+00:00\",\"breadcrumb\":{\"@id\":\"https:\\\/\\\/www.eldiario.net\\\/portal\\\/2023\\\/10\\\/11\\\/festin-de-ocas-y-cordero\\\/#breadcrumb\"},\"inLanguage\":\"es\",\"potentialAction\":[{\"@type\":\"ReadAction\",\"target\":[\"https:\\\/\\\/www.eldiario.net\\\/portal\\\/2023\\\/10\\\/11\\\/festin-de-ocas-y-cordero\\\/\"]}]},{\"@type\":\"ImageObject\",\"inLanguage\":\"es\",\"@id\":\"https:\\\/\\\/www.eldiario.net\\\/portal\\\/2023\\\/10\\\/11\\\/festin-de-ocas-y-cordero\\\/#primaryimage\",\"url\":\"https:\\\/\\\/www.eldiario.net\\\/portal\\\/wp-content\\\/uploads\\\/2023\\\/10\\\/NOTA-4-FOTO-1-1.jpg\",\"contentUrl\":\"https:\\\/\\\/www.eldiario.net\\\/portal\\\/wp-content\\\/uploads\\\/2023\\\/10\\\/NOTA-4-FOTO-1-1.jpg\",\"width\":992,\"height\":558,\"caption\":\"FEST\u00cdN DE OCAS Y CORDERO.\"},{\"@type\":\"BreadcrumbList\",\"@id\":\"https:\\\/\\\/www.eldiario.net\\\/portal\\\/2023\\\/10\\\/11\\\/festin-de-ocas-y-cordero\\\/#breadcrumb\",\"itemListElement\":[{\"@type\":\"ListItem\",\"position\":1,\"name\":\"Portada\",\"item\":\"https:\\\/\\\/www.eldiario.net\\\/portal\\\/\"},{\"@type\":\"ListItem\",\"position\":2,\"name\":\"FEST\u00cdN DE OCAS Y CORDERO\"}]},{\"@type\":\"WebSite\",\"@id\":\"https:\\\/\\\/www.eldiario.net\\\/portal\\\/#website\",\"url\":\"https:\\\/\\\/www.eldiario.net\\\/portal\\\/\",\"name\":\"El Diario - Decano de la prensa nacional\",\"description\":\"El Diario - Decano de la prensa nacional\",\"publisher\":{\"@id\":\"https:\\\/\\\/www.eldiario.net\\\/portal\\\/#organization\"},\"potentialAction\":[{\"@type\":\"SearchAction\",\"target\":{\"@type\":\"EntryPoint\",\"urlTemplate\":\"https:\\\/\\\/www.eldiario.net\\\/portal\\\/?s={search_term_string}\"},\"query-input\":{\"@type\":\"PropertyValueSpecification\",\"valueRequired\":true,\"valueName\":\"search_term_string\"}}],\"inLanguage\":\"es\"},{\"@type\":\"Organization\",\"@id\":\"https:\\\/\\\/www.eldiario.net\\\/portal\\\/#organization\",\"name\":\"El Diario - Decano de la prensa nacional\",\"url\":\"https:\\\/\\\/www.eldiario.net\\\/portal\\\/\",\"logo\":{\"@type\":\"ImageObject\",\"inLanguage\":\"es\",\"@id\":\"https:\\\/\\\/www.eldiario.net\\\/portal\\\/#\\\/schema\\\/logo\\\/image\\\/\",\"url\":\"https:\\\/\\\/www.eldiario.net\\\/portal\\\/wp-content\\\/uploads\\\/2023\\\/07\\\/logo_ED.jpg\",\"contentUrl\":\"https:\\\/\\\/www.eldiario.net\\\/portal\\\/wp-content\\\/uploads\\\/2023\\\/07\\\/logo_ED.jpg\",\"width\":272,\"height\":52,\"caption\":\"El Diario - Decano de la prensa nacional\"},\"image\":{\"@id\":\"https:\\\/\\\/www.eldiario.net\\\/portal\\\/#\\\/schema\\\/logo\\\/image\\\/\"},\"sameAs\":[\"https:\\\/\\\/www.facebook.com\\\/eldiario.bolivia\\\/\",\"https:\\\/\\\/x.com\\\/eldiario_net\"]},{\"@type\":\"Person\",\"@id\":\"https:\\\/\\\/www.eldiario.net\\\/portal\\\/#\\\/schema\\\/person\\\/f46445640444750d7d753ccd04ae01b7\",\"name\":\"Jeanette\",\"image\":{\"@type\":\"ImageObject\",\"inLanguage\":\"es\",\"@id\":\"https:\\\/\\\/secure.gravatar.com\\\/avatar\\\/3ea2118a5f7dad2b7138b1187a6b7ee55f160b9968b66013c3a3ef39dd7e5798?s=96&d=mm&r=g\",\"url\":\"https:\\\/\\\/secure.gravatar.com\\\/avatar\\\/3ea2118a5f7dad2b7138b1187a6b7ee55f160b9968b66013c3a3ef39dd7e5798?s=96&d=mm&r=g\",\"contentUrl\":\"https:\\\/\\\/secure.gravatar.com\\\/avatar\\\/3ea2118a5f7dad2b7138b1187a6b7ee55f160b9968b66013c3a3ef39dd7e5798?s=96&d=mm&r=g\",\"caption\":\"Jeanette\"},\"sameAs\":[\"https:\\\/\\\/www.eldiario.net\\\/portal\"],\"url\":\"https:\\\/\\\/www.eldiario.net\\\/portal\\\/author\\\/jeanette\\\/\"}]}<\/script>\n<!-- \/ Yoast SEO plugin. -->","yoast_head_json":{"title":"FEST\u00cdN DE OCAS Y CORDERO - El Diario - Bolivia","robots":{"index":"index","follow":"follow","max-snippet":"max-snippet:-1","max-image-preview":"max-image-preview:large","max-video-preview":"max-video-preview:-1"},"canonical":"https:\/\/www.eldiario.net\/portal\/2023\/10\/11\/festin-de-ocas-y-cordero\/","og_locale":"es_ES","og_type":"article","og_title":"FEST\u00cdN DE OCAS Y CORDERO - El Diario - Bolivia","og_description":"Queridos lectores, hoy los invito a embarcarse en un viaje culinario que nos llevar\u00e1 a las alturas majestuosas de Bolivia, donde los sabores de hoga\u00f1o se mezclan con la creatividad contempor\u00e1nea en un fest\u00edn que deleitar\u00e1 todos nuestros sentidos. En esta ocasi\u00f3n, nos centraremos en un ingrediente excepcional y relativamente desconocido: la oca. Acompa\u00f1ada por [&hellip;]","og_url":"https:\/\/www.eldiario.net\/portal\/2023\/10\/11\/festin-de-ocas-y-cordero\/","og_site_name":"El Diario - Bolivia","article_publisher":"https:\/\/www.facebook.com\/eldiario.bolivia\/","article_published_time":"2023-10-11T11:18:24+00:00","og_image":[{"width":992,"height":558,"url":"https:\/\/www.eldiario.net\/portal\/wp-content\/uploads\/2023\/10\/NOTA-4-FOTO-1-1.jpg","type":"image\/jpeg"}],"author":"Jeanette","twitter_card":"summary_large_image","twitter_creator":"@eldiario_net","twitter_site":"@eldiario_net","twitter_misc":{"Escrito por":"Jeanette","Tiempo de lectura":"5 minutos"},"schema":{"@context":"https:\/\/schema.org","@graph":[{"@type":"Article","@id":"https:\/\/www.eldiario.net\/portal\/2023\/10\/11\/festin-de-ocas-y-cordero\/#article","isPartOf":{"@id":"https:\/\/www.eldiario.net\/portal\/2023\/10\/11\/festin-de-ocas-y-cordero\/"},"author":{"name":"Jeanette","@id":"https:\/\/www.eldiario.net\/portal\/#\/schema\/person\/f46445640444750d7d753ccd04ae01b7"},"headline":"FEST\u00cdN DE OCAS Y CORDERO","datePublished":"2023-10-11T11:18:24+00:00","mainEntityOfPage":{"@id":"https:\/\/www.eldiario.net\/portal\/2023\/10\/11\/festin-de-ocas-y-cordero\/"},"wordCount":951,"publisher":{"@id":"https:\/\/www.eldiario.net\/portal\/#organization"},"image":{"@id":"https:\/\/www.eldiario.net\/portal\/2023\/10\/11\/festin-de-ocas-y-cordero\/#primaryimage"},"thumbnailUrl":"https:\/\/www.eldiario.net\/portal\/wp-content\/uploads\/2023\/10\/NOTA-4-FOTO-1-1.jpg","articleSection":["Femenina"],"inLanguage":"es"},{"@type":"WebPage","@id":"https:\/\/www.eldiario.net\/portal\/2023\/10\/11\/festin-de-ocas-y-cordero\/","url":"https:\/\/www.eldiario.net\/portal\/2023\/10\/11\/festin-de-ocas-y-cordero\/","name":"FEST\u00cdN DE OCAS Y CORDERO - El Diario - Bolivia","isPartOf":{"@id":"https:\/\/www.eldiario.net\/portal\/#website"},"primaryImageOfPage":{"@id":"https:\/\/www.eldiario.net\/portal\/2023\/10\/11\/festin-de-ocas-y-cordero\/#primaryimage"},"image":{"@id":"https:\/\/www.eldiario.net\/portal\/2023\/10\/11\/festin-de-ocas-y-cordero\/#primaryimage"},"thumbnailUrl":"https:\/\/www.eldiario.net\/portal\/wp-content\/uploads\/2023\/10\/NOTA-4-FOTO-1-1.jpg","datePublished":"2023-10-11T11:18:24+00:00","breadcrumb":{"@id":"https:\/\/www.eldiario.net\/portal\/2023\/10\/11\/festin-de-ocas-y-cordero\/#breadcrumb"},"inLanguage":"es","potentialAction":[{"@type":"ReadAction","target":["https:\/\/www.eldiario.net\/portal\/2023\/10\/11\/festin-de-ocas-y-cordero\/"]}]},{"@type":"ImageObject","inLanguage":"es","@id":"https:\/\/www.eldiario.net\/portal\/2023\/10\/11\/festin-de-ocas-y-cordero\/#primaryimage","url":"https:\/\/www.eldiario.net\/portal\/wp-content\/uploads\/2023\/10\/NOTA-4-FOTO-1-1.jpg","contentUrl":"https:\/\/www.eldiario.net\/portal\/wp-content\/uploads\/2023\/10\/NOTA-4-FOTO-1-1.jpg","width":992,"height":558,"caption":"FEST\u00cdN DE OCAS Y CORDERO."},{"@type":"BreadcrumbList","@id":"https:\/\/www.eldiario.net\/portal\/2023\/10\/11\/festin-de-ocas-y-cordero\/#breadcrumb","itemListElement":[{"@type":"ListItem","position":1,"name":"Portada","item":"https:\/\/www.eldiario.net\/portal\/"},{"@type":"ListItem","position":2,"name":"FEST\u00cdN DE OCAS Y CORDERO"}]},{"@type":"WebSite","@id":"https:\/\/www.eldiario.net\/portal\/#website","url":"https:\/\/www.eldiario.net\/portal\/","name":"El Diario - Decano de la prensa nacional","description":"El Diario - Decano de la prensa nacional","publisher":{"@id":"https:\/\/www.eldiario.net\/portal\/#organization"},"potentialAction":[{"@type":"SearchAction","target":{"@type":"EntryPoint","urlTemplate":"https:\/\/www.eldiario.net\/portal\/?s={search_term_string}"},"query-input":{"@type":"PropertyValueSpecification","valueRequired":true,"valueName":"search_term_string"}}],"inLanguage":"es"},{"@type":"Organization","@id":"https:\/\/www.eldiario.net\/portal\/#organization","name":"El Diario - Decano de la prensa nacional","url":"https:\/\/www.eldiario.net\/portal\/","logo":{"@type":"ImageObject","inLanguage":"es","@id":"https:\/\/www.eldiario.net\/portal\/#\/schema\/logo\/image\/","url":"https:\/\/www.eldiario.net\/portal\/wp-content\/uploads\/2023\/07\/logo_ED.jpg","contentUrl":"https:\/\/www.eldiario.net\/portal\/wp-content\/uploads\/2023\/07\/logo_ED.jpg","width":272,"height":52,"caption":"El Diario - Decano de la prensa nacional"},"image":{"@id":"https:\/\/www.eldiario.net\/portal\/#\/schema\/logo\/image\/"},"sameAs":["https:\/\/www.facebook.com\/eldiario.bolivia\/","https:\/\/x.com\/eldiario_net"]},{"@type":"Person","@id":"https:\/\/www.eldiario.net\/portal\/#\/schema\/person\/f46445640444750d7d753ccd04ae01b7","name":"Jeanette","image":{"@type":"ImageObject","inLanguage":"es","@id":"https:\/\/secure.gravatar.com\/avatar\/3ea2118a5f7dad2b7138b1187a6b7ee55f160b9968b66013c3a3ef39dd7e5798?s=96&d=mm&r=g","url":"https:\/\/secure.gravatar.com\/avatar\/3ea2118a5f7dad2b7138b1187a6b7ee55f160b9968b66013c3a3ef39dd7e5798?s=96&d=mm&r=g","contentUrl":"https:\/\/secure.gravatar.com\/avatar\/3ea2118a5f7dad2b7138b1187a6b7ee55f160b9968b66013c3a3ef39dd7e5798?s=96&d=mm&r=g","caption":"Jeanette"},"sameAs":["https:\/\/www.eldiario.net\/portal"],"url":"https:\/\/www.eldiario.net\/portal\/author\/jeanette\/"}]}},"_links":{"self":[{"href":"https:\/\/www.eldiario.net\/portal\/wp-json\/wp\/v2\/posts\/181490","targetHints":{"allow":["GET"]}}],"collection":[{"href":"https:\/\/www.eldiario.net\/portal\/wp-json\/wp\/v2\/posts"}],"about":[{"href":"https:\/\/www.eldiario.net\/portal\/wp-json\/wp\/v2\/types\/post"}],"author":[{"embeddable":true,"href":"https:\/\/www.eldiario.net\/portal\/wp-json\/wp\/v2\/users\/1"}],"replies":[{"embeddable":true,"href":"https:\/\/www.eldiario.net\/portal\/wp-json\/wp\/v2\/comments?post=181490"}],"version-history":[{"count":0,"href":"https:\/\/www.eldiario.net\/portal\/wp-json\/wp\/v2\/posts\/181490\/revisions"}],"wp:featuredmedia":[{"embeddable":true,"href":"https:\/\/www.eldiario.net\/portal\/wp-json\/wp\/v2\/media\/181491"}],"wp:attachment":[{"href":"https:\/\/www.eldiario.net\/portal\/wp-json\/wp\/v2\/media?parent=181490"}],"wp:term":[{"taxonomy":"category","embeddable":true,"href":"https:\/\/www.eldiario.net\/portal\/wp-json\/wp\/v2\/categories?post=181490"},{"taxonomy":"post_tag","embeddable":true,"href":"https:\/\/www.eldiario.net\/portal\/wp-json\/wp\/v2\/tags?post=181490"}],"curies":[{"name":"wp","href":"https:\/\/api.w.org\/{rel}","templated":true}]}}