{"id":181485,"date":"2023-10-11T07:16:09","date_gmt":"2023-10-11T11:16:09","guid":{"rendered":"https:\/\/www.eldiario.net\/portal\/?p=181485"},"modified":"2023-10-11T07:16:09","modified_gmt":"2023-10-11T11:16:09","slug":"agua-somos-cubre-deficit-hidrico-en-4-comunidades","status":"publish","type":"post","link":"https:\/\/www.eldiario.net\/portal\/2023\/10\/11\/agua-somos-cubre-deficit-hidrico-en-4-comunidades\/","title":{"rendered":"Agua SOMOS cubre d\u00e9ficit h\u00eddrico en 4 comunidades"},"content":{"rendered":"<p>Hace dos a\u00f1os, Cervecer\u00eda Boliviana Nacional (CBN) lanzaba su primer producto concebido desde sus inicios como una iniciativa solidaria. Agua SOMOS es una marca con un prop\u00f3sito: llevar agua segura a comunidades del pa\u00eds con alto estr\u00e9s h\u00eddrico. Hasta ahora la solidaridad ha llegado hasta Rio Blanco, en el Bosque Seco Chiquitano; Tiquipa, en el Altiplano norte de La Paz; Taqui\u00f1a, en el \u00e1rea metropolitana de Cochabamba y Carb\u00f3n Mayu, en el municipio de Tiraque.<\/p>\n<p>\u201cGarantizar agua segura para todos, hoy m\u00e1s que nunca, es una tarea fundamental. Por eso estamos satisfechos por estos dos a\u00f1os en los que hemos trasladado la solidaridad de nuestros consumidores a cuatro comunidades que estaban sufriendo por los efectos de la sequ\u00eda y el cambio clim\u00e1tico, la situaci\u00f3n actual de sequ\u00eda en varios puntos del pa\u00eds nos compromete a seguir en esta cruzada\u201d, explica el gerente Nacional de Bebidas no Alcoh\u00f3licas de CBN, Holger L\u00f3pez.<\/p>\n<p><strong>Solidaridad <\/strong><\/p>\n<p>Por cada dos litros de agua SOMOS vendidos, ya sea en botellas de dos litros o el equivalente en botellas de quinientos mililitros, CBN dona un boliviano para apoyar programas de acceso al agua en comunidades con d\u00e9ficit h\u00eddrico de todo el pa\u00eds.<\/p>\n<p>La marca de la CBN apoya proyectos de acceso al agua para miles de personas y al mismo tiempo tambi\u00e9n promueve un estilo de vida saludable entre los consumidores. SOMOS es un agua de mesa elaborada con los m\u00e1s altos est\u00e1ndares de calidad que la compa\u00f1\u00eda imprime a cada uno de sus productos.<\/p>\n<p>Adem\u00e1s de apoyar una causa solidaria, agua SOMOS contribuye al cuidado del medioambiente, ya que viene en una botella PET elaborada en un cien por ciento con pl\u00e1stico reciclado en el marco de su pol\u00edtica de econom\u00eda circular.<\/p>\n<p>\u201cAl impulsar la causa de agua SOMOS, CBN, reafirma su compromiso con la sociedad boliviana, generando valor compartido, convirtiendo la solidaridad de nuestros consumidores en bienestar y acceso al agua segura para comunidades que sufren la falta de este elemento esencial para la vida\u201d, concluye el ejecutivo de la CBN.<\/p>\n<p><strong>Acciones realizadas<\/strong><\/p>\n<p>&#8211;\u00a0\u00a0\u00a0\u00a0\u00a0\u00a0\u00a0\u00a0\u00a0\u00a0\u00a0\u00a0\u00a0 Cosecha de agua partiendo de una instalaci\u00f3n de canaletas, cisternas y plantas de tratamiento de agua.<\/p>\n<p>&#8211;\u00a0\u00a0\u00a0\u00a0\u00a0\u00a0\u00a0\u00a0\u00a0\u00a0\u00a0\u00a0\u00a0 Sistema de recolecci\u00f3n de agua de lluvia para la escuela.<\/p>\n<p>&#8211;\u00a0\u00a0\u00a0\u00a0\u00a0\u00a0\u00a0\u00a0\u00a0\u00a0\u00a0\u00a0\u00a0 Conexi\u00f3n de tanque de agua a la red comunitaria para disponer de agua con regularidad.<\/p>\n<p>&#8211;\u00a0\u00a0\u00a0\u00a0\u00a0\u00a0\u00a0\u00a0\u00a0\u00a0\u00a0\u00a0\u00a0 Dise\u00f1o y construcci\u00f3n de toma de agua alternativa.<\/p>\n<p>&#8211;\u00a0\u00a0\u00a0\u00a0\u00a0\u00a0\u00a0\u00a0\u00a0\u00a0\u00a0\u00a0\u00a0 Construcci\u00f3n de cisternas de agua para ampliar la capacidad de reserva de agua.<\/p>\n<p>&#8211;\u00a0\u00a0\u00a0\u00a0\u00a0\u00a0\u00a0\u00a0\u00a0\u00a0\u00a0\u00a0\u00a0 Desarrollo de capacidades en la poblaci\u00f3n local y dise\u00f1o curricular para el mantenimiento de todo lo construido y elaborado.<\/p>\n<p><strong>ONG Aliadas<\/strong><\/p>\n<p>&#8211;\u00a0\u00a0\u00a0\u00a0\u00a0\u00a0\u00a0\u00a0\u00a0\u00a0\u00a0\u00a0\u00a0 Avina es una Fundaci\u00f3n latinoamericana que promueve la sustentabilidad a partir de procesos colaborativos, generando impactos positivos a gran escala. Desde hace 12 a\u00f1os impulsa proyectos de acceso al agua en varios pa\u00edses de la regi\u00f3n.<\/p>\n<p>&#8211;\u00a0\u00a0\u00a0\u00a0\u00a0\u00a0\u00a0\u00a0\u00a0\u00a0\u00a0\u00a0\u00a0 Water for People, una organizaci\u00f3n internacional sin fines de lucro, cuyo objetivo es desarrollar servicios accesibles y de calidad en agua potable, saneamiento e higiene. La sostenibilidad es la esencia de su misi\u00f3n, por eso trabaja junto a comunidades, empresas y gobiernos locales para apoyar a la construcci\u00f3n de un pa\u00eds donde todos tengan agua potable, ba\u00f1os dignos y buenas pr\u00e1cticas de higiene.<\/p>\n<div id='gallery-1' class='gallery galleryid-181485 gallery-columns-3 gallery-size-medium'><figure class='gallery-item'>\n\t\t\t<div class='gallery-icon landscape'>\n\t\t\t\t<a href='https:\/\/www.eldiario.net\/portal\/2023\/10\/11\/agua-somos-cubre-deficit-hidrico-en-4-comunidades\/nota-5-foto-1-55\/'><img loading=\"lazy\" decoding=\"async\" width=\"300\" height=\"200\" src=\"https:\/\/www.eldiario.net\/portal\/wp-content\/uploads\/2023\/10\/NOTA-5-FOTO-1-1-300x200.jpg\" class=\"attachment-medium size-medium\" alt=\"\" aria-describedby=\"gallery-1-181486\" srcset=\"https:\/\/www.eldiario.net\/portal\/wp-content\/uploads\/2023\/10\/NOTA-5-FOTO-1-1-300x200.jpg 300w, https:\/\/www.eldiario.net\/portal\/wp-content\/uploads\/2023\/10\/NOTA-5-FOTO-1-1-1024x683.jpg 1024w, https:\/\/www.eldiario.net\/portal\/wp-content\/uploads\/2023\/10\/NOTA-5-FOTO-1-1-768x512.jpg 768w, https:\/\/www.eldiario.net\/portal\/wp-content\/uploads\/2023\/10\/NOTA-5-FOTO-1-1-1536x1024.jpg 1536w, https:\/\/www.eldiario.net\/portal\/wp-content\/uploads\/2023\/10\/NOTA-5-FOTO-1-1-696x464.jpg 696w, https:\/\/www.eldiario.net\/portal\/wp-content\/uploads\/2023\/10\/NOTA-5-FOTO-1-1-1068x712.jpg 1068w, https:\/\/www.eldiario.net\/portal\/wp-content\/uploads\/2023\/10\/NOTA-5-FOTO-1-1.jpg 1600w\" sizes=\"auto, (max-width: 300px) 100vw, 300px\" \/><\/a>\n\t\t\t<\/div>\n\t\t\t\t<figcaption class='wp-caption-text gallery-caption' id='gallery-1-181486'>\n\t\t\t\tEJECUTIVOS DE CBN CON LOS COMUNARIOS DE TIRAQUE\n\t\t\t\t<\/figcaption><\/figure><figure class='gallery-item'>\n\t\t\t<div class='gallery-icon landscape'>\n\t\t\t\t<a href='https:\/\/www.eldiario.net\/portal\/2023\/10\/11\/agua-somos-cubre-deficit-hidrico-en-4-comunidades\/nota-5-foto-2-53\/'><img loading=\"lazy\" decoding=\"async\" width=\"300\" height=\"200\" src=\"https:\/\/www.eldiario.net\/portal\/wp-content\/uploads\/2023\/10\/NOTA-5-FOTO-2-1-300x200.jpg\" class=\"attachment-medium size-medium\" alt=\"\" aria-describedby=\"gallery-1-181487\" srcset=\"https:\/\/www.eldiario.net\/portal\/wp-content\/uploads\/2023\/10\/NOTA-5-FOTO-2-1-300x200.jpg 300w, https:\/\/www.eldiario.net\/portal\/wp-content\/uploads\/2023\/10\/NOTA-5-FOTO-2-1-1024x682.jpg 1024w, https:\/\/www.eldiario.net\/portal\/wp-content\/uploads\/2023\/10\/NOTA-5-FOTO-2-1-768x512.jpg 768w, https:\/\/www.eldiario.net\/portal\/wp-content\/uploads\/2023\/10\/NOTA-5-FOTO-2-1-1536x1023.jpg 1536w, https:\/\/www.eldiario.net\/portal\/wp-content\/uploads\/2023\/10\/NOTA-5-FOTO-2-1-696x464.jpg 696w, https:\/\/www.eldiario.net\/portal\/wp-content\/uploads\/2023\/10\/NOTA-5-FOTO-2-1-1068x712.jpg 1068w, https:\/\/www.eldiario.net\/portal\/wp-content\/uploads\/2023\/10\/NOTA-5-FOTO-2-1.jpg 1600w\" sizes=\"auto, (max-width: 300px) 100vw, 300px\" \/><\/a>\n\t\t\t<\/div>\n\t\t\t\t<figcaption class='wp-caption-text gallery-caption' id='gallery-1-181487'>\n\t\t\t\tNI\u00d1OS APRENDEN A CUIDAR EL MEDIOAMBIENTE CON BOTELLAS PET, ELABORADAS CON PL\u00c1STICO 100% RECICLABLE.\n\t\t\t\t<\/figcaption><\/figure><figure class='gallery-item'>\n\t\t\t<div class='gallery-icon portrait'>\n\t\t\t\t<a href='https:\/\/www.eldiario.net\/portal\/2023\/10\/11\/agua-somos-cubre-deficit-hidrico-en-4-comunidades\/nota-5-foto-3-21\/'><img loading=\"lazy\" decoding=\"async\" width=\"169\" height=\"300\" src=\"https:\/\/www.eldiario.net\/portal\/wp-content\/uploads\/2023\/10\/NOTA-5-FOTO-3-1-169x300.jpg\" class=\"attachment-medium size-medium\" alt=\"\" aria-describedby=\"gallery-1-181488\" srcset=\"https:\/\/www.eldiario.net\/portal\/wp-content\/uploads\/2023\/10\/NOTA-5-FOTO-3-1-169x300.jpg 169w, https:\/\/www.eldiario.net\/portal\/wp-content\/uploads\/2023\/10\/NOTA-5-FOTO-3-1-576x1024.jpg 576w, https:\/\/www.eldiario.net\/portal\/wp-content\/uploads\/2023\/10\/NOTA-5-FOTO-3-1-768x1365.jpg 768w, https:\/\/www.eldiario.net\/portal\/wp-content\/uploads\/2023\/10\/NOTA-5-FOTO-3-1-864x1536.jpg 864w, https:\/\/www.eldiario.net\/portal\/wp-content\/uploads\/2023\/10\/NOTA-5-FOTO-3-1-696x1237.jpg 696w, https:\/\/www.eldiario.net\/portal\/wp-content\/uploads\/2023\/10\/NOTA-5-FOTO-3-1.jpg 900w\" sizes=\"auto, (max-width: 169px) 100vw, 169px\" \/><\/a>\n\t\t\t<\/div>\n\t\t\t\t<figcaption class='wp-caption-text gallery-caption' id='gallery-1-181488'>\n\t\t\t\tEL ELEMENTO L\u00cdQUIDO LLEGA A 4 COMUNIDADES DE LA MANO DE AGUA SOMOS.\n\t\t\t\t<\/figcaption><\/figure>\n\t\t<\/div>\n\n","protected":false},"excerpt":{"rendered":"<p>Hace dos a\u00f1os, Cervecer\u00eda Boliviana Nacional (CBN) lanzaba su primer producto concebido desde sus inicios como una iniciativa solidaria. Agua SOMOS es una marca con un prop\u00f3sito: llevar agua segura a comunidades del pa\u00eds con alto estr\u00e9s h\u00eddrico. Hasta ahora la solidaridad ha llegado hasta Rio Blanco, en el Bosque Seco Chiquitano; Tiquipa, en el [&hellip;]<\/p>\n","protected":false},"author":1,"featured_media":181486,"comment_status":"closed","ping_status":"open","sticky":false,"template":"","format":"standard","meta":{"_acf_changed":false,"footnotes":""},"categories":[42],"tags":[],"class_list":["post-181485","post","type-post","status-publish","format-standard","has-post-thumbnail","category-femenina"],"acf":{"antetitulo":""},"yoast_head":"<!-- This site is optimized with the Yoast SEO plugin v28.4 - https:\/\/yoast.com\/product\/yoast-seo-wordpress\/ -->\n<title>Agua SOMOS cubre d\u00e9ficit h\u00eddrico en 4 comunidades - El Diario - Bolivia<\/title>\n<meta name=\"robots\" content=\"index, follow, max-snippet:-1, max-image-preview:large, max-video-preview:-1\" \/>\n<link rel=\"canonical\" href=\"https:\/\/www.eldiario.net\/portal\/2023\/10\/11\/agua-somos-cubre-deficit-hidrico-en-4-comunidades\/\" \/>\n<meta property=\"og:locale\" content=\"es_ES\" \/>\n<meta property=\"og:type\" content=\"article\" \/>\n<meta property=\"og:title\" content=\"Agua SOMOS cubre d\u00e9ficit h\u00eddrico en 4 comunidades - El Diario - Bolivia\" \/>\n<meta property=\"og:description\" content=\"Hace dos a\u00f1os, Cervecer\u00eda Boliviana Nacional (CBN) lanzaba su primer producto concebido desde sus inicios como una iniciativa solidaria. Agua SOMOS es una marca con un prop\u00f3sito: llevar agua segura a comunidades del pa\u00eds con alto estr\u00e9s h\u00eddrico. Hasta ahora la solidaridad ha llegado hasta Rio Blanco, en el Bosque Seco Chiquitano; Tiquipa, en el [&hellip;]\" \/>\n<meta property=\"og:url\" content=\"https:\/\/www.eldiario.net\/portal\/2023\/10\/11\/agua-somos-cubre-deficit-hidrico-en-4-comunidades\/\" \/>\n<meta property=\"og:site_name\" content=\"El Diario - Bolivia\" \/>\n<meta property=\"article:publisher\" content=\"https:\/\/www.facebook.com\/eldiario.bolivia\/\" \/>\n<meta property=\"article:published_time\" content=\"2023-10-11T11:16:09+00:00\" \/>\n<meta property=\"og:image\" content=\"https:\/\/www.eldiario.net\/portal\/wp-content\/uploads\/2023\/10\/NOTA-5-FOTO-1-1.jpg\" \/>\n\t<meta property=\"og:image:width\" content=\"1600\" \/>\n\t<meta property=\"og:image:height\" content=\"1067\" \/>\n\t<meta property=\"og:image:type\" content=\"image\/jpeg\" \/>\n<meta name=\"author\" content=\"Jeanette\" \/>\n<meta name=\"twitter:card\" content=\"summary_large_image\" \/>\n<meta name=\"twitter:creator\" content=\"@eldiario_net\" \/>\n<meta name=\"twitter:site\" content=\"@eldiario_net\" \/>\n<meta name=\"twitter:label1\" content=\"Escrito por\" \/>\n\t<meta name=\"twitter:data1\" content=\"Jeanette\" \/>\n\t<meta name=\"twitter:label2\" content=\"Tiempo de lectura\" \/>\n\t<meta name=\"twitter:data2\" content=\"3 minutos\" \/>\n<script type=\"application\/ld+json\" class=\"yoast-schema-graph\">{\"@context\":\"https:\\\/\\\/schema.org\",\"@graph\":[{\"@type\":\"Article\",\"@id\":\"https:\\\/\\\/www.eldiario.net\\\/portal\\\/2023\\\/10\\\/11\\\/agua-somos-cubre-deficit-hidrico-en-4-comunidades\\\/#article\",\"isPartOf\":{\"@id\":\"https:\\\/\\\/www.eldiario.net\\\/portal\\\/2023\\\/10\\\/11\\\/agua-somos-cubre-deficit-hidrico-en-4-comunidades\\\/\"},\"author\":{\"name\":\"Jeanette\",\"@id\":\"https:\\\/\\\/www.eldiario.net\\\/portal\\\/#\\\/schema\\\/person\\\/f46445640444750d7d753ccd04ae01b7\"},\"headline\":\"Agua SOMOS cubre d\u00e9ficit h\u00eddrico en 4 comunidades\",\"datePublished\":\"2023-10-11T11:16:09+00:00\",\"mainEntityOfPage\":{\"@id\":\"https:\\\/\\\/www.eldiario.net\\\/portal\\\/2023\\\/10\\\/11\\\/agua-somos-cubre-deficit-hidrico-en-4-comunidades\\\/\"},\"wordCount\":586,\"publisher\":{\"@id\":\"https:\\\/\\\/www.eldiario.net\\\/portal\\\/#organization\"},\"image\":{\"@id\":\"https:\\\/\\\/www.eldiario.net\\\/portal\\\/2023\\\/10\\\/11\\\/agua-somos-cubre-deficit-hidrico-en-4-comunidades\\\/#primaryimage\"},\"thumbnailUrl\":\"https:\\\/\\\/www.eldiario.net\\\/portal\\\/wp-content\\\/uploads\\\/2023\\\/10\\\/NOTA-5-FOTO-1-1.jpg\",\"articleSection\":[\"Femenina\"],\"inLanguage\":\"es\"},{\"@type\":\"WebPage\",\"@id\":\"https:\\\/\\\/www.eldiario.net\\\/portal\\\/2023\\\/10\\\/11\\\/agua-somos-cubre-deficit-hidrico-en-4-comunidades\\\/\",\"url\":\"https:\\\/\\\/www.eldiario.net\\\/portal\\\/2023\\\/10\\\/11\\\/agua-somos-cubre-deficit-hidrico-en-4-comunidades\\\/\",\"name\":\"Agua SOMOS cubre d\u00e9ficit h\u00eddrico en 4 comunidades - El Diario - Bolivia\",\"isPartOf\":{\"@id\":\"https:\\\/\\\/www.eldiario.net\\\/portal\\\/#website\"},\"primaryImageOfPage\":{\"@id\":\"https:\\\/\\\/www.eldiario.net\\\/portal\\\/2023\\\/10\\\/11\\\/agua-somos-cubre-deficit-hidrico-en-4-comunidades\\\/#primaryimage\"},\"image\":{\"@id\":\"https:\\\/\\\/www.eldiario.net\\\/portal\\\/2023\\\/10\\\/11\\\/agua-somos-cubre-deficit-hidrico-en-4-comunidades\\\/#primaryimage\"},\"thumbnailUrl\":\"https:\\\/\\\/www.eldiario.net\\\/portal\\\/wp-content\\\/uploads\\\/2023\\\/10\\\/NOTA-5-FOTO-1-1.jpg\",\"datePublished\":\"2023-10-11T11:16:09+00:00\",\"breadcrumb\":{\"@id\":\"https:\\\/\\\/www.eldiario.net\\\/portal\\\/2023\\\/10\\\/11\\\/agua-somos-cubre-deficit-hidrico-en-4-comunidades\\\/#breadcrumb\"},\"inLanguage\":\"es\",\"potentialAction\":[{\"@type\":\"ReadAction\",\"target\":[\"https:\\\/\\\/www.eldiario.net\\\/portal\\\/2023\\\/10\\\/11\\\/agua-somos-cubre-deficit-hidrico-en-4-comunidades\\\/\"]}]},{\"@type\":\"ImageObject\",\"inLanguage\":\"es\",\"@id\":\"https:\\\/\\\/www.eldiario.net\\\/portal\\\/2023\\\/10\\\/11\\\/agua-somos-cubre-deficit-hidrico-en-4-comunidades\\\/#primaryimage\",\"url\":\"https:\\\/\\\/www.eldiario.net\\\/portal\\\/wp-content\\\/uploads\\\/2023\\\/10\\\/NOTA-5-FOTO-1-1.jpg\",\"contentUrl\":\"https:\\\/\\\/www.eldiario.net\\\/portal\\\/wp-content\\\/uploads\\\/2023\\\/10\\\/NOTA-5-FOTO-1-1.jpg\",\"width\":1600,\"height\":1067,\"caption\":\"EJECUTIVOS DE CBN CON LOS COMUNARIOS DE TIRAQUE\"},{\"@type\":\"BreadcrumbList\",\"@id\":\"https:\\\/\\\/www.eldiario.net\\\/portal\\\/2023\\\/10\\\/11\\\/agua-somos-cubre-deficit-hidrico-en-4-comunidades\\\/#breadcrumb\",\"itemListElement\":[{\"@type\":\"ListItem\",\"position\":1,\"name\":\"Portada\",\"item\":\"https:\\\/\\\/www.eldiario.net\\\/portal\\\/\"},{\"@type\":\"ListItem\",\"position\":2,\"name\":\"Agua SOMOS cubre d\u00e9ficit h\u00eddrico en 4 comunidades\"}]},{\"@type\":\"WebSite\",\"@id\":\"https:\\\/\\\/www.eldiario.net\\\/portal\\\/#website\",\"url\":\"https:\\\/\\\/www.eldiario.net\\\/portal\\\/\",\"name\":\"El Diario - Decano de la prensa nacional\",\"description\":\"El Diario - Decano de la prensa nacional\",\"publisher\":{\"@id\":\"https:\\\/\\\/www.eldiario.net\\\/portal\\\/#organization\"},\"potentialAction\":[{\"@type\":\"SearchAction\",\"target\":{\"@type\":\"EntryPoint\",\"urlTemplate\":\"https:\\\/\\\/www.eldiario.net\\\/portal\\\/?s={search_term_string}\"},\"query-input\":{\"@type\":\"PropertyValueSpecification\",\"valueRequired\":true,\"valueName\":\"search_term_string\"}}],\"inLanguage\":\"es\"},{\"@type\":\"Organization\",\"@id\":\"https:\\\/\\\/www.eldiario.net\\\/portal\\\/#organization\",\"name\":\"El Diario - Decano de la prensa nacional\",\"url\":\"https:\\\/\\\/www.eldiario.net\\\/portal\\\/\",\"logo\":{\"@type\":\"ImageObject\",\"inLanguage\":\"es\",\"@id\":\"https:\\\/\\\/www.eldiario.net\\\/portal\\\/#\\\/schema\\\/logo\\\/image\\\/\",\"url\":\"https:\\\/\\\/www.eldiario.net\\\/portal\\\/wp-content\\\/uploads\\\/2023\\\/07\\\/logo_ED.jpg\",\"contentUrl\":\"https:\\\/\\\/www.eldiario.net\\\/portal\\\/wp-content\\\/uploads\\\/2023\\\/07\\\/logo_ED.jpg\",\"width\":272,\"height\":52,\"caption\":\"El Diario - Decano de la prensa nacional\"},\"image\":{\"@id\":\"https:\\\/\\\/www.eldiario.net\\\/portal\\\/#\\\/schema\\\/logo\\\/image\\\/\"},\"sameAs\":[\"https:\\\/\\\/www.facebook.com\\\/eldiario.bolivia\\\/\",\"https:\\\/\\\/x.com\\\/eldiario_net\"]},{\"@type\":\"Person\",\"@id\":\"https:\\\/\\\/www.eldiario.net\\\/portal\\\/#\\\/schema\\\/person\\\/f46445640444750d7d753ccd04ae01b7\",\"name\":\"Jeanette\",\"image\":{\"@type\":\"ImageObject\",\"inLanguage\":\"es\",\"@id\":\"https:\\\/\\\/secure.gravatar.com\\\/avatar\\\/3ea2118a5f7dad2b7138b1187a6b7ee55f160b9968b66013c3a3ef39dd7e5798?s=96&d=mm&r=g\",\"url\":\"https:\\\/\\\/secure.gravatar.com\\\/avatar\\\/3ea2118a5f7dad2b7138b1187a6b7ee55f160b9968b66013c3a3ef39dd7e5798?s=96&d=mm&r=g\",\"contentUrl\":\"https:\\\/\\\/secure.gravatar.com\\\/avatar\\\/3ea2118a5f7dad2b7138b1187a6b7ee55f160b9968b66013c3a3ef39dd7e5798?s=96&d=mm&r=g\",\"caption\":\"Jeanette\"},\"sameAs\":[\"https:\\\/\\\/www.eldiario.net\\\/portal\"],\"url\":\"https:\\\/\\\/www.eldiario.net\\\/portal\\\/author\\\/jeanette\\\/\"}]}<\/script>\n<!-- \/ Yoast SEO plugin. -->","yoast_head_json":{"title":"Agua SOMOS cubre d\u00e9ficit h\u00eddrico en 4 comunidades - El Diario - Bolivia","robots":{"index":"index","follow":"follow","max-snippet":"max-snippet:-1","max-image-preview":"max-image-preview:large","max-video-preview":"max-video-preview:-1"},"canonical":"https:\/\/www.eldiario.net\/portal\/2023\/10\/11\/agua-somos-cubre-deficit-hidrico-en-4-comunidades\/","og_locale":"es_ES","og_type":"article","og_title":"Agua SOMOS cubre d\u00e9ficit h\u00eddrico en 4 comunidades - El Diario - Bolivia","og_description":"Hace dos a\u00f1os, Cervecer\u00eda Boliviana Nacional (CBN) lanzaba su primer producto concebido desde sus inicios como una iniciativa solidaria. Agua SOMOS es una marca con un prop\u00f3sito: llevar agua segura a comunidades del pa\u00eds con alto estr\u00e9s h\u00eddrico. Hasta ahora la solidaridad ha llegado hasta Rio Blanco, en el Bosque Seco Chiquitano; Tiquipa, en el [&hellip;]","og_url":"https:\/\/www.eldiario.net\/portal\/2023\/10\/11\/agua-somos-cubre-deficit-hidrico-en-4-comunidades\/","og_site_name":"El Diario - Bolivia","article_publisher":"https:\/\/www.facebook.com\/eldiario.bolivia\/","article_published_time":"2023-10-11T11:16:09+00:00","og_image":[{"width":1600,"height":1067,"url":"https:\/\/www.eldiario.net\/portal\/wp-content\/uploads\/2023\/10\/NOTA-5-FOTO-1-1.jpg","type":"image\/jpeg"}],"author":"Jeanette","twitter_card":"summary_large_image","twitter_creator":"@eldiario_net","twitter_site":"@eldiario_net","twitter_misc":{"Escrito por":"Jeanette","Tiempo de lectura":"3 minutos"},"schema":{"@context":"https:\/\/schema.org","@graph":[{"@type":"Article","@id":"https:\/\/www.eldiario.net\/portal\/2023\/10\/11\/agua-somos-cubre-deficit-hidrico-en-4-comunidades\/#article","isPartOf":{"@id":"https:\/\/www.eldiario.net\/portal\/2023\/10\/11\/agua-somos-cubre-deficit-hidrico-en-4-comunidades\/"},"author":{"name":"Jeanette","@id":"https:\/\/www.eldiario.net\/portal\/#\/schema\/person\/f46445640444750d7d753ccd04ae01b7"},"headline":"Agua SOMOS cubre d\u00e9ficit h\u00eddrico en 4 comunidades","datePublished":"2023-10-11T11:16:09+00:00","mainEntityOfPage":{"@id":"https:\/\/www.eldiario.net\/portal\/2023\/10\/11\/agua-somos-cubre-deficit-hidrico-en-4-comunidades\/"},"wordCount":586,"publisher":{"@id":"https:\/\/www.eldiario.net\/portal\/#organization"},"image":{"@id":"https:\/\/www.eldiario.net\/portal\/2023\/10\/11\/agua-somos-cubre-deficit-hidrico-en-4-comunidades\/#primaryimage"},"thumbnailUrl":"https:\/\/www.eldiario.net\/portal\/wp-content\/uploads\/2023\/10\/NOTA-5-FOTO-1-1.jpg","articleSection":["Femenina"],"inLanguage":"es"},{"@type":"WebPage","@id":"https:\/\/www.eldiario.net\/portal\/2023\/10\/11\/agua-somos-cubre-deficit-hidrico-en-4-comunidades\/","url":"https:\/\/www.eldiario.net\/portal\/2023\/10\/11\/agua-somos-cubre-deficit-hidrico-en-4-comunidades\/","name":"Agua SOMOS cubre d\u00e9ficit h\u00eddrico en 4 comunidades - El Diario - Bolivia","isPartOf":{"@id":"https:\/\/www.eldiario.net\/portal\/#website"},"primaryImageOfPage":{"@id":"https:\/\/www.eldiario.net\/portal\/2023\/10\/11\/agua-somos-cubre-deficit-hidrico-en-4-comunidades\/#primaryimage"},"image":{"@id":"https:\/\/www.eldiario.net\/portal\/2023\/10\/11\/agua-somos-cubre-deficit-hidrico-en-4-comunidades\/#primaryimage"},"thumbnailUrl":"https:\/\/www.eldiario.net\/portal\/wp-content\/uploads\/2023\/10\/NOTA-5-FOTO-1-1.jpg","datePublished":"2023-10-11T11:16:09+00:00","breadcrumb":{"@id":"https:\/\/www.eldiario.net\/portal\/2023\/10\/11\/agua-somos-cubre-deficit-hidrico-en-4-comunidades\/#breadcrumb"},"inLanguage":"es","potentialAction":[{"@type":"ReadAction","target":["https:\/\/www.eldiario.net\/portal\/2023\/10\/11\/agua-somos-cubre-deficit-hidrico-en-4-comunidades\/"]}]},{"@type":"ImageObject","inLanguage":"es","@id":"https:\/\/www.eldiario.net\/portal\/2023\/10\/11\/agua-somos-cubre-deficit-hidrico-en-4-comunidades\/#primaryimage","url":"https:\/\/www.eldiario.net\/portal\/wp-content\/uploads\/2023\/10\/NOTA-5-FOTO-1-1.jpg","contentUrl":"https:\/\/www.eldiario.net\/portal\/wp-content\/uploads\/2023\/10\/NOTA-5-FOTO-1-1.jpg","width":1600,"height":1067,"caption":"EJECUTIVOS DE CBN CON LOS COMUNARIOS DE TIRAQUE"},{"@type":"BreadcrumbList","@id":"https:\/\/www.eldiario.net\/portal\/2023\/10\/11\/agua-somos-cubre-deficit-hidrico-en-4-comunidades\/#breadcrumb","itemListElement":[{"@type":"ListItem","position":1,"name":"Portada","item":"https:\/\/www.eldiario.net\/portal\/"},{"@type":"ListItem","position":2,"name":"Agua SOMOS cubre d\u00e9ficit h\u00eddrico en 4 comunidades"}]},{"@type":"WebSite","@id":"https:\/\/www.eldiario.net\/portal\/#website","url":"https:\/\/www.eldiario.net\/portal\/","name":"El Diario - Decano de la prensa nacional","description":"El Diario - Decano de la prensa nacional","publisher":{"@id":"https:\/\/www.eldiario.net\/portal\/#organization"},"potentialAction":[{"@type":"SearchAction","target":{"@type":"EntryPoint","urlTemplate":"https:\/\/www.eldiario.net\/portal\/?s={search_term_string}"},"query-input":{"@type":"PropertyValueSpecification","valueRequired":true,"valueName":"search_term_string"}}],"inLanguage":"es"},{"@type":"Organization","@id":"https:\/\/www.eldiario.net\/portal\/#organization","name":"El Diario - Decano de la prensa nacional","url":"https:\/\/www.eldiario.net\/portal\/","logo":{"@type":"ImageObject","inLanguage":"es","@id":"https:\/\/www.eldiario.net\/portal\/#\/schema\/logo\/image\/","url":"https:\/\/www.eldiario.net\/portal\/wp-content\/uploads\/2023\/07\/logo_ED.jpg","contentUrl":"https:\/\/www.eldiario.net\/portal\/wp-content\/uploads\/2023\/07\/logo_ED.jpg","width":272,"height":52,"caption":"El Diario - Decano de la prensa nacional"},"image":{"@id":"https:\/\/www.eldiario.net\/portal\/#\/schema\/logo\/image\/"},"sameAs":["https:\/\/www.facebook.com\/eldiario.bolivia\/","https:\/\/x.com\/eldiario_net"]},{"@type":"Person","@id":"https:\/\/www.eldiario.net\/portal\/#\/schema\/person\/f46445640444750d7d753ccd04ae01b7","name":"Jeanette","image":{"@type":"ImageObject","inLanguage":"es","@id":"https:\/\/secure.gravatar.com\/avatar\/3ea2118a5f7dad2b7138b1187a6b7ee55f160b9968b66013c3a3ef39dd7e5798?s=96&d=mm&r=g","url":"https:\/\/secure.gravatar.com\/avatar\/3ea2118a5f7dad2b7138b1187a6b7ee55f160b9968b66013c3a3ef39dd7e5798?s=96&d=mm&r=g","contentUrl":"https:\/\/secure.gravatar.com\/avatar\/3ea2118a5f7dad2b7138b1187a6b7ee55f160b9968b66013c3a3ef39dd7e5798?s=96&d=mm&r=g","caption":"Jeanette"},"sameAs":["https:\/\/www.eldiario.net\/portal"],"url":"https:\/\/www.eldiario.net\/portal\/author\/jeanette\/"}]}},"_links":{"self":[{"href":"https:\/\/www.eldiario.net\/portal\/wp-json\/wp\/v2\/posts\/181485","targetHints":{"allow":["GET"]}}],"collection":[{"href":"https:\/\/www.eldiario.net\/portal\/wp-json\/wp\/v2\/posts"}],"about":[{"href":"https:\/\/www.eldiario.net\/portal\/wp-json\/wp\/v2\/types\/post"}],"author":[{"embeddable":true,"href":"https:\/\/www.eldiario.net\/portal\/wp-json\/wp\/v2\/users\/1"}],"replies":[{"embeddable":true,"href":"https:\/\/www.eldiario.net\/portal\/wp-json\/wp\/v2\/comments?post=181485"}],"version-history":[{"count":0,"href":"https:\/\/www.eldiario.net\/portal\/wp-json\/wp\/v2\/posts\/181485\/revisions"}],"wp:featuredmedia":[{"embeddable":true,"href":"https:\/\/www.eldiario.net\/portal\/wp-json\/wp\/v2\/media\/181486"}],"wp:attachment":[{"href":"https:\/\/www.eldiario.net\/portal\/wp-json\/wp\/v2\/media?parent=181485"}],"wp:term":[{"taxonomy":"category","embeddable":true,"href":"https:\/\/www.eldiario.net\/portal\/wp-json\/wp\/v2\/categories?post=181485"},{"taxonomy":"post_tag","embeddable":true,"href":"https:\/\/www.eldiario.net\/portal\/wp-json\/wp\/v2\/tags?post=181485"}],"curies":[{"name":"wp","href":"https:\/\/api.w.org\/{rel}","templated":true}]}}