{"id":181478,"date":"2023-10-11T07:11:24","date_gmt":"2023-10-11T11:11:24","guid":{"rendered":"https:\/\/www.eldiario.net\/portal\/?p=181478"},"modified":"2023-10-11T07:11:24","modified_gmt":"2023-10-11T11:11:24","slug":"wara-conmemora-el-lanzamiento-de-su-album-inaugural-el-inca","status":"publish","type":"post","link":"https:\/\/www.eldiario.net\/portal\/2023\/10\/11\/wara-conmemora-el-lanzamiento-de-su-album-inaugural-el-inca\/","title":{"rendered":"Wara conmemora el lanzamiento  de su \u00e1lbum inaugural \u201cEl inca\u201d"},"content":{"rendered":"<p>Wara, la emblem\u00e1tica banda que est\u00e1 cumpliendo medio siglo de vida en la escena musical, invita al p\u00fablico a su pr\u00f3xima presentaci\u00f3n en el Teatro Municipal \u201cAlberto Saavedra P\u00e9rez\u201d.<\/p>\n<p>Con este evento especial, programado para el 12 y 13 de octubre, a las 19:00 horas, el reconocido grupo boliviano conmemorar\u00e1 el lanzamiento de su \u00e1lbum inaugural \u201cEl Inca I\u201d hace 50 a\u00f1os, y a su vez, anuncia el lanzamiento de su nuevo disco, tan esperado por la fanaticada de Wara, denominado &#8216;El Inca II&#8217;.<\/p>\n<p>En este encuentro hist\u00f3rico, se contar\u00e1 con la participaci\u00f3n de los maestros y fundadores de Wara, Pedro Sanjin\u00e9s y George Cronembold. \u201cEstas dos figuras legendarias de la m\u00fasica boliviana nos compartir\u00e1n su nueva propuesta musical. Pedro Sanjin\u00e9s, el genio compositor, nos llevar\u00e1 en un viaje musical a trav\u00e9s de las melod\u00edas que han marcado \u00e9pocas. George Cronembold, maestro que ha transmitido durante generaciones la esencia de la bater\u00eda y su estilo \u00fanico, tambi\u00e9n ser\u00e1 parte de esta experiencia \u00fanica\u201d, menciona la nota de prensa de Wara.<\/p>\n<p>El evento promete ser una experiencia musical aut\u00e9ntica y emocionante, marcada por la riqueza de la trayectoria de Wara. Sin extravagancias ni artificios, la banda se conectar\u00e1 con su audiencia a trav\u00e9s de la pureza de su m\u00fasica y las historias que han compartido durante d\u00e9cadas.<\/p>\n<p>Los integrantes del grupo son: George Cronembold (bater\u00eda), Pedro Sanjin\u00e9s (teclado), Boris M\u00e9ndez (voz), Gustavo Zelaya (bajo el\u00e9ctrico), Diego Fern\u00e1ndez (guitarra el\u00e9ctrica), Ren\u00e9 Alinas (charango), Mauricio Copa (guitarra ac\u00fastica), Luis Valda (quena y zampo\u00f1a) y Luc\u00eda Mart\u00ednez (voz).<\/p>\n<p>Boletos: Disponibles a trav\u00e9s de SuperTicket y para m\u00e1s informaci\u00f3n, llamar al n\u00famero de celular 61000180.<\/p>\n<div id='gallery-1' class='gallery galleryid-181478 gallery-columns-3 gallery-size-medium'><figure class='gallery-item'>\n\t\t\t<div class='gallery-icon landscape'>\n\t\t\t\t<a href='https:\/\/www.eldiario.net\/portal\/2023\/10\/11\/wara-conmemora-el-lanzamiento-de-su-album-inaugural-el-inca\/wara-1principal\/'><img loading=\"lazy\" decoding=\"async\" width=\"300\" height=\"147\" src=\"https:\/\/www.eldiario.net\/portal\/wp-content\/uploads\/2023\/10\/wara-1PRINCIPAL-300x147.jpg\" class=\"attachment-medium size-medium\" alt=\"\" srcset=\"https:\/\/www.eldiario.net\/portal\/wp-content\/uploads\/2023\/10\/wara-1PRINCIPAL-300x147.jpg 300w, https:\/\/www.eldiario.net\/portal\/wp-content\/uploads\/2023\/10\/wara-1PRINCIPAL-768x376.jpg 768w, https:\/\/www.eldiario.net\/portal\/wp-content\/uploads\/2023\/10\/wara-1PRINCIPAL-696x341.jpg 696w, https:\/\/www.eldiario.net\/portal\/wp-content\/uploads\/2023\/10\/wara-1PRINCIPAL.jpg 1000w\" sizes=\"auto, (max-width: 300px) 100vw, 300px\" \/><\/a>\n\t\t\t<\/div><\/figure><figure class='gallery-item'>\n\t\t\t<div class='gallery-icon portrait'>\n\t\t\t\t<a href='https:\/\/www.eldiario.net\/portal\/2023\/10\/11\/wara-conmemora-el-lanzamiento-de-su-album-inaugural-el-inca\/wara-2-2\/'><img loading=\"lazy\" decoding=\"async\" width=\"242\" height=\"300\" src=\"https:\/\/www.eldiario.net\/portal\/wp-content\/uploads\/2023\/10\/wara-2-242x300.jpg\" class=\"attachment-medium size-medium\" alt=\"\" srcset=\"https:\/\/www.eldiario.net\/portal\/wp-content\/uploads\/2023\/10\/wara-2-242x300.jpg 242w, https:\/\/www.eldiario.net\/portal\/wp-content\/uploads\/2023\/10\/wara-2-826x1024.jpg 826w, https:\/\/www.eldiario.net\/portal\/wp-content\/uploads\/2023\/10\/wara-2-768x952.jpg 768w, https:\/\/www.eldiario.net\/portal\/wp-content\/uploads\/2023\/10\/wara-2-324x400.jpg 324w, https:\/\/www.eldiario.net\/portal\/wp-content\/uploads\/2023\/10\/wara-2-696x863.jpg 696w, https:\/\/www.eldiario.net\/portal\/wp-content\/uploads\/2023\/10\/wara-2.jpg 1000w\" sizes=\"auto, (max-width: 242px) 100vw, 242px\" \/><\/a>\n\t\t\t<\/div><\/figure><figure class='gallery-item'>\n\t\t\t<div class='gallery-icon portrait'>\n\t\t\t\t<a href='https:\/\/www.eldiario.net\/portal\/2023\/10\/11\/wara-conmemora-el-lanzamiento-de-su-album-inaugural-el-inca\/wara-3\/'><img loading=\"lazy\" decoding=\"async\" width=\"249\" height=\"300\" src=\"https:\/\/www.eldiario.net\/portal\/wp-content\/uploads\/2023\/10\/wara-3-249x300.jpg\" class=\"attachment-medium size-medium\" alt=\"\" srcset=\"https:\/\/www.eldiario.net\/portal\/wp-content\/uploads\/2023\/10\/wara-3-249x300.jpg 249w, https:\/\/www.eldiario.net\/portal\/wp-content\/uploads\/2023\/10\/wara-3-849x1024.jpg 849w, https:\/\/www.eldiario.net\/portal\/wp-content\/uploads\/2023\/10\/wara-3-768x926.jpg 768w, https:\/\/www.eldiario.net\/portal\/wp-content\/uploads\/2023\/10\/wara-3-696x839.jpg 696w, https:\/\/www.eldiario.net\/portal\/wp-content\/uploads\/2023\/10\/wara-3.jpg 1000w\" sizes=\"auto, (max-width: 249px) 100vw, 249px\" \/><\/a>\n\t\t\t<\/div><\/figure>\n\t\t<\/div>\n\n","protected":false},"excerpt":{"rendered":"<p>Wara, la emblem\u00e1tica banda que est\u00e1 cumpliendo medio siglo de vida en la escena musical, invita al p\u00fablico a su pr\u00f3xima presentaci\u00f3n en el Teatro Municipal \u201cAlberto Saavedra P\u00e9rez\u201d. Con este evento especial, programado para el 12 y 13 de octubre, a las 19:00 horas, el reconocido grupo boliviano conmemorar\u00e1 el lanzamiento de su \u00e1lbum [&hellip;]<\/p>\n","protected":false},"author":1,"featured_media":181479,"comment_status":"closed","ping_status":"open","sticky":false,"template":"","format":"standard","meta":{"_acf_changed":false,"footnotes":""},"categories":[41],"tags":[],"class_list":["post-181478","post","type-post","status-publish","format-standard","has-post-thumbnail","category-la-guia"],"acf":{"antetitulo":""},"yoast_head":"<!-- This site is optimized with the Yoast SEO plugin v28.4 - https:\/\/yoast.com\/product\/yoast-seo-wordpress\/ -->\n<title>Wara conmemora el lanzamiento de su \u00e1lbum inaugural \u201cEl inca\u201d - El Diario - Bolivia<\/title>\n<meta name=\"robots\" content=\"index, follow, max-snippet:-1, max-image-preview:large, max-video-preview:-1\" \/>\n<link rel=\"canonical\" href=\"https:\/\/www.eldiario.net\/portal\/2023\/10\/11\/wara-conmemora-el-lanzamiento-de-su-album-inaugural-el-inca\/\" \/>\n<meta property=\"og:locale\" content=\"es_ES\" \/>\n<meta property=\"og:type\" content=\"article\" \/>\n<meta property=\"og:title\" content=\"Wara conmemora el lanzamiento de su \u00e1lbum inaugural \u201cEl inca\u201d - El Diario - Bolivia\" \/>\n<meta property=\"og:description\" content=\"Wara, la emblem\u00e1tica banda que est\u00e1 cumpliendo medio siglo de vida en la escena musical, invita al p\u00fablico a su pr\u00f3xima presentaci\u00f3n en el Teatro Municipal \u201cAlberto Saavedra P\u00e9rez\u201d. Con este evento especial, programado para el 12 y 13 de octubre, a las 19:00 horas, el reconocido grupo boliviano conmemorar\u00e1 el lanzamiento de su \u00e1lbum [&hellip;]\" \/>\n<meta property=\"og:url\" content=\"https:\/\/www.eldiario.net\/portal\/2023\/10\/11\/wara-conmemora-el-lanzamiento-de-su-album-inaugural-el-inca\/\" \/>\n<meta property=\"og:site_name\" content=\"El Diario - Bolivia\" \/>\n<meta property=\"article:publisher\" content=\"https:\/\/www.facebook.com\/eldiario.bolivia\/\" \/>\n<meta property=\"article:published_time\" content=\"2023-10-11T11:11:24+00:00\" \/>\n<meta property=\"og:image\" content=\"https:\/\/www.eldiario.net\/portal\/wp-content\/uploads\/2023\/10\/wara-1PRINCIPAL.jpg\" \/>\n\t<meta property=\"og:image:width\" content=\"1000\" \/>\n\t<meta property=\"og:image:height\" content=\"490\" \/>\n\t<meta property=\"og:image:type\" content=\"image\/jpeg\" \/>\n<meta name=\"author\" content=\"Jeanette\" \/>\n<meta name=\"twitter:card\" content=\"summary_large_image\" \/>\n<meta name=\"twitter:creator\" content=\"@eldiario_net\" \/>\n<meta name=\"twitter:site\" content=\"@eldiario_net\" \/>\n<meta name=\"twitter:label1\" content=\"Escrito por\" \/>\n\t<meta name=\"twitter:data1\" content=\"Jeanette\" \/>\n\t<meta name=\"twitter:label2\" content=\"Tiempo de lectura\" \/>\n\t<meta name=\"twitter:data2\" content=\"2 minutos\" \/>\n<script type=\"application\/ld+json\" class=\"yoast-schema-graph\">{\"@context\":\"https:\\\/\\\/schema.org\",\"@graph\":[{\"@type\":\"Article\",\"@id\":\"https:\\\/\\\/www.eldiario.net\\\/portal\\\/2023\\\/10\\\/11\\\/wara-conmemora-el-lanzamiento-de-su-album-inaugural-el-inca\\\/#article\",\"isPartOf\":{\"@id\":\"https:\\\/\\\/www.eldiario.net\\\/portal\\\/2023\\\/10\\\/11\\\/wara-conmemora-el-lanzamiento-de-su-album-inaugural-el-inca\\\/\"},\"author\":{\"name\":\"Jeanette\",\"@id\":\"https:\\\/\\\/www.eldiario.net\\\/portal\\\/#\\\/schema\\\/person\\\/f46445640444750d7d753ccd04ae01b7\"},\"headline\":\"Wara conmemora el lanzamiento de su \u00e1lbum inaugural \u201cEl inca\u201d\",\"datePublished\":\"2023-10-11T11:11:24+00:00\",\"mainEntityOfPage\":{\"@id\":\"https:\\\/\\\/www.eldiario.net\\\/portal\\\/2023\\\/10\\\/11\\\/wara-conmemora-el-lanzamiento-de-su-album-inaugural-el-inca\\\/\"},\"wordCount\":313,\"publisher\":{\"@id\":\"https:\\\/\\\/www.eldiario.net\\\/portal\\\/#organization\"},\"image\":{\"@id\":\"https:\\\/\\\/www.eldiario.net\\\/portal\\\/2023\\\/10\\\/11\\\/wara-conmemora-el-lanzamiento-de-su-album-inaugural-el-inca\\\/#primaryimage\"},\"thumbnailUrl\":\"https:\\\/\\\/www.eldiario.net\\\/portal\\\/wp-content\\\/uploads\\\/2023\\\/10\\\/wara-1PRINCIPAL.jpg\",\"articleSection\":[\"La Gu\u00eda\"],\"inLanguage\":\"es\"},{\"@type\":\"WebPage\",\"@id\":\"https:\\\/\\\/www.eldiario.net\\\/portal\\\/2023\\\/10\\\/11\\\/wara-conmemora-el-lanzamiento-de-su-album-inaugural-el-inca\\\/\",\"url\":\"https:\\\/\\\/www.eldiario.net\\\/portal\\\/2023\\\/10\\\/11\\\/wara-conmemora-el-lanzamiento-de-su-album-inaugural-el-inca\\\/\",\"name\":\"Wara conmemora el lanzamiento de su \u00e1lbum inaugural \u201cEl inca\u201d - El Diario - Bolivia\",\"isPartOf\":{\"@id\":\"https:\\\/\\\/www.eldiario.net\\\/portal\\\/#website\"},\"primaryImageOfPage\":{\"@id\":\"https:\\\/\\\/www.eldiario.net\\\/portal\\\/2023\\\/10\\\/11\\\/wara-conmemora-el-lanzamiento-de-su-album-inaugural-el-inca\\\/#primaryimage\"},\"image\":{\"@id\":\"https:\\\/\\\/www.eldiario.net\\\/portal\\\/2023\\\/10\\\/11\\\/wara-conmemora-el-lanzamiento-de-su-album-inaugural-el-inca\\\/#primaryimage\"},\"thumbnailUrl\":\"https:\\\/\\\/www.eldiario.net\\\/portal\\\/wp-content\\\/uploads\\\/2023\\\/10\\\/wara-1PRINCIPAL.jpg\",\"datePublished\":\"2023-10-11T11:11:24+00:00\",\"breadcrumb\":{\"@id\":\"https:\\\/\\\/www.eldiario.net\\\/portal\\\/2023\\\/10\\\/11\\\/wara-conmemora-el-lanzamiento-de-su-album-inaugural-el-inca\\\/#breadcrumb\"},\"inLanguage\":\"es\",\"potentialAction\":[{\"@type\":\"ReadAction\",\"target\":[\"https:\\\/\\\/www.eldiario.net\\\/portal\\\/2023\\\/10\\\/11\\\/wara-conmemora-el-lanzamiento-de-su-album-inaugural-el-inca\\\/\"]}]},{\"@type\":\"ImageObject\",\"inLanguage\":\"es\",\"@id\":\"https:\\\/\\\/www.eldiario.net\\\/portal\\\/2023\\\/10\\\/11\\\/wara-conmemora-el-lanzamiento-de-su-album-inaugural-el-inca\\\/#primaryimage\",\"url\":\"https:\\\/\\\/www.eldiario.net\\\/portal\\\/wp-content\\\/uploads\\\/2023\\\/10\\\/wara-1PRINCIPAL.jpg\",\"contentUrl\":\"https:\\\/\\\/www.eldiario.net\\\/portal\\\/wp-content\\\/uploads\\\/2023\\\/10\\\/wara-1PRINCIPAL.jpg\",\"width\":1000,\"height\":490},{\"@type\":\"BreadcrumbList\",\"@id\":\"https:\\\/\\\/www.eldiario.net\\\/portal\\\/2023\\\/10\\\/11\\\/wara-conmemora-el-lanzamiento-de-su-album-inaugural-el-inca\\\/#breadcrumb\",\"itemListElement\":[{\"@type\":\"ListItem\",\"position\":1,\"name\":\"Portada\",\"item\":\"https:\\\/\\\/www.eldiario.net\\\/portal\\\/\"},{\"@type\":\"ListItem\",\"position\":2,\"name\":\"Wara conmemora el lanzamiento de su \u00e1lbum inaugural \u201cEl inca\u201d\"}]},{\"@type\":\"WebSite\",\"@id\":\"https:\\\/\\\/www.eldiario.net\\\/portal\\\/#website\",\"url\":\"https:\\\/\\\/www.eldiario.net\\\/portal\\\/\",\"name\":\"El Diario - Decano de la prensa nacional\",\"description\":\"El Diario - Decano de la prensa nacional\",\"publisher\":{\"@id\":\"https:\\\/\\\/www.eldiario.net\\\/portal\\\/#organization\"},\"potentialAction\":[{\"@type\":\"SearchAction\",\"target\":{\"@type\":\"EntryPoint\",\"urlTemplate\":\"https:\\\/\\\/www.eldiario.net\\\/portal\\\/?s={search_term_string}\"},\"query-input\":{\"@type\":\"PropertyValueSpecification\",\"valueRequired\":true,\"valueName\":\"search_term_string\"}}],\"inLanguage\":\"es\"},{\"@type\":\"Organization\",\"@id\":\"https:\\\/\\\/www.eldiario.net\\\/portal\\\/#organization\",\"name\":\"El Diario - Decano de la prensa nacional\",\"url\":\"https:\\\/\\\/www.eldiario.net\\\/portal\\\/\",\"logo\":{\"@type\":\"ImageObject\",\"inLanguage\":\"es\",\"@id\":\"https:\\\/\\\/www.eldiario.net\\\/portal\\\/#\\\/schema\\\/logo\\\/image\\\/\",\"url\":\"https:\\\/\\\/www.eldiario.net\\\/portal\\\/wp-content\\\/uploads\\\/2023\\\/07\\\/logo_ED.jpg\",\"contentUrl\":\"https:\\\/\\\/www.eldiario.net\\\/portal\\\/wp-content\\\/uploads\\\/2023\\\/07\\\/logo_ED.jpg\",\"width\":272,\"height\":52,\"caption\":\"El Diario - Decano de la prensa nacional\"},\"image\":{\"@id\":\"https:\\\/\\\/www.eldiario.net\\\/portal\\\/#\\\/schema\\\/logo\\\/image\\\/\"},\"sameAs\":[\"https:\\\/\\\/www.facebook.com\\\/eldiario.bolivia\\\/\",\"https:\\\/\\\/x.com\\\/eldiario_net\"]},{\"@type\":\"Person\",\"@id\":\"https:\\\/\\\/www.eldiario.net\\\/portal\\\/#\\\/schema\\\/person\\\/f46445640444750d7d753ccd04ae01b7\",\"name\":\"Jeanette\",\"image\":{\"@type\":\"ImageObject\",\"inLanguage\":\"es\",\"@id\":\"https:\\\/\\\/secure.gravatar.com\\\/avatar\\\/3ea2118a5f7dad2b7138b1187a6b7ee55f160b9968b66013c3a3ef39dd7e5798?s=96&d=mm&r=g\",\"url\":\"https:\\\/\\\/secure.gravatar.com\\\/avatar\\\/3ea2118a5f7dad2b7138b1187a6b7ee55f160b9968b66013c3a3ef39dd7e5798?s=96&d=mm&r=g\",\"contentUrl\":\"https:\\\/\\\/secure.gravatar.com\\\/avatar\\\/3ea2118a5f7dad2b7138b1187a6b7ee55f160b9968b66013c3a3ef39dd7e5798?s=96&d=mm&r=g\",\"caption\":\"Jeanette\"},\"sameAs\":[\"https:\\\/\\\/www.eldiario.net\\\/portal\"],\"url\":\"https:\\\/\\\/www.eldiario.net\\\/portal\\\/author\\\/jeanette\\\/\"}]}<\/script>\n<!-- \/ Yoast SEO plugin. -->","yoast_head_json":{"title":"Wara conmemora el lanzamiento de su \u00e1lbum inaugural \u201cEl inca\u201d - El Diario - Bolivia","robots":{"index":"index","follow":"follow","max-snippet":"max-snippet:-1","max-image-preview":"max-image-preview:large","max-video-preview":"max-video-preview:-1"},"canonical":"https:\/\/www.eldiario.net\/portal\/2023\/10\/11\/wara-conmemora-el-lanzamiento-de-su-album-inaugural-el-inca\/","og_locale":"es_ES","og_type":"article","og_title":"Wara conmemora el lanzamiento de su \u00e1lbum inaugural \u201cEl inca\u201d - El Diario - Bolivia","og_description":"Wara, la emblem\u00e1tica banda que est\u00e1 cumpliendo medio siglo de vida en la escena musical, invita al p\u00fablico a su pr\u00f3xima presentaci\u00f3n en el Teatro Municipal \u201cAlberto Saavedra P\u00e9rez\u201d. Con este evento especial, programado para el 12 y 13 de octubre, a las 19:00 horas, el reconocido grupo boliviano conmemorar\u00e1 el lanzamiento de su \u00e1lbum [&hellip;]","og_url":"https:\/\/www.eldiario.net\/portal\/2023\/10\/11\/wara-conmemora-el-lanzamiento-de-su-album-inaugural-el-inca\/","og_site_name":"El Diario - Bolivia","article_publisher":"https:\/\/www.facebook.com\/eldiario.bolivia\/","article_published_time":"2023-10-11T11:11:24+00:00","og_image":[{"width":1000,"height":490,"url":"https:\/\/www.eldiario.net\/portal\/wp-content\/uploads\/2023\/10\/wara-1PRINCIPAL.jpg","type":"image\/jpeg"}],"author":"Jeanette","twitter_card":"summary_large_image","twitter_creator":"@eldiario_net","twitter_site":"@eldiario_net","twitter_misc":{"Escrito por":"Jeanette","Tiempo de lectura":"2 minutos"},"schema":{"@context":"https:\/\/schema.org","@graph":[{"@type":"Article","@id":"https:\/\/www.eldiario.net\/portal\/2023\/10\/11\/wara-conmemora-el-lanzamiento-de-su-album-inaugural-el-inca\/#article","isPartOf":{"@id":"https:\/\/www.eldiario.net\/portal\/2023\/10\/11\/wara-conmemora-el-lanzamiento-de-su-album-inaugural-el-inca\/"},"author":{"name":"Jeanette","@id":"https:\/\/www.eldiario.net\/portal\/#\/schema\/person\/f46445640444750d7d753ccd04ae01b7"},"headline":"Wara conmemora el lanzamiento de su \u00e1lbum inaugural \u201cEl inca\u201d","datePublished":"2023-10-11T11:11:24+00:00","mainEntityOfPage":{"@id":"https:\/\/www.eldiario.net\/portal\/2023\/10\/11\/wara-conmemora-el-lanzamiento-de-su-album-inaugural-el-inca\/"},"wordCount":313,"publisher":{"@id":"https:\/\/www.eldiario.net\/portal\/#organization"},"image":{"@id":"https:\/\/www.eldiario.net\/portal\/2023\/10\/11\/wara-conmemora-el-lanzamiento-de-su-album-inaugural-el-inca\/#primaryimage"},"thumbnailUrl":"https:\/\/www.eldiario.net\/portal\/wp-content\/uploads\/2023\/10\/wara-1PRINCIPAL.jpg","articleSection":["La Gu\u00eda"],"inLanguage":"es"},{"@type":"WebPage","@id":"https:\/\/www.eldiario.net\/portal\/2023\/10\/11\/wara-conmemora-el-lanzamiento-de-su-album-inaugural-el-inca\/","url":"https:\/\/www.eldiario.net\/portal\/2023\/10\/11\/wara-conmemora-el-lanzamiento-de-su-album-inaugural-el-inca\/","name":"Wara conmemora el lanzamiento de su \u00e1lbum inaugural \u201cEl inca\u201d - El Diario - Bolivia","isPartOf":{"@id":"https:\/\/www.eldiario.net\/portal\/#website"},"primaryImageOfPage":{"@id":"https:\/\/www.eldiario.net\/portal\/2023\/10\/11\/wara-conmemora-el-lanzamiento-de-su-album-inaugural-el-inca\/#primaryimage"},"image":{"@id":"https:\/\/www.eldiario.net\/portal\/2023\/10\/11\/wara-conmemora-el-lanzamiento-de-su-album-inaugural-el-inca\/#primaryimage"},"thumbnailUrl":"https:\/\/www.eldiario.net\/portal\/wp-content\/uploads\/2023\/10\/wara-1PRINCIPAL.jpg","datePublished":"2023-10-11T11:11:24+00:00","breadcrumb":{"@id":"https:\/\/www.eldiario.net\/portal\/2023\/10\/11\/wara-conmemora-el-lanzamiento-de-su-album-inaugural-el-inca\/#breadcrumb"},"inLanguage":"es","potentialAction":[{"@type":"ReadAction","target":["https:\/\/www.eldiario.net\/portal\/2023\/10\/11\/wara-conmemora-el-lanzamiento-de-su-album-inaugural-el-inca\/"]}]},{"@type":"ImageObject","inLanguage":"es","@id":"https:\/\/www.eldiario.net\/portal\/2023\/10\/11\/wara-conmemora-el-lanzamiento-de-su-album-inaugural-el-inca\/#primaryimage","url":"https:\/\/www.eldiario.net\/portal\/wp-content\/uploads\/2023\/10\/wara-1PRINCIPAL.jpg","contentUrl":"https:\/\/www.eldiario.net\/portal\/wp-content\/uploads\/2023\/10\/wara-1PRINCIPAL.jpg","width":1000,"height":490},{"@type":"BreadcrumbList","@id":"https:\/\/www.eldiario.net\/portal\/2023\/10\/11\/wara-conmemora-el-lanzamiento-de-su-album-inaugural-el-inca\/#breadcrumb","itemListElement":[{"@type":"ListItem","position":1,"name":"Portada","item":"https:\/\/www.eldiario.net\/portal\/"},{"@type":"ListItem","position":2,"name":"Wara conmemora el lanzamiento de su \u00e1lbum inaugural \u201cEl inca\u201d"}]},{"@type":"WebSite","@id":"https:\/\/www.eldiario.net\/portal\/#website","url":"https:\/\/www.eldiario.net\/portal\/","name":"El Diario - Decano de la prensa nacional","description":"El Diario - Decano de la prensa nacional","publisher":{"@id":"https:\/\/www.eldiario.net\/portal\/#organization"},"potentialAction":[{"@type":"SearchAction","target":{"@type":"EntryPoint","urlTemplate":"https:\/\/www.eldiario.net\/portal\/?s={search_term_string}"},"query-input":{"@type":"PropertyValueSpecification","valueRequired":true,"valueName":"search_term_string"}}],"inLanguage":"es"},{"@type":"Organization","@id":"https:\/\/www.eldiario.net\/portal\/#organization","name":"El Diario - Decano de la prensa nacional","url":"https:\/\/www.eldiario.net\/portal\/","logo":{"@type":"ImageObject","inLanguage":"es","@id":"https:\/\/www.eldiario.net\/portal\/#\/schema\/logo\/image\/","url":"https:\/\/www.eldiario.net\/portal\/wp-content\/uploads\/2023\/07\/logo_ED.jpg","contentUrl":"https:\/\/www.eldiario.net\/portal\/wp-content\/uploads\/2023\/07\/logo_ED.jpg","width":272,"height":52,"caption":"El Diario - Decano de la prensa nacional"},"image":{"@id":"https:\/\/www.eldiario.net\/portal\/#\/schema\/logo\/image\/"},"sameAs":["https:\/\/www.facebook.com\/eldiario.bolivia\/","https:\/\/x.com\/eldiario_net"]},{"@type":"Person","@id":"https:\/\/www.eldiario.net\/portal\/#\/schema\/person\/f46445640444750d7d753ccd04ae01b7","name":"Jeanette","image":{"@type":"ImageObject","inLanguage":"es","@id":"https:\/\/secure.gravatar.com\/avatar\/3ea2118a5f7dad2b7138b1187a6b7ee55f160b9968b66013c3a3ef39dd7e5798?s=96&d=mm&r=g","url":"https:\/\/secure.gravatar.com\/avatar\/3ea2118a5f7dad2b7138b1187a6b7ee55f160b9968b66013c3a3ef39dd7e5798?s=96&d=mm&r=g","contentUrl":"https:\/\/secure.gravatar.com\/avatar\/3ea2118a5f7dad2b7138b1187a6b7ee55f160b9968b66013c3a3ef39dd7e5798?s=96&d=mm&r=g","caption":"Jeanette"},"sameAs":["https:\/\/www.eldiario.net\/portal"],"url":"https:\/\/www.eldiario.net\/portal\/author\/jeanette\/"}]}},"_links":{"self":[{"href":"https:\/\/www.eldiario.net\/portal\/wp-json\/wp\/v2\/posts\/181478","targetHints":{"allow":["GET"]}}],"collection":[{"href":"https:\/\/www.eldiario.net\/portal\/wp-json\/wp\/v2\/posts"}],"about":[{"href":"https:\/\/www.eldiario.net\/portal\/wp-json\/wp\/v2\/types\/post"}],"author":[{"embeddable":true,"href":"https:\/\/www.eldiario.net\/portal\/wp-json\/wp\/v2\/users\/1"}],"replies":[{"embeddable":true,"href":"https:\/\/www.eldiario.net\/portal\/wp-json\/wp\/v2\/comments?post=181478"}],"version-history":[{"count":0,"href":"https:\/\/www.eldiario.net\/portal\/wp-json\/wp\/v2\/posts\/181478\/revisions"}],"wp:featuredmedia":[{"embeddable":true,"href":"https:\/\/www.eldiario.net\/portal\/wp-json\/wp\/v2\/media\/181479"}],"wp:attachment":[{"href":"https:\/\/www.eldiario.net\/portal\/wp-json\/wp\/v2\/media?parent=181478"}],"wp:term":[{"taxonomy":"category","embeddable":true,"href":"https:\/\/www.eldiario.net\/portal\/wp-json\/wp\/v2\/categories?post=181478"},{"taxonomy":"post_tag","embeddable":true,"href":"https:\/\/www.eldiario.net\/portal\/wp-json\/wp\/v2\/tags?post=181478"}],"curies":[{"name":"wp","href":"https:\/\/api.w.org\/{rel}","templated":true}]}}