{"id":181472,"date":"2023-10-11T07:09:09","date_gmt":"2023-10-11T11:09:09","guid":{"rendered":"https:\/\/www.eldiario.net\/portal\/?p=181472"},"modified":"2023-10-11T07:09:09","modified_gmt":"2023-10-11T11:09:09","slug":"relanzamiento-del-grupo-femenino-voces-morenas","status":"publish","type":"post","link":"https:\/\/www.eldiario.net\/portal\/2023\/10\/11\/relanzamiento-del-grupo-femenino-voces-morenas\/","title":{"rendered":"Relanzamiento del grupo femenino Voces Morenas"},"content":{"rendered":"<p>La agrupaci\u00f3n femenina <em>Voces Morenas<\/em> retorna a los escenarios despu\u00e9s de un per\u00edodo de investigaci\u00f3n, trabajo individual y renovaci\u00f3n dentro de la m\u00fasica folkl\u00f3rica nacional.<\/p>\n<p>Voces Morenas naci\u00f3 el 11 de octubre de 2001, fecha en que se recuerda el d\u00eda de la Mujer Boliviana, con el objetivo de seguir motivando a la juventud femenina a difundir y defender el folklore nacional. Asimismo, crear escuelas, formar nuevos valores, preservar nuestra identidad cultural y aportar al folklore con perseverancia y constancia en el campo musical.<\/p>\n<p>La directora de <em>Voces Morenas<\/em>, Roxana Piza Mancilla, decidi\u00f3 refundar y relanzar al grupo femenino \u201ccon una nueva filosof\u00eda, estilo e imagen dentro del folklore boliviano sobre la base de la primera voz Rossana Mar\u00edn e invitando a varias artistas de gran trayectoria, con inquietudes afines para continuar juntas la experiencia musical lograda, con una nueva propuesta, respetando y considerando las actividades profesionales que desempe\u00f1an cada una de las integrantes\u201d.<\/p>\n<p>\u201cMe complace anunciar el renacimiento de nuestra agrupaci\u00f3n musical <em>Voces Morenas<\/em>, que ahora est\u00e1 de vuelta y lista para deslumbrar a nuestro p\u00fablico con el talento incomparable y la energ\u00eda inquebrantable de cada una de las integrantes. La espera ha terminado, estamos listas para encender los escenarios una vez m\u00e1s, tras un per\u00edodo de descanso que permiti\u00f3 a las integrantes explorar nuevos horizontes y embarcarse en proyectos individuales, decidiendo unirnos nuevamente para traer la magia de su m\u00fasica a nuestros leales seguidores y a un p\u00fablico completamente nuevo\u201d, dijo Piza.<\/p>\n<p>\u201cHemos estado trabajando arduamente en nuevas canciones y tambi\u00e9n trayendo de vuelta algunas obras musicales que marcaron \u00e9xitos, como \u201cEl amor equivocado\u201d, \u201cN\u00e9ctar de verano\u201d, \u201cTesoro m\u00edo\u201d (m\u00e1s conocido como <em>el Duraznero<\/em>), cuecas tradicionales, cullawadas, tobas, entre otras; y lo que est\u00e1 por venir, dos sencillos, que titulan \u00abVida\u201d (ritmo de chuntunqui) y \u201cT\u00fa te lo pierdes\u201d (Morenada)\u201d, agreg\u00f3.<\/p>\n<p><em>Voces Morenas<\/em> cuenta con cuatro \u00e1lbumes grabados en Discolandia: \u201cSiete corazones unidos\u201d, \u201cNunca me dejes, nunca me olvides\u201d, \u201cLanza tus sue\u00f1os al amor\u201d y \u201cSonr\u00ede\u201d, adem\u00e1s de giras realizadas por Bolivia, M\u00e9xico, Argentina, Per\u00fa y Chile.<\/p>\n<p>Las integrantes del grupo son: Blanca Piza (guitarra), Rossana Mar\u00edn (primera voz), Roc\u00edo Mamani (charango), Ximena Camargo (vientos I), Karen Espejo (vientos II), Yolanda Villalobos (bajo electr\u00f3nico) y Guadalupe S\u00e1nchez (bater\u00eda).<\/p>\n<p><strong>CONTACTOS:<\/strong><\/p>\n<p>Cel.: 77215244 &#8211; 78801516<\/p>\n<p>Correo Electr\u00f3nico: grupovocesmorenas2023@gmail.com<\/p>\n<p>Facebook, Instagram, Tik Tok \u2013 Grupo Voces Morenas 2023<\/p>\n<div id='gallery-1' class='gallery galleryid-181472 gallery-columns-3 gallery-size-medium'><figure class='gallery-item'>\n\t\t\t<div class='gallery-icon landscape'>\n\t\t\t\t<a href='https:\/\/www.eldiario.net\/portal\/2023\/10\/11\/relanzamiento-del-grupo-femenino-voces-morenas\/voces-1\/'><img loading=\"lazy\" decoding=\"async\" width=\"300\" height=\"150\" src=\"https:\/\/www.eldiario.net\/portal\/wp-content\/uploads\/2023\/10\/voces-1-300x150.jpeg\" class=\"attachment-medium size-medium\" alt=\"\" srcset=\"https:\/\/www.eldiario.net\/portal\/wp-content\/uploads\/2023\/10\/voces-1-300x150.jpeg 300w, https:\/\/www.eldiario.net\/portal\/wp-content\/uploads\/2023\/10\/voces-1-1024x512.jpeg 1024w, https:\/\/www.eldiario.net\/portal\/wp-content\/uploads\/2023\/10\/voces-1-768x384.jpeg 768w, https:\/\/www.eldiario.net\/portal\/wp-content\/uploads\/2023\/10\/voces-1-1536x768.jpeg 1536w, https:\/\/www.eldiario.net\/portal\/wp-content\/uploads\/2023\/10\/voces-1-696x348.jpeg 696w, https:\/\/www.eldiario.net\/portal\/wp-content\/uploads\/2023\/10\/voces-1-1068x534.jpeg 1068w, https:\/\/www.eldiario.net\/portal\/wp-content\/uploads\/2023\/10\/voces-1.jpeg 1600w\" sizes=\"auto, (max-width: 300px) 100vw, 300px\" \/><\/a>\n\t\t\t<\/div><\/figure><figure class='gallery-item'>\n\t\t\t<div class='gallery-icon landscape'>\n\t\t\t\t<a href='https:\/\/www.eldiario.net\/portal\/2023\/10\/11\/relanzamiento-del-grupo-femenino-voces-morenas\/voces-2-2\/'><img loading=\"lazy\" decoding=\"async\" width=\"300\" height=\"150\" src=\"https:\/\/www.eldiario.net\/portal\/wp-content\/uploads\/2023\/10\/voces-2-300x150.jpeg\" class=\"attachment-medium size-medium\" alt=\"\" srcset=\"https:\/\/www.eldiario.net\/portal\/wp-content\/uploads\/2023\/10\/voces-2-300x150.jpeg 300w, https:\/\/www.eldiario.net\/portal\/wp-content\/uploads\/2023\/10\/voces-2-1024x512.jpeg 1024w, https:\/\/www.eldiario.net\/portal\/wp-content\/uploads\/2023\/10\/voces-2-768x384.jpeg 768w, https:\/\/www.eldiario.net\/portal\/wp-content\/uploads\/2023\/10\/voces-2-1536x768.jpeg 1536w, https:\/\/www.eldiario.net\/portal\/wp-content\/uploads\/2023\/10\/voces-2-696x348.jpeg 696w, https:\/\/www.eldiario.net\/portal\/wp-content\/uploads\/2023\/10\/voces-2-1068x534.jpeg 1068w, https:\/\/www.eldiario.net\/portal\/wp-content\/uploads\/2023\/10\/voces-2.jpeg 1600w\" sizes=\"auto, (max-width: 300px) 100vw, 300px\" \/><\/a>\n\t\t\t<\/div><\/figure><figure class='gallery-item'>\n\t\t\t<div class='gallery-icon landscape'>\n\t\t\t\t<a href='https:\/\/www.eldiario.net\/portal\/2023\/10\/11\/relanzamiento-del-grupo-femenino-voces-morenas\/voces-3-2\/'><img loading=\"lazy\" decoding=\"async\" width=\"300\" height=\"300\" src=\"https:\/\/www.eldiario.net\/portal\/wp-content\/uploads\/2023\/10\/voces-3-300x300.jpeg\" class=\"attachment-medium size-medium\" alt=\"\" srcset=\"https:\/\/www.eldiario.net\/portal\/wp-content\/uploads\/2023\/10\/voces-3-300x300.jpeg 300w, https:\/\/www.eldiario.net\/portal\/wp-content\/uploads\/2023\/10\/voces-3-1024x1024.jpeg 1024w, https:\/\/www.eldiario.net\/portal\/wp-content\/uploads\/2023\/10\/voces-3-150x150.jpeg 150w, https:\/\/www.eldiario.net\/portal\/wp-content\/uploads\/2023\/10\/voces-3-768x768.jpeg 768w, https:\/\/www.eldiario.net\/portal\/wp-content\/uploads\/2023\/10\/voces-3-1536x1536.jpeg 1536w, https:\/\/www.eldiario.net\/portal\/wp-content\/uploads\/2023\/10\/voces-3-696x696.jpeg 696w, https:\/\/www.eldiario.net\/portal\/wp-content\/uploads\/2023\/10\/voces-3-1068x1068.jpeg 1068w, https:\/\/www.eldiario.net\/portal\/wp-content\/uploads\/2023\/10\/voces-3.jpeg 1600w\" sizes=\"auto, (max-width: 300px) 100vw, 300px\" \/><\/a>\n\t\t\t<\/div><\/figure><figure class='gallery-item'>\n\t\t\t<div class='gallery-icon portrait'>\n\t\t\t\t<a href='https:\/\/www.eldiario.net\/portal\/2023\/10\/11\/relanzamiento-del-grupo-femenino-voces-morenas\/voces-4-2\/'><img loading=\"lazy\" decoding=\"async\" width=\"200\" height=\"300\" src=\"https:\/\/www.eldiario.net\/portal\/wp-content\/uploads\/2023\/10\/voces-4-200x300.jpeg\" class=\"attachment-medium size-medium\" alt=\"\" srcset=\"https:\/\/www.eldiario.net\/portal\/wp-content\/uploads\/2023\/10\/voces-4-200x300.jpeg 200w, https:\/\/www.eldiario.net\/portal\/wp-content\/uploads\/2023\/10\/voces-4-682x1024.jpeg 682w, https:\/\/www.eldiario.net\/portal\/wp-content\/uploads\/2023\/10\/voces-4-768x1153.jpeg 768w, https:\/\/www.eldiario.net\/portal\/wp-content\/uploads\/2023\/10\/voces-4-1023x1536.jpeg 1023w, https:\/\/www.eldiario.net\/portal\/wp-content\/uploads\/2023\/10\/voces-4-696x1045.jpeg 696w, https:\/\/www.eldiario.net\/portal\/wp-content\/uploads\/2023\/10\/voces-4.jpeg 1066w\" sizes=\"auto, (max-width: 200px) 100vw, 200px\" \/><\/a>\n\t\t\t<\/div><\/figure>\n\t\t<\/div>\n\n","protected":false},"excerpt":{"rendered":"<p>La agrupaci\u00f3n femenina Voces Morenas retorna a los escenarios despu\u00e9s de un per\u00edodo de investigaci\u00f3n, trabajo individual y renovaci\u00f3n dentro de la m\u00fasica folkl\u00f3rica nacional. Voces Morenas naci\u00f3 el 11 de octubre de 2001, fecha en que se recuerda el d\u00eda de la Mujer Boliviana, con el objetivo de seguir motivando a la juventud femenina [&hellip;]<\/p>\n","protected":false},"author":1,"featured_media":181473,"comment_status":"closed","ping_status":"open","sticky":false,"template":"","format":"standard","meta":{"_acf_changed":false,"footnotes":""},"categories":[41],"tags":[],"class_list":["post-181472","post","type-post","status-publish","format-standard","has-post-thumbnail","category-la-guia"],"acf":{"antetitulo":""},"yoast_head":"<!-- This site is optimized with the Yoast SEO plugin v28.4 - https:\/\/yoast.com\/product\/yoast-seo-wordpress\/ -->\n<title>Relanzamiento del grupo femenino Voces Morenas - El Diario - Bolivia<\/title>\n<meta name=\"robots\" content=\"index, follow, max-snippet:-1, max-image-preview:large, max-video-preview:-1\" \/>\n<link rel=\"canonical\" href=\"https:\/\/www.eldiario.net\/portal\/2023\/10\/11\/relanzamiento-del-grupo-femenino-voces-morenas\/\" \/>\n<meta property=\"og:locale\" content=\"es_ES\" \/>\n<meta property=\"og:type\" content=\"article\" \/>\n<meta property=\"og:title\" content=\"Relanzamiento del grupo femenino Voces Morenas - El Diario - Bolivia\" \/>\n<meta property=\"og:description\" content=\"La agrupaci\u00f3n femenina Voces Morenas retorna a los escenarios despu\u00e9s de un per\u00edodo de investigaci\u00f3n, trabajo individual y renovaci\u00f3n dentro de la m\u00fasica folkl\u00f3rica nacional. Voces Morenas naci\u00f3 el 11 de octubre de 2001, fecha en que se recuerda el d\u00eda de la Mujer Boliviana, con el objetivo de seguir motivando a la juventud femenina [&hellip;]\" \/>\n<meta property=\"og:url\" content=\"https:\/\/www.eldiario.net\/portal\/2023\/10\/11\/relanzamiento-del-grupo-femenino-voces-morenas\/\" \/>\n<meta property=\"og:site_name\" content=\"El Diario - Bolivia\" \/>\n<meta property=\"article:publisher\" content=\"https:\/\/www.facebook.com\/eldiario.bolivia\/\" \/>\n<meta property=\"article:published_time\" content=\"2023-10-11T11:09:09+00:00\" \/>\n<meta property=\"og:image\" content=\"https:\/\/www.eldiario.net\/portal\/wp-content\/uploads\/2023\/10\/voces-1.jpeg\" \/>\n\t<meta property=\"og:image:width\" content=\"1600\" \/>\n\t<meta property=\"og:image:height\" content=\"800\" \/>\n\t<meta property=\"og:image:type\" content=\"image\/jpeg\" \/>\n<meta name=\"author\" content=\"Jeanette\" \/>\n<meta name=\"twitter:card\" content=\"summary_large_image\" \/>\n<meta name=\"twitter:creator\" content=\"@eldiario_net\" \/>\n<meta name=\"twitter:site\" content=\"@eldiario_net\" \/>\n<meta name=\"twitter:label1\" content=\"Escrito por\" \/>\n\t<meta name=\"twitter:data1\" content=\"Jeanette\" \/>\n\t<meta name=\"twitter:label2\" content=\"Tiempo de lectura\" \/>\n\t<meta name=\"twitter:data2\" content=\"2 minutos\" \/>\n<script type=\"application\/ld+json\" class=\"yoast-schema-graph\">{\"@context\":\"https:\\\/\\\/schema.org\",\"@graph\":[{\"@type\":\"Article\",\"@id\":\"https:\\\/\\\/www.eldiario.net\\\/portal\\\/2023\\\/10\\\/11\\\/relanzamiento-del-grupo-femenino-voces-morenas\\\/#article\",\"isPartOf\":{\"@id\":\"https:\\\/\\\/www.eldiario.net\\\/portal\\\/2023\\\/10\\\/11\\\/relanzamiento-del-grupo-femenino-voces-morenas\\\/\"},\"author\":{\"name\":\"Jeanette\",\"@id\":\"https:\\\/\\\/www.eldiario.net\\\/portal\\\/#\\\/schema\\\/person\\\/f46445640444750d7d753ccd04ae01b7\"},\"headline\":\"Relanzamiento del grupo femenino Voces Morenas\",\"datePublished\":\"2023-10-11T11:09:09+00:00\",\"mainEntityOfPage\":{\"@id\":\"https:\\\/\\\/www.eldiario.net\\\/portal\\\/2023\\\/10\\\/11\\\/relanzamiento-del-grupo-femenino-voces-morenas\\\/\"},\"wordCount\":425,\"publisher\":{\"@id\":\"https:\\\/\\\/www.eldiario.net\\\/portal\\\/#organization\"},\"image\":{\"@id\":\"https:\\\/\\\/www.eldiario.net\\\/portal\\\/2023\\\/10\\\/11\\\/relanzamiento-del-grupo-femenino-voces-morenas\\\/#primaryimage\"},\"thumbnailUrl\":\"https:\\\/\\\/www.eldiario.net\\\/portal\\\/wp-content\\\/uploads\\\/2023\\\/10\\\/voces-1.jpeg\",\"articleSection\":[\"La Gu\u00eda\"],\"inLanguage\":\"es\"},{\"@type\":\"WebPage\",\"@id\":\"https:\\\/\\\/www.eldiario.net\\\/portal\\\/2023\\\/10\\\/11\\\/relanzamiento-del-grupo-femenino-voces-morenas\\\/\",\"url\":\"https:\\\/\\\/www.eldiario.net\\\/portal\\\/2023\\\/10\\\/11\\\/relanzamiento-del-grupo-femenino-voces-morenas\\\/\",\"name\":\"Relanzamiento del grupo femenino Voces Morenas - El Diario - Bolivia\",\"isPartOf\":{\"@id\":\"https:\\\/\\\/www.eldiario.net\\\/portal\\\/#website\"},\"primaryImageOfPage\":{\"@id\":\"https:\\\/\\\/www.eldiario.net\\\/portal\\\/2023\\\/10\\\/11\\\/relanzamiento-del-grupo-femenino-voces-morenas\\\/#primaryimage\"},\"image\":{\"@id\":\"https:\\\/\\\/www.eldiario.net\\\/portal\\\/2023\\\/10\\\/11\\\/relanzamiento-del-grupo-femenino-voces-morenas\\\/#primaryimage\"},\"thumbnailUrl\":\"https:\\\/\\\/www.eldiario.net\\\/portal\\\/wp-content\\\/uploads\\\/2023\\\/10\\\/voces-1.jpeg\",\"datePublished\":\"2023-10-11T11:09:09+00:00\",\"breadcrumb\":{\"@id\":\"https:\\\/\\\/www.eldiario.net\\\/portal\\\/2023\\\/10\\\/11\\\/relanzamiento-del-grupo-femenino-voces-morenas\\\/#breadcrumb\"},\"inLanguage\":\"es\",\"potentialAction\":[{\"@type\":\"ReadAction\",\"target\":[\"https:\\\/\\\/www.eldiario.net\\\/portal\\\/2023\\\/10\\\/11\\\/relanzamiento-del-grupo-femenino-voces-morenas\\\/\"]}]},{\"@type\":\"ImageObject\",\"inLanguage\":\"es\",\"@id\":\"https:\\\/\\\/www.eldiario.net\\\/portal\\\/2023\\\/10\\\/11\\\/relanzamiento-del-grupo-femenino-voces-morenas\\\/#primaryimage\",\"url\":\"https:\\\/\\\/www.eldiario.net\\\/portal\\\/wp-content\\\/uploads\\\/2023\\\/10\\\/voces-1.jpeg\",\"contentUrl\":\"https:\\\/\\\/www.eldiario.net\\\/portal\\\/wp-content\\\/uploads\\\/2023\\\/10\\\/voces-1.jpeg\",\"width\":1600,\"height\":800},{\"@type\":\"BreadcrumbList\",\"@id\":\"https:\\\/\\\/www.eldiario.net\\\/portal\\\/2023\\\/10\\\/11\\\/relanzamiento-del-grupo-femenino-voces-morenas\\\/#breadcrumb\",\"itemListElement\":[{\"@type\":\"ListItem\",\"position\":1,\"name\":\"Portada\",\"item\":\"https:\\\/\\\/www.eldiario.net\\\/portal\\\/\"},{\"@type\":\"ListItem\",\"position\":2,\"name\":\"Relanzamiento del grupo femenino Voces Morenas\"}]},{\"@type\":\"WebSite\",\"@id\":\"https:\\\/\\\/www.eldiario.net\\\/portal\\\/#website\",\"url\":\"https:\\\/\\\/www.eldiario.net\\\/portal\\\/\",\"name\":\"El Diario - Decano de la prensa nacional\",\"description\":\"El Diario - Decano de la prensa nacional\",\"publisher\":{\"@id\":\"https:\\\/\\\/www.eldiario.net\\\/portal\\\/#organization\"},\"potentialAction\":[{\"@type\":\"SearchAction\",\"target\":{\"@type\":\"EntryPoint\",\"urlTemplate\":\"https:\\\/\\\/www.eldiario.net\\\/portal\\\/?s={search_term_string}\"},\"query-input\":{\"@type\":\"PropertyValueSpecification\",\"valueRequired\":true,\"valueName\":\"search_term_string\"}}],\"inLanguage\":\"es\"},{\"@type\":\"Organization\",\"@id\":\"https:\\\/\\\/www.eldiario.net\\\/portal\\\/#organization\",\"name\":\"El Diario - Decano de la prensa nacional\",\"url\":\"https:\\\/\\\/www.eldiario.net\\\/portal\\\/\",\"logo\":{\"@type\":\"ImageObject\",\"inLanguage\":\"es\",\"@id\":\"https:\\\/\\\/www.eldiario.net\\\/portal\\\/#\\\/schema\\\/logo\\\/image\\\/\",\"url\":\"https:\\\/\\\/www.eldiario.net\\\/portal\\\/wp-content\\\/uploads\\\/2023\\\/07\\\/logo_ED.jpg\",\"contentUrl\":\"https:\\\/\\\/www.eldiario.net\\\/portal\\\/wp-content\\\/uploads\\\/2023\\\/07\\\/logo_ED.jpg\",\"width\":272,\"height\":52,\"caption\":\"El Diario - Decano de la prensa nacional\"},\"image\":{\"@id\":\"https:\\\/\\\/www.eldiario.net\\\/portal\\\/#\\\/schema\\\/logo\\\/image\\\/\"},\"sameAs\":[\"https:\\\/\\\/www.facebook.com\\\/eldiario.bolivia\\\/\",\"https:\\\/\\\/x.com\\\/eldiario_net\"]},{\"@type\":\"Person\",\"@id\":\"https:\\\/\\\/www.eldiario.net\\\/portal\\\/#\\\/schema\\\/person\\\/f46445640444750d7d753ccd04ae01b7\",\"name\":\"Jeanette\",\"image\":{\"@type\":\"ImageObject\",\"inLanguage\":\"es\",\"@id\":\"https:\\\/\\\/secure.gravatar.com\\\/avatar\\\/3ea2118a5f7dad2b7138b1187a6b7ee55f160b9968b66013c3a3ef39dd7e5798?s=96&d=mm&r=g\",\"url\":\"https:\\\/\\\/secure.gravatar.com\\\/avatar\\\/3ea2118a5f7dad2b7138b1187a6b7ee55f160b9968b66013c3a3ef39dd7e5798?s=96&d=mm&r=g\",\"contentUrl\":\"https:\\\/\\\/secure.gravatar.com\\\/avatar\\\/3ea2118a5f7dad2b7138b1187a6b7ee55f160b9968b66013c3a3ef39dd7e5798?s=96&d=mm&r=g\",\"caption\":\"Jeanette\"},\"sameAs\":[\"https:\\\/\\\/www.eldiario.net\\\/portal\"],\"url\":\"https:\\\/\\\/www.eldiario.net\\\/portal\\\/author\\\/jeanette\\\/\"}]}<\/script>\n<!-- \/ Yoast SEO plugin. -->","yoast_head_json":{"title":"Relanzamiento del grupo femenino Voces Morenas - El Diario - Bolivia","robots":{"index":"index","follow":"follow","max-snippet":"max-snippet:-1","max-image-preview":"max-image-preview:large","max-video-preview":"max-video-preview:-1"},"canonical":"https:\/\/www.eldiario.net\/portal\/2023\/10\/11\/relanzamiento-del-grupo-femenino-voces-morenas\/","og_locale":"es_ES","og_type":"article","og_title":"Relanzamiento del grupo femenino Voces Morenas - El Diario - Bolivia","og_description":"La agrupaci\u00f3n femenina Voces Morenas retorna a los escenarios despu\u00e9s de un per\u00edodo de investigaci\u00f3n, trabajo individual y renovaci\u00f3n dentro de la m\u00fasica folkl\u00f3rica nacional. Voces Morenas naci\u00f3 el 11 de octubre de 2001, fecha en que se recuerda el d\u00eda de la Mujer Boliviana, con el objetivo de seguir motivando a la juventud femenina [&hellip;]","og_url":"https:\/\/www.eldiario.net\/portal\/2023\/10\/11\/relanzamiento-del-grupo-femenino-voces-morenas\/","og_site_name":"El Diario - Bolivia","article_publisher":"https:\/\/www.facebook.com\/eldiario.bolivia\/","article_published_time":"2023-10-11T11:09:09+00:00","og_image":[{"width":1600,"height":800,"url":"https:\/\/www.eldiario.net\/portal\/wp-content\/uploads\/2023\/10\/voces-1.jpeg","type":"image\/jpeg"}],"author":"Jeanette","twitter_card":"summary_large_image","twitter_creator":"@eldiario_net","twitter_site":"@eldiario_net","twitter_misc":{"Escrito por":"Jeanette","Tiempo de lectura":"2 minutos"},"schema":{"@context":"https:\/\/schema.org","@graph":[{"@type":"Article","@id":"https:\/\/www.eldiario.net\/portal\/2023\/10\/11\/relanzamiento-del-grupo-femenino-voces-morenas\/#article","isPartOf":{"@id":"https:\/\/www.eldiario.net\/portal\/2023\/10\/11\/relanzamiento-del-grupo-femenino-voces-morenas\/"},"author":{"name":"Jeanette","@id":"https:\/\/www.eldiario.net\/portal\/#\/schema\/person\/f46445640444750d7d753ccd04ae01b7"},"headline":"Relanzamiento del grupo femenino Voces Morenas","datePublished":"2023-10-11T11:09:09+00:00","mainEntityOfPage":{"@id":"https:\/\/www.eldiario.net\/portal\/2023\/10\/11\/relanzamiento-del-grupo-femenino-voces-morenas\/"},"wordCount":425,"publisher":{"@id":"https:\/\/www.eldiario.net\/portal\/#organization"},"image":{"@id":"https:\/\/www.eldiario.net\/portal\/2023\/10\/11\/relanzamiento-del-grupo-femenino-voces-morenas\/#primaryimage"},"thumbnailUrl":"https:\/\/www.eldiario.net\/portal\/wp-content\/uploads\/2023\/10\/voces-1.jpeg","articleSection":["La Gu\u00eda"],"inLanguage":"es"},{"@type":"WebPage","@id":"https:\/\/www.eldiario.net\/portal\/2023\/10\/11\/relanzamiento-del-grupo-femenino-voces-morenas\/","url":"https:\/\/www.eldiario.net\/portal\/2023\/10\/11\/relanzamiento-del-grupo-femenino-voces-morenas\/","name":"Relanzamiento del grupo femenino Voces Morenas - El Diario - Bolivia","isPartOf":{"@id":"https:\/\/www.eldiario.net\/portal\/#website"},"primaryImageOfPage":{"@id":"https:\/\/www.eldiario.net\/portal\/2023\/10\/11\/relanzamiento-del-grupo-femenino-voces-morenas\/#primaryimage"},"image":{"@id":"https:\/\/www.eldiario.net\/portal\/2023\/10\/11\/relanzamiento-del-grupo-femenino-voces-morenas\/#primaryimage"},"thumbnailUrl":"https:\/\/www.eldiario.net\/portal\/wp-content\/uploads\/2023\/10\/voces-1.jpeg","datePublished":"2023-10-11T11:09:09+00:00","breadcrumb":{"@id":"https:\/\/www.eldiario.net\/portal\/2023\/10\/11\/relanzamiento-del-grupo-femenino-voces-morenas\/#breadcrumb"},"inLanguage":"es","potentialAction":[{"@type":"ReadAction","target":["https:\/\/www.eldiario.net\/portal\/2023\/10\/11\/relanzamiento-del-grupo-femenino-voces-morenas\/"]}]},{"@type":"ImageObject","inLanguage":"es","@id":"https:\/\/www.eldiario.net\/portal\/2023\/10\/11\/relanzamiento-del-grupo-femenino-voces-morenas\/#primaryimage","url":"https:\/\/www.eldiario.net\/portal\/wp-content\/uploads\/2023\/10\/voces-1.jpeg","contentUrl":"https:\/\/www.eldiario.net\/portal\/wp-content\/uploads\/2023\/10\/voces-1.jpeg","width":1600,"height":800},{"@type":"BreadcrumbList","@id":"https:\/\/www.eldiario.net\/portal\/2023\/10\/11\/relanzamiento-del-grupo-femenino-voces-morenas\/#breadcrumb","itemListElement":[{"@type":"ListItem","position":1,"name":"Portada","item":"https:\/\/www.eldiario.net\/portal\/"},{"@type":"ListItem","position":2,"name":"Relanzamiento del grupo femenino Voces Morenas"}]},{"@type":"WebSite","@id":"https:\/\/www.eldiario.net\/portal\/#website","url":"https:\/\/www.eldiario.net\/portal\/","name":"El Diario - Decano de la prensa nacional","description":"El Diario - Decano de la prensa nacional","publisher":{"@id":"https:\/\/www.eldiario.net\/portal\/#organization"},"potentialAction":[{"@type":"SearchAction","target":{"@type":"EntryPoint","urlTemplate":"https:\/\/www.eldiario.net\/portal\/?s={search_term_string}"},"query-input":{"@type":"PropertyValueSpecification","valueRequired":true,"valueName":"search_term_string"}}],"inLanguage":"es"},{"@type":"Organization","@id":"https:\/\/www.eldiario.net\/portal\/#organization","name":"El Diario - Decano de la prensa nacional","url":"https:\/\/www.eldiario.net\/portal\/","logo":{"@type":"ImageObject","inLanguage":"es","@id":"https:\/\/www.eldiario.net\/portal\/#\/schema\/logo\/image\/","url":"https:\/\/www.eldiario.net\/portal\/wp-content\/uploads\/2023\/07\/logo_ED.jpg","contentUrl":"https:\/\/www.eldiario.net\/portal\/wp-content\/uploads\/2023\/07\/logo_ED.jpg","width":272,"height":52,"caption":"El Diario - Decano de la prensa nacional"},"image":{"@id":"https:\/\/www.eldiario.net\/portal\/#\/schema\/logo\/image\/"},"sameAs":["https:\/\/www.facebook.com\/eldiario.bolivia\/","https:\/\/x.com\/eldiario_net"]},{"@type":"Person","@id":"https:\/\/www.eldiario.net\/portal\/#\/schema\/person\/f46445640444750d7d753ccd04ae01b7","name":"Jeanette","image":{"@type":"ImageObject","inLanguage":"es","@id":"https:\/\/secure.gravatar.com\/avatar\/3ea2118a5f7dad2b7138b1187a6b7ee55f160b9968b66013c3a3ef39dd7e5798?s=96&d=mm&r=g","url":"https:\/\/secure.gravatar.com\/avatar\/3ea2118a5f7dad2b7138b1187a6b7ee55f160b9968b66013c3a3ef39dd7e5798?s=96&d=mm&r=g","contentUrl":"https:\/\/secure.gravatar.com\/avatar\/3ea2118a5f7dad2b7138b1187a6b7ee55f160b9968b66013c3a3ef39dd7e5798?s=96&d=mm&r=g","caption":"Jeanette"},"sameAs":["https:\/\/www.eldiario.net\/portal"],"url":"https:\/\/www.eldiario.net\/portal\/author\/jeanette\/"}]}},"_links":{"self":[{"href":"https:\/\/www.eldiario.net\/portal\/wp-json\/wp\/v2\/posts\/181472","targetHints":{"allow":["GET"]}}],"collection":[{"href":"https:\/\/www.eldiario.net\/portal\/wp-json\/wp\/v2\/posts"}],"about":[{"href":"https:\/\/www.eldiario.net\/portal\/wp-json\/wp\/v2\/types\/post"}],"author":[{"embeddable":true,"href":"https:\/\/www.eldiario.net\/portal\/wp-json\/wp\/v2\/users\/1"}],"replies":[{"embeddable":true,"href":"https:\/\/www.eldiario.net\/portal\/wp-json\/wp\/v2\/comments?post=181472"}],"version-history":[{"count":0,"href":"https:\/\/www.eldiario.net\/portal\/wp-json\/wp\/v2\/posts\/181472\/revisions"}],"wp:featuredmedia":[{"embeddable":true,"href":"https:\/\/www.eldiario.net\/portal\/wp-json\/wp\/v2\/media\/181473"}],"wp:attachment":[{"href":"https:\/\/www.eldiario.net\/portal\/wp-json\/wp\/v2\/media?parent=181472"}],"wp:term":[{"taxonomy":"category","embeddable":true,"href":"https:\/\/www.eldiario.net\/portal\/wp-json\/wp\/v2\/categories?post=181472"},{"taxonomy":"post_tag","embeddable":true,"href":"https:\/\/www.eldiario.net\/portal\/wp-json\/wp\/v2\/tags?post=181472"}],"curies":[{"name":"wp","href":"https:\/\/api.w.org\/{rel}","templated":true}]}}