{"id":181429,"date":"2023-10-11T06:49:17","date_gmt":"2023-10-11T10:49:17","guid":{"rendered":"https:\/\/www.eldiario.net\/portal\/?p=181429"},"modified":"2023-10-11T06:49:17","modified_gmt":"2023-10-11T10:49:17","slug":"reconocen-avances-en-leyes-pero-lamentan-que-solo-esten-en-papel","status":"publish","type":"post","link":"https:\/\/www.eldiario.net\/portal\/2023\/10\/11\/reconocen-avances-en-leyes-pero-lamentan-que-solo-esten-en-papel\/","title":{"rendered":"Reconocen avances en leyes, pero  lamentan que solo \u201cest\u00e9n en papel\u201d"},"content":{"rendered":"<p>La directora de la Coordinadora de la Mujer, Tania S\u00e1nchez, en relaci\u00f3n al progreso de la situaci\u00f3n de las f\u00e9minas en el pa\u00eds, asegur\u00f3 que hay mucho que celebrar por los avances en t\u00e9rminos normativos, sin embargo esas leyes \u201ctodav\u00eda est\u00e1n en papel, en ret\u00f3rica\u201d, por lo que pidi\u00f3 que se entregue recursos econ\u00f3micos para implementar esas pol\u00edticas. Por otro lado, el Ministerio de Trabajo determin\u00f3 asueto de mediod\u00eda para trabajadoras del pa\u00eds, en conmemoraci\u00f3n del D\u00eda de la Mujer Boliviana celebrado cada 11 de octubre.<br \/>\n\u201cEste D\u00eda Nacional de la Mujer tenemos mucho que celebrar, hay unos avances importantes en t\u00e9rminos normativos, de hecho somos, en la regi\u00f3n, uno de los pa\u00edses que ha avanzado much\u00edsimo desde lo que ha sido la Constituci\u00f3n y varias de las leyes, sin embargo, una cr\u00edtica que se hace es que esas leyes todav\u00eda est\u00e1n en papel, todav\u00eda en ret\u00f3rica en algunos casos\u201d, lament\u00f3 la ejecutiva.<br \/>\nAdem\u00e1s, falta fortalecer aspectos como el tema de la violencia hacia la mujer que contin\u00faa siendo el m\u00e1s \u00e1lgido y as\u00ed lo demuestran los datos que se registran en el pa\u00eds. Seg\u00fan S\u00e1nchez, a la fecha se denunciaron m\u00e1s de 60 feminicidios, cada d\u00eda se denuncia m\u00e1s de 30 de casos de violencia sexual y m\u00e1s de 104 de violencia en contra de las mujeres.<br \/>\nEsa situaci\u00f3n, acot\u00f3 que estar\u00eda vinculada, por ejemplo, a la discusi\u00f3n en torno al sistema de justicia, \u201cun sistema que pareciera que es m\u00e1s bien aliado de los perpetradores, de los que han ejercido un cierto tipo de violencia\u201d.<br \/>\nPor otro lado, aunque se abrieron espacios de oportunidad laboral para las f\u00e9minas, persiste la diferencia en cuanto a los cargos de decisi\u00f3n que ocupan.<br \/>\n\u201cSi bien hay cada vez m\u00e1s oportunidades en t\u00e9rminos laborales para mujeres, porque cada vez m\u00e1s nos estamos formando, s\u00ed se ve que estamos en menores cargos de representaci\u00f3n, de direcci\u00f3n\u201d, asegur\u00f3.<br \/>\nAsimismo, la directora explic\u00f3 que todav\u00eda, y a pesar de los esfuerzos que se han hecho, hay una brecha salarial laboral de alrededor de 26% como lo ha establecido el Instituto Nacional de Estad\u00edstica (INE) entre hombres y mujeres, \u201cporque esto tiene que ver tambi\u00e9n con las condiciones que desde la pol\u00edtica p\u00fablica se brinda, no existe esos temas de cuidado, de corresponsabilidad, en torno a las responsabilidades, incluso, del cuidado del hogar y de la reproducci\u00f3n de la vida\u201d.<br \/>\nS\u00e1nchez exigi\u00f3 que esta fecha no solo sea de recuerdos y promesas inconclusas, por el contrario, se aseguren recursos econ\u00f3micos para plasmar y concretizar pol\u00edticas p\u00fablicas.<br \/>\n\u201cEsperamos que este 11 de octubre, este a\u00f1o, efectivamente a las mujeres primero se nos regale tambi\u00e9n el hecho de que simplemente las normas que se le pongan recursos econ\u00f3micos a la implementaci\u00f3n de pol\u00edtica p\u00fablica y que otra vez no sea solamente que nos llenen de promesas\u201d, manifest\u00f3.<br \/>\nMEDIDA<br \/>\nPor el D\u00eda de la Mujer Boliviana, el Ministerio de Trabajo dispuso asueto de media jornada laboral para las trabajadoras del sector p\u00fablico y privado del pa\u00eds.<br \/>\n\u201cSe dispone de manera excepcional, asueto de media jornada laboral el d\u00eda martes 11 de octubre del presente a\u00f1o, para todas las mujeres que realizan funciones en el sector p\u00fablico y privado, a ser aplicado considerando el ingreso y salida\u201d, indica un comunicado ministerial.<\/p>\n","protected":false},"excerpt":{"rendered":"<p>La directora de la Coordinadora de la Mujer, Tania S\u00e1nchez, en relaci\u00f3n al progreso de la situaci\u00f3n de las f\u00e9minas en el pa\u00eds, asegur\u00f3 que hay mucho que celebrar por los avances en t\u00e9rminos normativos, sin embargo esas leyes \u201ctodav\u00eda est\u00e1n en papel, en ret\u00f3rica\u201d, por lo que pidi\u00f3 que se entregue recursos econ\u00f3micos para [&hellip;]<\/p>\n","protected":false},"author":1,"featured_media":181430,"comment_status":"closed","ping_status":"open","sticky":false,"template":"","format":"standard","meta":{"_acf_changed":false,"footnotes":""},"categories":[12],"tags":[],"class_list":["post-181429","post","type-post","status-publish","format-standard","has-post-thumbnail","category-nacional"],"acf":{"antetitulo":""},"yoast_head":"<!-- This site is optimized with the Yoast SEO plugin v28.4 - https:\/\/yoast.com\/product\/yoast-seo-wordpress\/ -->\n<title>Reconocen avances en leyes, pero lamentan que solo \u201cest\u00e9n en papel\u201d - El Diario - Bolivia<\/title>\n<meta name=\"robots\" content=\"index, follow, max-snippet:-1, max-image-preview:large, max-video-preview:-1\" \/>\n<link rel=\"canonical\" href=\"https:\/\/www.eldiario.net\/portal\/2023\/10\/11\/reconocen-avances-en-leyes-pero-lamentan-que-solo-esten-en-papel\/\" \/>\n<meta property=\"og:locale\" content=\"es_ES\" \/>\n<meta property=\"og:type\" content=\"article\" \/>\n<meta property=\"og:title\" content=\"Reconocen avances en leyes, pero lamentan que solo \u201cest\u00e9n en papel\u201d - El Diario - Bolivia\" \/>\n<meta property=\"og:description\" content=\"La directora de la Coordinadora de la Mujer, Tania S\u00e1nchez, en relaci\u00f3n al progreso de la situaci\u00f3n de las f\u00e9minas en el pa\u00eds, asegur\u00f3 que hay mucho que celebrar por los avances en t\u00e9rminos normativos, sin embargo esas leyes \u201ctodav\u00eda est\u00e1n en papel, en ret\u00f3rica\u201d, por lo que pidi\u00f3 que se entregue recursos econ\u00f3micos para [&hellip;]\" \/>\n<meta property=\"og:url\" content=\"https:\/\/www.eldiario.net\/portal\/2023\/10\/11\/reconocen-avances-en-leyes-pero-lamentan-que-solo-esten-en-papel\/\" \/>\n<meta property=\"og:site_name\" content=\"El Diario - Bolivia\" \/>\n<meta property=\"article:publisher\" content=\"https:\/\/www.facebook.com\/eldiario.bolivia\/\" \/>\n<meta property=\"article:published_time\" content=\"2023-10-11T10:49:17+00:00\" \/>\n<meta property=\"og:image\" content=\"https:\/\/www.eldiario.net\/portal\/wp-content\/uploads\/2023\/10\/F-1-Dia-mujer.jpg\" \/>\n\t<meta property=\"og:image:width\" content=\"700\" \/>\n\t<meta property=\"og:image:height\" content=\"365\" \/>\n\t<meta property=\"og:image:type\" content=\"image\/jpeg\" \/>\n<meta name=\"author\" content=\"Jeanette\" \/>\n<meta name=\"twitter:card\" content=\"summary_large_image\" \/>\n<meta name=\"twitter:creator\" content=\"@eldiario_net\" \/>\n<meta name=\"twitter:site\" content=\"@eldiario_net\" \/>\n<meta name=\"twitter:label1\" content=\"Escrito por\" \/>\n\t<meta name=\"twitter:data1\" content=\"Jeanette\" \/>\n\t<meta name=\"twitter:label2\" content=\"Tiempo de lectura\" \/>\n\t<meta name=\"twitter:data2\" content=\"3 minutos\" \/>\n<script type=\"application\/ld+json\" class=\"yoast-schema-graph\">{\"@context\":\"https:\\\/\\\/schema.org\",\"@graph\":[{\"@type\":\"Article\",\"@id\":\"https:\\\/\\\/www.eldiario.net\\\/portal\\\/2023\\\/10\\\/11\\\/reconocen-avances-en-leyes-pero-lamentan-que-solo-esten-en-papel\\\/#article\",\"isPartOf\":{\"@id\":\"https:\\\/\\\/www.eldiario.net\\\/portal\\\/2023\\\/10\\\/11\\\/reconocen-avances-en-leyes-pero-lamentan-que-solo-esten-en-papel\\\/\"},\"author\":{\"name\":\"Jeanette\",\"@id\":\"https:\\\/\\\/www.eldiario.net\\\/portal\\\/#\\\/schema\\\/person\\\/2c57cf2b7a7ae032e449e4c9b1019eac\"},\"headline\":\"Reconocen avances en leyes, pero lamentan que solo \u201cest\u00e9n en papel\u201d\",\"datePublished\":\"2023-10-11T10:49:17+00:00\",\"mainEntityOfPage\":{\"@id\":\"https:\\\/\\\/www.eldiario.net\\\/portal\\\/2023\\\/10\\\/11\\\/reconocen-avances-en-leyes-pero-lamentan-que-solo-esten-en-papel\\\/\"},\"wordCount\":615,\"publisher\":{\"@id\":\"https:\\\/\\\/www.eldiario.net\\\/portal\\\/#organization\"},\"image\":{\"@id\":\"https:\\\/\\\/www.eldiario.net\\\/portal\\\/2023\\\/10\\\/11\\\/reconocen-avances-en-leyes-pero-lamentan-que-solo-esten-en-papel\\\/#primaryimage\"},\"thumbnailUrl\":\"https:\\\/\\\/www.eldiario.net\\\/portal\\\/wp-content\\\/uploads\\\/2023\\\/10\\\/F-1-Dia-mujer.jpg\",\"articleSection\":[\"Nacional\"],\"inLanguage\":\"es\"},{\"@type\":\"WebPage\",\"@id\":\"https:\\\/\\\/www.eldiario.net\\\/portal\\\/2023\\\/10\\\/11\\\/reconocen-avances-en-leyes-pero-lamentan-que-solo-esten-en-papel\\\/\",\"url\":\"https:\\\/\\\/www.eldiario.net\\\/portal\\\/2023\\\/10\\\/11\\\/reconocen-avances-en-leyes-pero-lamentan-que-solo-esten-en-papel\\\/\",\"name\":\"Reconocen avances en leyes, pero lamentan que solo \u201cest\u00e9n en papel\u201d - El Diario - Bolivia\",\"isPartOf\":{\"@id\":\"https:\\\/\\\/www.eldiario.net\\\/portal\\\/#website\"},\"primaryImageOfPage\":{\"@id\":\"https:\\\/\\\/www.eldiario.net\\\/portal\\\/2023\\\/10\\\/11\\\/reconocen-avances-en-leyes-pero-lamentan-que-solo-esten-en-papel\\\/#primaryimage\"},\"image\":{\"@id\":\"https:\\\/\\\/www.eldiario.net\\\/portal\\\/2023\\\/10\\\/11\\\/reconocen-avances-en-leyes-pero-lamentan-que-solo-esten-en-papel\\\/#primaryimage\"},\"thumbnailUrl\":\"https:\\\/\\\/www.eldiario.net\\\/portal\\\/wp-content\\\/uploads\\\/2023\\\/10\\\/F-1-Dia-mujer.jpg\",\"datePublished\":\"2023-10-11T10:49:17+00:00\",\"breadcrumb\":{\"@id\":\"https:\\\/\\\/www.eldiario.net\\\/portal\\\/2023\\\/10\\\/11\\\/reconocen-avances-en-leyes-pero-lamentan-que-solo-esten-en-papel\\\/#breadcrumb\"},\"inLanguage\":\"es\",\"potentialAction\":[{\"@type\":\"ReadAction\",\"target\":[\"https:\\\/\\\/www.eldiario.net\\\/portal\\\/2023\\\/10\\\/11\\\/reconocen-avances-en-leyes-pero-lamentan-que-solo-esten-en-papel\\\/\"]}]},{\"@type\":\"ImageObject\",\"inLanguage\":\"es\",\"@id\":\"https:\\\/\\\/www.eldiario.net\\\/portal\\\/2023\\\/10\\\/11\\\/reconocen-avances-en-leyes-pero-lamentan-que-solo-esten-en-papel\\\/#primaryimage\",\"url\":\"https:\\\/\\\/www.eldiario.net\\\/portal\\\/wp-content\\\/uploads\\\/2023\\\/10\\\/F-1-Dia-mujer.jpg\",\"contentUrl\":\"https:\\\/\\\/www.eldiario.net\\\/portal\\\/wp-content\\\/uploads\\\/2023\\\/10\\\/F-1-Dia-mujer.jpg\",\"width\":700,\"height\":365,\"caption\":\"Esta fecha es celebrada en honor a la educadora y poetisa Adela Zamudio.\"},{\"@type\":\"BreadcrumbList\",\"@id\":\"https:\\\/\\\/www.eldiario.net\\\/portal\\\/2023\\\/10\\\/11\\\/reconocen-avances-en-leyes-pero-lamentan-que-solo-esten-en-papel\\\/#breadcrumb\",\"itemListElement\":[{\"@type\":\"ListItem\",\"position\":1,\"name\":\"Portada\",\"item\":\"https:\\\/\\\/www.eldiario.net\\\/portal\\\/\"},{\"@type\":\"ListItem\",\"position\":2,\"name\":\"Reconocen avances en leyes, pero lamentan que solo \u201cest\u00e9n en papel\u201d\"}]},{\"@type\":\"WebSite\",\"@id\":\"https:\\\/\\\/www.eldiario.net\\\/portal\\\/#website\",\"url\":\"https:\\\/\\\/www.eldiario.net\\\/portal\\\/\",\"name\":\"El Diario - Decano de la prensa nacional\",\"description\":\"El Diario - Decano de la prensa nacional\",\"publisher\":{\"@id\":\"https:\\\/\\\/www.eldiario.net\\\/portal\\\/#organization\"},\"potentialAction\":[{\"@type\":\"SearchAction\",\"target\":{\"@type\":\"EntryPoint\",\"urlTemplate\":\"https:\\\/\\\/www.eldiario.net\\\/portal\\\/?s={search_term_string}\"},\"query-input\":{\"@type\":\"PropertyValueSpecification\",\"valueRequired\":true,\"valueName\":\"search_term_string\"}}],\"inLanguage\":\"es\"},{\"@type\":\"Organization\",\"@id\":\"https:\\\/\\\/www.eldiario.net\\\/portal\\\/#organization\",\"name\":\"El Diario - Decano de la prensa nacional\",\"url\":\"https:\\\/\\\/www.eldiario.net\\\/portal\\\/\",\"logo\":{\"@type\":\"ImageObject\",\"inLanguage\":\"es\",\"@id\":\"https:\\\/\\\/www.eldiario.net\\\/portal\\\/#\\\/schema\\\/logo\\\/image\\\/\",\"url\":\"https:\\\/\\\/www.eldiario.net\\\/portal\\\/wp-content\\\/uploads\\\/2023\\\/07\\\/logo_ED.jpg\",\"contentUrl\":\"https:\\\/\\\/www.eldiario.net\\\/portal\\\/wp-content\\\/uploads\\\/2023\\\/07\\\/logo_ED.jpg\",\"width\":272,\"height\":52,\"caption\":\"El Diario - Decano de la prensa nacional\"},\"image\":{\"@id\":\"https:\\\/\\\/www.eldiario.net\\\/portal\\\/#\\\/schema\\\/logo\\\/image\\\/\"},\"sameAs\":[\"https:\\\/\\\/www.facebook.com\\\/eldiario.bolivia\\\/\",\"https:\\\/\\\/x.com\\\/eldiario_net\"]},{\"@type\":\"Person\",\"@id\":\"https:\\\/\\\/www.eldiario.net\\\/portal\\\/#\\\/schema\\\/person\\\/2c57cf2b7a7ae032e449e4c9b1019eac\",\"name\":\"Jeanette\",\"image\":{\"@type\":\"ImageObject\",\"inLanguage\":\"es\",\"@id\":\"https:\\\/\\\/secure.gravatar.com\\\/avatar\\\/3ea2118a5f7dad2b7138b1187a6b7ee55f160b9968b66013c3a3ef39dd7e5798?s=96&d=mm&r=g\",\"url\":\"https:\\\/\\\/secure.gravatar.com\\\/avatar\\\/3ea2118a5f7dad2b7138b1187a6b7ee55f160b9968b66013c3a3ef39dd7e5798?s=96&d=mm&r=g\",\"contentUrl\":\"https:\\\/\\\/secure.gravatar.com\\\/avatar\\\/3ea2118a5f7dad2b7138b1187a6b7ee55f160b9968b66013c3a3ef39dd7e5798?s=96&d=mm&r=g\",\"caption\":\"Jeanette\"},\"sameAs\":[\"https:\\\/\\\/www.eldiario.net\\\/portal\"],\"url\":\"https:\\\/\\\/www.eldiario.net\\\/portal\\\/author\\\/jeanette\\\/\"}]}<\/script>\n<!-- \/ Yoast SEO plugin. -->","yoast_head_json":{"title":"Reconocen avances en leyes, pero lamentan que solo \u201cest\u00e9n en papel\u201d - El Diario - Bolivia","robots":{"index":"index","follow":"follow","max-snippet":"max-snippet:-1","max-image-preview":"max-image-preview:large","max-video-preview":"max-video-preview:-1"},"canonical":"https:\/\/www.eldiario.net\/portal\/2023\/10\/11\/reconocen-avances-en-leyes-pero-lamentan-que-solo-esten-en-papel\/","og_locale":"es_ES","og_type":"article","og_title":"Reconocen avances en leyes, pero lamentan que solo \u201cest\u00e9n en papel\u201d - El Diario - Bolivia","og_description":"La directora de la Coordinadora de la Mujer, Tania S\u00e1nchez, en relaci\u00f3n al progreso de la situaci\u00f3n de las f\u00e9minas en el pa\u00eds, asegur\u00f3 que hay mucho que celebrar por los avances en t\u00e9rminos normativos, sin embargo esas leyes \u201ctodav\u00eda est\u00e1n en papel, en ret\u00f3rica\u201d, por lo que pidi\u00f3 que se entregue recursos econ\u00f3micos para [&hellip;]","og_url":"https:\/\/www.eldiario.net\/portal\/2023\/10\/11\/reconocen-avances-en-leyes-pero-lamentan-que-solo-esten-en-papel\/","og_site_name":"El Diario - Bolivia","article_publisher":"https:\/\/www.facebook.com\/eldiario.bolivia\/","article_published_time":"2023-10-11T10:49:17+00:00","og_image":[{"width":700,"height":365,"url":"https:\/\/www.eldiario.net\/portal\/wp-content\/uploads\/2023\/10\/F-1-Dia-mujer.jpg","type":"image\/jpeg"}],"author":"Jeanette","twitter_card":"summary_large_image","twitter_creator":"@eldiario_net","twitter_site":"@eldiario_net","twitter_misc":{"Escrito por":"Jeanette","Tiempo de lectura":"3 minutos"},"schema":{"@context":"https:\/\/schema.org","@graph":[{"@type":"Article","@id":"https:\/\/www.eldiario.net\/portal\/2023\/10\/11\/reconocen-avances-en-leyes-pero-lamentan-que-solo-esten-en-papel\/#article","isPartOf":{"@id":"https:\/\/www.eldiario.net\/portal\/2023\/10\/11\/reconocen-avances-en-leyes-pero-lamentan-que-solo-esten-en-papel\/"},"author":{"name":"Jeanette","@id":"https:\/\/www.eldiario.net\/portal\/#\/schema\/person\/2c57cf2b7a7ae032e449e4c9b1019eac"},"headline":"Reconocen avances en leyes, pero lamentan que solo \u201cest\u00e9n en papel\u201d","datePublished":"2023-10-11T10:49:17+00:00","mainEntityOfPage":{"@id":"https:\/\/www.eldiario.net\/portal\/2023\/10\/11\/reconocen-avances-en-leyes-pero-lamentan-que-solo-esten-en-papel\/"},"wordCount":615,"publisher":{"@id":"https:\/\/www.eldiario.net\/portal\/#organization"},"image":{"@id":"https:\/\/www.eldiario.net\/portal\/2023\/10\/11\/reconocen-avances-en-leyes-pero-lamentan-que-solo-esten-en-papel\/#primaryimage"},"thumbnailUrl":"https:\/\/www.eldiario.net\/portal\/wp-content\/uploads\/2023\/10\/F-1-Dia-mujer.jpg","articleSection":["Nacional"],"inLanguage":"es"},{"@type":"WebPage","@id":"https:\/\/www.eldiario.net\/portal\/2023\/10\/11\/reconocen-avances-en-leyes-pero-lamentan-que-solo-esten-en-papel\/","url":"https:\/\/www.eldiario.net\/portal\/2023\/10\/11\/reconocen-avances-en-leyes-pero-lamentan-que-solo-esten-en-papel\/","name":"Reconocen avances en leyes, pero lamentan que solo \u201cest\u00e9n en papel\u201d - El Diario - Bolivia","isPartOf":{"@id":"https:\/\/www.eldiario.net\/portal\/#website"},"primaryImageOfPage":{"@id":"https:\/\/www.eldiario.net\/portal\/2023\/10\/11\/reconocen-avances-en-leyes-pero-lamentan-que-solo-esten-en-papel\/#primaryimage"},"image":{"@id":"https:\/\/www.eldiario.net\/portal\/2023\/10\/11\/reconocen-avances-en-leyes-pero-lamentan-que-solo-esten-en-papel\/#primaryimage"},"thumbnailUrl":"https:\/\/www.eldiario.net\/portal\/wp-content\/uploads\/2023\/10\/F-1-Dia-mujer.jpg","datePublished":"2023-10-11T10:49:17+00:00","breadcrumb":{"@id":"https:\/\/www.eldiario.net\/portal\/2023\/10\/11\/reconocen-avances-en-leyes-pero-lamentan-que-solo-esten-en-papel\/#breadcrumb"},"inLanguage":"es","potentialAction":[{"@type":"ReadAction","target":["https:\/\/www.eldiario.net\/portal\/2023\/10\/11\/reconocen-avances-en-leyes-pero-lamentan-que-solo-esten-en-papel\/"]}]},{"@type":"ImageObject","inLanguage":"es","@id":"https:\/\/www.eldiario.net\/portal\/2023\/10\/11\/reconocen-avances-en-leyes-pero-lamentan-que-solo-esten-en-papel\/#primaryimage","url":"https:\/\/www.eldiario.net\/portal\/wp-content\/uploads\/2023\/10\/F-1-Dia-mujer.jpg","contentUrl":"https:\/\/www.eldiario.net\/portal\/wp-content\/uploads\/2023\/10\/F-1-Dia-mujer.jpg","width":700,"height":365,"caption":"Esta fecha es celebrada en honor a la educadora y poetisa Adela Zamudio."},{"@type":"BreadcrumbList","@id":"https:\/\/www.eldiario.net\/portal\/2023\/10\/11\/reconocen-avances-en-leyes-pero-lamentan-que-solo-esten-en-papel\/#breadcrumb","itemListElement":[{"@type":"ListItem","position":1,"name":"Portada","item":"https:\/\/www.eldiario.net\/portal\/"},{"@type":"ListItem","position":2,"name":"Reconocen avances en leyes, pero lamentan que solo \u201cest\u00e9n en papel\u201d"}]},{"@type":"WebSite","@id":"https:\/\/www.eldiario.net\/portal\/#website","url":"https:\/\/www.eldiario.net\/portal\/","name":"El Diario - Decano de la prensa nacional","description":"El Diario - Decano de la prensa nacional","publisher":{"@id":"https:\/\/www.eldiario.net\/portal\/#organization"},"potentialAction":[{"@type":"SearchAction","target":{"@type":"EntryPoint","urlTemplate":"https:\/\/www.eldiario.net\/portal\/?s={search_term_string}"},"query-input":{"@type":"PropertyValueSpecification","valueRequired":true,"valueName":"search_term_string"}}],"inLanguage":"es"},{"@type":"Organization","@id":"https:\/\/www.eldiario.net\/portal\/#organization","name":"El Diario - Decano de la prensa nacional","url":"https:\/\/www.eldiario.net\/portal\/","logo":{"@type":"ImageObject","inLanguage":"es","@id":"https:\/\/www.eldiario.net\/portal\/#\/schema\/logo\/image\/","url":"https:\/\/www.eldiario.net\/portal\/wp-content\/uploads\/2023\/07\/logo_ED.jpg","contentUrl":"https:\/\/www.eldiario.net\/portal\/wp-content\/uploads\/2023\/07\/logo_ED.jpg","width":272,"height":52,"caption":"El Diario - Decano de la prensa nacional"},"image":{"@id":"https:\/\/www.eldiario.net\/portal\/#\/schema\/logo\/image\/"},"sameAs":["https:\/\/www.facebook.com\/eldiario.bolivia\/","https:\/\/x.com\/eldiario_net"]},{"@type":"Person","@id":"https:\/\/www.eldiario.net\/portal\/#\/schema\/person\/2c57cf2b7a7ae032e449e4c9b1019eac","name":"Jeanette","image":{"@type":"ImageObject","inLanguage":"es","@id":"https:\/\/secure.gravatar.com\/avatar\/3ea2118a5f7dad2b7138b1187a6b7ee55f160b9968b66013c3a3ef39dd7e5798?s=96&d=mm&r=g","url":"https:\/\/secure.gravatar.com\/avatar\/3ea2118a5f7dad2b7138b1187a6b7ee55f160b9968b66013c3a3ef39dd7e5798?s=96&d=mm&r=g","contentUrl":"https:\/\/secure.gravatar.com\/avatar\/3ea2118a5f7dad2b7138b1187a6b7ee55f160b9968b66013c3a3ef39dd7e5798?s=96&d=mm&r=g","caption":"Jeanette"},"sameAs":["https:\/\/www.eldiario.net\/portal"],"url":"https:\/\/www.eldiario.net\/portal\/author\/jeanette\/"}]}},"_links":{"self":[{"href":"https:\/\/www.eldiario.net\/portal\/wp-json\/wp\/v2\/posts\/181429","targetHints":{"allow":["GET"]}}],"collection":[{"href":"https:\/\/www.eldiario.net\/portal\/wp-json\/wp\/v2\/posts"}],"about":[{"href":"https:\/\/www.eldiario.net\/portal\/wp-json\/wp\/v2\/types\/post"}],"author":[{"embeddable":true,"href":"https:\/\/www.eldiario.net\/portal\/wp-json\/wp\/v2\/users\/1"}],"replies":[{"embeddable":true,"href":"https:\/\/www.eldiario.net\/portal\/wp-json\/wp\/v2\/comments?post=181429"}],"version-history":[{"count":0,"href":"https:\/\/www.eldiario.net\/portal\/wp-json\/wp\/v2\/posts\/181429\/revisions"}],"wp:featuredmedia":[{"embeddable":true,"href":"https:\/\/www.eldiario.net\/portal\/wp-json\/wp\/v2\/media\/181430"}],"wp:attachment":[{"href":"https:\/\/www.eldiario.net\/portal\/wp-json\/wp\/v2\/media?parent=181429"}],"wp:term":[{"taxonomy":"category","embeddable":true,"href":"https:\/\/www.eldiario.net\/portal\/wp-json\/wp\/v2\/categories?post=181429"},{"taxonomy":"post_tag","embeddable":true,"href":"https:\/\/www.eldiario.net\/portal\/wp-json\/wp\/v2\/tags?post=181429"}],"curies":[{"name":"wp","href":"https:\/\/api.w.org\/{rel}","templated":true}]}}