{"id":181427,"date":"2023-10-11T06:48:23","date_gmt":"2023-10-11T10:48:23","guid":{"rendered":"https:\/\/www.eldiario.net\/portal\/?p=181427"},"modified":"2023-10-11T06:48:23","modified_gmt":"2023-10-11T10:48:23","slug":"32-familias-quedaron-afectadas-por-desborde-de-rio-en-zongo","status":"publish","type":"post","link":"https:\/\/www.eldiario.net\/portal\/2023\/10\/11\/32-familias-quedaron-afectadas-por-desborde-de-rio-en-zongo\/","title":{"rendered":"32 familias quedaron afectadas por desborde de r\u00edo en Zongo"},"content":{"rendered":"<p>M\u00e1s de una treintena de familias de la comunidad Buenos Aires de Zongo Tr\u00f3pico fueron afectadas por el desborde del r\u00edo Coroico, que adem\u00e1s se llev\u00f3 enseres, destruy\u00f3 dos viviendas y da\u00f1\u00f3 el veh\u00edculo de transporte escolar. La comuna pace\u00f1a envi\u00f3 alimentos y ropa, adem\u00e1s se trabaja en labores preventivas como la construcci\u00f3n de gaviones de muros de contenci\u00f3n y se solicita donaciones a la poblaci\u00f3n.<br \/>\n\u201cM\u00e1s de 30 familias han sido afectadas por el desborde del r\u00edo Coroico, \u00e9ste lleg\u00f3 a las viviendas que se encuentran al borde del r\u00edo. La greda, el lodo, lleg\u00f3 a medir hasta 1,80 de altura. Entonces, afect\u00f3 viviendas y todo lo que estaba a su paso: ropa, frazadas, v\u00edveres, material escolar, incluso el bus de la escuela y dos viviendas quedaron destruidas\u201d, inform\u00f3 el subalcalde de Zongo, Carlos Mollinedo.<br \/>\nAnte este hecho, la comuna pace\u00f1a envi\u00f3 colchones, ropa, vituallas, arroz, fideo, sardina, agua, az\u00facar, papel higi\u00e9nico, pero a\u00fan se necesita colaboraci\u00f3n de la poblaci\u00f3n que puede hacer donativos de botellas de agua y v\u00edveres, entre otros.<br \/>\nMollinedo explic\u00f3 que la crecida del r\u00edo Coroico afect\u00f3 a la comunidad Buenos Aires, despu\u00e9s de los trabajos que realiz\u00f3 la cooperativa minera del mismo nombre durante el retiro de material del r\u00edo y la construcci\u00f3n de plataformas de tierra que partieron el cauce natural. \u201cEsto cre\u00f3 un cuello de botella que al cortar el ancho del mismo, las aguas que siguen su curso se acumularon siendo uno de los posibles factores para la inundaci\u00f3n\u201d, indic\u00f3.<\/p>\n","protected":false},"excerpt":{"rendered":"<p>M\u00e1s de una treintena de familias de la comunidad Buenos Aires de Zongo Tr\u00f3pico fueron afectadas por el desborde del r\u00edo Coroico, que adem\u00e1s se llev\u00f3 enseres, destruy\u00f3 dos viviendas y da\u00f1\u00f3 el veh\u00edculo de transporte escolar. La comuna pace\u00f1a envi\u00f3 alimentos y ropa, adem\u00e1s se trabaja en labores preventivas como la construcci\u00f3n de gaviones [&hellip;]<\/p>\n","protected":false},"author":1,"featured_media":0,"comment_status":"closed","ping_status":"open","sticky":false,"template":"","format":"standard","meta":{"_acf_changed":false,"footnotes":""},"categories":[12],"tags":[],"class_list":["post-181427","post","type-post","status-publish","format-standard","category-nacional"],"acf":{"antetitulo":""},"yoast_head":"<!-- This site is optimized with the Yoast SEO plugin v28.4 - https:\/\/yoast.com\/product\/yoast-seo-wordpress\/ -->\n<title>32 familias quedaron afectadas por desborde de r\u00edo en Zongo - El Diario - Bolivia<\/title>\n<meta name=\"robots\" content=\"index, follow, max-snippet:-1, max-image-preview:large, max-video-preview:-1\" \/>\n<link rel=\"canonical\" href=\"https:\/\/www.eldiario.net\/portal\/2023\/10\/11\/32-familias-quedaron-afectadas-por-desborde-de-rio-en-zongo\/\" \/>\n<meta property=\"og:locale\" content=\"es_ES\" \/>\n<meta property=\"og:type\" content=\"article\" \/>\n<meta property=\"og:title\" content=\"32 familias quedaron afectadas por desborde de r\u00edo en Zongo - El Diario - Bolivia\" \/>\n<meta property=\"og:description\" content=\"M\u00e1s de una treintena de familias de la comunidad Buenos Aires de Zongo Tr\u00f3pico fueron afectadas por el desborde del r\u00edo Coroico, que adem\u00e1s se llev\u00f3 enseres, destruy\u00f3 dos viviendas y da\u00f1\u00f3 el veh\u00edculo de transporte escolar. La comuna pace\u00f1a envi\u00f3 alimentos y ropa, adem\u00e1s se trabaja en labores preventivas como la construcci\u00f3n de gaviones [&hellip;]\" \/>\n<meta property=\"og:url\" content=\"https:\/\/www.eldiario.net\/portal\/2023\/10\/11\/32-familias-quedaron-afectadas-por-desborde-de-rio-en-zongo\/\" \/>\n<meta property=\"og:site_name\" content=\"El Diario - Bolivia\" \/>\n<meta property=\"article:publisher\" content=\"https:\/\/www.facebook.com\/eldiario.bolivia\/\" \/>\n<meta property=\"article:published_time\" content=\"2023-10-11T10:48:23+00:00\" \/>\n<meta name=\"author\" content=\"Jeanette\" \/>\n<meta name=\"twitter:card\" content=\"summary_large_image\" \/>\n<meta name=\"twitter:creator\" content=\"@eldiario_net\" \/>\n<meta name=\"twitter:site\" content=\"@eldiario_net\" \/>\n<meta name=\"twitter:label1\" content=\"Escrito por\" \/>\n\t<meta name=\"twitter:data1\" content=\"Jeanette\" \/>\n\t<meta name=\"twitter:label2\" content=\"Tiempo de lectura\" \/>\n\t<meta name=\"twitter:data2\" content=\"2 minutos\" \/>\n<script type=\"application\/ld+json\" class=\"yoast-schema-graph\">{\"@context\":\"https:\\\/\\\/schema.org\",\"@graph\":[{\"@type\":\"Article\",\"@id\":\"https:\\\/\\\/www.eldiario.net\\\/portal\\\/2023\\\/10\\\/11\\\/32-familias-quedaron-afectadas-por-desborde-de-rio-en-zongo\\\/#article\",\"isPartOf\":{\"@id\":\"https:\\\/\\\/www.eldiario.net\\\/portal\\\/2023\\\/10\\\/11\\\/32-familias-quedaron-afectadas-por-desborde-de-rio-en-zongo\\\/\"},\"author\":{\"name\":\"Jeanette\",\"@id\":\"https:\\\/\\\/www.eldiario.net\\\/portal\\\/#\\\/schema\\\/person\\\/2c57cf2b7a7ae032e449e4c9b1019eac\"},\"headline\":\"32 familias quedaron afectadas por desborde de r\u00edo en Zongo\",\"datePublished\":\"2023-10-11T10:48:23+00:00\",\"mainEntityOfPage\":{\"@id\":\"https:\\\/\\\/www.eldiario.net\\\/portal\\\/2023\\\/10\\\/11\\\/32-familias-quedaron-afectadas-por-desborde-de-rio-en-zongo\\\/\"},\"wordCount\":283,\"publisher\":{\"@id\":\"https:\\\/\\\/www.eldiario.net\\\/portal\\\/#organization\"},\"articleSection\":[\"Nacional\"],\"inLanguage\":\"es\"},{\"@type\":\"WebPage\",\"@id\":\"https:\\\/\\\/www.eldiario.net\\\/portal\\\/2023\\\/10\\\/11\\\/32-familias-quedaron-afectadas-por-desborde-de-rio-en-zongo\\\/\",\"url\":\"https:\\\/\\\/www.eldiario.net\\\/portal\\\/2023\\\/10\\\/11\\\/32-familias-quedaron-afectadas-por-desborde-de-rio-en-zongo\\\/\",\"name\":\"32 familias quedaron afectadas por desborde de r\u00edo en Zongo - El Diario - Bolivia\",\"isPartOf\":{\"@id\":\"https:\\\/\\\/www.eldiario.net\\\/portal\\\/#website\"},\"datePublished\":\"2023-10-11T10:48:23+00:00\",\"breadcrumb\":{\"@id\":\"https:\\\/\\\/www.eldiario.net\\\/portal\\\/2023\\\/10\\\/11\\\/32-familias-quedaron-afectadas-por-desborde-de-rio-en-zongo\\\/#breadcrumb\"},\"inLanguage\":\"es\",\"potentialAction\":[{\"@type\":\"ReadAction\",\"target\":[\"https:\\\/\\\/www.eldiario.net\\\/portal\\\/2023\\\/10\\\/11\\\/32-familias-quedaron-afectadas-por-desborde-de-rio-en-zongo\\\/\"]}]},{\"@type\":\"BreadcrumbList\",\"@id\":\"https:\\\/\\\/www.eldiario.net\\\/portal\\\/2023\\\/10\\\/11\\\/32-familias-quedaron-afectadas-por-desborde-de-rio-en-zongo\\\/#breadcrumb\",\"itemListElement\":[{\"@type\":\"ListItem\",\"position\":1,\"name\":\"Portada\",\"item\":\"https:\\\/\\\/www.eldiario.net\\\/portal\\\/\"},{\"@type\":\"ListItem\",\"position\":2,\"name\":\"32 familias quedaron afectadas por desborde de r\u00edo en Zongo\"}]},{\"@type\":\"WebSite\",\"@id\":\"https:\\\/\\\/www.eldiario.net\\\/portal\\\/#website\",\"url\":\"https:\\\/\\\/www.eldiario.net\\\/portal\\\/\",\"name\":\"El Diario - Decano de la prensa nacional\",\"description\":\"El Diario - Decano de la prensa nacional\",\"publisher\":{\"@id\":\"https:\\\/\\\/www.eldiario.net\\\/portal\\\/#organization\"},\"potentialAction\":[{\"@type\":\"SearchAction\",\"target\":{\"@type\":\"EntryPoint\",\"urlTemplate\":\"https:\\\/\\\/www.eldiario.net\\\/portal\\\/?s={search_term_string}\"},\"query-input\":{\"@type\":\"PropertyValueSpecification\",\"valueRequired\":true,\"valueName\":\"search_term_string\"}}],\"inLanguage\":\"es\"},{\"@type\":\"Organization\",\"@id\":\"https:\\\/\\\/www.eldiario.net\\\/portal\\\/#organization\",\"name\":\"El Diario - Decano de la prensa nacional\",\"url\":\"https:\\\/\\\/www.eldiario.net\\\/portal\\\/\",\"logo\":{\"@type\":\"ImageObject\",\"inLanguage\":\"es\",\"@id\":\"https:\\\/\\\/www.eldiario.net\\\/portal\\\/#\\\/schema\\\/logo\\\/image\\\/\",\"url\":\"https:\\\/\\\/www.eldiario.net\\\/portal\\\/wp-content\\\/uploads\\\/2023\\\/07\\\/logo_ED.jpg\",\"contentUrl\":\"https:\\\/\\\/www.eldiario.net\\\/portal\\\/wp-content\\\/uploads\\\/2023\\\/07\\\/logo_ED.jpg\",\"width\":272,\"height\":52,\"caption\":\"El Diario - Decano de la prensa nacional\"},\"image\":{\"@id\":\"https:\\\/\\\/www.eldiario.net\\\/portal\\\/#\\\/schema\\\/logo\\\/image\\\/\"},\"sameAs\":[\"https:\\\/\\\/www.facebook.com\\\/eldiario.bolivia\\\/\",\"https:\\\/\\\/x.com\\\/eldiario_net\"]},{\"@type\":\"Person\",\"@id\":\"https:\\\/\\\/www.eldiario.net\\\/portal\\\/#\\\/schema\\\/person\\\/2c57cf2b7a7ae032e449e4c9b1019eac\",\"name\":\"Jeanette\",\"image\":{\"@type\":\"ImageObject\",\"inLanguage\":\"es\",\"@id\":\"https:\\\/\\\/secure.gravatar.com\\\/avatar\\\/3ea2118a5f7dad2b7138b1187a6b7ee55f160b9968b66013c3a3ef39dd7e5798?s=96&d=mm&r=g\",\"url\":\"https:\\\/\\\/secure.gravatar.com\\\/avatar\\\/3ea2118a5f7dad2b7138b1187a6b7ee55f160b9968b66013c3a3ef39dd7e5798?s=96&d=mm&r=g\",\"contentUrl\":\"https:\\\/\\\/secure.gravatar.com\\\/avatar\\\/3ea2118a5f7dad2b7138b1187a6b7ee55f160b9968b66013c3a3ef39dd7e5798?s=96&d=mm&r=g\",\"caption\":\"Jeanette\"},\"sameAs\":[\"https:\\\/\\\/www.eldiario.net\\\/portal\"],\"url\":\"https:\\\/\\\/www.eldiario.net\\\/portal\\\/author\\\/jeanette\\\/\"}]}<\/script>\n<!-- \/ Yoast SEO plugin. -->","yoast_head_json":{"title":"32 familias quedaron afectadas por desborde de r\u00edo en Zongo - El Diario - Bolivia","robots":{"index":"index","follow":"follow","max-snippet":"max-snippet:-1","max-image-preview":"max-image-preview:large","max-video-preview":"max-video-preview:-1"},"canonical":"https:\/\/www.eldiario.net\/portal\/2023\/10\/11\/32-familias-quedaron-afectadas-por-desborde-de-rio-en-zongo\/","og_locale":"es_ES","og_type":"article","og_title":"32 familias quedaron afectadas por desborde de r\u00edo en Zongo - El Diario - Bolivia","og_description":"M\u00e1s de una treintena de familias de la comunidad Buenos Aires de Zongo Tr\u00f3pico fueron afectadas por el desborde del r\u00edo Coroico, que adem\u00e1s se llev\u00f3 enseres, destruy\u00f3 dos viviendas y da\u00f1\u00f3 el veh\u00edculo de transporte escolar. La comuna pace\u00f1a envi\u00f3 alimentos y ropa, adem\u00e1s se trabaja en labores preventivas como la construcci\u00f3n de gaviones [&hellip;]","og_url":"https:\/\/www.eldiario.net\/portal\/2023\/10\/11\/32-familias-quedaron-afectadas-por-desborde-de-rio-en-zongo\/","og_site_name":"El Diario - Bolivia","article_publisher":"https:\/\/www.facebook.com\/eldiario.bolivia\/","article_published_time":"2023-10-11T10:48:23+00:00","author":"Jeanette","twitter_card":"summary_large_image","twitter_creator":"@eldiario_net","twitter_site":"@eldiario_net","twitter_misc":{"Escrito por":"Jeanette","Tiempo de lectura":"2 minutos"},"schema":{"@context":"https:\/\/schema.org","@graph":[{"@type":"Article","@id":"https:\/\/www.eldiario.net\/portal\/2023\/10\/11\/32-familias-quedaron-afectadas-por-desborde-de-rio-en-zongo\/#article","isPartOf":{"@id":"https:\/\/www.eldiario.net\/portal\/2023\/10\/11\/32-familias-quedaron-afectadas-por-desborde-de-rio-en-zongo\/"},"author":{"name":"Jeanette","@id":"https:\/\/www.eldiario.net\/portal\/#\/schema\/person\/2c57cf2b7a7ae032e449e4c9b1019eac"},"headline":"32 familias quedaron afectadas por desborde de r\u00edo en Zongo","datePublished":"2023-10-11T10:48:23+00:00","mainEntityOfPage":{"@id":"https:\/\/www.eldiario.net\/portal\/2023\/10\/11\/32-familias-quedaron-afectadas-por-desborde-de-rio-en-zongo\/"},"wordCount":283,"publisher":{"@id":"https:\/\/www.eldiario.net\/portal\/#organization"},"articleSection":["Nacional"],"inLanguage":"es"},{"@type":"WebPage","@id":"https:\/\/www.eldiario.net\/portal\/2023\/10\/11\/32-familias-quedaron-afectadas-por-desborde-de-rio-en-zongo\/","url":"https:\/\/www.eldiario.net\/portal\/2023\/10\/11\/32-familias-quedaron-afectadas-por-desborde-de-rio-en-zongo\/","name":"32 familias quedaron afectadas por desborde de r\u00edo en Zongo - El Diario - Bolivia","isPartOf":{"@id":"https:\/\/www.eldiario.net\/portal\/#website"},"datePublished":"2023-10-11T10:48:23+00:00","breadcrumb":{"@id":"https:\/\/www.eldiario.net\/portal\/2023\/10\/11\/32-familias-quedaron-afectadas-por-desborde-de-rio-en-zongo\/#breadcrumb"},"inLanguage":"es","potentialAction":[{"@type":"ReadAction","target":["https:\/\/www.eldiario.net\/portal\/2023\/10\/11\/32-familias-quedaron-afectadas-por-desborde-de-rio-en-zongo\/"]}]},{"@type":"BreadcrumbList","@id":"https:\/\/www.eldiario.net\/portal\/2023\/10\/11\/32-familias-quedaron-afectadas-por-desborde-de-rio-en-zongo\/#breadcrumb","itemListElement":[{"@type":"ListItem","position":1,"name":"Portada","item":"https:\/\/www.eldiario.net\/portal\/"},{"@type":"ListItem","position":2,"name":"32 familias quedaron afectadas por desborde de r\u00edo en Zongo"}]},{"@type":"WebSite","@id":"https:\/\/www.eldiario.net\/portal\/#website","url":"https:\/\/www.eldiario.net\/portal\/","name":"El Diario - Decano de la prensa nacional","description":"El Diario - Decano de la prensa nacional","publisher":{"@id":"https:\/\/www.eldiario.net\/portal\/#organization"},"potentialAction":[{"@type":"SearchAction","target":{"@type":"EntryPoint","urlTemplate":"https:\/\/www.eldiario.net\/portal\/?s={search_term_string}"},"query-input":{"@type":"PropertyValueSpecification","valueRequired":true,"valueName":"search_term_string"}}],"inLanguage":"es"},{"@type":"Organization","@id":"https:\/\/www.eldiario.net\/portal\/#organization","name":"El Diario - Decano de la prensa nacional","url":"https:\/\/www.eldiario.net\/portal\/","logo":{"@type":"ImageObject","inLanguage":"es","@id":"https:\/\/www.eldiario.net\/portal\/#\/schema\/logo\/image\/","url":"https:\/\/www.eldiario.net\/portal\/wp-content\/uploads\/2023\/07\/logo_ED.jpg","contentUrl":"https:\/\/www.eldiario.net\/portal\/wp-content\/uploads\/2023\/07\/logo_ED.jpg","width":272,"height":52,"caption":"El Diario - Decano de la prensa nacional"},"image":{"@id":"https:\/\/www.eldiario.net\/portal\/#\/schema\/logo\/image\/"},"sameAs":["https:\/\/www.facebook.com\/eldiario.bolivia\/","https:\/\/x.com\/eldiario_net"]},{"@type":"Person","@id":"https:\/\/www.eldiario.net\/portal\/#\/schema\/person\/2c57cf2b7a7ae032e449e4c9b1019eac","name":"Jeanette","image":{"@type":"ImageObject","inLanguage":"es","@id":"https:\/\/secure.gravatar.com\/avatar\/3ea2118a5f7dad2b7138b1187a6b7ee55f160b9968b66013c3a3ef39dd7e5798?s=96&d=mm&r=g","url":"https:\/\/secure.gravatar.com\/avatar\/3ea2118a5f7dad2b7138b1187a6b7ee55f160b9968b66013c3a3ef39dd7e5798?s=96&d=mm&r=g","contentUrl":"https:\/\/secure.gravatar.com\/avatar\/3ea2118a5f7dad2b7138b1187a6b7ee55f160b9968b66013c3a3ef39dd7e5798?s=96&d=mm&r=g","caption":"Jeanette"},"sameAs":["https:\/\/www.eldiario.net\/portal"],"url":"https:\/\/www.eldiario.net\/portal\/author\/jeanette\/"}]}},"_links":{"self":[{"href":"https:\/\/www.eldiario.net\/portal\/wp-json\/wp\/v2\/posts\/181427","targetHints":{"allow":["GET"]}}],"collection":[{"href":"https:\/\/www.eldiario.net\/portal\/wp-json\/wp\/v2\/posts"}],"about":[{"href":"https:\/\/www.eldiario.net\/portal\/wp-json\/wp\/v2\/types\/post"}],"author":[{"embeddable":true,"href":"https:\/\/www.eldiario.net\/portal\/wp-json\/wp\/v2\/users\/1"}],"replies":[{"embeddable":true,"href":"https:\/\/www.eldiario.net\/portal\/wp-json\/wp\/v2\/comments?post=181427"}],"version-history":[{"count":0,"href":"https:\/\/www.eldiario.net\/portal\/wp-json\/wp\/v2\/posts\/181427\/revisions"}],"wp:attachment":[{"href":"https:\/\/www.eldiario.net\/portal\/wp-json\/wp\/v2\/media?parent=181427"}],"wp:term":[{"taxonomy":"category","embeddable":true,"href":"https:\/\/www.eldiario.net\/portal\/wp-json\/wp\/v2\/categories?post=181427"},{"taxonomy":"post_tag","embeddable":true,"href":"https:\/\/www.eldiario.net\/portal\/wp-json\/wp\/v2\/tags?post=181427"}],"curies":[{"name":"wp","href":"https:\/\/api.w.org\/{rel}","templated":true}]}}